{"id":112790,"date":"2023-09-24T01:09:28","date_gmt":"2023-09-24T04:09:28","guid":{"rendered":"https:\/\/infoecos.com.ar\/?p=112790"},"modified":"2023-09-26T04:21:22","modified_gmt":"2023-09-26T07:21:22","slug":"la-reinauguracion-del-parque-municipal-de-trenque-lauquen-con-gran-apoyo-popular","status":"publish","type":"post","link":"https:\/\/infoecos.com.ar\/index.php\/la-reinauguracion-del-parque-municipal-de-trenque-lauquen-con-gran-apoyo-popular\/","title":{"rendered":"Se calcula en m\u00e1s de 10 mil personas las asistentes a la hist\u00f3rica reinauguraci\u00f3n del Parque Municipal"},"content":{"rendered":"\n<p>El texto de la nota est\u00e1 realizado con lo que se subi\u00f3 a la cuenta que nuestro sitio posee en Facebook: @infoecos. <\/p>\n\n\n\n<p>En las pr\u00f3ximas horas se brindar\u00e1n m\u00e1s detalles expuestos con mayor rigor period\u00edstico.<\/p>\n\n\n\n<p><strong>Reinauguraci\u00f3n de obras en el Parque Municipal de Trenque Lauquen.<\/strong><\/p>\n\n\n\n<p>Respuesta magn\u00edfica de la sociedad local y de la regi\u00f3n.<\/p>\n\n\n\n<p>El acto que presidi\u00f3 el intendente Fern\u00e1ndez, cont\u00f3 con la asistencia de quien fuera la esposa del doctor Jorge Barracchia. Manifestaciones de sumo elogio para lo realizado. Las im\u00e1genes est\u00e1n tomadas de un video subido a Instagram.<\/p>\n\n\n\n<p><strong>Nuevamente hay puente en la laguna del Parque Municipal de Trenque Lauquen. Qued\u00f3 inaugurado en la noche de ayer.<\/strong><\/p>\n\n\n\n<p>Disculpas por la calidad de las im\u00e1genes. Las mismas ser\u00e1n mejoradas, seguramente, en las pr\u00f3ximas horas gracias al trabajo que realiza la Direcci\u00f3n de Prensa del municipio.<\/p>\n\n\n\n<figure class=\"wp-block-gallery has-nested-images columns-default is-cropped wp-block-gallery-1 is-layout-flex wp-block-gallery-is-layout-flex\">\n<figure class=\"wp-block-image size-large\"><img loading=\"lazy\" decoding=\"async\" width=\"1393\" height=\"931\" data-id=\"112827\" src=\"https:\/\/infoecos.com.ar\/wp-content\/uploads\/2023\/09\/SC_2973.jpg\" alt=\"\" class=\"wp-image-112827\" srcset=\"https:\/\/infoecos.com.ar\/wp-content\/uploads\/2023\/09\/SC_2973.jpg 1393w, https:\/\/infoecos.com.ar\/wp-content\/uploads\/2023\/09\/SC_2973-800x535.jpg 800w, https:\/\/infoecos.com.ar\/wp-content\/uploads\/2023\/09\/SC_2973-768x513.jpg 768w, https:\/\/infoecos.com.ar\/wp-content\/uploads\/2023\/09\/SC_2973-1024x684.jpg 1024w, https:\/\/infoecos.com.ar\/wp-content\/uploads\/2023\/09\/SC_2973-675x450.jpg 675w\" sizes=\"(max-width: 1393px) 100vw, 1393px\" \/><\/figure>\n\n\n\n<figure class=\"wp-block-image size-large\"><img loading=\"lazy\" decoding=\"async\" width=\"1393\" height=\"931\" data-id=\"112828\" src=\"https:\/\/infoecos.com.ar\/wp-content\/uploads\/2023\/09\/SC_2981.jpg\" alt=\"\" class=\"wp-image-112828\" srcset=\"https:\/\/infoecos.com.ar\/wp-content\/uploads\/2023\/09\/SC_2981.jpg 1393w, https:\/\/infoecos.com.ar\/wp-content\/uploads\/2023\/09\/SC_2981-800x535.jpg 800w, https:\/\/infoecos.com.ar\/wp-content\/uploads\/2023\/09\/SC_2981-768x513.jpg 768w, https:\/\/infoecos.com.ar\/wp-content\/uploads\/2023\/09\/SC_2981-1024x684.jpg 1024w, https:\/\/infoecos.com.ar\/wp-content\/uploads\/2023\/09\/SC_2981-675x450.jpg 675w\" sizes=\"(max-width: 1393px) 100vw, 1393px\" \/><\/figure>\n\n\n\n<figure class=\"wp-block-image size-large\"><img loading=\"lazy\" decoding=\"async\" width=\"1393\" height=\"931\" data-id=\"112830\" src=\"https:\/\/infoecos.com.ar\/wp-content\/uploads\/2023\/09\/SC_2984.jpg\" alt=\"\" class=\"wp-image-112830\" srcset=\"https:\/\/infoecos.com.ar\/wp-content\/uploads\/2023\/09\/SC_2984.jpg 1393w, https:\/\/infoecos.com.ar\/wp-content\/uploads\/2023\/09\/SC_2984-800x535.jpg 800w, https:\/\/infoecos.com.ar\/wp-content\/uploads\/2023\/09\/SC_2984-768x513.jpg 768w, https:\/\/infoecos.com.ar\/wp-content\/uploads\/2023\/09\/SC_2984-1024x684.jpg 1024w, https:\/\/infoecos.com.ar\/wp-content\/uploads\/2023\/09\/SC_2984-675x450.jpg 675w\" sizes=\"(max-width: 1393px) 100vw, 1393px\" \/><\/figure>\n\n\n\n<figure class=\"wp-block-image size-large\"><img loading=\"lazy\" decoding=\"async\" width=\"1393\" height=\"931\" data-id=\"112834\" src=\"https:\/\/infoecos.com.ar\/wp-content\/uploads\/2023\/09\/SC_2997.jpg\" alt=\"\" class=\"wp-image-112834\" srcset=\"https:\/\/infoecos.com.ar\/wp-content\/uploads\/2023\/09\/SC_2997.jpg 1393w, https:\/\/infoecos.com.ar\/wp-content\/uploads\/2023\/09\/SC_2997-800x535.jpg 800w, https:\/\/infoecos.com.ar\/wp-content\/uploads\/2023\/09\/SC_2997-768x513.jpg 768w, https:\/\/infoecos.com.ar\/wp-content\/uploads\/2023\/09\/SC_2997-1024x684.jpg 1024w, https:\/\/infoecos.com.ar\/wp-content\/uploads\/2023\/09\/SC_2997-675x450.jpg 675w\" sizes=\"(max-width: 1393px) 100vw, 1393px\" \/><\/figure>\n\n\n\n<figure class=\"wp-block-image size-large\"><img loading=\"lazy\" decoding=\"async\" width=\"1393\" height=\"931\" data-id=\"112832\" src=\"https:\/\/infoecos.com.ar\/wp-content\/uploads\/2023\/09\/SC_3007.jpg\" alt=\"\" class=\"wp-image-112832\" srcset=\"https:\/\/infoecos.com.ar\/wp-content\/uploads\/2023\/09\/SC_3007.jpg 1393w, https:\/\/infoecos.com.ar\/wp-content\/uploads\/2023\/09\/SC_3007-800x535.jpg 800w, https:\/\/infoecos.com.ar\/wp-content\/uploads\/2023\/09\/SC_3007-768x513.jpg 768w, https:\/\/infoecos.com.ar\/wp-content\/uploads\/2023\/09\/SC_3007-1024x684.jpg 1024w, https:\/\/infoecos.com.ar\/wp-content\/uploads\/2023\/09\/SC_3007-675x450.jpg 675w\" sizes=\"(max-width: 1393px) 100vw, 1393px\" \/><\/figure>\n\n\n\n<figure class=\"wp-block-image size-large\"><img loading=\"lazy\" decoding=\"async\" width=\"1393\" height=\"931\" data-id=\"112829\" src=\"https:\/\/infoecos.com.ar\/wp-content\/uploads\/2023\/09\/SC_3018.jpg\" alt=\"\" class=\"wp-image-112829\" srcset=\"https:\/\/infoecos.com.ar\/wp-content\/uploads\/2023\/09\/SC_3018.jpg 1393w, https:\/\/infoecos.com.ar\/wp-content\/uploads\/2023\/09\/SC_3018-800x535.jpg 800w, https:\/\/infoecos.com.ar\/wp-content\/uploads\/2023\/09\/SC_3018-768x513.jpg 768w, https:\/\/infoecos.com.ar\/wp-content\/uploads\/2023\/09\/SC_3018-1024x684.jpg 1024w, https:\/\/infoecos.com.ar\/wp-content\/uploads\/2023\/09\/SC_3018-675x450.jpg 675w\" sizes=\"(max-width: 1393px) 100vw, 1393px\" \/><\/figure>\n\n\n\n<figure class=\"wp-block-image size-large\"><img loading=\"lazy\" decoding=\"async\" width=\"1393\" height=\"931\" data-id=\"112826\" src=\"https:\/\/infoecos.com.ar\/wp-content\/uploads\/2023\/09\/SC_3024.jpg\" alt=\"\" class=\"wp-image-112826\" srcset=\"https:\/\/infoecos.com.ar\/wp-content\/uploads\/2023\/09\/SC_3024.jpg 1393w, https:\/\/infoecos.com.ar\/wp-content\/uploads\/2023\/09\/SC_3024-800x535.jpg 800w, https:\/\/infoecos.com.ar\/wp-content\/uploads\/2023\/09\/SC_3024-768x513.jpg 768w, https:\/\/infoecos.com.ar\/wp-content\/uploads\/2023\/09\/SC_3024-1024x684.jpg 1024w, https:\/\/infoecos.com.ar\/wp-content\/uploads\/2023\/09\/SC_3024-675x450.jpg 675w\" sizes=\"(max-width: 1393px) 100vw, 1393px\" \/><\/figure>\n\n\n\n<figure class=\"wp-block-image size-large\"><img loading=\"lazy\" decoding=\"async\" width=\"1393\" height=\"931\" data-id=\"112831\" src=\"https:\/\/infoecos.com.ar\/wp-content\/uploads\/2023\/09\/SC_3030.jpg\" alt=\"\" class=\"wp-image-112831\" srcset=\"https:\/\/infoecos.com.ar\/wp-content\/uploads\/2023\/09\/SC_3030.jpg 1393w, https:\/\/infoecos.com.ar\/wp-content\/uploads\/2023\/09\/SC_3030-800x535.jpg 800w, https:\/\/infoecos.com.ar\/wp-content\/uploads\/2023\/09\/SC_3030-768x513.jpg 768w, https:\/\/infoecos.com.ar\/wp-content\/uploads\/2023\/09\/SC_3030-1024x684.jpg 1024w, https:\/\/infoecos.com.ar\/wp-content\/uploads\/2023\/09\/SC_3030-675x450.jpg 675w\" sizes=\"(max-width: 1393px) 100vw, 1393px\" \/><\/figure>\n\n\n\n<figure class=\"wp-block-image size-large\"><img loading=\"lazy\" decoding=\"async\" width=\"1393\" height=\"931\" data-id=\"112833\" src=\"https:\/\/infoecos.com.ar\/wp-content\/uploads\/2023\/09\/SC_3037.jpg\" alt=\"\" class=\"wp-image-112833\" srcset=\"https:\/\/infoecos.com.ar\/wp-content\/uploads\/2023\/09\/SC_3037.jpg 1393w, https:\/\/infoecos.com.ar\/wp-content\/uploads\/2023\/09\/SC_3037-800x535.jpg 800w, https:\/\/infoecos.com.ar\/wp-content\/uploads\/2023\/09\/SC_3037-768x513.jpg 768w, https:\/\/infoecos.com.ar\/wp-content\/uploads\/2023\/09\/SC_3037-1024x684.jpg 1024w, https:\/\/infoecos.com.ar\/wp-content\/uploads\/2023\/09\/SC_3037-675x450.jpg 675w\" sizes=\"(max-width: 1393px) 100vw, 1393px\" \/><\/figure>\n<\/figure>\n\n\n\n<p><strong>Una multitud de j\u00f3venes y no tan j\u00f3venes, asistieron a la reinauguraci\u00f3n de las obras en el Parque Municipal.<\/strong><\/p>\n\n\n\n<p>Renovado el anfiteatro que conserva su dise\u00f1o original, realizado merced a las pol\u00edticas ambientales de los gobiernos de Barracchia, y que ahora por decisi\u00f3n de la administraci\u00f3n de Fern\u00e1ndez recupera su colorido para &#8211; ojal\u00e1 &#8211; convertirse en un lugar de manifestaciones culturales relevantes.<\/p>\n\n\n\n<p>Insistimos: fotos que son de capturas de la redacci\u00f3n de videos que se encuentran en Facebook e Instagram.<\/p>\n\n\n\n<figure class=\"wp-block-gallery has-nested-images columns-default is-cropped wp-block-gallery-2 is-layout-flex wp-block-gallery-is-layout-flex\">\n<figure class=\"wp-block-image size-large\"><img loading=\"lazy\" decoding=\"async\" width=\"1393\" height=\"931\" data-id=\"112838\" src=\"https:\/\/infoecos.com.ar\/wp-content\/uploads\/2023\/09\/DSC_3133.jpg\" alt=\"\" class=\"wp-image-112838\" srcset=\"https:\/\/infoecos.com.ar\/wp-content\/uploads\/2023\/09\/DSC_3133.jpg 1393w, https:\/\/infoecos.com.ar\/wp-content\/uploads\/2023\/09\/DSC_3133-800x535.jpg 800w, https:\/\/infoecos.com.ar\/wp-content\/uploads\/2023\/09\/DSC_3133-768x513.jpg 768w, https:\/\/infoecos.com.ar\/wp-content\/uploads\/2023\/09\/DSC_3133-1024x684.jpg 1024w, https:\/\/infoecos.com.ar\/wp-content\/uploads\/2023\/09\/DSC_3133-675x450.jpg 675w\" sizes=\"(max-width: 1393px) 100vw, 1393px\" \/><\/figure>\n\n\n\n<figure class=\"wp-block-image size-large\"><img loading=\"lazy\" decoding=\"async\" width=\"1393\" height=\"931\" data-id=\"112839\" src=\"https:\/\/infoecos.com.ar\/wp-content\/uploads\/2023\/09\/DSC_3151.jpg\" alt=\"\" class=\"wp-image-112839\" srcset=\"https:\/\/infoecos.com.ar\/wp-content\/uploads\/2023\/09\/DSC_3151.jpg 1393w, https:\/\/infoecos.com.ar\/wp-content\/uploads\/2023\/09\/DSC_3151-800x535.jpg 800w, https:\/\/infoecos.com.ar\/wp-content\/uploads\/2023\/09\/DSC_3151-768x513.jpg 768w, https:\/\/infoecos.com.ar\/wp-content\/uploads\/2023\/09\/DSC_3151-1024x684.jpg 1024w, https:\/\/infoecos.com.ar\/wp-content\/uploads\/2023\/09\/DSC_3151-675x450.jpg 675w\" sizes=\"(max-width: 1393px) 100vw, 1393px\" \/><\/figure>\n\n\n\n<figure class=\"wp-block-image size-large\"><img loading=\"lazy\" decoding=\"async\" width=\"1393\" height=\"931\" data-id=\"112835\" src=\"https:\/\/infoecos.com.ar\/wp-content\/uploads\/2023\/09\/DSC_3157.jpg\" alt=\"\" class=\"wp-image-112835\" srcset=\"https:\/\/infoecos.com.ar\/wp-content\/uploads\/2023\/09\/DSC_3157.jpg 1393w, https:\/\/infoecos.com.ar\/wp-content\/uploads\/2023\/09\/DSC_3157-800x535.jpg 800w, https:\/\/infoecos.com.ar\/wp-content\/uploads\/2023\/09\/DSC_3157-768x513.jpg 768w, https:\/\/infoecos.com.ar\/wp-content\/uploads\/2023\/09\/DSC_3157-1024x684.jpg 1024w, https:\/\/infoecos.com.ar\/wp-content\/uploads\/2023\/09\/DSC_3157-675x450.jpg 675w\" sizes=\"(max-width: 1393px) 100vw, 1393px\" \/><\/figure>\n\n\n\n<figure class=\"wp-block-image size-large\"><img loading=\"lazy\" decoding=\"async\" width=\"1393\" height=\"931\" data-id=\"112837\" src=\"https:\/\/infoecos.com.ar\/wp-content\/uploads\/2023\/09\/DSC_3169.jpg\" alt=\"\" class=\"wp-image-112837\" srcset=\"https:\/\/infoecos.com.ar\/wp-content\/uploads\/2023\/09\/DSC_3169.jpg 1393w, https:\/\/infoecos.com.ar\/wp-content\/uploads\/2023\/09\/DSC_3169-800x535.jpg 800w, https:\/\/infoecos.com.ar\/wp-content\/uploads\/2023\/09\/DSC_3169-768x513.jpg 768w, https:\/\/infoecos.com.ar\/wp-content\/uploads\/2023\/09\/DSC_3169-1024x684.jpg 1024w, https:\/\/infoecos.com.ar\/wp-content\/uploads\/2023\/09\/DSC_3169-675x450.jpg 675w\" sizes=\"(max-width: 1393px) 100vw, 1393px\" \/><\/figure>\n\n\n\n<figure class=\"wp-block-image size-large\"><img loading=\"lazy\" decoding=\"async\" width=\"1393\" height=\"931\" data-id=\"112836\" src=\"https:\/\/infoecos.com.ar\/wp-content\/uploads\/2023\/09\/DSC_3174.jpg\" alt=\"\" class=\"wp-image-112836\" srcset=\"https:\/\/infoecos.com.ar\/wp-content\/uploads\/2023\/09\/DSC_3174.jpg 1393w, https:\/\/infoecos.com.ar\/wp-content\/uploads\/2023\/09\/DSC_3174-800x535.jpg 800w, https:\/\/infoecos.com.ar\/wp-content\/uploads\/2023\/09\/DSC_3174-768x513.jpg 768w, https:\/\/infoecos.com.ar\/wp-content\/uploads\/2023\/09\/DSC_3174-1024x684.jpg 1024w, https:\/\/infoecos.com.ar\/wp-content\/uploads\/2023\/09\/DSC_3174-675x450.jpg 675w\" sizes=\"(max-width: 1393px) 100vw, 1393px\" \/><\/figure>\n<\/figure>\n\n\n\n<p><strong>P\u00fablico y m\u00e1s p\u00fablico en el Parque Municipal.<\/strong><\/p>\n\n\n\n<p>El espacio verde m\u00e1s importante de la ciudad vuelve a adquirir la totalidad de su colorido.<\/p>\n\n\n\n<p>Una verdadera fiesta este s\u00e1bado en el lugar.<\/p>\n\n\n\n<p>El Anfiteatro luciendo im\u00e1genes de alegr\u00eda.<\/p>\n\n\n\n<figure class=\"wp-block-gallery has-nested-images columns-default is-cropped wp-block-gallery-3 is-layout-flex wp-block-gallery-is-layout-flex\">\n<figure class=\"wp-block-image size-large\"><img loading=\"lazy\" decoding=\"async\" width=\"1393\" height=\"931\" data-id=\"112841\" src=\"https:\/\/infoecos.com.ar\/wp-content\/uploads\/2023\/09\/DSC_3169-1.jpg\" alt=\"\" class=\"wp-image-112841\" srcset=\"https:\/\/infoecos.com.ar\/wp-content\/uploads\/2023\/09\/DSC_3169-1.jpg 1393w, https:\/\/infoecos.com.ar\/wp-content\/uploads\/2023\/09\/DSC_3169-1-800x535.jpg 800w, https:\/\/infoecos.com.ar\/wp-content\/uploads\/2023\/09\/DSC_3169-1-768x513.jpg 768w, https:\/\/infoecos.com.ar\/wp-content\/uploads\/2023\/09\/DSC_3169-1-1024x684.jpg 1024w, https:\/\/infoecos.com.ar\/wp-content\/uploads\/2023\/09\/DSC_3169-1-675x450.jpg 675w\" sizes=\"(max-width: 1393px) 100vw, 1393px\" \/><\/figure>\n\n\n\n<figure class=\"wp-block-image size-large\"><img loading=\"lazy\" decoding=\"async\" width=\"1393\" height=\"931\" data-id=\"112840\" src=\"https:\/\/infoecos.com.ar\/wp-content\/uploads\/2023\/09\/DSC_3174-1.jpg\" alt=\"\" class=\"wp-image-112840\" srcset=\"https:\/\/infoecos.com.ar\/wp-content\/uploads\/2023\/09\/DSC_3174-1.jpg 1393w, https:\/\/infoecos.com.ar\/wp-content\/uploads\/2023\/09\/DSC_3174-1-800x535.jpg 800w, https:\/\/infoecos.com.ar\/wp-content\/uploads\/2023\/09\/DSC_3174-1-768x513.jpg 768w, https:\/\/infoecos.com.ar\/wp-content\/uploads\/2023\/09\/DSC_3174-1-1024x684.jpg 1024w, https:\/\/infoecos.com.ar\/wp-content\/uploads\/2023\/09\/DSC_3174-1-675x450.jpg 675w\" sizes=\"(max-width: 1393px) 100vw, 1393px\" \/><\/figure>\n\n\n\n<figure class=\"wp-block-image size-large\"><img loading=\"lazy\" decoding=\"async\" width=\"1393\" height=\"931\" data-id=\"112842\" src=\"https:\/\/infoecos.com.ar\/wp-content\/uploads\/2023\/09\/DSC_3181.jpg\" alt=\"\" class=\"wp-image-112842\" srcset=\"https:\/\/infoecos.com.ar\/wp-content\/uploads\/2023\/09\/DSC_3181.jpg 1393w, https:\/\/infoecos.com.ar\/wp-content\/uploads\/2023\/09\/DSC_3181-800x535.jpg 800w, https:\/\/infoecos.com.ar\/wp-content\/uploads\/2023\/09\/DSC_3181-768x513.jpg 768w, https:\/\/infoecos.com.ar\/wp-content\/uploads\/2023\/09\/DSC_3181-1024x684.jpg 1024w, https:\/\/infoecos.com.ar\/wp-content\/uploads\/2023\/09\/DSC_3181-675x450.jpg 675w\" sizes=\"(max-width: 1393px) 100vw, 1393px\" \/><\/figure>\n<\/figure>\n\n\n\n<p>Saludable decisi\u00f3n del municipio. Se trata de un reconocimiento a la historia m\u00e1s brillante de Trenque Lauquen en los \u00faltimos a\u00f1os.<\/p>\n\n\n\n<p>Ahora, a lo que deben agregarse juegos instalados para que los ni\u00f1os recreen, su belleza depender\u00e1 del cari\u00f1o que cada uno de los vecinos aporte para preservarlo de la mejor manera.<\/p>\n\n\n\n<figure class=\"wp-block-gallery has-nested-images columns-default is-cropped wp-block-gallery-4 is-layout-flex wp-block-gallery-is-layout-flex\">\n<figure class=\"wp-block-image size-large\"><img loading=\"lazy\" decoding=\"async\" width=\"496\" height=\"796\" data-id=\"112792\" src=\"https:\/\/infoecos.com.ar\/wp-content\/uploads\/2023\/09\/parquemunicipal.jpg\" alt=\"\" class=\"wp-image-112792\"\/><\/figure>\n\n\n\n<figure class=\"wp-block-image size-large\"><img loading=\"lazy\" decoding=\"async\" width=\"517\" height=\"572\" data-id=\"112791\" src=\"https:\/\/infoecos.com.ar\/wp-content\/uploads\/2023\/09\/parquemunicipal2.jpg\" alt=\"\" class=\"wp-image-112791\"\/><\/figure>\n\n\n\n<figure class=\"wp-block-image size-large\"><img loading=\"lazy\" decoding=\"async\" width=\"737\" height=\"406\" data-id=\"112793\" src=\"https:\/\/infoecos.com.ar\/wp-content\/uploads\/2023\/09\/parquemunicipal3.jpg\" alt=\"\" class=\"wp-image-112793\"\/><\/figure>\n\n\n\n<figure class=\"wp-block-image size-large\"><img loading=\"lazy\" decoding=\"async\" width=\"1176\" height=\"666\" data-id=\"112794\" src=\"https:\/\/infoecos.com.ar\/wp-content\/uploads\/2023\/09\/parquemunicipal4.jpg\" alt=\"\" class=\"wp-image-112794\" srcset=\"https:\/\/infoecos.com.ar\/wp-content\/uploads\/2023\/09\/parquemunicipal4.jpg 1176w, https:\/\/infoecos.com.ar\/wp-content\/uploads\/2023\/09\/parquemunicipal4-800x453.jpg 800w, https:\/\/infoecos.com.ar\/wp-content\/uploads\/2023\/09\/parquemunicipal4-768x435.jpg 768w, https:\/\/infoecos.com.ar\/wp-content\/uploads\/2023\/09\/parquemunicipal4-1024x580.jpg 1024w\" sizes=\"(max-width: 1176px) 100vw, 1176px\" \/><\/figure>\n<\/figure>\n","protected":false},"excerpt":{"rendered":"<p>El acto que presidi\u00f3 el intendente Fern\u00e1ndez, cont\u00f3 con la asistencia de quien fuera la esposa del doctor Jorge Barracchia. Manifestaciones de sumo elogio para lo realizado. Las im\u00e1genes est\u00e1n tomadas de un video subido a Instagram<\/p>\n","protected":false},"author":2,"featured_media":112842,"comment_status":"closed","ping_status":"open","sticky":false,"template":"","format":"standard","meta":{"footnotes":""},"categories":[1331],"tags":[9223],"class_list":["post-112790","post","type-post","status-publish","format-standard","has-post-thumbnail","hentry","category-inferior11","tag-verdadero-acontecimiento"],"yoast_head":"<!-- This site is optimized with the Yoast SEO plugin v23.4 - https:\/\/yoast.com\/wordpress\/plugins\/seo\/ -->\n<title>Se calcula en m\u00e1s de 10 mil personas las asistentes a la hist\u00f3rica reinauguraci\u00f3n del Parque Municipal - Infoecos<\/title>\n<meta name=\"robots\" content=\"index, follow, max-snippet:-1, max-image-preview:large, max-video-preview:-1\" \/>\n<link rel=\"canonical\" href=\"https:\/\/infoecos.com.ar\/index.php\/la-reinauguracion-del-parque-municipal-de-trenque-lauquen-con-gran-apoyo-popular\/\" \/>\n<meta property=\"og:locale\" content=\"es_ES\" \/>\n<meta property=\"og:type\" content=\"article\" \/>\n<meta property=\"og:title\" content=\"Se calcula en m\u00e1s de 10 mil personas las asistentes a la hist\u00f3rica reinauguraci\u00f3n del Parque Municipal - Infoecos\" \/>\n<meta property=\"og:description\" content=\"El acto que presidi\u00f3 el intendente Fern\u00e1ndez, cont\u00f3 con la asistencia de quien fuera la esposa del doctor Jorge Barracchia. Manifestaciones de sumo elogio para lo realizado. Las im\u00e1genes est\u00e1n tomadas de un video subido a Instagram\" \/>\n<meta property=\"og:url\" content=\"https:\/\/infoecos.com.ar\/index.php\/la-reinauguracion-del-parque-municipal-de-trenque-lauquen-con-gran-apoyo-popular\/\" \/>\n<meta property=\"og:site_name\" content=\"Infoecos\" \/>\n<meta property=\"article:publisher\" content=\"https:\/\/www.facebook.com\/profile.php?id=100063200290284\" \/>\n<meta property=\"article:published_time\" content=\"2023-09-24T04:09:28+00:00\" \/>\n<meta property=\"article:modified_time\" content=\"2023-09-26T07:21:22+00:00\" \/>\n<meta property=\"og:image\" content=\"https:\/\/infoecos.com.ar\/wp-content\/uploads\/2023\/09\/DSC_3181.jpg\" \/>\n\t<meta property=\"og:image:width\" content=\"1393\" \/>\n\t<meta property=\"og:image:height\" content=\"931\" \/>\n\t<meta property=\"og:image:type\" content=\"image\/jpeg\" \/>\n<meta name=\"author\" content=\"Jorge Matheus\" \/>\n<meta name=\"twitter:card\" content=\"summary_large_image\" \/>\n<meta name=\"twitter:creator\" content=\"@infoecos\" \/>\n<meta name=\"twitter:site\" content=\"@infoecos\" \/>\n<meta name=\"twitter:label1\" content=\"Escrito por\" \/>\n\t<meta name=\"twitter:data1\" content=\"Jorge Matheus\" \/>\n\t<meta name=\"twitter:label2\" content=\"Tiempo de lectura\" \/>\n\t<meta name=\"twitter:data2\" content=\"6 minutos\" \/>\n<script type=\"application\/ld+json\" class=\"yoast-schema-graph\">{\"@context\":\"https:\/\/schema.org\",\"@graph\":[{\"@type\":\"Article\",\"@id\":\"https:\/\/infoecos.com.ar\/index.php\/la-reinauguracion-del-parque-municipal-de-trenque-lauquen-con-gran-apoyo-popular\/#article\",\"isPartOf\":{\"@id\":\"https:\/\/infoecos.com.ar\/index.php\/la-reinauguracion-del-parque-municipal-de-trenque-lauquen-con-gran-apoyo-popular\/\"},\"author\":{\"name\":\"Jorge Matheus\",\"@id\":\"https:\/\/infoecos.com.ar\/#\/schema\/person\/8f5ace5ce73b4b4aac4b7245aee6f191\"},\"headline\":\"Se calcula en m\u00e1s de 10 mil personas las asistentes a la hist\u00f3rica reinauguraci\u00f3n del Parque Municipal\",\"datePublished\":\"2023-09-24T04:09:28+00:00\",\"dateModified\":\"2023-09-26T07:21:22+00:00\",\"mainEntityOfPage\":{\"@id\":\"https:\/\/infoecos.com.ar\/index.php\/la-reinauguracion-del-parque-municipal-de-trenque-lauquen-con-gran-apoyo-popular\/\"},\"wordCount\":363,\"publisher\":{\"@id\":\"https:\/\/infoecos.com.ar\/#organization\"},\"image\":{\"@id\":\"https:\/\/infoecos.com.ar\/index.php\/la-reinauguracion-del-parque-municipal-de-trenque-lauquen-con-gran-apoyo-popular\/#primaryimage\"},\"thumbnailUrl\":\"https:\/\/infoecos.com.ar\/wp-content\/uploads\/2023\/09\/DSC_3181.jpg\",\"keywords\":[\"verdadero acontecimiento\"],\"articleSection\":[\"Bloque inferior - 11\"],\"inLanguage\":\"es\"},{\"@type\":\"WebPage\",\"@id\":\"https:\/\/infoecos.com.ar\/index.php\/la-reinauguracion-del-parque-municipal-de-trenque-lauquen-con-gran-apoyo-popular\/\",\"url\":\"https:\/\/infoecos.com.ar\/index.php\/la-reinauguracion-del-parque-municipal-de-trenque-lauquen-con-gran-apoyo-popular\/\",\"name\":\"Se calcula en m\u00e1s de 10 mil personas las asistentes a la hist\u00f3rica reinauguraci\u00f3n del Parque Municipal - Infoecos\",\"isPartOf\":{\"@id\":\"https:\/\/infoecos.com.ar\/#website\"},\"primaryImageOfPage\":{\"@id\":\"https:\/\/infoecos.com.ar\/index.php\/la-reinauguracion-del-parque-municipal-de-trenque-lauquen-con-gran-apoyo-popular\/#primaryimage\"},\"image\":{\"@id\":\"https:\/\/infoecos.com.ar\/index.php\/la-reinauguracion-del-parque-municipal-de-trenque-lauquen-con-gran-apoyo-popular\/#primaryimage\"},\"thumbnailUrl\":\"https:\/\/infoecos.com.ar\/wp-content\/uploads\/2023\/09\/DSC_3181.jpg\",\"datePublished\":\"2023-09-24T04:09:28+00:00\",\"dateModified\":\"2023-09-26T07:21:22+00:00\",\"breadcrumb\":{\"@id\":\"https:\/\/infoecos.com.ar\/index.php\/la-reinauguracion-del-parque-municipal-de-trenque-lauquen-con-gran-apoyo-popular\/#breadcrumb\"},\"inLanguage\":\"es\",\"potentialAction\":[{\"@type\":\"ReadAction\",\"target\":[\"https:\/\/infoecos.com.ar\/index.php\/la-reinauguracion-del-parque-municipal-de-trenque-lauquen-con-gran-apoyo-popular\/\"]}]},{\"@type\":\"ImageObject\",\"inLanguage\":\"es\",\"@id\":\"https:\/\/infoecos.com.ar\/index.php\/la-reinauguracion-del-parque-municipal-de-trenque-lauquen-con-gran-apoyo-popular\/#primaryimage\",\"url\":\"https:\/\/infoecos.com.ar\/wp-content\/uploads\/2023\/09\/DSC_3181.jpg\",\"contentUrl\":\"https:\/\/infoecos.com.ar\/wp-content\/uploads\/2023\/09\/DSC_3181.jpg\",\"width\":1393,\"height\":931},{\"@type\":\"BreadcrumbList\",\"@id\":\"https:\/\/infoecos.com.ar\/index.php\/la-reinauguracion-del-parque-municipal-de-trenque-lauquen-con-gran-apoyo-popular\/#breadcrumb\",\"itemListElement\":[{\"@type\":\"ListItem\",\"position\":1,\"name\":\"Portada\",\"item\":\"https:\/\/infoecos.com.ar\/\"},{\"@type\":\"ListItem\",\"position\":2,\"name\":\"Se calcula en m\u00e1s de 10 mil personas las asistentes a la hist\u00f3rica reinauguraci\u00f3n del Parque Municipal\"}]},{\"@type\":\"WebSite\",\"@id\":\"https:\/\/infoecos.com.ar\/#website\",\"url\":\"https:\/\/infoecos.com.ar\/\",\"name\":\"Infoecos\",\"description\":\"Noticias de trenque lauquen y la zona\",\"publisher\":{\"@id\":\"https:\/\/infoecos.com.ar\/#organization\"},\"alternateName\":\"Noticias\",\"potentialAction\":[{\"@type\":\"SearchAction\",\"target\":{\"@type\":\"EntryPoint\",\"urlTemplate\":\"https:\/\/infoecos.com.ar\/?s={search_term_string}\"},\"query-input\":{\"@type\":\"PropertyValueSpecification\",\"valueRequired\":true,\"valueName\":\"search_term_string\"}}],\"inLanguage\":\"es\"},{\"@type\":\"Organization\",\"@id\":\"https:\/\/infoecos.com.ar\/#organization\",\"name\":\"Infoecos\",\"alternateName\":\"Noticias\",\"url\":\"https:\/\/infoecos.com.ar\/\",\"logo\":{\"@type\":\"ImageObject\",\"inLanguage\":\"es\",\"@id\":\"https:\/\/infoecos.com.ar\/#\/schema\/logo\/image\/\",\"url\":\"https:\/\/infoecos.com.ar\/wp-content\/uploads\/2024\/03\/cropped-logo.png\",\"contentUrl\":\"https:\/\/infoecos.com.ar\/wp-content\/uploads\/2024\/03\/cropped-logo.png\",\"width\":374,\"height\":90,\"caption\":\"Infoecos\"},\"image\":{\"@id\":\"https:\/\/infoecos.com.ar\/#\/schema\/logo\/image\/\"},\"sameAs\":[\"https:\/\/www.facebook.com\/profile.php?id=100063200290284\",\"https:\/\/x.com\/infoecos\"]},{\"@type\":\"Person\",\"@id\":\"https:\/\/infoecos.com.ar\/#\/schema\/person\/8f5ace5ce73b4b4aac4b7245aee6f191\",\"name\":\"Jorge Matheus\",\"url\":\"https:\/\/infoecos.com.ar\/index.php\/author\/jomatheus\/\"}]}<\/script>\n<!-- \/ Yoast SEO plugin. -->","yoast_head_json":{"title":"Se calcula en m\u00e1s de 10 mil personas las asistentes a la hist\u00f3rica reinauguraci\u00f3n del Parque Municipal - Infoecos","robots":{"index":"index","follow":"follow","max-snippet":"max-snippet:-1","max-image-preview":"max-image-preview:large","max-video-preview":"max-video-preview:-1"},"canonical":"https:\/\/infoecos.com.ar\/index.php\/la-reinauguracion-del-parque-municipal-de-trenque-lauquen-con-gran-apoyo-popular\/","og_locale":"es_ES","og_type":"article","og_title":"Se calcula en m\u00e1s de 10 mil personas las asistentes a la hist\u00f3rica reinauguraci\u00f3n del Parque Municipal - Infoecos","og_description":"El acto que presidi\u00f3 el intendente Fern\u00e1ndez, cont\u00f3 con la asistencia de quien fuera la esposa del doctor Jorge Barracchia. Manifestaciones de sumo elogio para lo realizado. Las im\u00e1genes est\u00e1n tomadas de un video subido a Instagram","og_url":"https:\/\/infoecos.com.ar\/index.php\/la-reinauguracion-del-parque-municipal-de-trenque-lauquen-con-gran-apoyo-popular\/","og_site_name":"Infoecos","article_publisher":"https:\/\/www.facebook.com\/profile.php?id=100063200290284","article_published_time":"2023-09-24T04:09:28+00:00","article_modified_time":"2023-09-26T07:21:22+00:00","og_image":[{"width":1393,"height":931,"url":"https:\/\/infoecos.com.ar\/wp-content\/uploads\/2023\/09\/DSC_3181.jpg","type":"image\/jpeg"}],"author":"Jorge Matheus","twitter_card":"summary_large_image","twitter_creator":"@infoecos","twitter_site":"@infoecos","twitter_misc":{"Escrito por":"Jorge Matheus","Tiempo de lectura":"6 minutos"},"schema":{"@context":"https:\/\/schema.org","@graph":[{"@type":"Article","@id":"https:\/\/infoecos.com.ar\/index.php\/la-reinauguracion-del-parque-municipal-de-trenque-lauquen-con-gran-apoyo-popular\/#article","isPartOf":{"@id":"https:\/\/infoecos.com.ar\/index.php\/la-reinauguracion-del-parque-municipal-de-trenque-lauquen-con-gran-apoyo-popular\/"},"author":{"name":"Jorge Matheus","@id":"https:\/\/infoecos.com.ar\/#\/schema\/person\/8f5ace5ce73b4b4aac4b7245aee6f191"},"headline":"Se calcula en m\u00e1s de 10 mil personas las asistentes a la hist\u00f3rica reinauguraci\u00f3n del Parque Municipal","datePublished":"2023-09-24T04:09:28+00:00","dateModified":"2023-09-26T07:21:22+00:00","mainEntityOfPage":{"@id":"https:\/\/infoecos.com.ar\/index.php\/la-reinauguracion-del-parque-municipal-de-trenque-lauquen-con-gran-apoyo-popular\/"},"wordCount":363,"publisher":{"@id":"https:\/\/infoecos.com.ar\/#organization"},"image":{"@id":"https:\/\/infoecos.com.ar\/index.php\/la-reinauguracion-del-parque-municipal-de-trenque-lauquen-con-gran-apoyo-popular\/#primaryimage"},"thumbnailUrl":"https:\/\/infoecos.com.ar\/wp-content\/uploads\/2023\/09\/DSC_3181.jpg","keywords":["verdadero acontecimiento"],"articleSection":["Bloque inferior - 11"],"inLanguage":"es"},{"@type":"WebPage","@id":"https:\/\/infoecos.com.ar\/index.php\/la-reinauguracion-del-parque-municipal-de-trenque-lauquen-con-gran-apoyo-popular\/","url":"https:\/\/infoecos.com.ar\/index.php\/la-reinauguracion-del-parque-municipal-de-trenque-lauquen-con-gran-apoyo-popular\/","name":"Se calcula en m\u00e1s de 10 mil personas las asistentes a la hist\u00f3rica reinauguraci\u00f3n del Parque Municipal - Infoecos","isPartOf":{"@id":"https:\/\/infoecos.com.ar\/#website"},"primaryImageOfPage":{"@id":"https:\/\/infoecos.com.ar\/index.php\/la-reinauguracion-del-parque-municipal-de-trenque-lauquen-con-gran-apoyo-popular\/#primaryimage"},"image":{"@id":"https:\/\/infoecos.com.ar\/index.php\/la-reinauguracion-del-parque-municipal-de-trenque-lauquen-con-gran-apoyo-popular\/#primaryimage"},"thumbnailUrl":"https:\/\/infoecos.com.ar\/wp-content\/uploads\/2023\/09\/DSC_3181.jpg","datePublished":"2023-09-24T04:09:28+00:00","dateModified":"2023-09-26T07:21:22+00:00","breadcrumb":{"@id":"https:\/\/infoecos.com.ar\/index.php\/la-reinauguracion-del-parque-municipal-de-trenque-lauquen-con-gran-apoyo-popular\/#breadcrumb"},"inLanguage":"es","potentialAction":[{"@type":"ReadAction","target":["https:\/\/infoecos.com.ar\/index.php\/la-reinauguracion-del-parque-municipal-de-trenque-lauquen-con-gran-apoyo-popular\/"]}]},{"@type":"ImageObject","inLanguage":"es","@id":"https:\/\/infoecos.com.ar\/index.php\/la-reinauguracion-del-parque-municipal-de-trenque-lauquen-con-gran-apoyo-popular\/#primaryimage","url":"https:\/\/infoecos.com.ar\/wp-content\/uploads\/2023\/09\/DSC_3181.jpg","contentUrl":"https:\/\/infoecos.com.ar\/wp-content\/uploads\/2023\/09\/DSC_3181.jpg","width":1393,"height":931},{"@type":"BreadcrumbList","@id":"https:\/\/infoecos.com.ar\/index.php\/la-reinauguracion-del-parque-municipal-de-trenque-lauquen-con-gran-apoyo-popular\/#breadcrumb","itemListElement":[{"@type":"ListItem","position":1,"name":"Portada","item":"https:\/\/infoecos.com.ar\/"},{"@type":"ListItem","position":2,"name":"Se calcula en m\u00e1s de 10 mil personas las asistentes a la hist\u00f3rica reinauguraci\u00f3n del Parque Municipal"}]},{"@type":"WebSite","@id":"https:\/\/infoecos.com.ar\/#website","url":"https:\/\/infoecos.com.ar\/","name":"Infoecos","description":"Noticias de trenque lauquen y la zona","publisher":{"@id":"https:\/\/infoecos.com.ar\/#organization"},"alternateName":"Noticias","potentialAction":[{"@type":"SearchAction","target":{"@type":"EntryPoint","urlTemplate":"https:\/\/infoecos.com.ar\/?s={search_term_string}"},"query-input":{"@type":"PropertyValueSpecification","valueRequired":true,"valueName":"search_term_string"}}],"inLanguage":"es"},{"@type":"Organization","@id":"https:\/\/infoecos.com.ar\/#organization","name":"Infoecos","alternateName":"Noticias","url":"https:\/\/infoecos.com.ar\/","logo":{"@type":"ImageObject","inLanguage":"es","@id":"https:\/\/infoecos.com.ar\/#\/schema\/logo\/image\/","url":"https:\/\/infoecos.com.ar\/wp-content\/uploads\/2024\/03\/cropped-logo.png","contentUrl":"https:\/\/infoecos.com.ar\/wp-content\/uploads\/2024\/03\/cropped-logo.png","width":374,"height":90,"caption":"Infoecos"},"image":{"@id":"https:\/\/infoecos.com.ar\/#\/schema\/logo\/image\/"},"sameAs":["https:\/\/www.facebook.com\/profile.php?id=100063200290284","https:\/\/x.com\/infoecos"]},{"@type":"Person","@id":"https:\/\/infoecos.com.ar\/#\/schema\/person\/8f5ace5ce73b4b4aac4b7245aee6f191","name":"Jorge Matheus","url":"https:\/\/infoecos.com.ar\/index.php\/author\/jomatheus\/"}]}},"featured_image_urls":{"full":["https:\/\/infoecos.com.ar\/wp-content\/uploads\/2023\/09\/DSC_3181.jpg",1393,931,false],"thumbnail":["https:\/\/infoecos.com.ar\/wp-content\/uploads\/2023\/09\/DSC_3181-300x150.jpg",300,150,true],"medium":["https:\/\/infoecos.com.ar\/wp-content\/uploads\/2023\/09\/DSC_3181-800x535.jpg",800,535,true],"medium_large":["https:\/\/infoecos.com.ar\/wp-content\/uploads\/2023\/09\/DSC_3181-768x513.jpg",640,428,true],"large":["https:\/\/infoecos.com.ar\/wp-content\/uploads\/2023\/09\/DSC_3181.jpg",640,428,false],"1536x1536":["https:\/\/infoecos.com.ar\/wp-content\/uploads\/2023\/09\/DSC_3181.jpg",1393,931,false],"2048x2048":["https:\/\/infoecos.com.ar\/wp-content\/uploads\/2023\/09\/DSC_3181.jpg",1393,931,false],"covernews-slider-full":["https:\/\/infoecos.com.ar\/wp-content\/uploads\/2023\/09\/DSC_3181.jpg",1070,715,false],"covernews-slider-center":["https:\/\/infoecos.com.ar\/wp-content\/uploads\/2023\/09\/DSC_3181-936x897.jpg",522,500,true],"covernews-featured":["https:\/\/infoecos.com.ar\/wp-content\/uploads\/2023\/09\/DSC_3181-1024x684.jpg",1024,684,true],"covernews-medium":["https:\/\/infoecos.com.ar\/wp-content\/uploads\/2023\/09\/DSC_3181-720x380.jpg",540,285,true],"covernews-medium-square":["https:\/\/infoecos.com.ar\/wp-content\/uploads\/2023\/09\/DSC_3181-675x450.jpg",375,250,true]},"author_info":{"info":["Jorge Matheus"]},"category_info":"<a href=\"https:\/\/infoecos.com.ar\/index.php\/category\/inferior11\/\" rel=\"category tag\">Bloque inferior - 11<\/a>","tag_info":"Bloque inferior - 11","comment_count":"0","_links":{"self":[{"href":"https:\/\/infoecos.com.ar\/index.php\/wp-json\/wp\/v2\/posts\/112790"}],"collection":[{"href":"https:\/\/infoecos.com.ar\/index.php\/wp-json\/wp\/v2\/posts"}],"about":[{"href":"https:\/\/infoecos.com.ar\/index.php\/wp-json\/wp\/v2\/types\/post"}],"author":[{"embeddable":true,"href":"https:\/\/infoecos.com.ar\/index.php\/wp-json\/wp\/v2\/users\/2"}],"replies":[{"embeddable":true,"href":"https:\/\/infoecos.com.ar\/index.php\/wp-json\/wp\/v2\/comments?post=112790"}],"version-history":[{"count":2,"href":"https:\/\/infoecos.com.ar\/index.php\/wp-json\/wp\/v2\/posts\/112790\/revisions"}],"predecessor-version":[{"id":112843,"href":"https:\/\/infoecos.com.ar\/index.php\/wp-json\/wp\/v2\/posts\/112790\/revisions\/112843"}],"wp:featuredmedia":[{"embeddable":true,"href":"https:\/\/infoecos.com.ar\/index.php\/wp-json\/wp\/v2\/media\/112842"}],"wp:attachment":[{"href":"https:\/\/infoecos.com.ar\/index.php\/wp-json\/wp\/v2\/media?parent=112790"}],"wp:term":[{"taxonomy":"category","embeddable":true,"href":"https:\/\/infoecos.com.ar\/index.php\/wp-json\/wp\/v2\/categories?post=112790"},{"taxonomy":"post_tag","embeddable":true,"href":"https:\/\/infoecos.com.ar\/index.php\/wp-json\/wp\/v2\/tags?post=112790"}],"curies":[{"name":"wp","href":"https:\/\/api.w.org\/{rel}","templated":true}]}}