{"id":112875,"date":"2023-09-24T22:54:43","date_gmt":"2023-09-25T01:54:43","guid":{"rendered":"https:\/\/infoecos.com.ar\/?p=112875"},"modified":"2023-09-24T22:54:44","modified_gmt":"2023-09-25T01:54:44","slug":"se-inaugura-el-mural-en-conmemoracion-de-los-40-anos-de-democracia-argentina","status":"publish","type":"post","link":"https:\/\/infoecos.com.ar\/index.php\/se-inaugura-el-mural-en-conmemoracion-de-los-40-anos-de-democracia-argentina\/","title":{"rendered":"Se inaugura el mural en conmemoraci\u00f3n de los \u00ab40 a\u00f1os de Democracia Argentina\u00bb"},"content":{"rendered":"\n<p>Un mural en conmemoraci\u00f3n a los \u201c40 a\u00f1os de Democracia en Argentina\u201d ser\u00e1 inaugurado hoy a las 11 horas en el Concejo Deliberante de Trenque Lauquen.<\/p>\n\n\n\n<figure class=\"wp-block-image aligncenter size-full\"><img loading=\"lazy\" decoding=\"async\" width=\"1080\" height=\"1080\" src=\"https:\/\/infoecos.com.ar\/wp-content\/uploads\/2023\/09\/250232f5-3e6a-4044-b646-40626bced555.jpg\" alt=\"\" class=\"wp-image-112708\" srcset=\"https:\/\/infoecos.com.ar\/wp-content\/uploads\/2023\/09\/250232f5-3e6a-4044-b646-40626bced555.jpg 1080w, https:\/\/infoecos.com.ar\/wp-content\/uploads\/2023\/09\/250232f5-3e6a-4044-b646-40626bced555-800x800.jpg 800w, https:\/\/infoecos.com.ar\/wp-content\/uploads\/2023\/09\/250232f5-3e6a-4044-b646-40626bced555-768x768.jpg 768w, https:\/\/infoecos.com.ar\/wp-content\/uploads\/2023\/09\/250232f5-3e6a-4044-b646-40626bced555-1024x1024.jpg 1024w\" sizes=\"(max-width: 1080px) 100vw, 1080px\" \/><\/figure>\n\n\n\n<p>Se ubica sobre el lateral del edificio del HCD que da sobre la calle Pinc\u00e9n, y la comunidad est\u00e1 invitada a participar de este reconocimiento a todos los espacios que forjaron un cambio social y pol\u00edtico trascendental para el pa\u00eds, con momentos y circunstancias que se reflejan en cada pincelada.<\/p>\n\n\n\n<p>Isa\u00edas Mata, Lucila Gonz\u00e1lez, Magui Delfino, N\u00e9stor \u201cNaki\u201d Mart\u00edn y Germ\u00e1n Villamor, son los muralistas que llevaron adelante este trabajo que conceptualiza y da marco art\u00edstico a la historia de nuestro pa\u00eds en las \u00faltimas cuatro d\u00e9cadas. El escenario elegido para desarrollar la obra fue el legislativo local, un espacio de participaci\u00f3n muy vinculado con el proceso de recuperaci\u00f3n democr\u00e1tica que se inici\u00f3 en 1983.<\/p>\n","protected":false},"excerpt":{"rendered":"<p>Se ubica sobre el lateral del edificio del HCD que da sobre la calle Pinc\u00e9n, y la comunidad est\u00e1 invitada a participar de este reconocimiento a todos los espacios que forjaron un cambio social y pol\u00edtico trascendental para el pa\u00eds, con momentos y circunstancias que se reflejan en cada pincelada<\/p>\n","protected":false},"author":2,"featured_media":28757,"comment_status":"closed","ping_status":"open","sticky":false,"template":"","format":"standard","meta":{"footnotes":""},"categories":[1613],"tags":[6052],"class_list":["post-112875","post","type-post","status-publish","format-standard","has-post-thumbnail","hentry","category-noticia-secundaria","tag-concejo-deliberante-t-lauquen"],"yoast_head":"<!-- This site is optimized with the Yoast SEO plugin v23.4 - https:\/\/yoast.com\/wordpress\/plugins\/seo\/ -->\n<title>Se inaugura el mural en conmemoraci\u00f3n de los &quot;40 a\u00f1os de Democracia Argentina&quot; - Infoecos<\/title>\n<meta name=\"robots\" content=\"index, follow, max-snippet:-1, max-image-preview:large, max-video-preview:-1\" \/>\n<link rel=\"canonical\" href=\"https:\/\/infoecos.com.ar\/index.php\/se-inaugura-el-mural-en-conmemoracion-de-los-40-anos-de-democracia-argentina\/\" \/>\n<meta property=\"og:locale\" content=\"es_ES\" \/>\n<meta property=\"og:type\" content=\"article\" \/>\n<meta property=\"og:title\" content=\"Se inaugura el mural en conmemoraci\u00f3n de los &quot;40 a\u00f1os de Democracia Argentina&quot; - Infoecos\" \/>\n<meta property=\"og:description\" content=\"Se ubica sobre el lateral del edificio del HCD que da sobre la calle Pinc\u00e9n, y la comunidad est\u00e1 invitada a participar de este reconocimiento a todos los espacios que forjaron un cambio social y pol\u00edtico trascendental para el pa\u00eds, con momentos y circunstancias que se reflejan en cada pincelada\" \/>\n<meta property=\"og:url\" content=\"https:\/\/infoecos.com.ar\/index.php\/se-inaugura-el-mural-en-conmemoracion-de-los-40-anos-de-democracia-argentina\/\" \/>\n<meta property=\"og:site_name\" content=\"Infoecos\" \/>\n<meta property=\"article:publisher\" content=\"https:\/\/www.facebook.com\/profile.php?id=100063200290284\" \/>\n<meta property=\"article:published_time\" content=\"2023-09-25T01:54:43+00:00\" \/>\n<meta property=\"article:modified_time\" content=\"2023-09-25T01:54:44+00:00\" \/>\n<meta property=\"og:image\" content=\"https:\/\/infoecos.com.ar\/wp-content\/uploads\/14708078_1293301094016261_7893453048414054248_o-e1507871392755.jpg\" \/>\n\t<meta property=\"og:image:width\" content=\"400\" \/>\n\t<meta property=\"og:image:height\" content=\"266\" \/>\n\t<meta property=\"og:image:type\" content=\"image\/jpeg\" \/>\n<meta name=\"author\" content=\"Jorge Matheus\" \/>\n<meta name=\"twitter:card\" content=\"summary_large_image\" \/>\n<meta name=\"twitter:creator\" content=\"@infoecos\" \/>\n<meta name=\"twitter:site\" content=\"@infoecos\" \/>\n<meta name=\"twitter:label1\" content=\"Escrito por\" \/>\n\t<meta name=\"twitter:data1\" content=\"Jorge Matheus\" \/>\n\t<meta name=\"twitter:label2\" content=\"Tiempo de lectura\" \/>\n\t<meta name=\"twitter:data2\" content=\"1 minuto\" \/>\n<script type=\"application\/ld+json\" class=\"yoast-schema-graph\">{\"@context\":\"https:\/\/schema.org\",\"@graph\":[{\"@type\":\"Article\",\"@id\":\"https:\/\/infoecos.com.ar\/index.php\/se-inaugura-el-mural-en-conmemoracion-de-los-40-anos-de-democracia-argentina\/#article\",\"isPartOf\":{\"@id\":\"https:\/\/infoecos.com.ar\/index.php\/se-inaugura-el-mural-en-conmemoracion-de-los-40-anos-de-democracia-argentina\/\"},\"author\":{\"name\":\"Jorge Matheus\",\"@id\":\"https:\/\/infoecos.com.ar\/#\/schema\/person\/8f5ace5ce73b4b4aac4b7245aee6f191\"},\"headline\":\"Se inaugura el mural en conmemoraci\u00f3n de los \u00ab40 a\u00f1os de Democracia Argentina\u00bb\",\"datePublished\":\"2023-09-25T01:54:43+00:00\",\"dateModified\":\"2023-09-25T01:54:44+00:00\",\"mainEntityOfPage\":{\"@id\":\"https:\/\/infoecos.com.ar\/index.php\/se-inaugura-el-mural-en-conmemoracion-de-los-40-anos-de-democracia-argentina\/\"},\"wordCount\":168,\"publisher\":{\"@id\":\"https:\/\/infoecos.com.ar\/#organization\"},\"image\":{\"@id\":\"https:\/\/infoecos.com.ar\/index.php\/se-inaugura-el-mural-en-conmemoracion-de-los-40-anos-de-democracia-argentina\/#primaryimage\"},\"thumbnailUrl\":\"\",\"keywords\":[\"CONCEJO DELIBERANTE T.LAUQUEN\"],\"articleSection\":[\"Noticia Secundaria\"],\"inLanguage\":\"es\"},{\"@type\":\"WebPage\",\"@id\":\"https:\/\/infoecos.com.ar\/index.php\/se-inaugura-el-mural-en-conmemoracion-de-los-40-anos-de-democracia-argentina\/\",\"url\":\"https:\/\/infoecos.com.ar\/index.php\/se-inaugura-el-mural-en-conmemoracion-de-los-40-anos-de-democracia-argentina\/\",\"name\":\"Se inaugura el mural en conmemoraci\u00f3n de los \\\"40 a\u00f1os de Democracia Argentina\\\" - Infoecos\",\"isPartOf\":{\"@id\":\"https:\/\/infoecos.com.ar\/#website\"},\"primaryImageOfPage\":{\"@id\":\"https:\/\/infoecos.com.ar\/index.php\/se-inaugura-el-mural-en-conmemoracion-de-los-40-anos-de-democracia-argentina\/#primaryimage\"},\"image\":{\"@id\":\"https:\/\/infoecos.com.ar\/index.php\/se-inaugura-el-mural-en-conmemoracion-de-los-40-anos-de-democracia-argentina\/#primaryimage\"},\"thumbnailUrl\":\"\",\"datePublished\":\"2023-09-25T01:54:43+00:00\",\"dateModified\":\"2023-09-25T01:54:44+00:00\",\"breadcrumb\":{\"@id\":\"https:\/\/infoecos.com.ar\/index.php\/se-inaugura-el-mural-en-conmemoracion-de-los-40-anos-de-democracia-argentina\/#breadcrumb\"},\"inLanguage\":\"es\",\"potentialAction\":[{\"@type\":\"ReadAction\",\"target\":[\"https:\/\/infoecos.com.ar\/index.php\/se-inaugura-el-mural-en-conmemoracion-de-los-40-anos-de-democracia-argentina\/\"]}]},{\"@type\":\"ImageObject\",\"inLanguage\":\"es\",\"@id\":\"https:\/\/infoecos.com.ar\/index.php\/se-inaugura-el-mural-en-conmemoracion-de-los-40-anos-de-democracia-argentina\/#primaryimage\",\"url\":\"\",\"contentUrl\":\"\"},{\"@type\":\"BreadcrumbList\",\"@id\":\"https:\/\/infoecos.com.ar\/index.php\/se-inaugura-el-mural-en-conmemoracion-de-los-40-anos-de-democracia-argentina\/#breadcrumb\",\"itemListElement\":[{\"@type\":\"ListItem\",\"position\":1,\"name\":\"Portada\",\"item\":\"https:\/\/infoecos.com.ar\/\"},{\"@type\":\"ListItem\",\"position\":2,\"name\":\"Se inaugura el mural en conmemoraci\u00f3n de los \u00ab40 a\u00f1os de Democracia Argentina\u00bb\"}]},{\"@type\":\"WebSite\",\"@id\":\"https:\/\/infoecos.com.ar\/#website\",\"url\":\"https:\/\/infoecos.com.ar\/\",\"name\":\"Infoecos\",\"description\":\"Noticias de trenque lauquen y la zona\",\"publisher\":{\"@id\":\"https:\/\/infoecos.com.ar\/#organization\"},\"alternateName\":\"Noticias\",\"potentialAction\":[{\"@type\":\"SearchAction\",\"target\":{\"@type\":\"EntryPoint\",\"urlTemplate\":\"https:\/\/infoecos.com.ar\/?s={search_term_string}\"},\"query-input\":{\"@type\":\"PropertyValueSpecification\",\"valueRequired\":true,\"valueName\":\"search_term_string\"}}],\"inLanguage\":\"es\"},{\"@type\":\"Organization\",\"@id\":\"https:\/\/infoecos.com.ar\/#organization\",\"name\":\"Infoecos\",\"alternateName\":\"Noticias\",\"url\":\"https:\/\/infoecos.com.ar\/\",\"logo\":{\"@type\":\"ImageObject\",\"inLanguage\":\"es\",\"@id\":\"https:\/\/infoecos.com.ar\/#\/schema\/logo\/image\/\",\"url\":\"https:\/\/infoecos.com.ar\/wp-content\/uploads\/2024\/03\/cropped-logo.png\",\"contentUrl\":\"https:\/\/infoecos.com.ar\/wp-content\/uploads\/2024\/03\/cropped-logo.png\",\"width\":374,\"height\":90,\"caption\":\"Infoecos\"},\"image\":{\"@id\":\"https:\/\/infoecos.com.ar\/#\/schema\/logo\/image\/\"},\"sameAs\":[\"https:\/\/www.facebook.com\/profile.php?id=100063200290284\",\"https:\/\/x.com\/infoecos\"]},{\"@type\":\"Person\",\"@id\":\"https:\/\/infoecos.com.ar\/#\/schema\/person\/8f5ace5ce73b4b4aac4b7245aee6f191\",\"name\":\"Jorge Matheus\",\"url\":\"https:\/\/infoecos.com.ar\/index.php\/author\/jomatheus\/\"}]}<\/script>\n<!-- \/ Yoast SEO plugin. -->","yoast_head_json":{"title":"Se inaugura el mural en conmemoraci\u00f3n de los \"40 a\u00f1os de Democracia Argentina\" - Infoecos","robots":{"index":"index","follow":"follow","max-snippet":"max-snippet:-1","max-image-preview":"max-image-preview:large","max-video-preview":"max-video-preview:-1"},"canonical":"https:\/\/infoecos.com.ar\/index.php\/se-inaugura-el-mural-en-conmemoracion-de-los-40-anos-de-democracia-argentina\/","og_locale":"es_ES","og_type":"article","og_title":"Se inaugura el mural en conmemoraci\u00f3n de los \"40 a\u00f1os de Democracia Argentina\" - Infoecos","og_description":"Se ubica sobre el lateral del edificio del HCD que da sobre la calle Pinc\u00e9n, y la comunidad est\u00e1 invitada a participar de este reconocimiento a todos los espacios que forjaron un cambio social y pol\u00edtico trascendental para el pa\u00eds, con momentos y circunstancias que se reflejan en cada pincelada","og_url":"https:\/\/infoecos.com.ar\/index.php\/se-inaugura-el-mural-en-conmemoracion-de-los-40-anos-de-democracia-argentina\/","og_site_name":"Infoecos","article_publisher":"https:\/\/www.facebook.com\/profile.php?id=100063200290284","article_published_time":"2023-09-25T01:54:43+00:00","article_modified_time":"2023-09-25T01:54:44+00:00","og_image":[{"width":400,"height":266,"url":"https:\/\/infoecos.com.ar\/wp-content\/uploads\/14708078_1293301094016261_7893453048414054248_o-e1507871392755.jpg","type":"image\/jpeg"}],"author":"Jorge Matheus","twitter_card":"summary_large_image","twitter_creator":"@infoecos","twitter_site":"@infoecos","twitter_misc":{"Escrito por":"Jorge Matheus","Tiempo de lectura":"1 minuto"},"schema":{"@context":"https:\/\/schema.org","@graph":[{"@type":"Article","@id":"https:\/\/infoecos.com.ar\/index.php\/se-inaugura-el-mural-en-conmemoracion-de-los-40-anos-de-democracia-argentina\/#article","isPartOf":{"@id":"https:\/\/infoecos.com.ar\/index.php\/se-inaugura-el-mural-en-conmemoracion-de-los-40-anos-de-democracia-argentina\/"},"author":{"name":"Jorge Matheus","@id":"https:\/\/infoecos.com.ar\/#\/schema\/person\/8f5ace5ce73b4b4aac4b7245aee6f191"},"headline":"Se inaugura el mural en conmemoraci\u00f3n de los \u00ab40 a\u00f1os de Democracia Argentina\u00bb","datePublished":"2023-09-25T01:54:43+00:00","dateModified":"2023-09-25T01:54:44+00:00","mainEntityOfPage":{"@id":"https:\/\/infoecos.com.ar\/index.php\/se-inaugura-el-mural-en-conmemoracion-de-los-40-anos-de-democracia-argentina\/"},"wordCount":168,"publisher":{"@id":"https:\/\/infoecos.com.ar\/#organization"},"image":{"@id":"https:\/\/infoecos.com.ar\/index.php\/se-inaugura-el-mural-en-conmemoracion-de-los-40-anos-de-democracia-argentina\/#primaryimage"},"thumbnailUrl":"","keywords":["CONCEJO DELIBERANTE T.LAUQUEN"],"articleSection":["Noticia Secundaria"],"inLanguage":"es"},{"@type":"WebPage","@id":"https:\/\/infoecos.com.ar\/index.php\/se-inaugura-el-mural-en-conmemoracion-de-los-40-anos-de-democracia-argentina\/","url":"https:\/\/infoecos.com.ar\/index.php\/se-inaugura-el-mural-en-conmemoracion-de-los-40-anos-de-democracia-argentina\/","name":"Se inaugura el mural en conmemoraci\u00f3n de los \"40 a\u00f1os de Democracia Argentina\" - Infoecos","isPartOf":{"@id":"https:\/\/infoecos.com.ar\/#website"},"primaryImageOfPage":{"@id":"https:\/\/infoecos.com.ar\/index.php\/se-inaugura-el-mural-en-conmemoracion-de-los-40-anos-de-democracia-argentina\/#primaryimage"},"image":{"@id":"https:\/\/infoecos.com.ar\/index.php\/se-inaugura-el-mural-en-conmemoracion-de-los-40-anos-de-democracia-argentina\/#primaryimage"},"thumbnailUrl":"","datePublished":"2023-09-25T01:54:43+00:00","dateModified":"2023-09-25T01:54:44+00:00","breadcrumb":{"@id":"https:\/\/infoecos.com.ar\/index.php\/se-inaugura-el-mural-en-conmemoracion-de-los-40-anos-de-democracia-argentina\/#breadcrumb"},"inLanguage":"es","potentialAction":[{"@type":"ReadAction","target":["https:\/\/infoecos.com.ar\/index.php\/se-inaugura-el-mural-en-conmemoracion-de-los-40-anos-de-democracia-argentina\/"]}]},{"@type":"ImageObject","inLanguage":"es","@id":"https:\/\/infoecos.com.ar\/index.php\/se-inaugura-el-mural-en-conmemoracion-de-los-40-anos-de-democracia-argentina\/#primaryimage","url":"","contentUrl":""},{"@type":"BreadcrumbList","@id":"https:\/\/infoecos.com.ar\/index.php\/se-inaugura-el-mural-en-conmemoracion-de-los-40-anos-de-democracia-argentina\/#breadcrumb","itemListElement":[{"@type":"ListItem","position":1,"name":"Portada","item":"https:\/\/infoecos.com.ar\/"},{"@type":"ListItem","position":2,"name":"Se inaugura el mural en conmemoraci\u00f3n de los \u00ab40 a\u00f1os de Democracia Argentina\u00bb"}]},{"@type":"WebSite","@id":"https:\/\/infoecos.com.ar\/#website","url":"https:\/\/infoecos.com.ar\/","name":"Infoecos","description":"Noticias de trenque lauquen y la zona","publisher":{"@id":"https:\/\/infoecos.com.ar\/#organization"},"alternateName":"Noticias","potentialAction":[{"@type":"SearchAction","target":{"@type":"EntryPoint","urlTemplate":"https:\/\/infoecos.com.ar\/?s={search_term_string}"},"query-input":{"@type":"PropertyValueSpecification","valueRequired":true,"valueName":"search_term_string"}}],"inLanguage":"es"},{"@type":"Organization","@id":"https:\/\/infoecos.com.ar\/#organization","name":"Infoecos","alternateName":"Noticias","url":"https:\/\/infoecos.com.ar\/","logo":{"@type":"ImageObject","inLanguage":"es","@id":"https:\/\/infoecos.com.ar\/#\/schema\/logo\/image\/","url":"https:\/\/infoecos.com.ar\/wp-content\/uploads\/2024\/03\/cropped-logo.png","contentUrl":"https:\/\/infoecos.com.ar\/wp-content\/uploads\/2024\/03\/cropped-logo.png","width":374,"height":90,"caption":"Infoecos"},"image":{"@id":"https:\/\/infoecos.com.ar\/#\/schema\/logo\/image\/"},"sameAs":["https:\/\/www.facebook.com\/profile.php?id=100063200290284","https:\/\/x.com\/infoecos"]},{"@type":"Person","@id":"https:\/\/infoecos.com.ar\/#\/schema\/person\/8f5ace5ce73b4b4aac4b7245aee6f191","name":"Jorge Matheus","url":"https:\/\/infoecos.com.ar\/index.php\/author\/jomatheus\/"}]}},"featured_image_urls":{"full":"","thumbnail":"","medium":"","medium_large":"","large":"","1536x1536":"","2048x2048":"","covernews-slider-full":"","covernews-slider-center":"","covernews-featured":"","covernews-medium":"","covernews-medium-square":""},"author_info":{"info":["Jorge Matheus"]},"category_info":"<a href=\"https:\/\/infoecos.com.ar\/index.php\/category\/noticia-secundaria\/\" rel=\"category tag\">Noticia Secundaria<\/a>","tag_info":"Noticia Secundaria","comment_count":"0","_links":{"self":[{"href":"https:\/\/infoecos.com.ar\/index.php\/wp-json\/wp\/v2\/posts\/112875"}],"collection":[{"href":"https:\/\/infoecos.com.ar\/index.php\/wp-json\/wp\/v2\/posts"}],"about":[{"href":"https:\/\/infoecos.com.ar\/index.php\/wp-json\/wp\/v2\/types\/post"}],"author":[{"embeddable":true,"href":"https:\/\/infoecos.com.ar\/index.php\/wp-json\/wp\/v2\/users\/2"}],"replies":[{"embeddable":true,"href":"https:\/\/infoecos.com.ar\/index.php\/wp-json\/wp\/v2\/comments?post=112875"}],"version-history":[{"count":1,"href":"https:\/\/infoecos.com.ar\/index.php\/wp-json\/wp\/v2\/posts\/112875\/revisions"}],"predecessor-version":[{"id":112876,"href":"https:\/\/infoecos.com.ar\/index.php\/wp-json\/wp\/v2\/posts\/112875\/revisions\/112876"}],"wp:featuredmedia":[{"embeddable":true,"href":"https:\/\/infoecos.com.ar\/index.php\/wp-json\/"}],"wp:attachment":[{"href":"https:\/\/infoecos.com.ar\/index.php\/wp-json\/wp\/v2\/media?parent=112875"}],"wp:term":[{"taxonomy":"category","embeddable":true,"href":"https:\/\/infoecos.com.ar\/index.php\/wp-json\/wp\/v2\/categories?post=112875"},{"taxonomy":"post_tag","embeddable":true,"href":"https:\/\/infoecos.com.ar\/index.php\/wp-json\/wp\/v2\/tags?post=112875"}],"curies":[{"name":"wp","href":"https:\/\/api.w.org\/{rel}","templated":true}]}}