{"id":112921,"date":"2023-09-25T14:35:34","date_gmt":"2023-09-25T17:35:34","guid":{"rendered":"https:\/\/infoecos.com.ar\/?p=112921"},"modified":"2023-09-27T03:07:11","modified_gmt":"2023-09-27T06:07:11","slug":"general-villegas-alterada-por-el-asesinato-de-un-joven-de-18-anos-anoche-manifestacion-frente-a-la-comisaria","status":"publish","type":"post","link":"https:\/\/infoecos.com.ar\/index.php\/general-villegas-alterada-por-el-asesinato-de-un-joven-de-18-anos-anoche-manifestacion-frente-a-la-comisaria\/","title":{"rendered":"General Villegas alterada por el asesinato de un joven de 18 a\u00f1os: el domingo manifestaci\u00f3n frente a la Comisar\u00eda"},"content":{"rendered":"\n<p>El caso del asesinato de un joven en General Villegas lo seguimos a trav\u00e9s del sitio Distrito Interior (www.distritointerior.com.ar).<\/p>\n\n\n\n<figure class=\"wp-block-image aligncenter size-full\"><img loading=\"lazy\" decoding=\"async\" width=\"756\" height=\"377\" src=\"https:\/\/infoecos.com.ar\/wp-content\/uploads\/2023\/09\/383149981_643630017753669_1110118696058272407_n.jpg\" alt=\"\" class=\"wp-image-112922\" srcset=\"https:\/\/infoecos.com.ar\/wp-content\/uploads\/2023\/09\/383149981_643630017753669_1110118696058272407_n.jpg 756w, https:\/\/infoecos.com.ar\/wp-content\/uploads\/2023\/09\/383149981_643630017753669_1110118696058272407_n-300x150.jpg 300w\" sizes=\"(max-width: 756px) 100vw, 756px\" \/><\/figure>\n\n\n\n<p>El Dr. Guillermo Carballo, asistente fiscal en General Villegas mantuvo una entrevista con&nbsp;<strong>Distrito Interior&nbsp;<\/strong>en la que se refiri\u00f3 a la causa por la que hay un menor de 16 a\u00f1os detenido.<\/p>\n\n\n\n<p>La nota fue realizada luego del reclamo que algunos de los hermanos y amigos de Dar\u00edo Lombardo, el joven fallecido liego de recibir una pu\u00f1alada en la madrugada del s\u00e1bado.<\/p>\n\n\n\n<p>Link del material publicado por Distrito Interior en su fanpage.<\/p>\n\n\n\n<p><strong>https:\/\/www.facebook.com\/plugins\/video.php?height=314&amp;href=https%3A%2F%2Fwww.facebook.com%2Fdistritointerior%2Fvideos%2F1374786036793053%2F&amp;show_text=false&amp;width=560&amp;t=0<\/strong><\/p>\n\n\n\n<p>En el reclamo los amigos insistieron en que a pesar de haber un detenido, hay m\u00e1s participantes, incluso aseguraron que la v\u00edctima recibi\u00f3 un disparo ademas de la pu\u00f1alada.<\/p>\n\n\n\n<p>Carballo aclar\u00f3 que la investigaci\u00f3n contin\u00faa pero que por el momento hay suficientes pruebas para inculpar al menor imputado, sin que existan otras personas que pudieran estar en la misma situaci\u00f3n, por el momento.<\/p>\n\n\n\n<figure class=\"wp-block-embed is-type-video is-provider-youtube wp-block-embed-youtube wp-embed-aspect-16-9 wp-has-aspect-ratio\"><div class=\"wp-block-embed__wrapper\">\n<iframe loading=\"lazy\" title=\"Situaci\u00f3n de la investigaci\u00f3n por el homicidio del joven Lombardo\" width=\"640\" height=\"360\" src=\"https:\/\/www.youtube.com\/embed\/rMMODyPi08s?feature=oembed\" frameborder=\"0\" allow=\"accelerometer; autoplay; clipboard-write; encrypted-media; gyroscope; picture-in-picture; web-share\" referrerpolicy=\"strict-origin-when-cross-origin\" allowfullscreen><\/iframe>\n<\/div><\/figure>\n\n\n\n<p>Entre otros puntos, el funcionario judicial se refiri\u00f3 a la presencia de Fuerzas Especiales de la Polic\u00eda y efectivos de otras dependencias de la provincia, lo que responde a dos cuestiones bien definidas, el estado de situaci\u00f3n social ante este hecho y la falta de efectivos policiales locales (mencionado y reclamado por autoridades pol\u00edticas locales en reiteradas ocasiones).<\/p>\n","protected":false},"excerpt":{"rendered":"<p>Este lunes habl\u00f3 el asistente fiscal, Doctor Carballo. La causa est\u00e1 en manos de la Fiscal\u00eda de Responsabilidad Penal n\u00famero 1, a cargo del doctor Leandro Cortelezzi<\/p>\n","protected":false},"author":2,"featured_media":112922,"comment_status":"closed","ping_status":"open","sticky":false,"template":"","format":"standard","meta":{"footnotes":""},"categories":[1334],"tags":[9234],"class_list":["post-112921","post","type-post","status-publish","format-standard","has-post-thumbnail","hentry","category-inferior14","tag-informacion-de-distrito-interior"],"yoast_head":"<!-- This site is optimized with the Yoast SEO plugin v23.4 - https:\/\/yoast.com\/wordpress\/plugins\/seo\/ -->\n<title>General Villegas alterada por el asesinato de un joven de 18 a\u00f1os: el domingo manifestaci\u00f3n frente a la Comisar\u00eda - Infoecos<\/title>\n<meta name=\"robots\" content=\"index, follow, max-snippet:-1, max-image-preview:large, max-video-preview:-1\" \/>\n<link rel=\"canonical\" href=\"https:\/\/infoecos.com.ar\/index.php\/general-villegas-alterada-por-el-asesinato-de-un-joven-de-18-anos-anoche-manifestacion-frente-a-la-comisaria\/\" \/>\n<meta property=\"og:locale\" content=\"es_ES\" \/>\n<meta property=\"og:type\" content=\"article\" \/>\n<meta property=\"og:title\" content=\"General Villegas alterada por el asesinato de un joven de 18 a\u00f1os: el domingo manifestaci\u00f3n frente a la Comisar\u00eda - Infoecos\" \/>\n<meta property=\"og:description\" content=\"Este lunes habl\u00f3 el asistente fiscal, Doctor Carballo. La causa est\u00e1 en manos de la Fiscal\u00eda de Responsabilidad Penal n\u00famero 1, a cargo del doctor Leandro Cortelezzi\" \/>\n<meta property=\"og:url\" content=\"https:\/\/infoecos.com.ar\/index.php\/general-villegas-alterada-por-el-asesinato-de-un-joven-de-18-anos-anoche-manifestacion-frente-a-la-comisaria\/\" \/>\n<meta property=\"og:site_name\" content=\"Infoecos\" \/>\n<meta property=\"article:publisher\" content=\"https:\/\/www.facebook.com\/profile.php?id=100063200290284\" \/>\n<meta property=\"article:published_time\" content=\"2023-09-25T17:35:34+00:00\" \/>\n<meta property=\"article:modified_time\" content=\"2023-09-27T06:07:11+00:00\" \/>\n<meta property=\"og:image\" content=\"https:\/\/infoecos.com.ar\/wp-content\/uploads\/2023\/09\/383149981_643630017753669_1110118696058272407_n.jpg\" \/>\n\t<meta property=\"og:image:width\" content=\"756\" \/>\n\t<meta property=\"og:image:height\" content=\"377\" \/>\n\t<meta property=\"og:image:type\" content=\"image\/jpeg\" \/>\n<meta name=\"author\" content=\"Jorge Matheus\" \/>\n<meta name=\"twitter:card\" content=\"summary_large_image\" \/>\n<meta name=\"twitter:creator\" content=\"@infoecos\" \/>\n<meta name=\"twitter:site\" content=\"@infoecos\" \/>\n<meta name=\"twitter:label1\" content=\"Escrito por\" \/>\n\t<meta name=\"twitter:data1\" content=\"Jorge Matheus\" \/>\n\t<meta name=\"twitter:label2\" content=\"Tiempo de lectura\" \/>\n\t<meta name=\"twitter:data2\" content=\"2 minutos\" \/>\n<script type=\"application\/ld+json\" class=\"yoast-schema-graph\">{\"@context\":\"https:\/\/schema.org\",\"@graph\":[{\"@type\":\"Article\",\"@id\":\"https:\/\/infoecos.com.ar\/index.php\/general-villegas-alterada-por-el-asesinato-de-un-joven-de-18-anos-anoche-manifestacion-frente-a-la-comisaria\/#article\",\"isPartOf\":{\"@id\":\"https:\/\/infoecos.com.ar\/index.php\/general-villegas-alterada-por-el-asesinato-de-un-joven-de-18-anos-anoche-manifestacion-frente-a-la-comisaria\/\"},\"author\":{\"name\":\"Jorge Matheus\",\"@id\":\"https:\/\/infoecos.com.ar\/#\/schema\/person\/8f5ace5ce73b4b4aac4b7245aee6f191\"},\"headline\":\"General Villegas alterada por el asesinato de un joven de 18 a\u00f1os: el domingo manifestaci\u00f3n frente a la Comisar\u00eda\",\"datePublished\":\"2023-09-25T17:35:34+00:00\",\"dateModified\":\"2023-09-27T06:07:11+00:00\",\"mainEntityOfPage\":{\"@id\":\"https:\/\/infoecos.com.ar\/index.php\/general-villegas-alterada-por-el-asesinato-de-un-joven-de-18-anos-anoche-manifestacion-frente-a-la-comisaria\/\"},\"wordCount\":292,\"publisher\":{\"@id\":\"https:\/\/infoecos.com.ar\/#organization\"},\"image\":{\"@id\":\"https:\/\/infoecos.com.ar\/index.php\/general-villegas-alterada-por-el-asesinato-de-un-joven-de-18-anos-anoche-manifestacion-frente-a-la-comisaria\/#primaryimage\"},\"thumbnailUrl\":\"https:\/\/infoecos.com.ar\/wp-content\/uploads\/2023\/09\/383149981_643630017753669_1110118696058272407_n.jpg\",\"keywords\":[\"INFORMACI\u00d3N DE DISTRITO INTERIOR\"],\"articleSection\":[\"Bloque inferior - 14\"],\"inLanguage\":\"es\"},{\"@type\":\"WebPage\",\"@id\":\"https:\/\/infoecos.com.ar\/index.php\/general-villegas-alterada-por-el-asesinato-de-un-joven-de-18-anos-anoche-manifestacion-frente-a-la-comisaria\/\",\"url\":\"https:\/\/infoecos.com.ar\/index.php\/general-villegas-alterada-por-el-asesinato-de-un-joven-de-18-anos-anoche-manifestacion-frente-a-la-comisaria\/\",\"name\":\"General Villegas alterada por el asesinato de un joven de 18 a\u00f1os: el domingo manifestaci\u00f3n frente a la Comisar\u00eda - Infoecos\",\"isPartOf\":{\"@id\":\"https:\/\/infoecos.com.ar\/#website\"},\"primaryImageOfPage\":{\"@id\":\"https:\/\/infoecos.com.ar\/index.php\/general-villegas-alterada-por-el-asesinato-de-un-joven-de-18-anos-anoche-manifestacion-frente-a-la-comisaria\/#primaryimage\"},\"image\":{\"@id\":\"https:\/\/infoecos.com.ar\/index.php\/general-villegas-alterada-por-el-asesinato-de-un-joven-de-18-anos-anoche-manifestacion-frente-a-la-comisaria\/#primaryimage\"},\"thumbnailUrl\":\"https:\/\/infoecos.com.ar\/wp-content\/uploads\/2023\/09\/383149981_643630017753669_1110118696058272407_n.jpg\",\"datePublished\":\"2023-09-25T17:35:34+00:00\",\"dateModified\":\"2023-09-27T06:07:11+00:00\",\"breadcrumb\":{\"@id\":\"https:\/\/infoecos.com.ar\/index.php\/general-villegas-alterada-por-el-asesinato-de-un-joven-de-18-anos-anoche-manifestacion-frente-a-la-comisaria\/#breadcrumb\"},\"inLanguage\":\"es\",\"potentialAction\":[{\"@type\":\"ReadAction\",\"target\":[\"https:\/\/infoecos.com.ar\/index.php\/general-villegas-alterada-por-el-asesinato-de-un-joven-de-18-anos-anoche-manifestacion-frente-a-la-comisaria\/\"]}]},{\"@type\":\"ImageObject\",\"inLanguage\":\"es\",\"@id\":\"https:\/\/infoecos.com.ar\/index.php\/general-villegas-alterada-por-el-asesinato-de-un-joven-de-18-anos-anoche-manifestacion-frente-a-la-comisaria\/#primaryimage\",\"url\":\"https:\/\/infoecos.com.ar\/wp-content\/uploads\/2023\/09\/383149981_643630017753669_1110118696058272407_n.jpg\",\"contentUrl\":\"https:\/\/infoecos.com.ar\/wp-content\/uploads\/2023\/09\/383149981_643630017753669_1110118696058272407_n.jpg\",\"width\":756,\"height\":377},{\"@type\":\"BreadcrumbList\",\"@id\":\"https:\/\/infoecos.com.ar\/index.php\/general-villegas-alterada-por-el-asesinato-de-un-joven-de-18-anos-anoche-manifestacion-frente-a-la-comisaria\/#breadcrumb\",\"itemListElement\":[{\"@type\":\"ListItem\",\"position\":1,\"name\":\"Portada\",\"item\":\"https:\/\/infoecos.com.ar\/\"},{\"@type\":\"ListItem\",\"position\":2,\"name\":\"General Villegas alterada por el asesinato de un joven de 18 a\u00f1os: el domingo manifestaci\u00f3n frente a la Comisar\u00eda\"}]},{\"@type\":\"WebSite\",\"@id\":\"https:\/\/infoecos.com.ar\/#website\",\"url\":\"https:\/\/infoecos.com.ar\/\",\"name\":\"Infoecos\",\"description\":\"Noticias de trenque lauquen y la zona\",\"publisher\":{\"@id\":\"https:\/\/infoecos.com.ar\/#organization\"},\"alternateName\":\"Noticias\",\"potentialAction\":[{\"@type\":\"SearchAction\",\"target\":{\"@type\":\"EntryPoint\",\"urlTemplate\":\"https:\/\/infoecos.com.ar\/?s={search_term_string}\"},\"query-input\":{\"@type\":\"PropertyValueSpecification\",\"valueRequired\":true,\"valueName\":\"search_term_string\"}}],\"inLanguage\":\"es\"},{\"@type\":\"Organization\",\"@id\":\"https:\/\/infoecos.com.ar\/#organization\",\"name\":\"Infoecos\",\"alternateName\":\"Noticias\",\"url\":\"https:\/\/infoecos.com.ar\/\",\"logo\":{\"@type\":\"ImageObject\",\"inLanguage\":\"es\",\"@id\":\"https:\/\/infoecos.com.ar\/#\/schema\/logo\/image\/\",\"url\":\"https:\/\/infoecos.com.ar\/wp-content\/uploads\/2024\/03\/cropped-logo.png\",\"contentUrl\":\"https:\/\/infoecos.com.ar\/wp-content\/uploads\/2024\/03\/cropped-logo.png\",\"width\":374,\"height\":90,\"caption\":\"Infoecos\"},\"image\":{\"@id\":\"https:\/\/infoecos.com.ar\/#\/schema\/logo\/image\/\"},\"sameAs\":[\"https:\/\/www.facebook.com\/profile.php?id=100063200290284\",\"https:\/\/x.com\/infoecos\"]},{\"@type\":\"Person\",\"@id\":\"https:\/\/infoecos.com.ar\/#\/schema\/person\/8f5ace5ce73b4b4aac4b7245aee6f191\",\"name\":\"Jorge Matheus\",\"url\":\"https:\/\/infoecos.com.ar\/index.php\/author\/jomatheus\/\"}]}<\/script>\n<!-- \/ Yoast SEO plugin. -->","yoast_head_json":{"title":"General Villegas alterada por el asesinato de un joven de 18 a\u00f1os: el domingo manifestaci\u00f3n frente a la Comisar\u00eda - Infoecos","robots":{"index":"index","follow":"follow","max-snippet":"max-snippet:-1","max-image-preview":"max-image-preview:large","max-video-preview":"max-video-preview:-1"},"canonical":"https:\/\/infoecos.com.ar\/index.php\/general-villegas-alterada-por-el-asesinato-de-un-joven-de-18-anos-anoche-manifestacion-frente-a-la-comisaria\/","og_locale":"es_ES","og_type":"article","og_title":"General Villegas alterada por el asesinato de un joven de 18 a\u00f1os: el domingo manifestaci\u00f3n frente a la Comisar\u00eda - Infoecos","og_description":"Este lunes habl\u00f3 el asistente fiscal, Doctor Carballo. La causa est\u00e1 en manos de la Fiscal\u00eda de Responsabilidad Penal n\u00famero 1, a cargo del doctor Leandro Cortelezzi","og_url":"https:\/\/infoecos.com.ar\/index.php\/general-villegas-alterada-por-el-asesinato-de-un-joven-de-18-anos-anoche-manifestacion-frente-a-la-comisaria\/","og_site_name":"Infoecos","article_publisher":"https:\/\/www.facebook.com\/profile.php?id=100063200290284","article_published_time":"2023-09-25T17:35:34+00:00","article_modified_time":"2023-09-27T06:07:11+00:00","og_image":[{"width":756,"height":377,"url":"https:\/\/infoecos.com.ar\/wp-content\/uploads\/2023\/09\/383149981_643630017753669_1110118696058272407_n.jpg","type":"image\/jpeg"}],"author":"Jorge Matheus","twitter_card":"summary_large_image","twitter_creator":"@infoecos","twitter_site":"@infoecos","twitter_misc":{"Escrito por":"Jorge Matheus","Tiempo de lectura":"2 minutos"},"schema":{"@context":"https:\/\/schema.org","@graph":[{"@type":"Article","@id":"https:\/\/infoecos.com.ar\/index.php\/general-villegas-alterada-por-el-asesinato-de-un-joven-de-18-anos-anoche-manifestacion-frente-a-la-comisaria\/#article","isPartOf":{"@id":"https:\/\/infoecos.com.ar\/index.php\/general-villegas-alterada-por-el-asesinato-de-un-joven-de-18-anos-anoche-manifestacion-frente-a-la-comisaria\/"},"author":{"name":"Jorge Matheus","@id":"https:\/\/infoecos.com.ar\/#\/schema\/person\/8f5ace5ce73b4b4aac4b7245aee6f191"},"headline":"General Villegas alterada por el asesinato de un joven de 18 a\u00f1os: el domingo manifestaci\u00f3n frente a la Comisar\u00eda","datePublished":"2023-09-25T17:35:34+00:00","dateModified":"2023-09-27T06:07:11+00:00","mainEntityOfPage":{"@id":"https:\/\/infoecos.com.ar\/index.php\/general-villegas-alterada-por-el-asesinato-de-un-joven-de-18-anos-anoche-manifestacion-frente-a-la-comisaria\/"},"wordCount":292,"publisher":{"@id":"https:\/\/infoecos.com.ar\/#organization"},"image":{"@id":"https:\/\/infoecos.com.ar\/index.php\/general-villegas-alterada-por-el-asesinato-de-un-joven-de-18-anos-anoche-manifestacion-frente-a-la-comisaria\/#primaryimage"},"thumbnailUrl":"https:\/\/infoecos.com.ar\/wp-content\/uploads\/2023\/09\/383149981_643630017753669_1110118696058272407_n.jpg","keywords":["INFORMACI\u00d3N DE DISTRITO INTERIOR"],"articleSection":["Bloque inferior - 14"],"inLanguage":"es"},{"@type":"WebPage","@id":"https:\/\/infoecos.com.ar\/index.php\/general-villegas-alterada-por-el-asesinato-de-un-joven-de-18-anos-anoche-manifestacion-frente-a-la-comisaria\/","url":"https:\/\/infoecos.com.ar\/index.php\/general-villegas-alterada-por-el-asesinato-de-un-joven-de-18-anos-anoche-manifestacion-frente-a-la-comisaria\/","name":"General Villegas alterada por el asesinato de un joven de 18 a\u00f1os: el domingo manifestaci\u00f3n frente a la Comisar\u00eda - Infoecos","isPartOf":{"@id":"https:\/\/infoecos.com.ar\/#website"},"primaryImageOfPage":{"@id":"https:\/\/infoecos.com.ar\/index.php\/general-villegas-alterada-por-el-asesinato-de-un-joven-de-18-anos-anoche-manifestacion-frente-a-la-comisaria\/#primaryimage"},"image":{"@id":"https:\/\/infoecos.com.ar\/index.php\/general-villegas-alterada-por-el-asesinato-de-un-joven-de-18-anos-anoche-manifestacion-frente-a-la-comisaria\/#primaryimage"},"thumbnailUrl":"https:\/\/infoecos.com.ar\/wp-content\/uploads\/2023\/09\/383149981_643630017753669_1110118696058272407_n.jpg","datePublished":"2023-09-25T17:35:34+00:00","dateModified":"2023-09-27T06:07:11+00:00","breadcrumb":{"@id":"https:\/\/infoecos.com.ar\/index.php\/general-villegas-alterada-por-el-asesinato-de-un-joven-de-18-anos-anoche-manifestacion-frente-a-la-comisaria\/#breadcrumb"},"inLanguage":"es","potentialAction":[{"@type":"ReadAction","target":["https:\/\/infoecos.com.ar\/index.php\/general-villegas-alterada-por-el-asesinato-de-un-joven-de-18-anos-anoche-manifestacion-frente-a-la-comisaria\/"]}]},{"@type":"ImageObject","inLanguage":"es","@id":"https:\/\/infoecos.com.ar\/index.php\/general-villegas-alterada-por-el-asesinato-de-un-joven-de-18-anos-anoche-manifestacion-frente-a-la-comisaria\/#primaryimage","url":"https:\/\/infoecos.com.ar\/wp-content\/uploads\/2023\/09\/383149981_643630017753669_1110118696058272407_n.jpg","contentUrl":"https:\/\/infoecos.com.ar\/wp-content\/uploads\/2023\/09\/383149981_643630017753669_1110118696058272407_n.jpg","width":756,"height":377},{"@type":"BreadcrumbList","@id":"https:\/\/infoecos.com.ar\/index.php\/general-villegas-alterada-por-el-asesinato-de-un-joven-de-18-anos-anoche-manifestacion-frente-a-la-comisaria\/#breadcrumb","itemListElement":[{"@type":"ListItem","position":1,"name":"Portada","item":"https:\/\/infoecos.com.ar\/"},{"@type":"ListItem","position":2,"name":"General Villegas alterada por el asesinato de un joven de 18 a\u00f1os: el domingo manifestaci\u00f3n frente a la Comisar\u00eda"}]},{"@type":"WebSite","@id":"https:\/\/infoecos.com.ar\/#website","url":"https:\/\/infoecos.com.ar\/","name":"Infoecos","description":"Noticias de trenque lauquen y la zona","publisher":{"@id":"https:\/\/infoecos.com.ar\/#organization"},"alternateName":"Noticias","potentialAction":[{"@type":"SearchAction","target":{"@type":"EntryPoint","urlTemplate":"https:\/\/infoecos.com.ar\/?s={search_term_string}"},"query-input":{"@type":"PropertyValueSpecification","valueRequired":true,"valueName":"search_term_string"}}],"inLanguage":"es"},{"@type":"Organization","@id":"https:\/\/infoecos.com.ar\/#organization","name":"Infoecos","alternateName":"Noticias","url":"https:\/\/infoecos.com.ar\/","logo":{"@type":"ImageObject","inLanguage":"es","@id":"https:\/\/infoecos.com.ar\/#\/schema\/logo\/image\/","url":"https:\/\/infoecos.com.ar\/wp-content\/uploads\/2024\/03\/cropped-logo.png","contentUrl":"https:\/\/infoecos.com.ar\/wp-content\/uploads\/2024\/03\/cropped-logo.png","width":374,"height":90,"caption":"Infoecos"},"image":{"@id":"https:\/\/infoecos.com.ar\/#\/schema\/logo\/image\/"},"sameAs":["https:\/\/www.facebook.com\/profile.php?id=100063200290284","https:\/\/x.com\/infoecos"]},{"@type":"Person","@id":"https:\/\/infoecos.com.ar\/#\/schema\/person\/8f5ace5ce73b4b4aac4b7245aee6f191","name":"Jorge Matheus","url":"https:\/\/infoecos.com.ar\/index.php\/author\/jomatheus\/"}]}},"featured_image_urls":{"full":["https:\/\/infoecos.com.ar\/wp-content\/uploads\/2023\/09\/383149981_643630017753669_1110118696058272407_n.jpg",756,377,false],"thumbnail":["https:\/\/infoecos.com.ar\/wp-content\/uploads\/2023\/09\/383149981_643630017753669_1110118696058272407_n-300x150.jpg",300,150,true],"medium":["https:\/\/infoecos.com.ar\/wp-content\/uploads\/2023\/09\/383149981_643630017753669_1110118696058272407_n.jpg",756,377,false],"medium_large":["https:\/\/infoecos.com.ar\/wp-content\/uploads\/2023\/09\/383149981_643630017753669_1110118696058272407_n.jpg",640,319,false],"large":["https:\/\/infoecos.com.ar\/wp-content\/uploads\/2023\/09\/383149981_643630017753669_1110118696058272407_n.jpg",640,319,false],"1536x1536":["https:\/\/infoecos.com.ar\/wp-content\/uploads\/2023\/09\/383149981_643630017753669_1110118696058272407_n.jpg",756,377,false],"2048x2048":["https:\/\/infoecos.com.ar\/wp-content\/uploads\/2023\/09\/383149981_643630017753669_1110118696058272407_n.jpg",756,377,false],"covernews-slider-full":["https:\/\/infoecos.com.ar\/wp-content\/uploads\/2023\/09\/383149981_643630017753669_1110118696058272407_n.jpg",756,377,false],"covernews-slider-center":["https:\/\/infoecos.com.ar\/wp-content\/uploads\/2023\/09\/383149981_643630017753669_1110118696058272407_n.jpg",756,377,false],"covernews-featured":["https:\/\/infoecos.com.ar\/wp-content\/uploads\/2023\/09\/383149981_643630017753669_1110118696058272407_n.jpg",756,377,false],"covernews-medium":["https:\/\/infoecos.com.ar\/wp-content\/uploads\/2023\/09\/383149981_643630017753669_1110118696058272407_n-720x377.jpg",540,283,true],"covernews-medium-square":["https:\/\/infoecos.com.ar\/wp-content\/uploads\/2023\/09\/383149981_643630017753669_1110118696058272407_n-675x377.jpg",400,223,true]},"author_info":{"info":["Jorge Matheus"]},"category_info":"<a href=\"https:\/\/infoecos.com.ar\/index.php\/category\/inferior14\/\" rel=\"category tag\">Bloque inferior - 14<\/a>","tag_info":"Bloque inferior - 14","comment_count":"0","_links":{"self":[{"href":"https:\/\/infoecos.com.ar\/index.php\/wp-json\/wp\/v2\/posts\/112921"}],"collection":[{"href":"https:\/\/infoecos.com.ar\/index.php\/wp-json\/wp\/v2\/posts"}],"about":[{"href":"https:\/\/infoecos.com.ar\/index.php\/wp-json\/wp\/v2\/types\/post"}],"author":[{"embeddable":true,"href":"https:\/\/infoecos.com.ar\/index.php\/wp-json\/wp\/v2\/users\/2"}],"replies":[{"embeddable":true,"href":"https:\/\/infoecos.com.ar\/index.php\/wp-json\/wp\/v2\/comments?post=112921"}],"version-history":[{"count":3,"href":"https:\/\/infoecos.com.ar\/index.php\/wp-json\/wp\/v2\/posts\/112921\/revisions"}],"predecessor-version":[{"id":112972,"href":"https:\/\/infoecos.com.ar\/index.php\/wp-json\/wp\/v2\/posts\/112921\/revisions\/112972"}],"wp:featuredmedia":[{"embeddable":true,"href":"https:\/\/infoecos.com.ar\/index.php\/wp-json\/wp\/v2\/media\/112922"}],"wp:attachment":[{"href":"https:\/\/infoecos.com.ar\/index.php\/wp-json\/wp\/v2\/media?parent=112921"}],"wp:term":[{"taxonomy":"category","embeddable":true,"href":"https:\/\/infoecos.com.ar\/index.php\/wp-json\/wp\/v2\/categories?post=112921"},{"taxonomy":"post_tag","embeddable":true,"href":"https:\/\/infoecos.com.ar\/index.php\/wp-json\/wp\/v2\/tags?post=112921"}],"curies":[{"name":"wp","href":"https:\/\/api.w.org\/{rel}","templated":true}]}}