{"id":112932,"date":"2023-09-25T15:19:30","date_gmt":"2023-09-25T18:19:30","guid":{"rendered":"https:\/\/infoecos.com.ar\/?p=112932"},"modified":"2023-09-27T00:34:43","modified_gmt":"2023-09-27T03:34:43","slug":"postergaron-la-inauguracion-de-la-estacion-de-transferencia-en-el-polo-ambiental-trenque-lauquen","status":"publish","type":"post","link":"https:\/\/infoecos.com.ar\/index.php\/postergaron-la-inauguracion-de-la-estacion-de-transferencia-en-el-polo-ambiental-trenque-lauquen\/","title":{"rendered":"Postergaron la inauguraci\u00f3n de la Estaci\u00f3n de Transferencia en el Polo Ambiental Trenque Lauquen"},"content":{"rendered":"\n<p>El acto de inauguraci\u00f3n de la Estaci\u00f3n de Transferencia en el Polo Ambiental Trenque Lauquen (Scalese 1500) que estaba previsto para este martes fue postergado hasta nuevo aviso. <\/p>\n\n\n\n<p>La Estaci\u00f3n de Transferencia se enmarca en el proyecto del Polo Ambiental como eje de la gesti\u00f3n de  Fern\u00e1ndez.<\/p>\n\n\n\n<figure class=\"wp-block-gallery has-nested-images columns-default is-cropped wp-block-gallery-1 is-layout-flex wp-block-gallery-is-layout-flex\">\n<figure class=\"wp-block-image size-large\"><img loading=\"lazy\" decoding=\"async\" width=\"593\" height=\"395\" data-id=\"86698\" src=\"https:\/\/infoecos.com.ar\/wp-content\/uploads\/2021\/09\/poloambiental35inaugura-1.jpg\" alt=\"\" class=\"wp-image-86698\" srcset=\"https:\/\/infoecos.com.ar\/wp-content\/uploads\/2021\/09\/poloambiental35inaugura-1.jpg 593w, https:\/\/infoecos.com.ar\/wp-content\/uploads\/2021\/09\/poloambiental35inaugura-1-460x306.jpg 460w\" sizes=\"(max-width: 593px) 100vw, 593px\" \/><figcaption class=\"wp-element-caption\">Polo Ambiental T.Lauquen<\/figcaption><\/figure>\n\n\n\n<figure class=\"wp-block-image size-large\"><img loading=\"lazy\" decoding=\"async\" width=\"900\" height=\"600\" data-id=\"86696\" src=\"https:\/\/infoecos.com.ar\/wp-content\/uploads\/2021\/09\/poloambiental33.jpg\" alt=\"\" class=\"wp-image-86696\" srcset=\"https:\/\/infoecos.com.ar\/wp-content\/uploads\/2021\/09\/poloambiental33.jpg 900w, https:\/\/infoecos.com.ar\/wp-content\/uploads\/2021\/09\/poloambiental33-460x307.jpg 460w, https:\/\/infoecos.com.ar\/wp-content\/uploads\/2021\/09\/poloambiental33-768x512.jpg 768w, https:\/\/infoecos.com.ar\/wp-content\/uploads\/2021\/09\/poloambiental33-675x450.jpg 675w\" sizes=\"(max-width: 900px) 100vw, 900px\" \/><figcaption class=\"wp-element-caption\">Polo Ambiental T.Lauquen<\/figcaption><\/figure>\n\n\n\n<figure class=\"wp-block-image size-large\"><img loading=\"lazy\" decoding=\"async\" width=\"900\" height=\"600\" data-id=\"86675\" src=\"https:\/\/infoecos.com.ar\/wp-content\/uploads\/2021\/09\/poloambiental5.jpg\" alt=\"\" class=\"wp-image-86675\" srcset=\"https:\/\/infoecos.com.ar\/wp-content\/uploads\/2021\/09\/poloambiental5.jpg 900w, https:\/\/infoecos.com.ar\/wp-content\/uploads\/2021\/09\/poloambiental5-460x307.jpg 460w, https:\/\/infoecos.com.ar\/wp-content\/uploads\/2021\/09\/poloambiental5-768x512.jpg 768w, https:\/\/infoecos.com.ar\/wp-content\/uploads\/2021\/09\/poloambiental5-675x450.jpg 675w\" sizes=\"(max-width: 900px) 100vw, 900px\" \/><figcaption class=\"wp-element-caption\">Polo Ambiental T.Lauquen<\/figcaption><\/figure>\n\n\n\n<figure class=\"wp-block-image size-large\"><img loading=\"lazy\" decoding=\"async\" width=\"900\" height=\"600\" data-id=\"86673\" src=\"https:\/\/infoecos.com.ar\/wp-content\/uploads\/2021\/09\/poloambiental3.jpg\" alt=\"\" class=\"wp-image-86673\" srcset=\"https:\/\/infoecos.com.ar\/wp-content\/uploads\/2021\/09\/poloambiental3.jpg 900w, https:\/\/infoecos.com.ar\/wp-content\/uploads\/2021\/09\/poloambiental3-460x307.jpg 460w, https:\/\/infoecos.com.ar\/wp-content\/uploads\/2021\/09\/poloambiental3-768x512.jpg 768w, https:\/\/infoecos.com.ar\/wp-content\/uploads\/2021\/09\/poloambiental3-675x450.jpg 675w\" sizes=\"(max-width: 900px) 100vw, 900px\" \/><figcaption class=\"wp-element-caption\">Polo Ambiental T.Lauquen<\/figcaption><\/figure>\n\n\n\n<figure class=\"wp-block-image size-large\"><img loading=\"lazy\" decoding=\"async\" width=\"852\" height=\"568\" data-id=\"86572\" src=\"https:\/\/infoecos.com.ar\/wp-content\/uploads\/2021\/09\/Polo-Ambiental.jpg\" alt=\"\" class=\"wp-image-86572\" srcset=\"https:\/\/infoecos.com.ar\/wp-content\/uploads\/2021\/09\/Polo-Ambiental.jpg 852w, https:\/\/infoecos.com.ar\/wp-content\/uploads\/2021\/09\/Polo-Ambiental-460x307.jpg 460w, https:\/\/infoecos.com.ar\/wp-content\/uploads\/2021\/09\/Polo-Ambiental-768x512.jpg 768w, https:\/\/infoecos.com.ar\/wp-content\/uploads\/2021\/09\/Polo-Ambiental-675x450.jpg 675w\" sizes=\"(max-width: 852px) 100vw, 852px\" \/><figcaption class=\"wp-element-caption\">Polo Ambiental T.Lauquen<\/figcaption><\/figure>\n\n\n\n<figure class=\"wp-block-image size-large\"><img decoding=\"async\" data-id=\"42209\" src=\"https:\/\/infoecos.com.ar\/wp-content\/uploads\/Prolim-2-920x611.jpg\" alt=\"\" class=\"wp-image-42209\"\/><figcaption class=\"wp-element-caption\">Trenque Lauquen &#8211; Polo Ambiental<\/figcaption><\/figure>\n<\/figure>\n\n\n\n<p>Todos los residuos secos voluminosos que son arrojados y que hoy no son recuperados, ser\u00e1n tratados, clasificados y procesados para ingresar al circuito de la econom\u00eda circular.<\/p>\n\n\n\n<p>La Estaci\u00f3n de Transferencia ocupa un espacio de 7500 m2, y cuenta con un cartel de ingreso informando los d\u00edas y horarios de atenci\u00f3n, as\u00ed como los residuos que podr\u00e1n ser depositados en cada sector se encontrar\u00e1 debidamente identificado. Comparte el ingreso con el Polo Ambiental, donde se realizar\u00e1 el registro de entrada, identificando los veh\u00edculos y los residuos a descargar.<\/p>\n\n\n\n<p>El predio se encuentra delimitado por un cierre perimetral de 1,8 metros de altura, reforzado con una cortina forestal de casuarinas que asegurar\u00e1 el mantenimiento y evitar\u00e1 voladuras de los residuos.<\/p>\n\n\n\n<p>A metros del ingreso, y en la Estaci\u00f3n de Transferencia habr\u00e1 un container modificado y acondicionado para el dep\u00f3sito de residuos especiales tales como Residuos de Aparatos El\u00e9ctricos y Electr\u00f3nicos (RAEES), Residuos Textiles, Pilas, bater\u00edas, focos, entre otros.<\/p>\n\n\n\n<figure class=\"wp-block-gallery has-nested-images columns-default is-cropped wp-block-gallery-2 is-layout-flex wp-block-gallery-is-layout-flex\">\n<figure class=\"wp-block-image size-large\"><img loading=\"lazy\" decoding=\"async\" width=\"974\" height=\"651\" data-id=\"112701\" src=\"https:\/\/infoecos.com.ar\/wp-content\/uploads\/2023\/09\/Estacion-de-transferencia-3.jpg\" alt=\"\" class=\"wp-image-112701\" srcset=\"https:\/\/infoecos.com.ar\/wp-content\/uploads\/2023\/09\/Estacion-de-transferencia-3.jpg 974w, https:\/\/infoecos.com.ar\/wp-content\/uploads\/2023\/09\/Estacion-de-transferencia-3-800x535.jpg 800w, https:\/\/infoecos.com.ar\/wp-content\/uploads\/2023\/09\/Estacion-de-transferencia-3-768x513.jpg 768w, https:\/\/infoecos.com.ar\/wp-content\/uploads\/2023\/09\/Estacion-de-transferencia-3-675x450.jpg 675w\" sizes=\"(max-width: 974px) 100vw, 974px\" \/><figcaption class=\"wp-element-caption\">Polo Ambiental Modulos de transferencia<\/figcaption><\/figure>\n\n\n\n<figure class=\"wp-block-image size-large\"><img loading=\"lazy\" decoding=\"async\" width=\"974\" height=\"651\" data-id=\"112702\" src=\"https:\/\/infoecos.com.ar\/wp-content\/uploads\/2023\/09\/Estacion-de-transferencia-2.jpg\" alt=\"\" class=\"wp-image-112702\" srcset=\"https:\/\/infoecos.com.ar\/wp-content\/uploads\/2023\/09\/Estacion-de-transferencia-2.jpg 974w, https:\/\/infoecos.com.ar\/wp-content\/uploads\/2023\/09\/Estacion-de-transferencia-2-800x535.jpg 800w, https:\/\/infoecos.com.ar\/wp-content\/uploads\/2023\/09\/Estacion-de-transferencia-2-768x513.jpg 768w, https:\/\/infoecos.com.ar\/wp-content\/uploads\/2023\/09\/Estacion-de-transferencia-2-675x450.jpg 675w\" sizes=\"(max-width: 974px) 100vw, 974px\" \/><figcaption class=\"wp-element-caption\">Polo Ambiental Modulos de transferencia<\/figcaption><\/figure>\n\n\n\n<figure class=\"wp-block-image size-large\"><img loading=\"lazy\" decoding=\"async\" width=\"974\" height=\"651\" data-id=\"112700\" src=\"https:\/\/infoecos.com.ar\/wp-content\/uploads\/2023\/09\/Estacion-de-transferencia-1.jpg\" alt=\"\" class=\"wp-image-112700\" srcset=\"https:\/\/infoecos.com.ar\/wp-content\/uploads\/2023\/09\/Estacion-de-transferencia-1.jpg 974w, https:\/\/infoecos.com.ar\/wp-content\/uploads\/2023\/09\/Estacion-de-transferencia-1-800x535.jpg 800w, https:\/\/infoecos.com.ar\/wp-content\/uploads\/2023\/09\/Estacion-de-transferencia-1-768x513.jpg 768w, https:\/\/infoecos.com.ar\/wp-content\/uploads\/2023\/09\/Estacion-de-transferencia-1-675x450.jpg 675w\" sizes=\"(max-width: 974px) 100vw, 974px\" \/><figcaption class=\"wp-element-caption\">Polo Ambiental Modulos de transferencia<\/figcaption><\/figure>\n<\/figure>\n\n\n\n<p>A continuaci\u00f3n, se encontrar\u00e1n tres (3) boxes cubiertos\/techados para depositar Aceite Vegetal Usado (AVU) y Aceite Mineral Usado (AMU), neum\u00e1ticos fuera de uso (NeFU) y grandes electrodom\u00e9sticos de l\u00ednea blanca.<\/p>\n\n\n\n<p>Y luego, se ubicar\u00e1n 15 volquetes donde el vecino\/a puede depositar los materiales reciclables (papel, cart\u00f3n, envases pl\u00e1sticos, vidrio, metales, entre otros), y tambi\u00e9n chatarra, escombros y residuos de construcci\u00f3n, ramas y c\u00e9sped. Para el movimiento de los mencionados volquetes el Municipio adquiri\u00f3 un cami\u00f3n volquetero.<\/p>\n","protected":false},"excerpt":{"rendered":"<p>La Estaci\u00f3n de Transferencia ocupa un espacio de 7500 m2, y cuenta con un cartel de ingreso informando los d\u00edas y horarios de atenci\u00f3n, as\u00ed como los residuos que podr\u00e1n ser depositados en cada sector se encontrar\u00e1 debidamente identificado. Comparte el ingreso con el Polo Ambiental, donde se realizar\u00e1 el registro de entrada, identificando los veh\u00edculos y los residuos a descargar<\/p>\n","protected":false},"author":2,"featured_media":86675,"comment_status":"closed","ping_status":"open","sticky":false,"template":"","format":"standard","meta":{"footnotes":""},"categories":[40],"tags":[9238],"class_list":["post-112932","post","type-post","status-publish","format-standard","has-post-thumbnail","hentry","category-inferior1","tag-hasta-nuevo-aviso"],"yoast_head":"<!-- This site is optimized with the Yoast SEO plugin v23.4 - https:\/\/yoast.com\/wordpress\/plugins\/seo\/ -->\n<title>Postergaron la inauguraci\u00f3n de la Estaci\u00f3n de Transferencia en el Polo Ambiental Trenque Lauquen - Infoecos<\/title>\n<meta name=\"robots\" content=\"index, follow, max-snippet:-1, max-image-preview:large, max-video-preview:-1\" \/>\n<link rel=\"canonical\" href=\"https:\/\/infoecos.com.ar\/index.php\/postergaron-la-inauguracion-de-la-estacion-de-transferencia-en-el-polo-ambiental-trenque-lauquen\/\" \/>\n<meta property=\"og:locale\" content=\"es_ES\" \/>\n<meta property=\"og:type\" content=\"article\" \/>\n<meta property=\"og:title\" content=\"Postergaron la inauguraci\u00f3n de la Estaci\u00f3n de Transferencia en el Polo Ambiental Trenque Lauquen - Infoecos\" \/>\n<meta property=\"og:description\" content=\"La Estaci\u00f3n de Transferencia ocupa un espacio de 7500 m2, y cuenta con un cartel de ingreso informando los d\u00edas y horarios de atenci\u00f3n, as\u00ed como los residuos que podr\u00e1n ser depositados en cada sector se encontrar\u00e1 debidamente identificado. Comparte el ingreso con el Polo Ambiental, donde se realizar\u00e1 el registro de entrada, identificando los veh\u00edculos y los residuos a descargar\" \/>\n<meta property=\"og:url\" content=\"https:\/\/infoecos.com.ar\/index.php\/postergaron-la-inauguracion-de-la-estacion-de-transferencia-en-el-polo-ambiental-trenque-lauquen\/\" \/>\n<meta property=\"og:site_name\" content=\"Infoecos\" \/>\n<meta property=\"article:publisher\" content=\"https:\/\/www.facebook.com\/profile.php?id=100063200290284\" \/>\n<meta property=\"article:published_time\" content=\"2023-09-25T18:19:30+00:00\" \/>\n<meta property=\"article:modified_time\" content=\"2023-09-27T03:34:43+00:00\" \/>\n<meta property=\"og:image\" content=\"https:\/\/infoecos.com.ar\/wp-content\/uploads\/2021\/09\/poloambiental5.jpg\" \/>\n\t<meta property=\"og:image:width\" content=\"900\" \/>\n\t<meta property=\"og:image:height\" content=\"600\" \/>\n\t<meta property=\"og:image:type\" content=\"image\/jpeg\" \/>\n<meta name=\"author\" content=\"Jorge Matheus\" \/>\n<meta name=\"twitter:card\" content=\"summary_large_image\" \/>\n<meta name=\"twitter:creator\" content=\"@infoecos\" \/>\n<meta name=\"twitter:site\" content=\"@infoecos\" \/>\n<meta name=\"twitter:label1\" content=\"Escrito por\" \/>\n\t<meta name=\"twitter:data1\" content=\"Jorge Matheus\" \/>\n\t<meta name=\"twitter:label2\" content=\"Tiempo de lectura\" \/>\n\t<meta name=\"twitter:data2\" content=\"4 minutos\" \/>\n<script type=\"application\/ld+json\" class=\"yoast-schema-graph\">{\"@context\":\"https:\/\/schema.org\",\"@graph\":[{\"@type\":\"Article\",\"@id\":\"https:\/\/infoecos.com.ar\/index.php\/postergaron-la-inauguracion-de-la-estacion-de-transferencia-en-el-polo-ambiental-trenque-lauquen\/#article\",\"isPartOf\":{\"@id\":\"https:\/\/infoecos.com.ar\/index.php\/postergaron-la-inauguracion-de-la-estacion-de-transferencia-en-el-polo-ambiental-trenque-lauquen\/\"},\"author\":{\"name\":\"Jorge Matheus\",\"@id\":\"https:\/\/infoecos.com.ar\/#\/schema\/person\/8f5ace5ce73b4b4aac4b7245aee6f191\"},\"headline\":\"Postergaron la inauguraci\u00f3n de la Estaci\u00f3n de Transferencia en el Polo Ambiental Trenque Lauquen\",\"datePublished\":\"2023-09-25T18:19:30+00:00\",\"dateModified\":\"2023-09-27T03:34:43+00:00\",\"mainEntityOfPage\":{\"@id\":\"https:\/\/infoecos.com.ar\/index.php\/postergaron-la-inauguracion-de-la-estacion-de-transferencia-en-el-polo-ambiental-trenque-lauquen\/\"},\"wordCount\":362,\"publisher\":{\"@id\":\"https:\/\/infoecos.com.ar\/#organization\"},\"image\":{\"@id\":\"https:\/\/infoecos.com.ar\/index.php\/postergaron-la-inauguracion-de-la-estacion-de-transferencia-en-el-polo-ambiental-trenque-lauquen\/#primaryimage\"},\"thumbnailUrl\":\"https:\/\/infoecos.com.ar\/wp-content\/uploads\/2021\/09\/poloambiental5.jpg\",\"keywords\":[\"HASTA NUEVO AVISO\"],\"articleSection\":[\"Bloque inferior - 1\"],\"inLanguage\":\"es\"},{\"@type\":\"WebPage\",\"@id\":\"https:\/\/infoecos.com.ar\/index.php\/postergaron-la-inauguracion-de-la-estacion-de-transferencia-en-el-polo-ambiental-trenque-lauquen\/\",\"url\":\"https:\/\/infoecos.com.ar\/index.php\/postergaron-la-inauguracion-de-la-estacion-de-transferencia-en-el-polo-ambiental-trenque-lauquen\/\",\"name\":\"Postergaron la inauguraci\u00f3n de la Estaci\u00f3n de Transferencia en el Polo Ambiental Trenque Lauquen - Infoecos\",\"isPartOf\":{\"@id\":\"https:\/\/infoecos.com.ar\/#website\"},\"primaryImageOfPage\":{\"@id\":\"https:\/\/infoecos.com.ar\/index.php\/postergaron-la-inauguracion-de-la-estacion-de-transferencia-en-el-polo-ambiental-trenque-lauquen\/#primaryimage\"},\"image\":{\"@id\":\"https:\/\/infoecos.com.ar\/index.php\/postergaron-la-inauguracion-de-la-estacion-de-transferencia-en-el-polo-ambiental-trenque-lauquen\/#primaryimage\"},\"thumbnailUrl\":\"https:\/\/infoecos.com.ar\/wp-content\/uploads\/2021\/09\/poloambiental5.jpg\",\"datePublished\":\"2023-09-25T18:19:30+00:00\",\"dateModified\":\"2023-09-27T03:34:43+00:00\",\"breadcrumb\":{\"@id\":\"https:\/\/infoecos.com.ar\/index.php\/postergaron-la-inauguracion-de-la-estacion-de-transferencia-en-el-polo-ambiental-trenque-lauquen\/#breadcrumb\"},\"inLanguage\":\"es\",\"potentialAction\":[{\"@type\":\"ReadAction\",\"target\":[\"https:\/\/infoecos.com.ar\/index.php\/postergaron-la-inauguracion-de-la-estacion-de-transferencia-en-el-polo-ambiental-trenque-lauquen\/\"]}]},{\"@type\":\"ImageObject\",\"inLanguage\":\"es\",\"@id\":\"https:\/\/infoecos.com.ar\/index.php\/postergaron-la-inauguracion-de-la-estacion-de-transferencia-en-el-polo-ambiental-trenque-lauquen\/#primaryimage\",\"url\":\"https:\/\/infoecos.com.ar\/wp-content\/uploads\/2021\/09\/poloambiental5.jpg\",\"contentUrl\":\"https:\/\/infoecos.com.ar\/wp-content\/uploads\/2021\/09\/poloambiental5.jpg\",\"width\":900,\"height\":600},{\"@type\":\"BreadcrumbList\",\"@id\":\"https:\/\/infoecos.com.ar\/index.php\/postergaron-la-inauguracion-de-la-estacion-de-transferencia-en-el-polo-ambiental-trenque-lauquen\/#breadcrumb\",\"itemListElement\":[{\"@type\":\"ListItem\",\"position\":1,\"name\":\"Portada\",\"item\":\"https:\/\/infoecos.com.ar\/\"},{\"@type\":\"ListItem\",\"position\":2,\"name\":\"Postergaron la inauguraci\u00f3n de la Estaci\u00f3n de Transferencia en el Polo Ambiental Trenque Lauquen\"}]},{\"@type\":\"WebSite\",\"@id\":\"https:\/\/infoecos.com.ar\/#website\",\"url\":\"https:\/\/infoecos.com.ar\/\",\"name\":\"Infoecos\",\"description\":\"Noticias de trenque lauquen y la zona\",\"publisher\":{\"@id\":\"https:\/\/infoecos.com.ar\/#organization\"},\"alternateName\":\"Noticias\",\"potentialAction\":[{\"@type\":\"SearchAction\",\"target\":{\"@type\":\"EntryPoint\",\"urlTemplate\":\"https:\/\/infoecos.com.ar\/?s={search_term_string}\"},\"query-input\":{\"@type\":\"PropertyValueSpecification\",\"valueRequired\":true,\"valueName\":\"search_term_string\"}}],\"inLanguage\":\"es\"},{\"@type\":\"Organization\",\"@id\":\"https:\/\/infoecos.com.ar\/#organization\",\"name\":\"Infoecos\",\"alternateName\":\"Noticias\",\"url\":\"https:\/\/infoecos.com.ar\/\",\"logo\":{\"@type\":\"ImageObject\",\"inLanguage\":\"es\",\"@id\":\"https:\/\/infoecos.com.ar\/#\/schema\/logo\/image\/\",\"url\":\"https:\/\/infoecos.com.ar\/wp-content\/uploads\/2024\/03\/cropped-logo.png\",\"contentUrl\":\"https:\/\/infoecos.com.ar\/wp-content\/uploads\/2024\/03\/cropped-logo.png\",\"width\":374,\"height\":90,\"caption\":\"Infoecos\"},\"image\":{\"@id\":\"https:\/\/infoecos.com.ar\/#\/schema\/logo\/image\/\"},\"sameAs\":[\"https:\/\/www.facebook.com\/profile.php?id=100063200290284\",\"https:\/\/x.com\/infoecos\"]},{\"@type\":\"Person\",\"@id\":\"https:\/\/infoecos.com.ar\/#\/schema\/person\/8f5ace5ce73b4b4aac4b7245aee6f191\",\"name\":\"Jorge Matheus\",\"url\":\"https:\/\/infoecos.com.ar\/index.php\/author\/jomatheus\/\"}]}<\/script>\n<!-- \/ Yoast SEO plugin. -->","yoast_head_json":{"title":"Postergaron la inauguraci\u00f3n de la Estaci\u00f3n de Transferencia en el Polo Ambiental Trenque Lauquen - Infoecos","robots":{"index":"index","follow":"follow","max-snippet":"max-snippet:-1","max-image-preview":"max-image-preview:large","max-video-preview":"max-video-preview:-1"},"canonical":"https:\/\/infoecos.com.ar\/index.php\/postergaron-la-inauguracion-de-la-estacion-de-transferencia-en-el-polo-ambiental-trenque-lauquen\/","og_locale":"es_ES","og_type":"article","og_title":"Postergaron la inauguraci\u00f3n de la Estaci\u00f3n de Transferencia en el Polo Ambiental Trenque Lauquen - Infoecos","og_description":"La Estaci\u00f3n de Transferencia ocupa un espacio de 7500 m2, y cuenta con un cartel de ingreso informando los d\u00edas y horarios de atenci\u00f3n, as\u00ed como los residuos que podr\u00e1n ser depositados en cada sector se encontrar\u00e1 debidamente identificado. Comparte el ingreso con el Polo Ambiental, donde se realizar\u00e1 el registro de entrada, identificando los veh\u00edculos y los residuos a descargar","og_url":"https:\/\/infoecos.com.ar\/index.php\/postergaron-la-inauguracion-de-la-estacion-de-transferencia-en-el-polo-ambiental-trenque-lauquen\/","og_site_name":"Infoecos","article_publisher":"https:\/\/www.facebook.com\/profile.php?id=100063200290284","article_published_time":"2023-09-25T18:19:30+00:00","article_modified_time":"2023-09-27T03:34:43+00:00","og_image":[{"width":900,"height":600,"url":"https:\/\/infoecos.com.ar\/wp-content\/uploads\/2021\/09\/poloambiental5.jpg","type":"image\/jpeg"}],"author":"Jorge Matheus","twitter_card":"summary_large_image","twitter_creator":"@infoecos","twitter_site":"@infoecos","twitter_misc":{"Escrito por":"Jorge Matheus","Tiempo de lectura":"4 minutos"},"schema":{"@context":"https:\/\/schema.org","@graph":[{"@type":"Article","@id":"https:\/\/infoecos.com.ar\/index.php\/postergaron-la-inauguracion-de-la-estacion-de-transferencia-en-el-polo-ambiental-trenque-lauquen\/#article","isPartOf":{"@id":"https:\/\/infoecos.com.ar\/index.php\/postergaron-la-inauguracion-de-la-estacion-de-transferencia-en-el-polo-ambiental-trenque-lauquen\/"},"author":{"name":"Jorge Matheus","@id":"https:\/\/infoecos.com.ar\/#\/schema\/person\/8f5ace5ce73b4b4aac4b7245aee6f191"},"headline":"Postergaron la inauguraci\u00f3n de la Estaci\u00f3n de Transferencia en el Polo Ambiental Trenque Lauquen","datePublished":"2023-09-25T18:19:30+00:00","dateModified":"2023-09-27T03:34:43+00:00","mainEntityOfPage":{"@id":"https:\/\/infoecos.com.ar\/index.php\/postergaron-la-inauguracion-de-la-estacion-de-transferencia-en-el-polo-ambiental-trenque-lauquen\/"},"wordCount":362,"publisher":{"@id":"https:\/\/infoecos.com.ar\/#organization"},"image":{"@id":"https:\/\/infoecos.com.ar\/index.php\/postergaron-la-inauguracion-de-la-estacion-de-transferencia-en-el-polo-ambiental-trenque-lauquen\/#primaryimage"},"thumbnailUrl":"https:\/\/infoecos.com.ar\/wp-content\/uploads\/2021\/09\/poloambiental5.jpg","keywords":["HASTA NUEVO AVISO"],"articleSection":["Bloque inferior - 1"],"inLanguage":"es"},{"@type":"WebPage","@id":"https:\/\/infoecos.com.ar\/index.php\/postergaron-la-inauguracion-de-la-estacion-de-transferencia-en-el-polo-ambiental-trenque-lauquen\/","url":"https:\/\/infoecos.com.ar\/index.php\/postergaron-la-inauguracion-de-la-estacion-de-transferencia-en-el-polo-ambiental-trenque-lauquen\/","name":"Postergaron la inauguraci\u00f3n de la Estaci\u00f3n de Transferencia en el Polo Ambiental Trenque Lauquen - Infoecos","isPartOf":{"@id":"https:\/\/infoecos.com.ar\/#website"},"primaryImageOfPage":{"@id":"https:\/\/infoecos.com.ar\/index.php\/postergaron-la-inauguracion-de-la-estacion-de-transferencia-en-el-polo-ambiental-trenque-lauquen\/#primaryimage"},"image":{"@id":"https:\/\/infoecos.com.ar\/index.php\/postergaron-la-inauguracion-de-la-estacion-de-transferencia-en-el-polo-ambiental-trenque-lauquen\/#primaryimage"},"thumbnailUrl":"https:\/\/infoecos.com.ar\/wp-content\/uploads\/2021\/09\/poloambiental5.jpg","datePublished":"2023-09-25T18:19:30+00:00","dateModified":"2023-09-27T03:34:43+00:00","breadcrumb":{"@id":"https:\/\/infoecos.com.ar\/index.php\/postergaron-la-inauguracion-de-la-estacion-de-transferencia-en-el-polo-ambiental-trenque-lauquen\/#breadcrumb"},"inLanguage":"es","potentialAction":[{"@type":"ReadAction","target":["https:\/\/infoecos.com.ar\/index.php\/postergaron-la-inauguracion-de-la-estacion-de-transferencia-en-el-polo-ambiental-trenque-lauquen\/"]}]},{"@type":"ImageObject","inLanguage":"es","@id":"https:\/\/infoecos.com.ar\/index.php\/postergaron-la-inauguracion-de-la-estacion-de-transferencia-en-el-polo-ambiental-trenque-lauquen\/#primaryimage","url":"https:\/\/infoecos.com.ar\/wp-content\/uploads\/2021\/09\/poloambiental5.jpg","contentUrl":"https:\/\/infoecos.com.ar\/wp-content\/uploads\/2021\/09\/poloambiental5.jpg","width":900,"height":600},{"@type":"BreadcrumbList","@id":"https:\/\/infoecos.com.ar\/index.php\/postergaron-la-inauguracion-de-la-estacion-de-transferencia-en-el-polo-ambiental-trenque-lauquen\/#breadcrumb","itemListElement":[{"@type":"ListItem","position":1,"name":"Portada","item":"https:\/\/infoecos.com.ar\/"},{"@type":"ListItem","position":2,"name":"Postergaron la inauguraci\u00f3n de la Estaci\u00f3n de Transferencia en el Polo Ambiental Trenque Lauquen"}]},{"@type":"WebSite","@id":"https:\/\/infoecos.com.ar\/#website","url":"https:\/\/infoecos.com.ar\/","name":"Infoecos","description":"Noticias de trenque lauquen y la zona","publisher":{"@id":"https:\/\/infoecos.com.ar\/#organization"},"alternateName":"Noticias","potentialAction":[{"@type":"SearchAction","target":{"@type":"EntryPoint","urlTemplate":"https:\/\/infoecos.com.ar\/?s={search_term_string}"},"query-input":{"@type":"PropertyValueSpecification","valueRequired":true,"valueName":"search_term_string"}}],"inLanguage":"es"},{"@type":"Organization","@id":"https:\/\/infoecos.com.ar\/#organization","name":"Infoecos","alternateName":"Noticias","url":"https:\/\/infoecos.com.ar\/","logo":{"@type":"ImageObject","inLanguage":"es","@id":"https:\/\/infoecos.com.ar\/#\/schema\/logo\/image\/","url":"https:\/\/infoecos.com.ar\/wp-content\/uploads\/2024\/03\/cropped-logo.png","contentUrl":"https:\/\/infoecos.com.ar\/wp-content\/uploads\/2024\/03\/cropped-logo.png","width":374,"height":90,"caption":"Infoecos"},"image":{"@id":"https:\/\/infoecos.com.ar\/#\/schema\/logo\/image\/"},"sameAs":["https:\/\/www.facebook.com\/profile.php?id=100063200290284","https:\/\/x.com\/infoecos"]},{"@type":"Person","@id":"https:\/\/infoecos.com.ar\/#\/schema\/person\/8f5ace5ce73b4b4aac4b7245aee6f191","name":"Jorge Matheus","url":"https:\/\/infoecos.com.ar\/index.php\/author\/jomatheus\/"}]}},"featured_image_urls":{"full":["https:\/\/infoecos.com.ar\/wp-content\/uploads\/2021\/09\/poloambiental5.jpg",900,600,false],"thumbnail":["https:\/\/infoecos.com.ar\/wp-content\/uploads\/2021\/09\/poloambiental5-150x150.jpg",150,150,true],"medium":["https:\/\/infoecos.com.ar\/wp-content\/uploads\/2021\/09\/poloambiental5-460x307.jpg",460,307,true],"medium_large":["https:\/\/infoecos.com.ar\/wp-content\/uploads\/2021\/09\/poloambiental5-768x512.jpg",640,427,true],"large":["https:\/\/infoecos.com.ar\/wp-content\/uploads\/2021\/09\/poloambiental5.jpg",640,427,false],"1536x1536":["https:\/\/infoecos.com.ar\/wp-content\/uploads\/2021\/09\/poloambiental5.jpg",900,600,false],"2048x2048":["https:\/\/infoecos.com.ar\/wp-content\/uploads\/2021\/09\/poloambiental5.jpg",900,600,false],"covernews-slider-full":["https:\/\/infoecos.com.ar\/wp-content\/uploads\/2021\/09\/poloambiental5.jpg",900,600,false],"covernews-slider-center":["https:\/\/infoecos.com.ar\/wp-content\/uploads\/2021\/09\/poloambiental5.jpg",750,500,false],"covernews-featured":["https:\/\/infoecos.com.ar\/wp-content\/uploads\/2021\/09\/poloambiental5.jpg",900,600,false],"covernews-medium":["https:\/\/infoecos.com.ar\/wp-content\/uploads\/2021\/09\/poloambiental5-720x380.jpg",540,285,true],"covernews-medium-square":["https:\/\/infoecos.com.ar\/wp-content\/uploads\/2021\/09\/poloambiental5-675x450.jpg",375,250,true]},"author_info":{"info":["Jorge Matheus"]},"category_info":"<a href=\"https:\/\/infoecos.com.ar\/index.php\/category\/inferior1\/\" rel=\"category tag\">Bloque inferior - 1<\/a>","tag_info":"Bloque inferior - 1","comment_count":"0","_links":{"self":[{"href":"https:\/\/infoecos.com.ar\/index.php\/wp-json\/wp\/v2\/posts\/112932"}],"collection":[{"href":"https:\/\/infoecos.com.ar\/index.php\/wp-json\/wp\/v2\/posts"}],"about":[{"href":"https:\/\/infoecos.com.ar\/index.php\/wp-json\/wp\/v2\/types\/post"}],"author":[{"embeddable":true,"href":"https:\/\/infoecos.com.ar\/index.php\/wp-json\/wp\/v2\/users\/2"}],"replies":[{"embeddable":true,"href":"https:\/\/infoecos.com.ar\/index.php\/wp-json\/wp\/v2\/comments?post=112932"}],"version-history":[{"count":2,"href":"https:\/\/infoecos.com.ar\/index.php\/wp-json\/wp\/v2\/posts\/112932\/revisions"}],"predecessor-version":[{"id":112935,"href":"https:\/\/infoecos.com.ar\/index.php\/wp-json\/wp\/v2\/posts\/112932\/revisions\/112935"}],"wp:featuredmedia":[{"embeddable":true,"href":"https:\/\/infoecos.com.ar\/index.php\/wp-json\/wp\/v2\/media\/86675"}],"wp:attachment":[{"href":"https:\/\/infoecos.com.ar\/index.php\/wp-json\/wp\/v2\/media?parent=112932"}],"wp:term":[{"taxonomy":"category","embeddable":true,"href":"https:\/\/infoecos.com.ar\/index.php\/wp-json\/wp\/v2\/categories?post=112932"},{"taxonomy":"post_tag","embeddable":true,"href":"https:\/\/infoecos.com.ar\/index.php\/wp-json\/wp\/v2\/tags?post=112932"}],"curies":[{"name":"wp","href":"https:\/\/api.w.org\/{rel}","templated":true}]}}