{"id":112936,"date":"2023-09-25T16:53:08","date_gmt":"2023-09-25T19:53:08","guid":{"rendered":"https:\/\/infoecos.com.ar\/?p=112936"},"modified":"2023-09-27T00:36:20","modified_gmt":"2023-09-27T03:36:20","slug":"un-mural-cuyo-significado-la-comunidad-debe-conocer-en-el-concejo-deliberante-de-trenque-lauquen","status":"publish","type":"post","link":"https:\/\/infoecos.com.ar\/index.php\/un-mural-cuyo-significado-la-comunidad-debe-conocer-en-el-concejo-deliberante-de-trenque-lauquen\/","title":{"rendered":"Un mural cuyo significado la comunidad debe conocer: en el Concejo Deliberante de Trenque Lauquen"},"content":{"rendered":"\n<p>Qued\u00f3 inaugurado el mural que conmemora los 40 a\u00f1os de Democracia ininterrumpida en nuestro pa\u00eds, ubicado en el frente del edificio del HCD, sobre la calle Pinc\u00e9n, obra que elaboraron y firmaron los artistas <strong>Isa\u00edas Mata, Lucila Gonz\u00e1lez, N\u00e9stor \u201cNaki\u201d Mart\u00edn y Germ\u00e1n Villamayor<\/strong>.<\/p>\n\n\n\n<figure class=\"wp-block-gallery has-nested-images columns-default is-cropped wp-block-gallery-1 is-layout-flex wp-block-gallery-is-layout-flex\">\n<figure class=\"wp-block-image size-large\"><img loading=\"lazy\" decoding=\"async\" width=\"1037\" height=\"778\" data-id=\"112939\" src=\"https:\/\/infoecos.com.ar\/wp-content\/uploads\/2023\/09\/42612129-809f-49e6-ad69-3ba40a49417c.jpg\" alt=\"\" class=\"wp-image-112939\" srcset=\"https:\/\/infoecos.com.ar\/wp-content\/uploads\/2023\/09\/42612129-809f-49e6-ad69-3ba40a49417c.jpg 1037w, https:\/\/infoecos.com.ar\/wp-content\/uploads\/2023\/09\/42612129-809f-49e6-ad69-3ba40a49417c-800x600.jpg 800w, https:\/\/infoecos.com.ar\/wp-content\/uploads\/2023\/09\/42612129-809f-49e6-ad69-3ba40a49417c-768x576.jpg 768w, https:\/\/infoecos.com.ar\/wp-content\/uploads\/2023\/09\/42612129-809f-49e6-ad69-3ba40a49417c-1024x768.jpg 1024w\" sizes=\"(max-width: 1037px) 100vw, 1037px\" \/><\/figure>\n\n\n\n<figure class=\"wp-block-image size-large\"><img loading=\"lazy\" decoding=\"async\" width=\"1037\" height=\"778\" data-id=\"112943\" src=\"https:\/\/infoecos.com.ar\/wp-content\/uploads\/2023\/09\/ad3451c6-55b3-42af-8397-d221cf1fe68a.jpg\" alt=\"\" class=\"wp-image-112943\" srcset=\"https:\/\/infoecos.com.ar\/wp-content\/uploads\/2023\/09\/ad3451c6-55b3-42af-8397-d221cf1fe68a.jpg 1037w, https:\/\/infoecos.com.ar\/wp-content\/uploads\/2023\/09\/ad3451c6-55b3-42af-8397-d221cf1fe68a-800x600.jpg 800w, https:\/\/infoecos.com.ar\/wp-content\/uploads\/2023\/09\/ad3451c6-55b3-42af-8397-d221cf1fe68a-768x576.jpg 768w, https:\/\/infoecos.com.ar\/wp-content\/uploads\/2023\/09\/ad3451c6-55b3-42af-8397-d221cf1fe68a-1024x768.jpg 1024w\" sizes=\"(max-width: 1037px) 100vw, 1037px\" \/><\/figure>\n\n\n\n<figure class=\"wp-block-image size-large\"><img loading=\"lazy\" decoding=\"async\" width=\"1037\" height=\"778\" data-id=\"112941\" src=\"https:\/\/infoecos.com.ar\/wp-content\/uploads\/2023\/09\/b73cc4b8-63bc-4283-b1cb-918b423a2914.jpg\" alt=\"\" class=\"wp-image-112941\" srcset=\"https:\/\/infoecos.com.ar\/wp-content\/uploads\/2023\/09\/b73cc4b8-63bc-4283-b1cb-918b423a2914.jpg 1037w, https:\/\/infoecos.com.ar\/wp-content\/uploads\/2023\/09\/b73cc4b8-63bc-4283-b1cb-918b423a2914-800x600.jpg 800w, https:\/\/infoecos.com.ar\/wp-content\/uploads\/2023\/09\/b73cc4b8-63bc-4283-b1cb-918b423a2914-768x576.jpg 768w, https:\/\/infoecos.com.ar\/wp-content\/uploads\/2023\/09\/b73cc4b8-63bc-4283-b1cb-918b423a2914-1024x768.jpg 1024w\" sizes=\"(max-width: 1037px) 100vw, 1037px\" \/><\/figure>\n\n\n\n<figure class=\"wp-block-image size-large\"><img loading=\"lazy\" decoding=\"async\" width=\"1037\" height=\"778\" data-id=\"112938\" src=\"https:\/\/infoecos.com.ar\/wp-content\/uploads\/2023\/09\/bcc174ec-e2a6-4ba1-a491-61ba61e7a94e.jpg\" alt=\"\" class=\"wp-image-112938\" srcset=\"https:\/\/infoecos.com.ar\/wp-content\/uploads\/2023\/09\/bcc174ec-e2a6-4ba1-a491-61ba61e7a94e.jpg 1037w, https:\/\/infoecos.com.ar\/wp-content\/uploads\/2023\/09\/bcc174ec-e2a6-4ba1-a491-61ba61e7a94e-800x600.jpg 800w, https:\/\/infoecos.com.ar\/wp-content\/uploads\/2023\/09\/bcc174ec-e2a6-4ba1-a491-61ba61e7a94e-768x576.jpg 768w, https:\/\/infoecos.com.ar\/wp-content\/uploads\/2023\/09\/bcc174ec-e2a6-4ba1-a491-61ba61e7a94e-1024x768.jpg 1024w\" sizes=\"(max-width: 1037px) 100vw, 1037px\" \/><\/figure>\n\n\n\n<figure class=\"wp-block-image size-large\"><img loading=\"lazy\" decoding=\"async\" width=\"1037\" height=\"778\" data-id=\"112942\" src=\"https:\/\/infoecos.com.ar\/wp-content\/uploads\/2023\/09\/c16d5fbd-4f6d-49d8-8fd5-01f3a1615dbb.jpg\" alt=\"\" class=\"wp-image-112942\" srcset=\"https:\/\/infoecos.com.ar\/wp-content\/uploads\/2023\/09\/c16d5fbd-4f6d-49d8-8fd5-01f3a1615dbb.jpg 1037w, https:\/\/infoecos.com.ar\/wp-content\/uploads\/2023\/09\/c16d5fbd-4f6d-49d8-8fd5-01f3a1615dbb-800x600.jpg 800w, https:\/\/infoecos.com.ar\/wp-content\/uploads\/2023\/09\/c16d5fbd-4f6d-49d8-8fd5-01f3a1615dbb-768x576.jpg 768w, https:\/\/infoecos.com.ar\/wp-content\/uploads\/2023\/09\/c16d5fbd-4f6d-49d8-8fd5-01f3a1615dbb-1024x768.jpg 1024w\" sizes=\"(max-width: 1037px) 100vw, 1037px\" \/><\/figure>\n\n\n\n<figure class=\"wp-block-image size-large\"><img loading=\"lazy\" decoding=\"async\" width=\"1037\" height=\"778\" data-id=\"112940\" src=\"https:\/\/infoecos.com.ar\/wp-content\/uploads\/2023\/09\/c803fc22-d56c-47f2-b610-35e61ea4f236.jpg\" alt=\"\" class=\"wp-image-112940\" srcset=\"https:\/\/infoecos.com.ar\/wp-content\/uploads\/2023\/09\/c803fc22-d56c-47f2-b610-35e61ea4f236.jpg 1037w, https:\/\/infoecos.com.ar\/wp-content\/uploads\/2023\/09\/c803fc22-d56c-47f2-b610-35e61ea4f236-800x600.jpg 800w, https:\/\/infoecos.com.ar\/wp-content\/uploads\/2023\/09\/c803fc22-d56c-47f2-b610-35e61ea4f236-768x576.jpg 768w, https:\/\/infoecos.com.ar\/wp-content\/uploads\/2023\/09\/c803fc22-d56c-47f2-b610-35e61ea4f236-1024x768.jpg 1024w\" sizes=\"(max-width: 1037px) 100vw, 1037px\" \/><\/figure>\n\n\n\n<figure class=\"wp-block-image size-large\"><img loading=\"lazy\" decoding=\"async\" width=\"1599\" height=\"1200\" data-id=\"112937\" src=\"https:\/\/infoecos.com.ar\/wp-content\/uploads\/2023\/09\/c6840d29-79b8-40b0-851d-7345a2ea3e62.jpg\" alt=\"\" class=\"wp-image-112937\" srcset=\"https:\/\/infoecos.com.ar\/wp-content\/uploads\/2023\/09\/c6840d29-79b8-40b0-851d-7345a2ea3e62.jpg 1599w, https:\/\/infoecos.com.ar\/wp-content\/uploads\/2023\/09\/c6840d29-79b8-40b0-851d-7345a2ea3e62-800x600.jpg 800w, https:\/\/infoecos.com.ar\/wp-content\/uploads\/2023\/09\/c6840d29-79b8-40b0-851d-7345a2ea3e62-768x576.jpg 768w, https:\/\/infoecos.com.ar\/wp-content\/uploads\/2023\/09\/c6840d29-79b8-40b0-851d-7345a2ea3e62-1536x1153.jpg 1536w, https:\/\/infoecos.com.ar\/wp-content\/uploads\/2023\/09\/c6840d29-79b8-40b0-851d-7345a2ea3e62-1024x768.jpg 1024w\" sizes=\"(max-width: 1599px) 100vw, 1599px\" \/><\/figure>\n<\/figure>\n\n\n\n<p>En un primer momento, la artista Magui Delfino, tambi\u00e9n convocada para la confecci\u00f3n del mural, debi\u00f3 abandonar el proyecto por cuestiones personales.<\/p>\n\n\n\n<p>De la ceremonia inaugural, que tuvo lugar a las 11 de la ma\u00f1ana, participaron el diputado bonaerense, Valent\u00edn Miranda; concejales actuales y ediles con mandato cumplido; funcionarios municipales; integrantes de la Comisi\u00f3n de DDHH de Trenque Lauquen; dirigentes pol\u00edticos, artistas y vecinos en general.<\/p>\n\n\n\n<p>El acto encabezado por el presidente del Concejo Deliberante, Alberto Rodr\u00edguez Mera, y el intendente municipal, Dr. Miguel Fern\u00e1ndez.<\/p>\n\n\n\n<p>El primero en brindar unas palabras fue el muralista y antrop\u00f3logo Isa\u00edas Mata, actual director de la Escuela de Muralismo y Arte Comunitario de Trenque Lauquen: \u201cEn un principio fuimos cinco mundos que coincidimos en plasmar una narrativa iconogr\u00e1fica que posibilitara una reflexi\u00f3n sobre nuestra Historia. Para esto, nos quitamos las investiduras de los egos para llegar a la convergencia compositiva, un trabajo intenso de discusi\u00f3n, de investigaci\u00f3n, de reflexi\u00f3n, horas de dialogar con esta pared. Aqu\u00ed estuvimos trabajando un mes para poder brindar lo mejor de nosotros\u201d, dijo el artista salvadore\u00f1o.<\/p>\n\n\n\n<figure class=\"wp-block-gallery has-nested-images columns-default is-cropped wp-block-gallery-2 is-layout-flex wp-block-gallery-is-layout-flex\">\n<figure class=\"wp-block-image size-large\"><img loading=\"lazy\" decoding=\"async\" width=\"1037\" height=\"778\" data-id=\"112948\" src=\"https:\/\/infoecos.com.ar\/wp-content\/uploads\/2023\/09\/8ff3c979-c5f9-406b-8f1b-120ff3e862c1.jpg\" alt=\"\" class=\"wp-image-112948\" srcset=\"https:\/\/infoecos.com.ar\/wp-content\/uploads\/2023\/09\/8ff3c979-c5f9-406b-8f1b-120ff3e862c1.jpg 1037w, https:\/\/infoecos.com.ar\/wp-content\/uploads\/2023\/09\/8ff3c979-c5f9-406b-8f1b-120ff3e862c1-800x600.jpg 800w, https:\/\/infoecos.com.ar\/wp-content\/uploads\/2023\/09\/8ff3c979-c5f9-406b-8f1b-120ff3e862c1-768x576.jpg 768w, https:\/\/infoecos.com.ar\/wp-content\/uploads\/2023\/09\/8ff3c979-c5f9-406b-8f1b-120ff3e862c1-1024x768.jpg 1024w\" sizes=\"(max-width: 1037px) 100vw, 1037px\" \/><\/figure>\n\n\n\n<figure class=\"wp-block-image size-large\"><img loading=\"lazy\" decoding=\"async\" width=\"1037\" height=\"778\" data-id=\"112947\" src=\"https:\/\/infoecos.com.ar\/wp-content\/uploads\/2023\/09\/81ec2268-11fa-4e4c-abda-e3fc4267668a.jpg\" alt=\"\" class=\"wp-image-112947\" srcset=\"https:\/\/infoecos.com.ar\/wp-content\/uploads\/2023\/09\/81ec2268-11fa-4e4c-abda-e3fc4267668a.jpg 1037w, https:\/\/infoecos.com.ar\/wp-content\/uploads\/2023\/09\/81ec2268-11fa-4e4c-abda-e3fc4267668a-800x600.jpg 800w, https:\/\/infoecos.com.ar\/wp-content\/uploads\/2023\/09\/81ec2268-11fa-4e4c-abda-e3fc4267668a-768x576.jpg 768w, https:\/\/infoecos.com.ar\/wp-content\/uploads\/2023\/09\/81ec2268-11fa-4e4c-abda-e3fc4267668a-1024x768.jpg 1024w\" sizes=\"(max-width: 1037px) 100vw, 1037px\" \/><\/figure>\n\n\n\n<figure class=\"wp-block-image size-large\"><img loading=\"lazy\" decoding=\"async\" width=\"1037\" height=\"778\" data-id=\"112946\" src=\"https:\/\/infoecos.com.ar\/wp-content\/uploads\/2023\/09\/304d2e34-ee85-4502-961b-4b36cc7d5121.jpg\" alt=\"\" class=\"wp-image-112946\" srcset=\"https:\/\/infoecos.com.ar\/wp-content\/uploads\/2023\/09\/304d2e34-ee85-4502-961b-4b36cc7d5121.jpg 1037w, https:\/\/infoecos.com.ar\/wp-content\/uploads\/2023\/09\/304d2e34-ee85-4502-961b-4b36cc7d5121-800x600.jpg 800w, https:\/\/infoecos.com.ar\/wp-content\/uploads\/2023\/09\/304d2e34-ee85-4502-961b-4b36cc7d5121-768x576.jpg 768w, https:\/\/infoecos.com.ar\/wp-content\/uploads\/2023\/09\/304d2e34-ee85-4502-961b-4b36cc7d5121-1024x768.jpg 1024w\" sizes=\"(max-width: 1037px) 100vw, 1037px\" \/><\/figure>\n\n\n\n<figure class=\"wp-block-image size-large\"><img loading=\"lazy\" decoding=\"async\" width=\"1037\" height=\"778\" data-id=\"112951\" src=\"https:\/\/infoecos.com.ar\/wp-content\/uploads\/2023\/09\/314c0b74-d9f7-46bc-b34c-2fa94d133763.jpg\" alt=\"\" class=\"wp-image-112951\" srcset=\"https:\/\/infoecos.com.ar\/wp-content\/uploads\/2023\/09\/314c0b74-d9f7-46bc-b34c-2fa94d133763.jpg 1037w, https:\/\/infoecos.com.ar\/wp-content\/uploads\/2023\/09\/314c0b74-d9f7-46bc-b34c-2fa94d133763-800x600.jpg 800w, https:\/\/infoecos.com.ar\/wp-content\/uploads\/2023\/09\/314c0b74-d9f7-46bc-b34c-2fa94d133763-768x576.jpg 768w, https:\/\/infoecos.com.ar\/wp-content\/uploads\/2023\/09\/314c0b74-d9f7-46bc-b34c-2fa94d133763-1024x768.jpg 1024w\" sizes=\"(max-width: 1037px) 100vw, 1037px\" \/><\/figure>\n\n\n\n<figure class=\"wp-block-image size-large\"><img loading=\"lazy\" decoding=\"async\" width=\"1037\" height=\"778\" data-id=\"112944\" src=\"https:\/\/infoecos.com.ar\/wp-content\/uploads\/2023\/09\/371c86c2-bdee-4a43-bf4c-24c2d1be21bb.jpg\" alt=\"\" class=\"wp-image-112944\" srcset=\"https:\/\/infoecos.com.ar\/wp-content\/uploads\/2023\/09\/371c86c2-bdee-4a43-bf4c-24c2d1be21bb.jpg 1037w, https:\/\/infoecos.com.ar\/wp-content\/uploads\/2023\/09\/371c86c2-bdee-4a43-bf4c-24c2d1be21bb-800x600.jpg 800w, https:\/\/infoecos.com.ar\/wp-content\/uploads\/2023\/09\/371c86c2-bdee-4a43-bf4c-24c2d1be21bb-768x576.jpg 768w, https:\/\/infoecos.com.ar\/wp-content\/uploads\/2023\/09\/371c86c2-bdee-4a43-bf4c-24c2d1be21bb-1024x768.jpg 1024w\" sizes=\"(max-width: 1037px) 100vw, 1037px\" \/><\/figure>\n\n\n\n<figure class=\"wp-block-image size-large\"><img loading=\"lazy\" decoding=\"async\" width=\"1037\" height=\"778\" data-id=\"112949\" src=\"https:\/\/infoecos.com.ar\/wp-content\/uploads\/2023\/09\/462c0617-91c3-4c2f-a214-441d7eeb7b14.jpg\" alt=\"\" class=\"wp-image-112949\" srcset=\"https:\/\/infoecos.com.ar\/wp-content\/uploads\/2023\/09\/462c0617-91c3-4c2f-a214-441d7eeb7b14.jpg 1037w, https:\/\/infoecos.com.ar\/wp-content\/uploads\/2023\/09\/462c0617-91c3-4c2f-a214-441d7eeb7b14-800x600.jpg 800w, https:\/\/infoecos.com.ar\/wp-content\/uploads\/2023\/09\/462c0617-91c3-4c2f-a214-441d7eeb7b14-768x576.jpg 768w, https:\/\/infoecos.com.ar\/wp-content\/uploads\/2023\/09\/462c0617-91c3-4c2f-a214-441d7eeb7b14-1024x768.jpg 1024w\" sizes=\"(max-width: 1037px) 100vw, 1037px\" \/><\/figure>\n\n\n\n<figure class=\"wp-block-image size-large\"><img loading=\"lazy\" decoding=\"async\" width=\"1037\" height=\"778\" data-id=\"112955\" src=\"https:\/\/infoecos.com.ar\/wp-content\/uploads\/2023\/09\/983a9d81-d407-42f3-99cc-91684f004358.jpg\" alt=\"\" class=\"wp-image-112955\" srcset=\"https:\/\/infoecos.com.ar\/wp-content\/uploads\/2023\/09\/983a9d81-d407-42f3-99cc-91684f004358.jpg 1037w, https:\/\/infoecos.com.ar\/wp-content\/uploads\/2023\/09\/983a9d81-d407-42f3-99cc-91684f004358-800x600.jpg 800w, https:\/\/infoecos.com.ar\/wp-content\/uploads\/2023\/09\/983a9d81-d407-42f3-99cc-91684f004358-768x576.jpg 768w, https:\/\/infoecos.com.ar\/wp-content\/uploads\/2023\/09\/983a9d81-d407-42f3-99cc-91684f004358-1024x768.jpg 1024w\" sizes=\"(max-width: 1037px) 100vw, 1037px\" \/><\/figure>\n\n\n\n<figure class=\"wp-block-image size-large\"><img loading=\"lazy\" decoding=\"async\" width=\"1037\" height=\"778\" data-id=\"112952\" src=\"https:\/\/infoecos.com.ar\/wp-content\/uploads\/2023\/09\/5190c7ae-c695-451a-af8b-bfc4b182cb43.jpg\" alt=\"\" class=\"wp-image-112952\" srcset=\"https:\/\/infoecos.com.ar\/wp-content\/uploads\/2023\/09\/5190c7ae-c695-451a-af8b-bfc4b182cb43.jpg 1037w, https:\/\/infoecos.com.ar\/wp-content\/uploads\/2023\/09\/5190c7ae-c695-451a-af8b-bfc4b182cb43-800x600.jpg 800w, https:\/\/infoecos.com.ar\/wp-content\/uploads\/2023\/09\/5190c7ae-c695-451a-af8b-bfc4b182cb43-768x576.jpg 768w, https:\/\/infoecos.com.ar\/wp-content\/uploads\/2023\/09\/5190c7ae-c695-451a-af8b-bfc4b182cb43-1024x768.jpg 1024w\" sizes=\"(max-width: 1037px) 100vw, 1037px\" \/><\/figure>\n\n\n\n<figure class=\"wp-block-image size-large\"><img loading=\"lazy\" decoding=\"async\" width=\"1037\" height=\"778\" data-id=\"112945\" src=\"https:\/\/infoecos.com.ar\/wp-content\/uploads\/2023\/09\/12161f32-c3d2-4d7f-9240-b3e2c4505492.jpg\" alt=\"\" class=\"wp-image-112945\" srcset=\"https:\/\/infoecos.com.ar\/wp-content\/uploads\/2023\/09\/12161f32-c3d2-4d7f-9240-b3e2c4505492.jpg 1037w, https:\/\/infoecos.com.ar\/wp-content\/uploads\/2023\/09\/12161f32-c3d2-4d7f-9240-b3e2c4505492-800x600.jpg 800w, https:\/\/infoecos.com.ar\/wp-content\/uploads\/2023\/09\/12161f32-c3d2-4d7f-9240-b3e2c4505492-768x576.jpg 768w, https:\/\/infoecos.com.ar\/wp-content\/uploads\/2023\/09\/12161f32-c3d2-4d7f-9240-b3e2c4505492-1024x768.jpg 1024w\" sizes=\"(max-width: 1037px) 100vw, 1037px\" \/><\/figure>\n\n\n\n<figure class=\"wp-block-image size-large\"><img loading=\"lazy\" decoding=\"async\" width=\"1037\" height=\"778\" data-id=\"112950\" src=\"https:\/\/infoecos.com.ar\/wp-content\/uploads\/2023\/09\/81059c70-b4ca-4624-8035-5cc4662479ec.jpg\" alt=\"\" class=\"wp-image-112950\" srcset=\"https:\/\/infoecos.com.ar\/wp-content\/uploads\/2023\/09\/81059c70-b4ca-4624-8035-5cc4662479ec.jpg 1037w, https:\/\/infoecos.com.ar\/wp-content\/uploads\/2023\/09\/81059c70-b4ca-4624-8035-5cc4662479ec-800x600.jpg 800w, https:\/\/infoecos.com.ar\/wp-content\/uploads\/2023\/09\/81059c70-b4ca-4624-8035-5cc4662479ec-768x576.jpg 768w, https:\/\/infoecos.com.ar\/wp-content\/uploads\/2023\/09\/81059c70-b4ca-4624-8035-5cc4662479ec-1024x768.jpg 1024w\" sizes=\"(max-width: 1037px) 100vw, 1037px\" \/><\/figure>\n\n\n\n<figure class=\"wp-block-image size-large\"><img loading=\"lazy\" decoding=\"async\" width=\"1037\" height=\"778\" data-id=\"112953\" src=\"https:\/\/infoecos.com.ar\/wp-content\/uploads\/2023\/09\/42612129-809f-49e6-ad69-3ba40a49417c-1.jpg\" alt=\"\" class=\"wp-image-112953\" srcset=\"https:\/\/infoecos.com.ar\/wp-content\/uploads\/2023\/09\/42612129-809f-49e6-ad69-3ba40a49417c-1.jpg 1037w, https:\/\/infoecos.com.ar\/wp-content\/uploads\/2023\/09\/42612129-809f-49e6-ad69-3ba40a49417c-1-800x600.jpg 800w, https:\/\/infoecos.com.ar\/wp-content\/uploads\/2023\/09\/42612129-809f-49e6-ad69-3ba40a49417c-1-768x576.jpg 768w, https:\/\/infoecos.com.ar\/wp-content\/uploads\/2023\/09\/42612129-809f-49e6-ad69-3ba40a49417c-1-1024x768.jpg 1024w\" sizes=\"(max-width: 1037px) 100vw, 1037px\" \/><\/figure>\n\n\n\n<figure class=\"wp-block-image size-large\"><img loading=\"lazy\" decoding=\"async\" width=\"1037\" height=\"778\" data-id=\"112954\" src=\"https:\/\/infoecos.com.ar\/wp-content\/uploads\/2023\/09\/ad3451c6-55b3-42af-8397-d221cf1fe68a-1.jpg\" alt=\"\" class=\"wp-image-112954\" srcset=\"https:\/\/infoecos.com.ar\/wp-content\/uploads\/2023\/09\/ad3451c6-55b3-42af-8397-d221cf1fe68a-1.jpg 1037w, https:\/\/infoecos.com.ar\/wp-content\/uploads\/2023\/09\/ad3451c6-55b3-42af-8397-d221cf1fe68a-1-800x600.jpg 800w, https:\/\/infoecos.com.ar\/wp-content\/uploads\/2023\/09\/ad3451c6-55b3-42af-8397-d221cf1fe68a-1-768x576.jpg 768w, https:\/\/infoecos.com.ar\/wp-content\/uploads\/2023\/09\/ad3451c6-55b3-42af-8397-d221cf1fe68a-1-1024x768.jpg 1024w\" sizes=\"(max-width: 1037px) 100vw, 1037px\" \/><\/figure>\n<\/figure>\n\n\n\n<p>Por su parte, Germ\u00e1n Villamor hizo un repaso de sucesos que definen estas cuatro d\u00e9cadas de Democracia y coment\u00f3 que el mural representa al \u201cPueblo en su sistema democr\u00e1tico\u201d, destacando as\u00ed a cada una de las im\u00e1genes que aluden a ello: las urnas, las garras que amenazan al sistema, la bandera Argentina, la mujer, la industria, el trabajo, el nacimiento de un beb\u00e9, la Justicia, la Constituci\u00f3n Nacional, entre otras figuras simb\u00f3licas que trazan la obra.<\/p>\n\n\n\n<p>Luego, el titular del Concejo Deliberante, Alberto Rodr\u00edguez Mera, aludi\u00f3 en sus palabras a la alegr\u00eda que trasmite la pintura: \u201cEste mural tiene alegr\u00eda, tiene caras alegres y no esas caras tristes que a veces incomoda. Tiene alegr\u00eda porque lo pintaron cantando y escuchando m\u00fasica alegre, m\u00fasica que nos identifica. Y siempre las conversaciones estaban referidas al Arte, a los conceptos y a lo que estamos viviendo hoy en d\u00eda. El discurso de una sola persona, el agravio, el autoritarismo, no es el camino. Y estos 40 a\u00f1os de Democracia deben ser un aprendizaje para todos, que nos permita ver el futuro y poder trabajar entre todos\u201d, indic\u00f3.<\/p>\n\n\n\n<p>En \u00faltimo t\u00e9rmino, el jefe comunal se\u00f1al\u00f3 ante los presentes que el mural \u201cinvita a pensar con sus m\u00faltiples im\u00e1genes. La Educaci\u00f3n, el \u2018Nunca M\u00e1s\u2019, las caras sonrientes y esperanzadas, invita a muchas cosas m\u00e1s, pero es un momento de reflexi\u00f3n. Habla de libertad vinculada con la identidad, quienes somos y hacia donde vamos\u201d, dijo el Dr. Miguel Fern\u00e1ndez.<\/p>\n\n\n\n<figure class=\"wp-block-gallery has-nested-images columns-default is-cropped wp-block-gallery-3 is-layout-flex wp-block-gallery-is-layout-flex\">\n<figure class=\"wp-block-image size-large\"><img loading=\"lazy\" decoding=\"async\" width=\"1037\" height=\"778\" data-id=\"112956\" src=\"https:\/\/infoecos.com.ar\/wp-content\/uploads\/2023\/09\/462c0617-91c3-4c2f-a214-441d7eeb7b14-1.jpg\" alt=\"\" class=\"wp-image-112956\" srcset=\"https:\/\/infoecos.com.ar\/wp-content\/uploads\/2023\/09\/462c0617-91c3-4c2f-a214-441d7eeb7b14-1.jpg 1037w, https:\/\/infoecos.com.ar\/wp-content\/uploads\/2023\/09\/462c0617-91c3-4c2f-a214-441d7eeb7b14-1-800x600.jpg 800w, https:\/\/infoecos.com.ar\/wp-content\/uploads\/2023\/09\/462c0617-91c3-4c2f-a214-441d7eeb7b14-1-768x576.jpg 768w, https:\/\/infoecos.com.ar\/wp-content\/uploads\/2023\/09\/462c0617-91c3-4c2f-a214-441d7eeb7b14-1-1024x768.jpg 1024w\" sizes=\"(max-width: 1037px) 100vw, 1037px\" \/><\/figure>\n\n\n\n<figure class=\"wp-block-image size-large\"><img loading=\"lazy\" decoding=\"async\" width=\"1037\" height=\"778\" data-id=\"112963\" src=\"https:\/\/infoecos.com.ar\/wp-content\/uploads\/2023\/09\/983a9d81-d407-42f3-99cc-91684f004358-1.jpg\" alt=\"\" class=\"wp-image-112963\" srcset=\"https:\/\/infoecos.com.ar\/wp-content\/uploads\/2023\/09\/983a9d81-d407-42f3-99cc-91684f004358-1.jpg 1037w, https:\/\/infoecos.com.ar\/wp-content\/uploads\/2023\/09\/983a9d81-d407-42f3-99cc-91684f004358-1-800x600.jpg 800w, https:\/\/infoecos.com.ar\/wp-content\/uploads\/2023\/09\/983a9d81-d407-42f3-99cc-91684f004358-1-768x576.jpg 768w, https:\/\/infoecos.com.ar\/wp-content\/uploads\/2023\/09\/983a9d81-d407-42f3-99cc-91684f004358-1-1024x768.jpg 1024w\" sizes=\"(max-width: 1037px) 100vw, 1037px\" \/><\/figure>\n\n\n\n<figure class=\"wp-block-image size-large\"><img loading=\"lazy\" decoding=\"async\" width=\"1037\" height=\"778\" data-id=\"112959\" src=\"https:\/\/infoecos.com.ar\/wp-content\/uploads\/2023\/09\/5190c7ae-c695-451a-af8b-bfc4b182cb43-1.jpg\" alt=\"\" class=\"wp-image-112959\" srcset=\"https:\/\/infoecos.com.ar\/wp-content\/uploads\/2023\/09\/5190c7ae-c695-451a-af8b-bfc4b182cb43-1.jpg 1037w, https:\/\/infoecos.com.ar\/wp-content\/uploads\/2023\/09\/5190c7ae-c695-451a-af8b-bfc4b182cb43-1-800x600.jpg 800w, https:\/\/infoecos.com.ar\/wp-content\/uploads\/2023\/09\/5190c7ae-c695-451a-af8b-bfc4b182cb43-1-768x576.jpg 768w, https:\/\/infoecos.com.ar\/wp-content\/uploads\/2023\/09\/5190c7ae-c695-451a-af8b-bfc4b182cb43-1-1024x768.jpg 1024w\" sizes=\"(max-width: 1037px) 100vw, 1037px\" \/><\/figure>\n\n\n\n<figure class=\"wp-block-image size-large\"><img loading=\"lazy\" decoding=\"async\" width=\"1037\" height=\"778\" data-id=\"112957\" src=\"https:\/\/infoecos.com.ar\/wp-content\/uploads\/2023\/09\/12161f32-c3d2-4d7f-9240-b3e2c4505492-1.jpg\" alt=\"\" class=\"wp-image-112957\" srcset=\"https:\/\/infoecos.com.ar\/wp-content\/uploads\/2023\/09\/12161f32-c3d2-4d7f-9240-b3e2c4505492-1.jpg 1037w, https:\/\/infoecos.com.ar\/wp-content\/uploads\/2023\/09\/12161f32-c3d2-4d7f-9240-b3e2c4505492-1-800x600.jpg 800w, https:\/\/infoecos.com.ar\/wp-content\/uploads\/2023\/09\/12161f32-c3d2-4d7f-9240-b3e2c4505492-1-768x576.jpg 768w, https:\/\/infoecos.com.ar\/wp-content\/uploads\/2023\/09\/12161f32-c3d2-4d7f-9240-b3e2c4505492-1-1024x768.jpg 1024w\" sizes=\"(max-width: 1037px) 100vw, 1037px\" \/><\/figure>\n\n\n\n<figure class=\"wp-block-image size-large\"><img loading=\"lazy\" decoding=\"async\" width=\"1037\" height=\"778\" data-id=\"112961\" src=\"https:\/\/infoecos.com.ar\/wp-content\/uploads\/2023\/09\/81059c70-b4ca-4624-8035-5cc4662479ec-1.jpg\" alt=\"\" class=\"wp-image-112961\" srcset=\"https:\/\/infoecos.com.ar\/wp-content\/uploads\/2023\/09\/81059c70-b4ca-4624-8035-5cc4662479ec-1.jpg 1037w, https:\/\/infoecos.com.ar\/wp-content\/uploads\/2023\/09\/81059c70-b4ca-4624-8035-5cc4662479ec-1-800x600.jpg 800w, https:\/\/infoecos.com.ar\/wp-content\/uploads\/2023\/09\/81059c70-b4ca-4624-8035-5cc4662479ec-1-768x576.jpg 768w, https:\/\/infoecos.com.ar\/wp-content\/uploads\/2023\/09\/81059c70-b4ca-4624-8035-5cc4662479ec-1-1024x768.jpg 1024w\" sizes=\"(max-width: 1037px) 100vw, 1037px\" \/><\/figure>\n\n\n\n<figure class=\"wp-block-image size-large\"><img loading=\"lazy\" decoding=\"async\" width=\"1037\" height=\"778\" data-id=\"112960\" src=\"https:\/\/infoecos.com.ar\/wp-content\/uploads\/2023\/09\/42612129-809f-49e6-ad69-3ba40a49417c-2.jpg\" alt=\"\" class=\"wp-image-112960\" srcset=\"https:\/\/infoecos.com.ar\/wp-content\/uploads\/2023\/09\/42612129-809f-49e6-ad69-3ba40a49417c-2.jpg 1037w, https:\/\/infoecos.com.ar\/wp-content\/uploads\/2023\/09\/42612129-809f-49e6-ad69-3ba40a49417c-2-800x600.jpg 800w, https:\/\/infoecos.com.ar\/wp-content\/uploads\/2023\/09\/42612129-809f-49e6-ad69-3ba40a49417c-2-768x576.jpg 768w, https:\/\/infoecos.com.ar\/wp-content\/uploads\/2023\/09\/42612129-809f-49e6-ad69-3ba40a49417c-2-1024x768.jpg 1024w\" sizes=\"(max-width: 1037px) 100vw, 1037px\" \/><\/figure>\n\n\n\n<figure class=\"wp-block-image size-large\"><img loading=\"lazy\" decoding=\"async\" width=\"1037\" height=\"778\" data-id=\"112964\" src=\"https:\/\/infoecos.com.ar\/wp-content\/uploads\/2023\/09\/ad3451c6-55b3-42af-8397-d221cf1fe68a-2.jpg\" alt=\"\" class=\"wp-image-112964\" srcset=\"https:\/\/infoecos.com.ar\/wp-content\/uploads\/2023\/09\/ad3451c6-55b3-42af-8397-d221cf1fe68a-2.jpg 1037w, https:\/\/infoecos.com.ar\/wp-content\/uploads\/2023\/09\/ad3451c6-55b3-42af-8397-d221cf1fe68a-2-800x600.jpg 800w, https:\/\/infoecos.com.ar\/wp-content\/uploads\/2023\/09\/ad3451c6-55b3-42af-8397-d221cf1fe68a-2-768x576.jpg 768w, https:\/\/infoecos.com.ar\/wp-content\/uploads\/2023\/09\/ad3451c6-55b3-42af-8397-d221cf1fe68a-2-1024x768.jpg 1024w\" sizes=\"(max-width: 1037px) 100vw, 1037px\" \/><\/figure>\n\n\n\n<figure class=\"wp-block-image size-large\"><img loading=\"lazy\" decoding=\"async\" width=\"1037\" height=\"778\" data-id=\"112962\" src=\"https:\/\/infoecos.com.ar\/wp-content\/uploads\/2023\/09\/b73cc4b8-63bc-4283-b1cb-918b423a2914-1.jpg\" alt=\"\" class=\"wp-image-112962\" srcset=\"https:\/\/infoecos.com.ar\/wp-content\/uploads\/2023\/09\/b73cc4b8-63bc-4283-b1cb-918b423a2914-1.jpg 1037w, https:\/\/infoecos.com.ar\/wp-content\/uploads\/2023\/09\/b73cc4b8-63bc-4283-b1cb-918b423a2914-1-800x600.jpg 800w, https:\/\/infoecos.com.ar\/wp-content\/uploads\/2023\/09\/b73cc4b8-63bc-4283-b1cb-918b423a2914-1-768x576.jpg 768w, https:\/\/infoecos.com.ar\/wp-content\/uploads\/2023\/09\/b73cc4b8-63bc-4283-b1cb-918b423a2914-1-1024x768.jpg 1024w\" sizes=\"(max-width: 1037px) 100vw, 1037px\" \/><\/figure>\n\n\n\n<figure class=\"wp-block-image size-large\"><img loading=\"lazy\" decoding=\"async\" width=\"1037\" height=\"778\" data-id=\"112958\" src=\"https:\/\/infoecos.com.ar\/wp-content\/uploads\/2023\/09\/bcc174ec-e2a6-4ba1-a491-61ba61e7a94e-1.jpg\" alt=\"\" class=\"wp-image-112958\" srcset=\"https:\/\/infoecos.com.ar\/wp-content\/uploads\/2023\/09\/bcc174ec-e2a6-4ba1-a491-61ba61e7a94e-1.jpg 1037w, https:\/\/infoecos.com.ar\/wp-content\/uploads\/2023\/09\/bcc174ec-e2a6-4ba1-a491-61ba61e7a94e-1-800x600.jpg 800w, https:\/\/infoecos.com.ar\/wp-content\/uploads\/2023\/09\/bcc174ec-e2a6-4ba1-a491-61ba61e7a94e-1-768x576.jpg 768w, https:\/\/infoecos.com.ar\/wp-content\/uploads\/2023\/09\/bcc174ec-e2a6-4ba1-a491-61ba61e7a94e-1-1024x768.jpg 1024w\" sizes=\"(max-width: 1037px) 100vw, 1037px\" \/><\/figure>\n<\/figure>\n\n\n\n<p>Y agreg\u00f3: \u201cCelebro que nuestra ciudad siga creciendo con su Arte. Es cierto que hacen falta obras de agua, viviendas, cloacas, pero tambi\u00e9n hemos aprendido sobre la importancia del espacio p\u00fablico, donde nos encontramos y manifestamos, y tambi\u00e9n que importante es el Arte como eso que nos une, que nos da sentido muchas veces como ciudad y como individuos. Esto de contar con muchos artistas, con una Escuela de Muralismo, proyectando a Trenque Lauquen como la Capital Provincial del Arte Mural pero adem\u00e1s como un centro art\u00edstico, tiene que ver tambi\u00e9n con nuestra identidad\u201d.<\/p>\n\n\n\n<p>La ceremonia de inauguraci\u00f3n culmin\u00f3 cerca del mediod\u00eda con el tradicional corte de cintas y la entrega de una copia del Decreto reglamentario a cada uno de los artistas que hicieron posible la obra.<\/p>\n","protected":false},"excerpt":{"rendered":"<p>Los 40 a\u00f1os de Democracia ininterrumpida en nuestro pa\u00eds, ubicado en el frente del edificio del HCD, sobre la calle Pinc\u00e9n, obra que elaboraron y firmaron los artistas Isa\u00edas Mata, Lucila Gonz\u00e1lez, N\u00e9stor \u201cNaki\u201d Mart\u00edn y Germ\u00e1n Villamayor<\/p>\n","protected":false},"author":2,"featured_media":112943,"comment_status":"closed","ping_status":"open","sticky":false,"template":"","format":"standard","meta":{"footnotes":""},"categories":[41],"tags":[9239],"class_list":["post-112936","post","type-post","status-publish","format-standard","has-post-thumbnail","hentry","category-inferior2","tag-memorable-acto-en-el-concejo"],"yoast_head":"<!-- This site is optimized with the Yoast SEO plugin v23.4 - https:\/\/yoast.com\/wordpress\/plugins\/seo\/ -->\n<title>Un mural cuyo significado la comunidad debe conocer: en el Concejo Deliberante de Trenque Lauquen - Infoecos<\/title>\n<meta name=\"robots\" content=\"index, follow, max-snippet:-1, max-image-preview:large, max-video-preview:-1\" \/>\n<link rel=\"canonical\" href=\"https:\/\/infoecos.com.ar\/index.php\/un-mural-cuyo-significado-la-comunidad-debe-conocer-en-el-concejo-deliberante-de-trenque-lauquen\/\" \/>\n<meta property=\"og:locale\" content=\"es_ES\" \/>\n<meta property=\"og:type\" content=\"article\" \/>\n<meta property=\"og:title\" content=\"Un mural cuyo significado la comunidad debe conocer: en el Concejo Deliberante de Trenque Lauquen - Infoecos\" \/>\n<meta property=\"og:description\" content=\"Los 40 a\u00f1os de Democracia ininterrumpida en nuestro pa\u00eds, ubicado en el frente del edificio del HCD, sobre la calle Pinc\u00e9n, obra que elaboraron y firmaron los artistas Isa\u00edas Mata, Lucila Gonz\u00e1lez, N\u00e9stor \u201cNaki\u201d Mart\u00edn y Germ\u00e1n Villamayor\" \/>\n<meta property=\"og:url\" content=\"https:\/\/infoecos.com.ar\/index.php\/un-mural-cuyo-significado-la-comunidad-debe-conocer-en-el-concejo-deliberante-de-trenque-lauquen\/\" \/>\n<meta property=\"og:site_name\" content=\"Infoecos\" \/>\n<meta property=\"article:publisher\" content=\"https:\/\/www.facebook.com\/profile.php?id=100063200290284\" \/>\n<meta property=\"article:published_time\" content=\"2023-09-25T19:53:08+00:00\" \/>\n<meta property=\"article:modified_time\" content=\"2023-09-27T03:36:20+00:00\" \/>\n<meta property=\"og:image\" content=\"https:\/\/infoecos.com.ar\/wp-content\/uploads\/2023\/09\/ad3451c6-55b3-42af-8397-d221cf1fe68a.jpg\" \/>\n\t<meta property=\"og:image:width\" content=\"1037\" \/>\n\t<meta property=\"og:image:height\" content=\"778\" \/>\n\t<meta property=\"og:image:type\" content=\"image\/jpeg\" \/>\n<meta name=\"author\" content=\"Jorge Matheus\" \/>\n<meta name=\"twitter:card\" content=\"summary_large_image\" \/>\n<meta name=\"twitter:creator\" content=\"@infoecos\" \/>\n<meta name=\"twitter:site\" content=\"@infoecos\" \/>\n<meta name=\"twitter:label1\" content=\"Escrito por\" \/>\n\t<meta name=\"twitter:data1\" content=\"Jorge Matheus\" \/>\n\t<meta name=\"twitter:label2\" content=\"Tiempo de lectura\" \/>\n\t<meta name=\"twitter:data2\" content=\"9 minutos\" \/>\n<script type=\"application\/ld+json\" class=\"yoast-schema-graph\">{\"@context\":\"https:\/\/schema.org\",\"@graph\":[{\"@type\":\"Article\",\"@id\":\"https:\/\/infoecos.com.ar\/index.php\/un-mural-cuyo-significado-la-comunidad-debe-conocer-en-el-concejo-deliberante-de-trenque-lauquen\/#article\",\"isPartOf\":{\"@id\":\"https:\/\/infoecos.com.ar\/index.php\/un-mural-cuyo-significado-la-comunidad-debe-conocer-en-el-concejo-deliberante-de-trenque-lauquen\/\"},\"author\":{\"name\":\"Jorge Matheus\",\"@id\":\"https:\/\/infoecos.com.ar\/#\/schema\/person\/8f5ace5ce73b4b4aac4b7245aee6f191\"},\"headline\":\"Un mural cuyo significado la comunidad debe conocer: en el Concejo Deliberante de Trenque Lauquen\",\"datePublished\":\"2023-09-25T19:53:08+00:00\",\"dateModified\":\"2023-09-27T03:36:20+00:00\",\"mainEntityOfPage\":{\"@id\":\"https:\/\/infoecos.com.ar\/index.php\/un-mural-cuyo-significado-la-comunidad-debe-conocer-en-el-concejo-deliberante-de-trenque-lauquen\/\"},\"wordCount\":659,\"publisher\":{\"@id\":\"https:\/\/infoecos.com.ar\/#organization\"},\"image\":{\"@id\":\"https:\/\/infoecos.com.ar\/index.php\/un-mural-cuyo-significado-la-comunidad-debe-conocer-en-el-concejo-deliberante-de-trenque-lauquen\/#primaryimage\"},\"thumbnailUrl\":\"https:\/\/infoecos.com.ar\/wp-content\/uploads\/2023\/09\/ad3451c6-55b3-42af-8397-d221cf1fe68a.jpg\",\"keywords\":[\"MEMORABLE ACTO EN EL CONCEJO\"],\"articleSection\":[\"Bloque inferior - 2\"],\"inLanguage\":\"es\"},{\"@type\":\"WebPage\",\"@id\":\"https:\/\/infoecos.com.ar\/index.php\/un-mural-cuyo-significado-la-comunidad-debe-conocer-en-el-concejo-deliberante-de-trenque-lauquen\/\",\"url\":\"https:\/\/infoecos.com.ar\/index.php\/un-mural-cuyo-significado-la-comunidad-debe-conocer-en-el-concejo-deliberante-de-trenque-lauquen\/\",\"name\":\"Un mural cuyo significado la comunidad debe conocer: en el Concejo Deliberante de Trenque Lauquen - Infoecos\",\"isPartOf\":{\"@id\":\"https:\/\/infoecos.com.ar\/#website\"},\"primaryImageOfPage\":{\"@id\":\"https:\/\/infoecos.com.ar\/index.php\/un-mural-cuyo-significado-la-comunidad-debe-conocer-en-el-concejo-deliberante-de-trenque-lauquen\/#primaryimage\"},\"image\":{\"@id\":\"https:\/\/infoecos.com.ar\/index.php\/un-mural-cuyo-significado-la-comunidad-debe-conocer-en-el-concejo-deliberante-de-trenque-lauquen\/#primaryimage\"},\"thumbnailUrl\":\"https:\/\/infoecos.com.ar\/wp-content\/uploads\/2023\/09\/ad3451c6-55b3-42af-8397-d221cf1fe68a.jpg\",\"datePublished\":\"2023-09-25T19:53:08+00:00\",\"dateModified\":\"2023-09-27T03:36:20+00:00\",\"breadcrumb\":{\"@id\":\"https:\/\/infoecos.com.ar\/index.php\/un-mural-cuyo-significado-la-comunidad-debe-conocer-en-el-concejo-deliberante-de-trenque-lauquen\/#breadcrumb\"},\"inLanguage\":\"es\",\"potentialAction\":[{\"@type\":\"ReadAction\",\"target\":[\"https:\/\/infoecos.com.ar\/index.php\/un-mural-cuyo-significado-la-comunidad-debe-conocer-en-el-concejo-deliberante-de-trenque-lauquen\/\"]}]},{\"@type\":\"ImageObject\",\"inLanguage\":\"es\",\"@id\":\"https:\/\/infoecos.com.ar\/index.php\/un-mural-cuyo-significado-la-comunidad-debe-conocer-en-el-concejo-deliberante-de-trenque-lauquen\/#primaryimage\",\"url\":\"https:\/\/infoecos.com.ar\/wp-content\/uploads\/2023\/09\/ad3451c6-55b3-42af-8397-d221cf1fe68a.jpg\",\"contentUrl\":\"https:\/\/infoecos.com.ar\/wp-content\/uploads\/2023\/09\/ad3451c6-55b3-42af-8397-d221cf1fe68a.jpg\",\"width\":1037,\"height\":778},{\"@type\":\"BreadcrumbList\",\"@id\":\"https:\/\/infoecos.com.ar\/index.php\/un-mural-cuyo-significado-la-comunidad-debe-conocer-en-el-concejo-deliberante-de-trenque-lauquen\/#breadcrumb\",\"itemListElement\":[{\"@type\":\"ListItem\",\"position\":1,\"name\":\"Portada\",\"item\":\"https:\/\/infoecos.com.ar\/\"},{\"@type\":\"ListItem\",\"position\":2,\"name\":\"Un mural cuyo significado la comunidad debe conocer: en el Concejo Deliberante de Trenque Lauquen\"}]},{\"@type\":\"WebSite\",\"@id\":\"https:\/\/infoecos.com.ar\/#website\",\"url\":\"https:\/\/infoecos.com.ar\/\",\"name\":\"Infoecos\",\"description\":\"Noticias de trenque lauquen y la zona\",\"publisher\":{\"@id\":\"https:\/\/infoecos.com.ar\/#organization\"},\"alternateName\":\"Noticias\",\"potentialAction\":[{\"@type\":\"SearchAction\",\"target\":{\"@type\":\"EntryPoint\",\"urlTemplate\":\"https:\/\/infoecos.com.ar\/?s={search_term_string}\"},\"query-input\":{\"@type\":\"PropertyValueSpecification\",\"valueRequired\":true,\"valueName\":\"search_term_string\"}}],\"inLanguage\":\"es\"},{\"@type\":\"Organization\",\"@id\":\"https:\/\/infoecos.com.ar\/#organization\",\"name\":\"Infoecos\",\"alternateName\":\"Noticias\",\"url\":\"https:\/\/infoecos.com.ar\/\",\"logo\":{\"@type\":\"ImageObject\",\"inLanguage\":\"es\",\"@id\":\"https:\/\/infoecos.com.ar\/#\/schema\/logo\/image\/\",\"url\":\"https:\/\/infoecos.com.ar\/wp-content\/uploads\/2024\/03\/cropped-logo.png\",\"contentUrl\":\"https:\/\/infoecos.com.ar\/wp-content\/uploads\/2024\/03\/cropped-logo.png\",\"width\":374,\"height\":90,\"caption\":\"Infoecos\"},\"image\":{\"@id\":\"https:\/\/infoecos.com.ar\/#\/schema\/logo\/image\/\"},\"sameAs\":[\"https:\/\/www.facebook.com\/profile.php?id=100063200290284\",\"https:\/\/x.com\/infoecos\"]},{\"@type\":\"Person\",\"@id\":\"https:\/\/infoecos.com.ar\/#\/schema\/person\/8f5ace5ce73b4b4aac4b7245aee6f191\",\"name\":\"Jorge Matheus\",\"url\":\"https:\/\/infoecos.com.ar\/index.php\/author\/jomatheus\/\"}]}<\/script>\n<!-- \/ Yoast SEO plugin. -->","yoast_head_json":{"title":"Un mural cuyo significado la comunidad debe conocer: en el Concejo Deliberante de Trenque Lauquen - Infoecos","robots":{"index":"index","follow":"follow","max-snippet":"max-snippet:-1","max-image-preview":"max-image-preview:large","max-video-preview":"max-video-preview:-1"},"canonical":"https:\/\/infoecos.com.ar\/index.php\/un-mural-cuyo-significado-la-comunidad-debe-conocer-en-el-concejo-deliberante-de-trenque-lauquen\/","og_locale":"es_ES","og_type":"article","og_title":"Un mural cuyo significado la comunidad debe conocer: en el Concejo Deliberante de Trenque Lauquen - Infoecos","og_description":"Los 40 a\u00f1os de Democracia ininterrumpida en nuestro pa\u00eds, ubicado en el frente del edificio del HCD, sobre la calle Pinc\u00e9n, obra que elaboraron y firmaron los artistas Isa\u00edas Mata, Lucila Gonz\u00e1lez, N\u00e9stor \u201cNaki\u201d Mart\u00edn y Germ\u00e1n Villamayor","og_url":"https:\/\/infoecos.com.ar\/index.php\/un-mural-cuyo-significado-la-comunidad-debe-conocer-en-el-concejo-deliberante-de-trenque-lauquen\/","og_site_name":"Infoecos","article_publisher":"https:\/\/www.facebook.com\/profile.php?id=100063200290284","article_published_time":"2023-09-25T19:53:08+00:00","article_modified_time":"2023-09-27T03:36:20+00:00","og_image":[{"width":1037,"height":778,"url":"https:\/\/infoecos.com.ar\/wp-content\/uploads\/2023\/09\/ad3451c6-55b3-42af-8397-d221cf1fe68a.jpg","type":"image\/jpeg"}],"author":"Jorge Matheus","twitter_card":"summary_large_image","twitter_creator":"@infoecos","twitter_site":"@infoecos","twitter_misc":{"Escrito por":"Jorge Matheus","Tiempo de lectura":"9 minutos"},"schema":{"@context":"https:\/\/schema.org","@graph":[{"@type":"Article","@id":"https:\/\/infoecos.com.ar\/index.php\/un-mural-cuyo-significado-la-comunidad-debe-conocer-en-el-concejo-deliberante-de-trenque-lauquen\/#article","isPartOf":{"@id":"https:\/\/infoecos.com.ar\/index.php\/un-mural-cuyo-significado-la-comunidad-debe-conocer-en-el-concejo-deliberante-de-trenque-lauquen\/"},"author":{"name":"Jorge Matheus","@id":"https:\/\/infoecos.com.ar\/#\/schema\/person\/8f5ace5ce73b4b4aac4b7245aee6f191"},"headline":"Un mural cuyo significado la comunidad debe conocer: en el Concejo Deliberante de Trenque Lauquen","datePublished":"2023-09-25T19:53:08+00:00","dateModified":"2023-09-27T03:36:20+00:00","mainEntityOfPage":{"@id":"https:\/\/infoecos.com.ar\/index.php\/un-mural-cuyo-significado-la-comunidad-debe-conocer-en-el-concejo-deliberante-de-trenque-lauquen\/"},"wordCount":659,"publisher":{"@id":"https:\/\/infoecos.com.ar\/#organization"},"image":{"@id":"https:\/\/infoecos.com.ar\/index.php\/un-mural-cuyo-significado-la-comunidad-debe-conocer-en-el-concejo-deliberante-de-trenque-lauquen\/#primaryimage"},"thumbnailUrl":"https:\/\/infoecos.com.ar\/wp-content\/uploads\/2023\/09\/ad3451c6-55b3-42af-8397-d221cf1fe68a.jpg","keywords":["MEMORABLE ACTO EN EL CONCEJO"],"articleSection":["Bloque inferior - 2"],"inLanguage":"es"},{"@type":"WebPage","@id":"https:\/\/infoecos.com.ar\/index.php\/un-mural-cuyo-significado-la-comunidad-debe-conocer-en-el-concejo-deliberante-de-trenque-lauquen\/","url":"https:\/\/infoecos.com.ar\/index.php\/un-mural-cuyo-significado-la-comunidad-debe-conocer-en-el-concejo-deliberante-de-trenque-lauquen\/","name":"Un mural cuyo significado la comunidad debe conocer: en el Concejo Deliberante de Trenque Lauquen - Infoecos","isPartOf":{"@id":"https:\/\/infoecos.com.ar\/#website"},"primaryImageOfPage":{"@id":"https:\/\/infoecos.com.ar\/index.php\/un-mural-cuyo-significado-la-comunidad-debe-conocer-en-el-concejo-deliberante-de-trenque-lauquen\/#primaryimage"},"image":{"@id":"https:\/\/infoecos.com.ar\/index.php\/un-mural-cuyo-significado-la-comunidad-debe-conocer-en-el-concejo-deliberante-de-trenque-lauquen\/#primaryimage"},"thumbnailUrl":"https:\/\/infoecos.com.ar\/wp-content\/uploads\/2023\/09\/ad3451c6-55b3-42af-8397-d221cf1fe68a.jpg","datePublished":"2023-09-25T19:53:08+00:00","dateModified":"2023-09-27T03:36:20+00:00","breadcrumb":{"@id":"https:\/\/infoecos.com.ar\/index.php\/un-mural-cuyo-significado-la-comunidad-debe-conocer-en-el-concejo-deliberante-de-trenque-lauquen\/#breadcrumb"},"inLanguage":"es","potentialAction":[{"@type":"ReadAction","target":["https:\/\/infoecos.com.ar\/index.php\/un-mural-cuyo-significado-la-comunidad-debe-conocer-en-el-concejo-deliberante-de-trenque-lauquen\/"]}]},{"@type":"ImageObject","inLanguage":"es","@id":"https:\/\/infoecos.com.ar\/index.php\/un-mural-cuyo-significado-la-comunidad-debe-conocer-en-el-concejo-deliberante-de-trenque-lauquen\/#primaryimage","url":"https:\/\/infoecos.com.ar\/wp-content\/uploads\/2023\/09\/ad3451c6-55b3-42af-8397-d221cf1fe68a.jpg","contentUrl":"https:\/\/infoecos.com.ar\/wp-content\/uploads\/2023\/09\/ad3451c6-55b3-42af-8397-d221cf1fe68a.jpg","width":1037,"height":778},{"@type":"BreadcrumbList","@id":"https:\/\/infoecos.com.ar\/index.php\/un-mural-cuyo-significado-la-comunidad-debe-conocer-en-el-concejo-deliberante-de-trenque-lauquen\/#breadcrumb","itemListElement":[{"@type":"ListItem","position":1,"name":"Portada","item":"https:\/\/infoecos.com.ar\/"},{"@type":"ListItem","position":2,"name":"Un mural cuyo significado la comunidad debe conocer: en el Concejo Deliberante de Trenque Lauquen"}]},{"@type":"WebSite","@id":"https:\/\/infoecos.com.ar\/#website","url":"https:\/\/infoecos.com.ar\/","name":"Infoecos","description":"Noticias de trenque lauquen y la zona","publisher":{"@id":"https:\/\/infoecos.com.ar\/#organization"},"alternateName":"Noticias","potentialAction":[{"@type":"SearchAction","target":{"@type":"EntryPoint","urlTemplate":"https:\/\/infoecos.com.ar\/?s={search_term_string}"},"query-input":{"@type":"PropertyValueSpecification","valueRequired":true,"valueName":"search_term_string"}}],"inLanguage":"es"},{"@type":"Organization","@id":"https:\/\/infoecos.com.ar\/#organization","name":"Infoecos","alternateName":"Noticias","url":"https:\/\/infoecos.com.ar\/","logo":{"@type":"ImageObject","inLanguage":"es","@id":"https:\/\/infoecos.com.ar\/#\/schema\/logo\/image\/","url":"https:\/\/infoecos.com.ar\/wp-content\/uploads\/2024\/03\/cropped-logo.png","contentUrl":"https:\/\/infoecos.com.ar\/wp-content\/uploads\/2024\/03\/cropped-logo.png","width":374,"height":90,"caption":"Infoecos"},"image":{"@id":"https:\/\/infoecos.com.ar\/#\/schema\/logo\/image\/"},"sameAs":["https:\/\/www.facebook.com\/profile.php?id=100063200290284","https:\/\/x.com\/infoecos"]},{"@type":"Person","@id":"https:\/\/infoecos.com.ar\/#\/schema\/person\/8f5ace5ce73b4b4aac4b7245aee6f191","name":"Jorge Matheus","url":"https:\/\/infoecos.com.ar\/index.php\/author\/jomatheus\/"}]}},"featured_image_urls":{"full":["https:\/\/infoecos.com.ar\/wp-content\/uploads\/2023\/09\/ad3451c6-55b3-42af-8397-d221cf1fe68a.jpg",1037,778,false],"thumbnail":["https:\/\/infoecos.com.ar\/wp-content\/uploads\/2023\/09\/ad3451c6-55b3-42af-8397-d221cf1fe68a-300x150.jpg",300,150,true],"medium":["https:\/\/infoecos.com.ar\/wp-content\/uploads\/2023\/09\/ad3451c6-55b3-42af-8397-d221cf1fe68a-800x600.jpg",800,600,true],"medium_large":["https:\/\/infoecos.com.ar\/wp-content\/uploads\/2023\/09\/ad3451c6-55b3-42af-8397-d221cf1fe68a-768x576.jpg",640,480,true],"large":["https:\/\/infoecos.com.ar\/wp-content\/uploads\/2023\/09\/ad3451c6-55b3-42af-8397-d221cf1fe68a.jpg",640,480,false],"1536x1536":["https:\/\/infoecos.com.ar\/wp-content\/uploads\/2023\/09\/ad3451c6-55b3-42af-8397-d221cf1fe68a.jpg",1037,778,false],"2048x2048":["https:\/\/infoecos.com.ar\/wp-content\/uploads\/2023\/09\/ad3451c6-55b3-42af-8397-d221cf1fe68a.jpg",1037,778,false],"covernews-slider-full":["https:\/\/infoecos.com.ar\/wp-content\/uploads\/2023\/09\/ad3451c6-55b3-42af-8397-d221cf1fe68a.jpg",953,715,false],"covernews-slider-center":["https:\/\/infoecos.com.ar\/wp-content\/uploads\/2023\/09\/ad3451c6-55b3-42af-8397-d221cf1fe68a-936x778.jpg",602,500,true],"covernews-featured":["https:\/\/infoecos.com.ar\/wp-content\/uploads\/2023\/09\/ad3451c6-55b3-42af-8397-d221cf1fe68a-1024x768.jpg",1024,768,true],"covernews-medium":["https:\/\/infoecos.com.ar\/wp-content\/uploads\/2023\/09\/ad3451c6-55b3-42af-8397-d221cf1fe68a-720x380.jpg",540,285,true],"covernews-medium-square":["https:\/\/infoecos.com.ar\/wp-content\/uploads\/2023\/09\/ad3451c6-55b3-42af-8397-d221cf1fe68a-675x450.jpg",375,250,true]},"author_info":{"info":["Jorge Matheus"]},"category_info":"<a href=\"https:\/\/infoecos.com.ar\/index.php\/category\/inferior2\/\" rel=\"category tag\">Bloque inferior - 2<\/a>","tag_info":"Bloque inferior - 2","comment_count":"0","_links":{"self":[{"href":"https:\/\/infoecos.com.ar\/index.php\/wp-json\/wp\/v2\/posts\/112936"}],"collection":[{"href":"https:\/\/infoecos.com.ar\/index.php\/wp-json\/wp\/v2\/posts"}],"about":[{"href":"https:\/\/infoecos.com.ar\/index.php\/wp-json\/wp\/v2\/types\/post"}],"author":[{"embeddable":true,"href":"https:\/\/infoecos.com.ar\/index.php\/wp-json\/wp\/v2\/users\/2"}],"replies":[{"embeddable":true,"href":"https:\/\/infoecos.com.ar\/index.php\/wp-json\/wp\/v2\/comments?post=112936"}],"version-history":[{"count":1,"href":"https:\/\/infoecos.com.ar\/index.php\/wp-json\/wp\/v2\/posts\/112936\/revisions"}],"predecessor-version":[{"id":112965,"href":"https:\/\/infoecos.com.ar\/index.php\/wp-json\/wp\/v2\/posts\/112936\/revisions\/112965"}],"wp:featuredmedia":[{"embeddable":true,"href":"https:\/\/infoecos.com.ar\/index.php\/wp-json\/wp\/v2\/media\/112943"}],"wp:attachment":[{"href":"https:\/\/infoecos.com.ar\/index.php\/wp-json\/wp\/v2\/media?parent=112936"}],"wp:term":[{"taxonomy":"category","embeddable":true,"href":"https:\/\/infoecos.com.ar\/index.php\/wp-json\/wp\/v2\/categories?post=112936"},{"taxonomy":"post_tag","embeddable":true,"href":"https:\/\/infoecos.com.ar\/index.php\/wp-json\/wp\/v2\/tags?post=112936"}],"curies":[{"name":"wp","href":"https:\/\/api.w.org\/{rel}","templated":true}]}}