{"id":113012,"date":"2023-09-26T02:17:53","date_gmt":"2023-09-26T05:17:53","guid":{"rendered":"https:\/\/infoecos.com.ar\/?p=113012"},"modified":"2023-09-27T03:04:15","modified_gmt":"2023-09-27T06:04:15","slug":"zurro-inaugura-importantes-obras-con-su-estilo-miren-el-caracter-de-mierda-que-tengo-que-se-nos-ocurrio-hace-una-escuela-que-caracter","status":"publish","type":"post","link":"https:\/\/infoecos.com.ar\/index.php\/zurro-inaugura-importantes-obras-con-su-estilo-miren-el-caracter-de-mierda-que-tengo-que-se-nos-ocurrio-hace-una-escuela-que-caracter\/","title":{"rendered":"Zurro inaugura importantes obras con su estilo: \u201cmiren el car\u00e1cter de mierda que tengo. Se nos ocurri\u00f3 hacer una escuela. \u00a1Qu\u00e9 car\u00e1cter!\u201d"},"content":{"rendered":"\n<p>El intendente de Pehuaj\u00f3, Pablo Zurro, encabez\u00f3 la inauguraci\u00f3n del nuevo edificio del Centro de Formaci\u00f3n Laboral N\u00ba 401, Manuel Belgrano, ubicado en la intersecci\u00f3n de las calles Alberdi y Gazzoti de la ciudad cabecera de su distrito.<\/p>\n\n\n\n<p>Pablo Zurro valor\u00f3 la figura de quien fuera titular del centro,&nbsp;<strong>Eduardo Mascheroni<\/strong>&nbsp;y luego rescat\u00f3 lo expresado por la directora y la regente del establecimiento, para luego responderle a la oposici\u00f3n y a quienes le critican su \u201ccar\u00e1cter\u201d, para precisar, \u201cmiren el car\u00e1cter de mierda que tengo que se nos ocurri\u00f3 hace una escuela. \u00a1Qu\u00e9 car\u00e1cter!\u201d.<\/p>\n\n\n\n<figure class=\"wp-block-image alignright size-full is-resized\"><img loading=\"lazy\" decoding=\"async\" src=\"https:\/\/infoecos.com.ar\/wp-content\/uploads\/2023\/09\/centro-1024x683-2.jpg\" alt=\"\" class=\"wp-image-113015\" width=\"471\" height=\"314\" srcset=\"https:\/\/infoecos.com.ar\/wp-content\/uploads\/2023\/09\/centro-1024x683-2.jpg 1024w, https:\/\/infoecos.com.ar\/wp-content\/uploads\/2023\/09\/centro-1024x683-2-800x534.jpg 800w, https:\/\/infoecos.com.ar\/wp-content\/uploads\/2023\/09\/centro-1024x683-2-768x512.jpg 768w, https:\/\/infoecos.com.ar\/wp-content\/uploads\/2023\/09\/centro-1024x683-2-675x450.jpg 675w\" sizes=\"(max-width: 471px) 100vw, 471px\" \/><\/figure>\n\n\n\n<p>Coment\u00f3 que \u201cdicen los opositores trabajan rojo, tiene la municipalidad endeudada y si\u2026 trabajo en rojo, al filo, \u00bfpor qu\u00e9? porque lo vuelco en la gente, porque si yo pensar\u00eda que no soy el estado y yo tuviera much\u00edsimos millones en la municipalidad no estar\u00eda este edificio y como no soy una entidad financiera y como no soy de otro partido y porque conmigo es f\u00e1cil hablar porque siempre defiendo lo mismo y porque no voy de ac\u00e1 para all\u00e1 tenemos este edificio\u201d.<\/p>\n\n\n\n<p>Entre otro de los puntos que mencion\u00f3 Zurro, indic\u00f3 que se trata de \u201cuna escuela espectacular con 328 personas en la cual van a tener un lugar much\u00edsimo m\u00e1s c\u00f3modo para estudiar\u201d.<\/p>\n","protected":false},"excerpt":{"rendered":"<p>Respondi\u00f3 a quienes critican y criticamos su car\u00e1cter. En el acto estaba el ministro de trabajo de la provincia<\/p>\n","protected":false},"author":2,"featured_media":113013,"comment_status":"closed","ping_status":"open","sticky":false,"template":"","format":"standard","meta":{"footnotes":""},"categories":[201],"tags":[9246],"class_list":["post-113012","post","type-post","status-publish","format-standard","has-post-thumbnail","hentry","category-inferior9","tag-hacedor-siempre-polemico"],"yoast_head":"<!-- This site is optimized with the Yoast SEO plugin v23.4 - https:\/\/yoast.com\/wordpress\/plugins\/seo\/ -->\n<title>Zurro inaugura importantes obras con su estilo: \u201cmiren el car\u00e1cter de mierda que tengo. Se nos ocurri\u00f3 hacer una escuela. \u00a1Qu\u00e9 car\u00e1cter!\u201d - Infoecos<\/title>\n<meta name=\"robots\" content=\"index, follow, max-snippet:-1, max-image-preview:large, max-video-preview:-1\" \/>\n<link rel=\"canonical\" href=\"https:\/\/infoecos.com.ar\/index.php\/zurro-inaugura-importantes-obras-con-su-estilo-miren-el-caracter-de-mierda-que-tengo-que-se-nos-ocurrio-hace-una-escuela-que-caracter\/\" \/>\n<meta property=\"og:locale\" content=\"es_ES\" \/>\n<meta property=\"og:type\" content=\"article\" \/>\n<meta property=\"og:title\" content=\"Zurro inaugura importantes obras con su estilo: \u201cmiren el car\u00e1cter de mierda que tengo. Se nos ocurri\u00f3 hacer una escuela. \u00a1Qu\u00e9 car\u00e1cter!\u201d - Infoecos\" \/>\n<meta property=\"og:description\" content=\"Respondi\u00f3 a quienes critican y criticamos su car\u00e1cter. En el acto estaba el ministro de trabajo de la provincia\" \/>\n<meta property=\"og:url\" content=\"https:\/\/infoecos.com.ar\/index.php\/zurro-inaugura-importantes-obras-con-su-estilo-miren-el-caracter-de-mierda-que-tengo-que-se-nos-ocurrio-hace-una-escuela-que-caracter\/\" \/>\n<meta property=\"og:site_name\" content=\"Infoecos\" \/>\n<meta property=\"article:publisher\" content=\"https:\/\/www.facebook.com\/profile.php?id=100063200290284\" \/>\n<meta property=\"article:published_time\" content=\"2023-09-26T05:17:53+00:00\" \/>\n<meta property=\"article:modified_time\" content=\"2023-09-27T06:04:15+00:00\" \/>\n<meta property=\"og:image\" content=\"https:\/\/infoecos.com.ar\/wp-content\/uploads\/2023\/09\/centro-1024x683-1.jpg\" \/>\n\t<meta property=\"og:image:width\" content=\"1024\" \/>\n\t<meta property=\"og:image:height\" content=\"683\" \/>\n\t<meta property=\"og:image:type\" content=\"image\/jpeg\" \/>\n<meta name=\"author\" content=\"Jorge Matheus\" \/>\n<meta name=\"twitter:card\" content=\"summary_large_image\" \/>\n<meta name=\"twitter:creator\" content=\"@infoecos\" \/>\n<meta name=\"twitter:site\" content=\"@infoecos\" \/>\n<meta name=\"twitter:label1\" content=\"Escrito por\" \/>\n\t<meta name=\"twitter:data1\" content=\"Jorge Matheus\" \/>\n\t<meta name=\"twitter:label2\" content=\"Tiempo de lectura\" \/>\n\t<meta name=\"twitter:data2\" content=\"2 minutos\" \/>\n<script type=\"application\/ld+json\" class=\"yoast-schema-graph\">{\"@context\":\"https:\/\/schema.org\",\"@graph\":[{\"@type\":\"Article\",\"@id\":\"https:\/\/infoecos.com.ar\/index.php\/zurro-inaugura-importantes-obras-con-su-estilo-miren-el-caracter-de-mierda-que-tengo-que-se-nos-ocurrio-hace-una-escuela-que-caracter\/#article\",\"isPartOf\":{\"@id\":\"https:\/\/infoecos.com.ar\/index.php\/zurro-inaugura-importantes-obras-con-su-estilo-miren-el-caracter-de-mierda-que-tengo-que-se-nos-ocurrio-hace-una-escuela-que-caracter\/\"},\"author\":{\"name\":\"Jorge Matheus\",\"@id\":\"https:\/\/infoecos.com.ar\/#\/schema\/person\/8f5ace5ce73b4b4aac4b7245aee6f191\"},\"headline\":\"Zurro inaugura importantes obras con su estilo: \u201cmiren el car\u00e1cter de mierda que tengo. Se nos ocurri\u00f3 hacer una escuela. \u00a1Qu\u00e9 car\u00e1cter!\u201d\",\"datePublished\":\"2023-09-26T05:17:53+00:00\",\"dateModified\":\"2023-09-27T06:04:15+00:00\",\"mainEntityOfPage\":{\"@id\":\"https:\/\/infoecos.com.ar\/index.php\/zurro-inaugura-importantes-obras-con-su-estilo-miren-el-caracter-de-mierda-que-tengo-que-se-nos-ocurrio-hace-una-escuela-que-caracter\/\"},\"wordCount\":248,\"publisher\":{\"@id\":\"https:\/\/infoecos.com.ar\/#organization\"},\"image\":{\"@id\":\"https:\/\/infoecos.com.ar\/index.php\/zurro-inaugura-importantes-obras-con-su-estilo-miren-el-caracter-de-mierda-que-tengo-que-se-nos-ocurrio-hace-una-escuela-que-caracter\/#primaryimage\"},\"thumbnailUrl\":\"https:\/\/infoecos.com.ar\/wp-content\/uploads\/2023\/09\/centro-1024x683-1.jpg\",\"keywords\":[\"HACEDOR SIEMPRE POL\u00c9MICO\"],\"articleSection\":[\"Bloque inferior - 9\"],\"inLanguage\":\"es\"},{\"@type\":\"WebPage\",\"@id\":\"https:\/\/infoecos.com.ar\/index.php\/zurro-inaugura-importantes-obras-con-su-estilo-miren-el-caracter-de-mierda-que-tengo-que-se-nos-ocurrio-hace-una-escuela-que-caracter\/\",\"url\":\"https:\/\/infoecos.com.ar\/index.php\/zurro-inaugura-importantes-obras-con-su-estilo-miren-el-caracter-de-mierda-que-tengo-que-se-nos-ocurrio-hace-una-escuela-que-caracter\/\",\"name\":\"Zurro inaugura importantes obras con su estilo: \u201cmiren el car\u00e1cter de mierda que tengo. Se nos ocurri\u00f3 hacer una escuela. \u00a1Qu\u00e9 car\u00e1cter!\u201d - Infoecos\",\"isPartOf\":{\"@id\":\"https:\/\/infoecos.com.ar\/#website\"},\"primaryImageOfPage\":{\"@id\":\"https:\/\/infoecos.com.ar\/index.php\/zurro-inaugura-importantes-obras-con-su-estilo-miren-el-caracter-de-mierda-que-tengo-que-se-nos-ocurrio-hace-una-escuela-que-caracter\/#primaryimage\"},\"image\":{\"@id\":\"https:\/\/infoecos.com.ar\/index.php\/zurro-inaugura-importantes-obras-con-su-estilo-miren-el-caracter-de-mierda-que-tengo-que-se-nos-ocurrio-hace-una-escuela-que-caracter\/#primaryimage\"},\"thumbnailUrl\":\"https:\/\/infoecos.com.ar\/wp-content\/uploads\/2023\/09\/centro-1024x683-1.jpg\",\"datePublished\":\"2023-09-26T05:17:53+00:00\",\"dateModified\":\"2023-09-27T06:04:15+00:00\",\"breadcrumb\":{\"@id\":\"https:\/\/infoecos.com.ar\/index.php\/zurro-inaugura-importantes-obras-con-su-estilo-miren-el-caracter-de-mierda-que-tengo-que-se-nos-ocurrio-hace-una-escuela-que-caracter\/#breadcrumb\"},\"inLanguage\":\"es\",\"potentialAction\":[{\"@type\":\"ReadAction\",\"target\":[\"https:\/\/infoecos.com.ar\/index.php\/zurro-inaugura-importantes-obras-con-su-estilo-miren-el-caracter-de-mierda-que-tengo-que-se-nos-ocurrio-hace-una-escuela-que-caracter\/\"]}]},{\"@type\":\"ImageObject\",\"inLanguage\":\"es\",\"@id\":\"https:\/\/infoecos.com.ar\/index.php\/zurro-inaugura-importantes-obras-con-su-estilo-miren-el-caracter-de-mierda-que-tengo-que-se-nos-ocurrio-hace-una-escuela-que-caracter\/#primaryimage\",\"url\":\"https:\/\/infoecos.com.ar\/wp-content\/uploads\/2023\/09\/centro-1024x683-1.jpg\",\"contentUrl\":\"https:\/\/infoecos.com.ar\/wp-content\/uploads\/2023\/09\/centro-1024x683-1.jpg\",\"width\":1024,\"height\":683},{\"@type\":\"BreadcrumbList\",\"@id\":\"https:\/\/infoecos.com.ar\/index.php\/zurro-inaugura-importantes-obras-con-su-estilo-miren-el-caracter-de-mierda-que-tengo-que-se-nos-ocurrio-hace-una-escuela-que-caracter\/#breadcrumb\",\"itemListElement\":[{\"@type\":\"ListItem\",\"position\":1,\"name\":\"Portada\",\"item\":\"https:\/\/infoecos.com.ar\/\"},{\"@type\":\"ListItem\",\"position\":2,\"name\":\"Zurro inaugura importantes obras con su estilo: \u201cmiren el car\u00e1cter de mierda que tengo. Se nos ocurri\u00f3 hacer una escuela. \u00a1Qu\u00e9 car\u00e1cter!\u201d\"}]},{\"@type\":\"WebSite\",\"@id\":\"https:\/\/infoecos.com.ar\/#website\",\"url\":\"https:\/\/infoecos.com.ar\/\",\"name\":\"Infoecos\",\"description\":\"Noticias de trenque lauquen y la zona\",\"publisher\":{\"@id\":\"https:\/\/infoecos.com.ar\/#organization\"},\"alternateName\":\"Noticias\",\"potentialAction\":[{\"@type\":\"SearchAction\",\"target\":{\"@type\":\"EntryPoint\",\"urlTemplate\":\"https:\/\/infoecos.com.ar\/?s={search_term_string}\"},\"query-input\":{\"@type\":\"PropertyValueSpecification\",\"valueRequired\":true,\"valueName\":\"search_term_string\"}}],\"inLanguage\":\"es\"},{\"@type\":\"Organization\",\"@id\":\"https:\/\/infoecos.com.ar\/#organization\",\"name\":\"Infoecos\",\"alternateName\":\"Noticias\",\"url\":\"https:\/\/infoecos.com.ar\/\",\"logo\":{\"@type\":\"ImageObject\",\"inLanguage\":\"es\",\"@id\":\"https:\/\/infoecos.com.ar\/#\/schema\/logo\/image\/\",\"url\":\"https:\/\/infoecos.com.ar\/wp-content\/uploads\/2024\/03\/cropped-logo.png\",\"contentUrl\":\"https:\/\/infoecos.com.ar\/wp-content\/uploads\/2024\/03\/cropped-logo.png\",\"width\":374,\"height\":90,\"caption\":\"Infoecos\"},\"image\":{\"@id\":\"https:\/\/infoecos.com.ar\/#\/schema\/logo\/image\/\"},\"sameAs\":[\"https:\/\/www.facebook.com\/profile.php?id=100063200290284\",\"https:\/\/x.com\/infoecos\"]},{\"@type\":\"Person\",\"@id\":\"https:\/\/infoecos.com.ar\/#\/schema\/person\/8f5ace5ce73b4b4aac4b7245aee6f191\",\"name\":\"Jorge Matheus\",\"url\":\"https:\/\/infoecos.com.ar\/index.php\/author\/jomatheus\/\"}]}<\/script>\n<!-- \/ Yoast SEO plugin. -->","yoast_head_json":{"title":"Zurro inaugura importantes obras con su estilo: \u201cmiren el car\u00e1cter de mierda que tengo. Se nos ocurri\u00f3 hacer una escuela. \u00a1Qu\u00e9 car\u00e1cter!\u201d - Infoecos","robots":{"index":"index","follow":"follow","max-snippet":"max-snippet:-1","max-image-preview":"max-image-preview:large","max-video-preview":"max-video-preview:-1"},"canonical":"https:\/\/infoecos.com.ar\/index.php\/zurro-inaugura-importantes-obras-con-su-estilo-miren-el-caracter-de-mierda-que-tengo-que-se-nos-ocurrio-hace-una-escuela-que-caracter\/","og_locale":"es_ES","og_type":"article","og_title":"Zurro inaugura importantes obras con su estilo: \u201cmiren el car\u00e1cter de mierda que tengo. Se nos ocurri\u00f3 hacer una escuela. \u00a1Qu\u00e9 car\u00e1cter!\u201d - Infoecos","og_description":"Respondi\u00f3 a quienes critican y criticamos su car\u00e1cter. En el acto estaba el ministro de trabajo de la provincia","og_url":"https:\/\/infoecos.com.ar\/index.php\/zurro-inaugura-importantes-obras-con-su-estilo-miren-el-caracter-de-mierda-que-tengo-que-se-nos-ocurrio-hace-una-escuela-que-caracter\/","og_site_name":"Infoecos","article_publisher":"https:\/\/www.facebook.com\/profile.php?id=100063200290284","article_published_time":"2023-09-26T05:17:53+00:00","article_modified_time":"2023-09-27T06:04:15+00:00","og_image":[{"width":1024,"height":683,"url":"https:\/\/infoecos.com.ar\/wp-content\/uploads\/2023\/09\/centro-1024x683-1.jpg","type":"image\/jpeg"}],"author":"Jorge Matheus","twitter_card":"summary_large_image","twitter_creator":"@infoecos","twitter_site":"@infoecos","twitter_misc":{"Escrito por":"Jorge Matheus","Tiempo de lectura":"2 minutos"},"schema":{"@context":"https:\/\/schema.org","@graph":[{"@type":"Article","@id":"https:\/\/infoecos.com.ar\/index.php\/zurro-inaugura-importantes-obras-con-su-estilo-miren-el-caracter-de-mierda-que-tengo-que-se-nos-ocurrio-hace-una-escuela-que-caracter\/#article","isPartOf":{"@id":"https:\/\/infoecos.com.ar\/index.php\/zurro-inaugura-importantes-obras-con-su-estilo-miren-el-caracter-de-mierda-que-tengo-que-se-nos-ocurrio-hace-una-escuela-que-caracter\/"},"author":{"name":"Jorge Matheus","@id":"https:\/\/infoecos.com.ar\/#\/schema\/person\/8f5ace5ce73b4b4aac4b7245aee6f191"},"headline":"Zurro inaugura importantes obras con su estilo: \u201cmiren el car\u00e1cter de mierda que tengo. Se nos ocurri\u00f3 hacer una escuela. \u00a1Qu\u00e9 car\u00e1cter!\u201d","datePublished":"2023-09-26T05:17:53+00:00","dateModified":"2023-09-27T06:04:15+00:00","mainEntityOfPage":{"@id":"https:\/\/infoecos.com.ar\/index.php\/zurro-inaugura-importantes-obras-con-su-estilo-miren-el-caracter-de-mierda-que-tengo-que-se-nos-ocurrio-hace-una-escuela-que-caracter\/"},"wordCount":248,"publisher":{"@id":"https:\/\/infoecos.com.ar\/#organization"},"image":{"@id":"https:\/\/infoecos.com.ar\/index.php\/zurro-inaugura-importantes-obras-con-su-estilo-miren-el-caracter-de-mierda-que-tengo-que-se-nos-ocurrio-hace-una-escuela-que-caracter\/#primaryimage"},"thumbnailUrl":"https:\/\/infoecos.com.ar\/wp-content\/uploads\/2023\/09\/centro-1024x683-1.jpg","keywords":["HACEDOR SIEMPRE POL\u00c9MICO"],"articleSection":["Bloque inferior - 9"],"inLanguage":"es"},{"@type":"WebPage","@id":"https:\/\/infoecos.com.ar\/index.php\/zurro-inaugura-importantes-obras-con-su-estilo-miren-el-caracter-de-mierda-que-tengo-que-se-nos-ocurrio-hace-una-escuela-que-caracter\/","url":"https:\/\/infoecos.com.ar\/index.php\/zurro-inaugura-importantes-obras-con-su-estilo-miren-el-caracter-de-mierda-que-tengo-que-se-nos-ocurrio-hace-una-escuela-que-caracter\/","name":"Zurro inaugura importantes obras con su estilo: \u201cmiren el car\u00e1cter de mierda que tengo. Se nos ocurri\u00f3 hacer una escuela. \u00a1Qu\u00e9 car\u00e1cter!\u201d - Infoecos","isPartOf":{"@id":"https:\/\/infoecos.com.ar\/#website"},"primaryImageOfPage":{"@id":"https:\/\/infoecos.com.ar\/index.php\/zurro-inaugura-importantes-obras-con-su-estilo-miren-el-caracter-de-mierda-que-tengo-que-se-nos-ocurrio-hace-una-escuela-que-caracter\/#primaryimage"},"image":{"@id":"https:\/\/infoecos.com.ar\/index.php\/zurro-inaugura-importantes-obras-con-su-estilo-miren-el-caracter-de-mierda-que-tengo-que-se-nos-ocurrio-hace-una-escuela-que-caracter\/#primaryimage"},"thumbnailUrl":"https:\/\/infoecos.com.ar\/wp-content\/uploads\/2023\/09\/centro-1024x683-1.jpg","datePublished":"2023-09-26T05:17:53+00:00","dateModified":"2023-09-27T06:04:15+00:00","breadcrumb":{"@id":"https:\/\/infoecos.com.ar\/index.php\/zurro-inaugura-importantes-obras-con-su-estilo-miren-el-caracter-de-mierda-que-tengo-que-se-nos-ocurrio-hace-una-escuela-que-caracter\/#breadcrumb"},"inLanguage":"es","potentialAction":[{"@type":"ReadAction","target":["https:\/\/infoecos.com.ar\/index.php\/zurro-inaugura-importantes-obras-con-su-estilo-miren-el-caracter-de-mierda-que-tengo-que-se-nos-ocurrio-hace-una-escuela-que-caracter\/"]}]},{"@type":"ImageObject","inLanguage":"es","@id":"https:\/\/infoecos.com.ar\/index.php\/zurro-inaugura-importantes-obras-con-su-estilo-miren-el-caracter-de-mierda-que-tengo-que-se-nos-ocurrio-hace-una-escuela-que-caracter\/#primaryimage","url":"https:\/\/infoecos.com.ar\/wp-content\/uploads\/2023\/09\/centro-1024x683-1.jpg","contentUrl":"https:\/\/infoecos.com.ar\/wp-content\/uploads\/2023\/09\/centro-1024x683-1.jpg","width":1024,"height":683},{"@type":"BreadcrumbList","@id":"https:\/\/infoecos.com.ar\/index.php\/zurro-inaugura-importantes-obras-con-su-estilo-miren-el-caracter-de-mierda-que-tengo-que-se-nos-ocurrio-hace-una-escuela-que-caracter\/#breadcrumb","itemListElement":[{"@type":"ListItem","position":1,"name":"Portada","item":"https:\/\/infoecos.com.ar\/"},{"@type":"ListItem","position":2,"name":"Zurro inaugura importantes obras con su estilo: \u201cmiren el car\u00e1cter de mierda que tengo. Se nos ocurri\u00f3 hacer una escuela. \u00a1Qu\u00e9 car\u00e1cter!\u201d"}]},{"@type":"WebSite","@id":"https:\/\/infoecos.com.ar\/#website","url":"https:\/\/infoecos.com.ar\/","name":"Infoecos","description":"Noticias de trenque lauquen y la zona","publisher":{"@id":"https:\/\/infoecos.com.ar\/#organization"},"alternateName":"Noticias","potentialAction":[{"@type":"SearchAction","target":{"@type":"EntryPoint","urlTemplate":"https:\/\/infoecos.com.ar\/?s={search_term_string}"},"query-input":{"@type":"PropertyValueSpecification","valueRequired":true,"valueName":"search_term_string"}}],"inLanguage":"es"},{"@type":"Organization","@id":"https:\/\/infoecos.com.ar\/#organization","name":"Infoecos","alternateName":"Noticias","url":"https:\/\/infoecos.com.ar\/","logo":{"@type":"ImageObject","inLanguage":"es","@id":"https:\/\/infoecos.com.ar\/#\/schema\/logo\/image\/","url":"https:\/\/infoecos.com.ar\/wp-content\/uploads\/2024\/03\/cropped-logo.png","contentUrl":"https:\/\/infoecos.com.ar\/wp-content\/uploads\/2024\/03\/cropped-logo.png","width":374,"height":90,"caption":"Infoecos"},"image":{"@id":"https:\/\/infoecos.com.ar\/#\/schema\/logo\/image\/"},"sameAs":["https:\/\/www.facebook.com\/profile.php?id=100063200290284","https:\/\/x.com\/infoecos"]},{"@type":"Person","@id":"https:\/\/infoecos.com.ar\/#\/schema\/person\/8f5ace5ce73b4b4aac4b7245aee6f191","name":"Jorge Matheus","url":"https:\/\/infoecos.com.ar\/index.php\/author\/jomatheus\/"}]}},"featured_image_urls":{"full":["https:\/\/infoecos.com.ar\/wp-content\/uploads\/2023\/09\/centro-1024x683-1.jpg",1024,683,false],"thumbnail":["https:\/\/infoecos.com.ar\/wp-content\/uploads\/2023\/09\/centro-1024x683-1-300x150.jpg",300,150,true],"medium":["https:\/\/infoecos.com.ar\/wp-content\/uploads\/2023\/09\/centro-1024x683-1-800x534.jpg",800,534,true],"medium_large":["https:\/\/infoecos.com.ar\/wp-content\/uploads\/2023\/09\/centro-1024x683-1-768x512.jpg",640,427,true],"large":["https:\/\/infoecos.com.ar\/wp-content\/uploads\/2023\/09\/centro-1024x683-1.jpg",640,427,false],"1536x1536":["https:\/\/infoecos.com.ar\/wp-content\/uploads\/2023\/09\/centro-1024x683-1.jpg",1024,683,false],"2048x2048":["https:\/\/infoecos.com.ar\/wp-content\/uploads\/2023\/09\/centro-1024x683-1.jpg",1024,683,false],"covernews-slider-full":["https:\/\/infoecos.com.ar\/wp-content\/uploads\/2023\/09\/centro-1024x683-1.jpg",1024,683,false],"covernews-slider-center":["https:\/\/infoecos.com.ar\/wp-content\/uploads\/2023\/09\/centro-1024x683-1-936x683.jpg",685,500,true],"covernews-featured":["https:\/\/infoecos.com.ar\/wp-content\/uploads\/2023\/09\/centro-1024x683-1.jpg",1024,683,false],"covernews-medium":["https:\/\/infoecos.com.ar\/wp-content\/uploads\/2023\/09\/centro-1024x683-1-720x380.jpg",540,285,true],"covernews-medium-square":["https:\/\/infoecos.com.ar\/wp-content\/uploads\/2023\/09\/centro-1024x683-1-675x450.jpg",375,250,true]},"author_info":{"info":["Jorge Matheus"]},"category_info":"<a href=\"https:\/\/infoecos.com.ar\/index.php\/category\/inferior9\/\" rel=\"category tag\">Bloque inferior - 9<\/a>","tag_info":"Bloque inferior - 9","comment_count":"0","_links":{"self":[{"href":"https:\/\/infoecos.com.ar\/index.php\/wp-json\/wp\/v2\/posts\/113012"}],"collection":[{"href":"https:\/\/infoecos.com.ar\/index.php\/wp-json\/wp\/v2\/posts"}],"about":[{"href":"https:\/\/infoecos.com.ar\/index.php\/wp-json\/wp\/v2\/types\/post"}],"author":[{"embeddable":true,"href":"https:\/\/infoecos.com.ar\/index.php\/wp-json\/wp\/v2\/users\/2"}],"replies":[{"embeddable":true,"href":"https:\/\/infoecos.com.ar\/index.php\/wp-json\/wp\/v2\/comments?post=113012"}],"version-history":[{"count":3,"href":"https:\/\/infoecos.com.ar\/index.php\/wp-json\/wp\/v2\/posts\/113012\/revisions"}],"predecessor-version":[{"id":113018,"href":"https:\/\/infoecos.com.ar\/index.php\/wp-json\/wp\/v2\/posts\/113012\/revisions\/113018"}],"wp:featuredmedia":[{"embeddable":true,"href":"https:\/\/infoecos.com.ar\/index.php\/wp-json\/wp\/v2\/media\/113013"}],"wp:attachment":[{"href":"https:\/\/infoecos.com.ar\/index.php\/wp-json\/wp\/v2\/media?parent=113012"}],"wp:term":[{"taxonomy":"category","embeddable":true,"href":"https:\/\/infoecos.com.ar\/index.php\/wp-json\/wp\/v2\/categories?post=113012"},{"taxonomy":"post_tag","embeddable":true,"href":"https:\/\/infoecos.com.ar\/index.php\/wp-json\/wp\/v2\/tags?post=113012"}],"curies":[{"name":"wp","href":"https:\/\/api.w.org\/{rel}","templated":true}]}}