{"id":113039,"date":"2023-09-26T13:24:49","date_gmt":"2023-09-26T16:24:49","guid":{"rendered":"https:\/\/infoecos.com.ar\/?p=113039"},"modified":"2023-09-26T13:26:58","modified_gmt":"2023-09-26T16:26:58","slug":"cortelezzi-confirmo-el-viernes-se-determinara-la-situacion-definitiva-del-menor-acusado-de-matar-en-g-villegas","status":"publish","type":"post","link":"https:\/\/infoecos.com.ar\/index.php\/cortelezzi-confirmo-el-viernes-se-determinara-la-situacion-definitiva-del-menor-acusado-de-matar-en-g-villegas\/","title":{"rendered":"Cortelezzi confirm\u00f3: el viernes se determinar\u00e1 la situaci\u00f3n definitiva del menor acusado de matar en G.Villegas"},"content":{"rendered":"\n<p>La jueza de Garant\u00edas de Responsabilidad Penal Juvenil de Trenque Lauquen, <strong>Ana Bajlec<\/strong>, resolvi\u00f3 una audiencia para el viernes para adoptar decisiones en torno a la prisi\u00f3n preventiva solicitada por el doctor Leandro Cortellezzi&nbsp;de la&nbsp;<strong>Unidad Funcional de Instrucci\u00f3n (UFI) para el menor de 16 a\u00f1os que es acusado del&nbsp;<\/strong>asesinato de Dar\u00edo Lombardo en la ciudad de General Villegas, y que se neg\u00f3 a declarar.<\/p>\n\n\n\n<figure class=\"wp-block-image aligncenter size-full\"><img loading=\"lazy\" decoding=\"async\" width=\"620\" height=\"300\" src=\"https:\/\/infoecos.com.ar\/wp-content\/uploads\/2023\/09\/traslado-detenido.webp\" alt=\"\" class=\"wp-image-112899\"\/><\/figure>\n\n\n\n<p>El menor est\u00e1 alojado en un&nbsp;<strong>Centro Juvenil de la ciudad de Bah\u00eda Blanca<\/strong>.<\/p>\n\n\n\n<p>La agencia de noticias Telam se\u00f1ala que los funcionarios involucrados en la investigaci\u00f3n, \u201cdurante esta semana realizar\u00e1n una serie de peritajes respecto del imputado, como tambi\u00e9n de los objetos que fueron secuestrados\u201d, como armas blancas y ropa.<\/p>\n\n\n\n<p>El doctor Leandro Cortelezzi, si bien no descart\u00f3 ninguna hip\u00f3tesis, se manifest\u00f3 seguro de la investigaci\u00f3n realizada con respecto al autor del crimen, destacando con \u00e9nfasis que \u00abhubo un discusi\u00f3n donde el menor le asest\u00f3 una pu\u00f1alada al joven muerto\u00bb.<\/p>\n\n\n\n<p>El funcionario judicial indic\u00f3 a medios de Trenque Lauquen que \u00abno hab\u00eda c\u00e1maras en el lugar, pero que todos los testimonios son coincidentes sobre la forma en que se produjo\u00bb.<\/p>\n\n\n\n<p>Cortelezzi, fiscal <strong>Unidad Funcional de Instrucci\u00f3n (UFI)<\/strong>, se refiri\u00f3 tambi\u00e9n a como contin\u00faa la tarea de la Justicia y reafirm\u00f3 que \u00absin descartar ninguna hip\u00f3tesis, el menor detenido ahora en Bah\u00eda Blanca, es el autor del homicidio\u00bb.<\/p>\n\n\n\n<p>Con relaci\u00f3n al uso de un arma de fuego en la trifulca que se arm\u00f3 luego de un cumplea\u00f1os de 15 a\u00f1os en General Villegas, indic\u00f3 que \u00abse secuestr\u00f3 una, que est\u00e1 siendo peritada, pero no fue utilizada para asesinar al joven de 18 a\u00f1os\u00bb.<\/p>\n\n\n\n<p>Manifest\u00f3 que \u00abno me gusta dar nombres, por lo que queda a criterio de los medios\u00bb e hizo un llamado a reflexionar sobre el uso de cuchillos por parte de menores en todos los hechos que se produjeron \u00faltimamente y que han llegado a su fiscal\u00eda.<\/p>\n\n\n\n<p><\/p>\n","protected":false},"excerpt":{"rendered":"<p>El funcionario judicial indic\u00f3 a medios de Trenque Lauquen que \u00abno hab\u00eda c\u00e1maras en el lugar, pero que todos los testimonios son coincidentes sobre la forma en que se produjo\u00bb<\/p>\n","protected":false},"author":2,"featured_media":112896,"comment_status":"closed","ping_status":"open","sticky":false,"template":"","format":"standard","meta":{"footnotes":""},"categories":[1613],"tags":[9252],"class_list":["post-113039","post","type-post","status-publish","format-standard","has-post-thumbnail","hentry","category-noticia-secundaria","tag-el-crimen-de-dario-lombardo"],"yoast_head":"<!-- This site is optimized with the Yoast SEO plugin v23.4 - https:\/\/yoast.com\/wordpress\/plugins\/seo\/ -->\n<title>Cortelezzi confirm\u00f3: el viernes se determinar\u00e1 la situaci\u00f3n definitiva del menor acusado de matar en G.Villegas - Infoecos<\/title>\n<meta name=\"robots\" content=\"index, follow, max-snippet:-1, max-image-preview:large, max-video-preview:-1\" \/>\n<link rel=\"canonical\" href=\"https:\/\/infoecos.com.ar\/index.php\/cortelezzi-confirmo-el-viernes-se-determinara-la-situacion-definitiva-del-menor-acusado-de-matar-en-g-villegas\/\" \/>\n<meta property=\"og:locale\" content=\"es_ES\" \/>\n<meta property=\"og:type\" content=\"article\" \/>\n<meta property=\"og:title\" content=\"Cortelezzi confirm\u00f3: el viernes se determinar\u00e1 la situaci\u00f3n definitiva del menor acusado de matar en G.Villegas - Infoecos\" \/>\n<meta property=\"og:description\" content=\"El funcionario judicial indic\u00f3 a medios de Trenque Lauquen que &quot;no hab\u00eda c\u00e1maras en el lugar, pero que todos los testimonios son coincidentes sobre la forma en que se produjo&quot;\" \/>\n<meta property=\"og:url\" content=\"https:\/\/infoecos.com.ar\/index.php\/cortelezzi-confirmo-el-viernes-se-determinara-la-situacion-definitiva-del-menor-acusado-de-matar-en-g-villegas\/\" \/>\n<meta property=\"og:site_name\" content=\"Infoecos\" \/>\n<meta property=\"article:publisher\" content=\"https:\/\/www.facebook.com\/profile.php?id=100063200290284\" \/>\n<meta property=\"article:published_time\" content=\"2023-09-26T16:24:49+00:00\" \/>\n<meta property=\"article:modified_time\" content=\"2023-09-26T16:26:58+00:00\" \/>\n<meta property=\"og:image\" content=\"https:\/\/infoecos.com.ar\/wp-content\/uploads\/2023\/09\/joven-asesinado.webp\" \/>\n\t<meta property=\"og:image:width\" content=\"620\" \/>\n\t<meta property=\"og:image:height\" content=\"300\" \/>\n\t<meta property=\"og:image:type\" content=\"image\/webp\" \/>\n<meta name=\"author\" content=\"Jorge Matheus\" \/>\n<meta name=\"twitter:card\" content=\"summary_large_image\" \/>\n<meta name=\"twitter:creator\" content=\"@infoecos\" \/>\n<meta name=\"twitter:site\" content=\"@infoecos\" \/>\n<meta name=\"twitter:label1\" content=\"Escrito por\" \/>\n\t<meta name=\"twitter:data1\" content=\"Jorge Matheus\" \/>\n\t<meta name=\"twitter:label2\" content=\"Tiempo de lectura\" \/>\n\t<meta name=\"twitter:data2\" content=\"2 minutos\" \/>\n<script type=\"application\/ld+json\" class=\"yoast-schema-graph\">{\"@context\":\"https:\/\/schema.org\",\"@graph\":[{\"@type\":\"Article\",\"@id\":\"https:\/\/infoecos.com.ar\/index.php\/cortelezzi-confirmo-el-viernes-se-determinara-la-situacion-definitiva-del-menor-acusado-de-matar-en-g-villegas\/#article\",\"isPartOf\":{\"@id\":\"https:\/\/infoecos.com.ar\/index.php\/cortelezzi-confirmo-el-viernes-se-determinara-la-situacion-definitiva-del-menor-acusado-de-matar-en-g-villegas\/\"},\"author\":{\"name\":\"Jorge Matheus\",\"@id\":\"https:\/\/infoecos.com.ar\/#\/schema\/person\/8f5ace5ce73b4b4aac4b7245aee6f191\"},\"headline\":\"Cortelezzi confirm\u00f3: el viernes se determinar\u00e1 la situaci\u00f3n definitiva del menor acusado de matar en G.Villegas\",\"datePublished\":\"2023-09-26T16:24:49+00:00\",\"dateModified\":\"2023-09-26T16:26:58+00:00\",\"mainEntityOfPage\":{\"@id\":\"https:\/\/infoecos.com.ar\/index.php\/cortelezzi-confirmo-el-viernes-se-determinara-la-situacion-definitiva-del-menor-acusado-de-matar-en-g-villegas\/\"},\"wordCount\":361,\"publisher\":{\"@id\":\"https:\/\/infoecos.com.ar\/#organization\"},\"image\":{\"@id\":\"https:\/\/infoecos.com.ar\/index.php\/cortelezzi-confirmo-el-viernes-se-determinara-la-situacion-definitiva-del-menor-acusado-de-matar-en-g-villegas\/#primaryimage\"},\"thumbnailUrl\":\"https:\/\/infoecos.com.ar\/wp-content\/uploads\/2023\/09\/joven-asesinado.webp\",\"keywords\":[\"el crimen de Dar\u00edo Lombardo\"],\"articleSection\":[\"Noticia Secundaria\"],\"inLanguage\":\"es\"},{\"@type\":\"WebPage\",\"@id\":\"https:\/\/infoecos.com.ar\/index.php\/cortelezzi-confirmo-el-viernes-se-determinara-la-situacion-definitiva-del-menor-acusado-de-matar-en-g-villegas\/\",\"url\":\"https:\/\/infoecos.com.ar\/index.php\/cortelezzi-confirmo-el-viernes-se-determinara-la-situacion-definitiva-del-menor-acusado-de-matar-en-g-villegas\/\",\"name\":\"Cortelezzi confirm\u00f3: el viernes se determinar\u00e1 la situaci\u00f3n definitiva del menor acusado de matar en G.Villegas - Infoecos\",\"isPartOf\":{\"@id\":\"https:\/\/infoecos.com.ar\/#website\"},\"primaryImageOfPage\":{\"@id\":\"https:\/\/infoecos.com.ar\/index.php\/cortelezzi-confirmo-el-viernes-se-determinara-la-situacion-definitiva-del-menor-acusado-de-matar-en-g-villegas\/#primaryimage\"},\"image\":{\"@id\":\"https:\/\/infoecos.com.ar\/index.php\/cortelezzi-confirmo-el-viernes-se-determinara-la-situacion-definitiva-del-menor-acusado-de-matar-en-g-villegas\/#primaryimage\"},\"thumbnailUrl\":\"https:\/\/infoecos.com.ar\/wp-content\/uploads\/2023\/09\/joven-asesinado.webp\",\"datePublished\":\"2023-09-26T16:24:49+00:00\",\"dateModified\":\"2023-09-26T16:26:58+00:00\",\"breadcrumb\":{\"@id\":\"https:\/\/infoecos.com.ar\/index.php\/cortelezzi-confirmo-el-viernes-se-determinara-la-situacion-definitiva-del-menor-acusado-de-matar-en-g-villegas\/#breadcrumb\"},\"inLanguage\":\"es\",\"potentialAction\":[{\"@type\":\"ReadAction\",\"target\":[\"https:\/\/infoecos.com.ar\/index.php\/cortelezzi-confirmo-el-viernes-se-determinara-la-situacion-definitiva-del-menor-acusado-de-matar-en-g-villegas\/\"]}]},{\"@type\":\"ImageObject\",\"inLanguage\":\"es\",\"@id\":\"https:\/\/infoecos.com.ar\/index.php\/cortelezzi-confirmo-el-viernes-se-determinara-la-situacion-definitiva-del-menor-acusado-de-matar-en-g-villegas\/#primaryimage\",\"url\":\"https:\/\/infoecos.com.ar\/wp-content\/uploads\/2023\/09\/joven-asesinado.webp\",\"contentUrl\":\"https:\/\/infoecos.com.ar\/wp-content\/uploads\/2023\/09\/joven-asesinado.webp\",\"width\":620,\"height\":300},{\"@type\":\"BreadcrumbList\",\"@id\":\"https:\/\/infoecos.com.ar\/index.php\/cortelezzi-confirmo-el-viernes-se-determinara-la-situacion-definitiva-del-menor-acusado-de-matar-en-g-villegas\/#breadcrumb\",\"itemListElement\":[{\"@type\":\"ListItem\",\"position\":1,\"name\":\"Portada\",\"item\":\"https:\/\/infoecos.com.ar\/\"},{\"@type\":\"ListItem\",\"position\":2,\"name\":\"Cortelezzi confirm\u00f3: el viernes se determinar\u00e1 la situaci\u00f3n definitiva del menor acusado de matar en G.Villegas\"}]},{\"@type\":\"WebSite\",\"@id\":\"https:\/\/infoecos.com.ar\/#website\",\"url\":\"https:\/\/infoecos.com.ar\/\",\"name\":\"Infoecos\",\"description\":\"Noticias de trenque lauquen y la zona\",\"publisher\":{\"@id\":\"https:\/\/infoecos.com.ar\/#organization\"},\"alternateName\":\"Noticias\",\"potentialAction\":[{\"@type\":\"SearchAction\",\"target\":{\"@type\":\"EntryPoint\",\"urlTemplate\":\"https:\/\/infoecos.com.ar\/?s={search_term_string}\"},\"query-input\":{\"@type\":\"PropertyValueSpecification\",\"valueRequired\":true,\"valueName\":\"search_term_string\"}}],\"inLanguage\":\"es\"},{\"@type\":\"Organization\",\"@id\":\"https:\/\/infoecos.com.ar\/#organization\",\"name\":\"Infoecos\",\"alternateName\":\"Noticias\",\"url\":\"https:\/\/infoecos.com.ar\/\",\"logo\":{\"@type\":\"ImageObject\",\"inLanguage\":\"es\",\"@id\":\"https:\/\/infoecos.com.ar\/#\/schema\/logo\/image\/\",\"url\":\"https:\/\/infoecos.com.ar\/wp-content\/uploads\/2024\/03\/cropped-logo.png\",\"contentUrl\":\"https:\/\/infoecos.com.ar\/wp-content\/uploads\/2024\/03\/cropped-logo.png\",\"width\":374,\"height\":90,\"caption\":\"Infoecos\"},\"image\":{\"@id\":\"https:\/\/infoecos.com.ar\/#\/schema\/logo\/image\/\"},\"sameAs\":[\"https:\/\/www.facebook.com\/profile.php?id=100063200290284\",\"https:\/\/x.com\/infoecos\"]},{\"@type\":\"Person\",\"@id\":\"https:\/\/infoecos.com.ar\/#\/schema\/person\/8f5ace5ce73b4b4aac4b7245aee6f191\",\"name\":\"Jorge Matheus\",\"url\":\"https:\/\/infoecos.com.ar\/index.php\/author\/jomatheus\/\"}]}<\/script>\n<!-- \/ Yoast SEO plugin. -->","yoast_head_json":{"title":"Cortelezzi confirm\u00f3: el viernes se determinar\u00e1 la situaci\u00f3n definitiva del menor acusado de matar en G.Villegas - Infoecos","robots":{"index":"index","follow":"follow","max-snippet":"max-snippet:-1","max-image-preview":"max-image-preview:large","max-video-preview":"max-video-preview:-1"},"canonical":"https:\/\/infoecos.com.ar\/index.php\/cortelezzi-confirmo-el-viernes-se-determinara-la-situacion-definitiva-del-menor-acusado-de-matar-en-g-villegas\/","og_locale":"es_ES","og_type":"article","og_title":"Cortelezzi confirm\u00f3: el viernes se determinar\u00e1 la situaci\u00f3n definitiva del menor acusado de matar en G.Villegas - Infoecos","og_description":"El funcionario judicial indic\u00f3 a medios de Trenque Lauquen que \"no hab\u00eda c\u00e1maras en el lugar, pero que todos los testimonios son coincidentes sobre la forma en que se produjo\"","og_url":"https:\/\/infoecos.com.ar\/index.php\/cortelezzi-confirmo-el-viernes-se-determinara-la-situacion-definitiva-del-menor-acusado-de-matar-en-g-villegas\/","og_site_name":"Infoecos","article_publisher":"https:\/\/www.facebook.com\/profile.php?id=100063200290284","article_published_time":"2023-09-26T16:24:49+00:00","article_modified_time":"2023-09-26T16:26:58+00:00","og_image":[{"width":620,"height":300,"url":"https:\/\/infoecos.com.ar\/wp-content\/uploads\/2023\/09\/joven-asesinado.webp","type":"image\/webp"}],"author":"Jorge Matheus","twitter_card":"summary_large_image","twitter_creator":"@infoecos","twitter_site":"@infoecos","twitter_misc":{"Escrito por":"Jorge Matheus","Tiempo de lectura":"2 minutos"},"schema":{"@context":"https:\/\/schema.org","@graph":[{"@type":"Article","@id":"https:\/\/infoecos.com.ar\/index.php\/cortelezzi-confirmo-el-viernes-se-determinara-la-situacion-definitiva-del-menor-acusado-de-matar-en-g-villegas\/#article","isPartOf":{"@id":"https:\/\/infoecos.com.ar\/index.php\/cortelezzi-confirmo-el-viernes-se-determinara-la-situacion-definitiva-del-menor-acusado-de-matar-en-g-villegas\/"},"author":{"name":"Jorge Matheus","@id":"https:\/\/infoecos.com.ar\/#\/schema\/person\/8f5ace5ce73b4b4aac4b7245aee6f191"},"headline":"Cortelezzi confirm\u00f3: el viernes se determinar\u00e1 la situaci\u00f3n definitiva del menor acusado de matar en G.Villegas","datePublished":"2023-09-26T16:24:49+00:00","dateModified":"2023-09-26T16:26:58+00:00","mainEntityOfPage":{"@id":"https:\/\/infoecos.com.ar\/index.php\/cortelezzi-confirmo-el-viernes-se-determinara-la-situacion-definitiva-del-menor-acusado-de-matar-en-g-villegas\/"},"wordCount":361,"publisher":{"@id":"https:\/\/infoecos.com.ar\/#organization"},"image":{"@id":"https:\/\/infoecos.com.ar\/index.php\/cortelezzi-confirmo-el-viernes-se-determinara-la-situacion-definitiva-del-menor-acusado-de-matar-en-g-villegas\/#primaryimage"},"thumbnailUrl":"https:\/\/infoecos.com.ar\/wp-content\/uploads\/2023\/09\/joven-asesinado.webp","keywords":["el crimen de Dar\u00edo Lombardo"],"articleSection":["Noticia Secundaria"],"inLanguage":"es"},{"@type":"WebPage","@id":"https:\/\/infoecos.com.ar\/index.php\/cortelezzi-confirmo-el-viernes-se-determinara-la-situacion-definitiva-del-menor-acusado-de-matar-en-g-villegas\/","url":"https:\/\/infoecos.com.ar\/index.php\/cortelezzi-confirmo-el-viernes-se-determinara-la-situacion-definitiva-del-menor-acusado-de-matar-en-g-villegas\/","name":"Cortelezzi confirm\u00f3: el viernes se determinar\u00e1 la situaci\u00f3n definitiva del menor acusado de matar en G.Villegas - Infoecos","isPartOf":{"@id":"https:\/\/infoecos.com.ar\/#website"},"primaryImageOfPage":{"@id":"https:\/\/infoecos.com.ar\/index.php\/cortelezzi-confirmo-el-viernes-se-determinara-la-situacion-definitiva-del-menor-acusado-de-matar-en-g-villegas\/#primaryimage"},"image":{"@id":"https:\/\/infoecos.com.ar\/index.php\/cortelezzi-confirmo-el-viernes-se-determinara-la-situacion-definitiva-del-menor-acusado-de-matar-en-g-villegas\/#primaryimage"},"thumbnailUrl":"https:\/\/infoecos.com.ar\/wp-content\/uploads\/2023\/09\/joven-asesinado.webp","datePublished":"2023-09-26T16:24:49+00:00","dateModified":"2023-09-26T16:26:58+00:00","breadcrumb":{"@id":"https:\/\/infoecos.com.ar\/index.php\/cortelezzi-confirmo-el-viernes-se-determinara-la-situacion-definitiva-del-menor-acusado-de-matar-en-g-villegas\/#breadcrumb"},"inLanguage":"es","potentialAction":[{"@type":"ReadAction","target":["https:\/\/infoecos.com.ar\/index.php\/cortelezzi-confirmo-el-viernes-se-determinara-la-situacion-definitiva-del-menor-acusado-de-matar-en-g-villegas\/"]}]},{"@type":"ImageObject","inLanguage":"es","@id":"https:\/\/infoecos.com.ar\/index.php\/cortelezzi-confirmo-el-viernes-se-determinara-la-situacion-definitiva-del-menor-acusado-de-matar-en-g-villegas\/#primaryimage","url":"https:\/\/infoecos.com.ar\/wp-content\/uploads\/2023\/09\/joven-asesinado.webp","contentUrl":"https:\/\/infoecos.com.ar\/wp-content\/uploads\/2023\/09\/joven-asesinado.webp","width":620,"height":300},{"@type":"BreadcrumbList","@id":"https:\/\/infoecos.com.ar\/index.php\/cortelezzi-confirmo-el-viernes-se-determinara-la-situacion-definitiva-del-menor-acusado-de-matar-en-g-villegas\/#breadcrumb","itemListElement":[{"@type":"ListItem","position":1,"name":"Portada","item":"https:\/\/infoecos.com.ar\/"},{"@type":"ListItem","position":2,"name":"Cortelezzi confirm\u00f3: el viernes se determinar\u00e1 la situaci\u00f3n definitiva del menor acusado de matar en G.Villegas"}]},{"@type":"WebSite","@id":"https:\/\/infoecos.com.ar\/#website","url":"https:\/\/infoecos.com.ar\/","name":"Infoecos","description":"Noticias de trenque lauquen y la zona","publisher":{"@id":"https:\/\/infoecos.com.ar\/#organization"},"alternateName":"Noticias","potentialAction":[{"@type":"SearchAction","target":{"@type":"EntryPoint","urlTemplate":"https:\/\/infoecos.com.ar\/?s={search_term_string}"},"query-input":{"@type":"PropertyValueSpecification","valueRequired":true,"valueName":"search_term_string"}}],"inLanguage":"es"},{"@type":"Organization","@id":"https:\/\/infoecos.com.ar\/#organization","name":"Infoecos","alternateName":"Noticias","url":"https:\/\/infoecos.com.ar\/","logo":{"@type":"ImageObject","inLanguage":"es","@id":"https:\/\/infoecos.com.ar\/#\/schema\/logo\/image\/","url":"https:\/\/infoecos.com.ar\/wp-content\/uploads\/2024\/03\/cropped-logo.png","contentUrl":"https:\/\/infoecos.com.ar\/wp-content\/uploads\/2024\/03\/cropped-logo.png","width":374,"height":90,"caption":"Infoecos"},"image":{"@id":"https:\/\/infoecos.com.ar\/#\/schema\/logo\/image\/"},"sameAs":["https:\/\/www.facebook.com\/profile.php?id=100063200290284","https:\/\/x.com\/infoecos"]},{"@type":"Person","@id":"https:\/\/infoecos.com.ar\/#\/schema\/person\/8f5ace5ce73b4b4aac4b7245aee6f191","name":"Jorge Matheus","url":"https:\/\/infoecos.com.ar\/index.php\/author\/jomatheus\/"}]}},"featured_image_urls":{"full":["https:\/\/infoecos.com.ar\/wp-content\/uploads\/2023\/09\/joven-asesinado.webp",620,300,false],"thumbnail":["https:\/\/infoecos.com.ar\/wp-content\/uploads\/2023\/09\/joven-asesinado-300x150.webp",300,150,true],"medium":["https:\/\/infoecos.com.ar\/wp-content\/uploads\/2023\/09\/joven-asesinado.webp",620,300,false],"medium_large":["https:\/\/infoecos.com.ar\/wp-content\/uploads\/2023\/09\/joven-asesinado.webp",620,300,false],"large":["https:\/\/infoecos.com.ar\/wp-content\/uploads\/2023\/09\/joven-asesinado.webp",620,300,false],"1536x1536":["https:\/\/infoecos.com.ar\/wp-content\/uploads\/2023\/09\/joven-asesinado.webp",620,300,false],"2048x2048":["https:\/\/infoecos.com.ar\/wp-content\/uploads\/2023\/09\/joven-asesinado.webp",620,300,false],"covernews-slider-full":["https:\/\/infoecos.com.ar\/wp-content\/uploads\/2023\/09\/joven-asesinado.webp",620,300,false],"covernews-slider-center":["https:\/\/infoecos.com.ar\/wp-content\/uploads\/2023\/09\/joven-asesinado.webp",620,300,false],"covernews-featured":["https:\/\/infoecos.com.ar\/wp-content\/uploads\/2023\/09\/joven-asesinado.webp",620,300,false],"covernews-medium":["https:\/\/infoecos.com.ar\/wp-content\/uploads\/2023\/09\/joven-asesinado.webp",540,261,false],"covernews-medium-square":["https:\/\/infoecos.com.ar\/wp-content\/uploads\/2023\/09\/joven-asesinado.webp",400,194,false]},"author_info":{"info":["Jorge Matheus"]},"category_info":"<a href=\"https:\/\/infoecos.com.ar\/index.php\/category\/noticia-secundaria\/\" rel=\"category tag\">Noticia Secundaria<\/a>","tag_info":"Noticia Secundaria","comment_count":"0","_links":{"self":[{"href":"https:\/\/infoecos.com.ar\/index.php\/wp-json\/wp\/v2\/posts\/113039"}],"collection":[{"href":"https:\/\/infoecos.com.ar\/index.php\/wp-json\/wp\/v2\/posts"}],"about":[{"href":"https:\/\/infoecos.com.ar\/index.php\/wp-json\/wp\/v2\/types\/post"}],"author":[{"embeddable":true,"href":"https:\/\/infoecos.com.ar\/index.php\/wp-json\/wp\/v2\/users\/2"}],"replies":[{"embeddable":true,"href":"https:\/\/infoecos.com.ar\/index.php\/wp-json\/wp\/v2\/comments?post=113039"}],"version-history":[{"count":1,"href":"https:\/\/infoecos.com.ar\/index.php\/wp-json\/wp\/v2\/posts\/113039\/revisions"}],"predecessor-version":[{"id":113040,"href":"https:\/\/infoecos.com.ar\/index.php\/wp-json\/wp\/v2\/posts\/113039\/revisions\/113040"}],"wp:featuredmedia":[{"embeddable":true,"href":"https:\/\/infoecos.com.ar\/index.php\/wp-json\/wp\/v2\/media\/112896"}],"wp:attachment":[{"href":"https:\/\/infoecos.com.ar\/index.php\/wp-json\/wp\/v2\/media?parent=113039"}],"wp:term":[{"taxonomy":"category","embeddable":true,"href":"https:\/\/infoecos.com.ar\/index.php\/wp-json\/wp\/v2\/categories?post=113039"},{"taxonomy":"post_tag","embeddable":true,"href":"https:\/\/infoecos.com.ar\/index.php\/wp-json\/wp\/v2\/tags?post=113039"}],"curies":[{"name":"wp","href":"https:\/\/api.w.org\/{rel}","templated":true}]}}