{"id":113045,"date":"2023-09-26T14:05:20","date_gmt":"2023-09-26T17:05:20","guid":{"rendered":"https:\/\/infoecos.com.ar\/?p=113045"},"modified":"2023-09-26T14:05:21","modified_gmt":"2023-09-26T17:05:21","slug":"oficina-de-servicios-para-el-empleo-en-t-lauquen-busquedas-laborales-disponibles","status":"publish","type":"post","link":"https:\/\/infoecos.com.ar\/index.php\/oficina-de-servicios-para-el-empleo-en-t-lauquen-busquedas-laborales-disponibles\/","title":{"rendered":"Oficina de Servicios para el Empleo en T.Lauquen: b\u00fasquedas laborales disponibles"},"content":{"rendered":"\n<p>La oficina de Servicios para el Empleo informa las b\u00fasquedas laborales disponibles. Los interesados\/as en alguna de ellas pueden comunicarse por tel\u00e9fono, de lunes a viernes de 7 a 13 al (2392) 60-2784; o por correo electr\u00f3nico a <a href=\"mailto:busquedasempleo@trenquelauquen.gov.ar\">busquedasempleo@trenquelauquen.gov.ar<\/a> o acercarse hasta el primer piso del Centro C\u00edvico, donde funciona la Oficina.<\/p>\n\n\n\n<p>. ENCARGADO GENERAL: Sexo masculino, con estudios secundarios completos, preferentemente T\u00e9cnico Agropecuario. Conocimientos necesarios para estar a cargo de todas las actividades del campo, manejar el personal ganadero, seguimiento de los contratistas y el stock. Experiencia comprobable en la actividad. Disponibilidad para instalarse en el campo en cercan\u00edas de Trenque Lauquen.<\/p>\n\n\n\n<p>. SERVICIO DOM\u00c9STICO: Sexo femenino con experiencia y referencias comprobables. Con movilidad (excluyente). Disponibilidad para trabajar de lunes a viernes de 8 a 16 y s\u00e1bados de 8 a 12.<\/p>\n\n\n\n<p>. GERENTE DE PRODUCCI\u00d3N EN ESTABLECIMIENTO RURAL: Sexo indistinto mayor de 35 a\u00f1os, preferentemente con estudios superiores (Terciario o Universitario). Se requiere experiencia comprobable en ejecuci\u00f3n de planes productivos, coordinaci\u00f3n de equipos y herramientas, gesti\u00f3n de informaci\u00f3n productiva, etc.&nbsp; Disponibilidad para instalarse en el campo sobre ruta nacional a 40 kms. de Trenque Lauquen.<\/p>\n\n\n\n<p>. COORDINADORA\/OR \u00c1REA DE INGL\u00c9S: Sexo indistinto con nivel terciario o universitario completo en idiomas y experiencia comprobable. Las \u00e1reas a coordinar pueden ser primarias y\/o secundarias. En d\u00edas y horarios a coordinar.<\/p>\n\n\n\n<p>&#8211; 30 DE AGOSTO<\/p>\n\n\n\n<p>. EMPLEADO ADMINISTRATIVO \u2013 APRENDIZ DE GERENTE: Sexo indistinto de 25 a 35 a\u00f1os con t\u00edtulo terciario o universitario en Administraci\u00f3n de Empresas, Abogados\/as o afines. Profesional altamente anal\u00edtico, con habilidades de toma de decisiones y liderazgo. Disponibilidad full time.<\/p>\n","protected":false},"excerpt":{"rendered":"<p>Los interesados\/as en alguna de ellas pueden comunicarse por tel\u00e9fono, de lunes a viernes de 7 a 13 al (2392) 60-2784; o por correo electr\u00f3nico a busquedasempleo@trenquelauquen.gov.ar o acercarse hasta el primer piso del Centro C\u00edvico, donde funciona la Oficina<\/p>\n","protected":false},"author":2,"featured_media":63150,"comment_status":"closed","ping_status":"open","sticky":false,"template":"","format":"standard","meta":{"footnotes":""},"categories":[1332],"tags":[976],"class_list":["post-113045","post","type-post","status-publish","format-standard","has-post-thumbnail","hentry","category-inferior12","tag-servicios"],"yoast_head":"<!-- This site is optimized with the Yoast SEO plugin v23.4 - https:\/\/yoast.com\/wordpress\/plugins\/seo\/ -->\n<title>Oficina de Servicios para el Empleo en T.Lauquen: b\u00fasquedas laborales disponibles - Infoecos<\/title>\n<meta name=\"robots\" content=\"index, follow, max-snippet:-1, max-image-preview:large, max-video-preview:-1\" \/>\n<link rel=\"canonical\" href=\"https:\/\/infoecos.com.ar\/index.php\/oficina-de-servicios-para-el-empleo-en-t-lauquen-busquedas-laborales-disponibles\/\" \/>\n<meta property=\"og:locale\" content=\"es_ES\" \/>\n<meta property=\"og:type\" content=\"article\" \/>\n<meta property=\"og:title\" content=\"Oficina de Servicios para el Empleo en T.Lauquen: b\u00fasquedas laborales disponibles - Infoecos\" \/>\n<meta property=\"og:description\" content=\"Los interesados\/as en alguna de ellas pueden comunicarse por tel\u00e9fono, de lunes a viernes de 7 a 13 al (2392) 60-2784; o por correo electr\u00f3nico a busquedasempleo@trenquelauquen.gov.ar o acercarse hasta el primer piso del Centro C\u00edvico, donde funciona la Oficina\" \/>\n<meta property=\"og:url\" content=\"https:\/\/infoecos.com.ar\/index.php\/oficina-de-servicios-para-el-empleo-en-t-lauquen-busquedas-laborales-disponibles\/\" \/>\n<meta property=\"og:site_name\" content=\"Infoecos\" \/>\n<meta property=\"article:publisher\" content=\"https:\/\/www.facebook.com\/profile.php?id=100063200290284\" \/>\n<meta property=\"article:published_time\" content=\"2023-09-26T17:05:20+00:00\" \/>\n<meta property=\"article:modified_time\" content=\"2023-09-26T17:05:21+00:00\" \/>\n<meta property=\"og:image\" content=\"https:\/\/infoecos.com.ar\/wp-content\/uploads\/centro-civico.jpg\" \/>\n\t<meta property=\"og:image:width\" content=\"512\" \/>\n\t<meta property=\"og:image:height\" content=\"341\" \/>\n\t<meta property=\"og:image:type\" content=\"image\/jpeg\" \/>\n<meta name=\"author\" content=\"Jorge Matheus\" \/>\n<meta name=\"twitter:card\" content=\"summary_large_image\" \/>\n<meta name=\"twitter:creator\" content=\"@infoecos\" \/>\n<meta name=\"twitter:site\" content=\"@infoecos\" \/>\n<meta name=\"twitter:label1\" content=\"Escrito por\" \/>\n\t<meta name=\"twitter:data1\" content=\"Jorge Matheus\" \/>\n\t<meta name=\"twitter:label2\" content=\"Tiempo de lectura\" \/>\n\t<meta name=\"twitter:data2\" content=\"2 minutos\" \/>\n<script type=\"application\/ld+json\" class=\"yoast-schema-graph\">{\"@context\":\"https:\/\/schema.org\",\"@graph\":[{\"@type\":\"Article\",\"@id\":\"https:\/\/infoecos.com.ar\/index.php\/oficina-de-servicios-para-el-empleo-en-t-lauquen-busquedas-laborales-disponibles\/#article\",\"isPartOf\":{\"@id\":\"https:\/\/infoecos.com.ar\/index.php\/oficina-de-servicios-para-el-empleo-en-t-lauquen-busquedas-laborales-disponibles\/\"},\"author\":{\"name\":\"Jorge Matheus\",\"@id\":\"https:\/\/infoecos.com.ar\/#\/schema\/person\/8f5ace5ce73b4b4aac4b7245aee6f191\"},\"headline\":\"Oficina de Servicios para el Empleo en T.Lauquen: b\u00fasquedas laborales disponibles\",\"datePublished\":\"2023-09-26T17:05:20+00:00\",\"dateModified\":\"2023-09-26T17:05:21+00:00\",\"mainEntityOfPage\":{\"@id\":\"https:\/\/infoecos.com.ar\/index.php\/oficina-de-servicios-para-el-empleo-en-t-lauquen-busquedas-laborales-disponibles\/\"},\"wordCount\":287,\"publisher\":{\"@id\":\"https:\/\/infoecos.com.ar\/#organization\"},\"image\":{\"@id\":\"https:\/\/infoecos.com.ar\/index.php\/oficina-de-servicios-para-el-empleo-en-t-lauquen-busquedas-laborales-disponibles\/#primaryimage\"},\"thumbnailUrl\":\"https:\/\/infoecos.com.ar\/wp-content\/uploads\/centro-civico.jpg\",\"keywords\":[\"SERVICIOS\"],\"articleSection\":[\"Bloque inferior - 12\"],\"inLanguage\":\"es\"},{\"@type\":\"WebPage\",\"@id\":\"https:\/\/infoecos.com.ar\/index.php\/oficina-de-servicios-para-el-empleo-en-t-lauquen-busquedas-laborales-disponibles\/\",\"url\":\"https:\/\/infoecos.com.ar\/index.php\/oficina-de-servicios-para-el-empleo-en-t-lauquen-busquedas-laborales-disponibles\/\",\"name\":\"Oficina de Servicios para el Empleo en T.Lauquen: b\u00fasquedas laborales disponibles - Infoecos\",\"isPartOf\":{\"@id\":\"https:\/\/infoecos.com.ar\/#website\"},\"primaryImageOfPage\":{\"@id\":\"https:\/\/infoecos.com.ar\/index.php\/oficina-de-servicios-para-el-empleo-en-t-lauquen-busquedas-laborales-disponibles\/#primaryimage\"},\"image\":{\"@id\":\"https:\/\/infoecos.com.ar\/index.php\/oficina-de-servicios-para-el-empleo-en-t-lauquen-busquedas-laborales-disponibles\/#primaryimage\"},\"thumbnailUrl\":\"https:\/\/infoecos.com.ar\/wp-content\/uploads\/centro-civico.jpg\",\"datePublished\":\"2023-09-26T17:05:20+00:00\",\"dateModified\":\"2023-09-26T17:05:21+00:00\",\"breadcrumb\":{\"@id\":\"https:\/\/infoecos.com.ar\/index.php\/oficina-de-servicios-para-el-empleo-en-t-lauquen-busquedas-laborales-disponibles\/#breadcrumb\"},\"inLanguage\":\"es\",\"potentialAction\":[{\"@type\":\"ReadAction\",\"target\":[\"https:\/\/infoecos.com.ar\/index.php\/oficina-de-servicios-para-el-empleo-en-t-lauquen-busquedas-laborales-disponibles\/\"]}]},{\"@type\":\"ImageObject\",\"inLanguage\":\"es\",\"@id\":\"https:\/\/infoecos.com.ar\/index.php\/oficina-de-servicios-para-el-empleo-en-t-lauquen-busquedas-laborales-disponibles\/#primaryimage\",\"url\":\"https:\/\/infoecos.com.ar\/wp-content\/uploads\/centro-civico.jpg\",\"contentUrl\":\"https:\/\/infoecos.com.ar\/wp-content\/uploads\/centro-civico.jpg\",\"width\":512,\"height\":341},{\"@type\":\"BreadcrumbList\",\"@id\":\"https:\/\/infoecos.com.ar\/index.php\/oficina-de-servicios-para-el-empleo-en-t-lauquen-busquedas-laborales-disponibles\/#breadcrumb\",\"itemListElement\":[{\"@type\":\"ListItem\",\"position\":1,\"name\":\"Portada\",\"item\":\"https:\/\/infoecos.com.ar\/\"},{\"@type\":\"ListItem\",\"position\":2,\"name\":\"Oficina de Servicios para el Empleo en T.Lauquen: b\u00fasquedas laborales disponibles\"}]},{\"@type\":\"WebSite\",\"@id\":\"https:\/\/infoecos.com.ar\/#website\",\"url\":\"https:\/\/infoecos.com.ar\/\",\"name\":\"Infoecos\",\"description\":\"Noticias de trenque lauquen y la zona\",\"publisher\":{\"@id\":\"https:\/\/infoecos.com.ar\/#organization\"},\"alternateName\":\"Noticias\",\"potentialAction\":[{\"@type\":\"SearchAction\",\"target\":{\"@type\":\"EntryPoint\",\"urlTemplate\":\"https:\/\/infoecos.com.ar\/?s={search_term_string}\"},\"query-input\":{\"@type\":\"PropertyValueSpecification\",\"valueRequired\":true,\"valueName\":\"search_term_string\"}}],\"inLanguage\":\"es\"},{\"@type\":\"Organization\",\"@id\":\"https:\/\/infoecos.com.ar\/#organization\",\"name\":\"Infoecos\",\"alternateName\":\"Noticias\",\"url\":\"https:\/\/infoecos.com.ar\/\",\"logo\":{\"@type\":\"ImageObject\",\"inLanguage\":\"es\",\"@id\":\"https:\/\/infoecos.com.ar\/#\/schema\/logo\/image\/\",\"url\":\"https:\/\/infoecos.com.ar\/wp-content\/uploads\/2024\/03\/cropped-logo.png\",\"contentUrl\":\"https:\/\/infoecos.com.ar\/wp-content\/uploads\/2024\/03\/cropped-logo.png\",\"width\":374,\"height\":90,\"caption\":\"Infoecos\"},\"image\":{\"@id\":\"https:\/\/infoecos.com.ar\/#\/schema\/logo\/image\/\"},\"sameAs\":[\"https:\/\/www.facebook.com\/profile.php?id=100063200290284\",\"https:\/\/x.com\/infoecos\"]},{\"@type\":\"Person\",\"@id\":\"https:\/\/infoecos.com.ar\/#\/schema\/person\/8f5ace5ce73b4b4aac4b7245aee6f191\",\"name\":\"Jorge Matheus\",\"url\":\"https:\/\/infoecos.com.ar\/index.php\/author\/jomatheus\/\"}]}<\/script>\n<!-- \/ Yoast SEO plugin. -->","yoast_head_json":{"title":"Oficina de Servicios para el Empleo en T.Lauquen: b\u00fasquedas laborales disponibles - Infoecos","robots":{"index":"index","follow":"follow","max-snippet":"max-snippet:-1","max-image-preview":"max-image-preview:large","max-video-preview":"max-video-preview:-1"},"canonical":"https:\/\/infoecos.com.ar\/index.php\/oficina-de-servicios-para-el-empleo-en-t-lauquen-busquedas-laborales-disponibles\/","og_locale":"es_ES","og_type":"article","og_title":"Oficina de Servicios para el Empleo en T.Lauquen: b\u00fasquedas laborales disponibles - Infoecos","og_description":"Los interesados\/as en alguna de ellas pueden comunicarse por tel\u00e9fono, de lunes a viernes de 7 a 13 al (2392) 60-2784; o por correo electr\u00f3nico a busquedasempleo@trenquelauquen.gov.ar o acercarse hasta el primer piso del Centro C\u00edvico, donde funciona la Oficina","og_url":"https:\/\/infoecos.com.ar\/index.php\/oficina-de-servicios-para-el-empleo-en-t-lauquen-busquedas-laborales-disponibles\/","og_site_name":"Infoecos","article_publisher":"https:\/\/www.facebook.com\/profile.php?id=100063200290284","article_published_time":"2023-09-26T17:05:20+00:00","article_modified_time":"2023-09-26T17:05:21+00:00","og_image":[{"width":512,"height":341,"url":"https:\/\/infoecos.com.ar\/wp-content\/uploads\/centro-civico.jpg","type":"image\/jpeg"}],"author":"Jorge Matheus","twitter_card":"summary_large_image","twitter_creator":"@infoecos","twitter_site":"@infoecos","twitter_misc":{"Escrito por":"Jorge Matheus","Tiempo de lectura":"2 minutos"},"schema":{"@context":"https:\/\/schema.org","@graph":[{"@type":"Article","@id":"https:\/\/infoecos.com.ar\/index.php\/oficina-de-servicios-para-el-empleo-en-t-lauquen-busquedas-laborales-disponibles\/#article","isPartOf":{"@id":"https:\/\/infoecos.com.ar\/index.php\/oficina-de-servicios-para-el-empleo-en-t-lauquen-busquedas-laborales-disponibles\/"},"author":{"name":"Jorge Matheus","@id":"https:\/\/infoecos.com.ar\/#\/schema\/person\/8f5ace5ce73b4b4aac4b7245aee6f191"},"headline":"Oficina de Servicios para el Empleo en T.Lauquen: b\u00fasquedas laborales disponibles","datePublished":"2023-09-26T17:05:20+00:00","dateModified":"2023-09-26T17:05:21+00:00","mainEntityOfPage":{"@id":"https:\/\/infoecos.com.ar\/index.php\/oficina-de-servicios-para-el-empleo-en-t-lauquen-busquedas-laborales-disponibles\/"},"wordCount":287,"publisher":{"@id":"https:\/\/infoecos.com.ar\/#organization"},"image":{"@id":"https:\/\/infoecos.com.ar\/index.php\/oficina-de-servicios-para-el-empleo-en-t-lauquen-busquedas-laborales-disponibles\/#primaryimage"},"thumbnailUrl":"https:\/\/infoecos.com.ar\/wp-content\/uploads\/centro-civico.jpg","keywords":["SERVICIOS"],"articleSection":["Bloque inferior - 12"],"inLanguage":"es"},{"@type":"WebPage","@id":"https:\/\/infoecos.com.ar\/index.php\/oficina-de-servicios-para-el-empleo-en-t-lauquen-busquedas-laborales-disponibles\/","url":"https:\/\/infoecos.com.ar\/index.php\/oficina-de-servicios-para-el-empleo-en-t-lauquen-busquedas-laborales-disponibles\/","name":"Oficina de Servicios para el Empleo en T.Lauquen: b\u00fasquedas laborales disponibles - Infoecos","isPartOf":{"@id":"https:\/\/infoecos.com.ar\/#website"},"primaryImageOfPage":{"@id":"https:\/\/infoecos.com.ar\/index.php\/oficina-de-servicios-para-el-empleo-en-t-lauquen-busquedas-laborales-disponibles\/#primaryimage"},"image":{"@id":"https:\/\/infoecos.com.ar\/index.php\/oficina-de-servicios-para-el-empleo-en-t-lauquen-busquedas-laborales-disponibles\/#primaryimage"},"thumbnailUrl":"https:\/\/infoecos.com.ar\/wp-content\/uploads\/centro-civico.jpg","datePublished":"2023-09-26T17:05:20+00:00","dateModified":"2023-09-26T17:05:21+00:00","breadcrumb":{"@id":"https:\/\/infoecos.com.ar\/index.php\/oficina-de-servicios-para-el-empleo-en-t-lauquen-busquedas-laborales-disponibles\/#breadcrumb"},"inLanguage":"es","potentialAction":[{"@type":"ReadAction","target":["https:\/\/infoecos.com.ar\/index.php\/oficina-de-servicios-para-el-empleo-en-t-lauquen-busquedas-laborales-disponibles\/"]}]},{"@type":"ImageObject","inLanguage":"es","@id":"https:\/\/infoecos.com.ar\/index.php\/oficina-de-servicios-para-el-empleo-en-t-lauquen-busquedas-laborales-disponibles\/#primaryimage","url":"https:\/\/infoecos.com.ar\/wp-content\/uploads\/centro-civico.jpg","contentUrl":"https:\/\/infoecos.com.ar\/wp-content\/uploads\/centro-civico.jpg","width":512,"height":341},{"@type":"BreadcrumbList","@id":"https:\/\/infoecos.com.ar\/index.php\/oficina-de-servicios-para-el-empleo-en-t-lauquen-busquedas-laborales-disponibles\/#breadcrumb","itemListElement":[{"@type":"ListItem","position":1,"name":"Portada","item":"https:\/\/infoecos.com.ar\/"},{"@type":"ListItem","position":2,"name":"Oficina de Servicios para el Empleo en T.Lauquen: b\u00fasquedas laborales disponibles"}]},{"@type":"WebSite","@id":"https:\/\/infoecos.com.ar\/#website","url":"https:\/\/infoecos.com.ar\/","name":"Infoecos","description":"Noticias de trenque lauquen y la zona","publisher":{"@id":"https:\/\/infoecos.com.ar\/#organization"},"alternateName":"Noticias","potentialAction":[{"@type":"SearchAction","target":{"@type":"EntryPoint","urlTemplate":"https:\/\/infoecos.com.ar\/?s={search_term_string}"},"query-input":{"@type":"PropertyValueSpecification","valueRequired":true,"valueName":"search_term_string"}}],"inLanguage":"es"},{"@type":"Organization","@id":"https:\/\/infoecos.com.ar\/#organization","name":"Infoecos","alternateName":"Noticias","url":"https:\/\/infoecos.com.ar\/","logo":{"@type":"ImageObject","inLanguage":"es","@id":"https:\/\/infoecos.com.ar\/#\/schema\/logo\/image\/","url":"https:\/\/infoecos.com.ar\/wp-content\/uploads\/2024\/03\/cropped-logo.png","contentUrl":"https:\/\/infoecos.com.ar\/wp-content\/uploads\/2024\/03\/cropped-logo.png","width":374,"height":90,"caption":"Infoecos"},"image":{"@id":"https:\/\/infoecos.com.ar\/#\/schema\/logo\/image\/"},"sameAs":["https:\/\/www.facebook.com\/profile.php?id=100063200290284","https:\/\/x.com\/infoecos"]},{"@type":"Person","@id":"https:\/\/infoecos.com.ar\/#\/schema\/person\/8f5ace5ce73b4b4aac4b7245aee6f191","name":"Jorge Matheus","url":"https:\/\/infoecos.com.ar\/index.php\/author\/jomatheus\/"}]}},"featured_image_urls":{"full":["https:\/\/infoecos.com.ar\/wp-content\/uploads\/centro-civico.jpg",512,341,false],"thumbnail":["https:\/\/infoecos.com.ar\/wp-content\/uploads\/centro-civico-150x150.jpg",150,150,true],"medium":["https:\/\/infoecos.com.ar\/wp-content\/uploads\/centro-civico-460x306.jpg",460,306,true],"medium_large":["https:\/\/infoecos.com.ar\/wp-content\/uploads\/centro-civico.jpg",512,341,false],"large":["https:\/\/infoecos.com.ar\/wp-content\/uploads\/centro-civico.jpg",512,341,false],"1536x1536":["https:\/\/infoecos.com.ar\/wp-content\/uploads\/centro-civico.jpg",512,341,false],"2048x2048":["https:\/\/infoecos.com.ar\/wp-content\/uploads\/centro-civico.jpg",512,341,false],"covernews-slider-full":["https:\/\/infoecos.com.ar\/wp-content\/uploads\/centro-civico.jpg",512,341,false],"covernews-slider-center":["https:\/\/infoecos.com.ar\/wp-content\/uploads\/centro-civico.jpg",512,341,false],"covernews-featured":["https:\/\/infoecos.com.ar\/wp-content\/uploads\/centro-civico.jpg",512,341,false],"covernews-medium":["https:\/\/infoecos.com.ar\/wp-content\/uploads\/centro-civico.jpg",510,340,false],"covernews-medium-square":["https:\/\/infoecos.com.ar\/wp-content\/uploads\/centro-civico.jpg",375,250,false]},"author_info":{"info":["Jorge Matheus"]},"category_info":"<a href=\"https:\/\/infoecos.com.ar\/index.php\/category\/inferior12\/\" rel=\"category tag\">Bloque inferior - 12<\/a>","tag_info":"Bloque inferior - 12","comment_count":"0","_links":{"self":[{"href":"https:\/\/infoecos.com.ar\/index.php\/wp-json\/wp\/v2\/posts\/113045"}],"collection":[{"href":"https:\/\/infoecos.com.ar\/index.php\/wp-json\/wp\/v2\/posts"}],"about":[{"href":"https:\/\/infoecos.com.ar\/index.php\/wp-json\/wp\/v2\/types\/post"}],"author":[{"embeddable":true,"href":"https:\/\/infoecos.com.ar\/index.php\/wp-json\/wp\/v2\/users\/2"}],"replies":[{"embeddable":true,"href":"https:\/\/infoecos.com.ar\/index.php\/wp-json\/wp\/v2\/comments?post=113045"}],"version-history":[{"count":1,"href":"https:\/\/infoecos.com.ar\/index.php\/wp-json\/wp\/v2\/posts\/113045\/revisions"}],"predecessor-version":[{"id":113046,"href":"https:\/\/infoecos.com.ar\/index.php\/wp-json\/wp\/v2\/posts\/113045\/revisions\/113046"}],"wp:featuredmedia":[{"embeddable":true,"href":"https:\/\/infoecos.com.ar\/index.php\/wp-json\/wp\/v2\/media\/63150"}],"wp:attachment":[{"href":"https:\/\/infoecos.com.ar\/index.php\/wp-json\/wp\/v2\/media?parent=113045"}],"wp:term":[{"taxonomy":"category","embeddable":true,"href":"https:\/\/infoecos.com.ar\/index.php\/wp-json\/wp\/v2\/categories?post=113045"},{"taxonomy":"post_tag","embeddable":true,"href":"https:\/\/infoecos.com.ar\/index.php\/wp-json\/wp\/v2\/tags?post=113045"}],"curies":[{"name":"wp","href":"https:\/\/api.w.org\/{rel}","templated":true}]}}