{"id":113084,"date":"2023-09-27T01:00:14","date_gmt":"2023-09-27T04:00:14","guid":{"rendered":"https:\/\/infoecos.com.ar\/?p=113084"},"modified":"2023-09-30T02:54:33","modified_gmt":"2023-09-30T05:54:33","slug":"primer-encuentro-de-cicloturismo-recreativo-y-no-competitivo-en-barrio-alegre-el-1-de-octubre","status":"publish","type":"post","link":"https:\/\/infoecos.com.ar\/index.php\/primer-encuentro-de-cicloturismo-recreativo-y-no-competitivo-en-barrio-alegre-el-1-de-octubre\/","title":{"rendered":"Primer encuentro de cicloturismo, recreativo y no competitivo en Barrio Alegre, el 1 de Octubre"},"content":{"rendered":"\n<p>Lugar de Concentraci\u00f3n: Camping Club Barrio Alegre<\/p>\n\n\n\n<figure class=\"wp-block-image alignright size-full is-resized\"><img loading=\"lazy\" decoding=\"async\" src=\"https:\/\/infoecos.com.ar\/wp-content\/uploads\/2023\/09\/Cicloturismo01.jpg\" alt=\"\" class=\"wp-image-113085\" width=\"470\" height=\"470\" srcset=\"https:\/\/infoecos.com.ar\/wp-content\/uploads\/2023\/09\/Cicloturismo01.jpg 1080w, https:\/\/infoecos.com.ar\/wp-content\/uploads\/2023\/09\/Cicloturismo01-800x800.jpg 800w, https:\/\/infoecos.com.ar\/wp-content\/uploads\/2023\/09\/Cicloturismo01-768x768.jpg 768w, https:\/\/infoecos.com.ar\/wp-content\/uploads\/2023\/09\/Cicloturismo01-1024x1024.jpg 1024w\" sizes=\"(max-width: 470px) 100vw, 470px\" \/><\/figure>\n\n\n\n<p><strong>PreInscripci\u00f3n<\/strong>:&nbsp;<a href=\"https:\/\/forms.gle\/wGLSM6RQsxr3rrbm8\" target=\"_blank\" rel=\"noreferrer noopener\">https:\/\/forms.gle\/wGLSM6RQsxr3rrbm8<\/a><\/p>\n\n\n\n<p><strong>Inscripci\u00f3n<\/strong>: A partir 7:00 horas (Pre inscribirse para agilizar tr\u00e1mite)<\/p>\n\n\n\n<p><strong>Salida<\/strong>: 9:00 horas<\/p>\n\n\n\n<p><strong>Recorridos<\/strong>: 30 y 60 Km<\/p>\n\n\n\n<p><strong>Costo Inscripci\u00f3n<\/strong>: $ 1.800 (Incluye hidrataci\u00f3n y frutas durante el recorrido, seguro, al finalizar el recorrido s\u00e1ndwich m\u00e1s bebida)<\/p>\n\n\n\n<p>Animaci\u00f3n y m\u00fasica en recorrido<\/p>\n\n\n\n<p>Velocidad entre 17 y 23 km\/hora<\/p>\n\n\n\n<p>Se ofrece servicio para acampar en el camping.<\/p>\n\n\n\n<p><strong>Habr\u00e1 sorteos<\/strong><\/p>\n\n\n\n<p>En el encuentro de Cicloturismo se contar\u00e1 con la presencia de Ricardo Bernal, un fiel activista y precursor de la bicicleta, donde presentar\u00e1 la bicicleta t\u00e1ndem, que es una bicicleta para personas con discapacidad.<\/p>\n\n\n\n<p>Se invita a concurrir con familias y amigos para disfrutar un hermoso d\u00eda entre los amantes del pedal en el camping de los celestes.<\/p>\n\n\n\n<p>Servicio de cantina<\/p>\n\n\n\n<p><strong>SABADO (30) Y DOMINGO (1)<\/strong>: La Feria se traslada al play\u00f3n del camping, con todas sus propuestas, puestos, juegos, ajedrez, biblioteca ambulante y artistas.<\/p>\n\n\n\n<p><strong>SABADO<\/strong>: desde las 15 horas tambi\u00e9n se realizar\u00e1n juegos recreativos a cargo de la Subcomisi\u00f3n de Pat\u00edn, para el que se invita a todos los chicos a que concurran con su familia y lleven sus patines, rollers y bicicletas. Se realizar\u00e1 feria del plato.<\/p>\n\n\n\n<p><strong>DOMINGO<\/strong>: a partir de las 15 se realizar\u00e1 en la pista de Mountain Bike del Lago, competencias y recorridos organizada por la escuela de ciclismo.<\/p>\n\n\n\n<p>El valor de la inscripci\u00f3n es de $400. Habr\u00e1 servicio de cantina.<\/p>\n\n\n\n<p><strong>Contacto: 2392-633076 (Germ\u00e1n)<\/strong><\/p>\n","protected":false},"excerpt":{"rendered":"<p>Se invita a concurrir con familias y amigos para disfrutar un hermoso d\u00eda entre los amantes del pedal en el camping de los celestes<\/p>\n","protected":false},"author":2,"featured_media":113085,"comment_status":"closed","ping_status":"open","sticky":false,"template":"","format":"standard","meta":{"footnotes":""},"categories":[40],"tags":[9264],"class_list":["post-113084","post","type-post","status-publish","format-standard","has-post-thumbnail","hentry","category-inferior1","tag-recorridos-de-30-y-60-kilometros"],"yoast_head":"<!-- This site is optimized with the Yoast SEO plugin v23.4 - https:\/\/yoast.com\/wordpress\/plugins\/seo\/ -->\n<title>Primer encuentro de cicloturismo, recreativo y no competitivo en Barrio Alegre, el 1 de Octubre - Infoecos<\/title>\n<meta name=\"robots\" content=\"index, follow, max-snippet:-1, max-image-preview:large, max-video-preview:-1\" \/>\n<link rel=\"canonical\" href=\"https:\/\/infoecos.com.ar\/index.php\/primer-encuentro-de-cicloturismo-recreativo-y-no-competitivo-en-barrio-alegre-el-1-de-octubre\/\" \/>\n<meta property=\"og:locale\" content=\"es_ES\" \/>\n<meta property=\"og:type\" content=\"article\" \/>\n<meta property=\"og:title\" content=\"Primer encuentro de cicloturismo, recreativo y no competitivo en Barrio Alegre, el 1 de Octubre - Infoecos\" \/>\n<meta property=\"og:description\" content=\"Se invita a concurrir con familias y amigos para disfrutar un hermoso d\u00eda entre los amantes del pedal en el camping de los celestes\" \/>\n<meta property=\"og:url\" content=\"https:\/\/infoecos.com.ar\/index.php\/primer-encuentro-de-cicloturismo-recreativo-y-no-competitivo-en-barrio-alegre-el-1-de-octubre\/\" \/>\n<meta property=\"og:site_name\" content=\"Infoecos\" \/>\n<meta property=\"article:publisher\" content=\"https:\/\/www.facebook.com\/profile.php?id=100063200290284\" \/>\n<meta property=\"article:published_time\" content=\"2023-09-27T04:00:14+00:00\" \/>\n<meta property=\"article:modified_time\" content=\"2023-09-30T05:54:33+00:00\" \/>\n<meta property=\"og:image\" content=\"https:\/\/infoecos.com.ar\/wp-content\/uploads\/2023\/09\/Cicloturismo01.jpg\" \/>\n\t<meta property=\"og:image:width\" content=\"1080\" \/>\n\t<meta property=\"og:image:height\" content=\"1080\" \/>\n\t<meta property=\"og:image:type\" content=\"image\/jpeg\" \/>\n<meta name=\"author\" content=\"Jorge Matheus\" \/>\n<meta name=\"twitter:card\" content=\"summary_large_image\" \/>\n<meta name=\"twitter:creator\" content=\"@infoecos\" \/>\n<meta name=\"twitter:site\" content=\"@infoecos\" \/>\n<meta name=\"twitter:label1\" content=\"Escrito por\" \/>\n\t<meta name=\"twitter:data1\" content=\"Jorge Matheus\" \/>\n\t<meta name=\"twitter:label2\" content=\"Tiempo de lectura\" \/>\n\t<meta name=\"twitter:data2\" content=\"2 minutos\" \/>\n<script type=\"application\/ld+json\" class=\"yoast-schema-graph\">{\"@context\":\"https:\/\/schema.org\",\"@graph\":[{\"@type\":\"Article\",\"@id\":\"https:\/\/infoecos.com.ar\/index.php\/primer-encuentro-de-cicloturismo-recreativo-y-no-competitivo-en-barrio-alegre-el-1-de-octubre\/#article\",\"isPartOf\":{\"@id\":\"https:\/\/infoecos.com.ar\/index.php\/primer-encuentro-de-cicloturismo-recreativo-y-no-competitivo-en-barrio-alegre-el-1-de-octubre\/\"},\"author\":{\"name\":\"Jorge Matheus\",\"@id\":\"https:\/\/infoecos.com.ar\/#\/schema\/person\/8f5ace5ce73b4b4aac4b7245aee6f191\"},\"headline\":\"Primer encuentro de cicloturismo, recreativo y no competitivo en Barrio Alegre, el 1 de Octubre\",\"datePublished\":\"2023-09-27T04:00:14+00:00\",\"dateModified\":\"2023-09-30T05:54:33+00:00\",\"mainEntityOfPage\":{\"@id\":\"https:\/\/infoecos.com.ar\/index.php\/primer-encuentro-de-cicloturismo-recreativo-y-no-competitivo-en-barrio-alegre-el-1-de-octubre\/\"},\"wordCount\":263,\"publisher\":{\"@id\":\"https:\/\/infoecos.com.ar\/#organization\"},\"image\":{\"@id\":\"https:\/\/infoecos.com.ar\/index.php\/primer-encuentro-de-cicloturismo-recreativo-y-no-competitivo-en-barrio-alegre-el-1-de-octubre\/#primaryimage\"},\"thumbnailUrl\":\"https:\/\/infoecos.com.ar\/wp-content\/uploads\/2023\/09\/Cicloturismo01.jpg\",\"keywords\":[\"recorridos de 30 y 60 kil\u00f3metros\"],\"articleSection\":[\"Bloque inferior - 1\"],\"inLanguage\":\"es\"},{\"@type\":\"WebPage\",\"@id\":\"https:\/\/infoecos.com.ar\/index.php\/primer-encuentro-de-cicloturismo-recreativo-y-no-competitivo-en-barrio-alegre-el-1-de-octubre\/\",\"url\":\"https:\/\/infoecos.com.ar\/index.php\/primer-encuentro-de-cicloturismo-recreativo-y-no-competitivo-en-barrio-alegre-el-1-de-octubre\/\",\"name\":\"Primer encuentro de cicloturismo, recreativo y no competitivo en Barrio Alegre, el 1 de Octubre - Infoecos\",\"isPartOf\":{\"@id\":\"https:\/\/infoecos.com.ar\/#website\"},\"primaryImageOfPage\":{\"@id\":\"https:\/\/infoecos.com.ar\/index.php\/primer-encuentro-de-cicloturismo-recreativo-y-no-competitivo-en-barrio-alegre-el-1-de-octubre\/#primaryimage\"},\"image\":{\"@id\":\"https:\/\/infoecos.com.ar\/index.php\/primer-encuentro-de-cicloturismo-recreativo-y-no-competitivo-en-barrio-alegre-el-1-de-octubre\/#primaryimage\"},\"thumbnailUrl\":\"https:\/\/infoecos.com.ar\/wp-content\/uploads\/2023\/09\/Cicloturismo01.jpg\",\"datePublished\":\"2023-09-27T04:00:14+00:00\",\"dateModified\":\"2023-09-30T05:54:33+00:00\",\"breadcrumb\":{\"@id\":\"https:\/\/infoecos.com.ar\/index.php\/primer-encuentro-de-cicloturismo-recreativo-y-no-competitivo-en-barrio-alegre-el-1-de-octubre\/#breadcrumb\"},\"inLanguage\":\"es\",\"potentialAction\":[{\"@type\":\"ReadAction\",\"target\":[\"https:\/\/infoecos.com.ar\/index.php\/primer-encuentro-de-cicloturismo-recreativo-y-no-competitivo-en-barrio-alegre-el-1-de-octubre\/\"]}]},{\"@type\":\"ImageObject\",\"inLanguage\":\"es\",\"@id\":\"https:\/\/infoecos.com.ar\/index.php\/primer-encuentro-de-cicloturismo-recreativo-y-no-competitivo-en-barrio-alegre-el-1-de-octubre\/#primaryimage\",\"url\":\"https:\/\/infoecos.com.ar\/wp-content\/uploads\/2023\/09\/Cicloturismo01.jpg\",\"contentUrl\":\"https:\/\/infoecos.com.ar\/wp-content\/uploads\/2023\/09\/Cicloturismo01.jpg\",\"width\":1080,\"height\":1080},{\"@type\":\"BreadcrumbList\",\"@id\":\"https:\/\/infoecos.com.ar\/index.php\/primer-encuentro-de-cicloturismo-recreativo-y-no-competitivo-en-barrio-alegre-el-1-de-octubre\/#breadcrumb\",\"itemListElement\":[{\"@type\":\"ListItem\",\"position\":1,\"name\":\"Portada\",\"item\":\"https:\/\/infoecos.com.ar\/\"},{\"@type\":\"ListItem\",\"position\":2,\"name\":\"Primer encuentro de cicloturismo, recreativo y no competitivo en Barrio Alegre, el 1 de Octubre\"}]},{\"@type\":\"WebSite\",\"@id\":\"https:\/\/infoecos.com.ar\/#website\",\"url\":\"https:\/\/infoecos.com.ar\/\",\"name\":\"Infoecos\",\"description\":\"Noticias de trenque lauquen y la zona\",\"publisher\":{\"@id\":\"https:\/\/infoecos.com.ar\/#organization\"},\"alternateName\":\"Noticias\",\"potentialAction\":[{\"@type\":\"SearchAction\",\"target\":{\"@type\":\"EntryPoint\",\"urlTemplate\":\"https:\/\/infoecos.com.ar\/?s={search_term_string}\"},\"query-input\":{\"@type\":\"PropertyValueSpecification\",\"valueRequired\":true,\"valueName\":\"search_term_string\"}}],\"inLanguage\":\"es\"},{\"@type\":\"Organization\",\"@id\":\"https:\/\/infoecos.com.ar\/#organization\",\"name\":\"Infoecos\",\"alternateName\":\"Noticias\",\"url\":\"https:\/\/infoecos.com.ar\/\",\"logo\":{\"@type\":\"ImageObject\",\"inLanguage\":\"es\",\"@id\":\"https:\/\/infoecos.com.ar\/#\/schema\/logo\/image\/\",\"url\":\"https:\/\/infoecos.com.ar\/wp-content\/uploads\/2024\/03\/cropped-logo.png\",\"contentUrl\":\"https:\/\/infoecos.com.ar\/wp-content\/uploads\/2024\/03\/cropped-logo.png\",\"width\":374,\"height\":90,\"caption\":\"Infoecos\"},\"image\":{\"@id\":\"https:\/\/infoecos.com.ar\/#\/schema\/logo\/image\/\"},\"sameAs\":[\"https:\/\/www.facebook.com\/profile.php?id=100063200290284\",\"https:\/\/x.com\/infoecos\"]},{\"@type\":\"Person\",\"@id\":\"https:\/\/infoecos.com.ar\/#\/schema\/person\/8f5ace5ce73b4b4aac4b7245aee6f191\",\"name\":\"Jorge Matheus\",\"url\":\"https:\/\/infoecos.com.ar\/index.php\/author\/jomatheus\/\"}]}<\/script>\n<!-- \/ Yoast SEO plugin. -->","yoast_head_json":{"title":"Primer encuentro de cicloturismo, recreativo y no competitivo en Barrio Alegre, el 1 de Octubre - Infoecos","robots":{"index":"index","follow":"follow","max-snippet":"max-snippet:-1","max-image-preview":"max-image-preview:large","max-video-preview":"max-video-preview:-1"},"canonical":"https:\/\/infoecos.com.ar\/index.php\/primer-encuentro-de-cicloturismo-recreativo-y-no-competitivo-en-barrio-alegre-el-1-de-octubre\/","og_locale":"es_ES","og_type":"article","og_title":"Primer encuentro de cicloturismo, recreativo y no competitivo en Barrio Alegre, el 1 de Octubre - Infoecos","og_description":"Se invita a concurrir con familias y amigos para disfrutar un hermoso d\u00eda entre los amantes del pedal en el camping de los celestes","og_url":"https:\/\/infoecos.com.ar\/index.php\/primer-encuentro-de-cicloturismo-recreativo-y-no-competitivo-en-barrio-alegre-el-1-de-octubre\/","og_site_name":"Infoecos","article_publisher":"https:\/\/www.facebook.com\/profile.php?id=100063200290284","article_published_time":"2023-09-27T04:00:14+00:00","article_modified_time":"2023-09-30T05:54:33+00:00","og_image":[{"width":1080,"height":1080,"url":"https:\/\/infoecos.com.ar\/wp-content\/uploads\/2023\/09\/Cicloturismo01.jpg","type":"image\/jpeg"}],"author":"Jorge Matheus","twitter_card":"summary_large_image","twitter_creator":"@infoecos","twitter_site":"@infoecos","twitter_misc":{"Escrito por":"Jorge Matheus","Tiempo de lectura":"2 minutos"},"schema":{"@context":"https:\/\/schema.org","@graph":[{"@type":"Article","@id":"https:\/\/infoecos.com.ar\/index.php\/primer-encuentro-de-cicloturismo-recreativo-y-no-competitivo-en-barrio-alegre-el-1-de-octubre\/#article","isPartOf":{"@id":"https:\/\/infoecos.com.ar\/index.php\/primer-encuentro-de-cicloturismo-recreativo-y-no-competitivo-en-barrio-alegre-el-1-de-octubre\/"},"author":{"name":"Jorge Matheus","@id":"https:\/\/infoecos.com.ar\/#\/schema\/person\/8f5ace5ce73b4b4aac4b7245aee6f191"},"headline":"Primer encuentro de cicloturismo, recreativo y no competitivo en Barrio Alegre, el 1 de Octubre","datePublished":"2023-09-27T04:00:14+00:00","dateModified":"2023-09-30T05:54:33+00:00","mainEntityOfPage":{"@id":"https:\/\/infoecos.com.ar\/index.php\/primer-encuentro-de-cicloturismo-recreativo-y-no-competitivo-en-barrio-alegre-el-1-de-octubre\/"},"wordCount":263,"publisher":{"@id":"https:\/\/infoecos.com.ar\/#organization"},"image":{"@id":"https:\/\/infoecos.com.ar\/index.php\/primer-encuentro-de-cicloturismo-recreativo-y-no-competitivo-en-barrio-alegre-el-1-de-octubre\/#primaryimage"},"thumbnailUrl":"https:\/\/infoecos.com.ar\/wp-content\/uploads\/2023\/09\/Cicloturismo01.jpg","keywords":["recorridos de 30 y 60 kil\u00f3metros"],"articleSection":["Bloque inferior - 1"],"inLanguage":"es"},{"@type":"WebPage","@id":"https:\/\/infoecos.com.ar\/index.php\/primer-encuentro-de-cicloturismo-recreativo-y-no-competitivo-en-barrio-alegre-el-1-de-octubre\/","url":"https:\/\/infoecos.com.ar\/index.php\/primer-encuentro-de-cicloturismo-recreativo-y-no-competitivo-en-barrio-alegre-el-1-de-octubre\/","name":"Primer encuentro de cicloturismo, recreativo y no competitivo en Barrio Alegre, el 1 de Octubre - Infoecos","isPartOf":{"@id":"https:\/\/infoecos.com.ar\/#website"},"primaryImageOfPage":{"@id":"https:\/\/infoecos.com.ar\/index.php\/primer-encuentro-de-cicloturismo-recreativo-y-no-competitivo-en-barrio-alegre-el-1-de-octubre\/#primaryimage"},"image":{"@id":"https:\/\/infoecos.com.ar\/index.php\/primer-encuentro-de-cicloturismo-recreativo-y-no-competitivo-en-barrio-alegre-el-1-de-octubre\/#primaryimage"},"thumbnailUrl":"https:\/\/infoecos.com.ar\/wp-content\/uploads\/2023\/09\/Cicloturismo01.jpg","datePublished":"2023-09-27T04:00:14+00:00","dateModified":"2023-09-30T05:54:33+00:00","breadcrumb":{"@id":"https:\/\/infoecos.com.ar\/index.php\/primer-encuentro-de-cicloturismo-recreativo-y-no-competitivo-en-barrio-alegre-el-1-de-octubre\/#breadcrumb"},"inLanguage":"es","potentialAction":[{"@type":"ReadAction","target":["https:\/\/infoecos.com.ar\/index.php\/primer-encuentro-de-cicloturismo-recreativo-y-no-competitivo-en-barrio-alegre-el-1-de-octubre\/"]}]},{"@type":"ImageObject","inLanguage":"es","@id":"https:\/\/infoecos.com.ar\/index.php\/primer-encuentro-de-cicloturismo-recreativo-y-no-competitivo-en-barrio-alegre-el-1-de-octubre\/#primaryimage","url":"https:\/\/infoecos.com.ar\/wp-content\/uploads\/2023\/09\/Cicloturismo01.jpg","contentUrl":"https:\/\/infoecos.com.ar\/wp-content\/uploads\/2023\/09\/Cicloturismo01.jpg","width":1080,"height":1080},{"@type":"BreadcrumbList","@id":"https:\/\/infoecos.com.ar\/index.php\/primer-encuentro-de-cicloturismo-recreativo-y-no-competitivo-en-barrio-alegre-el-1-de-octubre\/#breadcrumb","itemListElement":[{"@type":"ListItem","position":1,"name":"Portada","item":"https:\/\/infoecos.com.ar\/"},{"@type":"ListItem","position":2,"name":"Primer encuentro de cicloturismo, recreativo y no competitivo en Barrio Alegre, el 1 de Octubre"}]},{"@type":"WebSite","@id":"https:\/\/infoecos.com.ar\/#website","url":"https:\/\/infoecos.com.ar\/","name":"Infoecos","description":"Noticias de trenque lauquen y la zona","publisher":{"@id":"https:\/\/infoecos.com.ar\/#organization"},"alternateName":"Noticias","potentialAction":[{"@type":"SearchAction","target":{"@type":"EntryPoint","urlTemplate":"https:\/\/infoecos.com.ar\/?s={search_term_string}"},"query-input":{"@type":"PropertyValueSpecification","valueRequired":true,"valueName":"search_term_string"}}],"inLanguage":"es"},{"@type":"Organization","@id":"https:\/\/infoecos.com.ar\/#organization","name":"Infoecos","alternateName":"Noticias","url":"https:\/\/infoecos.com.ar\/","logo":{"@type":"ImageObject","inLanguage":"es","@id":"https:\/\/infoecos.com.ar\/#\/schema\/logo\/image\/","url":"https:\/\/infoecos.com.ar\/wp-content\/uploads\/2024\/03\/cropped-logo.png","contentUrl":"https:\/\/infoecos.com.ar\/wp-content\/uploads\/2024\/03\/cropped-logo.png","width":374,"height":90,"caption":"Infoecos"},"image":{"@id":"https:\/\/infoecos.com.ar\/#\/schema\/logo\/image\/"},"sameAs":["https:\/\/www.facebook.com\/profile.php?id=100063200290284","https:\/\/x.com\/infoecos"]},{"@type":"Person","@id":"https:\/\/infoecos.com.ar\/#\/schema\/person\/8f5ace5ce73b4b4aac4b7245aee6f191","name":"Jorge Matheus","url":"https:\/\/infoecos.com.ar\/index.php\/author\/jomatheus\/"}]}},"featured_image_urls":{"full":["https:\/\/infoecos.com.ar\/wp-content\/uploads\/2023\/09\/Cicloturismo01.jpg",1080,1080,false],"thumbnail":["https:\/\/infoecos.com.ar\/wp-content\/uploads\/2023\/09\/Cicloturismo01-300x150.jpg",300,150,true],"medium":["https:\/\/infoecos.com.ar\/wp-content\/uploads\/2023\/09\/Cicloturismo01-800x800.jpg",800,800,true],"medium_large":["https:\/\/infoecos.com.ar\/wp-content\/uploads\/2023\/09\/Cicloturismo01-768x768.jpg",640,640,true],"large":["https:\/\/infoecos.com.ar\/wp-content\/uploads\/2023\/09\/Cicloturismo01.jpg",640,640,false],"1536x1536":["https:\/\/infoecos.com.ar\/wp-content\/uploads\/2023\/09\/Cicloturismo01.jpg",1080,1080,false],"2048x2048":["https:\/\/infoecos.com.ar\/wp-content\/uploads\/2023\/09\/Cicloturismo01.jpg",1080,1080,false],"covernews-slider-full":["https:\/\/infoecos.com.ar\/wp-content\/uploads\/2023\/09\/Cicloturismo01-1080x1020.jpg",757,715,true],"covernews-slider-center":["https:\/\/infoecos.com.ar\/wp-content\/uploads\/2023\/09\/Cicloturismo01-936x897.jpg",522,500,true],"covernews-featured":["https:\/\/infoecos.com.ar\/wp-content\/uploads\/2023\/09\/Cicloturismo01-1024x1024.jpg",1024,1024,true],"covernews-medium":["https:\/\/infoecos.com.ar\/wp-content\/uploads\/2023\/09\/Cicloturismo01-720x380.jpg",540,285,true],"covernews-medium-square":["https:\/\/infoecos.com.ar\/wp-content\/uploads\/2023\/09\/Cicloturismo01-675x450.jpg",375,250,true]},"author_info":{"info":["Jorge Matheus"]},"category_info":"<a href=\"https:\/\/infoecos.com.ar\/index.php\/category\/inferior1\/\" rel=\"category tag\">Bloque inferior - 1<\/a>","tag_info":"Bloque inferior - 1","comment_count":"0","_links":{"self":[{"href":"https:\/\/infoecos.com.ar\/index.php\/wp-json\/wp\/v2\/posts\/113084"}],"collection":[{"href":"https:\/\/infoecos.com.ar\/index.php\/wp-json\/wp\/v2\/posts"}],"about":[{"href":"https:\/\/infoecos.com.ar\/index.php\/wp-json\/wp\/v2\/types\/post"}],"author":[{"embeddable":true,"href":"https:\/\/infoecos.com.ar\/index.php\/wp-json\/wp\/v2\/users\/2"}],"replies":[{"embeddable":true,"href":"https:\/\/infoecos.com.ar\/index.php\/wp-json\/wp\/v2\/comments?post=113084"}],"version-history":[{"count":2,"href":"https:\/\/infoecos.com.ar\/index.php\/wp-json\/wp\/v2\/posts\/113084\/revisions"}],"predecessor-version":[{"id":113328,"href":"https:\/\/infoecos.com.ar\/index.php\/wp-json\/wp\/v2\/posts\/113084\/revisions\/113328"}],"wp:featuredmedia":[{"embeddable":true,"href":"https:\/\/infoecos.com.ar\/index.php\/wp-json\/wp\/v2\/media\/113085"}],"wp:attachment":[{"href":"https:\/\/infoecos.com.ar\/index.php\/wp-json\/wp\/v2\/media?parent=113084"}],"wp:term":[{"taxonomy":"category","embeddable":true,"href":"https:\/\/infoecos.com.ar\/index.php\/wp-json\/wp\/v2\/categories?post=113084"},{"taxonomy":"post_tag","embeddable":true,"href":"https:\/\/infoecos.com.ar\/index.php\/wp-json\/wp\/v2\/tags?post=113084"}],"curies":[{"name":"wp","href":"https:\/\/api.w.org\/{rel}","templated":true}]}}