{"id":113094,"date":"2023-09-27T02:00:54","date_gmt":"2023-09-27T05:00:54","guid":{"rendered":"https:\/\/infoecos.com.ar\/?p=113094"},"modified":"2023-09-27T02:00:55","modified_gmt":"2023-09-27T05:00:55","slug":"pago-extraordinario-y-adicional-para-trabajadores-titulares-de-las-prestaciones-por-desempleo-ya-es-oficial","status":"publish","type":"post","link":"https:\/\/infoecos.com.ar\/index.php\/pago-extraordinario-y-adicional-para-trabajadores-titulares-de-las-prestaciones-por-desempleo-ya-es-oficial\/","title":{"rendered":"Pago extraordinario y adicional para trabajadores titulares de las prestaciones por desempleo, ya es oficial"},"content":{"rendered":"\n<p>El Gobierno estableci\u00f3 un pago extraordinario y adicional\u00a0para trabajadores titulares de las prestaciones por desempleo,\u00a0<strong>por un total de $20.000<\/strong>, que se abonar\u00e1n en dos cuotas mensuales iguales y consecutivas.<\/p>\n\n\n\n<p>Dichas cuotas, de $10.000 cada una, ser\u00e1n pagadas por la&nbsp;<strong>Anses&nbsp;<\/strong>en septiembre y octubre, seg\u00fan dispuso el Ministerio de Trabajo por medio de la Resoluci\u00f3n 1209\/2023, publicada este martes en el Bolet\u00edn Oficial.<\/p>\n\n\n\n<figure class=\"wp-block-image alignright size-full is-resized\"><img loading=\"lazy\" decoding=\"async\" src=\"https:\/\/infoecos.com.ar\/wp-content\/uploads\/2022\/04\/anses.jpg\" alt=\"\" class=\"wp-image-91222\" width=\"365\" height=\"244\" srcset=\"https:\/\/infoecos.com.ar\/wp-content\/uploads\/2022\/04\/anses.jpg 607w, https:\/\/infoecos.com.ar\/wp-content\/uploads\/2022\/04\/anses-460x307.jpg 460w\" sizes=\"(max-width: 365px) 100vw, 365px\" \/><\/figure>\n\n\n\n<p>El plus de $20.000 lo percibir\u00e1n aquellos titulares de la Prestaci\u00f3n por Desempleo que abona el organismo previsional mes tras mes.&nbsp;<strong>Este seguro est\u00e1 destinado a trabajadores que fueron despedidos sin justa causa o por fuerza mayor, comprendidos en la Ley de Contrato de Trabajo N\u00b0 24.013.<\/strong><\/p>\n\n\n\n<p>Seg\u00fan la resoluci\u00f3n, aquellos empleados que tengan derecho a percibir la prestaci\u00f3n por desempleo \u201cen uno de los meses antes indicados, solo se le otorgar\u00e1 la cuota del pago extraordinario y adicional correspondiente a tal mes\u201d.<\/p>\n\n\n\n<p>Los \u00faltimos datos oficiales indican que cobran esa prestaci\u00f3n 64.457 desocupados: 43.100 varones y 21.357 mujeres. En septiembre, el monto m\u00ednimo de ese beneficio es de $32.771 y el m\u00e1ximo, de $54.628, durante los primeros cuatro meses, valor que va decreciendo en los meses siguientes.<\/p>\n","protected":false},"excerpt":{"rendered":"<p>El Ministerio de Trabajo public\u00f3 la resoluci\u00f3n que autoriza el pago de ese beneficio. A qui\u00e9nes alcanza esta medida.<\/p>\n","protected":false},"author":2,"featured_media":91222,"comment_status":"closed","ping_status":"open","sticky":false,"template":"","format":"standard","meta":{"footnotes":""},"categories":[197],"tags":[9266],"class_list":["post-113094","post","type-post","status-publish","format-standard","has-post-thumbnail","hentry","category-c3nota4","tag-publicacion-en-el-boletin-oficial"],"yoast_head":"<!-- This site is optimized with the Yoast SEO plugin v23.4 - https:\/\/yoast.com\/wordpress\/plugins\/seo\/ -->\n<title>Pago extraordinario y adicional para trabajadores titulares de las prestaciones por desempleo, ya es oficial - Infoecos<\/title>\n<meta name=\"robots\" content=\"index, follow, max-snippet:-1, max-image-preview:large, max-video-preview:-1\" \/>\n<link rel=\"canonical\" href=\"https:\/\/infoecos.com.ar\/index.php\/pago-extraordinario-y-adicional-para-trabajadores-titulares-de-las-prestaciones-por-desempleo-ya-es-oficial\/\" \/>\n<meta property=\"og:locale\" content=\"es_ES\" \/>\n<meta property=\"og:type\" content=\"article\" \/>\n<meta property=\"og:title\" content=\"Pago extraordinario y adicional para trabajadores titulares de las prestaciones por desempleo, ya es oficial - Infoecos\" \/>\n<meta property=\"og:description\" content=\"El Ministerio de Trabajo public\u00f3 la resoluci\u00f3n que autoriza el pago de ese beneficio. A qui\u00e9nes alcanza esta medida.\" \/>\n<meta property=\"og:url\" content=\"https:\/\/infoecos.com.ar\/index.php\/pago-extraordinario-y-adicional-para-trabajadores-titulares-de-las-prestaciones-por-desempleo-ya-es-oficial\/\" \/>\n<meta property=\"og:site_name\" content=\"Infoecos\" \/>\n<meta property=\"article:publisher\" content=\"https:\/\/www.facebook.com\/profile.php?id=100063200290284\" \/>\n<meta property=\"article:published_time\" content=\"2023-09-27T05:00:54+00:00\" \/>\n<meta property=\"article:modified_time\" content=\"2023-09-27T05:00:55+00:00\" \/>\n<meta property=\"og:image\" content=\"https:\/\/infoecos.com.ar\/wp-content\/uploads\/2022\/04\/anses.jpg\" \/>\n\t<meta property=\"og:image:width\" content=\"607\" \/>\n\t<meta property=\"og:image:height\" content=\"405\" \/>\n\t<meta property=\"og:image:type\" content=\"image\/jpeg\" \/>\n<meta name=\"author\" content=\"Jorge Matheus\" \/>\n<meta name=\"twitter:card\" content=\"summary_large_image\" \/>\n<meta name=\"twitter:creator\" content=\"@infoecos\" \/>\n<meta name=\"twitter:site\" content=\"@infoecos\" \/>\n<meta name=\"twitter:label1\" content=\"Escrito por\" \/>\n\t<meta name=\"twitter:data1\" content=\"Jorge Matheus\" \/>\n\t<meta name=\"twitter:label2\" content=\"Tiempo de lectura\" \/>\n\t<meta name=\"twitter:data2\" content=\"2 minutos\" \/>\n<script type=\"application\/ld+json\" class=\"yoast-schema-graph\">{\"@context\":\"https:\/\/schema.org\",\"@graph\":[{\"@type\":\"Article\",\"@id\":\"https:\/\/infoecos.com.ar\/index.php\/pago-extraordinario-y-adicional-para-trabajadores-titulares-de-las-prestaciones-por-desempleo-ya-es-oficial\/#article\",\"isPartOf\":{\"@id\":\"https:\/\/infoecos.com.ar\/index.php\/pago-extraordinario-y-adicional-para-trabajadores-titulares-de-las-prestaciones-por-desempleo-ya-es-oficial\/\"},\"author\":{\"name\":\"Jorge Matheus\",\"@id\":\"https:\/\/infoecos.com.ar\/#\/schema\/person\/8f5ace5ce73b4b4aac4b7245aee6f191\"},\"headline\":\"Pago extraordinario y adicional para trabajadores titulares de las prestaciones por desempleo, ya es oficial\",\"datePublished\":\"2023-09-27T05:00:54+00:00\",\"dateModified\":\"2023-09-27T05:00:55+00:00\",\"mainEntityOfPage\":{\"@id\":\"https:\/\/infoecos.com.ar\/index.php\/pago-extraordinario-y-adicional-para-trabajadores-titulares-de-las-prestaciones-por-desempleo-ya-es-oficial\/\"},\"wordCount\":214,\"publisher\":{\"@id\":\"https:\/\/infoecos.com.ar\/#organization\"},\"image\":{\"@id\":\"https:\/\/infoecos.com.ar\/index.php\/pago-extraordinario-y-adicional-para-trabajadores-titulares-de-las-prestaciones-por-desempleo-ya-es-oficial\/#primaryimage\"},\"thumbnailUrl\":\"https:\/\/infoecos.com.ar\/wp-content\/uploads\/2022\/04\/anses.jpg\",\"keywords\":[\"publicaci\u00f3n en el bolet\u00edn oficial\"],\"articleSection\":[\"C3 N4\"],\"inLanguage\":\"es\"},{\"@type\":\"WebPage\",\"@id\":\"https:\/\/infoecos.com.ar\/index.php\/pago-extraordinario-y-adicional-para-trabajadores-titulares-de-las-prestaciones-por-desempleo-ya-es-oficial\/\",\"url\":\"https:\/\/infoecos.com.ar\/index.php\/pago-extraordinario-y-adicional-para-trabajadores-titulares-de-las-prestaciones-por-desempleo-ya-es-oficial\/\",\"name\":\"Pago extraordinario y adicional para trabajadores titulares de las prestaciones por desempleo, ya es oficial - Infoecos\",\"isPartOf\":{\"@id\":\"https:\/\/infoecos.com.ar\/#website\"},\"primaryImageOfPage\":{\"@id\":\"https:\/\/infoecos.com.ar\/index.php\/pago-extraordinario-y-adicional-para-trabajadores-titulares-de-las-prestaciones-por-desempleo-ya-es-oficial\/#primaryimage\"},\"image\":{\"@id\":\"https:\/\/infoecos.com.ar\/index.php\/pago-extraordinario-y-adicional-para-trabajadores-titulares-de-las-prestaciones-por-desempleo-ya-es-oficial\/#primaryimage\"},\"thumbnailUrl\":\"https:\/\/infoecos.com.ar\/wp-content\/uploads\/2022\/04\/anses.jpg\",\"datePublished\":\"2023-09-27T05:00:54+00:00\",\"dateModified\":\"2023-09-27T05:00:55+00:00\",\"breadcrumb\":{\"@id\":\"https:\/\/infoecos.com.ar\/index.php\/pago-extraordinario-y-adicional-para-trabajadores-titulares-de-las-prestaciones-por-desempleo-ya-es-oficial\/#breadcrumb\"},\"inLanguage\":\"es\",\"potentialAction\":[{\"@type\":\"ReadAction\",\"target\":[\"https:\/\/infoecos.com.ar\/index.php\/pago-extraordinario-y-adicional-para-trabajadores-titulares-de-las-prestaciones-por-desempleo-ya-es-oficial\/\"]}]},{\"@type\":\"ImageObject\",\"inLanguage\":\"es\",\"@id\":\"https:\/\/infoecos.com.ar\/index.php\/pago-extraordinario-y-adicional-para-trabajadores-titulares-de-las-prestaciones-por-desempleo-ya-es-oficial\/#primaryimage\",\"url\":\"https:\/\/infoecos.com.ar\/wp-content\/uploads\/2022\/04\/anses.jpg\",\"contentUrl\":\"https:\/\/infoecos.com.ar\/wp-content\/uploads\/2022\/04\/anses.jpg\",\"width\":607,\"height\":405},{\"@type\":\"BreadcrumbList\",\"@id\":\"https:\/\/infoecos.com.ar\/index.php\/pago-extraordinario-y-adicional-para-trabajadores-titulares-de-las-prestaciones-por-desempleo-ya-es-oficial\/#breadcrumb\",\"itemListElement\":[{\"@type\":\"ListItem\",\"position\":1,\"name\":\"Portada\",\"item\":\"https:\/\/infoecos.com.ar\/\"},{\"@type\":\"ListItem\",\"position\":2,\"name\":\"Pago extraordinario y adicional para trabajadores titulares de las prestaciones por desempleo, ya es oficial\"}]},{\"@type\":\"WebSite\",\"@id\":\"https:\/\/infoecos.com.ar\/#website\",\"url\":\"https:\/\/infoecos.com.ar\/\",\"name\":\"Infoecos\",\"description\":\"Noticias de trenque lauquen y la zona\",\"publisher\":{\"@id\":\"https:\/\/infoecos.com.ar\/#organization\"},\"alternateName\":\"Noticias\",\"potentialAction\":[{\"@type\":\"SearchAction\",\"target\":{\"@type\":\"EntryPoint\",\"urlTemplate\":\"https:\/\/infoecos.com.ar\/?s={search_term_string}\"},\"query-input\":{\"@type\":\"PropertyValueSpecification\",\"valueRequired\":true,\"valueName\":\"search_term_string\"}}],\"inLanguage\":\"es\"},{\"@type\":\"Organization\",\"@id\":\"https:\/\/infoecos.com.ar\/#organization\",\"name\":\"Infoecos\",\"alternateName\":\"Noticias\",\"url\":\"https:\/\/infoecos.com.ar\/\",\"logo\":{\"@type\":\"ImageObject\",\"inLanguage\":\"es\",\"@id\":\"https:\/\/infoecos.com.ar\/#\/schema\/logo\/image\/\",\"url\":\"https:\/\/infoecos.com.ar\/wp-content\/uploads\/2024\/03\/cropped-logo.png\",\"contentUrl\":\"https:\/\/infoecos.com.ar\/wp-content\/uploads\/2024\/03\/cropped-logo.png\",\"width\":374,\"height\":90,\"caption\":\"Infoecos\"},\"image\":{\"@id\":\"https:\/\/infoecos.com.ar\/#\/schema\/logo\/image\/\"},\"sameAs\":[\"https:\/\/www.facebook.com\/profile.php?id=100063200290284\",\"https:\/\/x.com\/infoecos\"]},{\"@type\":\"Person\",\"@id\":\"https:\/\/infoecos.com.ar\/#\/schema\/person\/8f5ace5ce73b4b4aac4b7245aee6f191\",\"name\":\"Jorge Matheus\",\"url\":\"https:\/\/infoecos.com.ar\/index.php\/author\/jomatheus\/\"}]}<\/script>\n<!-- \/ Yoast SEO plugin. -->","yoast_head_json":{"title":"Pago extraordinario y adicional para trabajadores titulares de las prestaciones por desempleo, ya es oficial - Infoecos","robots":{"index":"index","follow":"follow","max-snippet":"max-snippet:-1","max-image-preview":"max-image-preview:large","max-video-preview":"max-video-preview:-1"},"canonical":"https:\/\/infoecos.com.ar\/index.php\/pago-extraordinario-y-adicional-para-trabajadores-titulares-de-las-prestaciones-por-desempleo-ya-es-oficial\/","og_locale":"es_ES","og_type":"article","og_title":"Pago extraordinario y adicional para trabajadores titulares de las prestaciones por desempleo, ya es oficial - Infoecos","og_description":"El Ministerio de Trabajo public\u00f3 la resoluci\u00f3n que autoriza el pago de ese beneficio. A qui\u00e9nes alcanza esta medida.","og_url":"https:\/\/infoecos.com.ar\/index.php\/pago-extraordinario-y-adicional-para-trabajadores-titulares-de-las-prestaciones-por-desempleo-ya-es-oficial\/","og_site_name":"Infoecos","article_publisher":"https:\/\/www.facebook.com\/profile.php?id=100063200290284","article_published_time":"2023-09-27T05:00:54+00:00","article_modified_time":"2023-09-27T05:00:55+00:00","og_image":[{"width":607,"height":405,"url":"https:\/\/infoecos.com.ar\/wp-content\/uploads\/2022\/04\/anses.jpg","type":"image\/jpeg"}],"author":"Jorge Matheus","twitter_card":"summary_large_image","twitter_creator":"@infoecos","twitter_site":"@infoecos","twitter_misc":{"Escrito por":"Jorge Matheus","Tiempo de lectura":"2 minutos"},"schema":{"@context":"https:\/\/schema.org","@graph":[{"@type":"Article","@id":"https:\/\/infoecos.com.ar\/index.php\/pago-extraordinario-y-adicional-para-trabajadores-titulares-de-las-prestaciones-por-desempleo-ya-es-oficial\/#article","isPartOf":{"@id":"https:\/\/infoecos.com.ar\/index.php\/pago-extraordinario-y-adicional-para-trabajadores-titulares-de-las-prestaciones-por-desempleo-ya-es-oficial\/"},"author":{"name":"Jorge Matheus","@id":"https:\/\/infoecos.com.ar\/#\/schema\/person\/8f5ace5ce73b4b4aac4b7245aee6f191"},"headline":"Pago extraordinario y adicional para trabajadores titulares de las prestaciones por desempleo, ya es oficial","datePublished":"2023-09-27T05:00:54+00:00","dateModified":"2023-09-27T05:00:55+00:00","mainEntityOfPage":{"@id":"https:\/\/infoecos.com.ar\/index.php\/pago-extraordinario-y-adicional-para-trabajadores-titulares-de-las-prestaciones-por-desempleo-ya-es-oficial\/"},"wordCount":214,"publisher":{"@id":"https:\/\/infoecos.com.ar\/#organization"},"image":{"@id":"https:\/\/infoecos.com.ar\/index.php\/pago-extraordinario-y-adicional-para-trabajadores-titulares-de-las-prestaciones-por-desempleo-ya-es-oficial\/#primaryimage"},"thumbnailUrl":"https:\/\/infoecos.com.ar\/wp-content\/uploads\/2022\/04\/anses.jpg","keywords":["publicaci\u00f3n en el bolet\u00edn oficial"],"articleSection":["C3 N4"],"inLanguage":"es"},{"@type":"WebPage","@id":"https:\/\/infoecos.com.ar\/index.php\/pago-extraordinario-y-adicional-para-trabajadores-titulares-de-las-prestaciones-por-desempleo-ya-es-oficial\/","url":"https:\/\/infoecos.com.ar\/index.php\/pago-extraordinario-y-adicional-para-trabajadores-titulares-de-las-prestaciones-por-desempleo-ya-es-oficial\/","name":"Pago extraordinario y adicional para trabajadores titulares de las prestaciones por desempleo, ya es oficial - Infoecos","isPartOf":{"@id":"https:\/\/infoecos.com.ar\/#website"},"primaryImageOfPage":{"@id":"https:\/\/infoecos.com.ar\/index.php\/pago-extraordinario-y-adicional-para-trabajadores-titulares-de-las-prestaciones-por-desempleo-ya-es-oficial\/#primaryimage"},"image":{"@id":"https:\/\/infoecos.com.ar\/index.php\/pago-extraordinario-y-adicional-para-trabajadores-titulares-de-las-prestaciones-por-desempleo-ya-es-oficial\/#primaryimage"},"thumbnailUrl":"https:\/\/infoecos.com.ar\/wp-content\/uploads\/2022\/04\/anses.jpg","datePublished":"2023-09-27T05:00:54+00:00","dateModified":"2023-09-27T05:00:55+00:00","breadcrumb":{"@id":"https:\/\/infoecos.com.ar\/index.php\/pago-extraordinario-y-adicional-para-trabajadores-titulares-de-las-prestaciones-por-desempleo-ya-es-oficial\/#breadcrumb"},"inLanguage":"es","potentialAction":[{"@type":"ReadAction","target":["https:\/\/infoecos.com.ar\/index.php\/pago-extraordinario-y-adicional-para-trabajadores-titulares-de-las-prestaciones-por-desempleo-ya-es-oficial\/"]}]},{"@type":"ImageObject","inLanguage":"es","@id":"https:\/\/infoecos.com.ar\/index.php\/pago-extraordinario-y-adicional-para-trabajadores-titulares-de-las-prestaciones-por-desempleo-ya-es-oficial\/#primaryimage","url":"https:\/\/infoecos.com.ar\/wp-content\/uploads\/2022\/04\/anses.jpg","contentUrl":"https:\/\/infoecos.com.ar\/wp-content\/uploads\/2022\/04\/anses.jpg","width":607,"height":405},{"@type":"BreadcrumbList","@id":"https:\/\/infoecos.com.ar\/index.php\/pago-extraordinario-y-adicional-para-trabajadores-titulares-de-las-prestaciones-por-desempleo-ya-es-oficial\/#breadcrumb","itemListElement":[{"@type":"ListItem","position":1,"name":"Portada","item":"https:\/\/infoecos.com.ar\/"},{"@type":"ListItem","position":2,"name":"Pago extraordinario y adicional para trabajadores titulares de las prestaciones por desempleo, ya es oficial"}]},{"@type":"WebSite","@id":"https:\/\/infoecos.com.ar\/#website","url":"https:\/\/infoecos.com.ar\/","name":"Infoecos","description":"Noticias de trenque lauquen y la zona","publisher":{"@id":"https:\/\/infoecos.com.ar\/#organization"},"alternateName":"Noticias","potentialAction":[{"@type":"SearchAction","target":{"@type":"EntryPoint","urlTemplate":"https:\/\/infoecos.com.ar\/?s={search_term_string}"},"query-input":{"@type":"PropertyValueSpecification","valueRequired":true,"valueName":"search_term_string"}}],"inLanguage":"es"},{"@type":"Organization","@id":"https:\/\/infoecos.com.ar\/#organization","name":"Infoecos","alternateName":"Noticias","url":"https:\/\/infoecos.com.ar\/","logo":{"@type":"ImageObject","inLanguage":"es","@id":"https:\/\/infoecos.com.ar\/#\/schema\/logo\/image\/","url":"https:\/\/infoecos.com.ar\/wp-content\/uploads\/2024\/03\/cropped-logo.png","contentUrl":"https:\/\/infoecos.com.ar\/wp-content\/uploads\/2024\/03\/cropped-logo.png","width":374,"height":90,"caption":"Infoecos"},"image":{"@id":"https:\/\/infoecos.com.ar\/#\/schema\/logo\/image\/"},"sameAs":["https:\/\/www.facebook.com\/profile.php?id=100063200290284","https:\/\/x.com\/infoecos"]},{"@type":"Person","@id":"https:\/\/infoecos.com.ar\/#\/schema\/person\/8f5ace5ce73b4b4aac4b7245aee6f191","name":"Jorge Matheus","url":"https:\/\/infoecos.com.ar\/index.php\/author\/jomatheus\/"}]}},"featured_image_urls":{"full":["https:\/\/infoecos.com.ar\/wp-content\/uploads\/2022\/04\/anses.jpg",607,405,false],"thumbnail":["https:\/\/infoecos.com.ar\/wp-content\/uploads\/2022\/04\/anses-150x150.jpg",150,150,true],"medium":["https:\/\/infoecos.com.ar\/wp-content\/uploads\/2022\/04\/anses-460x307.jpg",460,307,true],"medium_large":["https:\/\/infoecos.com.ar\/wp-content\/uploads\/2022\/04\/anses.jpg",607,405,false],"large":["https:\/\/infoecos.com.ar\/wp-content\/uploads\/2022\/04\/anses.jpg",607,405,false],"1536x1536":["https:\/\/infoecos.com.ar\/wp-content\/uploads\/2022\/04\/anses.jpg",607,405,false],"2048x2048":["https:\/\/infoecos.com.ar\/wp-content\/uploads\/2022\/04\/anses.jpg",607,405,false],"covernews-slider-full":["https:\/\/infoecos.com.ar\/wp-content\/uploads\/2022\/04\/anses.jpg",607,405,false],"covernews-slider-center":["https:\/\/infoecos.com.ar\/wp-content\/uploads\/2022\/04\/anses.jpg",607,405,false],"covernews-featured":["https:\/\/infoecos.com.ar\/wp-content\/uploads\/2022\/04\/anses.jpg",607,405,false],"covernews-medium":["https:\/\/infoecos.com.ar\/wp-content\/uploads\/2022\/04\/anses-607x380.jpg",540,338,true],"covernews-medium-square":["https:\/\/infoecos.com.ar\/wp-content\/uploads\/2022\/04\/anses.jpg",375,250,false]},"author_info":{"info":["Jorge Matheus"]},"category_info":"<a href=\"https:\/\/infoecos.com.ar\/index.php\/category\/c3nota4\/\" rel=\"category tag\">C3 N4<\/a>","tag_info":"C3 N4","comment_count":"0","_links":{"self":[{"href":"https:\/\/infoecos.com.ar\/index.php\/wp-json\/wp\/v2\/posts\/113094"}],"collection":[{"href":"https:\/\/infoecos.com.ar\/index.php\/wp-json\/wp\/v2\/posts"}],"about":[{"href":"https:\/\/infoecos.com.ar\/index.php\/wp-json\/wp\/v2\/types\/post"}],"author":[{"embeddable":true,"href":"https:\/\/infoecos.com.ar\/index.php\/wp-json\/wp\/v2\/users\/2"}],"replies":[{"embeddable":true,"href":"https:\/\/infoecos.com.ar\/index.php\/wp-json\/wp\/v2\/comments?post=113094"}],"version-history":[{"count":1,"href":"https:\/\/infoecos.com.ar\/index.php\/wp-json\/wp\/v2\/posts\/113094\/revisions"}],"predecessor-version":[{"id":113095,"href":"https:\/\/infoecos.com.ar\/index.php\/wp-json\/wp\/v2\/posts\/113094\/revisions\/113095"}],"wp:featuredmedia":[{"embeddable":true,"href":"https:\/\/infoecos.com.ar\/index.php\/wp-json\/wp\/v2\/media\/91222"}],"wp:attachment":[{"href":"https:\/\/infoecos.com.ar\/index.php\/wp-json\/wp\/v2\/media?parent=113094"}],"wp:term":[{"taxonomy":"category","embeddable":true,"href":"https:\/\/infoecos.com.ar\/index.php\/wp-json\/wp\/v2\/categories?post=113094"},{"taxonomy":"post_tag","embeddable":true,"href":"https:\/\/infoecos.com.ar\/index.php\/wp-json\/wp\/v2\/tags?post=113094"}],"curies":[{"name":"wp","href":"https:\/\/api.w.org\/{rel}","templated":true}]}}