{"id":113096,"date":"2023-09-27T02:19:57","date_gmt":"2023-09-27T05:19:57","guid":{"rendered":"https:\/\/infoecos.com.ar\/?p=113096"},"modified":"2023-09-27T02:19:58","modified_gmt":"2023-09-27T05:19:58","slug":"murio-un-motociclista-en-la-ruta-nacional-numero-5-en-el-kilometro-250","status":"publish","type":"post","link":"https:\/\/infoecos.com.ar\/index.php\/murio-un-motociclista-en-la-ruta-nacional-numero-5-en-el-kilometro-250\/","title":{"rendered":"Muri\u00f3 un motociclista en la Ruta Nacional n\u00famero 5, en el kil\u00f3metro 250"},"content":{"rendered":"\n<p>Un fatal accidente se produjo en la Ruta 5 a la altura del Km. 250, el lunes por la tarde.<\/p>\n\n\n\n<figure class=\"wp-block-image alignright size-full is-resized\"><img loading=\"lazy\" decoding=\"async\" src=\"https:\/\/infoecos.com.ar\/wp-content\/uploads\/2023\/09\/WhatsApp-Image-2023-09-25-at-20.12.37.jpeg\" alt=\"\" class=\"wp-image-113097\" width=\"374\" height=\"339\" srcset=\"https:\/\/infoecos.com.ar\/wp-content\/uploads\/2023\/09\/WhatsApp-Image-2023-09-25-at-20.12.37.jpeg 900w, https:\/\/infoecos.com.ar\/wp-content\/uploads\/2023\/09\/WhatsApp-Image-2023-09-25-at-20.12.37-800x725.jpeg 800w, https:\/\/infoecos.com.ar\/wp-content\/uploads\/2023\/09\/WhatsApp-Image-2023-09-25-at-20.12.37-768x696.jpeg 768w\" sizes=\"(max-width: 374px) 100vw, 374px\" \/><figcaption class=\"wp-element-caption\">Accidente ruta 5 Patricios<\/figcaption><\/figure>\n\n\n\n<p>Un cami\u00f3n marca Mercedes Benz marca Axor que circulaba en sentido ascendente embisti\u00f3 en una de las dos bajadas a la localidad de Patricios y un camino vecinal hacia Dennehy, a una moto Gilera 150 conducida por un hombre que perdi\u00f3 la vida.<\/p>\n\n\n\n<p>El transporte circulaba cargado de rollos de papel higi\u00e9nico hacia Gral. Roca, R\u00edo Negro y su conductor asegur\u00f3 que \u201ccruz\u00f3 la ruta como ven\u00eda; no me dio tiempo ni a esquivarlo. No volqu\u00e9 porque traigo una carga muy liviana y pude volver a subir a la ruta\u201d.<\/p>\n\n\n\n<p>La persona fallecida, de 41 a\u00f1os de edad, domiciliado en la planta urbana de Patricios, se movilizaba en una moto  Zanella 125, color negra sin dominio colocado. El cami\u00f3n Mercedes Benz, de la Empresa Transporte Marcelli, era conducido por un hombre de 33 a\u00f1os oriundo de la provincia de Santa Fe.<\/p>\n\n\n\n<p><strong>Foto y algunos datos: elregionaldigital.com.ar<\/strong><\/p>\n","protected":false},"excerpt":{"rendered":"<p>La persona fallecida, de 41 a\u00f1os de edad, domiciliado en la planta urbana de Patricios, se movilizaba en una moto  Zanella 125<\/p>\n","protected":false},"author":2,"featured_media":113097,"comment_status":"closed","ping_status":"open","sticky":false,"template":"","format":"standard","meta":{"footnotes":""},"categories":[48],"tags":[7512],"class_list":["post-113096","post","type-post","status-publish","format-standard","has-post-thumbnail","hentry","category-c2nota3","tag-jurisdiccion-de-9-de-julio"],"yoast_head":"<!-- This site is optimized with the Yoast SEO plugin v23.4 - https:\/\/yoast.com\/wordpress\/plugins\/seo\/ -->\n<title>Muri\u00f3 un motociclista en la Ruta Nacional n\u00famero 5, en el kil\u00f3metro 250 - Infoecos<\/title>\n<meta name=\"robots\" content=\"index, follow, max-snippet:-1, max-image-preview:large, max-video-preview:-1\" \/>\n<link rel=\"canonical\" href=\"https:\/\/infoecos.com.ar\/index.php\/murio-un-motociclista-en-la-ruta-nacional-numero-5-en-el-kilometro-250\/\" \/>\n<meta property=\"og:locale\" content=\"es_ES\" \/>\n<meta property=\"og:type\" content=\"article\" \/>\n<meta property=\"og:title\" content=\"Muri\u00f3 un motociclista en la Ruta Nacional n\u00famero 5, en el kil\u00f3metro 250 - Infoecos\" \/>\n<meta property=\"og:description\" content=\"La persona fallecida, de 41 a\u00f1os de edad, domiciliado en la planta urbana de Patricios, se movilizaba en una moto Zanella 125\" \/>\n<meta property=\"og:url\" content=\"https:\/\/infoecos.com.ar\/index.php\/murio-un-motociclista-en-la-ruta-nacional-numero-5-en-el-kilometro-250\/\" \/>\n<meta property=\"og:site_name\" content=\"Infoecos\" \/>\n<meta property=\"article:publisher\" content=\"https:\/\/www.facebook.com\/profile.php?id=100063200290284\" \/>\n<meta property=\"article:published_time\" content=\"2023-09-27T05:19:57+00:00\" \/>\n<meta property=\"article:modified_time\" content=\"2023-09-27T05:19:58+00:00\" \/>\n<meta property=\"og:image\" content=\"https:\/\/infoecos.com.ar\/wp-content\/uploads\/2023\/09\/WhatsApp-Image-2023-09-25-at-20.12.37.jpeg\" \/>\n\t<meta property=\"og:image:width\" content=\"900\" \/>\n\t<meta property=\"og:image:height\" content=\"816\" \/>\n\t<meta property=\"og:image:type\" content=\"image\/jpeg\" \/>\n<meta name=\"author\" content=\"Jorge Matheus\" \/>\n<meta name=\"twitter:card\" content=\"summary_large_image\" \/>\n<meta name=\"twitter:creator\" content=\"@infoecos\" \/>\n<meta name=\"twitter:site\" content=\"@infoecos\" \/>\n<meta name=\"twitter:label1\" content=\"Escrito por\" \/>\n\t<meta name=\"twitter:data1\" content=\"Jorge Matheus\" \/>\n\t<meta name=\"twitter:label2\" content=\"Tiempo de lectura\" \/>\n\t<meta name=\"twitter:data2\" content=\"1 minuto\" \/>\n<script type=\"application\/ld+json\" class=\"yoast-schema-graph\">{\"@context\":\"https:\/\/schema.org\",\"@graph\":[{\"@type\":\"Article\",\"@id\":\"https:\/\/infoecos.com.ar\/index.php\/murio-un-motociclista-en-la-ruta-nacional-numero-5-en-el-kilometro-250\/#article\",\"isPartOf\":{\"@id\":\"https:\/\/infoecos.com.ar\/index.php\/murio-un-motociclista-en-la-ruta-nacional-numero-5-en-el-kilometro-250\/\"},\"author\":{\"name\":\"Jorge Matheus\",\"@id\":\"https:\/\/infoecos.com.ar\/#\/schema\/person\/8f5ace5ce73b4b4aac4b7245aee6f191\"},\"headline\":\"Muri\u00f3 un motociclista en la Ruta Nacional n\u00famero 5, en el kil\u00f3metro 250\",\"datePublished\":\"2023-09-27T05:19:57+00:00\",\"dateModified\":\"2023-09-27T05:19:58+00:00\",\"mainEntityOfPage\":{\"@id\":\"https:\/\/infoecos.com.ar\/index.php\/murio-un-motociclista-en-la-ruta-nacional-numero-5-en-el-kilometro-250\/\"},\"wordCount\":185,\"publisher\":{\"@id\":\"https:\/\/infoecos.com.ar\/#organization\"},\"image\":{\"@id\":\"https:\/\/infoecos.com.ar\/index.php\/murio-un-motociclista-en-la-ruta-nacional-numero-5-en-el-kilometro-250\/#primaryimage\"},\"thumbnailUrl\":\"https:\/\/infoecos.com.ar\/wp-content\/uploads\/2023\/09\/WhatsApp-Image-2023-09-25-at-20.12.37.jpeg\",\"keywords\":[\"JURISDICCI\u00d3N DE 9 DE JULIO\"],\"articleSection\":[\"C2 N3\"],\"inLanguage\":\"es\"},{\"@type\":\"WebPage\",\"@id\":\"https:\/\/infoecos.com.ar\/index.php\/murio-un-motociclista-en-la-ruta-nacional-numero-5-en-el-kilometro-250\/\",\"url\":\"https:\/\/infoecos.com.ar\/index.php\/murio-un-motociclista-en-la-ruta-nacional-numero-5-en-el-kilometro-250\/\",\"name\":\"Muri\u00f3 un motociclista en la Ruta Nacional n\u00famero 5, en el kil\u00f3metro 250 - Infoecos\",\"isPartOf\":{\"@id\":\"https:\/\/infoecos.com.ar\/#website\"},\"primaryImageOfPage\":{\"@id\":\"https:\/\/infoecos.com.ar\/index.php\/murio-un-motociclista-en-la-ruta-nacional-numero-5-en-el-kilometro-250\/#primaryimage\"},\"image\":{\"@id\":\"https:\/\/infoecos.com.ar\/index.php\/murio-un-motociclista-en-la-ruta-nacional-numero-5-en-el-kilometro-250\/#primaryimage\"},\"thumbnailUrl\":\"https:\/\/infoecos.com.ar\/wp-content\/uploads\/2023\/09\/WhatsApp-Image-2023-09-25-at-20.12.37.jpeg\",\"datePublished\":\"2023-09-27T05:19:57+00:00\",\"dateModified\":\"2023-09-27T05:19:58+00:00\",\"breadcrumb\":{\"@id\":\"https:\/\/infoecos.com.ar\/index.php\/murio-un-motociclista-en-la-ruta-nacional-numero-5-en-el-kilometro-250\/#breadcrumb\"},\"inLanguage\":\"es\",\"potentialAction\":[{\"@type\":\"ReadAction\",\"target\":[\"https:\/\/infoecos.com.ar\/index.php\/murio-un-motociclista-en-la-ruta-nacional-numero-5-en-el-kilometro-250\/\"]}]},{\"@type\":\"ImageObject\",\"inLanguage\":\"es\",\"@id\":\"https:\/\/infoecos.com.ar\/index.php\/murio-un-motociclista-en-la-ruta-nacional-numero-5-en-el-kilometro-250\/#primaryimage\",\"url\":\"https:\/\/infoecos.com.ar\/wp-content\/uploads\/2023\/09\/WhatsApp-Image-2023-09-25-at-20.12.37.jpeg\",\"contentUrl\":\"https:\/\/infoecos.com.ar\/wp-content\/uploads\/2023\/09\/WhatsApp-Image-2023-09-25-at-20.12.37.jpeg\",\"width\":900,\"height\":816},{\"@type\":\"BreadcrumbList\",\"@id\":\"https:\/\/infoecos.com.ar\/index.php\/murio-un-motociclista-en-la-ruta-nacional-numero-5-en-el-kilometro-250\/#breadcrumb\",\"itemListElement\":[{\"@type\":\"ListItem\",\"position\":1,\"name\":\"Portada\",\"item\":\"https:\/\/infoecos.com.ar\/\"},{\"@type\":\"ListItem\",\"position\":2,\"name\":\"Muri\u00f3 un motociclista en la Ruta Nacional n\u00famero 5, en el kil\u00f3metro 250\"}]},{\"@type\":\"WebSite\",\"@id\":\"https:\/\/infoecos.com.ar\/#website\",\"url\":\"https:\/\/infoecos.com.ar\/\",\"name\":\"Infoecos\",\"description\":\"Noticias de trenque lauquen y la zona\",\"publisher\":{\"@id\":\"https:\/\/infoecos.com.ar\/#organization\"},\"alternateName\":\"Noticias\",\"potentialAction\":[{\"@type\":\"SearchAction\",\"target\":{\"@type\":\"EntryPoint\",\"urlTemplate\":\"https:\/\/infoecos.com.ar\/?s={search_term_string}\"},\"query-input\":{\"@type\":\"PropertyValueSpecification\",\"valueRequired\":true,\"valueName\":\"search_term_string\"}}],\"inLanguage\":\"es\"},{\"@type\":\"Organization\",\"@id\":\"https:\/\/infoecos.com.ar\/#organization\",\"name\":\"Infoecos\",\"alternateName\":\"Noticias\",\"url\":\"https:\/\/infoecos.com.ar\/\",\"logo\":{\"@type\":\"ImageObject\",\"inLanguage\":\"es\",\"@id\":\"https:\/\/infoecos.com.ar\/#\/schema\/logo\/image\/\",\"url\":\"https:\/\/infoecos.com.ar\/wp-content\/uploads\/2024\/03\/cropped-logo.png\",\"contentUrl\":\"https:\/\/infoecos.com.ar\/wp-content\/uploads\/2024\/03\/cropped-logo.png\",\"width\":374,\"height\":90,\"caption\":\"Infoecos\"},\"image\":{\"@id\":\"https:\/\/infoecos.com.ar\/#\/schema\/logo\/image\/\"},\"sameAs\":[\"https:\/\/www.facebook.com\/profile.php?id=100063200290284\",\"https:\/\/x.com\/infoecos\"]},{\"@type\":\"Person\",\"@id\":\"https:\/\/infoecos.com.ar\/#\/schema\/person\/8f5ace5ce73b4b4aac4b7245aee6f191\",\"name\":\"Jorge Matheus\",\"url\":\"https:\/\/infoecos.com.ar\/index.php\/author\/jomatheus\/\"}]}<\/script>\n<!-- \/ Yoast SEO plugin. -->","yoast_head_json":{"title":"Muri\u00f3 un motociclista en la Ruta Nacional n\u00famero 5, en el kil\u00f3metro 250 - Infoecos","robots":{"index":"index","follow":"follow","max-snippet":"max-snippet:-1","max-image-preview":"max-image-preview:large","max-video-preview":"max-video-preview:-1"},"canonical":"https:\/\/infoecos.com.ar\/index.php\/murio-un-motociclista-en-la-ruta-nacional-numero-5-en-el-kilometro-250\/","og_locale":"es_ES","og_type":"article","og_title":"Muri\u00f3 un motociclista en la Ruta Nacional n\u00famero 5, en el kil\u00f3metro 250 - Infoecos","og_description":"La persona fallecida, de 41 a\u00f1os de edad, domiciliado en la planta urbana de Patricios, se movilizaba en una moto Zanella 125","og_url":"https:\/\/infoecos.com.ar\/index.php\/murio-un-motociclista-en-la-ruta-nacional-numero-5-en-el-kilometro-250\/","og_site_name":"Infoecos","article_publisher":"https:\/\/www.facebook.com\/profile.php?id=100063200290284","article_published_time":"2023-09-27T05:19:57+00:00","article_modified_time":"2023-09-27T05:19:58+00:00","og_image":[{"width":900,"height":816,"url":"https:\/\/infoecos.com.ar\/wp-content\/uploads\/2023\/09\/WhatsApp-Image-2023-09-25-at-20.12.37.jpeg","type":"image\/jpeg"}],"author":"Jorge Matheus","twitter_card":"summary_large_image","twitter_creator":"@infoecos","twitter_site":"@infoecos","twitter_misc":{"Escrito por":"Jorge Matheus","Tiempo de lectura":"1 minuto"},"schema":{"@context":"https:\/\/schema.org","@graph":[{"@type":"Article","@id":"https:\/\/infoecos.com.ar\/index.php\/murio-un-motociclista-en-la-ruta-nacional-numero-5-en-el-kilometro-250\/#article","isPartOf":{"@id":"https:\/\/infoecos.com.ar\/index.php\/murio-un-motociclista-en-la-ruta-nacional-numero-5-en-el-kilometro-250\/"},"author":{"name":"Jorge Matheus","@id":"https:\/\/infoecos.com.ar\/#\/schema\/person\/8f5ace5ce73b4b4aac4b7245aee6f191"},"headline":"Muri\u00f3 un motociclista en la Ruta Nacional n\u00famero 5, en el kil\u00f3metro 250","datePublished":"2023-09-27T05:19:57+00:00","dateModified":"2023-09-27T05:19:58+00:00","mainEntityOfPage":{"@id":"https:\/\/infoecos.com.ar\/index.php\/murio-un-motociclista-en-la-ruta-nacional-numero-5-en-el-kilometro-250\/"},"wordCount":185,"publisher":{"@id":"https:\/\/infoecos.com.ar\/#organization"},"image":{"@id":"https:\/\/infoecos.com.ar\/index.php\/murio-un-motociclista-en-la-ruta-nacional-numero-5-en-el-kilometro-250\/#primaryimage"},"thumbnailUrl":"https:\/\/infoecos.com.ar\/wp-content\/uploads\/2023\/09\/WhatsApp-Image-2023-09-25-at-20.12.37.jpeg","keywords":["JURISDICCI\u00d3N DE 9 DE JULIO"],"articleSection":["C2 N3"],"inLanguage":"es"},{"@type":"WebPage","@id":"https:\/\/infoecos.com.ar\/index.php\/murio-un-motociclista-en-la-ruta-nacional-numero-5-en-el-kilometro-250\/","url":"https:\/\/infoecos.com.ar\/index.php\/murio-un-motociclista-en-la-ruta-nacional-numero-5-en-el-kilometro-250\/","name":"Muri\u00f3 un motociclista en la Ruta Nacional n\u00famero 5, en el kil\u00f3metro 250 - Infoecos","isPartOf":{"@id":"https:\/\/infoecos.com.ar\/#website"},"primaryImageOfPage":{"@id":"https:\/\/infoecos.com.ar\/index.php\/murio-un-motociclista-en-la-ruta-nacional-numero-5-en-el-kilometro-250\/#primaryimage"},"image":{"@id":"https:\/\/infoecos.com.ar\/index.php\/murio-un-motociclista-en-la-ruta-nacional-numero-5-en-el-kilometro-250\/#primaryimage"},"thumbnailUrl":"https:\/\/infoecos.com.ar\/wp-content\/uploads\/2023\/09\/WhatsApp-Image-2023-09-25-at-20.12.37.jpeg","datePublished":"2023-09-27T05:19:57+00:00","dateModified":"2023-09-27T05:19:58+00:00","breadcrumb":{"@id":"https:\/\/infoecos.com.ar\/index.php\/murio-un-motociclista-en-la-ruta-nacional-numero-5-en-el-kilometro-250\/#breadcrumb"},"inLanguage":"es","potentialAction":[{"@type":"ReadAction","target":["https:\/\/infoecos.com.ar\/index.php\/murio-un-motociclista-en-la-ruta-nacional-numero-5-en-el-kilometro-250\/"]}]},{"@type":"ImageObject","inLanguage":"es","@id":"https:\/\/infoecos.com.ar\/index.php\/murio-un-motociclista-en-la-ruta-nacional-numero-5-en-el-kilometro-250\/#primaryimage","url":"https:\/\/infoecos.com.ar\/wp-content\/uploads\/2023\/09\/WhatsApp-Image-2023-09-25-at-20.12.37.jpeg","contentUrl":"https:\/\/infoecos.com.ar\/wp-content\/uploads\/2023\/09\/WhatsApp-Image-2023-09-25-at-20.12.37.jpeg","width":900,"height":816},{"@type":"BreadcrumbList","@id":"https:\/\/infoecos.com.ar\/index.php\/murio-un-motociclista-en-la-ruta-nacional-numero-5-en-el-kilometro-250\/#breadcrumb","itemListElement":[{"@type":"ListItem","position":1,"name":"Portada","item":"https:\/\/infoecos.com.ar\/"},{"@type":"ListItem","position":2,"name":"Muri\u00f3 un motociclista en la Ruta Nacional n\u00famero 5, en el kil\u00f3metro 250"}]},{"@type":"WebSite","@id":"https:\/\/infoecos.com.ar\/#website","url":"https:\/\/infoecos.com.ar\/","name":"Infoecos","description":"Noticias de trenque lauquen y la zona","publisher":{"@id":"https:\/\/infoecos.com.ar\/#organization"},"alternateName":"Noticias","potentialAction":[{"@type":"SearchAction","target":{"@type":"EntryPoint","urlTemplate":"https:\/\/infoecos.com.ar\/?s={search_term_string}"},"query-input":{"@type":"PropertyValueSpecification","valueRequired":true,"valueName":"search_term_string"}}],"inLanguage":"es"},{"@type":"Organization","@id":"https:\/\/infoecos.com.ar\/#organization","name":"Infoecos","alternateName":"Noticias","url":"https:\/\/infoecos.com.ar\/","logo":{"@type":"ImageObject","inLanguage":"es","@id":"https:\/\/infoecos.com.ar\/#\/schema\/logo\/image\/","url":"https:\/\/infoecos.com.ar\/wp-content\/uploads\/2024\/03\/cropped-logo.png","contentUrl":"https:\/\/infoecos.com.ar\/wp-content\/uploads\/2024\/03\/cropped-logo.png","width":374,"height":90,"caption":"Infoecos"},"image":{"@id":"https:\/\/infoecos.com.ar\/#\/schema\/logo\/image\/"},"sameAs":["https:\/\/www.facebook.com\/profile.php?id=100063200290284","https:\/\/x.com\/infoecos"]},{"@type":"Person","@id":"https:\/\/infoecos.com.ar\/#\/schema\/person\/8f5ace5ce73b4b4aac4b7245aee6f191","name":"Jorge Matheus","url":"https:\/\/infoecos.com.ar\/index.php\/author\/jomatheus\/"}]}},"featured_image_urls":{"full":["https:\/\/infoecos.com.ar\/wp-content\/uploads\/2023\/09\/WhatsApp-Image-2023-09-25-at-20.12.37.jpeg",900,816,false],"thumbnail":["https:\/\/infoecos.com.ar\/wp-content\/uploads\/2023\/09\/WhatsApp-Image-2023-09-25-at-20.12.37-300x150.jpeg",300,150,true],"medium":["https:\/\/infoecos.com.ar\/wp-content\/uploads\/2023\/09\/WhatsApp-Image-2023-09-25-at-20.12.37-800x725.jpeg",800,725,true],"medium_large":["https:\/\/infoecos.com.ar\/wp-content\/uploads\/2023\/09\/WhatsApp-Image-2023-09-25-at-20.12.37-768x696.jpeg",640,580,true],"large":["https:\/\/infoecos.com.ar\/wp-content\/uploads\/2023\/09\/WhatsApp-Image-2023-09-25-at-20.12.37.jpeg",640,580,false],"1536x1536":["https:\/\/infoecos.com.ar\/wp-content\/uploads\/2023\/09\/WhatsApp-Image-2023-09-25-at-20.12.37.jpeg",900,816,false],"2048x2048":["https:\/\/infoecos.com.ar\/wp-content\/uploads\/2023\/09\/WhatsApp-Image-2023-09-25-at-20.12.37.jpeg",900,816,false],"covernews-slider-full":["https:\/\/infoecos.com.ar\/wp-content\/uploads\/2023\/09\/WhatsApp-Image-2023-09-25-at-20.12.37.jpeg",789,715,false],"covernews-slider-center":["https:\/\/infoecos.com.ar\/wp-content\/uploads\/2023\/09\/WhatsApp-Image-2023-09-25-at-20.12.37.jpeg",551,500,false],"covernews-featured":["https:\/\/infoecos.com.ar\/wp-content\/uploads\/2023\/09\/WhatsApp-Image-2023-09-25-at-20.12.37.jpeg",900,816,false],"covernews-medium":["https:\/\/infoecos.com.ar\/wp-content\/uploads\/2023\/09\/WhatsApp-Image-2023-09-25-at-20.12.37-720x380.jpeg",540,285,true],"covernews-medium-square":["https:\/\/infoecos.com.ar\/wp-content\/uploads\/2023\/09\/WhatsApp-Image-2023-09-25-at-20.12.37-675x450.jpeg",375,250,true]},"author_info":{"info":["Jorge Matheus"]},"category_info":"<a href=\"https:\/\/infoecos.com.ar\/index.php\/category\/c2nota3\/\" rel=\"category tag\">C2 N3<\/a>","tag_info":"C2 N3","comment_count":"0","_links":{"self":[{"href":"https:\/\/infoecos.com.ar\/index.php\/wp-json\/wp\/v2\/posts\/113096"}],"collection":[{"href":"https:\/\/infoecos.com.ar\/index.php\/wp-json\/wp\/v2\/posts"}],"about":[{"href":"https:\/\/infoecos.com.ar\/index.php\/wp-json\/wp\/v2\/types\/post"}],"author":[{"embeddable":true,"href":"https:\/\/infoecos.com.ar\/index.php\/wp-json\/wp\/v2\/users\/2"}],"replies":[{"embeddable":true,"href":"https:\/\/infoecos.com.ar\/index.php\/wp-json\/wp\/v2\/comments?post=113096"}],"version-history":[{"count":1,"href":"https:\/\/infoecos.com.ar\/index.php\/wp-json\/wp\/v2\/posts\/113096\/revisions"}],"predecessor-version":[{"id":113098,"href":"https:\/\/infoecos.com.ar\/index.php\/wp-json\/wp\/v2\/posts\/113096\/revisions\/113098"}],"wp:featuredmedia":[{"embeddable":true,"href":"https:\/\/infoecos.com.ar\/index.php\/wp-json\/wp\/v2\/media\/113097"}],"wp:attachment":[{"href":"https:\/\/infoecos.com.ar\/index.php\/wp-json\/wp\/v2\/media?parent=113096"}],"wp:term":[{"taxonomy":"category","embeddable":true,"href":"https:\/\/infoecos.com.ar\/index.php\/wp-json\/wp\/v2\/categories?post=113096"},{"taxonomy":"post_tag","embeddable":true,"href":"https:\/\/infoecos.com.ar\/index.php\/wp-json\/wp\/v2\/tags?post=113096"}],"curies":[{"name":"wp","href":"https:\/\/api.w.org\/{rel}","templated":true}]}}