{"id":113116,"date":"2023-09-27T13:12:09","date_gmt":"2023-09-27T16:12:09","guid":{"rendered":"https:\/\/infoecos.com.ar\/?p=113116"},"modified":"2023-09-27T22:58:35","modified_gmt":"2023-09-28T01:58:35","slug":"el-departamento-ejecutivo-de-trenque-lauquen-depositara-los-sueldos-con-un-25-de-aumento","status":"publish","type":"post","link":"https:\/\/infoecos.com.ar\/index.php\/el-departamento-ejecutivo-de-trenque-lauquen-depositara-los-sueldos-con-un-25-de-aumento\/","title":{"rendered":"El Departamento Ejecutivo de Trenque Lauquen depositar\u00e1 los sueldos con un 25 % de aumento"},"content":{"rendered":"\n<p>Con el 25 por ciento de aumento, y en forma anticipada, el Departamento Ejecutivo depositar\u00e1 este jueves el sueldo de septiembre del personal municipal y al d\u00eda siguiente los fondos estar\u00e1n acreditados para su retiro.<\/p>\n\n\n\n<figure class=\"wp-block-image alignright size-large is-resized\"><img loading=\"lazy\" decoding=\"async\" src=\"https:\/\/infoecos.com.ar\/wp-content\/uploads\/fd6deb3c-9218-4816-b243-9c2ad36be305-920x690.jpg\" alt=\"Trenque Lauquen - Municipalidad\" class=\"wp-image-22251\" width=\"415\" height=\"311\"\/><figcaption class=\"wp-element-caption\">Trenque Lauquen &#8211; Municipalidad <\/figcaption><\/figure>\n\n\n\n<p>La nueva recomposici\u00f3n salarial para el personal municipal, que tiene impacto sobre el medio aguinaldo y tambi\u00e9n beneficia a los jubilados, fue acordada el 14 de septiembre pasado con el Sindicato de Trabajadores Municipales de Trenque Lauquen (STMTL) y la Asociaci\u00f3n de Trabajadores del Estado (ATE), y eleva la suba anual a 124,5 por ciento. Adem\u00e1s, el mes que viene, octubre, se pagar\u00e1 el premio por el d\u00eda del Empleado municipal.<\/p>\n\n\n\n<p>La escala anual convenida por el Municipio y el gremio a principios de 2023 fue de 90,4 por ciento, pero debido a la inflaci\u00f3n diaria permanente que no puede ser contenida por el Gobierno Nacional, por iniciativa del intendente Miguel Fern\u00e1ndez se reabri\u00f3 la paritaria en junio pasado, modific\u00e1ndose la pauta salarial con un aumento del 30 por ciento a partir de julio, lo que llev\u00f3 el acuerdo anual a 107 por ciento. Y se repiti\u00f3 el mecanismo d\u00edas atr\u00e1s, con este 25 por ciento que, como se dijo, lleva el incremento anual a 124,5 por ciento.<\/p>\n","protected":false},"excerpt":{"rendered":"<p>Al d\u00eda siguiente los fondos estar\u00e1n acreditados para su retiro.<\/p>\n","protected":false},"author":2,"featured_media":22251,"comment_status":"closed","ping_status":"open","sticky":false,"template":"","format":"standard","meta":{"footnotes":""},"categories":[28],"tags":[9270],"class_list":["post-113116","post","type-post","status-publish","format-standard","has-post-thumbnail","hentry","category-c1nota1","tag-este-jueves-oficial-del-municipio"],"yoast_head":"<!-- This site is optimized with the Yoast SEO plugin v23.4 - https:\/\/yoast.com\/wordpress\/plugins\/seo\/ -->\n<title>El Departamento Ejecutivo de Trenque Lauquen depositar\u00e1 los sueldos con un 25 % de aumento - Infoecos<\/title>\n<meta name=\"robots\" content=\"index, follow, max-snippet:-1, max-image-preview:large, max-video-preview:-1\" \/>\n<link rel=\"canonical\" href=\"https:\/\/infoecos.com.ar\/index.php\/el-departamento-ejecutivo-de-trenque-lauquen-depositara-los-sueldos-con-un-25-de-aumento\/\" \/>\n<meta property=\"og:locale\" content=\"es_ES\" \/>\n<meta property=\"og:type\" content=\"article\" \/>\n<meta property=\"og:title\" content=\"El Departamento Ejecutivo de Trenque Lauquen depositar\u00e1 los sueldos con un 25 % de aumento - Infoecos\" \/>\n<meta property=\"og:description\" content=\"Al d\u00eda siguiente los fondos estar\u00e1n acreditados para su retiro.\" \/>\n<meta property=\"og:url\" content=\"https:\/\/infoecos.com.ar\/index.php\/el-departamento-ejecutivo-de-trenque-lauquen-depositara-los-sueldos-con-un-25-de-aumento\/\" \/>\n<meta property=\"og:site_name\" content=\"Infoecos\" \/>\n<meta property=\"article:publisher\" content=\"https:\/\/www.facebook.com\/profile.php?id=100063200290284\" \/>\n<meta property=\"article:published_time\" content=\"2023-09-27T16:12:09+00:00\" \/>\n<meta property=\"article:modified_time\" content=\"2023-09-28T01:58:35+00:00\" \/>\n<meta property=\"og:image\" content=\"https:\/\/infoecos.com.ar\/wp-content\/uploads\/fd6deb3c-9218-4816-b243-9c2ad36be305-e1504233504477.jpg\" \/>\n\t<meta property=\"og:image:width\" content=\"400\" \/>\n\t<meta property=\"og:image:height\" content=\"300\" \/>\n\t<meta property=\"og:image:type\" content=\"image\/jpeg\" \/>\n<meta name=\"author\" content=\"Jorge Matheus\" \/>\n<meta name=\"twitter:card\" content=\"summary_large_image\" \/>\n<meta name=\"twitter:creator\" content=\"@infoecos\" \/>\n<meta name=\"twitter:site\" content=\"@infoecos\" \/>\n<meta name=\"twitter:label1\" content=\"Escrito por\" \/>\n\t<meta name=\"twitter:data1\" content=\"Jorge Matheus\" \/>\n\t<meta name=\"twitter:label2\" content=\"Tiempo de lectura\" \/>\n\t<meta name=\"twitter:data2\" content=\"2 minutos\" \/>\n<script type=\"application\/ld+json\" class=\"yoast-schema-graph\">{\"@context\":\"https:\/\/schema.org\",\"@graph\":[{\"@type\":\"Article\",\"@id\":\"https:\/\/infoecos.com.ar\/index.php\/el-departamento-ejecutivo-de-trenque-lauquen-depositara-los-sueldos-con-un-25-de-aumento\/#article\",\"isPartOf\":{\"@id\":\"https:\/\/infoecos.com.ar\/index.php\/el-departamento-ejecutivo-de-trenque-lauquen-depositara-los-sueldos-con-un-25-de-aumento\/\"},\"author\":{\"name\":\"Jorge Matheus\",\"@id\":\"https:\/\/infoecos.com.ar\/#\/schema\/person\/8f5ace5ce73b4b4aac4b7245aee6f191\"},\"headline\":\"El Departamento Ejecutivo de Trenque Lauquen depositar\u00e1 los sueldos con un 25 % de aumento\",\"datePublished\":\"2023-09-27T16:12:09+00:00\",\"dateModified\":\"2023-09-28T01:58:35+00:00\",\"mainEntityOfPage\":{\"@id\":\"https:\/\/infoecos.com.ar\/index.php\/el-departamento-ejecutivo-de-trenque-lauquen-depositara-los-sueldos-con-un-25-de-aumento\/\"},\"wordCount\":223,\"publisher\":{\"@id\":\"https:\/\/infoecos.com.ar\/#organization\"},\"image\":{\"@id\":\"https:\/\/infoecos.com.ar\/index.php\/el-departamento-ejecutivo-de-trenque-lauquen-depositara-los-sueldos-con-un-25-de-aumento\/#primaryimage\"},\"thumbnailUrl\":\"\",\"keywords\":[\"este jueves (oficial del municipio)\"],\"articleSection\":[\"C1 N1\"],\"inLanguage\":\"es\"},{\"@type\":\"WebPage\",\"@id\":\"https:\/\/infoecos.com.ar\/index.php\/el-departamento-ejecutivo-de-trenque-lauquen-depositara-los-sueldos-con-un-25-de-aumento\/\",\"url\":\"https:\/\/infoecos.com.ar\/index.php\/el-departamento-ejecutivo-de-trenque-lauquen-depositara-los-sueldos-con-un-25-de-aumento\/\",\"name\":\"El Departamento Ejecutivo de Trenque Lauquen depositar\u00e1 los sueldos con un 25 % de aumento - Infoecos\",\"isPartOf\":{\"@id\":\"https:\/\/infoecos.com.ar\/#website\"},\"primaryImageOfPage\":{\"@id\":\"https:\/\/infoecos.com.ar\/index.php\/el-departamento-ejecutivo-de-trenque-lauquen-depositara-los-sueldos-con-un-25-de-aumento\/#primaryimage\"},\"image\":{\"@id\":\"https:\/\/infoecos.com.ar\/index.php\/el-departamento-ejecutivo-de-trenque-lauquen-depositara-los-sueldos-con-un-25-de-aumento\/#primaryimage\"},\"thumbnailUrl\":\"\",\"datePublished\":\"2023-09-27T16:12:09+00:00\",\"dateModified\":\"2023-09-28T01:58:35+00:00\",\"breadcrumb\":{\"@id\":\"https:\/\/infoecos.com.ar\/index.php\/el-departamento-ejecutivo-de-trenque-lauquen-depositara-los-sueldos-con-un-25-de-aumento\/#breadcrumb\"},\"inLanguage\":\"es\",\"potentialAction\":[{\"@type\":\"ReadAction\",\"target\":[\"https:\/\/infoecos.com.ar\/index.php\/el-departamento-ejecutivo-de-trenque-lauquen-depositara-los-sueldos-con-un-25-de-aumento\/\"]}]},{\"@type\":\"ImageObject\",\"inLanguage\":\"es\",\"@id\":\"https:\/\/infoecos.com.ar\/index.php\/el-departamento-ejecutivo-de-trenque-lauquen-depositara-los-sueldos-con-un-25-de-aumento\/#primaryimage\",\"url\":\"\",\"contentUrl\":\"\"},{\"@type\":\"BreadcrumbList\",\"@id\":\"https:\/\/infoecos.com.ar\/index.php\/el-departamento-ejecutivo-de-trenque-lauquen-depositara-los-sueldos-con-un-25-de-aumento\/#breadcrumb\",\"itemListElement\":[{\"@type\":\"ListItem\",\"position\":1,\"name\":\"Portada\",\"item\":\"https:\/\/infoecos.com.ar\/\"},{\"@type\":\"ListItem\",\"position\":2,\"name\":\"El Departamento Ejecutivo de Trenque Lauquen depositar\u00e1 los sueldos con un 25 % de aumento\"}]},{\"@type\":\"WebSite\",\"@id\":\"https:\/\/infoecos.com.ar\/#website\",\"url\":\"https:\/\/infoecos.com.ar\/\",\"name\":\"Infoecos\",\"description\":\"Noticias de trenque lauquen y la zona\",\"publisher\":{\"@id\":\"https:\/\/infoecos.com.ar\/#organization\"},\"alternateName\":\"Noticias\",\"potentialAction\":[{\"@type\":\"SearchAction\",\"target\":{\"@type\":\"EntryPoint\",\"urlTemplate\":\"https:\/\/infoecos.com.ar\/?s={search_term_string}\"},\"query-input\":{\"@type\":\"PropertyValueSpecification\",\"valueRequired\":true,\"valueName\":\"search_term_string\"}}],\"inLanguage\":\"es\"},{\"@type\":\"Organization\",\"@id\":\"https:\/\/infoecos.com.ar\/#organization\",\"name\":\"Infoecos\",\"alternateName\":\"Noticias\",\"url\":\"https:\/\/infoecos.com.ar\/\",\"logo\":{\"@type\":\"ImageObject\",\"inLanguage\":\"es\",\"@id\":\"https:\/\/infoecos.com.ar\/#\/schema\/logo\/image\/\",\"url\":\"https:\/\/infoecos.com.ar\/wp-content\/uploads\/2024\/03\/cropped-logo.png\",\"contentUrl\":\"https:\/\/infoecos.com.ar\/wp-content\/uploads\/2024\/03\/cropped-logo.png\",\"width\":374,\"height\":90,\"caption\":\"Infoecos\"},\"image\":{\"@id\":\"https:\/\/infoecos.com.ar\/#\/schema\/logo\/image\/\"},\"sameAs\":[\"https:\/\/www.facebook.com\/profile.php?id=100063200290284\",\"https:\/\/x.com\/infoecos\"]},{\"@type\":\"Person\",\"@id\":\"https:\/\/infoecos.com.ar\/#\/schema\/person\/8f5ace5ce73b4b4aac4b7245aee6f191\",\"name\":\"Jorge Matheus\",\"url\":\"https:\/\/infoecos.com.ar\/index.php\/author\/jomatheus\/\"}]}<\/script>\n<!-- \/ Yoast SEO plugin. -->","yoast_head_json":{"title":"El Departamento Ejecutivo de Trenque Lauquen depositar\u00e1 los sueldos con un 25 % de aumento - Infoecos","robots":{"index":"index","follow":"follow","max-snippet":"max-snippet:-1","max-image-preview":"max-image-preview:large","max-video-preview":"max-video-preview:-1"},"canonical":"https:\/\/infoecos.com.ar\/index.php\/el-departamento-ejecutivo-de-trenque-lauquen-depositara-los-sueldos-con-un-25-de-aumento\/","og_locale":"es_ES","og_type":"article","og_title":"El Departamento Ejecutivo de Trenque Lauquen depositar\u00e1 los sueldos con un 25 % de aumento - Infoecos","og_description":"Al d\u00eda siguiente los fondos estar\u00e1n acreditados para su retiro.","og_url":"https:\/\/infoecos.com.ar\/index.php\/el-departamento-ejecutivo-de-trenque-lauquen-depositara-los-sueldos-con-un-25-de-aumento\/","og_site_name":"Infoecos","article_publisher":"https:\/\/www.facebook.com\/profile.php?id=100063200290284","article_published_time":"2023-09-27T16:12:09+00:00","article_modified_time":"2023-09-28T01:58:35+00:00","og_image":[{"width":400,"height":300,"url":"https:\/\/infoecos.com.ar\/wp-content\/uploads\/fd6deb3c-9218-4816-b243-9c2ad36be305-e1504233504477.jpg","type":"image\/jpeg"}],"author":"Jorge Matheus","twitter_card":"summary_large_image","twitter_creator":"@infoecos","twitter_site":"@infoecos","twitter_misc":{"Escrito por":"Jorge Matheus","Tiempo de lectura":"2 minutos"},"schema":{"@context":"https:\/\/schema.org","@graph":[{"@type":"Article","@id":"https:\/\/infoecos.com.ar\/index.php\/el-departamento-ejecutivo-de-trenque-lauquen-depositara-los-sueldos-con-un-25-de-aumento\/#article","isPartOf":{"@id":"https:\/\/infoecos.com.ar\/index.php\/el-departamento-ejecutivo-de-trenque-lauquen-depositara-los-sueldos-con-un-25-de-aumento\/"},"author":{"name":"Jorge Matheus","@id":"https:\/\/infoecos.com.ar\/#\/schema\/person\/8f5ace5ce73b4b4aac4b7245aee6f191"},"headline":"El Departamento Ejecutivo de Trenque Lauquen depositar\u00e1 los sueldos con un 25 % de aumento","datePublished":"2023-09-27T16:12:09+00:00","dateModified":"2023-09-28T01:58:35+00:00","mainEntityOfPage":{"@id":"https:\/\/infoecos.com.ar\/index.php\/el-departamento-ejecutivo-de-trenque-lauquen-depositara-los-sueldos-con-un-25-de-aumento\/"},"wordCount":223,"publisher":{"@id":"https:\/\/infoecos.com.ar\/#organization"},"image":{"@id":"https:\/\/infoecos.com.ar\/index.php\/el-departamento-ejecutivo-de-trenque-lauquen-depositara-los-sueldos-con-un-25-de-aumento\/#primaryimage"},"thumbnailUrl":"","keywords":["este jueves (oficial del municipio)"],"articleSection":["C1 N1"],"inLanguage":"es"},{"@type":"WebPage","@id":"https:\/\/infoecos.com.ar\/index.php\/el-departamento-ejecutivo-de-trenque-lauquen-depositara-los-sueldos-con-un-25-de-aumento\/","url":"https:\/\/infoecos.com.ar\/index.php\/el-departamento-ejecutivo-de-trenque-lauquen-depositara-los-sueldos-con-un-25-de-aumento\/","name":"El Departamento Ejecutivo de Trenque Lauquen depositar\u00e1 los sueldos con un 25 % de aumento - Infoecos","isPartOf":{"@id":"https:\/\/infoecos.com.ar\/#website"},"primaryImageOfPage":{"@id":"https:\/\/infoecos.com.ar\/index.php\/el-departamento-ejecutivo-de-trenque-lauquen-depositara-los-sueldos-con-un-25-de-aumento\/#primaryimage"},"image":{"@id":"https:\/\/infoecos.com.ar\/index.php\/el-departamento-ejecutivo-de-trenque-lauquen-depositara-los-sueldos-con-un-25-de-aumento\/#primaryimage"},"thumbnailUrl":"","datePublished":"2023-09-27T16:12:09+00:00","dateModified":"2023-09-28T01:58:35+00:00","breadcrumb":{"@id":"https:\/\/infoecos.com.ar\/index.php\/el-departamento-ejecutivo-de-trenque-lauquen-depositara-los-sueldos-con-un-25-de-aumento\/#breadcrumb"},"inLanguage":"es","potentialAction":[{"@type":"ReadAction","target":["https:\/\/infoecos.com.ar\/index.php\/el-departamento-ejecutivo-de-trenque-lauquen-depositara-los-sueldos-con-un-25-de-aumento\/"]}]},{"@type":"ImageObject","inLanguage":"es","@id":"https:\/\/infoecos.com.ar\/index.php\/el-departamento-ejecutivo-de-trenque-lauquen-depositara-los-sueldos-con-un-25-de-aumento\/#primaryimage","url":"","contentUrl":""},{"@type":"BreadcrumbList","@id":"https:\/\/infoecos.com.ar\/index.php\/el-departamento-ejecutivo-de-trenque-lauquen-depositara-los-sueldos-con-un-25-de-aumento\/#breadcrumb","itemListElement":[{"@type":"ListItem","position":1,"name":"Portada","item":"https:\/\/infoecos.com.ar\/"},{"@type":"ListItem","position":2,"name":"El Departamento Ejecutivo de Trenque Lauquen depositar\u00e1 los sueldos con un 25 % de aumento"}]},{"@type":"WebSite","@id":"https:\/\/infoecos.com.ar\/#website","url":"https:\/\/infoecos.com.ar\/","name":"Infoecos","description":"Noticias de trenque lauquen y la zona","publisher":{"@id":"https:\/\/infoecos.com.ar\/#organization"},"alternateName":"Noticias","potentialAction":[{"@type":"SearchAction","target":{"@type":"EntryPoint","urlTemplate":"https:\/\/infoecos.com.ar\/?s={search_term_string}"},"query-input":{"@type":"PropertyValueSpecification","valueRequired":true,"valueName":"search_term_string"}}],"inLanguage":"es"},{"@type":"Organization","@id":"https:\/\/infoecos.com.ar\/#organization","name":"Infoecos","alternateName":"Noticias","url":"https:\/\/infoecos.com.ar\/","logo":{"@type":"ImageObject","inLanguage":"es","@id":"https:\/\/infoecos.com.ar\/#\/schema\/logo\/image\/","url":"https:\/\/infoecos.com.ar\/wp-content\/uploads\/2024\/03\/cropped-logo.png","contentUrl":"https:\/\/infoecos.com.ar\/wp-content\/uploads\/2024\/03\/cropped-logo.png","width":374,"height":90,"caption":"Infoecos"},"image":{"@id":"https:\/\/infoecos.com.ar\/#\/schema\/logo\/image\/"},"sameAs":["https:\/\/www.facebook.com\/profile.php?id=100063200290284","https:\/\/x.com\/infoecos"]},{"@type":"Person","@id":"https:\/\/infoecos.com.ar\/#\/schema\/person\/8f5ace5ce73b4b4aac4b7245aee6f191","name":"Jorge Matheus","url":"https:\/\/infoecos.com.ar\/index.php\/author\/jomatheus\/"}]}},"featured_image_urls":{"full":"","thumbnail":"","medium":"","medium_large":"","large":"","1536x1536":"","2048x2048":"","covernews-slider-full":"","covernews-slider-center":"","covernews-featured":"","covernews-medium":"","covernews-medium-square":""},"author_info":{"info":["Jorge Matheus"]},"category_info":"<a href=\"https:\/\/infoecos.com.ar\/index.php\/category\/c1nota1\/\" rel=\"category tag\">C1 N1<\/a>","tag_info":"C1 N1","comment_count":"0","_links":{"self":[{"href":"https:\/\/infoecos.com.ar\/index.php\/wp-json\/wp\/v2\/posts\/113116"}],"collection":[{"href":"https:\/\/infoecos.com.ar\/index.php\/wp-json\/wp\/v2\/posts"}],"about":[{"href":"https:\/\/infoecos.com.ar\/index.php\/wp-json\/wp\/v2\/types\/post"}],"author":[{"embeddable":true,"href":"https:\/\/infoecos.com.ar\/index.php\/wp-json\/wp\/v2\/users\/2"}],"replies":[{"embeddable":true,"href":"https:\/\/infoecos.com.ar\/index.php\/wp-json\/wp\/v2\/comments?post=113116"}],"version-history":[{"count":1,"href":"https:\/\/infoecos.com.ar\/index.php\/wp-json\/wp\/v2\/posts\/113116\/revisions"}],"predecessor-version":[{"id":113117,"href":"https:\/\/infoecos.com.ar\/index.php\/wp-json\/wp\/v2\/posts\/113116\/revisions\/113117"}],"wp:featuredmedia":[{"embeddable":true,"href":"https:\/\/infoecos.com.ar\/index.php\/wp-json\/"}],"wp:attachment":[{"href":"https:\/\/infoecos.com.ar\/index.php\/wp-json\/wp\/v2\/media?parent=113116"}],"wp:term":[{"taxonomy":"category","embeddable":true,"href":"https:\/\/infoecos.com.ar\/index.php\/wp-json\/wp\/v2\/categories?post=113116"},{"taxonomy":"post_tag","embeddable":true,"href":"https:\/\/infoecos.com.ar\/index.php\/wp-json\/wp\/v2\/tags?post=113116"}],"curies":[{"name":"wp","href":"https:\/\/api.w.org\/{rel}","templated":true}]}}