{"id":113143,"date":"2023-09-28T00:42:26","date_gmt":"2023-09-28T03:42:26","guid":{"rendered":"https:\/\/infoecos.com.ar\/?p=113143"},"modified":"2023-09-30T02:57:59","modified_gmt":"2023-09-30T05:57:59","slug":"kicillof-trazo-un-panorama-de-lo-realizado-en-politica-agropecuaria-durante-su-gestion","status":"publish","type":"post","link":"https:\/\/infoecos.com.ar\/index.php\/kicillof-trazo-un-panorama-de-lo-realizado-en-politica-agropecuaria-durante-su-gestion\/","title":{"rendered":"Kicillof traz\u00f3 un panorama de lo realizado en pol\u00edtica agropecuaria durante su gesti\u00f3n"},"content":{"rendered":"\n<p>El gobernador de la provincia de Buenos Aires, Axel Kicillof, al participar este mi\u00e9rcoles de la 8\u00b0 Agro Jornada Pol\u00edtica de la Confederaci\u00f3n de Asociaciones Rurales de Buenos Aires y La Pampa (CARBAP). destac\u00f3 que \u201cla pol\u00edtica de cara al sector agropecuario ha sido transversal a todas las \u00e1reas de nuestro Gobierno, ya que apuntamos a promover tanto la producci\u00f3n y el trabajo como mejores condiciones de vida en todas las localidades del interior de la provincia\u201d.<\/p>\n\n\n\n<figure class=\"wp-block-image alignright size-full is-resized\"><img loading=\"lazy\" decoding=\"async\" src=\"https:\/\/infoecos.com.ar\/wp-content\/uploads\/2023\/09\/kicillofencarbap.jpeg\" alt=\"\" class=\"wp-image-113144\" width=\"440\" height=\"330\"\/><figcaption class=\"wp-element-caption\">Kicillof en CARBAP<\/figcaption><\/figure>\n\n\n\n<p>El mandatario bonaerense se refiri\u00f3 a la asistencia frente a la sequ\u00eda, que alcanz\u00f3 a m\u00e1s de $25 mil millones en cr\u00e9ditos a productores afectados; a los resultados del Plan Ganadero Bonaerense y del Plan de Desarrollo para el Sudoeste Bonaerense; la inversi\u00f3n en materia de innovaci\u00f3n tecnol\u00f3gica en chacras experimentales y buenas pr\u00e1cticas agr\u00edcolas; y la creaci\u00f3n de centros universitarios en localidades del interior a trav\u00e9s del programa Puentes.<\/p>\n\n\n\n<p>\u201cRecuperamos al Banco de la Provincia de Buenos Aires para que, despu\u00e9s de cuatro a\u00f1os volcado a la especulaci\u00f3n, vuelva a estar al servicio de la producci\u00f3n: llegamos a otorgar ya $2 billones en cr\u00e9ditos productivos\u201d, expres\u00f3 Kicillof, en tanto que ponder\u00f3 \u201cla puesta en marcha de Cuenta DNI, que aplica reintegros para la compra de bienes que tambi\u00e9n se producen en el sector agropecuario y de esta manera contribuye al fortalecimiento del mercado interno\u201d.<\/p>\n\n\n\n<p>En materia de infraestructura, el Gobernador destac\u00f3 \u201cel avance hist\u00f3rico en la obra de dragado del R\u00edo Salado: recuperamos los cr\u00e9ditos internacionales que hab\u00eda perdido el gobierno anterior y, en cuatro a\u00f1os signados por las dificultades de la pandemia y la sequ\u00eda, dragamos 134 kil\u00f3metros\u201d. \u201cAdem\u00e1s, por primera vez el Gobierno provincial abord\u00f3 la problem\u00e1tica de los caminos rurales: invertimos $32 mil millones para mejorar 4.500 kil\u00f3metros que facilitan los accesos a tambos, escuelas rurales y parajes\u201d, detall\u00f3.<\/p>\n\n\n\n<figure class=\"wp-block-image alignright size-full is-resized\"><img loading=\"lazy\" decoding=\"async\" src=\"https:\/\/infoecos.com.ar\/wp-content\/uploads\/2023\/09\/kicillofencarbap1.jpg\" alt=\"\" class=\"wp-image-113145\" width=\"423\" height=\"282\" srcset=\"https:\/\/infoecos.com.ar\/wp-content\/uploads\/2023\/09\/kicillofencarbap1.jpg 768w, https:\/\/infoecos.com.ar\/wp-content\/uploads\/2023\/09\/kicillofencarbap1-675x450.jpg 675w\" sizes=\"(max-width: 423px) 100vw, 423px\" \/><figcaption class=\"wp-element-caption\">Kicillof en CARBAP<\/figcaption><\/figure>\n\n\n\n<p>Respecto de la seguridad en \u00e1mbitos rurales, resalt\u00f3 que \u201crenovamos por completo el parque automotor con camionetas 4\u00d74 y creamos el cuerpo de Polic\u00eda Rural, que ya cuenta con mil agentes formados especialmente para combatir delitos espec\u00edficos de la ruralidad\u201d, al tiempo que subray\u00f3 que \u201cpresentamos 10 drones para el patrullaje a\u00e9reo y transformamos el sistema de 911 para que las llamadas puedan ser geolocalizadas\u201d.<\/p>\n\n\n\n<p>Por \u00faltimo, Kicillof resalt\u00f3 que \u201clo que hicimos en estos cuatro a\u00f1os lo llevamos adelante porque no soy el Gobernador de un sector, soy un Gobernador que est\u00e1 al servicio del bienestar de 17 millones de bonaerenses y de la producci\u00f3n en todas sus formas\u201d. \u201cFrente a las dificultades, no podemos caer en las soluciones m\u00e1gicas que proponen los sectores que lo primero que hacen es ajustar las pol\u00edticas que benefician al interior: necesitamos m\u00e1s inversi\u00f3n de un Estado presente que, en articulaci\u00f3n con el sector privado, promueva el desarrollo productivo en toda la provincia de Buenos Aires\u201d, concluy\u00f3.<\/p>\n","protected":false},"excerpt":{"rendered":"<p>Destac\u00f3 que \u201cla pol\u00edtica de cara al sector agropecuario ha sido transversal a todas las \u00e1reas de nuestro Gobierno, ya que apuntamos a promover tanto la producci\u00f3n y el trabajo como mejores condiciones de vida en todas las localidades del interior de la provincia\u201d<\/p>\n","protected":false},"author":2,"featured_media":113144,"comment_status":"closed","ping_status":"open","sticky":false,"template":"","format":"standard","meta":{"footnotes":""},"categories":[44],"tags":[9274],"class_list":["post-113143","post","type-post","status-publish","format-standard","has-post-thumbnail","hentry","category-inferior5","tag-el-gobernador-en-carbap"],"yoast_head":"<!-- This site is optimized with the Yoast SEO plugin v23.4 - https:\/\/yoast.com\/wordpress\/plugins\/seo\/ -->\n<title>Kicillof traz\u00f3 un panorama de lo realizado en pol\u00edtica agropecuaria durante su gesti\u00f3n - Infoecos<\/title>\n<meta name=\"robots\" content=\"index, follow, max-snippet:-1, max-image-preview:large, max-video-preview:-1\" \/>\n<link rel=\"canonical\" href=\"https:\/\/infoecos.com.ar\/index.php\/kicillof-trazo-un-panorama-de-lo-realizado-en-politica-agropecuaria-durante-su-gestion\/\" \/>\n<meta property=\"og:locale\" content=\"es_ES\" \/>\n<meta property=\"og:type\" content=\"article\" \/>\n<meta property=\"og:title\" content=\"Kicillof traz\u00f3 un panorama de lo realizado en pol\u00edtica agropecuaria durante su gesti\u00f3n - Infoecos\" \/>\n<meta property=\"og:description\" content=\"Destac\u00f3 que \u201cla pol\u00edtica de cara al sector agropecuario ha sido transversal a todas las \u00e1reas de nuestro Gobierno, ya que apuntamos a promover tanto la producci\u00f3n y el trabajo como mejores condiciones de vida en todas las localidades del interior de la provincia\u201d\" \/>\n<meta property=\"og:url\" content=\"https:\/\/infoecos.com.ar\/index.php\/kicillof-trazo-un-panorama-de-lo-realizado-en-politica-agropecuaria-durante-su-gestion\/\" \/>\n<meta property=\"og:site_name\" content=\"Infoecos\" \/>\n<meta property=\"article:publisher\" content=\"https:\/\/www.facebook.com\/profile.php?id=100063200290284\" \/>\n<meta property=\"article:published_time\" content=\"2023-09-28T03:42:26+00:00\" \/>\n<meta property=\"article:modified_time\" content=\"2023-09-30T05:57:59+00:00\" \/>\n<meta property=\"og:image\" content=\"https:\/\/infoecos.com.ar\/wp-content\/uploads\/2023\/09\/kicillofencarbap.jpeg\" \/>\n\t<meta property=\"og:image:width\" content=\"768\" \/>\n\t<meta property=\"og:image:height\" content=\"576\" \/>\n\t<meta property=\"og:image:type\" content=\"image\/jpeg\" \/>\n<meta name=\"author\" content=\"Jorge Matheus\" \/>\n<meta name=\"twitter:card\" content=\"summary_large_image\" \/>\n<meta name=\"twitter:creator\" content=\"@infoecos\" \/>\n<meta name=\"twitter:site\" content=\"@infoecos\" \/>\n<meta name=\"twitter:label1\" content=\"Escrito por\" \/>\n\t<meta name=\"twitter:data1\" content=\"Jorge Matheus\" \/>\n\t<meta name=\"twitter:label2\" content=\"Tiempo de lectura\" \/>\n\t<meta name=\"twitter:data2\" content=\"3 minutos\" \/>\n<script type=\"application\/ld+json\" class=\"yoast-schema-graph\">{\"@context\":\"https:\/\/schema.org\",\"@graph\":[{\"@type\":\"Article\",\"@id\":\"https:\/\/infoecos.com.ar\/index.php\/kicillof-trazo-un-panorama-de-lo-realizado-en-politica-agropecuaria-durante-su-gestion\/#article\",\"isPartOf\":{\"@id\":\"https:\/\/infoecos.com.ar\/index.php\/kicillof-trazo-un-panorama-de-lo-realizado-en-politica-agropecuaria-durante-su-gestion\/\"},\"author\":{\"name\":\"Jorge Matheus\",\"@id\":\"https:\/\/infoecos.com.ar\/#\/schema\/person\/8f5ace5ce73b4b4aac4b7245aee6f191\"},\"headline\":\"Kicillof traz\u00f3 un panorama de lo realizado en pol\u00edtica agropecuaria durante su gesti\u00f3n\",\"datePublished\":\"2023-09-28T03:42:26+00:00\",\"dateModified\":\"2023-09-30T05:57:59+00:00\",\"mainEntityOfPage\":{\"@id\":\"https:\/\/infoecos.com.ar\/index.php\/kicillof-trazo-un-panorama-de-lo-realizado-en-politica-agropecuaria-durante-su-gestion\/\"},\"wordCount\":516,\"publisher\":{\"@id\":\"https:\/\/infoecos.com.ar\/#organization\"},\"image\":{\"@id\":\"https:\/\/infoecos.com.ar\/index.php\/kicillof-trazo-un-panorama-de-lo-realizado-en-politica-agropecuaria-durante-su-gestion\/#primaryimage\"},\"thumbnailUrl\":\"https:\/\/infoecos.com.ar\/wp-content\/uploads\/2023\/09\/kicillofencarbap.jpeg\",\"keywords\":[\"EL GOBERNADOR EN CARBAP\"],\"articleSection\":[\"Bloque inferior - 5\"],\"inLanguage\":\"es\"},{\"@type\":\"WebPage\",\"@id\":\"https:\/\/infoecos.com.ar\/index.php\/kicillof-trazo-un-panorama-de-lo-realizado-en-politica-agropecuaria-durante-su-gestion\/\",\"url\":\"https:\/\/infoecos.com.ar\/index.php\/kicillof-trazo-un-panorama-de-lo-realizado-en-politica-agropecuaria-durante-su-gestion\/\",\"name\":\"Kicillof traz\u00f3 un panorama de lo realizado en pol\u00edtica agropecuaria durante su gesti\u00f3n - Infoecos\",\"isPartOf\":{\"@id\":\"https:\/\/infoecos.com.ar\/#website\"},\"primaryImageOfPage\":{\"@id\":\"https:\/\/infoecos.com.ar\/index.php\/kicillof-trazo-un-panorama-de-lo-realizado-en-politica-agropecuaria-durante-su-gestion\/#primaryimage\"},\"image\":{\"@id\":\"https:\/\/infoecos.com.ar\/index.php\/kicillof-trazo-un-panorama-de-lo-realizado-en-politica-agropecuaria-durante-su-gestion\/#primaryimage\"},\"thumbnailUrl\":\"https:\/\/infoecos.com.ar\/wp-content\/uploads\/2023\/09\/kicillofencarbap.jpeg\",\"datePublished\":\"2023-09-28T03:42:26+00:00\",\"dateModified\":\"2023-09-30T05:57:59+00:00\",\"breadcrumb\":{\"@id\":\"https:\/\/infoecos.com.ar\/index.php\/kicillof-trazo-un-panorama-de-lo-realizado-en-politica-agropecuaria-durante-su-gestion\/#breadcrumb\"},\"inLanguage\":\"es\",\"potentialAction\":[{\"@type\":\"ReadAction\",\"target\":[\"https:\/\/infoecos.com.ar\/index.php\/kicillof-trazo-un-panorama-de-lo-realizado-en-politica-agropecuaria-durante-su-gestion\/\"]}]},{\"@type\":\"ImageObject\",\"inLanguage\":\"es\",\"@id\":\"https:\/\/infoecos.com.ar\/index.php\/kicillof-trazo-un-panorama-de-lo-realizado-en-politica-agropecuaria-durante-su-gestion\/#primaryimage\",\"url\":\"https:\/\/infoecos.com.ar\/wp-content\/uploads\/2023\/09\/kicillofencarbap.jpeg\",\"contentUrl\":\"https:\/\/infoecos.com.ar\/wp-content\/uploads\/2023\/09\/kicillofencarbap.jpeg\",\"width\":768,\"height\":576},{\"@type\":\"BreadcrumbList\",\"@id\":\"https:\/\/infoecos.com.ar\/index.php\/kicillof-trazo-un-panorama-de-lo-realizado-en-politica-agropecuaria-durante-su-gestion\/#breadcrumb\",\"itemListElement\":[{\"@type\":\"ListItem\",\"position\":1,\"name\":\"Portada\",\"item\":\"https:\/\/infoecos.com.ar\/\"},{\"@type\":\"ListItem\",\"position\":2,\"name\":\"Kicillof traz\u00f3 un panorama de lo realizado en pol\u00edtica agropecuaria durante su gesti\u00f3n\"}]},{\"@type\":\"WebSite\",\"@id\":\"https:\/\/infoecos.com.ar\/#website\",\"url\":\"https:\/\/infoecos.com.ar\/\",\"name\":\"Infoecos\",\"description\":\"Noticias de trenque lauquen y la zona\",\"publisher\":{\"@id\":\"https:\/\/infoecos.com.ar\/#organization\"},\"alternateName\":\"Noticias\",\"potentialAction\":[{\"@type\":\"SearchAction\",\"target\":{\"@type\":\"EntryPoint\",\"urlTemplate\":\"https:\/\/infoecos.com.ar\/?s={search_term_string}\"},\"query-input\":{\"@type\":\"PropertyValueSpecification\",\"valueRequired\":true,\"valueName\":\"search_term_string\"}}],\"inLanguage\":\"es\"},{\"@type\":\"Organization\",\"@id\":\"https:\/\/infoecos.com.ar\/#organization\",\"name\":\"Infoecos\",\"alternateName\":\"Noticias\",\"url\":\"https:\/\/infoecos.com.ar\/\",\"logo\":{\"@type\":\"ImageObject\",\"inLanguage\":\"es\",\"@id\":\"https:\/\/infoecos.com.ar\/#\/schema\/logo\/image\/\",\"url\":\"https:\/\/infoecos.com.ar\/wp-content\/uploads\/2024\/03\/cropped-logo.png\",\"contentUrl\":\"https:\/\/infoecos.com.ar\/wp-content\/uploads\/2024\/03\/cropped-logo.png\",\"width\":374,\"height\":90,\"caption\":\"Infoecos\"},\"image\":{\"@id\":\"https:\/\/infoecos.com.ar\/#\/schema\/logo\/image\/\"},\"sameAs\":[\"https:\/\/www.facebook.com\/profile.php?id=100063200290284\",\"https:\/\/x.com\/infoecos\"]},{\"@type\":\"Person\",\"@id\":\"https:\/\/infoecos.com.ar\/#\/schema\/person\/8f5ace5ce73b4b4aac4b7245aee6f191\",\"name\":\"Jorge Matheus\",\"url\":\"https:\/\/infoecos.com.ar\/index.php\/author\/jomatheus\/\"}]}<\/script>\n<!-- \/ Yoast SEO plugin. -->","yoast_head_json":{"title":"Kicillof traz\u00f3 un panorama de lo realizado en pol\u00edtica agropecuaria durante su gesti\u00f3n - Infoecos","robots":{"index":"index","follow":"follow","max-snippet":"max-snippet:-1","max-image-preview":"max-image-preview:large","max-video-preview":"max-video-preview:-1"},"canonical":"https:\/\/infoecos.com.ar\/index.php\/kicillof-trazo-un-panorama-de-lo-realizado-en-politica-agropecuaria-durante-su-gestion\/","og_locale":"es_ES","og_type":"article","og_title":"Kicillof traz\u00f3 un panorama de lo realizado en pol\u00edtica agropecuaria durante su gesti\u00f3n - Infoecos","og_description":"Destac\u00f3 que \u201cla pol\u00edtica de cara al sector agropecuario ha sido transversal a todas las \u00e1reas de nuestro Gobierno, ya que apuntamos a promover tanto la producci\u00f3n y el trabajo como mejores condiciones de vida en todas las localidades del interior de la provincia\u201d","og_url":"https:\/\/infoecos.com.ar\/index.php\/kicillof-trazo-un-panorama-de-lo-realizado-en-politica-agropecuaria-durante-su-gestion\/","og_site_name":"Infoecos","article_publisher":"https:\/\/www.facebook.com\/profile.php?id=100063200290284","article_published_time":"2023-09-28T03:42:26+00:00","article_modified_time":"2023-09-30T05:57:59+00:00","og_image":[{"width":768,"height":576,"url":"https:\/\/infoecos.com.ar\/wp-content\/uploads\/2023\/09\/kicillofencarbap.jpeg","type":"image\/jpeg"}],"author":"Jorge Matheus","twitter_card":"summary_large_image","twitter_creator":"@infoecos","twitter_site":"@infoecos","twitter_misc":{"Escrito por":"Jorge Matheus","Tiempo de lectura":"3 minutos"},"schema":{"@context":"https:\/\/schema.org","@graph":[{"@type":"Article","@id":"https:\/\/infoecos.com.ar\/index.php\/kicillof-trazo-un-panorama-de-lo-realizado-en-politica-agropecuaria-durante-su-gestion\/#article","isPartOf":{"@id":"https:\/\/infoecos.com.ar\/index.php\/kicillof-trazo-un-panorama-de-lo-realizado-en-politica-agropecuaria-durante-su-gestion\/"},"author":{"name":"Jorge Matheus","@id":"https:\/\/infoecos.com.ar\/#\/schema\/person\/8f5ace5ce73b4b4aac4b7245aee6f191"},"headline":"Kicillof traz\u00f3 un panorama de lo realizado en pol\u00edtica agropecuaria durante su gesti\u00f3n","datePublished":"2023-09-28T03:42:26+00:00","dateModified":"2023-09-30T05:57:59+00:00","mainEntityOfPage":{"@id":"https:\/\/infoecos.com.ar\/index.php\/kicillof-trazo-un-panorama-de-lo-realizado-en-politica-agropecuaria-durante-su-gestion\/"},"wordCount":516,"publisher":{"@id":"https:\/\/infoecos.com.ar\/#organization"},"image":{"@id":"https:\/\/infoecos.com.ar\/index.php\/kicillof-trazo-un-panorama-de-lo-realizado-en-politica-agropecuaria-durante-su-gestion\/#primaryimage"},"thumbnailUrl":"https:\/\/infoecos.com.ar\/wp-content\/uploads\/2023\/09\/kicillofencarbap.jpeg","keywords":["EL GOBERNADOR EN CARBAP"],"articleSection":["Bloque inferior - 5"],"inLanguage":"es"},{"@type":"WebPage","@id":"https:\/\/infoecos.com.ar\/index.php\/kicillof-trazo-un-panorama-de-lo-realizado-en-politica-agropecuaria-durante-su-gestion\/","url":"https:\/\/infoecos.com.ar\/index.php\/kicillof-trazo-un-panorama-de-lo-realizado-en-politica-agropecuaria-durante-su-gestion\/","name":"Kicillof traz\u00f3 un panorama de lo realizado en pol\u00edtica agropecuaria durante su gesti\u00f3n - Infoecos","isPartOf":{"@id":"https:\/\/infoecos.com.ar\/#website"},"primaryImageOfPage":{"@id":"https:\/\/infoecos.com.ar\/index.php\/kicillof-trazo-un-panorama-de-lo-realizado-en-politica-agropecuaria-durante-su-gestion\/#primaryimage"},"image":{"@id":"https:\/\/infoecos.com.ar\/index.php\/kicillof-trazo-un-panorama-de-lo-realizado-en-politica-agropecuaria-durante-su-gestion\/#primaryimage"},"thumbnailUrl":"https:\/\/infoecos.com.ar\/wp-content\/uploads\/2023\/09\/kicillofencarbap.jpeg","datePublished":"2023-09-28T03:42:26+00:00","dateModified":"2023-09-30T05:57:59+00:00","breadcrumb":{"@id":"https:\/\/infoecos.com.ar\/index.php\/kicillof-trazo-un-panorama-de-lo-realizado-en-politica-agropecuaria-durante-su-gestion\/#breadcrumb"},"inLanguage":"es","potentialAction":[{"@type":"ReadAction","target":["https:\/\/infoecos.com.ar\/index.php\/kicillof-trazo-un-panorama-de-lo-realizado-en-politica-agropecuaria-durante-su-gestion\/"]}]},{"@type":"ImageObject","inLanguage":"es","@id":"https:\/\/infoecos.com.ar\/index.php\/kicillof-trazo-un-panorama-de-lo-realizado-en-politica-agropecuaria-durante-su-gestion\/#primaryimage","url":"https:\/\/infoecos.com.ar\/wp-content\/uploads\/2023\/09\/kicillofencarbap.jpeg","contentUrl":"https:\/\/infoecos.com.ar\/wp-content\/uploads\/2023\/09\/kicillofencarbap.jpeg","width":768,"height":576},{"@type":"BreadcrumbList","@id":"https:\/\/infoecos.com.ar\/index.php\/kicillof-trazo-un-panorama-de-lo-realizado-en-politica-agropecuaria-durante-su-gestion\/#breadcrumb","itemListElement":[{"@type":"ListItem","position":1,"name":"Portada","item":"https:\/\/infoecos.com.ar\/"},{"@type":"ListItem","position":2,"name":"Kicillof traz\u00f3 un panorama de lo realizado en pol\u00edtica agropecuaria durante su gesti\u00f3n"}]},{"@type":"WebSite","@id":"https:\/\/infoecos.com.ar\/#website","url":"https:\/\/infoecos.com.ar\/","name":"Infoecos","description":"Noticias de trenque lauquen y la zona","publisher":{"@id":"https:\/\/infoecos.com.ar\/#organization"},"alternateName":"Noticias","potentialAction":[{"@type":"SearchAction","target":{"@type":"EntryPoint","urlTemplate":"https:\/\/infoecos.com.ar\/?s={search_term_string}"},"query-input":{"@type":"PropertyValueSpecification","valueRequired":true,"valueName":"search_term_string"}}],"inLanguage":"es"},{"@type":"Organization","@id":"https:\/\/infoecos.com.ar\/#organization","name":"Infoecos","alternateName":"Noticias","url":"https:\/\/infoecos.com.ar\/","logo":{"@type":"ImageObject","inLanguage":"es","@id":"https:\/\/infoecos.com.ar\/#\/schema\/logo\/image\/","url":"https:\/\/infoecos.com.ar\/wp-content\/uploads\/2024\/03\/cropped-logo.png","contentUrl":"https:\/\/infoecos.com.ar\/wp-content\/uploads\/2024\/03\/cropped-logo.png","width":374,"height":90,"caption":"Infoecos"},"image":{"@id":"https:\/\/infoecos.com.ar\/#\/schema\/logo\/image\/"},"sameAs":["https:\/\/www.facebook.com\/profile.php?id=100063200290284","https:\/\/x.com\/infoecos"]},{"@type":"Person","@id":"https:\/\/infoecos.com.ar\/#\/schema\/person\/8f5ace5ce73b4b4aac4b7245aee6f191","name":"Jorge Matheus","url":"https:\/\/infoecos.com.ar\/index.php\/author\/jomatheus\/"}]}},"featured_image_urls":{"full":["https:\/\/infoecos.com.ar\/wp-content\/uploads\/2023\/09\/kicillofencarbap.jpeg",768,576,false],"thumbnail":["https:\/\/infoecos.com.ar\/wp-content\/uploads\/2023\/09\/kicillofencarbap-300x150.jpeg",300,150,true],"medium":["https:\/\/infoecos.com.ar\/wp-content\/uploads\/2023\/09\/kicillofencarbap.jpeg",768,576,false],"medium_large":["https:\/\/infoecos.com.ar\/wp-content\/uploads\/2023\/09\/kicillofencarbap.jpeg",640,480,false],"large":["https:\/\/infoecos.com.ar\/wp-content\/uploads\/2023\/09\/kicillofencarbap.jpeg",640,480,false],"1536x1536":["https:\/\/infoecos.com.ar\/wp-content\/uploads\/2023\/09\/kicillofencarbap.jpeg",768,576,false],"2048x2048":["https:\/\/infoecos.com.ar\/wp-content\/uploads\/2023\/09\/kicillofencarbap.jpeg",768,576,false],"covernews-slider-full":["https:\/\/infoecos.com.ar\/wp-content\/uploads\/2023\/09\/kicillofencarbap.jpeg",768,576,false],"covernews-slider-center":["https:\/\/infoecos.com.ar\/wp-content\/uploads\/2023\/09\/kicillofencarbap.jpeg",667,500,false],"covernews-featured":["https:\/\/infoecos.com.ar\/wp-content\/uploads\/2023\/09\/kicillofencarbap.jpeg",768,576,false],"covernews-medium":["https:\/\/infoecos.com.ar\/wp-content\/uploads\/2023\/09\/kicillofencarbap-720x380.jpeg",540,285,true],"covernews-medium-square":["https:\/\/infoecos.com.ar\/wp-content\/uploads\/2023\/09\/kicillofencarbap-675x450.jpeg",375,250,true]},"author_info":{"info":["Jorge Matheus"]},"category_info":"<a href=\"https:\/\/infoecos.com.ar\/index.php\/category\/inferior5\/\" rel=\"category tag\">Bloque inferior - 5<\/a>","tag_info":"Bloque inferior - 5","comment_count":"0","_links":{"self":[{"href":"https:\/\/infoecos.com.ar\/index.php\/wp-json\/wp\/v2\/posts\/113143"}],"collection":[{"href":"https:\/\/infoecos.com.ar\/index.php\/wp-json\/wp\/v2\/posts"}],"about":[{"href":"https:\/\/infoecos.com.ar\/index.php\/wp-json\/wp\/v2\/types\/post"}],"author":[{"embeddable":true,"href":"https:\/\/infoecos.com.ar\/index.php\/wp-json\/wp\/v2\/users\/2"}],"replies":[{"embeddable":true,"href":"https:\/\/infoecos.com.ar\/index.php\/wp-json\/wp\/v2\/comments?post=113143"}],"version-history":[{"count":2,"href":"https:\/\/infoecos.com.ar\/index.php\/wp-json\/wp\/v2\/posts\/113143\/revisions"}],"predecessor-version":[{"id":113147,"href":"https:\/\/infoecos.com.ar\/index.php\/wp-json\/wp\/v2\/posts\/113143\/revisions\/113147"}],"wp:featuredmedia":[{"embeddable":true,"href":"https:\/\/infoecos.com.ar\/index.php\/wp-json\/wp\/v2\/media\/113144"}],"wp:attachment":[{"href":"https:\/\/infoecos.com.ar\/index.php\/wp-json\/wp\/v2\/media?parent=113143"}],"wp:term":[{"taxonomy":"category","embeddable":true,"href":"https:\/\/infoecos.com.ar\/index.php\/wp-json\/wp\/v2\/categories?post=113143"},{"taxonomy":"post_tag","embeddable":true,"href":"https:\/\/infoecos.com.ar\/index.php\/wp-json\/wp\/v2\/tags?post=113143"}],"curies":[{"name":"wp","href":"https:\/\/api.w.org\/{rel}","templated":true}]}}