{"id":113154,"date":"2023-09-28T01:09:31","date_gmt":"2023-09-28T04:09:31","guid":{"rendered":"https:\/\/infoecos.com.ar\/?p=113154"},"modified":"2023-10-02T01:58:46","modified_gmt":"2023-10-02T04:58:46","slug":"femeba-exige-recibir-similar-trato-impositivo-al-de-quienes-estan-en-relacion-de-dependencia","status":"publish","type":"post","link":"https:\/\/infoecos.com.ar\/index.php\/femeba-exige-recibir-similar-trato-impositivo-al-de-quienes-estan-en-relacion-de-dependencia\/","title":{"rendered":"FEMEBA exige \u00abrecibir similar trato impositivo al de quienes est\u00e1n en relaci\u00f3n de dependencia\u00bb"},"content":{"rendered":"\n<p>La Federaci\u00f3n M\u00e9dica de la Provincia de Buenos Aires (FEMEBA) reclama ser incluidos en la reducci\u00f3n del impuesto a las ganancias. Por ese motivo, emitieron un comunicado explicando su disgusto con el Gobierno Nacional.<\/p>\n\n\n\n<figure class=\"wp-block-image alignright size-full is-resized\"><img loading=\"lazy\" decoding=\"async\" src=\"https:\/\/infoecos.com.ar\/wp-content\/uploads\/2023\/09\/image-147.png\" alt=\"\" class=\"wp-image-113155\" width=\"392\" height=\"228\" srcset=\"https:\/\/infoecos.com.ar\/wp-content\/uploads\/2023\/09\/image-147.png 880w, https:\/\/infoecos.com.ar\/wp-content\/uploads\/2023\/09\/image-147-800x465.png 800w, https:\/\/infoecos.com.ar\/wp-content\/uploads\/2023\/09\/image-147-768x447.png 768w\" sizes=\"(max-width: 392px) 100vw, 392px\" \/><figcaption class=\"wp-element-caption\">Femeba <\/figcaption><\/figure>\n\n\n\n<p>\u00abLos m\u00e9dicos manifestamos nuestra indignaci\u00f3n porque al d\u00eda de la fecha y a pesar de los anuncios oficiales, no hemos sido incluidos dentro de las medidas de reducci\u00f3n del impuesto a las ganancias, anunciadas por el Gobierno Nacional\u00bb, describieron.<\/p>\n\n\n\n<p>\u00abLos m\u00e9dicos como trabajadores independientes exigimos recibir similar trato impositivo al de quienes est\u00e1n en relaci\u00f3n de dependencia. La dif\u00edcil situaci\u00f3n por la que atraviesa nuestra profesi\u00f3n, se ve agravada por la inacci\u00f3n de las autoridades que se olvidan de nosotros y de los trabajadores de la salud en general\u00bb, continuaron.<\/p>\n\n\n\n<p>\u00abDemandamos una pronta respuesta a nuestros reclamos y as\u00ed evitar que el d\u00e9bil equilibrio del sistema de atenci\u00f3n m\u00e9dica, se deteriore una vez m\u00e1s. La Salud tambi\u00e9n lo merece. No hay raz\u00f3n para que los trabajadores m\u00e9dicos aut\u00f3nomos continuemos con esta brutal presi\u00f3n impositiva\u00bb, finalizaron.<\/p>\n\n\n\n<p>Fuente: infogei.com<\/p>\n","protected":false},"excerpt":{"rendered":"<p>\u00abLos m\u00e9dicos manifestamos nuestra indignaci\u00f3n porque al d\u00eda de la fecha y a pesar de los anuncios oficiales, no hemos sido incluidos dentro de las medidas de reducci\u00f3n del impuesto a las ganancias\u00bb, se\u00f1alan<\/p>\n","protected":false},"author":2,"featured_media":60597,"comment_status":"closed","ping_status":"open","sticky":false,"template":"","format":"standard","meta":{"footnotes":""},"categories":[1331],"tags":[9277],"class_list":["post-113154","post","type-post","status-publish","format-standard","has-post-thumbnail","hentry","category-inferior11","tag-a-raiz-del-impuesto-a-las-ganancias"],"yoast_head":"<!-- This site is optimized with the Yoast SEO plugin v23.4 - https:\/\/yoast.com\/wordpress\/plugins\/seo\/ -->\n<title>FEMEBA exige &quot;recibir similar trato impositivo al de quienes est\u00e1n en relaci\u00f3n de dependencia&quot; - Infoecos<\/title>\n<meta name=\"robots\" content=\"index, follow, max-snippet:-1, max-image-preview:large, max-video-preview:-1\" \/>\n<link rel=\"canonical\" href=\"https:\/\/infoecos.com.ar\/index.php\/femeba-exige-recibir-similar-trato-impositivo-al-de-quienes-estan-en-relacion-de-dependencia\/\" \/>\n<meta property=\"og:locale\" content=\"es_ES\" \/>\n<meta property=\"og:type\" content=\"article\" \/>\n<meta property=\"og:title\" content=\"FEMEBA exige &quot;recibir similar trato impositivo al de quienes est\u00e1n en relaci\u00f3n de dependencia&quot; - Infoecos\" \/>\n<meta property=\"og:description\" content=\"&quot;Los m\u00e9dicos manifestamos nuestra indignaci\u00f3n porque al d\u00eda de la fecha y a pesar de los anuncios oficiales, no hemos sido incluidos dentro de las medidas de reducci\u00f3n del impuesto a las ganancias&quot;, se\u00f1alan\" \/>\n<meta property=\"og:url\" content=\"https:\/\/infoecos.com.ar\/index.php\/femeba-exige-recibir-similar-trato-impositivo-al-de-quienes-estan-en-relacion-de-dependencia\/\" \/>\n<meta property=\"og:site_name\" content=\"Infoecos\" \/>\n<meta property=\"article:publisher\" content=\"https:\/\/www.facebook.com\/profile.php?id=100063200290284\" \/>\n<meta property=\"article:published_time\" content=\"2023-09-28T04:09:31+00:00\" \/>\n<meta property=\"article:modified_time\" content=\"2023-10-02T04:58:46+00:00\" \/>\n<meta property=\"og:image\" content=\"https:\/\/infoecos.com.ar\/wp-content\/uploads\/medicos.jpg\" \/>\n\t<meta property=\"og:image:width\" content=\"277\" \/>\n\t<meta property=\"og:image:height\" content=\"182\" \/>\n\t<meta property=\"og:image:type\" content=\"image\/jpeg\" \/>\n<meta name=\"author\" content=\"Jorge Matheus\" \/>\n<meta name=\"twitter:card\" content=\"summary_large_image\" \/>\n<meta name=\"twitter:creator\" content=\"@infoecos\" \/>\n<meta name=\"twitter:site\" content=\"@infoecos\" \/>\n<meta name=\"twitter:label1\" content=\"Escrito por\" \/>\n\t<meta name=\"twitter:data1\" content=\"Jorge Matheus\" \/>\n\t<meta name=\"twitter:label2\" content=\"Tiempo de lectura\" \/>\n\t<meta name=\"twitter:data2\" content=\"1 minuto\" \/>\n<script type=\"application\/ld+json\" class=\"yoast-schema-graph\">{\"@context\":\"https:\/\/schema.org\",\"@graph\":[{\"@type\":\"Article\",\"@id\":\"https:\/\/infoecos.com.ar\/index.php\/femeba-exige-recibir-similar-trato-impositivo-al-de-quienes-estan-en-relacion-de-dependencia\/#article\",\"isPartOf\":{\"@id\":\"https:\/\/infoecos.com.ar\/index.php\/femeba-exige-recibir-similar-trato-impositivo-al-de-quienes-estan-en-relacion-de-dependencia\/\"},\"author\":{\"name\":\"Jorge Matheus\",\"@id\":\"https:\/\/infoecos.com.ar\/#\/schema\/person\/8f5ace5ce73b4b4aac4b7245aee6f191\"},\"headline\":\"FEMEBA exige \u00abrecibir similar trato impositivo al de quienes est\u00e1n en relaci\u00f3n de dependencia\u00bb\",\"datePublished\":\"2023-09-28T04:09:31+00:00\",\"dateModified\":\"2023-10-02T04:58:46+00:00\",\"mainEntityOfPage\":{\"@id\":\"https:\/\/infoecos.com.ar\/index.php\/femeba-exige-recibir-similar-trato-impositivo-al-de-quienes-estan-en-relacion-de-dependencia\/\"},\"wordCount\":212,\"publisher\":{\"@id\":\"https:\/\/infoecos.com.ar\/#organization\"},\"image\":{\"@id\":\"https:\/\/infoecos.com.ar\/index.php\/femeba-exige-recibir-similar-trato-impositivo-al-de-quienes-estan-en-relacion-de-dependencia\/#primaryimage\"},\"thumbnailUrl\":\"https:\/\/infoecos.com.ar\/wp-content\/uploads\/medicos.jpg\",\"keywords\":[\"A RA\u00cdZ DEL IMPUESTO A LAS GANANCIAS\"],\"articleSection\":[\"Bloque inferior - 11\"],\"inLanguage\":\"es\"},{\"@type\":\"WebPage\",\"@id\":\"https:\/\/infoecos.com.ar\/index.php\/femeba-exige-recibir-similar-trato-impositivo-al-de-quienes-estan-en-relacion-de-dependencia\/\",\"url\":\"https:\/\/infoecos.com.ar\/index.php\/femeba-exige-recibir-similar-trato-impositivo-al-de-quienes-estan-en-relacion-de-dependencia\/\",\"name\":\"FEMEBA exige \\\"recibir similar trato impositivo al de quienes est\u00e1n en relaci\u00f3n de dependencia\\\" - Infoecos\",\"isPartOf\":{\"@id\":\"https:\/\/infoecos.com.ar\/#website\"},\"primaryImageOfPage\":{\"@id\":\"https:\/\/infoecos.com.ar\/index.php\/femeba-exige-recibir-similar-trato-impositivo-al-de-quienes-estan-en-relacion-de-dependencia\/#primaryimage\"},\"image\":{\"@id\":\"https:\/\/infoecos.com.ar\/index.php\/femeba-exige-recibir-similar-trato-impositivo-al-de-quienes-estan-en-relacion-de-dependencia\/#primaryimage\"},\"thumbnailUrl\":\"https:\/\/infoecos.com.ar\/wp-content\/uploads\/medicos.jpg\",\"datePublished\":\"2023-09-28T04:09:31+00:00\",\"dateModified\":\"2023-10-02T04:58:46+00:00\",\"breadcrumb\":{\"@id\":\"https:\/\/infoecos.com.ar\/index.php\/femeba-exige-recibir-similar-trato-impositivo-al-de-quienes-estan-en-relacion-de-dependencia\/#breadcrumb\"},\"inLanguage\":\"es\",\"potentialAction\":[{\"@type\":\"ReadAction\",\"target\":[\"https:\/\/infoecos.com.ar\/index.php\/femeba-exige-recibir-similar-trato-impositivo-al-de-quienes-estan-en-relacion-de-dependencia\/\"]}]},{\"@type\":\"ImageObject\",\"inLanguage\":\"es\",\"@id\":\"https:\/\/infoecos.com.ar\/index.php\/femeba-exige-recibir-similar-trato-impositivo-al-de-quienes-estan-en-relacion-de-dependencia\/#primaryimage\",\"url\":\"https:\/\/infoecos.com.ar\/wp-content\/uploads\/medicos.jpg\",\"contentUrl\":\"https:\/\/infoecos.com.ar\/wp-content\/uploads\/medicos.jpg\",\"width\":277,\"height\":182,\"caption\":\"M\u00e9dicos\"},{\"@type\":\"BreadcrumbList\",\"@id\":\"https:\/\/infoecos.com.ar\/index.php\/femeba-exige-recibir-similar-trato-impositivo-al-de-quienes-estan-en-relacion-de-dependencia\/#breadcrumb\",\"itemListElement\":[{\"@type\":\"ListItem\",\"position\":1,\"name\":\"Portada\",\"item\":\"https:\/\/infoecos.com.ar\/\"},{\"@type\":\"ListItem\",\"position\":2,\"name\":\"FEMEBA exige \u00abrecibir similar trato impositivo al de quienes est\u00e1n en relaci\u00f3n de dependencia\u00bb\"}]},{\"@type\":\"WebSite\",\"@id\":\"https:\/\/infoecos.com.ar\/#website\",\"url\":\"https:\/\/infoecos.com.ar\/\",\"name\":\"Infoecos\",\"description\":\"Noticias de trenque lauquen y la zona\",\"publisher\":{\"@id\":\"https:\/\/infoecos.com.ar\/#organization\"},\"alternateName\":\"Noticias\",\"potentialAction\":[{\"@type\":\"SearchAction\",\"target\":{\"@type\":\"EntryPoint\",\"urlTemplate\":\"https:\/\/infoecos.com.ar\/?s={search_term_string}\"},\"query-input\":{\"@type\":\"PropertyValueSpecification\",\"valueRequired\":true,\"valueName\":\"search_term_string\"}}],\"inLanguage\":\"es\"},{\"@type\":\"Organization\",\"@id\":\"https:\/\/infoecos.com.ar\/#organization\",\"name\":\"Infoecos\",\"alternateName\":\"Noticias\",\"url\":\"https:\/\/infoecos.com.ar\/\",\"logo\":{\"@type\":\"ImageObject\",\"inLanguage\":\"es\",\"@id\":\"https:\/\/infoecos.com.ar\/#\/schema\/logo\/image\/\",\"url\":\"https:\/\/infoecos.com.ar\/wp-content\/uploads\/2024\/03\/cropped-logo.png\",\"contentUrl\":\"https:\/\/infoecos.com.ar\/wp-content\/uploads\/2024\/03\/cropped-logo.png\",\"width\":374,\"height\":90,\"caption\":\"Infoecos\"},\"image\":{\"@id\":\"https:\/\/infoecos.com.ar\/#\/schema\/logo\/image\/\"},\"sameAs\":[\"https:\/\/www.facebook.com\/profile.php?id=100063200290284\",\"https:\/\/x.com\/infoecos\"]},{\"@type\":\"Person\",\"@id\":\"https:\/\/infoecos.com.ar\/#\/schema\/person\/8f5ace5ce73b4b4aac4b7245aee6f191\",\"name\":\"Jorge Matheus\",\"url\":\"https:\/\/infoecos.com.ar\/index.php\/author\/jomatheus\/\"}]}<\/script>\n<!-- \/ Yoast SEO plugin. -->","yoast_head_json":{"title":"FEMEBA exige \"recibir similar trato impositivo al de quienes est\u00e1n en relaci\u00f3n de dependencia\" - Infoecos","robots":{"index":"index","follow":"follow","max-snippet":"max-snippet:-1","max-image-preview":"max-image-preview:large","max-video-preview":"max-video-preview:-1"},"canonical":"https:\/\/infoecos.com.ar\/index.php\/femeba-exige-recibir-similar-trato-impositivo-al-de-quienes-estan-en-relacion-de-dependencia\/","og_locale":"es_ES","og_type":"article","og_title":"FEMEBA exige \"recibir similar trato impositivo al de quienes est\u00e1n en relaci\u00f3n de dependencia\" - Infoecos","og_description":"\"Los m\u00e9dicos manifestamos nuestra indignaci\u00f3n porque al d\u00eda de la fecha y a pesar de los anuncios oficiales, no hemos sido incluidos dentro de las medidas de reducci\u00f3n del impuesto a las ganancias\", se\u00f1alan","og_url":"https:\/\/infoecos.com.ar\/index.php\/femeba-exige-recibir-similar-trato-impositivo-al-de-quienes-estan-en-relacion-de-dependencia\/","og_site_name":"Infoecos","article_publisher":"https:\/\/www.facebook.com\/profile.php?id=100063200290284","article_published_time":"2023-09-28T04:09:31+00:00","article_modified_time":"2023-10-02T04:58:46+00:00","og_image":[{"width":277,"height":182,"url":"https:\/\/infoecos.com.ar\/wp-content\/uploads\/medicos.jpg","type":"image\/jpeg"}],"author":"Jorge Matheus","twitter_card":"summary_large_image","twitter_creator":"@infoecos","twitter_site":"@infoecos","twitter_misc":{"Escrito por":"Jorge Matheus","Tiempo de lectura":"1 minuto"},"schema":{"@context":"https:\/\/schema.org","@graph":[{"@type":"Article","@id":"https:\/\/infoecos.com.ar\/index.php\/femeba-exige-recibir-similar-trato-impositivo-al-de-quienes-estan-en-relacion-de-dependencia\/#article","isPartOf":{"@id":"https:\/\/infoecos.com.ar\/index.php\/femeba-exige-recibir-similar-trato-impositivo-al-de-quienes-estan-en-relacion-de-dependencia\/"},"author":{"name":"Jorge Matheus","@id":"https:\/\/infoecos.com.ar\/#\/schema\/person\/8f5ace5ce73b4b4aac4b7245aee6f191"},"headline":"FEMEBA exige \u00abrecibir similar trato impositivo al de quienes est\u00e1n en relaci\u00f3n de dependencia\u00bb","datePublished":"2023-09-28T04:09:31+00:00","dateModified":"2023-10-02T04:58:46+00:00","mainEntityOfPage":{"@id":"https:\/\/infoecos.com.ar\/index.php\/femeba-exige-recibir-similar-trato-impositivo-al-de-quienes-estan-en-relacion-de-dependencia\/"},"wordCount":212,"publisher":{"@id":"https:\/\/infoecos.com.ar\/#organization"},"image":{"@id":"https:\/\/infoecos.com.ar\/index.php\/femeba-exige-recibir-similar-trato-impositivo-al-de-quienes-estan-en-relacion-de-dependencia\/#primaryimage"},"thumbnailUrl":"https:\/\/infoecos.com.ar\/wp-content\/uploads\/medicos.jpg","keywords":["A RA\u00cdZ DEL IMPUESTO A LAS GANANCIAS"],"articleSection":["Bloque inferior - 11"],"inLanguage":"es"},{"@type":"WebPage","@id":"https:\/\/infoecos.com.ar\/index.php\/femeba-exige-recibir-similar-trato-impositivo-al-de-quienes-estan-en-relacion-de-dependencia\/","url":"https:\/\/infoecos.com.ar\/index.php\/femeba-exige-recibir-similar-trato-impositivo-al-de-quienes-estan-en-relacion-de-dependencia\/","name":"FEMEBA exige \"recibir similar trato impositivo al de quienes est\u00e1n en relaci\u00f3n de dependencia\" - Infoecos","isPartOf":{"@id":"https:\/\/infoecos.com.ar\/#website"},"primaryImageOfPage":{"@id":"https:\/\/infoecos.com.ar\/index.php\/femeba-exige-recibir-similar-trato-impositivo-al-de-quienes-estan-en-relacion-de-dependencia\/#primaryimage"},"image":{"@id":"https:\/\/infoecos.com.ar\/index.php\/femeba-exige-recibir-similar-trato-impositivo-al-de-quienes-estan-en-relacion-de-dependencia\/#primaryimage"},"thumbnailUrl":"https:\/\/infoecos.com.ar\/wp-content\/uploads\/medicos.jpg","datePublished":"2023-09-28T04:09:31+00:00","dateModified":"2023-10-02T04:58:46+00:00","breadcrumb":{"@id":"https:\/\/infoecos.com.ar\/index.php\/femeba-exige-recibir-similar-trato-impositivo-al-de-quienes-estan-en-relacion-de-dependencia\/#breadcrumb"},"inLanguage":"es","potentialAction":[{"@type":"ReadAction","target":["https:\/\/infoecos.com.ar\/index.php\/femeba-exige-recibir-similar-trato-impositivo-al-de-quienes-estan-en-relacion-de-dependencia\/"]}]},{"@type":"ImageObject","inLanguage":"es","@id":"https:\/\/infoecos.com.ar\/index.php\/femeba-exige-recibir-similar-trato-impositivo-al-de-quienes-estan-en-relacion-de-dependencia\/#primaryimage","url":"https:\/\/infoecos.com.ar\/wp-content\/uploads\/medicos.jpg","contentUrl":"https:\/\/infoecos.com.ar\/wp-content\/uploads\/medicos.jpg","width":277,"height":182,"caption":"M\u00e9dicos"},{"@type":"BreadcrumbList","@id":"https:\/\/infoecos.com.ar\/index.php\/femeba-exige-recibir-similar-trato-impositivo-al-de-quienes-estan-en-relacion-de-dependencia\/#breadcrumb","itemListElement":[{"@type":"ListItem","position":1,"name":"Portada","item":"https:\/\/infoecos.com.ar\/"},{"@type":"ListItem","position":2,"name":"FEMEBA exige \u00abrecibir similar trato impositivo al de quienes est\u00e1n en relaci\u00f3n de dependencia\u00bb"}]},{"@type":"WebSite","@id":"https:\/\/infoecos.com.ar\/#website","url":"https:\/\/infoecos.com.ar\/","name":"Infoecos","description":"Noticias de trenque lauquen y la zona","publisher":{"@id":"https:\/\/infoecos.com.ar\/#organization"},"alternateName":"Noticias","potentialAction":[{"@type":"SearchAction","target":{"@type":"EntryPoint","urlTemplate":"https:\/\/infoecos.com.ar\/?s={search_term_string}"},"query-input":{"@type":"PropertyValueSpecification","valueRequired":true,"valueName":"search_term_string"}}],"inLanguage":"es"},{"@type":"Organization","@id":"https:\/\/infoecos.com.ar\/#organization","name":"Infoecos","alternateName":"Noticias","url":"https:\/\/infoecos.com.ar\/","logo":{"@type":"ImageObject","inLanguage":"es","@id":"https:\/\/infoecos.com.ar\/#\/schema\/logo\/image\/","url":"https:\/\/infoecos.com.ar\/wp-content\/uploads\/2024\/03\/cropped-logo.png","contentUrl":"https:\/\/infoecos.com.ar\/wp-content\/uploads\/2024\/03\/cropped-logo.png","width":374,"height":90,"caption":"Infoecos"},"image":{"@id":"https:\/\/infoecos.com.ar\/#\/schema\/logo\/image\/"},"sameAs":["https:\/\/www.facebook.com\/profile.php?id=100063200290284","https:\/\/x.com\/infoecos"]},{"@type":"Person","@id":"https:\/\/infoecos.com.ar\/#\/schema\/person\/8f5ace5ce73b4b4aac4b7245aee6f191","name":"Jorge Matheus","url":"https:\/\/infoecos.com.ar\/index.php\/author\/jomatheus\/"}]}},"featured_image_urls":{"full":["https:\/\/infoecos.com.ar\/wp-content\/uploads\/medicos.jpg",277,182,false],"thumbnail":["https:\/\/infoecos.com.ar\/wp-content\/uploads\/medicos-150x150.jpg",150,150,true],"medium":["https:\/\/infoecos.com.ar\/wp-content\/uploads\/medicos.jpg",277,182,false],"medium_large":["https:\/\/infoecos.com.ar\/wp-content\/uploads\/medicos.jpg",277,182,false],"large":["https:\/\/infoecos.com.ar\/wp-content\/uploads\/medicos.jpg",277,182,false],"1536x1536":["https:\/\/infoecos.com.ar\/wp-content\/uploads\/medicos.jpg",277,182,false],"2048x2048":["https:\/\/infoecos.com.ar\/wp-content\/uploads\/medicos.jpg",277,182,false],"covernews-slider-full":["https:\/\/infoecos.com.ar\/wp-content\/uploads\/medicos.jpg",277,182,false],"covernews-slider-center":["https:\/\/infoecos.com.ar\/wp-content\/uploads\/medicos.jpg",277,182,false],"covernews-featured":["https:\/\/infoecos.com.ar\/wp-content\/uploads\/medicos.jpg",277,182,false],"covernews-medium":["https:\/\/infoecos.com.ar\/wp-content\/uploads\/medicos.jpg",277,182,false],"covernews-medium-square":["https:\/\/infoecos.com.ar\/wp-content\/uploads\/medicos.jpg",277,182,false]},"author_info":{"info":["Jorge Matheus"]},"category_info":"<a href=\"https:\/\/infoecos.com.ar\/index.php\/category\/inferior11\/\" rel=\"category tag\">Bloque inferior - 11<\/a>","tag_info":"Bloque inferior - 11","comment_count":"0","_links":{"self":[{"href":"https:\/\/infoecos.com.ar\/index.php\/wp-json\/wp\/v2\/posts\/113154"}],"collection":[{"href":"https:\/\/infoecos.com.ar\/index.php\/wp-json\/wp\/v2\/posts"}],"about":[{"href":"https:\/\/infoecos.com.ar\/index.php\/wp-json\/wp\/v2\/types\/post"}],"author":[{"embeddable":true,"href":"https:\/\/infoecos.com.ar\/index.php\/wp-json\/wp\/v2\/users\/2"}],"replies":[{"embeddable":true,"href":"https:\/\/infoecos.com.ar\/index.php\/wp-json\/wp\/v2\/comments?post=113154"}],"version-history":[{"count":1,"href":"https:\/\/infoecos.com.ar\/index.php\/wp-json\/wp\/v2\/posts\/113154\/revisions"}],"predecessor-version":[{"id":113156,"href":"https:\/\/infoecos.com.ar\/index.php\/wp-json\/wp\/v2\/posts\/113154\/revisions\/113156"}],"wp:featuredmedia":[{"embeddable":true,"href":"https:\/\/infoecos.com.ar\/index.php\/wp-json\/wp\/v2\/media\/60597"}],"wp:attachment":[{"href":"https:\/\/infoecos.com.ar\/index.php\/wp-json\/wp\/v2\/media?parent=113154"}],"wp:term":[{"taxonomy":"category","embeddable":true,"href":"https:\/\/infoecos.com.ar\/index.php\/wp-json\/wp\/v2\/categories?post=113154"},{"taxonomy":"post_tag","embeddable":true,"href":"https:\/\/infoecos.com.ar\/index.php\/wp-json\/wp\/v2\/tags?post=113154"}],"curies":[{"name":"wp","href":"https:\/\/api.w.org\/{rel}","templated":true}]}}