{"id":113159,"date":"2023-09-28T01:34:07","date_gmt":"2023-09-28T04:34:07","guid":{"rendered":"https:\/\/infoecos.com.ar\/?p=113159"},"modified":"2023-09-30T02:58:46","modified_gmt":"2023-09-30T05:58:46","slug":"piparo-en-tono-bien-electoral-dijo-que-estan-a-dos-puntos-de-ganarle-a-kicillof","status":"publish","type":"post","link":"https:\/\/infoecos.com.ar\/index.php\/piparo-en-tono-bien-electoral-dijo-que-estan-a-dos-puntos-de-ganarle-a-kicillof\/","title":{"rendered":"P\u00edparo en tono bien electoral dijo que est\u00e1n a \u00abdos puntos de ganarle a Kicillof\u00bb"},"content":{"rendered":"\n<p>Carolina P\u00edparo, la postulante de La Libertad Avanza, dijo en la jornada de CARBAP que \u201choy en la provincia de Buenos Aires hay claramente dos alternativas de futuro. Es el kirchnerismo o yo. Estamos a dos puntos de ganarle al actual gobernador Kicillof. Somos la \u00fanica alternativa en la provincia\u201d. <\/p>\n\n\n\n<figure class=\"wp-block-image alignright size-full is-resized\"><img loading=\"lazy\" decoding=\"async\" src=\"https:\/\/infoecos.com.ar\/wp-content\/uploads\/2023\/09\/169857_3.jpg\" alt=\"\" class=\"wp-image-113160\" width=\"239\" height=\"371\"\/><\/figure>\n\n\n\n<p>La candidata manifest\u00f3 a los dirigentes presentes que \u201ca partir del a\u00f1o que viene pueden sembrar tranquilos porque tendr\u00e1n un gobierno que les facilite el camino y que no les ponga trabas. Quiero que se sientan representados por m\u00ed gabinete porque a ustedes los necesitamos mucho\u201d, dijo a los presentes. Y llev\u00f3 tambi\u00e9n tranquilidad a los productores al asegurarles que no impulsar\u00e1 leyes que impacten al sector \u201csin haberlos escuchado y consultado a ustedes\u201d.&nbsp;<\/p>\n\n\n\n<p>P\u00edparo expuso que \u00abla provincia de Buenos Aires est\u00e1 destrozada y tiene problemas estructurales y asegur\u00f3 estar preparada para gobernarla. \u201cEl gasto pol\u00edtico devast\u00f3 a la provincia. Hay 1800 funcionarios y la Legislatura Bonaerense sesion\u00f3 s\u00f3lo una vez en el a\u00f1o\u201d, denunci\u00f3.&nbsp; Por \u00faltimo, aprovech\u00f3 la oportunidad para aclarar que no est\u00e1 de acuerdo con la reforma agraria.<\/p>\n\n\n\n<p><\/p>\n","protected":false},"excerpt":{"rendered":"<p>La candidata manifest\u00f3 a los dirigentes presentes que \u201ca partir del a\u00f1o que viene pueden sembrar tranquilos porque tendr\u00e1n un gobierno que les facilite el camino y que no les ponga trabas\u00bb<\/p>\n","protected":false},"author":2,"featured_media":113160,"comment_status":"closed","ping_status":"open","sticky":false,"template":"","format":"standard","meta":{"footnotes":""},"categories":[199],"tags":[9279],"class_list":["post-113159","post","type-post","status-publish","format-standard","has-post-thumbnail","hentry","category-inferior7","tag-piparo-en-carbap"],"yoast_head":"<!-- This site is optimized with the Yoast SEO plugin v23.4 - https:\/\/yoast.com\/wordpress\/plugins\/seo\/ -->\n<title>P\u00edparo en tono bien electoral dijo que est\u00e1n a &quot;dos puntos de ganarle a Kicillof&quot; - Infoecos<\/title>\n<meta name=\"robots\" content=\"index, follow, max-snippet:-1, max-image-preview:large, max-video-preview:-1\" \/>\n<link rel=\"canonical\" href=\"https:\/\/infoecos.com.ar\/index.php\/piparo-en-tono-bien-electoral-dijo-que-estan-a-dos-puntos-de-ganarle-a-kicillof\/\" \/>\n<meta property=\"og:locale\" content=\"es_ES\" \/>\n<meta property=\"og:type\" content=\"article\" \/>\n<meta property=\"og:title\" content=\"P\u00edparo en tono bien electoral dijo que est\u00e1n a &quot;dos puntos de ganarle a Kicillof&quot; - Infoecos\" \/>\n<meta property=\"og:description\" content=\"La candidata manifest\u00f3 a los dirigentes presentes que \u201ca partir del a\u00f1o que viene pueden sembrar tranquilos porque tendr\u00e1n un gobierno que les facilite el camino y que no les ponga trabas&quot;\" \/>\n<meta property=\"og:url\" content=\"https:\/\/infoecos.com.ar\/index.php\/piparo-en-tono-bien-electoral-dijo-que-estan-a-dos-puntos-de-ganarle-a-kicillof\/\" \/>\n<meta property=\"og:site_name\" content=\"Infoecos\" \/>\n<meta property=\"article:publisher\" content=\"https:\/\/www.facebook.com\/profile.php?id=100063200290284\" \/>\n<meta property=\"article:published_time\" content=\"2023-09-28T04:34:07+00:00\" \/>\n<meta property=\"article:modified_time\" content=\"2023-09-30T05:58:46+00:00\" \/>\n<meta property=\"og:image\" content=\"https:\/\/infoecos.com.ar\/wp-content\/uploads\/2023\/09\/169857_3.jpg\" \/>\n\t<meta property=\"og:image:width\" content=\"417\" \/>\n\t<meta property=\"og:image:height\" content=\"647\" \/>\n\t<meta property=\"og:image:type\" content=\"image\/jpeg\" \/>\n<meta name=\"author\" content=\"Jorge Matheus\" \/>\n<meta name=\"twitter:card\" content=\"summary_large_image\" \/>\n<meta name=\"twitter:creator\" content=\"@infoecos\" \/>\n<meta name=\"twitter:site\" content=\"@infoecos\" \/>\n<meta name=\"twitter:label1\" content=\"Escrito por\" \/>\n\t<meta name=\"twitter:data1\" content=\"Jorge Matheus\" \/>\n\t<meta name=\"twitter:label2\" content=\"Tiempo de lectura\" \/>\n\t<meta name=\"twitter:data2\" content=\"2 minutos\" \/>\n<script type=\"application\/ld+json\" class=\"yoast-schema-graph\">{\"@context\":\"https:\/\/schema.org\",\"@graph\":[{\"@type\":\"Article\",\"@id\":\"https:\/\/infoecos.com.ar\/index.php\/piparo-en-tono-bien-electoral-dijo-que-estan-a-dos-puntos-de-ganarle-a-kicillof\/#article\",\"isPartOf\":{\"@id\":\"https:\/\/infoecos.com.ar\/index.php\/piparo-en-tono-bien-electoral-dijo-que-estan-a-dos-puntos-de-ganarle-a-kicillof\/\"},\"author\":{\"name\":\"Jorge Matheus\",\"@id\":\"https:\/\/infoecos.com.ar\/#\/schema\/person\/8f5ace5ce73b4b4aac4b7245aee6f191\"},\"headline\":\"P\u00edparo en tono bien electoral dijo que est\u00e1n a \u00abdos puntos de ganarle a Kicillof\u00bb\",\"datePublished\":\"2023-09-28T04:34:07+00:00\",\"dateModified\":\"2023-09-30T05:58:46+00:00\",\"mainEntityOfPage\":{\"@id\":\"https:\/\/infoecos.com.ar\/index.php\/piparo-en-tono-bien-electoral-dijo-que-estan-a-dos-puntos-de-ganarle-a-kicillof\/\"},\"wordCount\":208,\"publisher\":{\"@id\":\"https:\/\/infoecos.com.ar\/#organization\"},\"image\":{\"@id\":\"https:\/\/infoecos.com.ar\/index.php\/piparo-en-tono-bien-electoral-dijo-que-estan-a-dos-puntos-de-ganarle-a-kicillof\/#primaryimage\"},\"thumbnailUrl\":\"https:\/\/infoecos.com.ar\/wp-content\/uploads\/2023\/09\/169857_3.jpg\",\"keywords\":[\"P\u00cdPARO EN CARBAP\"],\"articleSection\":[\"Bloque inferior - 7\"],\"inLanguage\":\"es\"},{\"@type\":\"WebPage\",\"@id\":\"https:\/\/infoecos.com.ar\/index.php\/piparo-en-tono-bien-electoral-dijo-que-estan-a-dos-puntos-de-ganarle-a-kicillof\/\",\"url\":\"https:\/\/infoecos.com.ar\/index.php\/piparo-en-tono-bien-electoral-dijo-que-estan-a-dos-puntos-de-ganarle-a-kicillof\/\",\"name\":\"P\u00edparo en tono bien electoral dijo que est\u00e1n a \\\"dos puntos de ganarle a Kicillof\\\" - Infoecos\",\"isPartOf\":{\"@id\":\"https:\/\/infoecos.com.ar\/#website\"},\"primaryImageOfPage\":{\"@id\":\"https:\/\/infoecos.com.ar\/index.php\/piparo-en-tono-bien-electoral-dijo-que-estan-a-dos-puntos-de-ganarle-a-kicillof\/#primaryimage\"},\"image\":{\"@id\":\"https:\/\/infoecos.com.ar\/index.php\/piparo-en-tono-bien-electoral-dijo-que-estan-a-dos-puntos-de-ganarle-a-kicillof\/#primaryimage\"},\"thumbnailUrl\":\"https:\/\/infoecos.com.ar\/wp-content\/uploads\/2023\/09\/169857_3.jpg\",\"datePublished\":\"2023-09-28T04:34:07+00:00\",\"dateModified\":\"2023-09-30T05:58:46+00:00\",\"breadcrumb\":{\"@id\":\"https:\/\/infoecos.com.ar\/index.php\/piparo-en-tono-bien-electoral-dijo-que-estan-a-dos-puntos-de-ganarle-a-kicillof\/#breadcrumb\"},\"inLanguage\":\"es\",\"potentialAction\":[{\"@type\":\"ReadAction\",\"target\":[\"https:\/\/infoecos.com.ar\/index.php\/piparo-en-tono-bien-electoral-dijo-que-estan-a-dos-puntos-de-ganarle-a-kicillof\/\"]}]},{\"@type\":\"ImageObject\",\"inLanguage\":\"es\",\"@id\":\"https:\/\/infoecos.com.ar\/index.php\/piparo-en-tono-bien-electoral-dijo-que-estan-a-dos-puntos-de-ganarle-a-kicillof\/#primaryimage\",\"url\":\"https:\/\/infoecos.com.ar\/wp-content\/uploads\/2023\/09\/169857_3.jpg\",\"contentUrl\":\"https:\/\/infoecos.com.ar\/wp-content\/uploads\/2023\/09\/169857_3.jpg\",\"width\":417,\"height\":647},{\"@type\":\"BreadcrumbList\",\"@id\":\"https:\/\/infoecos.com.ar\/index.php\/piparo-en-tono-bien-electoral-dijo-que-estan-a-dos-puntos-de-ganarle-a-kicillof\/#breadcrumb\",\"itemListElement\":[{\"@type\":\"ListItem\",\"position\":1,\"name\":\"Portada\",\"item\":\"https:\/\/infoecos.com.ar\/\"},{\"@type\":\"ListItem\",\"position\":2,\"name\":\"P\u00edparo en tono bien electoral dijo que est\u00e1n a \u00abdos puntos de ganarle a Kicillof\u00bb\"}]},{\"@type\":\"WebSite\",\"@id\":\"https:\/\/infoecos.com.ar\/#website\",\"url\":\"https:\/\/infoecos.com.ar\/\",\"name\":\"Infoecos\",\"description\":\"Noticias de trenque lauquen y la zona\",\"publisher\":{\"@id\":\"https:\/\/infoecos.com.ar\/#organization\"},\"alternateName\":\"Noticias\",\"potentialAction\":[{\"@type\":\"SearchAction\",\"target\":{\"@type\":\"EntryPoint\",\"urlTemplate\":\"https:\/\/infoecos.com.ar\/?s={search_term_string}\"},\"query-input\":{\"@type\":\"PropertyValueSpecification\",\"valueRequired\":true,\"valueName\":\"search_term_string\"}}],\"inLanguage\":\"es\"},{\"@type\":\"Organization\",\"@id\":\"https:\/\/infoecos.com.ar\/#organization\",\"name\":\"Infoecos\",\"alternateName\":\"Noticias\",\"url\":\"https:\/\/infoecos.com.ar\/\",\"logo\":{\"@type\":\"ImageObject\",\"inLanguage\":\"es\",\"@id\":\"https:\/\/infoecos.com.ar\/#\/schema\/logo\/image\/\",\"url\":\"https:\/\/infoecos.com.ar\/wp-content\/uploads\/2024\/03\/cropped-logo.png\",\"contentUrl\":\"https:\/\/infoecos.com.ar\/wp-content\/uploads\/2024\/03\/cropped-logo.png\",\"width\":374,\"height\":90,\"caption\":\"Infoecos\"},\"image\":{\"@id\":\"https:\/\/infoecos.com.ar\/#\/schema\/logo\/image\/\"},\"sameAs\":[\"https:\/\/www.facebook.com\/profile.php?id=100063200290284\",\"https:\/\/x.com\/infoecos\"]},{\"@type\":\"Person\",\"@id\":\"https:\/\/infoecos.com.ar\/#\/schema\/person\/8f5ace5ce73b4b4aac4b7245aee6f191\",\"name\":\"Jorge Matheus\",\"url\":\"https:\/\/infoecos.com.ar\/index.php\/author\/jomatheus\/\"}]}<\/script>\n<!-- \/ Yoast SEO plugin. -->","yoast_head_json":{"title":"P\u00edparo en tono bien electoral dijo que est\u00e1n a \"dos puntos de ganarle a Kicillof\" - Infoecos","robots":{"index":"index","follow":"follow","max-snippet":"max-snippet:-1","max-image-preview":"max-image-preview:large","max-video-preview":"max-video-preview:-1"},"canonical":"https:\/\/infoecos.com.ar\/index.php\/piparo-en-tono-bien-electoral-dijo-que-estan-a-dos-puntos-de-ganarle-a-kicillof\/","og_locale":"es_ES","og_type":"article","og_title":"P\u00edparo en tono bien electoral dijo que est\u00e1n a \"dos puntos de ganarle a Kicillof\" - Infoecos","og_description":"La candidata manifest\u00f3 a los dirigentes presentes que \u201ca partir del a\u00f1o que viene pueden sembrar tranquilos porque tendr\u00e1n un gobierno que les facilite el camino y que no les ponga trabas\"","og_url":"https:\/\/infoecos.com.ar\/index.php\/piparo-en-tono-bien-electoral-dijo-que-estan-a-dos-puntos-de-ganarle-a-kicillof\/","og_site_name":"Infoecos","article_publisher":"https:\/\/www.facebook.com\/profile.php?id=100063200290284","article_published_time":"2023-09-28T04:34:07+00:00","article_modified_time":"2023-09-30T05:58:46+00:00","og_image":[{"width":417,"height":647,"url":"https:\/\/infoecos.com.ar\/wp-content\/uploads\/2023\/09\/169857_3.jpg","type":"image\/jpeg"}],"author":"Jorge Matheus","twitter_card":"summary_large_image","twitter_creator":"@infoecos","twitter_site":"@infoecos","twitter_misc":{"Escrito por":"Jorge Matheus","Tiempo de lectura":"2 minutos"},"schema":{"@context":"https:\/\/schema.org","@graph":[{"@type":"Article","@id":"https:\/\/infoecos.com.ar\/index.php\/piparo-en-tono-bien-electoral-dijo-que-estan-a-dos-puntos-de-ganarle-a-kicillof\/#article","isPartOf":{"@id":"https:\/\/infoecos.com.ar\/index.php\/piparo-en-tono-bien-electoral-dijo-que-estan-a-dos-puntos-de-ganarle-a-kicillof\/"},"author":{"name":"Jorge Matheus","@id":"https:\/\/infoecos.com.ar\/#\/schema\/person\/8f5ace5ce73b4b4aac4b7245aee6f191"},"headline":"P\u00edparo en tono bien electoral dijo que est\u00e1n a \u00abdos puntos de ganarle a Kicillof\u00bb","datePublished":"2023-09-28T04:34:07+00:00","dateModified":"2023-09-30T05:58:46+00:00","mainEntityOfPage":{"@id":"https:\/\/infoecos.com.ar\/index.php\/piparo-en-tono-bien-electoral-dijo-que-estan-a-dos-puntos-de-ganarle-a-kicillof\/"},"wordCount":208,"publisher":{"@id":"https:\/\/infoecos.com.ar\/#organization"},"image":{"@id":"https:\/\/infoecos.com.ar\/index.php\/piparo-en-tono-bien-electoral-dijo-que-estan-a-dos-puntos-de-ganarle-a-kicillof\/#primaryimage"},"thumbnailUrl":"https:\/\/infoecos.com.ar\/wp-content\/uploads\/2023\/09\/169857_3.jpg","keywords":["P\u00cdPARO EN CARBAP"],"articleSection":["Bloque inferior - 7"],"inLanguage":"es"},{"@type":"WebPage","@id":"https:\/\/infoecos.com.ar\/index.php\/piparo-en-tono-bien-electoral-dijo-que-estan-a-dos-puntos-de-ganarle-a-kicillof\/","url":"https:\/\/infoecos.com.ar\/index.php\/piparo-en-tono-bien-electoral-dijo-que-estan-a-dos-puntos-de-ganarle-a-kicillof\/","name":"P\u00edparo en tono bien electoral dijo que est\u00e1n a \"dos puntos de ganarle a Kicillof\" - Infoecos","isPartOf":{"@id":"https:\/\/infoecos.com.ar\/#website"},"primaryImageOfPage":{"@id":"https:\/\/infoecos.com.ar\/index.php\/piparo-en-tono-bien-electoral-dijo-que-estan-a-dos-puntos-de-ganarle-a-kicillof\/#primaryimage"},"image":{"@id":"https:\/\/infoecos.com.ar\/index.php\/piparo-en-tono-bien-electoral-dijo-que-estan-a-dos-puntos-de-ganarle-a-kicillof\/#primaryimage"},"thumbnailUrl":"https:\/\/infoecos.com.ar\/wp-content\/uploads\/2023\/09\/169857_3.jpg","datePublished":"2023-09-28T04:34:07+00:00","dateModified":"2023-09-30T05:58:46+00:00","breadcrumb":{"@id":"https:\/\/infoecos.com.ar\/index.php\/piparo-en-tono-bien-electoral-dijo-que-estan-a-dos-puntos-de-ganarle-a-kicillof\/#breadcrumb"},"inLanguage":"es","potentialAction":[{"@type":"ReadAction","target":["https:\/\/infoecos.com.ar\/index.php\/piparo-en-tono-bien-electoral-dijo-que-estan-a-dos-puntos-de-ganarle-a-kicillof\/"]}]},{"@type":"ImageObject","inLanguage":"es","@id":"https:\/\/infoecos.com.ar\/index.php\/piparo-en-tono-bien-electoral-dijo-que-estan-a-dos-puntos-de-ganarle-a-kicillof\/#primaryimage","url":"https:\/\/infoecos.com.ar\/wp-content\/uploads\/2023\/09\/169857_3.jpg","contentUrl":"https:\/\/infoecos.com.ar\/wp-content\/uploads\/2023\/09\/169857_3.jpg","width":417,"height":647},{"@type":"BreadcrumbList","@id":"https:\/\/infoecos.com.ar\/index.php\/piparo-en-tono-bien-electoral-dijo-que-estan-a-dos-puntos-de-ganarle-a-kicillof\/#breadcrumb","itemListElement":[{"@type":"ListItem","position":1,"name":"Portada","item":"https:\/\/infoecos.com.ar\/"},{"@type":"ListItem","position":2,"name":"P\u00edparo en tono bien electoral dijo que est\u00e1n a \u00abdos puntos de ganarle a Kicillof\u00bb"}]},{"@type":"WebSite","@id":"https:\/\/infoecos.com.ar\/#website","url":"https:\/\/infoecos.com.ar\/","name":"Infoecos","description":"Noticias de trenque lauquen y la zona","publisher":{"@id":"https:\/\/infoecos.com.ar\/#organization"},"alternateName":"Noticias","potentialAction":[{"@type":"SearchAction","target":{"@type":"EntryPoint","urlTemplate":"https:\/\/infoecos.com.ar\/?s={search_term_string}"},"query-input":{"@type":"PropertyValueSpecification","valueRequired":true,"valueName":"search_term_string"}}],"inLanguage":"es"},{"@type":"Organization","@id":"https:\/\/infoecos.com.ar\/#organization","name":"Infoecos","alternateName":"Noticias","url":"https:\/\/infoecos.com.ar\/","logo":{"@type":"ImageObject","inLanguage":"es","@id":"https:\/\/infoecos.com.ar\/#\/schema\/logo\/image\/","url":"https:\/\/infoecos.com.ar\/wp-content\/uploads\/2024\/03\/cropped-logo.png","contentUrl":"https:\/\/infoecos.com.ar\/wp-content\/uploads\/2024\/03\/cropped-logo.png","width":374,"height":90,"caption":"Infoecos"},"image":{"@id":"https:\/\/infoecos.com.ar\/#\/schema\/logo\/image\/"},"sameAs":["https:\/\/www.facebook.com\/profile.php?id=100063200290284","https:\/\/x.com\/infoecos"]},{"@type":"Person","@id":"https:\/\/infoecos.com.ar\/#\/schema\/person\/8f5ace5ce73b4b4aac4b7245aee6f191","name":"Jorge Matheus","url":"https:\/\/infoecos.com.ar\/index.php\/author\/jomatheus\/"}]}},"featured_image_urls":{"full":["https:\/\/infoecos.com.ar\/wp-content\/uploads\/2023\/09\/169857_3.jpg",417,647,false],"thumbnail":["https:\/\/infoecos.com.ar\/wp-content\/uploads\/2023\/09\/169857_3-300x150.jpg",300,150,true],"medium":["https:\/\/infoecos.com.ar\/wp-content\/uploads\/2023\/09\/169857_3.jpg",417,647,false],"medium_large":["https:\/\/infoecos.com.ar\/wp-content\/uploads\/2023\/09\/169857_3.jpg",417,647,false],"large":["https:\/\/infoecos.com.ar\/wp-content\/uploads\/2023\/09\/169857_3.jpg",417,647,false],"1536x1536":["https:\/\/infoecos.com.ar\/wp-content\/uploads\/2023\/09\/169857_3.jpg",417,647,false],"2048x2048":["https:\/\/infoecos.com.ar\/wp-content\/uploads\/2023\/09\/169857_3.jpg",417,647,false],"covernews-slider-full":["https:\/\/infoecos.com.ar\/wp-content\/uploads\/2023\/09\/169857_3.jpg",417,647,false],"covernews-slider-center":["https:\/\/infoecos.com.ar\/wp-content\/uploads\/2023\/09\/169857_3.jpg",322,500,false],"covernews-featured":["https:\/\/infoecos.com.ar\/wp-content\/uploads\/2023\/09\/169857_3.jpg",417,647,false],"covernews-medium":["https:\/\/infoecos.com.ar\/wp-content\/uploads\/2023\/09\/169857_3-417x380.jpg",373,340,true],"covernews-medium-square":["https:\/\/infoecos.com.ar\/wp-content\/uploads\/2023\/09\/169857_3-417x450.jpg",232,250,true]},"author_info":{"info":["Jorge Matheus"]},"category_info":"<a href=\"https:\/\/infoecos.com.ar\/index.php\/category\/inferior7\/\" rel=\"category tag\">Bloque inferior - 7<\/a>","tag_info":"Bloque inferior - 7","comment_count":"0","_links":{"self":[{"href":"https:\/\/infoecos.com.ar\/index.php\/wp-json\/wp\/v2\/posts\/113159"}],"collection":[{"href":"https:\/\/infoecos.com.ar\/index.php\/wp-json\/wp\/v2\/posts"}],"about":[{"href":"https:\/\/infoecos.com.ar\/index.php\/wp-json\/wp\/v2\/types\/post"}],"author":[{"embeddable":true,"href":"https:\/\/infoecos.com.ar\/index.php\/wp-json\/wp\/v2\/users\/2"}],"replies":[{"embeddable":true,"href":"https:\/\/infoecos.com.ar\/index.php\/wp-json\/wp\/v2\/comments?post=113159"}],"version-history":[{"count":2,"href":"https:\/\/infoecos.com.ar\/index.php\/wp-json\/wp\/v2\/posts\/113159\/revisions"}],"predecessor-version":[{"id":113164,"href":"https:\/\/infoecos.com.ar\/index.php\/wp-json\/wp\/v2\/posts\/113159\/revisions\/113164"}],"wp:featuredmedia":[{"embeddable":true,"href":"https:\/\/infoecos.com.ar\/index.php\/wp-json\/wp\/v2\/media\/113160"}],"wp:attachment":[{"href":"https:\/\/infoecos.com.ar\/index.php\/wp-json\/wp\/v2\/media?parent=113159"}],"wp:term":[{"taxonomy":"category","embeddable":true,"href":"https:\/\/infoecos.com.ar\/index.php\/wp-json\/wp\/v2\/categories?post=113159"},{"taxonomy":"post_tag","embeddable":true,"href":"https:\/\/infoecos.com.ar\/index.php\/wp-json\/wp\/v2\/tags?post=113159"}],"curies":[{"name":"wp","href":"https:\/\/api.w.org\/{rel}","templated":true}]}}