{"id":113170,"date":"2023-09-28T16:30:31","date_gmt":"2023-09-28T19:30:31","guid":{"rendered":"https:\/\/infoecos.com.ar\/?p=113170"},"modified":"2023-10-02T01:57:46","modified_gmt":"2023-10-02T04:57:46","slug":"se-inauguro-dias-pasados-el-centro-universitario-de-guamini","status":"publish","type":"post","link":"https:\/\/infoecos.com.ar\/index.php\/se-inauguro-dias-pasados-el-centro-universitario-de-guamini\/","title":{"rendered":"Se inaugur\u00f3 d\u00edas pasados el Centro Universitario de Guamin\u00ed"},"content":{"rendered":"\n<p>Inauguraron el Centro Universitario de Guamin\u00ed, un proyecto financiado por el Gobierno provincial a trav\u00e9s del programa Puentes.<\/p>\n\n\n\n<figure class=\"wp-block-image alignright size-full is-resized\"><img loading=\"lazy\" decoding=\"async\" src=\"https:\/\/infoecos.com.ar\/wp-content\/uploads\/2023\/09\/image-148.png\" alt=\"\" class=\"wp-image-113171\" width=\"447\" height=\"310\" srcset=\"https:\/\/infoecos.com.ar\/wp-content\/uploads\/2023\/09\/image-148.png 795w, https:\/\/infoecos.com.ar\/wp-content\/uploads\/2023\/09\/image-148-768x533.png 768w\" sizes=\"(max-width: 447px) 100vw, 447px\" \/><\/figure>\n\n\n\n<p>\u00abDesde que presentamos este programa hace tan s\u00f3lo un a\u00f1o y tres meses, ya estamos trabajando con 51 municipios y contamos con casi 4.000 alumnos inscriptos que, de no existir esta iniciativa, no habr\u00edan tenido la posibilidad de estudiar una carrera universitaria\u00bb, afirm\u00f3 el Jefe de Asesores del gobierno bonaerense, Carlos Bianco que estuvo en la inauguraci\u00f3n. Destac\u00f3 que \u00abAcceder a una educaci\u00f3n superior p\u00fablica y gratuita era una necesidad del pueblo bonaerense y es para nosotros un derecho que como funcionarios tenemos la obligaci\u00f3n de cumplir. Para eso trabajamos todos los d\u00edas, para que las y los j\u00f3venes tengan mejores oportunidades de estudiar\u00bb.<\/p>\n\n\n\n<p>Nobre Ferreira, intendente municipal del distrito manifest\u00f3 que: \u00abEl programa Puentes permite igualar oportunidades para que todos los habitantes de Guamin\u00ed puedan tener la posibilidad de estudiar una carrera universitaria. Esto no s\u00f3lo significa m\u00e1s educaci\u00f3n, sino tambi\u00e9n arraigo\u00bb. <\/p>\n\n\n\n<p>El nuevo centro, cont\u00f3 con una inversi\u00f3n de $45.000.000 para la construcci\u00f3n de cuatro aulas con capacidad para 30 estudiantes, un aula de inform\u00e1tica para 45 personas, auditorio y SUM. En una segunda etapa, el municipio tambi\u00e9n adquiri\u00f3 mobiliario, equipamiento administrativo y tecnol\u00f3gico e infraestructura para la instalaci\u00f3n de una red de datos.<\/p>\n","protected":false},"excerpt":{"rendered":"<p>El nuevo centro, cont\u00f3 con una inversi\u00f3n de $45.000.000 para la construcci\u00f3n de cuatro aulas con capacidad para 30 estudiantes, un aula de inform\u00e1tica para 45 personas, auditorio y SUM<\/p>\n","protected":false},"author":2,"featured_media":113171,"comment_status":"closed","ping_status":"open","sticky":false,"template":"","format":"standard","meta":{"footnotes":""},"categories":[201],"tags":[9281],"class_list":["post-113170","post","type-post","status-publish","format-standard","has-post-thumbnail","hentry","category-inferior9","tag-funcionara-en-casbas"],"yoast_head":"<!-- This site is optimized with the Yoast SEO plugin v23.4 - https:\/\/yoast.com\/wordpress\/plugins\/seo\/ -->\n<title>Se inaugur\u00f3 d\u00edas pasados el Centro Universitario de Guamin\u00ed - Infoecos<\/title>\n<meta name=\"robots\" content=\"index, follow, max-snippet:-1, max-image-preview:large, max-video-preview:-1\" \/>\n<link rel=\"canonical\" href=\"https:\/\/infoecos.com.ar\/index.php\/se-inauguro-dias-pasados-el-centro-universitario-de-guamini\/\" \/>\n<meta property=\"og:locale\" content=\"es_ES\" \/>\n<meta property=\"og:type\" content=\"article\" \/>\n<meta property=\"og:title\" content=\"Se inaugur\u00f3 d\u00edas pasados el Centro Universitario de Guamin\u00ed - Infoecos\" \/>\n<meta property=\"og:description\" content=\"El nuevo centro, cont\u00f3 con una inversi\u00f3n de $45.000.000 para la construcci\u00f3n de cuatro aulas con capacidad para 30 estudiantes, un aula de inform\u00e1tica para 45 personas, auditorio y SUM\" \/>\n<meta property=\"og:url\" content=\"https:\/\/infoecos.com.ar\/index.php\/se-inauguro-dias-pasados-el-centro-universitario-de-guamini\/\" \/>\n<meta property=\"og:site_name\" content=\"Infoecos\" \/>\n<meta property=\"article:publisher\" content=\"https:\/\/www.facebook.com\/profile.php?id=100063200290284\" \/>\n<meta property=\"article:published_time\" content=\"2023-09-28T19:30:31+00:00\" \/>\n<meta property=\"article:modified_time\" content=\"2023-10-02T04:57:46+00:00\" \/>\n<meta property=\"og:image\" content=\"https:\/\/infoecos.com.ar\/wp-content\/uploads\/2023\/09\/image-148.png\" \/>\n\t<meta property=\"og:image:width\" content=\"795\" \/>\n\t<meta property=\"og:image:height\" content=\"552\" \/>\n\t<meta property=\"og:image:type\" content=\"image\/png\" \/>\n<meta name=\"author\" content=\"Jorge Matheus\" \/>\n<meta name=\"twitter:card\" content=\"summary_large_image\" \/>\n<meta name=\"twitter:creator\" content=\"@infoecos\" \/>\n<meta name=\"twitter:site\" content=\"@infoecos\" \/>\n<meta name=\"twitter:label1\" content=\"Escrito por\" \/>\n\t<meta name=\"twitter:data1\" content=\"Jorge Matheus\" \/>\n\t<meta name=\"twitter:label2\" content=\"Tiempo de lectura\" \/>\n\t<meta name=\"twitter:data2\" content=\"2 minutos\" \/>\n<script type=\"application\/ld+json\" class=\"yoast-schema-graph\">{\"@context\":\"https:\/\/schema.org\",\"@graph\":[{\"@type\":\"Article\",\"@id\":\"https:\/\/infoecos.com.ar\/index.php\/se-inauguro-dias-pasados-el-centro-universitario-de-guamini\/#article\",\"isPartOf\":{\"@id\":\"https:\/\/infoecos.com.ar\/index.php\/se-inauguro-dias-pasados-el-centro-universitario-de-guamini\/\"},\"author\":{\"name\":\"Jorge Matheus\",\"@id\":\"https:\/\/infoecos.com.ar\/#\/schema\/person\/8f5ace5ce73b4b4aac4b7245aee6f191\"},\"headline\":\"Se inaugur\u00f3 d\u00edas pasados el Centro Universitario de Guamin\u00ed\",\"datePublished\":\"2023-09-28T19:30:31+00:00\",\"dateModified\":\"2023-10-02T04:57:46+00:00\",\"mainEntityOfPage\":{\"@id\":\"https:\/\/infoecos.com.ar\/index.php\/se-inauguro-dias-pasados-el-centro-universitario-de-guamini\/\"},\"wordCount\":239,\"publisher\":{\"@id\":\"https:\/\/infoecos.com.ar\/#organization\"},\"image\":{\"@id\":\"https:\/\/infoecos.com.ar\/index.php\/se-inauguro-dias-pasados-el-centro-universitario-de-guamini\/#primaryimage\"},\"thumbnailUrl\":\"https:\/\/infoecos.com.ar\/wp-content\/uploads\/2023\/09\/image-148.png\",\"keywords\":[\"funcionar\u00e1 en Casbas\"],\"articleSection\":[\"Bloque inferior - 9\"],\"inLanguage\":\"es\"},{\"@type\":\"WebPage\",\"@id\":\"https:\/\/infoecos.com.ar\/index.php\/se-inauguro-dias-pasados-el-centro-universitario-de-guamini\/\",\"url\":\"https:\/\/infoecos.com.ar\/index.php\/se-inauguro-dias-pasados-el-centro-universitario-de-guamini\/\",\"name\":\"Se inaugur\u00f3 d\u00edas pasados el Centro Universitario de Guamin\u00ed - Infoecos\",\"isPartOf\":{\"@id\":\"https:\/\/infoecos.com.ar\/#website\"},\"primaryImageOfPage\":{\"@id\":\"https:\/\/infoecos.com.ar\/index.php\/se-inauguro-dias-pasados-el-centro-universitario-de-guamini\/#primaryimage\"},\"image\":{\"@id\":\"https:\/\/infoecos.com.ar\/index.php\/se-inauguro-dias-pasados-el-centro-universitario-de-guamini\/#primaryimage\"},\"thumbnailUrl\":\"https:\/\/infoecos.com.ar\/wp-content\/uploads\/2023\/09\/image-148.png\",\"datePublished\":\"2023-09-28T19:30:31+00:00\",\"dateModified\":\"2023-10-02T04:57:46+00:00\",\"breadcrumb\":{\"@id\":\"https:\/\/infoecos.com.ar\/index.php\/se-inauguro-dias-pasados-el-centro-universitario-de-guamini\/#breadcrumb\"},\"inLanguage\":\"es\",\"potentialAction\":[{\"@type\":\"ReadAction\",\"target\":[\"https:\/\/infoecos.com.ar\/index.php\/se-inauguro-dias-pasados-el-centro-universitario-de-guamini\/\"]}]},{\"@type\":\"ImageObject\",\"inLanguage\":\"es\",\"@id\":\"https:\/\/infoecos.com.ar\/index.php\/se-inauguro-dias-pasados-el-centro-universitario-de-guamini\/#primaryimage\",\"url\":\"https:\/\/infoecos.com.ar\/wp-content\/uploads\/2023\/09\/image-148.png\",\"contentUrl\":\"https:\/\/infoecos.com.ar\/wp-content\/uploads\/2023\/09\/image-148.png\",\"width\":795,\"height\":552},{\"@type\":\"BreadcrumbList\",\"@id\":\"https:\/\/infoecos.com.ar\/index.php\/se-inauguro-dias-pasados-el-centro-universitario-de-guamini\/#breadcrumb\",\"itemListElement\":[{\"@type\":\"ListItem\",\"position\":1,\"name\":\"Portada\",\"item\":\"https:\/\/infoecos.com.ar\/\"},{\"@type\":\"ListItem\",\"position\":2,\"name\":\"Se inaugur\u00f3 d\u00edas pasados el Centro Universitario de Guamin\u00ed\"}]},{\"@type\":\"WebSite\",\"@id\":\"https:\/\/infoecos.com.ar\/#website\",\"url\":\"https:\/\/infoecos.com.ar\/\",\"name\":\"Infoecos\",\"description\":\"Noticias de trenque lauquen y la zona\",\"publisher\":{\"@id\":\"https:\/\/infoecos.com.ar\/#organization\"},\"alternateName\":\"Noticias\",\"potentialAction\":[{\"@type\":\"SearchAction\",\"target\":{\"@type\":\"EntryPoint\",\"urlTemplate\":\"https:\/\/infoecos.com.ar\/?s={search_term_string}\"},\"query-input\":{\"@type\":\"PropertyValueSpecification\",\"valueRequired\":true,\"valueName\":\"search_term_string\"}}],\"inLanguage\":\"es\"},{\"@type\":\"Organization\",\"@id\":\"https:\/\/infoecos.com.ar\/#organization\",\"name\":\"Infoecos\",\"alternateName\":\"Noticias\",\"url\":\"https:\/\/infoecos.com.ar\/\",\"logo\":{\"@type\":\"ImageObject\",\"inLanguage\":\"es\",\"@id\":\"https:\/\/infoecos.com.ar\/#\/schema\/logo\/image\/\",\"url\":\"https:\/\/infoecos.com.ar\/wp-content\/uploads\/2024\/03\/cropped-logo.png\",\"contentUrl\":\"https:\/\/infoecos.com.ar\/wp-content\/uploads\/2024\/03\/cropped-logo.png\",\"width\":374,\"height\":90,\"caption\":\"Infoecos\"},\"image\":{\"@id\":\"https:\/\/infoecos.com.ar\/#\/schema\/logo\/image\/\"},\"sameAs\":[\"https:\/\/www.facebook.com\/profile.php?id=100063200290284\",\"https:\/\/x.com\/infoecos\"]},{\"@type\":\"Person\",\"@id\":\"https:\/\/infoecos.com.ar\/#\/schema\/person\/8f5ace5ce73b4b4aac4b7245aee6f191\",\"name\":\"Jorge Matheus\",\"url\":\"https:\/\/infoecos.com.ar\/index.php\/author\/jomatheus\/\"}]}<\/script>\n<!-- \/ Yoast SEO plugin. -->","yoast_head_json":{"title":"Se inaugur\u00f3 d\u00edas pasados el Centro Universitario de Guamin\u00ed - Infoecos","robots":{"index":"index","follow":"follow","max-snippet":"max-snippet:-1","max-image-preview":"max-image-preview:large","max-video-preview":"max-video-preview:-1"},"canonical":"https:\/\/infoecos.com.ar\/index.php\/se-inauguro-dias-pasados-el-centro-universitario-de-guamini\/","og_locale":"es_ES","og_type":"article","og_title":"Se inaugur\u00f3 d\u00edas pasados el Centro Universitario de Guamin\u00ed - Infoecos","og_description":"El nuevo centro, cont\u00f3 con una inversi\u00f3n de $45.000.000 para la construcci\u00f3n de cuatro aulas con capacidad para 30 estudiantes, un aula de inform\u00e1tica para 45 personas, auditorio y SUM","og_url":"https:\/\/infoecos.com.ar\/index.php\/se-inauguro-dias-pasados-el-centro-universitario-de-guamini\/","og_site_name":"Infoecos","article_publisher":"https:\/\/www.facebook.com\/profile.php?id=100063200290284","article_published_time":"2023-09-28T19:30:31+00:00","article_modified_time":"2023-10-02T04:57:46+00:00","og_image":[{"width":795,"height":552,"url":"https:\/\/infoecos.com.ar\/wp-content\/uploads\/2023\/09\/image-148.png","type":"image\/png"}],"author":"Jorge Matheus","twitter_card":"summary_large_image","twitter_creator":"@infoecos","twitter_site":"@infoecos","twitter_misc":{"Escrito por":"Jorge Matheus","Tiempo de lectura":"2 minutos"},"schema":{"@context":"https:\/\/schema.org","@graph":[{"@type":"Article","@id":"https:\/\/infoecos.com.ar\/index.php\/se-inauguro-dias-pasados-el-centro-universitario-de-guamini\/#article","isPartOf":{"@id":"https:\/\/infoecos.com.ar\/index.php\/se-inauguro-dias-pasados-el-centro-universitario-de-guamini\/"},"author":{"name":"Jorge Matheus","@id":"https:\/\/infoecos.com.ar\/#\/schema\/person\/8f5ace5ce73b4b4aac4b7245aee6f191"},"headline":"Se inaugur\u00f3 d\u00edas pasados el Centro Universitario de Guamin\u00ed","datePublished":"2023-09-28T19:30:31+00:00","dateModified":"2023-10-02T04:57:46+00:00","mainEntityOfPage":{"@id":"https:\/\/infoecos.com.ar\/index.php\/se-inauguro-dias-pasados-el-centro-universitario-de-guamini\/"},"wordCount":239,"publisher":{"@id":"https:\/\/infoecos.com.ar\/#organization"},"image":{"@id":"https:\/\/infoecos.com.ar\/index.php\/se-inauguro-dias-pasados-el-centro-universitario-de-guamini\/#primaryimage"},"thumbnailUrl":"https:\/\/infoecos.com.ar\/wp-content\/uploads\/2023\/09\/image-148.png","keywords":["funcionar\u00e1 en Casbas"],"articleSection":["Bloque inferior - 9"],"inLanguage":"es"},{"@type":"WebPage","@id":"https:\/\/infoecos.com.ar\/index.php\/se-inauguro-dias-pasados-el-centro-universitario-de-guamini\/","url":"https:\/\/infoecos.com.ar\/index.php\/se-inauguro-dias-pasados-el-centro-universitario-de-guamini\/","name":"Se inaugur\u00f3 d\u00edas pasados el Centro Universitario de Guamin\u00ed - Infoecos","isPartOf":{"@id":"https:\/\/infoecos.com.ar\/#website"},"primaryImageOfPage":{"@id":"https:\/\/infoecos.com.ar\/index.php\/se-inauguro-dias-pasados-el-centro-universitario-de-guamini\/#primaryimage"},"image":{"@id":"https:\/\/infoecos.com.ar\/index.php\/se-inauguro-dias-pasados-el-centro-universitario-de-guamini\/#primaryimage"},"thumbnailUrl":"https:\/\/infoecos.com.ar\/wp-content\/uploads\/2023\/09\/image-148.png","datePublished":"2023-09-28T19:30:31+00:00","dateModified":"2023-10-02T04:57:46+00:00","breadcrumb":{"@id":"https:\/\/infoecos.com.ar\/index.php\/se-inauguro-dias-pasados-el-centro-universitario-de-guamini\/#breadcrumb"},"inLanguage":"es","potentialAction":[{"@type":"ReadAction","target":["https:\/\/infoecos.com.ar\/index.php\/se-inauguro-dias-pasados-el-centro-universitario-de-guamini\/"]}]},{"@type":"ImageObject","inLanguage":"es","@id":"https:\/\/infoecos.com.ar\/index.php\/se-inauguro-dias-pasados-el-centro-universitario-de-guamini\/#primaryimage","url":"https:\/\/infoecos.com.ar\/wp-content\/uploads\/2023\/09\/image-148.png","contentUrl":"https:\/\/infoecos.com.ar\/wp-content\/uploads\/2023\/09\/image-148.png","width":795,"height":552},{"@type":"BreadcrumbList","@id":"https:\/\/infoecos.com.ar\/index.php\/se-inauguro-dias-pasados-el-centro-universitario-de-guamini\/#breadcrumb","itemListElement":[{"@type":"ListItem","position":1,"name":"Portada","item":"https:\/\/infoecos.com.ar\/"},{"@type":"ListItem","position":2,"name":"Se inaugur\u00f3 d\u00edas pasados el Centro Universitario de Guamin\u00ed"}]},{"@type":"WebSite","@id":"https:\/\/infoecos.com.ar\/#website","url":"https:\/\/infoecos.com.ar\/","name":"Infoecos","description":"Noticias de trenque lauquen y la zona","publisher":{"@id":"https:\/\/infoecos.com.ar\/#organization"},"alternateName":"Noticias","potentialAction":[{"@type":"SearchAction","target":{"@type":"EntryPoint","urlTemplate":"https:\/\/infoecos.com.ar\/?s={search_term_string}"},"query-input":{"@type":"PropertyValueSpecification","valueRequired":true,"valueName":"search_term_string"}}],"inLanguage":"es"},{"@type":"Organization","@id":"https:\/\/infoecos.com.ar\/#organization","name":"Infoecos","alternateName":"Noticias","url":"https:\/\/infoecos.com.ar\/","logo":{"@type":"ImageObject","inLanguage":"es","@id":"https:\/\/infoecos.com.ar\/#\/schema\/logo\/image\/","url":"https:\/\/infoecos.com.ar\/wp-content\/uploads\/2024\/03\/cropped-logo.png","contentUrl":"https:\/\/infoecos.com.ar\/wp-content\/uploads\/2024\/03\/cropped-logo.png","width":374,"height":90,"caption":"Infoecos"},"image":{"@id":"https:\/\/infoecos.com.ar\/#\/schema\/logo\/image\/"},"sameAs":["https:\/\/www.facebook.com\/profile.php?id=100063200290284","https:\/\/x.com\/infoecos"]},{"@type":"Person","@id":"https:\/\/infoecos.com.ar\/#\/schema\/person\/8f5ace5ce73b4b4aac4b7245aee6f191","name":"Jorge Matheus","url":"https:\/\/infoecos.com.ar\/index.php\/author\/jomatheus\/"}]}},"featured_image_urls":{"full":["https:\/\/infoecos.com.ar\/wp-content\/uploads\/2023\/09\/image-148.png",795,552,false],"thumbnail":["https:\/\/infoecos.com.ar\/wp-content\/uploads\/2023\/09\/image-148-300x150.png",300,150,true],"medium":["https:\/\/infoecos.com.ar\/wp-content\/uploads\/2023\/09\/image-148.png",795,552,false],"medium_large":["https:\/\/infoecos.com.ar\/wp-content\/uploads\/2023\/09\/image-148-768x533.png",640,444,true],"large":["https:\/\/infoecos.com.ar\/wp-content\/uploads\/2023\/09\/image-148.png",640,444,false],"1536x1536":["https:\/\/infoecos.com.ar\/wp-content\/uploads\/2023\/09\/image-148.png",795,552,false],"2048x2048":["https:\/\/infoecos.com.ar\/wp-content\/uploads\/2023\/09\/image-148.png",795,552,false],"covernews-slider-full":["https:\/\/infoecos.com.ar\/wp-content\/uploads\/2023\/09\/image-148.png",795,552,false],"covernews-slider-center":["https:\/\/infoecos.com.ar\/wp-content\/uploads\/2023\/09\/image-148.png",720,500,false],"covernews-featured":["https:\/\/infoecos.com.ar\/wp-content\/uploads\/2023\/09\/image-148.png",795,552,false],"covernews-medium":["https:\/\/infoecos.com.ar\/wp-content\/uploads\/2023\/09\/image-148-720x380.png",540,285,true],"covernews-medium-square":["https:\/\/infoecos.com.ar\/wp-content\/uploads\/2023\/09\/image-148-675x450.png",375,250,true]},"author_info":{"info":["Jorge Matheus"]},"category_info":"<a href=\"https:\/\/infoecos.com.ar\/index.php\/category\/inferior9\/\" rel=\"category tag\">Bloque inferior - 9<\/a>","tag_info":"Bloque inferior - 9","comment_count":"0","_links":{"self":[{"href":"https:\/\/infoecos.com.ar\/index.php\/wp-json\/wp\/v2\/posts\/113170"}],"collection":[{"href":"https:\/\/infoecos.com.ar\/index.php\/wp-json\/wp\/v2\/posts"}],"about":[{"href":"https:\/\/infoecos.com.ar\/index.php\/wp-json\/wp\/v2\/types\/post"}],"author":[{"embeddable":true,"href":"https:\/\/infoecos.com.ar\/index.php\/wp-json\/wp\/v2\/users\/2"}],"replies":[{"embeddable":true,"href":"https:\/\/infoecos.com.ar\/index.php\/wp-json\/wp\/v2\/comments?post=113170"}],"version-history":[{"count":1,"href":"https:\/\/infoecos.com.ar\/index.php\/wp-json\/wp\/v2\/posts\/113170\/revisions"}],"predecessor-version":[{"id":113172,"href":"https:\/\/infoecos.com.ar\/index.php\/wp-json\/wp\/v2\/posts\/113170\/revisions\/113172"}],"wp:featuredmedia":[{"embeddable":true,"href":"https:\/\/infoecos.com.ar\/index.php\/wp-json\/wp\/v2\/media\/113171"}],"wp:attachment":[{"href":"https:\/\/infoecos.com.ar\/index.php\/wp-json\/wp\/v2\/media?parent=113170"}],"wp:term":[{"taxonomy":"category","embeddable":true,"href":"https:\/\/infoecos.com.ar\/index.php\/wp-json\/wp\/v2\/categories?post=113170"},{"taxonomy":"post_tag","embeddable":true,"href":"https:\/\/infoecos.com.ar\/index.php\/wp-json\/wp\/v2\/tags?post=113170"}],"curies":[{"name":"wp","href":"https:\/\/api.w.org\/{rel}","templated":true}]}}