{"id":113217,"date":"2023-09-29T00:41:37","date_gmt":"2023-09-29T03:41:37","guid":{"rendered":"https:\/\/infoecos.com.ar\/?p=113217"},"modified":"2023-09-29T00:42:18","modified_gmt":"2023-09-29T03:42:18","slug":"en-la-movida-para-este-fin-de-semana-se-destaca-para-este-viernes-mujeres-de-pueblo-chico","status":"publish","type":"post","link":"https:\/\/infoecos.com.ar\/index.php\/en-la-movida-para-este-fin-de-semana-se-destaca-para-este-viernes-mujeres-de-pueblo-chico\/","title":{"rendered":"En la \u00abmovida\u00bb del fin de semana se destaca, para este viernes, \u00abMujeres de Pueblo Chico\u00bb"},"content":{"rendered":"\n<figure class=\"wp-block-image aligncenter size-full is-resized\"><img loading=\"lazy\" decoding=\"async\" src=\"https:\/\/infoecos.com.ar\/wp-content\/uploads\/2021\/09\/Teatro-Espanol.jpg\" alt=\"\" class=\"wp-image-85974\" width=\"463\" height=\"309\" srcset=\"https:\/\/infoecos.com.ar\/wp-content\/uploads\/2021\/09\/Teatro-Espanol.jpg 852w, https:\/\/infoecos.com.ar\/wp-content\/uploads\/2021\/09\/Teatro-Espanol-460x307.jpg 460w, https:\/\/infoecos.com.ar\/wp-content\/uploads\/2021\/09\/Teatro-Espanol-768x512.jpg 768w, https:\/\/infoecos.com.ar\/wp-content\/uploads\/2021\/09\/Teatro-Espanol-675x450.jpg 675w\" sizes=\"(max-width: 463px) 100vw, 463px\" \/><\/figure>\n\n\n\n<p><strong>VIERNES 29<\/strong><\/p>\n\n\n\n<ul class=\"wp-block-list\">\n<li><strong>\u201cMujeres de pueblo chico\u201d \/ Grupo de teatro Marabunta<\/strong>. A las 21 hs. En el Teatro<br>Espa\u00f1ol. Obra de Federico Garc\u00eda Lorca, con la direcci\u00f3n de Mart\u00edn Urbaneja y la<br>asistencia art\u00edstica de Graciela Rodr\u00edguez. Valor de la entrada: 1.500 pesos.  De 7 a 13 pueden adquirirse en la direcci\u00f3n de Cultura y Educaci\u00f3n del<br>Municipio. Por la ma\u00f1ana de hoy, adem\u00e1s, habr\u00e1 una funci\u00f3n a la que asistir\u00e1n unos 200<br>estudiantes de nivel secundario.<\/li>\n\n\n\n<li><strong>Cine Barrio Alegre<\/strong><br>21:30 hs. El Vasco (2D) (D:98) (A.T.P) Espa\u00f1ol. Espacio INCAA.<\/li>\n\n\n\n<li><br><strong>S\u00c1BADO 30<\/strong><\/li>\n\n\n\n<li><\/li>\n\n\n\n<li>Definici\u00f3n 1\u00ba Torneo Apertura de la Liga Trenquelauquenche de Newcom \/ Categor\u00eda<br>+50. Desde las 12. En el Polideportivo Municipal. Se juegan la 8\u00aa y 9\u00aa y \u00faltima fecha.<br>Organizan la direcci\u00f3n de Deporte municipal con el acompa\u00f1amiento del CEF n\u00ba18.<\/li>\n\n\n\n<li>La Feria. Desde las 11 hs. En el play\u00f3n del Camping Barrio Alegre, acompa\u00f1ando el<br>Primer Encuentro de Cicloturismo. Artesanos, manualistas y peque\u00f1os productores,<br>juegos, biblioteca ambulante y artistas. Tambi\u00e9n ma\u00f1ana (domingo).<\/li>\n\n\n\n<li>Biciturismo con Rotary, A partir de las 16. Salida desde la oficina de Turismo<br>municipal, en Pereyra Rozas y Avenida Garc\u00eda Salinas, con un recorrido que<br>contemplar\u00e1 visitas guiadas al Museo Almafuerte, el Parque Municipal Conrado<br>Villegas y la sede de Rotary Club Trenque Lauquen. No requiere inscripci\u00f3n previa y<br>aquellos\/as que no tengan bicicleta podr\u00e1n reservar una gratis comunic\u00e1ndose al<br>(2392) 61-1980. Actividad que Rotary Club Trenque Lauquen organiza en el marco de<br>su 85\u00ba aniversario junto a la oficina de Promoci\u00f3n Tur\u00edstica, a trav\u00e9s del programa Viv\u00ed<br>Trenque en Bici y la Municipalidad de Trenque Lauquen.<\/li>\n\n\n\n<li>Muestra: \u201cModelo agro exportador y tecnolog\u00eda aplicada\u201d. Desde las 15 hs. en las<br>instalaciones del museo en desarrollo \u201cBien de otra \u00e9poca\u201d. Colecci\u00f3n Roberto Mileo.<br>Abierta al p\u00fablico. Se dispondr\u00e1 un espacio destinado a la colaboraci\u00f3n con alumnos<br>de la Escuela n\u00b0 10 Ren\u00e9 Favaloro, quienes est\u00e1n juntando dinero para realizar un viaje<br>de estudios.<\/li>\n\n\n\n<li>Taller de cocina y feria de alimentos agroecol\u00f3gicos. Desde las 16 hs. Plaza San<br>Mart\u00edn, en 30 de Agosto. A cargo del chef instructor y asesor orientado en nutrici\u00f3n,<br>Luis Luna. A las 18 hs. se plantar\u00e1n \u00e1rboles nativos y a las 19 habr\u00e1 un cierre con<br>m\u00fasica en vivo.<\/li>\n\n\n\n<li>Fantas\u00eda sobre Hielo. A las 18.30 y 21.30. En la sede del Club Barrio Alegre (Brown<br>78). Con nuevas tecnolog\u00edas de hielo ecol\u00f3gico. Entradas: Preferencial, $ 4.000 y<br>Platea, $ 3.000: En venta en la Boleter\u00eda del Cine. Tambi\u00e9n en la Sede del Club, de 10 a<br>13 de 17 a 20 hs. O por entradas web:<br>https:\/\/www.entradaweb.com.ar\/index.php?r=site\/detalles&amp;d=e888b4de<\/li>\n\n\n\n<li>El acompa\u00f1amiento. A las 20.30. En el Cearte (S\u00e1enz Pe\u00f1a 250). Obra de teatro<br>escrita por Carlos Gorostiza dirigida por Luis Cabrera. Act\u00faan Tito Ciminari y Jos\u00e9<br>Terrero. Reservas al (2392) 44-1109. Entradas anticipadas con descuento. Boleter\u00eda: de<br>18 a 20 hs.:<\/li>\n\n\n\n<li>Cine Barrio Alegre<br>15:00 hs. La traviesa hada de los dientes (2D) (D:85) ( A.T.P) Espa\u00f1ol.<br>18:30 hs. El Vasco (2D) (D:98) (A.T.P) Espa\u00f1ol. Espacio INCAA.<br>21:30 hs. La Monja 2 (2D) (D:110) (P.13) Su<\/li>\n<\/ul>\n","protected":false},"excerpt":{"rendered":"<p>Obra de Federico Garc\u00eda Lorca, con la direcci\u00f3n de Mart\u00edn Urbaneja y la<br \/>\nasistencia art\u00edstica de Graciela Rodr\u00edguez<\/p>\n","protected":false},"author":2,"featured_media":84195,"comment_status":"closed","ping_status":"open","sticky":false,"template":"","format":"standard","meta":{"footnotes":""},"categories":[50],"tags":[6221],"class_list":["post-113217","post","type-post","status-publish","format-standard","has-post-thumbnail","hentry","category-c1nota4","tag-en-el-teatro-espanol"],"yoast_head":"<!-- This site is optimized with the Yoast SEO plugin v23.4 - https:\/\/yoast.com\/wordpress\/plugins\/seo\/ -->\n<title>En la &quot;movida&quot; del fin de semana se destaca, para este viernes, &quot;Mujeres de Pueblo Chico&quot; - Infoecos<\/title>\n<meta name=\"robots\" content=\"index, follow, max-snippet:-1, max-image-preview:large, max-video-preview:-1\" \/>\n<link rel=\"canonical\" href=\"https:\/\/infoecos.com.ar\/index.php\/en-la-movida-para-este-fin-de-semana-se-destaca-para-este-viernes-mujeres-de-pueblo-chico\/\" \/>\n<meta property=\"og:locale\" content=\"es_ES\" \/>\n<meta property=\"og:type\" content=\"article\" \/>\n<meta property=\"og:title\" content=\"En la &quot;movida&quot; del fin de semana se destaca, para este viernes, &quot;Mujeres de Pueblo Chico&quot; - Infoecos\" \/>\n<meta property=\"og:description\" content=\"Obra de Federico Garc\u00eda Lorca, con la direcci\u00f3n de Mart\u00edn Urbaneja y la asistencia art\u00edstica de Graciela Rodr\u00edguez\" \/>\n<meta property=\"og:url\" content=\"https:\/\/infoecos.com.ar\/index.php\/en-la-movida-para-este-fin-de-semana-se-destaca-para-este-viernes-mujeres-de-pueblo-chico\/\" \/>\n<meta property=\"og:site_name\" content=\"Infoecos\" \/>\n<meta property=\"article:publisher\" content=\"https:\/\/www.facebook.com\/profile.php?id=100063200290284\" \/>\n<meta property=\"article:published_time\" content=\"2023-09-29T03:41:37+00:00\" \/>\n<meta property=\"article:modified_time\" content=\"2023-09-29T03:42:18+00:00\" \/>\n<meta property=\"og:image\" content=\"https:\/\/infoecos.com.ar\/wp-content\/uploads\/2021\/08\/Teatro-Espanol-2.jpg\" \/>\n\t<meta property=\"og:image:width\" content=\"852\" \/>\n\t<meta property=\"og:image:height\" content=\"568\" \/>\n\t<meta property=\"og:image:type\" content=\"image\/jpeg\" \/>\n<meta name=\"author\" content=\"Jorge Matheus\" \/>\n<meta name=\"twitter:card\" content=\"summary_large_image\" \/>\n<meta name=\"twitter:creator\" content=\"@infoecos\" \/>\n<meta name=\"twitter:site\" content=\"@infoecos\" \/>\n<meta name=\"twitter:label1\" content=\"Escrito por\" \/>\n\t<meta name=\"twitter:data1\" content=\"Jorge Matheus\" \/>\n\t<meta name=\"twitter:label2\" content=\"Tiempo de lectura\" \/>\n\t<meta name=\"twitter:data2\" content=\"3 minutos\" \/>\n<script type=\"application\/ld+json\" class=\"yoast-schema-graph\">{\"@context\":\"https:\/\/schema.org\",\"@graph\":[{\"@type\":\"Article\",\"@id\":\"https:\/\/infoecos.com.ar\/index.php\/en-la-movida-para-este-fin-de-semana-se-destaca-para-este-viernes-mujeres-de-pueblo-chico\/#article\",\"isPartOf\":{\"@id\":\"https:\/\/infoecos.com.ar\/index.php\/en-la-movida-para-este-fin-de-semana-se-destaca-para-este-viernes-mujeres-de-pueblo-chico\/\"},\"author\":{\"name\":\"Jorge Matheus\",\"@id\":\"https:\/\/infoecos.com.ar\/#\/schema\/person\/8f5ace5ce73b4b4aac4b7245aee6f191\"},\"headline\":\"En la \u00abmovida\u00bb del fin de semana se destaca, para este viernes, \u00abMujeres de Pueblo Chico\u00bb\",\"datePublished\":\"2023-09-29T03:41:37+00:00\",\"dateModified\":\"2023-09-29T03:42:18+00:00\",\"mainEntityOfPage\":{\"@id\":\"https:\/\/infoecos.com.ar\/index.php\/en-la-movida-para-este-fin-de-semana-se-destaca-para-este-viernes-mujeres-de-pueblo-chico\/\"},\"wordCount\":530,\"publisher\":{\"@id\":\"https:\/\/infoecos.com.ar\/#organization\"},\"image\":{\"@id\":\"https:\/\/infoecos.com.ar\/index.php\/en-la-movida-para-este-fin-de-semana-se-destaca-para-este-viernes-mujeres-de-pueblo-chico\/#primaryimage\"},\"thumbnailUrl\":\"https:\/\/infoecos.com.ar\/wp-content\/uploads\/2021\/08\/Teatro-Espanol-2.jpg\",\"keywords\":[\"EN EL TEATRO ESPA\u00d1OL\"],\"articleSection\":[\"C1 N4\"],\"inLanguage\":\"es\"},{\"@type\":\"WebPage\",\"@id\":\"https:\/\/infoecos.com.ar\/index.php\/en-la-movida-para-este-fin-de-semana-se-destaca-para-este-viernes-mujeres-de-pueblo-chico\/\",\"url\":\"https:\/\/infoecos.com.ar\/index.php\/en-la-movida-para-este-fin-de-semana-se-destaca-para-este-viernes-mujeres-de-pueblo-chico\/\",\"name\":\"En la \\\"movida\\\" del fin de semana se destaca, para este viernes, \\\"Mujeres de Pueblo Chico\\\" - Infoecos\",\"isPartOf\":{\"@id\":\"https:\/\/infoecos.com.ar\/#website\"},\"primaryImageOfPage\":{\"@id\":\"https:\/\/infoecos.com.ar\/index.php\/en-la-movida-para-este-fin-de-semana-se-destaca-para-este-viernes-mujeres-de-pueblo-chico\/#primaryimage\"},\"image\":{\"@id\":\"https:\/\/infoecos.com.ar\/index.php\/en-la-movida-para-este-fin-de-semana-se-destaca-para-este-viernes-mujeres-de-pueblo-chico\/#primaryimage\"},\"thumbnailUrl\":\"https:\/\/infoecos.com.ar\/wp-content\/uploads\/2021\/08\/Teatro-Espanol-2.jpg\",\"datePublished\":\"2023-09-29T03:41:37+00:00\",\"dateModified\":\"2023-09-29T03:42:18+00:00\",\"breadcrumb\":{\"@id\":\"https:\/\/infoecos.com.ar\/index.php\/en-la-movida-para-este-fin-de-semana-se-destaca-para-este-viernes-mujeres-de-pueblo-chico\/#breadcrumb\"},\"inLanguage\":\"es\",\"potentialAction\":[{\"@type\":\"ReadAction\",\"target\":[\"https:\/\/infoecos.com.ar\/index.php\/en-la-movida-para-este-fin-de-semana-se-destaca-para-este-viernes-mujeres-de-pueblo-chico\/\"]}]},{\"@type\":\"ImageObject\",\"inLanguage\":\"es\",\"@id\":\"https:\/\/infoecos.com.ar\/index.php\/en-la-movida-para-este-fin-de-semana-se-destaca-para-este-viernes-mujeres-de-pueblo-chico\/#primaryimage\",\"url\":\"https:\/\/infoecos.com.ar\/wp-content\/uploads\/2021\/08\/Teatro-Espanol-2.jpg\",\"contentUrl\":\"https:\/\/infoecos.com.ar\/wp-content\/uploads\/2021\/08\/Teatro-Espanol-2.jpg\",\"width\":852,\"height\":568},{\"@type\":\"BreadcrumbList\",\"@id\":\"https:\/\/infoecos.com.ar\/index.php\/en-la-movida-para-este-fin-de-semana-se-destaca-para-este-viernes-mujeres-de-pueblo-chico\/#breadcrumb\",\"itemListElement\":[{\"@type\":\"ListItem\",\"position\":1,\"name\":\"Portada\",\"item\":\"https:\/\/infoecos.com.ar\/\"},{\"@type\":\"ListItem\",\"position\":2,\"name\":\"En la \u00abmovida\u00bb del fin de semana se destaca, para este viernes, \u00abMujeres de Pueblo Chico\u00bb\"}]},{\"@type\":\"WebSite\",\"@id\":\"https:\/\/infoecos.com.ar\/#website\",\"url\":\"https:\/\/infoecos.com.ar\/\",\"name\":\"Infoecos\",\"description\":\"Noticias de trenque lauquen y la zona\",\"publisher\":{\"@id\":\"https:\/\/infoecos.com.ar\/#organization\"},\"alternateName\":\"Noticias\",\"potentialAction\":[{\"@type\":\"SearchAction\",\"target\":{\"@type\":\"EntryPoint\",\"urlTemplate\":\"https:\/\/infoecos.com.ar\/?s={search_term_string}\"},\"query-input\":{\"@type\":\"PropertyValueSpecification\",\"valueRequired\":true,\"valueName\":\"search_term_string\"}}],\"inLanguage\":\"es\"},{\"@type\":\"Organization\",\"@id\":\"https:\/\/infoecos.com.ar\/#organization\",\"name\":\"Infoecos\",\"alternateName\":\"Noticias\",\"url\":\"https:\/\/infoecos.com.ar\/\",\"logo\":{\"@type\":\"ImageObject\",\"inLanguage\":\"es\",\"@id\":\"https:\/\/infoecos.com.ar\/#\/schema\/logo\/image\/\",\"url\":\"https:\/\/infoecos.com.ar\/wp-content\/uploads\/2024\/03\/cropped-logo.png\",\"contentUrl\":\"https:\/\/infoecos.com.ar\/wp-content\/uploads\/2024\/03\/cropped-logo.png\",\"width\":374,\"height\":90,\"caption\":\"Infoecos\"},\"image\":{\"@id\":\"https:\/\/infoecos.com.ar\/#\/schema\/logo\/image\/\"},\"sameAs\":[\"https:\/\/www.facebook.com\/profile.php?id=100063200290284\",\"https:\/\/x.com\/infoecos\"]},{\"@type\":\"Person\",\"@id\":\"https:\/\/infoecos.com.ar\/#\/schema\/person\/8f5ace5ce73b4b4aac4b7245aee6f191\",\"name\":\"Jorge Matheus\",\"url\":\"https:\/\/infoecos.com.ar\/index.php\/author\/jomatheus\/\"}]}<\/script>\n<!-- \/ Yoast SEO plugin. -->","yoast_head_json":{"title":"En la \"movida\" del fin de semana se destaca, para este viernes, \"Mujeres de Pueblo Chico\" - Infoecos","robots":{"index":"index","follow":"follow","max-snippet":"max-snippet:-1","max-image-preview":"max-image-preview:large","max-video-preview":"max-video-preview:-1"},"canonical":"https:\/\/infoecos.com.ar\/index.php\/en-la-movida-para-este-fin-de-semana-se-destaca-para-este-viernes-mujeres-de-pueblo-chico\/","og_locale":"es_ES","og_type":"article","og_title":"En la \"movida\" del fin de semana se destaca, para este viernes, \"Mujeres de Pueblo Chico\" - Infoecos","og_description":"Obra de Federico Garc\u00eda Lorca, con la direcci\u00f3n de Mart\u00edn Urbaneja y la asistencia art\u00edstica de Graciela Rodr\u00edguez","og_url":"https:\/\/infoecos.com.ar\/index.php\/en-la-movida-para-este-fin-de-semana-se-destaca-para-este-viernes-mujeres-de-pueblo-chico\/","og_site_name":"Infoecos","article_publisher":"https:\/\/www.facebook.com\/profile.php?id=100063200290284","article_published_time":"2023-09-29T03:41:37+00:00","article_modified_time":"2023-09-29T03:42:18+00:00","og_image":[{"width":852,"height":568,"url":"https:\/\/infoecos.com.ar\/wp-content\/uploads\/2021\/08\/Teatro-Espanol-2.jpg","type":"image\/jpeg"}],"author":"Jorge Matheus","twitter_card":"summary_large_image","twitter_creator":"@infoecos","twitter_site":"@infoecos","twitter_misc":{"Escrito por":"Jorge Matheus","Tiempo de lectura":"3 minutos"},"schema":{"@context":"https:\/\/schema.org","@graph":[{"@type":"Article","@id":"https:\/\/infoecos.com.ar\/index.php\/en-la-movida-para-este-fin-de-semana-se-destaca-para-este-viernes-mujeres-de-pueblo-chico\/#article","isPartOf":{"@id":"https:\/\/infoecos.com.ar\/index.php\/en-la-movida-para-este-fin-de-semana-se-destaca-para-este-viernes-mujeres-de-pueblo-chico\/"},"author":{"name":"Jorge Matheus","@id":"https:\/\/infoecos.com.ar\/#\/schema\/person\/8f5ace5ce73b4b4aac4b7245aee6f191"},"headline":"En la \u00abmovida\u00bb del fin de semana se destaca, para este viernes, \u00abMujeres de Pueblo Chico\u00bb","datePublished":"2023-09-29T03:41:37+00:00","dateModified":"2023-09-29T03:42:18+00:00","mainEntityOfPage":{"@id":"https:\/\/infoecos.com.ar\/index.php\/en-la-movida-para-este-fin-de-semana-se-destaca-para-este-viernes-mujeres-de-pueblo-chico\/"},"wordCount":530,"publisher":{"@id":"https:\/\/infoecos.com.ar\/#organization"},"image":{"@id":"https:\/\/infoecos.com.ar\/index.php\/en-la-movida-para-este-fin-de-semana-se-destaca-para-este-viernes-mujeres-de-pueblo-chico\/#primaryimage"},"thumbnailUrl":"https:\/\/infoecos.com.ar\/wp-content\/uploads\/2021\/08\/Teatro-Espanol-2.jpg","keywords":["EN EL TEATRO ESPA\u00d1OL"],"articleSection":["C1 N4"],"inLanguage":"es"},{"@type":"WebPage","@id":"https:\/\/infoecos.com.ar\/index.php\/en-la-movida-para-este-fin-de-semana-se-destaca-para-este-viernes-mujeres-de-pueblo-chico\/","url":"https:\/\/infoecos.com.ar\/index.php\/en-la-movida-para-este-fin-de-semana-se-destaca-para-este-viernes-mujeres-de-pueblo-chico\/","name":"En la \"movida\" del fin de semana se destaca, para este viernes, \"Mujeres de Pueblo Chico\" - Infoecos","isPartOf":{"@id":"https:\/\/infoecos.com.ar\/#website"},"primaryImageOfPage":{"@id":"https:\/\/infoecos.com.ar\/index.php\/en-la-movida-para-este-fin-de-semana-se-destaca-para-este-viernes-mujeres-de-pueblo-chico\/#primaryimage"},"image":{"@id":"https:\/\/infoecos.com.ar\/index.php\/en-la-movida-para-este-fin-de-semana-se-destaca-para-este-viernes-mujeres-de-pueblo-chico\/#primaryimage"},"thumbnailUrl":"https:\/\/infoecos.com.ar\/wp-content\/uploads\/2021\/08\/Teatro-Espanol-2.jpg","datePublished":"2023-09-29T03:41:37+00:00","dateModified":"2023-09-29T03:42:18+00:00","breadcrumb":{"@id":"https:\/\/infoecos.com.ar\/index.php\/en-la-movida-para-este-fin-de-semana-se-destaca-para-este-viernes-mujeres-de-pueblo-chico\/#breadcrumb"},"inLanguage":"es","potentialAction":[{"@type":"ReadAction","target":["https:\/\/infoecos.com.ar\/index.php\/en-la-movida-para-este-fin-de-semana-se-destaca-para-este-viernes-mujeres-de-pueblo-chico\/"]}]},{"@type":"ImageObject","inLanguage":"es","@id":"https:\/\/infoecos.com.ar\/index.php\/en-la-movida-para-este-fin-de-semana-se-destaca-para-este-viernes-mujeres-de-pueblo-chico\/#primaryimage","url":"https:\/\/infoecos.com.ar\/wp-content\/uploads\/2021\/08\/Teatro-Espanol-2.jpg","contentUrl":"https:\/\/infoecos.com.ar\/wp-content\/uploads\/2021\/08\/Teatro-Espanol-2.jpg","width":852,"height":568},{"@type":"BreadcrumbList","@id":"https:\/\/infoecos.com.ar\/index.php\/en-la-movida-para-este-fin-de-semana-se-destaca-para-este-viernes-mujeres-de-pueblo-chico\/#breadcrumb","itemListElement":[{"@type":"ListItem","position":1,"name":"Portada","item":"https:\/\/infoecos.com.ar\/"},{"@type":"ListItem","position":2,"name":"En la \u00abmovida\u00bb del fin de semana se destaca, para este viernes, \u00abMujeres de Pueblo Chico\u00bb"}]},{"@type":"WebSite","@id":"https:\/\/infoecos.com.ar\/#website","url":"https:\/\/infoecos.com.ar\/","name":"Infoecos","description":"Noticias de trenque lauquen y la zona","publisher":{"@id":"https:\/\/infoecos.com.ar\/#organization"},"alternateName":"Noticias","potentialAction":[{"@type":"SearchAction","target":{"@type":"EntryPoint","urlTemplate":"https:\/\/infoecos.com.ar\/?s={search_term_string}"},"query-input":{"@type":"PropertyValueSpecification","valueRequired":true,"valueName":"search_term_string"}}],"inLanguage":"es"},{"@type":"Organization","@id":"https:\/\/infoecos.com.ar\/#organization","name":"Infoecos","alternateName":"Noticias","url":"https:\/\/infoecos.com.ar\/","logo":{"@type":"ImageObject","inLanguage":"es","@id":"https:\/\/infoecos.com.ar\/#\/schema\/logo\/image\/","url":"https:\/\/infoecos.com.ar\/wp-content\/uploads\/2024\/03\/cropped-logo.png","contentUrl":"https:\/\/infoecos.com.ar\/wp-content\/uploads\/2024\/03\/cropped-logo.png","width":374,"height":90,"caption":"Infoecos"},"image":{"@id":"https:\/\/infoecos.com.ar\/#\/schema\/logo\/image\/"},"sameAs":["https:\/\/www.facebook.com\/profile.php?id=100063200290284","https:\/\/x.com\/infoecos"]},{"@type":"Person","@id":"https:\/\/infoecos.com.ar\/#\/schema\/person\/8f5ace5ce73b4b4aac4b7245aee6f191","name":"Jorge Matheus","url":"https:\/\/infoecos.com.ar\/index.php\/author\/jomatheus\/"}]}},"featured_image_urls":{"full":["https:\/\/infoecos.com.ar\/wp-content\/uploads\/2021\/08\/Teatro-Espanol-2.jpg",852,568,false],"thumbnail":["https:\/\/infoecos.com.ar\/wp-content\/uploads\/2021\/08\/Teatro-Espanol-2-150x150.jpg",150,150,true],"medium":["https:\/\/infoecos.com.ar\/wp-content\/uploads\/2021\/08\/Teatro-Espanol-2-460x307.jpg",460,307,true],"medium_large":["https:\/\/infoecos.com.ar\/wp-content\/uploads\/2021\/08\/Teatro-Espanol-2-768x512.jpg",640,427,true],"large":["https:\/\/infoecos.com.ar\/wp-content\/uploads\/2021\/08\/Teatro-Espanol-2.jpg",640,427,false],"1536x1536":["https:\/\/infoecos.com.ar\/wp-content\/uploads\/2021\/08\/Teatro-Espanol-2.jpg",852,568,false],"2048x2048":["https:\/\/infoecos.com.ar\/wp-content\/uploads\/2021\/08\/Teatro-Espanol-2.jpg",852,568,false],"covernews-slider-full":["https:\/\/infoecos.com.ar\/wp-content\/uploads\/2021\/08\/Teatro-Espanol-2.jpg",852,568,false],"covernews-slider-center":["https:\/\/infoecos.com.ar\/wp-content\/uploads\/2021\/08\/Teatro-Espanol-2.jpg",750,500,false],"covernews-featured":["https:\/\/infoecos.com.ar\/wp-content\/uploads\/2021\/08\/Teatro-Espanol-2.jpg",852,568,false],"covernews-medium":["https:\/\/infoecos.com.ar\/wp-content\/uploads\/2021\/08\/Teatro-Espanol-2-720x380.jpg",540,285,true],"covernews-medium-square":["https:\/\/infoecos.com.ar\/wp-content\/uploads\/2021\/08\/Teatro-Espanol-2-675x450.jpg",375,250,true]},"author_info":{"info":["Jorge Matheus"]},"category_info":"<a href=\"https:\/\/infoecos.com.ar\/index.php\/category\/c1nota4\/\" rel=\"category tag\">C1 N4<\/a>","tag_info":"C1 N4","comment_count":"0","_links":{"self":[{"href":"https:\/\/infoecos.com.ar\/index.php\/wp-json\/wp\/v2\/posts\/113217"}],"collection":[{"href":"https:\/\/infoecos.com.ar\/index.php\/wp-json\/wp\/v2\/posts"}],"about":[{"href":"https:\/\/infoecos.com.ar\/index.php\/wp-json\/wp\/v2\/types\/post"}],"author":[{"embeddable":true,"href":"https:\/\/infoecos.com.ar\/index.php\/wp-json\/wp\/v2\/users\/2"}],"replies":[{"embeddable":true,"href":"https:\/\/infoecos.com.ar\/index.php\/wp-json\/wp\/v2\/comments?post=113217"}],"version-history":[{"count":2,"href":"https:\/\/infoecos.com.ar\/index.php\/wp-json\/wp\/v2\/posts\/113217\/revisions"}],"predecessor-version":[{"id":113219,"href":"https:\/\/infoecos.com.ar\/index.php\/wp-json\/wp\/v2\/posts\/113217\/revisions\/113219"}],"wp:featuredmedia":[{"embeddable":true,"href":"https:\/\/infoecos.com.ar\/index.php\/wp-json\/wp\/v2\/media\/84195"}],"wp:attachment":[{"href":"https:\/\/infoecos.com.ar\/index.php\/wp-json\/wp\/v2\/media?parent=113217"}],"wp:term":[{"taxonomy":"category","embeddable":true,"href":"https:\/\/infoecos.com.ar\/index.php\/wp-json\/wp\/v2\/categories?post=113217"},{"taxonomy":"post_tag","embeddable":true,"href":"https:\/\/infoecos.com.ar\/index.php\/wp-json\/wp\/v2\/tags?post=113217"}],"curies":[{"name":"wp","href":"https:\/\/api.w.org\/{rel}","templated":true}]}}