{"id":113295,"date":"2023-09-29T23:04:41","date_gmt":"2023-09-30T02:04:41","guid":{"rendered":"https:\/\/infoecos.com.ar\/?p=113295"},"modified":"2023-10-02T01:47:17","modified_gmt":"2023-10-02T04:47:17","slug":"noticion-el-primer-parque-solar-fotovoltaico-de-la-pampa-autorizado-como-agente-del-mercado-electrico-mayorista","status":"publish","type":"post","link":"https:\/\/infoecos.com.ar\/index.php\/noticion-el-primer-parque-solar-fotovoltaico-de-la-pampa-autorizado-como-agente-del-mercado-electrico-mayorista\/","title":{"rendered":"El primer parque solar fotovoltaico de La Pampa autorizado como agente del Mercado El\u00e9ctrico Mayorista"},"content":{"rendered":"\n<p>Se confirm\u00f3 que Pampetrol Sapem recibi\u00f3 la autorizaci\u00f3n para que el primer parque solar fotovoltaico de la provincia de La Pampa, ubicado en Victorica, ingrese como agente generador al Mercado El\u00e9ctrico Mayorista (MEM).<\/p>\n\n\n\n<p>El mismo cuenta con 14.280 paneles solares que tendr\u00e1n la capacidad de abastecer a m\u00e1s de 4300 hogares pampeanos.<\/p>\n\n\n\n<figure class=\"wp-block-gallery has-nested-images columns-default is-cropped wp-block-gallery-1 is-layout-flex wp-block-gallery-is-layout-flex\">\n<figure class=\"wp-block-image size-large\"><img loading=\"lazy\" decoding=\"async\" width=\"1600\" height=\"898\" data-id=\"113296\" src=\"https:\/\/infoecos.com.ar\/wp-content\/uploads\/2023\/09\/545381_img-20230929-wa0007.jpg\" alt=\"\" class=\"wp-image-113296\" srcset=\"https:\/\/infoecos.com.ar\/wp-content\/uploads\/2023\/09\/545381_img-20230929-wa0007.jpg 1600w, https:\/\/infoecos.com.ar\/wp-content\/uploads\/2023\/09\/545381_img-20230929-wa0007-800x449.jpg 800w, https:\/\/infoecos.com.ar\/wp-content\/uploads\/2023\/09\/545381_img-20230929-wa0007-768x431.jpg 768w, https:\/\/infoecos.com.ar\/wp-content\/uploads\/2023\/09\/545381_img-20230929-wa0007-1536x862.jpg 1536w, https:\/\/infoecos.com.ar\/wp-content\/uploads\/2023\/09\/545381_img-20230929-wa0007-1024x575.jpg 1024w\" sizes=\"(max-width: 1600px) 100vw, 1600px\" \/><\/figure>\n\n\n\n<figure class=\"wp-block-image size-large\"><img loading=\"lazy\" decoding=\"async\" width=\"1600\" height=\"898\" data-id=\"113297\" src=\"https:\/\/infoecos.com.ar\/wp-content\/uploads\/2023\/09\/579996_img-20230929-wa0006.jpg\" alt=\"\" class=\"wp-image-113297\" srcset=\"https:\/\/infoecos.com.ar\/wp-content\/uploads\/2023\/09\/579996_img-20230929-wa0006.jpg 1600w, https:\/\/infoecos.com.ar\/wp-content\/uploads\/2023\/09\/579996_img-20230929-wa0006-800x449.jpg 800w, https:\/\/infoecos.com.ar\/wp-content\/uploads\/2023\/09\/579996_img-20230929-wa0006-768x431.jpg 768w, https:\/\/infoecos.com.ar\/wp-content\/uploads\/2023\/09\/579996_img-20230929-wa0006-1536x862.jpg 1536w, https:\/\/infoecos.com.ar\/wp-content\/uploads\/2023\/09\/579996_img-20230929-wa0006-1024x575.jpg 1024w\" sizes=\"(max-width: 1600px) 100vw, 1600px\" \/><\/figure>\n<\/figure>\n\n\n\n<p>Mediante la Resoluci\u00f3n 733\/2023, fue publicado en el Bolet\u00edn Oficial de la Argentina, la autorizaci\u00f3n que dictamina que Pampetrol cumple con todos los requisitos exigidos para ingresar como Agente Generador del Mercado El\u00e9ctrico Mayorista (MEM), para el Parque Solar Fotovoltaico Victorica, que cuenta con 7,2MW de potencia, y estar\u00e1 conectado al Sistema Argentino de Interconexi\u00f3n (SADI) en el nivel de 33 kV de la Estaci\u00f3n Transformadora Victorica, perteneciente a la APE.<\/p>\n\n\n\n<p>\u00abEsta acci\u00f3n, se traduce en un gran avance en la pol\u00edtica energ\u00e9tica, ya que permitir\u00e1 a Pampetrol Sapem comenzar a inyectar energ\u00eda limpia generada a partir de recursos locales renovables, es decir, transformar el esquema de circuito de unidireccionalidad que hist\u00f3ricamente tuvo la provincia de La Pampa al comprar fuera del territorio la energ\u00eda que consume, para comenzar a producir y vender su propia energ\u00eda, en un nuevo esquema bidireccional que comienza a posicionar a la provincia como productora de energ\u00eda limpia\u00bb, destacaron desde Casa de Gobierno.<\/p>\n\n\n\n<p>Pampetrol SAPEM generar\u00e1 energ\u00eda para venderla a la distribuidora local, la Administraci\u00f3n Provincial de Energ\u00eda, organismo que opera el sistema y distribuye dicha energ\u00eda a las Cooperativas, para luego brindar el servicio a los y las usuarias, quienes consumir\u00e1n energ\u00eda limpia \u00abgenerada en La Pampa y para La Pampa\u00bb.<\/p>\n\n\n\n<p>La presidenta de Pampetrol, Mar\u00eda Roveda, destac\u00f3 que \u00abel parque nos abre las puertas a nuevas posibilidades como provincia, brind\u00e1ndonos un posicionamiento diferencial respecto al valor, la disponibilidad, la calidad y la cantidad de energ\u00eda, consolid\u00e1ndose como una ventaja comparativa que podemos ofrecer al pa\u00eds y al mundo\u00bb.<\/p>\n\n\n\n<figure class=\"wp-block-gallery has-nested-images columns-default is-cropped wp-block-gallery-2 is-layout-flex wp-block-gallery-is-layout-flex\">\n<figure class=\"wp-block-image size-large\"><img loading=\"lazy\" decoding=\"async\" width=\"860\" height=\"452\" data-id=\"113298\" src=\"https:\/\/infoecos.com.ar\/wp-content\/uploads\/2023\/09\/253714.webp\" alt=\"\" class=\"wp-image-113298\" srcset=\"https:\/\/infoecos.com.ar\/wp-content\/uploads\/2023\/09\/253714.webp 860w, https:\/\/infoecos.com.ar\/wp-content\/uploads\/2023\/09\/253714-800x420.webp 800w, https:\/\/infoecos.com.ar\/wp-content\/uploads\/2023\/09\/253714-768x404.webp 768w\" sizes=\"(max-width: 860px) 100vw, 860px\" \/><\/figure>\n\n\n\n<figure class=\"wp-block-image size-large\"><img loading=\"lazy\" decoding=\"async\" width=\"1548\" height=\"869\" data-id=\"113299\" src=\"https:\/\/infoecos.com.ar\/wp-content\/uploads\/2023\/09\/407495-t.webp\" alt=\"\" class=\"wp-image-113299\" srcset=\"https:\/\/infoecos.com.ar\/wp-content\/uploads\/2023\/09\/407495-t.webp 1548w, https:\/\/infoecos.com.ar\/wp-content\/uploads\/2023\/09\/407495-t-800x449.webp 800w, https:\/\/infoecos.com.ar\/wp-content\/uploads\/2023\/09\/407495-t-768x431.webp 768w, https:\/\/infoecos.com.ar\/wp-content\/uploads\/2023\/09\/407495-t-1536x862.webp 1536w, https:\/\/infoecos.com.ar\/wp-content\/uploads\/2023\/09\/407495-t-1024x575.webp 1024w\" sizes=\"(max-width: 1548px) 100vw, 1548px\" \/><\/figure>\n<\/figure>\n\n\n\n<p>Siguiendo con los avances del parque, desde la colocaci\u00f3n del primer panel solar al d\u00eda de la fecha ya se han instalado m\u00e1s de 10 mil pantallas solares y montados los inversores solares: tecnolog\u00eda de \u00faltima generaci\u00f3n que permite transformar la energ\u00eda solar, es decir la corriente continua procedente de los paneles, en corriente alterna que viajar\u00e1 por las redes de nuestro sistema el\u00e9ctrico provincial.<\/p>\n\n\n\n<p>Ya se instal\u00f3 la Central de Transformaci\u00f3n, y comenz\u00f3 la construcci\u00f3n de la l\u00ednea de alta tensi\u00f3n que vincula al parque con la Administraci\u00f3n Provincial de Energ\u00eda, un tendido hasta la Subestaci\u00f3n Transformadora ubicada a unos 1.500 metros del parque.<\/p>\n\n\n\n<p>La Subsecretar\u00eda de Ambiente de la provincia, dispuso aprobar el Estudio de Impacto Ambiental del Parque Solar Fotovoltaico Victorica desarrollado en 2022, con el objetivo de cumplir con todas las medidas preventivas para la conservaci\u00f3n y cuidado del ambiente, en torno al desarrollo de la obra.<\/p>\n\n\n\n<p>Dicho informe t\u00e9cnico recomienda incluir el monitoreo de avifauna estacional como variable a tener en cuenta en la planificaci\u00f3n ambiental, para lo cual se dispondr\u00e1 de las medidas necesarias para cumplir con tal recomendaci\u00f3n.<\/p>\n","protected":false},"excerpt":{"rendered":"<p>Pampetrol SAPEM generar\u00e1 energ\u00eda para venderla a la distribuidora local, la Administraci\u00f3n Provincial de Energ\u00eda, organismo que opera el sistema y distribuye dicha energ\u00eda a las Cooperativas, para luego brindar el servicio a los y las usuarias<\/p>\n","protected":false},"author":2,"featured_media":113300,"comment_status":"closed","ping_status":"open","sticky":false,"template":"","format":"standard","meta":{"footnotes":""},"categories":[1325],"tags":[9294],"class_list":["post-113295","post","type-post","status-publish","format-standard","has-post-thumbnail","hentry","category-c1nota6","tag-abastecera-4300-hogares-pampeanos"],"yoast_head":"<!-- This site is optimized with the Yoast SEO plugin v23.4 - https:\/\/yoast.com\/wordpress\/plugins\/seo\/ -->\n<title>El primer parque solar fotovoltaico de La Pampa autorizado como agente del Mercado El\u00e9ctrico Mayorista - Infoecos<\/title>\n<meta name=\"robots\" content=\"index, follow, max-snippet:-1, max-image-preview:large, max-video-preview:-1\" \/>\n<link rel=\"canonical\" href=\"https:\/\/infoecos.com.ar\/index.php\/noticion-el-primer-parque-solar-fotovoltaico-de-la-pampa-autorizado-como-agente-del-mercado-electrico-mayorista\/\" \/>\n<meta property=\"og:locale\" content=\"es_ES\" \/>\n<meta property=\"og:type\" content=\"article\" \/>\n<meta property=\"og:title\" content=\"El primer parque solar fotovoltaico de La Pampa autorizado como agente del Mercado El\u00e9ctrico Mayorista - Infoecos\" \/>\n<meta property=\"og:description\" content=\"Pampetrol SAPEM generar\u00e1 energ\u00eda para venderla a la distribuidora local, la Administraci\u00f3n Provincial de Energ\u00eda, organismo que opera el sistema y distribuye dicha energ\u00eda a las Cooperativas, para luego brindar el servicio a los y las usuarias\" \/>\n<meta property=\"og:url\" content=\"https:\/\/infoecos.com.ar\/index.php\/noticion-el-primer-parque-solar-fotovoltaico-de-la-pampa-autorizado-como-agente-del-mercado-electrico-mayorista\/\" \/>\n<meta property=\"og:site_name\" content=\"Infoecos\" \/>\n<meta property=\"article:publisher\" content=\"https:\/\/www.facebook.com\/profile.php?id=100063200290284\" \/>\n<meta property=\"article:published_time\" content=\"2023-09-30T02:04:41+00:00\" \/>\n<meta property=\"article:modified_time\" content=\"2023-10-02T04:47:17+00:00\" \/>\n<meta property=\"og:image\" content=\"https:\/\/infoecos.com.ar\/wp-content\/uploads\/2023\/09\/642094_img-20230929-wa0004.jpg\" \/>\n\t<meta property=\"og:image:width\" content=\"1600\" \/>\n\t<meta property=\"og:image:height\" content=\"898\" \/>\n\t<meta property=\"og:image:type\" content=\"image\/jpeg\" \/>\n<meta name=\"author\" content=\"Jorge Matheus\" \/>\n<meta name=\"twitter:card\" content=\"summary_large_image\" \/>\n<meta name=\"twitter:creator\" content=\"@infoecos\" \/>\n<meta name=\"twitter:site\" content=\"@infoecos\" \/>\n<meta name=\"twitter:label1\" content=\"Escrito por\" \/>\n\t<meta name=\"twitter:data1\" content=\"Jorge Matheus\" \/>\n\t<meta name=\"twitter:label2\" content=\"Tiempo de lectura\" \/>\n\t<meta name=\"twitter:data2\" content=\"4 minutos\" \/>\n<script type=\"application\/ld+json\" class=\"yoast-schema-graph\">{\"@context\":\"https:\/\/schema.org\",\"@graph\":[{\"@type\":\"Article\",\"@id\":\"https:\/\/infoecos.com.ar\/index.php\/noticion-el-primer-parque-solar-fotovoltaico-de-la-pampa-autorizado-como-agente-del-mercado-electrico-mayorista\/#article\",\"isPartOf\":{\"@id\":\"https:\/\/infoecos.com.ar\/index.php\/noticion-el-primer-parque-solar-fotovoltaico-de-la-pampa-autorizado-como-agente-del-mercado-electrico-mayorista\/\"},\"author\":{\"name\":\"Jorge Matheus\",\"@id\":\"https:\/\/infoecos.com.ar\/#\/schema\/person\/8f5ace5ce73b4b4aac4b7245aee6f191\"},\"headline\":\"El primer parque solar fotovoltaico de La Pampa autorizado como agente del Mercado El\u00e9ctrico Mayorista\",\"datePublished\":\"2023-09-30T02:04:41+00:00\",\"dateModified\":\"2023-10-02T04:47:17+00:00\",\"mainEntityOfPage\":{\"@id\":\"https:\/\/infoecos.com.ar\/index.php\/noticion-el-primer-parque-solar-fotovoltaico-de-la-pampa-autorizado-como-agente-del-mercado-electrico-mayorista\/\"},\"wordCount\":549,\"publisher\":{\"@id\":\"https:\/\/infoecos.com.ar\/#organization\"},\"image\":{\"@id\":\"https:\/\/infoecos.com.ar\/index.php\/noticion-el-primer-parque-solar-fotovoltaico-de-la-pampa-autorizado-como-agente-del-mercado-electrico-mayorista\/#primaryimage\"},\"thumbnailUrl\":\"https:\/\/infoecos.com.ar\/wp-content\/uploads\/2023\/09\/642094_img-20230929-wa0004.jpg\",\"keywords\":[\"abastecer\u00e1 4300 hogares pampeanos\"],\"articleSection\":[\"C1 nota 6\"],\"inLanguage\":\"es\"},{\"@type\":\"WebPage\",\"@id\":\"https:\/\/infoecos.com.ar\/index.php\/noticion-el-primer-parque-solar-fotovoltaico-de-la-pampa-autorizado-como-agente-del-mercado-electrico-mayorista\/\",\"url\":\"https:\/\/infoecos.com.ar\/index.php\/noticion-el-primer-parque-solar-fotovoltaico-de-la-pampa-autorizado-como-agente-del-mercado-electrico-mayorista\/\",\"name\":\"El primer parque solar fotovoltaico de La Pampa autorizado como agente del Mercado El\u00e9ctrico Mayorista - Infoecos\",\"isPartOf\":{\"@id\":\"https:\/\/infoecos.com.ar\/#website\"},\"primaryImageOfPage\":{\"@id\":\"https:\/\/infoecos.com.ar\/index.php\/noticion-el-primer-parque-solar-fotovoltaico-de-la-pampa-autorizado-como-agente-del-mercado-electrico-mayorista\/#primaryimage\"},\"image\":{\"@id\":\"https:\/\/infoecos.com.ar\/index.php\/noticion-el-primer-parque-solar-fotovoltaico-de-la-pampa-autorizado-como-agente-del-mercado-electrico-mayorista\/#primaryimage\"},\"thumbnailUrl\":\"https:\/\/infoecos.com.ar\/wp-content\/uploads\/2023\/09\/642094_img-20230929-wa0004.jpg\",\"datePublished\":\"2023-09-30T02:04:41+00:00\",\"dateModified\":\"2023-10-02T04:47:17+00:00\",\"breadcrumb\":{\"@id\":\"https:\/\/infoecos.com.ar\/index.php\/noticion-el-primer-parque-solar-fotovoltaico-de-la-pampa-autorizado-como-agente-del-mercado-electrico-mayorista\/#breadcrumb\"},\"inLanguage\":\"es\",\"potentialAction\":[{\"@type\":\"ReadAction\",\"target\":[\"https:\/\/infoecos.com.ar\/index.php\/noticion-el-primer-parque-solar-fotovoltaico-de-la-pampa-autorizado-como-agente-del-mercado-electrico-mayorista\/\"]}]},{\"@type\":\"ImageObject\",\"inLanguage\":\"es\",\"@id\":\"https:\/\/infoecos.com.ar\/index.php\/noticion-el-primer-parque-solar-fotovoltaico-de-la-pampa-autorizado-como-agente-del-mercado-electrico-mayorista\/#primaryimage\",\"url\":\"https:\/\/infoecos.com.ar\/wp-content\/uploads\/2023\/09\/642094_img-20230929-wa0004.jpg\",\"contentUrl\":\"https:\/\/infoecos.com.ar\/wp-content\/uploads\/2023\/09\/642094_img-20230929-wa0004.jpg\",\"width\":1600,\"height\":898},{\"@type\":\"BreadcrumbList\",\"@id\":\"https:\/\/infoecos.com.ar\/index.php\/noticion-el-primer-parque-solar-fotovoltaico-de-la-pampa-autorizado-como-agente-del-mercado-electrico-mayorista\/#breadcrumb\",\"itemListElement\":[{\"@type\":\"ListItem\",\"position\":1,\"name\":\"Portada\",\"item\":\"https:\/\/infoecos.com.ar\/\"},{\"@type\":\"ListItem\",\"position\":2,\"name\":\"El primer parque solar fotovoltaico de La Pampa autorizado como agente del Mercado El\u00e9ctrico Mayorista\"}]},{\"@type\":\"WebSite\",\"@id\":\"https:\/\/infoecos.com.ar\/#website\",\"url\":\"https:\/\/infoecos.com.ar\/\",\"name\":\"Infoecos\",\"description\":\"Noticias de trenque lauquen y la zona\",\"publisher\":{\"@id\":\"https:\/\/infoecos.com.ar\/#organization\"},\"alternateName\":\"Noticias\",\"potentialAction\":[{\"@type\":\"SearchAction\",\"target\":{\"@type\":\"EntryPoint\",\"urlTemplate\":\"https:\/\/infoecos.com.ar\/?s={search_term_string}\"},\"query-input\":{\"@type\":\"PropertyValueSpecification\",\"valueRequired\":true,\"valueName\":\"search_term_string\"}}],\"inLanguage\":\"es\"},{\"@type\":\"Organization\",\"@id\":\"https:\/\/infoecos.com.ar\/#organization\",\"name\":\"Infoecos\",\"alternateName\":\"Noticias\",\"url\":\"https:\/\/infoecos.com.ar\/\",\"logo\":{\"@type\":\"ImageObject\",\"inLanguage\":\"es\",\"@id\":\"https:\/\/infoecos.com.ar\/#\/schema\/logo\/image\/\",\"url\":\"https:\/\/infoecos.com.ar\/wp-content\/uploads\/2024\/03\/cropped-logo.png\",\"contentUrl\":\"https:\/\/infoecos.com.ar\/wp-content\/uploads\/2024\/03\/cropped-logo.png\",\"width\":374,\"height\":90,\"caption\":\"Infoecos\"},\"image\":{\"@id\":\"https:\/\/infoecos.com.ar\/#\/schema\/logo\/image\/\"},\"sameAs\":[\"https:\/\/www.facebook.com\/profile.php?id=100063200290284\",\"https:\/\/x.com\/infoecos\"]},{\"@type\":\"Person\",\"@id\":\"https:\/\/infoecos.com.ar\/#\/schema\/person\/8f5ace5ce73b4b4aac4b7245aee6f191\",\"name\":\"Jorge Matheus\",\"url\":\"https:\/\/infoecos.com.ar\/index.php\/author\/jomatheus\/\"}]}<\/script>\n<!-- \/ Yoast SEO plugin. -->","yoast_head_json":{"title":"El primer parque solar fotovoltaico de La Pampa autorizado como agente del Mercado El\u00e9ctrico Mayorista - Infoecos","robots":{"index":"index","follow":"follow","max-snippet":"max-snippet:-1","max-image-preview":"max-image-preview:large","max-video-preview":"max-video-preview:-1"},"canonical":"https:\/\/infoecos.com.ar\/index.php\/noticion-el-primer-parque-solar-fotovoltaico-de-la-pampa-autorizado-como-agente-del-mercado-electrico-mayorista\/","og_locale":"es_ES","og_type":"article","og_title":"El primer parque solar fotovoltaico de La Pampa autorizado como agente del Mercado El\u00e9ctrico Mayorista - Infoecos","og_description":"Pampetrol SAPEM generar\u00e1 energ\u00eda para venderla a la distribuidora local, la Administraci\u00f3n Provincial de Energ\u00eda, organismo que opera el sistema y distribuye dicha energ\u00eda a las Cooperativas, para luego brindar el servicio a los y las usuarias","og_url":"https:\/\/infoecos.com.ar\/index.php\/noticion-el-primer-parque-solar-fotovoltaico-de-la-pampa-autorizado-como-agente-del-mercado-electrico-mayorista\/","og_site_name":"Infoecos","article_publisher":"https:\/\/www.facebook.com\/profile.php?id=100063200290284","article_published_time":"2023-09-30T02:04:41+00:00","article_modified_time":"2023-10-02T04:47:17+00:00","og_image":[{"width":1600,"height":898,"url":"https:\/\/infoecos.com.ar\/wp-content\/uploads\/2023\/09\/642094_img-20230929-wa0004.jpg","type":"image\/jpeg"}],"author":"Jorge Matheus","twitter_card":"summary_large_image","twitter_creator":"@infoecos","twitter_site":"@infoecos","twitter_misc":{"Escrito por":"Jorge Matheus","Tiempo de lectura":"4 minutos"},"schema":{"@context":"https:\/\/schema.org","@graph":[{"@type":"Article","@id":"https:\/\/infoecos.com.ar\/index.php\/noticion-el-primer-parque-solar-fotovoltaico-de-la-pampa-autorizado-como-agente-del-mercado-electrico-mayorista\/#article","isPartOf":{"@id":"https:\/\/infoecos.com.ar\/index.php\/noticion-el-primer-parque-solar-fotovoltaico-de-la-pampa-autorizado-como-agente-del-mercado-electrico-mayorista\/"},"author":{"name":"Jorge Matheus","@id":"https:\/\/infoecos.com.ar\/#\/schema\/person\/8f5ace5ce73b4b4aac4b7245aee6f191"},"headline":"El primer parque solar fotovoltaico de La Pampa autorizado como agente del Mercado El\u00e9ctrico Mayorista","datePublished":"2023-09-30T02:04:41+00:00","dateModified":"2023-10-02T04:47:17+00:00","mainEntityOfPage":{"@id":"https:\/\/infoecos.com.ar\/index.php\/noticion-el-primer-parque-solar-fotovoltaico-de-la-pampa-autorizado-como-agente-del-mercado-electrico-mayorista\/"},"wordCount":549,"publisher":{"@id":"https:\/\/infoecos.com.ar\/#organization"},"image":{"@id":"https:\/\/infoecos.com.ar\/index.php\/noticion-el-primer-parque-solar-fotovoltaico-de-la-pampa-autorizado-como-agente-del-mercado-electrico-mayorista\/#primaryimage"},"thumbnailUrl":"https:\/\/infoecos.com.ar\/wp-content\/uploads\/2023\/09\/642094_img-20230929-wa0004.jpg","keywords":["abastecer\u00e1 4300 hogares pampeanos"],"articleSection":["C1 nota 6"],"inLanguage":"es"},{"@type":"WebPage","@id":"https:\/\/infoecos.com.ar\/index.php\/noticion-el-primer-parque-solar-fotovoltaico-de-la-pampa-autorizado-como-agente-del-mercado-electrico-mayorista\/","url":"https:\/\/infoecos.com.ar\/index.php\/noticion-el-primer-parque-solar-fotovoltaico-de-la-pampa-autorizado-como-agente-del-mercado-electrico-mayorista\/","name":"El primer parque solar fotovoltaico de La Pampa autorizado como agente del Mercado El\u00e9ctrico Mayorista - Infoecos","isPartOf":{"@id":"https:\/\/infoecos.com.ar\/#website"},"primaryImageOfPage":{"@id":"https:\/\/infoecos.com.ar\/index.php\/noticion-el-primer-parque-solar-fotovoltaico-de-la-pampa-autorizado-como-agente-del-mercado-electrico-mayorista\/#primaryimage"},"image":{"@id":"https:\/\/infoecos.com.ar\/index.php\/noticion-el-primer-parque-solar-fotovoltaico-de-la-pampa-autorizado-como-agente-del-mercado-electrico-mayorista\/#primaryimage"},"thumbnailUrl":"https:\/\/infoecos.com.ar\/wp-content\/uploads\/2023\/09\/642094_img-20230929-wa0004.jpg","datePublished":"2023-09-30T02:04:41+00:00","dateModified":"2023-10-02T04:47:17+00:00","breadcrumb":{"@id":"https:\/\/infoecos.com.ar\/index.php\/noticion-el-primer-parque-solar-fotovoltaico-de-la-pampa-autorizado-como-agente-del-mercado-electrico-mayorista\/#breadcrumb"},"inLanguage":"es","potentialAction":[{"@type":"ReadAction","target":["https:\/\/infoecos.com.ar\/index.php\/noticion-el-primer-parque-solar-fotovoltaico-de-la-pampa-autorizado-como-agente-del-mercado-electrico-mayorista\/"]}]},{"@type":"ImageObject","inLanguage":"es","@id":"https:\/\/infoecos.com.ar\/index.php\/noticion-el-primer-parque-solar-fotovoltaico-de-la-pampa-autorizado-como-agente-del-mercado-electrico-mayorista\/#primaryimage","url":"https:\/\/infoecos.com.ar\/wp-content\/uploads\/2023\/09\/642094_img-20230929-wa0004.jpg","contentUrl":"https:\/\/infoecos.com.ar\/wp-content\/uploads\/2023\/09\/642094_img-20230929-wa0004.jpg","width":1600,"height":898},{"@type":"BreadcrumbList","@id":"https:\/\/infoecos.com.ar\/index.php\/noticion-el-primer-parque-solar-fotovoltaico-de-la-pampa-autorizado-como-agente-del-mercado-electrico-mayorista\/#breadcrumb","itemListElement":[{"@type":"ListItem","position":1,"name":"Portada","item":"https:\/\/infoecos.com.ar\/"},{"@type":"ListItem","position":2,"name":"El primer parque solar fotovoltaico de La Pampa autorizado como agente del Mercado El\u00e9ctrico Mayorista"}]},{"@type":"WebSite","@id":"https:\/\/infoecos.com.ar\/#website","url":"https:\/\/infoecos.com.ar\/","name":"Infoecos","description":"Noticias de trenque lauquen y la zona","publisher":{"@id":"https:\/\/infoecos.com.ar\/#organization"},"alternateName":"Noticias","potentialAction":[{"@type":"SearchAction","target":{"@type":"EntryPoint","urlTemplate":"https:\/\/infoecos.com.ar\/?s={search_term_string}"},"query-input":{"@type":"PropertyValueSpecification","valueRequired":true,"valueName":"search_term_string"}}],"inLanguage":"es"},{"@type":"Organization","@id":"https:\/\/infoecos.com.ar\/#organization","name":"Infoecos","alternateName":"Noticias","url":"https:\/\/infoecos.com.ar\/","logo":{"@type":"ImageObject","inLanguage":"es","@id":"https:\/\/infoecos.com.ar\/#\/schema\/logo\/image\/","url":"https:\/\/infoecos.com.ar\/wp-content\/uploads\/2024\/03\/cropped-logo.png","contentUrl":"https:\/\/infoecos.com.ar\/wp-content\/uploads\/2024\/03\/cropped-logo.png","width":374,"height":90,"caption":"Infoecos"},"image":{"@id":"https:\/\/infoecos.com.ar\/#\/schema\/logo\/image\/"},"sameAs":["https:\/\/www.facebook.com\/profile.php?id=100063200290284","https:\/\/x.com\/infoecos"]},{"@type":"Person","@id":"https:\/\/infoecos.com.ar\/#\/schema\/person\/8f5ace5ce73b4b4aac4b7245aee6f191","name":"Jorge Matheus","url":"https:\/\/infoecos.com.ar\/index.php\/author\/jomatheus\/"}]}},"featured_image_urls":{"full":["https:\/\/infoecos.com.ar\/wp-content\/uploads\/2023\/09\/642094_img-20230929-wa0004.jpg",1600,898,false],"thumbnail":["https:\/\/infoecos.com.ar\/wp-content\/uploads\/2023\/09\/642094_img-20230929-wa0004-300x150.jpg",300,150,true],"medium":["https:\/\/infoecos.com.ar\/wp-content\/uploads\/2023\/09\/642094_img-20230929-wa0004-800x449.jpg",800,449,true],"medium_large":["https:\/\/infoecos.com.ar\/wp-content\/uploads\/2023\/09\/642094_img-20230929-wa0004-768x431.jpg",640,359,true],"large":["https:\/\/infoecos.com.ar\/wp-content\/uploads\/2023\/09\/642094_img-20230929-wa0004.jpg",640,359,false],"1536x1536":["https:\/\/infoecos.com.ar\/wp-content\/uploads\/2023\/09\/642094_img-20230929-wa0004-1536x862.jpg",1536,862,true],"2048x2048":["https:\/\/infoecos.com.ar\/wp-content\/uploads\/2023\/09\/642094_img-20230929-wa0004.jpg",1600,898,false],"covernews-slider-full":["https:\/\/infoecos.com.ar\/wp-content\/uploads\/2023\/09\/642094_img-20230929-wa0004-1536x898.jpg",1115,652,true],"covernews-slider-center":["https:\/\/infoecos.com.ar\/wp-content\/uploads\/2023\/09\/642094_img-20230929-wa0004-936x897.jpg",522,500,true],"covernews-featured":["https:\/\/infoecos.com.ar\/wp-content\/uploads\/2023\/09\/642094_img-20230929-wa0004-1024x575.jpg",1024,575,true],"covernews-medium":["https:\/\/infoecos.com.ar\/wp-content\/uploads\/2023\/09\/642094_img-20230929-wa0004-720x380.jpg",540,285,true],"covernews-medium-square":["https:\/\/infoecos.com.ar\/wp-content\/uploads\/2023\/09\/642094_img-20230929-wa0004-675x450.jpg",375,250,true]},"author_info":{"info":["Jorge Matheus"]},"category_info":"<a href=\"https:\/\/infoecos.com.ar\/index.php\/category\/c1nota6\/\" rel=\"category tag\">C1 nota 6<\/a>","tag_info":"C1 nota 6","comment_count":"0","_links":{"self":[{"href":"https:\/\/infoecos.com.ar\/index.php\/wp-json\/wp\/v2\/posts\/113295"}],"collection":[{"href":"https:\/\/infoecos.com.ar\/index.php\/wp-json\/wp\/v2\/posts"}],"about":[{"href":"https:\/\/infoecos.com.ar\/index.php\/wp-json\/wp\/v2\/types\/post"}],"author":[{"embeddable":true,"href":"https:\/\/infoecos.com.ar\/index.php\/wp-json\/wp\/v2\/users\/2"}],"replies":[{"embeddable":true,"href":"https:\/\/infoecos.com.ar\/index.php\/wp-json\/wp\/v2\/comments?post=113295"}],"version-history":[{"count":2,"href":"https:\/\/infoecos.com.ar\/index.php\/wp-json\/wp\/v2\/posts\/113295\/revisions"}],"predecessor-version":[{"id":113332,"href":"https:\/\/infoecos.com.ar\/index.php\/wp-json\/wp\/v2\/posts\/113295\/revisions\/113332"}],"wp:featuredmedia":[{"embeddable":true,"href":"https:\/\/infoecos.com.ar\/index.php\/wp-json\/wp\/v2\/media\/113300"}],"wp:attachment":[{"href":"https:\/\/infoecos.com.ar\/index.php\/wp-json\/wp\/v2\/media?parent=113295"}],"wp:term":[{"taxonomy":"category","embeddable":true,"href":"https:\/\/infoecos.com.ar\/index.php\/wp-json\/wp\/v2\/categories?post=113295"},{"taxonomy":"post_tag","embeddable":true,"href":"https:\/\/infoecos.com.ar\/index.php\/wp-json\/wp\/v2\/tags?post=113295"}],"curies":[{"name":"wp","href":"https:\/\/api.w.org\/{rel}","templated":true}]}}