{"id":113304,"date":"2023-09-30T01:23:28","date_gmt":"2023-09-30T04:23:28","guid":{"rendered":"https:\/\/infoecos.com.ar\/?p=113304"},"modified":"2023-10-02T00:35:26","modified_gmt":"2023-10-02T03:35:26","slug":"los-aumentos-para-el-mes-de-octubre-que-comienza-este-domingo","status":"publish","type":"post","link":"https:\/\/infoecos.com.ar\/index.php\/los-aumentos-para-el-mes-de-octubre-que-comienza-este-domingo\/","title":{"rendered":"Los aumentos para el mes de Octubre"},"content":{"rendered":"\n<h4 class=\"wp-block-heading\">Alquileres<\/h4>\n\n\n\n<p>Si bien el Senado Nacional aprob\u00f3 la reforma a la ley de alquileres actual, la norma debe pasar nuevamente por diputados y por lo tanto a\u00fan rige la actualizaci\u00f3n por el Indice de Contratos de Locaci\u00f3n (ICL).<\/p>\n\n\n\n<p>Este indicador muestra que para el 1\u00b0 de octubre la suba de alquileres ser\u00e1 de un 115% respecto del valor que se pag\u00f3 en septiembre.<\/p>\n\n\n\n<h4 class=\"wp-block-heading\">Prepagas<\/h4>\n\n\n\n<p>El aumento de la medicina prepaga para quienes no est\u00e1n alcanzados por el congelamiento acordado ser\u00e1 de 6,97%.<\/p>\n\n\n\n<p>Para que la cuota no modifique su valor, los interesados deber\u00e1n llenar una declaraci\u00f3n jurada on line, declarando no tener ingresos iguales o mayores a $ 2.000.000, ser propietario de dos inmuebles o m\u00e1s ni de tres veh\u00edculos.<\/p>\n\n\n\n<h4 class=\"wp-block-heading\">Cable, Telefon\u00eda e internet<\/h4>\n\n\n\n<p>Los servicios de televisi\u00f3n por cable, telefon\u00eda e internet tendr\u00e1n un ajuste de 4,5% con relaci\u00f3n al mes anterior, porcentaje que se repetir\u00e1 en noviembre y diciembre.<\/p>\n\n\n\n<h4 class=\"wp-block-heading\">Colegios privados<\/h4>\n\n\n\n<p>En el caso de los colegios privados de la Ciudad de Buenos Aires las cuotas aumentar\u00e1n un 16% en octubre. En el caso de la provincia de Buenos Aires se aplic\u00f3 un alza de adicional de 5,4% en septiembre, que como no fue incluido en muchas facturas del mes porque se acord\u00f3 a posteriori de la emisi\u00f3n impactar\u00e1 en octubre.<\/p>\n\n\n\n<h4 class=\"wp-block-heading\">Alimentos<\/h4>\n\n\n\n<p>Tal lo acordado antes de la renovaci\u00f3n, el programa \u201cPrecios Justos\u201d tendr\u00e1 un incremento en los productos que lo integren de 5%. En el caso de la carne regir\u00e1 hasta el 15 de octubre el \u00faltimo acuerdo consensuado: el precio por kilo de cada corte ser\u00e1: asado $1.466; nalga, $1.947; matambre, $1.855; vac\u00edo, $1.914; falda, $954; paleta $1.575; y tapa de asado, $1.466.<\/p>\n\n\n\n<h4 class=\"wp-block-heading\">Naftas<\/h4>\n\n\n\n<p>Dado el acuerdo alcanzado con las petroleras el precio de las naftas se mantendr\u00eda sin cambios durante octubre, aunque la duda es qu\u00e9 suceder\u00e1 luego de las elecciones.<\/p>\n\n\n\n<h4 class=\"wp-block-heading\">Tarifas de transporte<\/h4>\n\n\n\n<p>Si bien existe un compromiso con el FMI de recortar subsidios, al menos durante este mes no habr\u00e1 subas en los boletos de trenes, colectivos y subtes.<\/p>\n\n\n\n<h4 class=\"wp-block-heading\">Tarifas de servicios p\u00fablicos<\/h4>\n\n\n\n<p>Si bien el programa renovado con el FMI contemplaba nuevos aumentos, especialmente sobre los sectores que hab\u00eda perdido el subsidio, durante octubre no hay previstos actualizaciones.<\/p>\n\n\n\n<p><strong>Informe de la agencia NA<\/strong><\/p>\n","protected":false},"excerpt":{"rendered":"<p>Incrementos en prepagas, telefon\u00eda, alimentos, y alquileres<\/p>\n","protected":false},"author":2,"featured_media":111122,"comment_status":"closed","ping_status":"open","sticky":false,"template":"","format":"standard","meta":{"footnotes":""},"categories":[197],"tags":[9296],"class_list":["post-113304","post","type-post","status-publish","format-standard","has-post-thumbnail","hentry","category-c3nota4","tag-servicios-publicos-y-naftas-congeladas"],"yoast_head":"<!-- This site is optimized with the Yoast SEO plugin v23.4 - https:\/\/yoast.com\/wordpress\/plugins\/seo\/ -->\n<title>Los aumentos para el mes de Octubre - Infoecos<\/title>\n<meta name=\"robots\" content=\"index, follow, max-snippet:-1, max-image-preview:large, max-video-preview:-1\" \/>\n<link rel=\"canonical\" href=\"https:\/\/infoecos.com.ar\/index.php\/los-aumentos-para-el-mes-de-octubre-que-comienza-este-domingo\/\" \/>\n<meta property=\"og:locale\" content=\"es_ES\" \/>\n<meta property=\"og:type\" content=\"article\" \/>\n<meta property=\"og:title\" content=\"Los aumentos para el mes de Octubre - Infoecos\" \/>\n<meta property=\"og:description\" content=\"Incrementos en prepagas, telefon\u00eda, alimentos, y alquileres\" \/>\n<meta property=\"og:url\" content=\"https:\/\/infoecos.com.ar\/index.php\/los-aumentos-para-el-mes-de-octubre-que-comienza-este-domingo\/\" \/>\n<meta property=\"og:site_name\" content=\"Infoecos\" \/>\n<meta property=\"article:publisher\" content=\"https:\/\/www.facebook.com\/profile.php?id=100063200290284\" \/>\n<meta property=\"article:published_time\" content=\"2023-09-30T04:23:28+00:00\" \/>\n<meta property=\"article:modified_time\" content=\"2023-10-02T03:35:26+00:00\" \/>\n<meta property=\"og:image\" content=\"https:\/\/infoecos.com.ar\/wp-content\/uploads\/2023\/09\/prepagas.jpg\" \/>\n\t<meta property=\"og:image:width\" content=\"1140\" \/>\n\t<meta property=\"og:image:height\" content=\"640\" \/>\n\t<meta property=\"og:image:type\" content=\"image\/jpeg\" \/>\n<meta name=\"author\" content=\"Jorge Matheus\" \/>\n<meta name=\"twitter:card\" content=\"summary_large_image\" \/>\n<meta name=\"twitter:creator\" content=\"@infoecos\" \/>\n<meta name=\"twitter:site\" content=\"@infoecos\" \/>\n<meta name=\"twitter:label1\" content=\"Escrito por\" \/>\n\t<meta name=\"twitter:data1\" content=\"Jorge Matheus\" \/>\n\t<meta name=\"twitter:label2\" content=\"Tiempo de lectura\" \/>\n\t<meta name=\"twitter:data2\" content=\"2 minutos\" \/>\n<script type=\"application\/ld+json\" class=\"yoast-schema-graph\">{\"@context\":\"https:\/\/schema.org\",\"@graph\":[{\"@type\":\"Article\",\"@id\":\"https:\/\/infoecos.com.ar\/index.php\/los-aumentos-para-el-mes-de-octubre-que-comienza-este-domingo\/#article\",\"isPartOf\":{\"@id\":\"https:\/\/infoecos.com.ar\/index.php\/los-aumentos-para-el-mes-de-octubre-que-comienza-este-domingo\/\"},\"author\":{\"name\":\"Jorge Matheus\",\"@id\":\"https:\/\/infoecos.com.ar\/#\/schema\/person\/8f5ace5ce73b4b4aac4b7245aee6f191\"},\"headline\":\"Los aumentos para el mes de Octubre\",\"datePublished\":\"2023-09-30T04:23:28+00:00\",\"dateModified\":\"2023-10-02T03:35:26+00:00\",\"mainEntityOfPage\":{\"@id\":\"https:\/\/infoecos.com.ar\/index.php\/los-aumentos-para-el-mes-de-octubre-que-comienza-este-domingo\/\"},\"wordCount\":381,\"publisher\":{\"@id\":\"https:\/\/infoecos.com.ar\/#organization\"},\"image\":{\"@id\":\"https:\/\/infoecos.com.ar\/index.php\/los-aumentos-para-el-mes-de-octubre-que-comienza-este-domingo\/#primaryimage\"},\"thumbnailUrl\":\"https:\/\/infoecos.com.ar\/wp-content\/uploads\/2023\/09\/prepagas.jpg\",\"keywords\":[\"SERVICIOS P\u00daBLICOS Y NAFTAS CONGELADAS\"],\"articleSection\":[\"C3 N4\"],\"inLanguage\":\"es\"},{\"@type\":\"WebPage\",\"@id\":\"https:\/\/infoecos.com.ar\/index.php\/los-aumentos-para-el-mes-de-octubre-que-comienza-este-domingo\/\",\"url\":\"https:\/\/infoecos.com.ar\/index.php\/los-aumentos-para-el-mes-de-octubre-que-comienza-este-domingo\/\",\"name\":\"Los aumentos para el mes de Octubre - Infoecos\",\"isPartOf\":{\"@id\":\"https:\/\/infoecos.com.ar\/#website\"},\"primaryImageOfPage\":{\"@id\":\"https:\/\/infoecos.com.ar\/index.php\/los-aumentos-para-el-mes-de-octubre-que-comienza-este-domingo\/#primaryimage\"},\"image\":{\"@id\":\"https:\/\/infoecos.com.ar\/index.php\/los-aumentos-para-el-mes-de-octubre-que-comienza-este-domingo\/#primaryimage\"},\"thumbnailUrl\":\"https:\/\/infoecos.com.ar\/wp-content\/uploads\/2023\/09\/prepagas.jpg\",\"datePublished\":\"2023-09-30T04:23:28+00:00\",\"dateModified\":\"2023-10-02T03:35:26+00:00\",\"breadcrumb\":{\"@id\":\"https:\/\/infoecos.com.ar\/index.php\/los-aumentos-para-el-mes-de-octubre-que-comienza-este-domingo\/#breadcrumb\"},\"inLanguage\":\"es\",\"potentialAction\":[{\"@type\":\"ReadAction\",\"target\":[\"https:\/\/infoecos.com.ar\/index.php\/los-aumentos-para-el-mes-de-octubre-que-comienza-este-domingo\/\"]}]},{\"@type\":\"ImageObject\",\"inLanguage\":\"es\",\"@id\":\"https:\/\/infoecos.com.ar\/index.php\/los-aumentos-para-el-mes-de-octubre-que-comienza-este-domingo\/#primaryimage\",\"url\":\"https:\/\/infoecos.com.ar\/wp-content\/uploads\/2023\/09\/prepagas.jpg\",\"contentUrl\":\"https:\/\/infoecos.com.ar\/wp-content\/uploads\/2023\/09\/prepagas.jpg\",\"width\":1140,\"height\":640},{\"@type\":\"BreadcrumbList\",\"@id\":\"https:\/\/infoecos.com.ar\/index.php\/los-aumentos-para-el-mes-de-octubre-que-comienza-este-domingo\/#breadcrumb\",\"itemListElement\":[{\"@type\":\"ListItem\",\"position\":1,\"name\":\"Portada\",\"item\":\"https:\/\/infoecos.com.ar\/\"},{\"@type\":\"ListItem\",\"position\":2,\"name\":\"Los aumentos para el mes de Octubre\"}]},{\"@type\":\"WebSite\",\"@id\":\"https:\/\/infoecos.com.ar\/#website\",\"url\":\"https:\/\/infoecos.com.ar\/\",\"name\":\"Infoecos\",\"description\":\"Noticias de trenque lauquen y la zona\",\"publisher\":{\"@id\":\"https:\/\/infoecos.com.ar\/#organization\"},\"alternateName\":\"Noticias\",\"potentialAction\":[{\"@type\":\"SearchAction\",\"target\":{\"@type\":\"EntryPoint\",\"urlTemplate\":\"https:\/\/infoecos.com.ar\/?s={search_term_string}\"},\"query-input\":{\"@type\":\"PropertyValueSpecification\",\"valueRequired\":true,\"valueName\":\"search_term_string\"}}],\"inLanguage\":\"es\"},{\"@type\":\"Organization\",\"@id\":\"https:\/\/infoecos.com.ar\/#organization\",\"name\":\"Infoecos\",\"alternateName\":\"Noticias\",\"url\":\"https:\/\/infoecos.com.ar\/\",\"logo\":{\"@type\":\"ImageObject\",\"inLanguage\":\"es\",\"@id\":\"https:\/\/infoecos.com.ar\/#\/schema\/logo\/image\/\",\"url\":\"https:\/\/infoecos.com.ar\/wp-content\/uploads\/2024\/03\/cropped-logo.png\",\"contentUrl\":\"https:\/\/infoecos.com.ar\/wp-content\/uploads\/2024\/03\/cropped-logo.png\",\"width\":374,\"height\":90,\"caption\":\"Infoecos\"},\"image\":{\"@id\":\"https:\/\/infoecos.com.ar\/#\/schema\/logo\/image\/\"},\"sameAs\":[\"https:\/\/www.facebook.com\/profile.php?id=100063200290284\",\"https:\/\/x.com\/infoecos\"]},{\"@type\":\"Person\",\"@id\":\"https:\/\/infoecos.com.ar\/#\/schema\/person\/8f5ace5ce73b4b4aac4b7245aee6f191\",\"name\":\"Jorge Matheus\",\"url\":\"https:\/\/infoecos.com.ar\/index.php\/author\/jomatheus\/\"}]}<\/script>\n<!-- \/ Yoast SEO plugin. -->","yoast_head_json":{"title":"Los aumentos para el mes de Octubre - Infoecos","robots":{"index":"index","follow":"follow","max-snippet":"max-snippet:-1","max-image-preview":"max-image-preview:large","max-video-preview":"max-video-preview:-1"},"canonical":"https:\/\/infoecos.com.ar\/index.php\/los-aumentos-para-el-mes-de-octubre-que-comienza-este-domingo\/","og_locale":"es_ES","og_type":"article","og_title":"Los aumentos para el mes de Octubre - Infoecos","og_description":"Incrementos en prepagas, telefon\u00eda, alimentos, y alquileres","og_url":"https:\/\/infoecos.com.ar\/index.php\/los-aumentos-para-el-mes-de-octubre-que-comienza-este-domingo\/","og_site_name":"Infoecos","article_publisher":"https:\/\/www.facebook.com\/profile.php?id=100063200290284","article_published_time":"2023-09-30T04:23:28+00:00","article_modified_time":"2023-10-02T03:35:26+00:00","og_image":[{"width":1140,"height":640,"url":"https:\/\/infoecos.com.ar\/wp-content\/uploads\/2023\/09\/prepagas.jpg","type":"image\/jpeg"}],"author":"Jorge Matheus","twitter_card":"summary_large_image","twitter_creator":"@infoecos","twitter_site":"@infoecos","twitter_misc":{"Escrito por":"Jorge Matheus","Tiempo de lectura":"2 minutos"},"schema":{"@context":"https:\/\/schema.org","@graph":[{"@type":"Article","@id":"https:\/\/infoecos.com.ar\/index.php\/los-aumentos-para-el-mes-de-octubre-que-comienza-este-domingo\/#article","isPartOf":{"@id":"https:\/\/infoecos.com.ar\/index.php\/los-aumentos-para-el-mes-de-octubre-que-comienza-este-domingo\/"},"author":{"name":"Jorge Matheus","@id":"https:\/\/infoecos.com.ar\/#\/schema\/person\/8f5ace5ce73b4b4aac4b7245aee6f191"},"headline":"Los aumentos para el mes de Octubre","datePublished":"2023-09-30T04:23:28+00:00","dateModified":"2023-10-02T03:35:26+00:00","mainEntityOfPage":{"@id":"https:\/\/infoecos.com.ar\/index.php\/los-aumentos-para-el-mes-de-octubre-que-comienza-este-domingo\/"},"wordCount":381,"publisher":{"@id":"https:\/\/infoecos.com.ar\/#organization"},"image":{"@id":"https:\/\/infoecos.com.ar\/index.php\/los-aumentos-para-el-mes-de-octubre-que-comienza-este-domingo\/#primaryimage"},"thumbnailUrl":"https:\/\/infoecos.com.ar\/wp-content\/uploads\/2023\/09\/prepagas.jpg","keywords":["SERVICIOS P\u00daBLICOS Y NAFTAS CONGELADAS"],"articleSection":["C3 N4"],"inLanguage":"es"},{"@type":"WebPage","@id":"https:\/\/infoecos.com.ar\/index.php\/los-aumentos-para-el-mes-de-octubre-que-comienza-este-domingo\/","url":"https:\/\/infoecos.com.ar\/index.php\/los-aumentos-para-el-mes-de-octubre-que-comienza-este-domingo\/","name":"Los aumentos para el mes de Octubre - Infoecos","isPartOf":{"@id":"https:\/\/infoecos.com.ar\/#website"},"primaryImageOfPage":{"@id":"https:\/\/infoecos.com.ar\/index.php\/los-aumentos-para-el-mes-de-octubre-que-comienza-este-domingo\/#primaryimage"},"image":{"@id":"https:\/\/infoecos.com.ar\/index.php\/los-aumentos-para-el-mes-de-octubre-que-comienza-este-domingo\/#primaryimage"},"thumbnailUrl":"https:\/\/infoecos.com.ar\/wp-content\/uploads\/2023\/09\/prepagas.jpg","datePublished":"2023-09-30T04:23:28+00:00","dateModified":"2023-10-02T03:35:26+00:00","breadcrumb":{"@id":"https:\/\/infoecos.com.ar\/index.php\/los-aumentos-para-el-mes-de-octubre-que-comienza-este-domingo\/#breadcrumb"},"inLanguage":"es","potentialAction":[{"@type":"ReadAction","target":["https:\/\/infoecos.com.ar\/index.php\/los-aumentos-para-el-mes-de-octubre-que-comienza-este-domingo\/"]}]},{"@type":"ImageObject","inLanguage":"es","@id":"https:\/\/infoecos.com.ar\/index.php\/los-aumentos-para-el-mes-de-octubre-que-comienza-este-domingo\/#primaryimage","url":"https:\/\/infoecos.com.ar\/wp-content\/uploads\/2023\/09\/prepagas.jpg","contentUrl":"https:\/\/infoecos.com.ar\/wp-content\/uploads\/2023\/09\/prepagas.jpg","width":1140,"height":640},{"@type":"BreadcrumbList","@id":"https:\/\/infoecos.com.ar\/index.php\/los-aumentos-para-el-mes-de-octubre-que-comienza-este-domingo\/#breadcrumb","itemListElement":[{"@type":"ListItem","position":1,"name":"Portada","item":"https:\/\/infoecos.com.ar\/"},{"@type":"ListItem","position":2,"name":"Los aumentos para el mes de Octubre"}]},{"@type":"WebSite","@id":"https:\/\/infoecos.com.ar\/#website","url":"https:\/\/infoecos.com.ar\/","name":"Infoecos","description":"Noticias de trenque lauquen y la zona","publisher":{"@id":"https:\/\/infoecos.com.ar\/#organization"},"alternateName":"Noticias","potentialAction":[{"@type":"SearchAction","target":{"@type":"EntryPoint","urlTemplate":"https:\/\/infoecos.com.ar\/?s={search_term_string}"},"query-input":{"@type":"PropertyValueSpecification","valueRequired":true,"valueName":"search_term_string"}}],"inLanguage":"es"},{"@type":"Organization","@id":"https:\/\/infoecos.com.ar\/#organization","name":"Infoecos","alternateName":"Noticias","url":"https:\/\/infoecos.com.ar\/","logo":{"@type":"ImageObject","inLanguage":"es","@id":"https:\/\/infoecos.com.ar\/#\/schema\/logo\/image\/","url":"https:\/\/infoecos.com.ar\/wp-content\/uploads\/2024\/03\/cropped-logo.png","contentUrl":"https:\/\/infoecos.com.ar\/wp-content\/uploads\/2024\/03\/cropped-logo.png","width":374,"height":90,"caption":"Infoecos"},"image":{"@id":"https:\/\/infoecos.com.ar\/#\/schema\/logo\/image\/"},"sameAs":["https:\/\/www.facebook.com\/profile.php?id=100063200290284","https:\/\/x.com\/infoecos"]},{"@type":"Person","@id":"https:\/\/infoecos.com.ar\/#\/schema\/person\/8f5ace5ce73b4b4aac4b7245aee6f191","name":"Jorge Matheus","url":"https:\/\/infoecos.com.ar\/index.php\/author\/jomatheus\/"}]}},"featured_image_urls":{"full":["https:\/\/infoecos.com.ar\/wp-content\/uploads\/2023\/09\/prepagas.jpg",1140,640,false],"thumbnail":["https:\/\/infoecos.com.ar\/wp-content\/uploads\/2023\/09\/prepagas-300x150.jpg",300,150,true],"medium":["https:\/\/infoecos.com.ar\/wp-content\/uploads\/2023\/09\/prepagas-800x449.jpg",800,449,true],"medium_large":["https:\/\/infoecos.com.ar\/wp-content\/uploads\/2023\/09\/prepagas-768x431.jpg",640,359,true],"large":["https:\/\/infoecos.com.ar\/wp-content\/uploads\/2023\/09\/prepagas.jpg",640,359,false],"1536x1536":["https:\/\/infoecos.com.ar\/wp-content\/uploads\/2023\/09\/prepagas.jpg",1140,640,false],"2048x2048":["https:\/\/infoecos.com.ar\/wp-content\/uploads\/2023\/09\/prepagas.jpg",1140,640,false],"covernews-slider-full":["https:\/\/infoecos.com.ar\/wp-content\/uploads\/2023\/09\/prepagas.jpg",1115,626,false],"covernews-slider-center":["https:\/\/infoecos.com.ar\/wp-content\/uploads\/2023\/09\/prepagas-936x640.jpg",731,500,true],"covernews-featured":["https:\/\/infoecos.com.ar\/wp-content\/uploads\/2023\/09\/prepagas-1024x575.jpg",1024,575,true],"covernews-medium":["https:\/\/infoecos.com.ar\/wp-content\/uploads\/2023\/09\/prepagas-720x380.jpg",540,285,true],"covernews-medium-square":["https:\/\/infoecos.com.ar\/wp-content\/uploads\/2023\/09\/prepagas-675x450.jpg",375,250,true]},"author_info":{"info":["Jorge Matheus"]},"category_info":"<a href=\"https:\/\/infoecos.com.ar\/index.php\/category\/c3nota4\/\" rel=\"category tag\">C3 N4<\/a>","tag_info":"C3 N4","comment_count":"0","_links":{"self":[{"href":"https:\/\/infoecos.com.ar\/index.php\/wp-json\/wp\/v2\/posts\/113304"}],"collection":[{"href":"https:\/\/infoecos.com.ar\/index.php\/wp-json\/wp\/v2\/posts"}],"about":[{"href":"https:\/\/infoecos.com.ar\/index.php\/wp-json\/wp\/v2\/types\/post"}],"author":[{"embeddable":true,"href":"https:\/\/infoecos.com.ar\/index.php\/wp-json\/wp\/v2\/users\/2"}],"replies":[{"embeddable":true,"href":"https:\/\/infoecos.com.ar\/index.php\/wp-json\/wp\/v2\/comments?post=113304"}],"version-history":[{"count":2,"href":"https:\/\/infoecos.com.ar\/index.php\/wp-json\/wp\/v2\/posts\/113304\/revisions"}],"predecessor-version":[{"id":113316,"href":"https:\/\/infoecos.com.ar\/index.php\/wp-json\/wp\/v2\/posts\/113304\/revisions\/113316"}],"wp:featuredmedia":[{"embeddable":true,"href":"https:\/\/infoecos.com.ar\/index.php\/wp-json\/wp\/v2\/media\/111122"}],"wp:attachment":[{"href":"https:\/\/infoecos.com.ar\/index.php\/wp-json\/wp\/v2\/media?parent=113304"}],"wp:term":[{"taxonomy":"category","embeddable":true,"href":"https:\/\/infoecos.com.ar\/index.php\/wp-json\/wp\/v2\/categories?post=113304"},{"taxonomy":"post_tag","embeddable":true,"href":"https:\/\/infoecos.com.ar\/index.php\/wp-json\/wp\/v2\/tags?post=113304"}],"curies":[{"name":"wp","href":"https:\/\/api.w.org\/{rel}","templated":true}]}}