{"id":113317,"date":"2023-09-30T02:37:37","date_gmt":"2023-09-30T05:37:37","guid":{"rendered":"https:\/\/infoecos.com.ar\/?p=113317"},"modified":"2023-09-30T02:37:38","modified_gmt":"2023-09-30T05:37:38","slug":"se-viene-la-segunda-fecha-del-festival-trenque-lauquen-suena-2023","status":"publish","type":"post","link":"https:\/\/infoecos.com.ar\/index.php\/se-viene-la-segunda-fecha-del-festival-trenque-lauquen-suena-2023\/","title":{"rendered":"Se viene la segunda fecha del Festival Trenque Lauquen Suena 2023"},"content":{"rendered":"\n<p>Vincha Band, Los Mantis, Mand\u00edbula, La Maykel Band, 4 de 100, JackHerer, Fahrenheit, Alarido 88 y DJ Marcel King conforman la grilla de artistas que el s\u00e1bado 7 de octubre desde las 21 y en el Club Monumental (Castelli n\u00ba 716), dar\u00e1n vida a la segunda y \u00faltima fecha del Festival Trenque Suena 2023.<\/p>\n\n\n\n<figure class=\"wp-block-image alignright size-full is-resized\"><img loading=\"lazy\" decoding=\"async\" src=\"https:\/\/infoecos.com.ar\/wp-content\/uploads\/2023\/09\/Trenque-Suena.jpg\" alt=\"\" class=\"wp-image-113318\" width=\"470\" height=\"312\" srcset=\"https:\/\/infoecos.com.ar\/wp-content\/uploads\/2023\/09\/Trenque-Suena.jpg 977w, https:\/\/infoecos.com.ar\/wp-content\/uploads\/2023\/09\/Trenque-Suena-800x533.jpg 800w, https:\/\/infoecos.com.ar\/wp-content\/uploads\/2023\/09\/Trenque-Suena-768x512.jpg 768w, https:\/\/infoecos.com.ar\/wp-content\/uploads\/2023\/09\/Trenque-Suena-675x450.jpg 675w\" sizes=\"(max-width: 470px) 100vw, 470px\" \/><\/figure>\n\n\n\n<p>La propuesta, que es impulsada por la direcci\u00f3n de Cultura y Educaci\u00f3n de la municipalidad de Trenque Lauquen y cuenta con el apoyo de las agrupaciones y m\u00fasicos del distrito, tuvo una primera fecha el s\u00e1bado 29 de julio con la presentaci\u00f3n de varias bandas y una renovada puesta de luces y sonido junto a un escenario m\u00e1s espacioso, en un combo que busca potenciar a\u00fan m\u00e1s la parte art\u00edstica.<\/p>\n\n\n\n<p>Las entradas anticipadas tendr\u00e1n un valor de 2.000 pesos y pueden adquirirse en la direcci\u00f3n de Cultura y Educaci\u00f3n municipal, los d\u00edas h\u00e1biles de 7 a 13, o comunic\u00e1ndose con alguno de los integrantes de las bandas. Adem\u00e1s, el Club Monumental ofrecer\u00e1 un muy buen servicio de cantina.<\/p>\n\n\n\n<p>La primera fecha de este a\u00f1o reuni\u00f3 a m\u00e1s de 500 personas que colmaron las instalaciones de Monumental para disfrutar de los shows de Nativo, Cecilia y las Conspiraciones, Zuper Nova, Los Schocklenders, Trinomio, Ramayama Reggae Rap, y Pan Duro -la agrupaci\u00f3n proveniente de Am\u00e9rica-. Tambi\u00e9n particip\u00f3 el conocido disc jockey H\u00e9ctor \u00abOso\u00bb S\u00e1nchez.<\/p>\n","protected":false},"excerpt":{"rendered":"<p>Las entradas anticipadas tendr\u00e1n un valor de 2.000 pesos y pueden adquirirse en la direcci\u00f3n de Cultura y Educaci\u00f3n municipal, los d\u00edas h\u00e1biles de 7 a 13<\/p>\n","protected":false},"author":2,"featured_media":113318,"comment_status":"closed","ping_status":"open","sticky":false,"template":"","format":"standard","meta":{"footnotes":""},"categories":[51],"tags":[9300],"class_list":["post-113317","post","type-post","status-publish","format-standard","has-post-thumbnail","hentry","category-c2nota4","tag-el-sabado-7-de-octubre"],"yoast_head":"<!-- This site is optimized with the Yoast SEO plugin v23.4 - https:\/\/yoast.com\/wordpress\/plugins\/seo\/ -->\n<title>Se viene la segunda fecha del Festival Trenque Lauquen Suena 2023 - Infoecos<\/title>\n<meta name=\"robots\" content=\"index, follow, max-snippet:-1, max-image-preview:large, max-video-preview:-1\" \/>\n<link rel=\"canonical\" href=\"https:\/\/infoecos.com.ar\/index.php\/se-viene-la-segunda-fecha-del-festival-trenque-lauquen-suena-2023\/\" \/>\n<meta property=\"og:locale\" content=\"es_ES\" \/>\n<meta property=\"og:type\" content=\"article\" \/>\n<meta property=\"og:title\" content=\"Se viene la segunda fecha del Festival Trenque Lauquen Suena 2023 - Infoecos\" \/>\n<meta property=\"og:description\" content=\"Las entradas anticipadas tendr\u00e1n un valor de 2.000 pesos y pueden adquirirse en la direcci\u00f3n de Cultura y Educaci\u00f3n municipal, los d\u00edas h\u00e1biles de 7 a 13\" \/>\n<meta property=\"og:url\" content=\"https:\/\/infoecos.com.ar\/index.php\/se-viene-la-segunda-fecha-del-festival-trenque-lauquen-suena-2023\/\" \/>\n<meta property=\"og:site_name\" content=\"Infoecos\" \/>\n<meta property=\"article:publisher\" content=\"https:\/\/www.facebook.com\/profile.php?id=100063200290284\" \/>\n<meta property=\"article:published_time\" content=\"2023-09-30T05:37:37+00:00\" \/>\n<meta property=\"article:modified_time\" content=\"2023-09-30T05:37:38+00:00\" \/>\n<meta property=\"og:image\" content=\"https:\/\/infoecos.com.ar\/wp-content\/uploads\/2023\/09\/Trenque-Suena.jpg\" \/>\n\t<meta property=\"og:image:width\" content=\"977\" \/>\n\t<meta property=\"og:image:height\" content=\"651\" \/>\n\t<meta property=\"og:image:type\" content=\"image\/jpeg\" \/>\n<meta name=\"author\" content=\"Jorge Matheus\" \/>\n<meta name=\"twitter:card\" content=\"summary_large_image\" \/>\n<meta name=\"twitter:creator\" content=\"@infoecos\" \/>\n<meta name=\"twitter:site\" content=\"@infoecos\" \/>\n<meta name=\"twitter:label1\" content=\"Escrito por\" \/>\n\t<meta name=\"twitter:data1\" content=\"Jorge Matheus\" \/>\n\t<meta name=\"twitter:label2\" content=\"Tiempo de lectura\" \/>\n\t<meta name=\"twitter:data2\" content=\"2 minutos\" \/>\n<script type=\"application\/ld+json\" class=\"yoast-schema-graph\">{\"@context\":\"https:\/\/schema.org\",\"@graph\":[{\"@type\":\"Article\",\"@id\":\"https:\/\/infoecos.com.ar\/index.php\/se-viene-la-segunda-fecha-del-festival-trenque-lauquen-suena-2023\/#article\",\"isPartOf\":{\"@id\":\"https:\/\/infoecos.com.ar\/index.php\/se-viene-la-segunda-fecha-del-festival-trenque-lauquen-suena-2023\/\"},\"author\":{\"name\":\"Jorge Matheus\",\"@id\":\"https:\/\/infoecos.com.ar\/#\/schema\/person\/8f5ace5ce73b4b4aac4b7245aee6f191\"},\"headline\":\"Se viene la segunda fecha del Festival Trenque Lauquen Suena 2023\",\"datePublished\":\"2023-09-30T05:37:37+00:00\",\"dateModified\":\"2023-09-30T05:37:38+00:00\",\"mainEntityOfPage\":{\"@id\":\"https:\/\/infoecos.com.ar\/index.php\/se-viene-la-segunda-fecha-del-festival-trenque-lauquen-suena-2023\/\"},\"wordCount\":250,\"publisher\":{\"@id\":\"https:\/\/infoecos.com.ar\/#organization\"},\"image\":{\"@id\":\"https:\/\/infoecos.com.ar\/index.php\/se-viene-la-segunda-fecha-del-festival-trenque-lauquen-suena-2023\/#primaryimage\"},\"thumbnailUrl\":\"https:\/\/infoecos.com.ar\/wp-content\/uploads\/2023\/09\/Trenque-Suena.jpg\",\"keywords\":[\"EL S\u00c1BADO 7 DE OCTUBRE\"],\"articleSection\":[\"C2 N4\"],\"inLanguage\":\"es\"},{\"@type\":\"WebPage\",\"@id\":\"https:\/\/infoecos.com.ar\/index.php\/se-viene-la-segunda-fecha-del-festival-trenque-lauquen-suena-2023\/\",\"url\":\"https:\/\/infoecos.com.ar\/index.php\/se-viene-la-segunda-fecha-del-festival-trenque-lauquen-suena-2023\/\",\"name\":\"Se viene la segunda fecha del Festival Trenque Lauquen Suena 2023 - Infoecos\",\"isPartOf\":{\"@id\":\"https:\/\/infoecos.com.ar\/#website\"},\"primaryImageOfPage\":{\"@id\":\"https:\/\/infoecos.com.ar\/index.php\/se-viene-la-segunda-fecha-del-festival-trenque-lauquen-suena-2023\/#primaryimage\"},\"image\":{\"@id\":\"https:\/\/infoecos.com.ar\/index.php\/se-viene-la-segunda-fecha-del-festival-trenque-lauquen-suena-2023\/#primaryimage\"},\"thumbnailUrl\":\"https:\/\/infoecos.com.ar\/wp-content\/uploads\/2023\/09\/Trenque-Suena.jpg\",\"datePublished\":\"2023-09-30T05:37:37+00:00\",\"dateModified\":\"2023-09-30T05:37:38+00:00\",\"breadcrumb\":{\"@id\":\"https:\/\/infoecos.com.ar\/index.php\/se-viene-la-segunda-fecha-del-festival-trenque-lauquen-suena-2023\/#breadcrumb\"},\"inLanguage\":\"es\",\"potentialAction\":[{\"@type\":\"ReadAction\",\"target\":[\"https:\/\/infoecos.com.ar\/index.php\/se-viene-la-segunda-fecha-del-festival-trenque-lauquen-suena-2023\/\"]}]},{\"@type\":\"ImageObject\",\"inLanguage\":\"es\",\"@id\":\"https:\/\/infoecos.com.ar\/index.php\/se-viene-la-segunda-fecha-del-festival-trenque-lauquen-suena-2023\/#primaryimage\",\"url\":\"https:\/\/infoecos.com.ar\/wp-content\/uploads\/2023\/09\/Trenque-Suena.jpg\",\"contentUrl\":\"https:\/\/infoecos.com.ar\/wp-content\/uploads\/2023\/09\/Trenque-Suena.jpg\",\"width\":977,\"height\":651},{\"@type\":\"BreadcrumbList\",\"@id\":\"https:\/\/infoecos.com.ar\/index.php\/se-viene-la-segunda-fecha-del-festival-trenque-lauquen-suena-2023\/#breadcrumb\",\"itemListElement\":[{\"@type\":\"ListItem\",\"position\":1,\"name\":\"Portada\",\"item\":\"https:\/\/infoecos.com.ar\/\"},{\"@type\":\"ListItem\",\"position\":2,\"name\":\"Se viene la segunda fecha del Festival Trenque Lauquen Suena 2023\"}]},{\"@type\":\"WebSite\",\"@id\":\"https:\/\/infoecos.com.ar\/#website\",\"url\":\"https:\/\/infoecos.com.ar\/\",\"name\":\"Infoecos\",\"description\":\"Noticias de trenque lauquen y la zona\",\"publisher\":{\"@id\":\"https:\/\/infoecos.com.ar\/#organization\"},\"alternateName\":\"Noticias\",\"potentialAction\":[{\"@type\":\"SearchAction\",\"target\":{\"@type\":\"EntryPoint\",\"urlTemplate\":\"https:\/\/infoecos.com.ar\/?s={search_term_string}\"},\"query-input\":{\"@type\":\"PropertyValueSpecification\",\"valueRequired\":true,\"valueName\":\"search_term_string\"}}],\"inLanguage\":\"es\"},{\"@type\":\"Organization\",\"@id\":\"https:\/\/infoecos.com.ar\/#organization\",\"name\":\"Infoecos\",\"alternateName\":\"Noticias\",\"url\":\"https:\/\/infoecos.com.ar\/\",\"logo\":{\"@type\":\"ImageObject\",\"inLanguage\":\"es\",\"@id\":\"https:\/\/infoecos.com.ar\/#\/schema\/logo\/image\/\",\"url\":\"https:\/\/infoecos.com.ar\/wp-content\/uploads\/2024\/03\/cropped-logo.png\",\"contentUrl\":\"https:\/\/infoecos.com.ar\/wp-content\/uploads\/2024\/03\/cropped-logo.png\",\"width\":374,\"height\":90,\"caption\":\"Infoecos\"},\"image\":{\"@id\":\"https:\/\/infoecos.com.ar\/#\/schema\/logo\/image\/\"},\"sameAs\":[\"https:\/\/www.facebook.com\/profile.php?id=100063200290284\",\"https:\/\/x.com\/infoecos\"]},{\"@type\":\"Person\",\"@id\":\"https:\/\/infoecos.com.ar\/#\/schema\/person\/8f5ace5ce73b4b4aac4b7245aee6f191\",\"name\":\"Jorge Matheus\",\"url\":\"https:\/\/infoecos.com.ar\/index.php\/author\/jomatheus\/\"}]}<\/script>\n<!-- \/ Yoast SEO plugin. -->","yoast_head_json":{"title":"Se viene la segunda fecha del Festival Trenque Lauquen Suena 2023 - Infoecos","robots":{"index":"index","follow":"follow","max-snippet":"max-snippet:-1","max-image-preview":"max-image-preview:large","max-video-preview":"max-video-preview:-1"},"canonical":"https:\/\/infoecos.com.ar\/index.php\/se-viene-la-segunda-fecha-del-festival-trenque-lauquen-suena-2023\/","og_locale":"es_ES","og_type":"article","og_title":"Se viene la segunda fecha del Festival Trenque Lauquen Suena 2023 - Infoecos","og_description":"Las entradas anticipadas tendr\u00e1n un valor de 2.000 pesos y pueden adquirirse en la direcci\u00f3n de Cultura y Educaci\u00f3n municipal, los d\u00edas h\u00e1biles de 7 a 13","og_url":"https:\/\/infoecos.com.ar\/index.php\/se-viene-la-segunda-fecha-del-festival-trenque-lauquen-suena-2023\/","og_site_name":"Infoecos","article_publisher":"https:\/\/www.facebook.com\/profile.php?id=100063200290284","article_published_time":"2023-09-30T05:37:37+00:00","article_modified_time":"2023-09-30T05:37:38+00:00","og_image":[{"width":977,"height":651,"url":"https:\/\/infoecos.com.ar\/wp-content\/uploads\/2023\/09\/Trenque-Suena.jpg","type":"image\/jpeg"}],"author":"Jorge Matheus","twitter_card":"summary_large_image","twitter_creator":"@infoecos","twitter_site":"@infoecos","twitter_misc":{"Escrito por":"Jorge Matheus","Tiempo de lectura":"2 minutos"},"schema":{"@context":"https:\/\/schema.org","@graph":[{"@type":"Article","@id":"https:\/\/infoecos.com.ar\/index.php\/se-viene-la-segunda-fecha-del-festival-trenque-lauquen-suena-2023\/#article","isPartOf":{"@id":"https:\/\/infoecos.com.ar\/index.php\/se-viene-la-segunda-fecha-del-festival-trenque-lauquen-suena-2023\/"},"author":{"name":"Jorge Matheus","@id":"https:\/\/infoecos.com.ar\/#\/schema\/person\/8f5ace5ce73b4b4aac4b7245aee6f191"},"headline":"Se viene la segunda fecha del Festival Trenque Lauquen Suena 2023","datePublished":"2023-09-30T05:37:37+00:00","dateModified":"2023-09-30T05:37:38+00:00","mainEntityOfPage":{"@id":"https:\/\/infoecos.com.ar\/index.php\/se-viene-la-segunda-fecha-del-festival-trenque-lauquen-suena-2023\/"},"wordCount":250,"publisher":{"@id":"https:\/\/infoecos.com.ar\/#organization"},"image":{"@id":"https:\/\/infoecos.com.ar\/index.php\/se-viene-la-segunda-fecha-del-festival-trenque-lauquen-suena-2023\/#primaryimage"},"thumbnailUrl":"https:\/\/infoecos.com.ar\/wp-content\/uploads\/2023\/09\/Trenque-Suena.jpg","keywords":["EL S\u00c1BADO 7 DE OCTUBRE"],"articleSection":["C2 N4"],"inLanguage":"es"},{"@type":"WebPage","@id":"https:\/\/infoecos.com.ar\/index.php\/se-viene-la-segunda-fecha-del-festival-trenque-lauquen-suena-2023\/","url":"https:\/\/infoecos.com.ar\/index.php\/se-viene-la-segunda-fecha-del-festival-trenque-lauquen-suena-2023\/","name":"Se viene la segunda fecha del Festival Trenque Lauquen Suena 2023 - Infoecos","isPartOf":{"@id":"https:\/\/infoecos.com.ar\/#website"},"primaryImageOfPage":{"@id":"https:\/\/infoecos.com.ar\/index.php\/se-viene-la-segunda-fecha-del-festival-trenque-lauquen-suena-2023\/#primaryimage"},"image":{"@id":"https:\/\/infoecos.com.ar\/index.php\/se-viene-la-segunda-fecha-del-festival-trenque-lauquen-suena-2023\/#primaryimage"},"thumbnailUrl":"https:\/\/infoecos.com.ar\/wp-content\/uploads\/2023\/09\/Trenque-Suena.jpg","datePublished":"2023-09-30T05:37:37+00:00","dateModified":"2023-09-30T05:37:38+00:00","breadcrumb":{"@id":"https:\/\/infoecos.com.ar\/index.php\/se-viene-la-segunda-fecha-del-festival-trenque-lauquen-suena-2023\/#breadcrumb"},"inLanguage":"es","potentialAction":[{"@type":"ReadAction","target":["https:\/\/infoecos.com.ar\/index.php\/se-viene-la-segunda-fecha-del-festival-trenque-lauquen-suena-2023\/"]}]},{"@type":"ImageObject","inLanguage":"es","@id":"https:\/\/infoecos.com.ar\/index.php\/se-viene-la-segunda-fecha-del-festival-trenque-lauquen-suena-2023\/#primaryimage","url":"https:\/\/infoecos.com.ar\/wp-content\/uploads\/2023\/09\/Trenque-Suena.jpg","contentUrl":"https:\/\/infoecos.com.ar\/wp-content\/uploads\/2023\/09\/Trenque-Suena.jpg","width":977,"height":651},{"@type":"BreadcrumbList","@id":"https:\/\/infoecos.com.ar\/index.php\/se-viene-la-segunda-fecha-del-festival-trenque-lauquen-suena-2023\/#breadcrumb","itemListElement":[{"@type":"ListItem","position":1,"name":"Portada","item":"https:\/\/infoecos.com.ar\/"},{"@type":"ListItem","position":2,"name":"Se viene la segunda fecha del Festival Trenque Lauquen Suena 2023"}]},{"@type":"WebSite","@id":"https:\/\/infoecos.com.ar\/#website","url":"https:\/\/infoecos.com.ar\/","name":"Infoecos","description":"Noticias de trenque lauquen y la zona","publisher":{"@id":"https:\/\/infoecos.com.ar\/#organization"},"alternateName":"Noticias","potentialAction":[{"@type":"SearchAction","target":{"@type":"EntryPoint","urlTemplate":"https:\/\/infoecos.com.ar\/?s={search_term_string}"},"query-input":{"@type":"PropertyValueSpecification","valueRequired":true,"valueName":"search_term_string"}}],"inLanguage":"es"},{"@type":"Organization","@id":"https:\/\/infoecos.com.ar\/#organization","name":"Infoecos","alternateName":"Noticias","url":"https:\/\/infoecos.com.ar\/","logo":{"@type":"ImageObject","inLanguage":"es","@id":"https:\/\/infoecos.com.ar\/#\/schema\/logo\/image\/","url":"https:\/\/infoecos.com.ar\/wp-content\/uploads\/2024\/03\/cropped-logo.png","contentUrl":"https:\/\/infoecos.com.ar\/wp-content\/uploads\/2024\/03\/cropped-logo.png","width":374,"height":90,"caption":"Infoecos"},"image":{"@id":"https:\/\/infoecos.com.ar\/#\/schema\/logo\/image\/"},"sameAs":["https:\/\/www.facebook.com\/profile.php?id=100063200290284","https:\/\/x.com\/infoecos"]},{"@type":"Person","@id":"https:\/\/infoecos.com.ar\/#\/schema\/person\/8f5ace5ce73b4b4aac4b7245aee6f191","name":"Jorge Matheus","url":"https:\/\/infoecos.com.ar\/index.php\/author\/jomatheus\/"}]}},"featured_image_urls":{"full":["https:\/\/infoecos.com.ar\/wp-content\/uploads\/2023\/09\/Trenque-Suena.jpg",977,651,false],"thumbnail":["https:\/\/infoecos.com.ar\/wp-content\/uploads\/2023\/09\/Trenque-Suena-300x150.jpg",300,150,true],"medium":["https:\/\/infoecos.com.ar\/wp-content\/uploads\/2023\/09\/Trenque-Suena-800x533.jpg",800,533,true],"medium_large":["https:\/\/infoecos.com.ar\/wp-content\/uploads\/2023\/09\/Trenque-Suena-768x512.jpg",640,427,true],"large":["https:\/\/infoecos.com.ar\/wp-content\/uploads\/2023\/09\/Trenque-Suena.jpg",640,426,false],"1536x1536":["https:\/\/infoecos.com.ar\/wp-content\/uploads\/2023\/09\/Trenque-Suena.jpg",977,651,false],"2048x2048":["https:\/\/infoecos.com.ar\/wp-content\/uploads\/2023\/09\/Trenque-Suena.jpg",977,651,false],"covernews-slider-full":["https:\/\/infoecos.com.ar\/wp-content\/uploads\/2023\/09\/Trenque-Suena.jpg",977,651,false],"covernews-slider-center":["https:\/\/infoecos.com.ar\/wp-content\/uploads\/2023\/09\/Trenque-Suena-936x651.jpg",719,500,true],"covernews-featured":["https:\/\/infoecos.com.ar\/wp-content\/uploads\/2023\/09\/Trenque-Suena.jpg",977,651,false],"covernews-medium":["https:\/\/infoecos.com.ar\/wp-content\/uploads\/2023\/09\/Trenque-Suena-720x380.jpg",540,285,true],"covernews-medium-square":["https:\/\/infoecos.com.ar\/wp-content\/uploads\/2023\/09\/Trenque-Suena-675x450.jpg",375,250,true]},"author_info":{"info":["Jorge Matheus"]},"category_info":"<a href=\"https:\/\/infoecos.com.ar\/index.php\/category\/c2nota4\/\" rel=\"category tag\">C2 N4<\/a>","tag_info":"C2 N4","comment_count":"0","_links":{"self":[{"href":"https:\/\/infoecos.com.ar\/index.php\/wp-json\/wp\/v2\/posts\/113317"}],"collection":[{"href":"https:\/\/infoecos.com.ar\/index.php\/wp-json\/wp\/v2\/posts"}],"about":[{"href":"https:\/\/infoecos.com.ar\/index.php\/wp-json\/wp\/v2\/types\/post"}],"author":[{"embeddable":true,"href":"https:\/\/infoecos.com.ar\/index.php\/wp-json\/wp\/v2\/users\/2"}],"replies":[{"embeddable":true,"href":"https:\/\/infoecos.com.ar\/index.php\/wp-json\/wp\/v2\/comments?post=113317"}],"version-history":[{"count":1,"href":"https:\/\/infoecos.com.ar\/index.php\/wp-json\/wp\/v2\/posts\/113317\/revisions"}],"predecessor-version":[{"id":113319,"href":"https:\/\/infoecos.com.ar\/index.php\/wp-json\/wp\/v2\/posts\/113317\/revisions\/113319"}],"wp:featuredmedia":[{"embeddable":true,"href":"https:\/\/infoecos.com.ar\/index.php\/wp-json\/wp\/v2\/media\/113318"}],"wp:attachment":[{"href":"https:\/\/infoecos.com.ar\/index.php\/wp-json\/wp\/v2\/media?parent=113317"}],"wp:term":[{"taxonomy":"category","embeddable":true,"href":"https:\/\/infoecos.com.ar\/index.php\/wp-json\/wp\/v2\/categories?post=113317"},{"taxonomy":"post_tag","embeddable":true,"href":"https:\/\/infoecos.com.ar\/index.php\/wp-json\/wp\/v2\/tags?post=113317"}],"curies":[{"name":"wp","href":"https:\/\/api.w.org\/{rel}","templated":true}]}}