{"id":113418,"date":"2023-10-02T00:30:39","date_gmt":"2023-10-02T03:30:39","guid":{"rendered":"https:\/\/infoecos.com.ar\/?p=113418"},"modified":"2023-10-02T00:30:40","modified_gmt":"2023-10-02T03:30:40","slug":"el-domingo-culmino-la-cabalgata-candido-mansilla-en-el-distrito-de-rivadavia","status":"publish","type":"post","link":"https:\/\/infoecos.com.ar\/index.php\/el-domingo-culmino-la-cabalgata-candido-mansilla-en-el-distrito-de-rivadavia\/","title":{"rendered":"El domingo culmin\u00f3 la cabalgata \u00abC\u00e1ndido Mansilla\u00bb, en el distrito de Rivadavia"},"content":{"rendered":"\n<p>El domingo se produjo la llegada a Am\u00e9rica cerca de las 16:00 horas con el desfile tradicional por las principales calles y llegando a Plaza Col\u00f3n donde en calle San Mart\u00edn frente a la Parroquia San Bernardo. En el escenario  especialmente armado se realizaron los respectivos reconocimientos a quienes participaron de esta edici\u00f3n de la C\u00e1ndido Mansilla.<\/p>\n\n\n\n<figure class=\"wp-block-gallery has-nested-images columns-default is-cropped wp-block-gallery-1 is-layout-flex wp-block-gallery-is-layout-flex\">\n<figure class=\"wp-block-image size-large\"><img loading=\"lazy\" decoding=\"async\" width=\"1600\" height=\"1059\" data-id=\"113423\" src=\"https:\/\/infoecos.com.ar\/wp-content\/uploads\/2023\/10\/378373864_636775851916365_1588862221062211607_n-1600x1059.jpg\" alt=\"\" class=\"wp-image-113423\" srcset=\"https:\/\/infoecos.com.ar\/wp-content\/uploads\/2023\/10\/378373864_636775851916365_1588862221062211607_n-1600x1059.jpg 1600w, https:\/\/infoecos.com.ar\/wp-content\/uploads\/2023\/10\/378373864_636775851916365_1588862221062211607_n-800x530.jpg 800w, https:\/\/infoecos.com.ar\/wp-content\/uploads\/2023\/10\/378373864_636775851916365_1588862221062211607_n-768x509.jpg 768w, https:\/\/infoecos.com.ar\/wp-content\/uploads\/2023\/10\/378373864_636775851916365_1588862221062211607_n-1536x1017.jpg 1536w, https:\/\/infoecos.com.ar\/wp-content\/uploads\/2023\/10\/378373864_636775851916365_1588862221062211607_n-1024x678.jpg 1024w, https:\/\/infoecos.com.ar\/wp-content\/uploads\/2023\/10\/378373864_636775851916365_1588862221062211607_n.jpg 2048w\" sizes=\"(max-width: 1600px) 100vw, 1600px\" \/><figcaption class=\"wp-element-caption\">Cabalgata C\u00e1ndido Mansilla en Rivadavia &#8211; La presencia en F.Olavarr\u00eda<\/figcaption><\/figure>\n\n\n\n<figure class=\"wp-block-image size-large\"><img loading=\"lazy\" decoding=\"async\" width=\"1600\" height=\"1059\" data-id=\"113422\" src=\"https:\/\/infoecos.com.ar\/wp-content\/uploads\/2023\/10\/378376973_636775791916371_1220221400427052542_n-1600x1059.jpg\" alt=\"\" class=\"wp-image-113422\" srcset=\"https:\/\/infoecos.com.ar\/wp-content\/uploads\/2023\/10\/378376973_636775791916371_1220221400427052542_n-1600x1059.jpg 1600w, https:\/\/infoecos.com.ar\/wp-content\/uploads\/2023\/10\/378376973_636775791916371_1220221400427052542_n-800x530.jpg 800w, https:\/\/infoecos.com.ar\/wp-content\/uploads\/2023\/10\/378376973_636775791916371_1220221400427052542_n-768x509.jpg 768w, https:\/\/infoecos.com.ar\/wp-content\/uploads\/2023\/10\/378376973_636775791916371_1220221400427052542_n-1536x1017.jpg 1536w, https:\/\/infoecos.com.ar\/wp-content\/uploads\/2023\/10\/378376973_636775791916371_1220221400427052542_n-1024x678.jpg 1024w, https:\/\/infoecos.com.ar\/wp-content\/uploads\/2023\/10\/378376973_636775791916371_1220221400427052542_n.jpg 2048w\" sizes=\"(max-width: 1600px) 100vw, 1600px\" \/><figcaption class=\"wp-element-caption\">Cabalgata C\u00e1ndido Mansilla en Rivadavia &#8211; La presencia en F.Olavarr\u00eda<\/figcaption><\/figure>\n\n\n\n<figure class=\"wp-block-image size-large\"><img loading=\"lazy\" decoding=\"async\" width=\"1204\" height=\"1330\" data-id=\"113419\" src=\"https:\/\/infoecos.com.ar\/wp-content\/uploads\/2023\/10\/378380108_636775418583075_9124185813682797902_n.jpg\" alt=\"\" class=\"wp-image-113419\" srcset=\"https:\/\/infoecos.com.ar\/wp-content\/uploads\/2023\/10\/378380108_636775418583075_9124185813682797902_n.jpg 1204w, https:\/\/infoecos.com.ar\/wp-content\/uploads\/2023\/10\/378380108_636775418583075_9124185813682797902_n-724x800.jpg 724w, https:\/\/infoecos.com.ar\/wp-content\/uploads\/2023\/10\/378380108_636775418583075_9124185813682797902_n-768x848.jpg 768w, https:\/\/infoecos.com.ar\/wp-content\/uploads\/2023\/10\/378380108_636775418583075_9124185813682797902_n-1024x1131.jpg 1024w\" sizes=\"(max-width: 1204px) 100vw, 1204px\" \/><figcaption class=\"wp-element-caption\"> Cabalgata C\u00e1ndido Mansilla en Rivadavia &#8211; La presencia en F.Olavarr\u00eda<\/figcaption><\/figure>\n\n\n\n<figure class=\"wp-block-image size-large\"><img loading=\"lazy\" decoding=\"async\" width=\"1600\" height=\"1059\" data-id=\"113420\" src=\"https:\/\/infoecos.com.ar\/wp-content\/uploads\/2023\/10\/382708099_636775718583045_995741762082682289_n-1600x1059.jpg\" alt=\"\" class=\"wp-image-113420\" srcset=\"https:\/\/infoecos.com.ar\/wp-content\/uploads\/2023\/10\/382708099_636775718583045_995741762082682289_n-1600x1059.jpg 1600w, https:\/\/infoecos.com.ar\/wp-content\/uploads\/2023\/10\/382708099_636775718583045_995741762082682289_n-800x530.jpg 800w, https:\/\/infoecos.com.ar\/wp-content\/uploads\/2023\/10\/382708099_636775718583045_995741762082682289_n-768x509.jpg 768w, https:\/\/infoecos.com.ar\/wp-content\/uploads\/2023\/10\/382708099_636775718583045_995741762082682289_n-1536x1017.jpg 1536w, https:\/\/infoecos.com.ar\/wp-content\/uploads\/2023\/10\/382708099_636775718583045_995741762082682289_n-1024x678.jpg 1024w, https:\/\/infoecos.com.ar\/wp-content\/uploads\/2023\/10\/382708099_636775718583045_995741762082682289_n.jpg 2048w\" sizes=\"(max-width: 1600px) 100vw, 1600px\" \/><figcaption class=\"wp-element-caption\"> Cabalgata C\u00e1ndido Mansilla en Rivadavia &#8211; La presencia en F.Olavarr\u00eda<\/figcaption><\/figure>\n\n\n\n<figure class=\"wp-block-image size-large\"><img loading=\"lazy\" decoding=\"async\" width=\"1600\" height=\"1059\" data-id=\"113424\" src=\"https:\/\/infoecos.com.ar\/wp-content\/uploads\/2023\/10\/382953254_636775768583040_7682686240885309667_n-1600x1059.jpg\" alt=\"\" class=\"wp-image-113424\" srcset=\"https:\/\/infoecos.com.ar\/wp-content\/uploads\/2023\/10\/382953254_636775768583040_7682686240885309667_n-1600x1059.jpg 1600w, https:\/\/infoecos.com.ar\/wp-content\/uploads\/2023\/10\/382953254_636775768583040_7682686240885309667_n-800x530.jpg 800w, https:\/\/infoecos.com.ar\/wp-content\/uploads\/2023\/10\/382953254_636775768583040_7682686240885309667_n-768x509.jpg 768w, https:\/\/infoecos.com.ar\/wp-content\/uploads\/2023\/10\/382953254_636775768583040_7682686240885309667_n-1536x1017.jpg 1536w, https:\/\/infoecos.com.ar\/wp-content\/uploads\/2023\/10\/382953254_636775768583040_7682686240885309667_n-1024x678.jpg 1024w, https:\/\/infoecos.com.ar\/wp-content\/uploads\/2023\/10\/382953254_636775768583040_7682686240885309667_n.jpg 2048w\" sizes=\"(max-width: 1600px) 100vw, 1600px\" \/><figcaption class=\"wp-element-caption\">Cabalgata C\u00e1ndido Mansilla en Rivadavia &#8211; La presencia en F.Olavarr\u00eda<\/figcaption><\/figure>\n\n\n\n<figure class=\"wp-block-image size-large\"><img loading=\"lazy\" decoding=\"async\" width=\"1600\" height=\"1059\" data-id=\"113421\" src=\"https:\/\/infoecos.com.ar\/wp-content\/uploads\/2023\/10\/383001290_636775821916368_5814885929780261472_n-1600x1059.jpg\" alt=\"\" class=\"wp-image-113421\" srcset=\"https:\/\/infoecos.com.ar\/wp-content\/uploads\/2023\/10\/383001290_636775821916368_5814885929780261472_n-1600x1059.jpg 1600w, https:\/\/infoecos.com.ar\/wp-content\/uploads\/2023\/10\/383001290_636775821916368_5814885929780261472_n-800x530.jpg 800w, https:\/\/infoecos.com.ar\/wp-content\/uploads\/2023\/10\/383001290_636775821916368_5814885929780261472_n-768x509.jpg 768w, https:\/\/infoecos.com.ar\/wp-content\/uploads\/2023\/10\/383001290_636775821916368_5814885929780261472_n-1536x1017.jpg 1536w, https:\/\/infoecos.com.ar\/wp-content\/uploads\/2023\/10\/383001290_636775821916368_5814885929780261472_n-1024x678.jpg 1024w, https:\/\/infoecos.com.ar\/wp-content\/uploads\/2023\/10\/383001290_636775821916368_5814885929780261472_n.jpg 2048w\" sizes=\"(max-width: 1600px) 100vw, 1600px\" \/><figcaption class=\"wp-element-caption\">Cabalgata C\u00e1ndido Mansilla en Rivadavia &#8211; La presencia en F.Olavarr\u00eda<\/figcaption><\/figure>\n\n\n\n<figure class=\"wp-block-image size-large\"><img loading=\"lazy\" decoding=\"async\" width=\"1600\" height=\"1059\" data-id=\"113425\" src=\"https:\/\/infoecos.com.ar\/wp-content\/uploads\/2023\/10\/384271379_636775681916382_1643128176710685899_n-1600x1059.jpg\" alt=\"\" class=\"wp-image-113425\" srcset=\"https:\/\/infoecos.com.ar\/wp-content\/uploads\/2023\/10\/384271379_636775681916382_1643128176710685899_n-1600x1059.jpg 1600w, https:\/\/infoecos.com.ar\/wp-content\/uploads\/2023\/10\/384271379_636775681916382_1643128176710685899_n-800x530.jpg 800w, https:\/\/infoecos.com.ar\/wp-content\/uploads\/2023\/10\/384271379_636775681916382_1643128176710685899_n-768x509.jpg 768w, https:\/\/infoecos.com.ar\/wp-content\/uploads\/2023\/10\/384271379_636775681916382_1643128176710685899_n-1536x1017.jpg 1536w, https:\/\/infoecos.com.ar\/wp-content\/uploads\/2023\/10\/384271379_636775681916382_1643128176710685899_n-1024x678.jpg 1024w, https:\/\/infoecos.com.ar\/wp-content\/uploads\/2023\/10\/384271379_636775681916382_1643128176710685899_n.jpg 2048w\" sizes=\"(max-width: 1600px) 100vw, 1600px\" \/><figcaption class=\"wp-element-caption\">Cabalgata C\u00e1ndido Mansilla en Rivadavia &#8211; La presencia en F.Olavarr\u00eda<\/figcaption><\/figure>\n<\/figure>\n\n\n\n<p>Hubo 300 participantes directos y acompa\u00f1antes, en esta Edici\u00f3n 2023. Transitaron durante cinco d\u00edas los caminos del distrito.<\/p>\n\n\n\n<p>Hubo paradas en Sansinena, Gonz\u00e1lez Moreno, Sundbland, Roosevelt y Fort\u00edn Olavarr\u00eda.<\/p>\n\n\n\n<p><\/p>\n","protected":false},"excerpt":{"rendered":"<p>Hubo paradas en Sansinena, Gonz\u00e1lez Moreno, Sundbland, Roosevelt y Fort\u00edn Olavarr\u00eda.<\/p>\n","protected":false},"author":2,"featured_media":113422,"comment_status":"closed","ping_status":"open","sticky":false,"template":"","format":"standard","meta":{"footnotes":""},"categories":[45],"tags":[9314],"class_list":["post-113418","post","type-post","status-publish","format-standard","has-post-thumbnail","hentry","category-c1nota2","tag-300-participantes-directos"],"yoast_head":"<!-- This site is optimized with the Yoast SEO plugin v23.4 - https:\/\/yoast.com\/wordpress\/plugins\/seo\/ -->\n<title>El domingo culmin\u00f3 la cabalgata &quot;C\u00e1ndido Mansilla&quot;, en el distrito de Rivadavia - Infoecos<\/title>\n<meta name=\"robots\" content=\"index, follow, max-snippet:-1, max-image-preview:large, max-video-preview:-1\" \/>\n<link rel=\"canonical\" href=\"https:\/\/infoecos.com.ar\/index.php\/el-domingo-culmino-la-cabalgata-candido-mansilla-en-el-distrito-de-rivadavia\/\" \/>\n<meta property=\"og:locale\" content=\"es_ES\" \/>\n<meta property=\"og:type\" content=\"article\" \/>\n<meta property=\"og:title\" content=\"El domingo culmin\u00f3 la cabalgata &quot;C\u00e1ndido Mansilla&quot;, en el distrito de Rivadavia - Infoecos\" \/>\n<meta property=\"og:description\" content=\"Hubo paradas en Sansinena, Gonz\u00e1lez Moreno, Sundbland, Roosevelt y Fort\u00edn Olavarr\u00eda.\" \/>\n<meta property=\"og:url\" content=\"https:\/\/infoecos.com.ar\/index.php\/el-domingo-culmino-la-cabalgata-candido-mansilla-en-el-distrito-de-rivadavia\/\" \/>\n<meta property=\"og:site_name\" content=\"Infoecos\" \/>\n<meta property=\"article:publisher\" content=\"https:\/\/www.facebook.com\/profile.php?id=100063200290284\" \/>\n<meta property=\"article:published_time\" content=\"2023-10-02T03:30:39+00:00\" \/>\n<meta property=\"article:modified_time\" content=\"2023-10-02T03:30:40+00:00\" \/>\n<meta property=\"og:image\" content=\"https:\/\/infoecos.com.ar\/wp-content\/uploads\/2023\/10\/378376973_636775791916371_1220221400427052542_n.jpg\" \/>\n\t<meta property=\"og:image:width\" content=\"2048\" \/>\n\t<meta property=\"og:image:height\" content=\"1356\" \/>\n\t<meta property=\"og:image:type\" content=\"image\/jpeg\" \/>\n<meta name=\"author\" content=\"Jorge Matheus\" \/>\n<meta name=\"twitter:card\" content=\"summary_large_image\" \/>\n<meta name=\"twitter:creator\" content=\"@infoecos\" \/>\n<meta name=\"twitter:site\" content=\"@infoecos\" \/>\n<meta name=\"twitter:label1\" content=\"Escrito por\" \/>\n\t<meta name=\"twitter:data1\" content=\"Jorge Matheus\" \/>\n\t<meta name=\"twitter:label2\" content=\"Tiempo de lectura\" \/>\n\t<meta name=\"twitter:data2\" content=\"3 minutos\" \/>\n<script type=\"application\/ld+json\" class=\"yoast-schema-graph\">{\"@context\":\"https:\/\/schema.org\",\"@graph\":[{\"@type\":\"Article\",\"@id\":\"https:\/\/infoecos.com.ar\/index.php\/el-domingo-culmino-la-cabalgata-candido-mansilla-en-el-distrito-de-rivadavia\/#article\",\"isPartOf\":{\"@id\":\"https:\/\/infoecos.com.ar\/index.php\/el-domingo-culmino-la-cabalgata-candido-mansilla-en-el-distrito-de-rivadavia\/\"},\"author\":{\"name\":\"Jorge Matheus\",\"@id\":\"https:\/\/infoecos.com.ar\/#\/schema\/person\/8f5ace5ce73b4b4aac4b7245aee6f191\"},\"headline\":\"El domingo culmin\u00f3 la cabalgata \u00abC\u00e1ndido Mansilla\u00bb, en el distrito de Rivadavia\",\"datePublished\":\"2023-10-02T03:30:39+00:00\",\"dateModified\":\"2023-10-02T03:30:40+00:00\",\"mainEntityOfPage\":{\"@id\":\"https:\/\/infoecos.com.ar\/index.php\/el-domingo-culmino-la-cabalgata-candido-mansilla-en-el-distrito-de-rivadavia\/\"},\"wordCount\":198,\"publisher\":{\"@id\":\"https:\/\/infoecos.com.ar\/#organization\"},\"image\":{\"@id\":\"https:\/\/infoecos.com.ar\/index.php\/el-domingo-culmino-la-cabalgata-candido-mansilla-en-el-distrito-de-rivadavia\/#primaryimage\"},\"thumbnailUrl\":\"https:\/\/infoecos.com.ar\/wp-content\/uploads\/2023\/10\/378376973_636775791916371_1220221400427052542_n.jpg\",\"keywords\":[\"300 participantes directos\"],\"articleSection\":[\"C1 N2\"],\"inLanguage\":\"es\"},{\"@type\":\"WebPage\",\"@id\":\"https:\/\/infoecos.com.ar\/index.php\/el-domingo-culmino-la-cabalgata-candido-mansilla-en-el-distrito-de-rivadavia\/\",\"url\":\"https:\/\/infoecos.com.ar\/index.php\/el-domingo-culmino-la-cabalgata-candido-mansilla-en-el-distrito-de-rivadavia\/\",\"name\":\"El domingo culmin\u00f3 la cabalgata \\\"C\u00e1ndido Mansilla\\\", en el distrito de Rivadavia - Infoecos\",\"isPartOf\":{\"@id\":\"https:\/\/infoecos.com.ar\/#website\"},\"primaryImageOfPage\":{\"@id\":\"https:\/\/infoecos.com.ar\/index.php\/el-domingo-culmino-la-cabalgata-candido-mansilla-en-el-distrito-de-rivadavia\/#primaryimage\"},\"image\":{\"@id\":\"https:\/\/infoecos.com.ar\/index.php\/el-domingo-culmino-la-cabalgata-candido-mansilla-en-el-distrito-de-rivadavia\/#primaryimage\"},\"thumbnailUrl\":\"https:\/\/infoecos.com.ar\/wp-content\/uploads\/2023\/10\/378376973_636775791916371_1220221400427052542_n.jpg\",\"datePublished\":\"2023-10-02T03:30:39+00:00\",\"dateModified\":\"2023-10-02T03:30:40+00:00\",\"breadcrumb\":{\"@id\":\"https:\/\/infoecos.com.ar\/index.php\/el-domingo-culmino-la-cabalgata-candido-mansilla-en-el-distrito-de-rivadavia\/#breadcrumb\"},\"inLanguage\":\"es\",\"potentialAction\":[{\"@type\":\"ReadAction\",\"target\":[\"https:\/\/infoecos.com.ar\/index.php\/el-domingo-culmino-la-cabalgata-candido-mansilla-en-el-distrito-de-rivadavia\/\"]}]},{\"@type\":\"ImageObject\",\"inLanguage\":\"es\",\"@id\":\"https:\/\/infoecos.com.ar\/index.php\/el-domingo-culmino-la-cabalgata-candido-mansilla-en-el-distrito-de-rivadavia\/#primaryimage\",\"url\":\"https:\/\/infoecos.com.ar\/wp-content\/uploads\/2023\/10\/378376973_636775791916371_1220221400427052542_n.jpg\",\"contentUrl\":\"https:\/\/infoecos.com.ar\/wp-content\/uploads\/2023\/10\/378376973_636775791916371_1220221400427052542_n.jpg\",\"width\":2048,\"height\":1356},{\"@type\":\"BreadcrumbList\",\"@id\":\"https:\/\/infoecos.com.ar\/index.php\/el-domingo-culmino-la-cabalgata-candido-mansilla-en-el-distrito-de-rivadavia\/#breadcrumb\",\"itemListElement\":[{\"@type\":\"ListItem\",\"position\":1,\"name\":\"Portada\",\"item\":\"https:\/\/infoecos.com.ar\/\"},{\"@type\":\"ListItem\",\"position\":2,\"name\":\"El domingo culmin\u00f3 la cabalgata \u00abC\u00e1ndido Mansilla\u00bb, en el distrito de Rivadavia\"}]},{\"@type\":\"WebSite\",\"@id\":\"https:\/\/infoecos.com.ar\/#website\",\"url\":\"https:\/\/infoecos.com.ar\/\",\"name\":\"Infoecos\",\"description\":\"Noticias de trenque lauquen y la zona\",\"publisher\":{\"@id\":\"https:\/\/infoecos.com.ar\/#organization\"},\"alternateName\":\"Noticias\",\"potentialAction\":[{\"@type\":\"SearchAction\",\"target\":{\"@type\":\"EntryPoint\",\"urlTemplate\":\"https:\/\/infoecos.com.ar\/?s={search_term_string}\"},\"query-input\":{\"@type\":\"PropertyValueSpecification\",\"valueRequired\":true,\"valueName\":\"search_term_string\"}}],\"inLanguage\":\"es\"},{\"@type\":\"Organization\",\"@id\":\"https:\/\/infoecos.com.ar\/#organization\",\"name\":\"Infoecos\",\"alternateName\":\"Noticias\",\"url\":\"https:\/\/infoecos.com.ar\/\",\"logo\":{\"@type\":\"ImageObject\",\"inLanguage\":\"es\",\"@id\":\"https:\/\/infoecos.com.ar\/#\/schema\/logo\/image\/\",\"url\":\"https:\/\/infoecos.com.ar\/wp-content\/uploads\/2024\/03\/cropped-logo.png\",\"contentUrl\":\"https:\/\/infoecos.com.ar\/wp-content\/uploads\/2024\/03\/cropped-logo.png\",\"width\":374,\"height\":90,\"caption\":\"Infoecos\"},\"image\":{\"@id\":\"https:\/\/infoecos.com.ar\/#\/schema\/logo\/image\/\"},\"sameAs\":[\"https:\/\/www.facebook.com\/profile.php?id=100063200290284\",\"https:\/\/x.com\/infoecos\"]},{\"@type\":\"Person\",\"@id\":\"https:\/\/infoecos.com.ar\/#\/schema\/person\/8f5ace5ce73b4b4aac4b7245aee6f191\",\"name\":\"Jorge Matheus\",\"url\":\"https:\/\/infoecos.com.ar\/index.php\/author\/jomatheus\/\"}]}<\/script>\n<!-- \/ Yoast SEO plugin. -->","yoast_head_json":{"title":"El domingo culmin\u00f3 la cabalgata \"C\u00e1ndido Mansilla\", en el distrito de Rivadavia - Infoecos","robots":{"index":"index","follow":"follow","max-snippet":"max-snippet:-1","max-image-preview":"max-image-preview:large","max-video-preview":"max-video-preview:-1"},"canonical":"https:\/\/infoecos.com.ar\/index.php\/el-domingo-culmino-la-cabalgata-candido-mansilla-en-el-distrito-de-rivadavia\/","og_locale":"es_ES","og_type":"article","og_title":"El domingo culmin\u00f3 la cabalgata \"C\u00e1ndido Mansilla\", en el distrito de Rivadavia - Infoecos","og_description":"Hubo paradas en Sansinena, Gonz\u00e1lez Moreno, Sundbland, Roosevelt y Fort\u00edn Olavarr\u00eda.","og_url":"https:\/\/infoecos.com.ar\/index.php\/el-domingo-culmino-la-cabalgata-candido-mansilla-en-el-distrito-de-rivadavia\/","og_site_name":"Infoecos","article_publisher":"https:\/\/www.facebook.com\/profile.php?id=100063200290284","article_published_time":"2023-10-02T03:30:39+00:00","article_modified_time":"2023-10-02T03:30:40+00:00","og_image":[{"width":2048,"height":1356,"url":"https:\/\/infoecos.com.ar\/wp-content\/uploads\/2023\/10\/378376973_636775791916371_1220221400427052542_n.jpg","type":"image\/jpeg"}],"author":"Jorge Matheus","twitter_card":"summary_large_image","twitter_creator":"@infoecos","twitter_site":"@infoecos","twitter_misc":{"Escrito por":"Jorge Matheus","Tiempo de lectura":"3 minutos"},"schema":{"@context":"https:\/\/schema.org","@graph":[{"@type":"Article","@id":"https:\/\/infoecos.com.ar\/index.php\/el-domingo-culmino-la-cabalgata-candido-mansilla-en-el-distrito-de-rivadavia\/#article","isPartOf":{"@id":"https:\/\/infoecos.com.ar\/index.php\/el-domingo-culmino-la-cabalgata-candido-mansilla-en-el-distrito-de-rivadavia\/"},"author":{"name":"Jorge Matheus","@id":"https:\/\/infoecos.com.ar\/#\/schema\/person\/8f5ace5ce73b4b4aac4b7245aee6f191"},"headline":"El domingo culmin\u00f3 la cabalgata \u00abC\u00e1ndido Mansilla\u00bb, en el distrito de Rivadavia","datePublished":"2023-10-02T03:30:39+00:00","dateModified":"2023-10-02T03:30:40+00:00","mainEntityOfPage":{"@id":"https:\/\/infoecos.com.ar\/index.php\/el-domingo-culmino-la-cabalgata-candido-mansilla-en-el-distrito-de-rivadavia\/"},"wordCount":198,"publisher":{"@id":"https:\/\/infoecos.com.ar\/#organization"},"image":{"@id":"https:\/\/infoecos.com.ar\/index.php\/el-domingo-culmino-la-cabalgata-candido-mansilla-en-el-distrito-de-rivadavia\/#primaryimage"},"thumbnailUrl":"https:\/\/infoecos.com.ar\/wp-content\/uploads\/2023\/10\/378376973_636775791916371_1220221400427052542_n.jpg","keywords":["300 participantes directos"],"articleSection":["C1 N2"],"inLanguage":"es"},{"@type":"WebPage","@id":"https:\/\/infoecos.com.ar\/index.php\/el-domingo-culmino-la-cabalgata-candido-mansilla-en-el-distrito-de-rivadavia\/","url":"https:\/\/infoecos.com.ar\/index.php\/el-domingo-culmino-la-cabalgata-candido-mansilla-en-el-distrito-de-rivadavia\/","name":"El domingo culmin\u00f3 la cabalgata \"C\u00e1ndido Mansilla\", en el distrito de Rivadavia - Infoecos","isPartOf":{"@id":"https:\/\/infoecos.com.ar\/#website"},"primaryImageOfPage":{"@id":"https:\/\/infoecos.com.ar\/index.php\/el-domingo-culmino-la-cabalgata-candido-mansilla-en-el-distrito-de-rivadavia\/#primaryimage"},"image":{"@id":"https:\/\/infoecos.com.ar\/index.php\/el-domingo-culmino-la-cabalgata-candido-mansilla-en-el-distrito-de-rivadavia\/#primaryimage"},"thumbnailUrl":"https:\/\/infoecos.com.ar\/wp-content\/uploads\/2023\/10\/378376973_636775791916371_1220221400427052542_n.jpg","datePublished":"2023-10-02T03:30:39+00:00","dateModified":"2023-10-02T03:30:40+00:00","breadcrumb":{"@id":"https:\/\/infoecos.com.ar\/index.php\/el-domingo-culmino-la-cabalgata-candido-mansilla-en-el-distrito-de-rivadavia\/#breadcrumb"},"inLanguage":"es","potentialAction":[{"@type":"ReadAction","target":["https:\/\/infoecos.com.ar\/index.php\/el-domingo-culmino-la-cabalgata-candido-mansilla-en-el-distrito-de-rivadavia\/"]}]},{"@type":"ImageObject","inLanguage":"es","@id":"https:\/\/infoecos.com.ar\/index.php\/el-domingo-culmino-la-cabalgata-candido-mansilla-en-el-distrito-de-rivadavia\/#primaryimage","url":"https:\/\/infoecos.com.ar\/wp-content\/uploads\/2023\/10\/378376973_636775791916371_1220221400427052542_n.jpg","contentUrl":"https:\/\/infoecos.com.ar\/wp-content\/uploads\/2023\/10\/378376973_636775791916371_1220221400427052542_n.jpg","width":2048,"height":1356},{"@type":"BreadcrumbList","@id":"https:\/\/infoecos.com.ar\/index.php\/el-domingo-culmino-la-cabalgata-candido-mansilla-en-el-distrito-de-rivadavia\/#breadcrumb","itemListElement":[{"@type":"ListItem","position":1,"name":"Portada","item":"https:\/\/infoecos.com.ar\/"},{"@type":"ListItem","position":2,"name":"El domingo culmin\u00f3 la cabalgata \u00abC\u00e1ndido Mansilla\u00bb, en el distrito de Rivadavia"}]},{"@type":"WebSite","@id":"https:\/\/infoecos.com.ar\/#website","url":"https:\/\/infoecos.com.ar\/","name":"Infoecos","description":"Noticias de trenque lauquen y la zona","publisher":{"@id":"https:\/\/infoecos.com.ar\/#organization"},"alternateName":"Noticias","potentialAction":[{"@type":"SearchAction","target":{"@type":"EntryPoint","urlTemplate":"https:\/\/infoecos.com.ar\/?s={search_term_string}"},"query-input":{"@type":"PropertyValueSpecification","valueRequired":true,"valueName":"search_term_string"}}],"inLanguage":"es"},{"@type":"Organization","@id":"https:\/\/infoecos.com.ar\/#organization","name":"Infoecos","alternateName":"Noticias","url":"https:\/\/infoecos.com.ar\/","logo":{"@type":"ImageObject","inLanguage":"es","@id":"https:\/\/infoecos.com.ar\/#\/schema\/logo\/image\/","url":"https:\/\/infoecos.com.ar\/wp-content\/uploads\/2024\/03\/cropped-logo.png","contentUrl":"https:\/\/infoecos.com.ar\/wp-content\/uploads\/2024\/03\/cropped-logo.png","width":374,"height":90,"caption":"Infoecos"},"image":{"@id":"https:\/\/infoecos.com.ar\/#\/schema\/logo\/image\/"},"sameAs":["https:\/\/www.facebook.com\/profile.php?id=100063200290284","https:\/\/x.com\/infoecos"]},{"@type":"Person","@id":"https:\/\/infoecos.com.ar\/#\/schema\/person\/8f5ace5ce73b4b4aac4b7245aee6f191","name":"Jorge Matheus","url":"https:\/\/infoecos.com.ar\/index.php\/author\/jomatheus\/"}]}},"featured_image_urls":{"full":["https:\/\/infoecos.com.ar\/wp-content\/uploads\/2023\/10\/378376973_636775791916371_1220221400427052542_n.jpg",2048,1356,false],"thumbnail":["https:\/\/infoecos.com.ar\/wp-content\/uploads\/2023\/10\/378376973_636775791916371_1220221400427052542_n-300x150.jpg",300,150,true],"medium":["https:\/\/infoecos.com.ar\/wp-content\/uploads\/2023\/10\/378376973_636775791916371_1220221400427052542_n-800x530.jpg",800,530,true],"medium_large":["https:\/\/infoecos.com.ar\/wp-content\/uploads\/2023\/10\/378376973_636775791916371_1220221400427052542_n-768x509.jpg",640,424,true],"large":["https:\/\/infoecos.com.ar\/wp-content\/uploads\/2023\/10\/378376973_636775791916371_1220221400427052542_n-1600x1059.jpg",640,424,true],"1536x1536":["https:\/\/infoecos.com.ar\/wp-content\/uploads\/2023\/10\/378376973_636775791916371_1220221400427052542_n-1536x1017.jpg",1536,1017,true],"2048x2048":["https:\/\/infoecos.com.ar\/wp-content\/uploads\/2023\/10\/378376973_636775791916371_1220221400427052542_n.jpg",2048,1356,false],"covernews-slider-full":["https:\/\/infoecos.com.ar\/wp-content\/uploads\/2023\/10\/378376973_636775791916371_1220221400427052542_n-1536x1020.jpg",1077,715,true],"covernews-slider-center":["https:\/\/infoecos.com.ar\/wp-content\/uploads\/2023\/10\/378376973_636775791916371_1220221400427052542_n-936x897.jpg",522,500,true],"covernews-featured":["https:\/\/infoecos.com.ar\/wp-content\/uploads\/2023\/10\/378376973_636775791916371_1220221400427052542_n-1024x678.jpg",1024,678,true],"covernews-medium":["https:\/\/infoecos.com.ar\/wp-content\/uploads\/2023\/10\/378376973_636775791916371_1220221400427052542_n-720x380.jpg",540,285,true],"covernews-medium-square":["https:\/\/infoecos.com.ar\/wp-content\/uploads\/2023\/10\/378376973_636775791916371_1220221400427052542_n-675x450.jpg",375,250,true]},"author_info":{"info":["Jorge Matheus"]},"category_info":"<a href=\"https:\/\/infoecos.com.ar\/index.php\/category\/c1nota2\/\" rel=\"category tag\">C1 N2<\/a>","tag_info":"C1 N2","comment_count":"0","_links":{"self":[{"href":"https:\/\/infoecos.com.ar\/index.php\/wp-json\/wp\/v2\/posts\/113418"}],"collection":[{"href":"https:\/\/infoecos.com.ar\/index.php\/wp-json\/wp\/v2\/posts"}],"about":[{"href":"https:\/\/infoecos.com.ar\/index.php\/wp-json\/wp\/v2\/types\/post"}],"author":[{"embeddable":true,"href":"https:\/\/infoecos.com.ar\/index.php\/wp-json\/wp\/v2\/users\/2"}],"replies":[{"embeddable":true,"href":"https:\/\/infoecos.com.ar\/index.php\/wp-json\/wp\/v2\/comments?post=113418"}],"version-history":[{"count":1,"href":"https:\/\/infoecos.com.ar\/index.php\/wp-json\/wp\/v2\/posts\/113418\/revisions"}],"predecessor-version":[{"id":113426,"href":"https:\/\/infoecos.com.ar\/index.php\/wp-json\/wp\/v2\/posts\/113418\/revisions\/113426"}],"wp:featuredmedia":[{"embeddable":true,"href":"https:\/\/infoecos.com.ar\/index.php\/wp-json\/wp\/v2\/media\/113422"}],"wp:attachment":[{"href":"https:\/\/infoecos.com.ar\/index.php\/wp-json\/wp\/v2\/media?parent=113418"}],"wp:term":[{"taxonomy":"category","embeddable":true,"href":"https:\/\/infoecos.com.ar\/index.php\/wp-json\/wp\/v2\/categories?post=113418"},{"taxonomy":"post_tag","embeddable":true,"href":"https:\/\/infoecos.com.ar\/index.php\/wp-json\/wp\/v2\/tags?post=113418"}],"curies":[{"name":"wp","href":"https:\/\/api.w.org\/{rel}","templated":true}]}}