{"id":113451,"date":"2023-10-03T09:28:18","date_gmt":"2023-10-03T12:28:18","guid":{"rendered":"https:\/\/infoecos.com.ar\/?p=113451"},"modified":"2023-10-04T01:59:21","modified_gmt":"2023-10-04T04:59:21","slug":"desde-mercedes-a-santa-rosa-convocatoria-para-pedir-que-la-ruta-5-se-convierta-en-autovia","status":"publish","type":"post","link":"https:\/\/infoecos.com.ar\/index.php\/desde-mercedes-a-santa-rosa-convocatoria-para-pedir-que-la-ruta-5-se-convierta-en-autovia\/","title":{"rendered":"Desde Mercedes a Santa Rosa convocatoria para pedir que la Ruta 5 se convierta en Autov\u00eda"},"content":{"rendered":"\n<p><strong>Todas las comunidades por donde pasa la Ruta Nacional n\u00famero 5 se movilizar\u00e1n este jueves, a las 17 horas, <\/strong>en reclamo de la autov\u00eda.<\/p>\n\n\n\n<figure class=\"wp-block-image aligncenter size-full is-resized\"><img loading=\"lazy\" decoding=\"async\" src=\"https:\/\/infoecos.com.ar\/wp-content\/uploads\/2022\/08\/Obras-rotonda-en-la-ruta-5-2.jpg\" alt=\"\" class=\"wp-image-96533\" width=\"445\" height=\"274\" srcset=\"https:\/\/infoecos.com.ar\/wp-content\/uploads\/2022\/08\/Obras-rotonda-en-la-ruta-5-2.jpg 833w, https:\/\/infoecos.com.ar\/wp-content\/uploads\/2022\/08\/Obras-rotonda-en-la-ruta-5-2-460x283.jpg 460w, https:\/\/infoecos.com.ar\/wp-content\/uploads\/2022\/08\/Obras-rotonda-en-la-ruta-5-2-768x473.jpg 768w\" sizes=\"(max-width: 445px) 100vw, 445px\" \/><\/figure>\n\n\n\n<p>La convocatoria se realizar\u00e1 sin corte del tr\u00e1nsito y alejada de la cinta asf\u00e1ltica. <\/p>\n\n\n\n<p>Distintas organizaciones e incluso los gobiernos comunales han llamado a los ciudadanos a que se concentren.<\/p>\n\n\n\n<figure class=\"wp-block-image aligncenter size-full is-resized\"><img loading=\"lazy\" decoding=\"async\" src=\"https:\/\/infoecos.com.ar\/wp-content\/uploads\/2023\/10\/autoviaruta5.jpg\" alt=\"\" class=\"wp-image-113452\" width=\"410\" height=\"411\" srcset=\"https:\/\/infoecos.com.ar\/wp-content\/uploads\/2023\/10\/autoviaruta5.jpg 878w, https:\/\/infoecos.com.ar\/wp-content\/uploads\/2023\/10\/autoviaruta5-768x772.jpg 768w\" sizes=\"(max-width: 410px) 100vw, 410px\" \/><figcaption class=\"wp-element-caption\">Sociedad Rural convocatoria<\/figcaption><\/figure>\n\n\n\n<p>En el caso puntual de Trenque Lauquen, la Sociedad Rural ha convocado para concentrarse en la rotonda de las Rutas Nacionales n\u00fameros 5 y 33.<\/p>\n","protected":false},"excerpt":{"rendered":"<p>Distintas organizaciones e incluso los gobiernos comunales han llamado a los ciudadanos a que se concentren<\/p>\n","protected":false},"author":2,"featured_media":26467,"comment_status":"closed","ping_status":"open","sticky":false,"template":"","format":"standard","meta":{"footnotes":""},"categories":[29],"tags":[9328],"class_list":["post-113451","post","type-post","status-publish","format-standard","has-post-thumbnail","hentry","category-c2nota1","tag-el-jueves-dia-del-camino"],"yoast_head":"<!-- This site is optimized with the Yoast SEO plugin v23.4 - https:\/\/yoast.com\/wordpress\/plugins\/seo\/ -->\n<title>Desde Mercedes a Santa Rosa convocatoria para pedir que la Ruta 5 se convierta en Autov\u00eda - Infoecos<\/title>\n<meta name=\"robots\" content=\"index, follow, max-snippet:-1, max-image-preview:large, max-video-preview:-1\" \/>\n<link rel=\"canonical\" href=\"https:\/\/infoecos.com.ar\/index.php\/desde-mercedes-a-santa-rosa-convocatoria-para-pedir-que-la-ruta-5-se-convierta-en-autovia\/\" \/>\n<meta property=\"og:locale\" content=\"es_ES\" \/>\n<meta property=\"og:type\" content=\"article\" \/>\n<meta property=\"og:title\" content=\"Desde Mercedes a Santa Rosa convocatoria para pedir que la Ruta 5 se convierta en Autov\u00eda - Infoecos\" \/>\n<meta property=\"og:description\" content=\"Distintas organizaciones e incluso los gobiernos comunales han llamado a los ciudadanos a que se concentren\" \/>\n<meta property=\"og:url\" content=\"https:\/\/infoecos.com.ar\/index.php\/desde-mercedes-a-santa-rosa-convocatoria-para-pedir-que-la-ruta-5-se-convierta-en-autovia\/\" \/>\n<meta property=\"og:site_name\" content=\"Infoecos\" \/>\n<meta property=\"article:publisher\" content=\"https:\/\/www.facebook.com\/profile.php?id=100063200290284\" \/>\n<meta property=\"article:published_time\" content=\"2023-10-03T12:28:18+00:00\" \/>\n<meta property=\"article:modified_time\" content=\"2023-10-04T04:59:21+00:00\" \/>\n<meta property=\"og:image\" content=\"https:\/\/infoecos.com.ar\/wp-content\/uploads\/rotonda-101.jpg\" \/>\n\t<meta property=\"og:image:width\" content=\"1440\" \/>\n\t<meta property=\"og:image:height\" content=\"655\" \/>\n\t<meta property=\"og:image:type\" content=\"image\/jpeg\" \/>\n<meta name=\"author\" content=\"Jorge Matheus\" \/>\n<meta name=\"twitter:card\" content=\"summary_large_image\" \/>\n<meta name=\"twitter:creator\" content=\"@infoecos\" \/>\n<meta name=\"twitter:site\" content=\"@infoecos\" \/>\n<meta name=\"twitter:label1\" content=\"Escrito por\" \/>\n\t<meta name=\"twitter:data1\" content=\"Jorge Matheus\" \/>\n\t<meta name=\"twitter:label2\" content=\"Tiempo de lectura\" \/>\n\t<meta name=\"twitter:data2\" content=\"1 minuto\" \/>\n<script type=\"application\/ld+json\" class=\"yoast-schema-graph\">{\"@context\":\"https:\/\/schema.org\",\"@graph\":[{\"@type\":\"Article\",\"@id\":\"https:\/\/infoecos.com.ar\/index.php\/desde-mercedes-a-santa-rosa-convocatoria-para-pedir-que-la-ruta-5-se-convierta-en-autovia\/#article\",\"isPartOf\":{\"@id\":\"https:\/\/infoecos.com.ar\/index.php\/desde-mercedes-a-santa-rosa-convocatoria-para-pedir-que-la-ruta-5-se-convierta-en-autovia\/\"},\"author\":{\"name\":\"Jorge Matheus\",\"@id\":\"https:\/\/infoecos.com.ar\/#\/schema\/person\/8f5ace5ce73b4b4aac4b7245aee6f191\"},\"headline\":\"Desde Mercedes a Santa Rosa convocatoria para pedir que la Ruta 5 se convierta en Autov\u00eda\",\"datePublished\":\"2023-10-03T12:28:18+00:00\",\"dateModified\":\"2023-10-04T04:59:21+00:00\",\"mainEntityOfPage\":{\"@id\":\"https:\/\/infoecos.com.ar\/index.php\/desde-mercedes-a-santa-rosa-convocatoria-para-pedir-que-la-ruta-5-se-convierta-en-autovia\/\"},\"wordCount\":100,\"publisher\":{\"@id\":\"https:\/\/infoecos.com.ar\/#organization\"},\"image\":{\"@id\":\"https:\/\/infoecos.com.ar\/index.php\/desde-mercedes-a-santa-rosa-convocatoria-para-pedir-que-la-ruta-5-se-convierta-en-autovia\/#primaryimage\"},\"thumbnailUrl\":\"\",\"keywords\":[\"el jueves: D\u00eda del Camino\"],\"articleSection\":[\"C2 nota 1\"],\"inLanguage\":\"es\"},{\"@type\":\"WebPage\",\"@id\":\"https:\/\/infoecos.com.ar\/index.php\/desde-mercedes-a-santa-rosa-convocatoria-para-pedir-que-la-ruta-5-se-convierta-en-autovia\/\",\"url\":\"https:\/\/infoecos.com.ar\/index.php\/desde-mercedes-a-santa-rosa-convocatoria-para-pedir-que-la-ruta-5-se-convierta-en-autovia\/\",\"name\":\"Desde Mercedes a Santa Rosa convocatoria para pedir que la Ruta 5 se convierta en Autov\u00eda - Infoecos\",\"isPartOf\":{\"@id\":\"https:\/\/infoecos.com.ar\/#website\"},\"primaryImageOfPage\":{\"@id\":\"https:\/\/infoecos.com.ar\/index.php\/desde-mercedes-a-santa-rosa-convocatoria-para-pedir-que-la-ruta-5-se-convierta-en-autovia\/#primaryimage\"},\"image\":{\"@id\":\"https:\/\/infoecos.com.ar\/index.php\/desde-mercedes-a-santa-rosa-convocatoria-para-pedir-que-la-ruta-5-se-convierta-en-autovia\/#primaryimage\"},\"thumbnailUrl\":\"\",\"datePublished\":\"2023-10-03T12:28:18+00:00\",\"dateModified\":\"2023-10-04T04:59:21+00:00\",\"breadcrumb\":{\"@id\":\"https:\/\/infoecos.com.ar\/index.php\/desde-mercedes-a-santa-rosa-convocatoria-para-pedir-que-la-ruta-5-se-convierta-en-autovia\/#breadcrumb\"},\"inLanguage\":\"es\",\"potentialAction\":[{\"@type\":\"ReadAction\",\"target\":[\"https:\/\/infoecos.com.ar\/index.php\/desde-mercedes-a-santa-rosa-convocatoria-para-pedir-que-la-ruta-5-se-convierta-en-autovia\/\"]}]},{\"@type\":\"ImageObject\",\"inLanguage\":\"es\",\"@id\":\"https:\/\/infoecos.com.ar\/index.php\/desde-mercedes-a-santa-rosa-convocatoria-para-pedir-que-la-ruta-5-se-convierta-en-autovia\/#primaryimage\",\"url\":\"\",\"contentUrl\":\"\"},{\"@type\":\"BreadcrumbList\",\"@id\":\"https:\/\/infoecos.com.ar\/index.php\/desde-mercedes-a-santa-rosa-convocatoria-para-pedir-que-la-ruta-5-se-convierta-en-autovia\/#breadcrumb\",\"itemListElement\":[{\"@type\":\"ListItem\",\"position\":1,\"name\":\"Portada\",\"item\":\"https:\/\/infoecos.com.ar\/\"},{\"@type\":\"ListItem\",\"position\":2,\"name\":\"Desde Mercedes a Santa Rosa convocatoria para pedir que la Ruta 5 se convierta en Autov\u00eda\"}]},{\"@type\":\"WebSite\",\"@id\":\"https:\/\/infoecos.com.ar\/#website\",\"url\":\"https:\/\/infoecos.com.ar\/\",\"name\":\"Infoecos\",\"description\":\"Noticias de trenque lauquen y la zona\",\"publisher\":{\"@id\":\"https:\/\/infoecos.com.ar\/#organization\"},\"alternateName\":\"Noticias\",\"potentialAction\":[{\"@type\":\"SearchAction\",\"target\":{\"@type\":\"EntryPoint\",\"urlTemplate\":\"https:\/\/infoecos.com.ar\/?s={search_term_string}\"},\"query-input\":{\"@type\":\"PropertyValueSpecification\",\"valueRequired\":true,\"valueName\":\"search_term_string\"}}],\"inLanguage\":\"es\"},{\"@type\":\"Organization\",\"@id\":\"https:\/\/infoecos.com.ar\/#organization\",\"name\":\"Infoecos\",\"alternateName\":\"Noticias\",\"url\":\"https:\/\/infoecos.com.ar\/\",\"logo\":{\"@type\":\"ImageObject\",\"inLanguage\":\"es\",\"@id\":\"https:\/\/infoecos.com.ar\/#\/schema\/logo\/image\/\",\"url\":\"https:\/\/infoecos.com.ar\/wp-content\/uploads\/2024\/03\/cropped-logo.png\",\"contentUrl\":\"https:\/\/infoecos.com.ar\/wp-content\/uploads\/2024\/03\/cropped-logo.png\",\"width\":374,\"height\":90,\"caption\":\"Infoecos\"},\"image\":{\"@id\":\"https:\/\/infoecos.com.ar\/#\/schema\/logo\/image\/\"},\"sameAs\":[\"https:\/\/www.facebook.com\/profile.php?id=100063200290284\",\"https:\/\/x.com\/infoecos\"]},{\"@type\":\"Person\",\"@id\":\"https:\/\/infoecos.com.ar\/#\/schema\/person\/8f5ace5ce73b4b4aac4b7245aee6f191\",\"name\":\"Jorge Matheus\",\"url\":\"https:\/\/infoecos.com.ar\/index.php\/author\/jomatheus\/\"}]}<\/script>\n<!-- \/ Yoast SEO plugin. -->","yoast_head_json":{"title":"Desde Mercedes a Santa Rosa convocatoria para pedir que la Ruta 5 se convierta en Autov\u00eda - Infoecos","robots":{"index":"index","follow":"follow","max-snippet":"max-snippet:-1","max-image-preview":"max-image-preview:large","max-video-preview":"max-video-preview:-1"},"canonical":"https:\/\/infoecos.com.ar\/index.php\/desde-mercedes-a-santa-rosa-convocatoria-para-pedir-que-la-ruta-5-se-convierta-en-autovia\/","og_locale":"es_ES","og_type":"article","og_title":"Desde Mercedes a Santa Rosa convocatoria para pedir que la Ruta 5 se convierta en Autov\u00eda - Infoecos","og_description":"Distintas organizaciones e incluso los gobiernos comunales han llamado a los ciudadanos a que se concentren","og_url":"https:\/\/infoecos.com.ar\/index.php\/desde-mercedes-a-santa-rosa-convocatoria-para-pedir-que-la-ruta-5-se-convierta-en-autovia\/","og_site_name":"Infoecos","article_publisher":"https:\/\/www.facebook.com\/profile.php?id=100063200290284","article_published_time":"2023-10-03T12:28:18+00:00","article_modified_time":"2023-10-04T04:59:21+00:00","og_image":[{"width":1440,"height":655,"url":"https:\/\/infoecos.com.ar\/wp-content\/uploads\/rotonda-101.jpg","type":"image\/jpeg"}],"author":"Jorge Matheus","twitter_card":"summary_large_image","twitter_creator":"@infoecos","twitter_site":"@infoecos","twitter_misc":{"Escrito por":"Jorge Matheus","Tiempo de lectura":"1 minuto"},"schema":{"@context":"https:\/\/schema.org","@graph":[{"@type":"Article","@id":"https:\/\/infoecos.com.ar\/index.php\/desde-mercedes-a-santa-rosa-convocatoria-para-pedir-que-la-ruta-5-se-convierta-en-autovia\/#article","isPartOf":{"@id":"https:\/\/infoecos.com.ar\/index.php\/desde-mercedes-a-santa-rosa-convocatoria-para-pedir-que-la-ruta-5-se-convierta-en-autovia\/"},"author":{"name":"Jorge Matheus","@id":"https:\/\/infoecos.com.ar\/#\/schema\/person\/8f5ace5ce73b4b4aac4b7245aee6f191"},"headline":"Desde Mercedes a Santa Rosa convocatoria para pedir que la Ruta 5 se convierta en Autov\u00eda","datePublished":"2023-10-03T12:28:18+00:00","dateModified":"2023-10-04T04:59:21+00:00","mainEntityOfPage":{"@id":"https:\/\/infoecos.com.ar\/index.php\/desde-mercedes-a-santa-rosa-convocatoria-para-pedir-que-la-ruta-5-se-convierta-en-autovia\/"},"wordCount":100,"publisher":{"@id":"https:\/\/infoecos.com.ar\/#organization"},"image":{"@id":"https:\/\/infoecos.com.ar\/index.php\/desde-mercedes-a-santa-rosa-convocatoria-para-pedir-que-la-ruta-5-se-convierta-en-autovia\/#primaryimage"},"thumbnailUrl":"","keywords":["el jueves: D\u00eda del Camino"],"articleSection":["C2 nota 1"],"inLanguage":"es"},{"@type":"WebPage","@id":"https:\/\/infoecos.com.ar\/index.php\/desde-mercedes-a-santa-rosa-convocatoria-para-pedir-que-la-ruta-5-se-convierta-en-autovia\/","url":"https:\/\/infoecos.com.ar\/index.php\/desde-mercedes-a-santa-rosa-convocatoria-para-pedir-que-la-ruta-5-se-convierta-en-autovia\/","name":"Desde Mercedes a Santa Rosa convocatoria para pedir que la Ruta 5 se convierta en Autov\u00eda - Infoecos","isPartOf":{"@id":"https:\/\/infoecos.com.ar\/#website"},"primaryImageOfPage":{"@id":"https:\/\/infoecos.com.ar\/index.php\/desde-mercedes-a-santa-rosa-convocatoria-para-pedir-que-la-ruta-5-se-convierta-en-autovia\/#primaryimage"},"image":{"@id":"https:\/\/infoecos.com.ar\/index.php\/desde-mercedes-a-santa-rosa-convocatoria-para-pedir-que-la-ruta-5-se-convierta-en-autovia\/#primaryimage"},"thumbnailUrl":"","datePublished":"2023-10-03T12:28:18+00:00","dateModified":"2023-10-04T04:59:21+00:00","breadcrumb":{"@id":"https:\/\/infoecos.com.ar\/index.php\/desde-mercedes-a-santa-rosa-convocatoria-para-pedir-que-la-ruta-5-se-convierta-en-autovia\/#breadcrumb"},"inLanguage":"es","potentialAction":[{"@type":"ReadAction","target":["https:\/\/infoecos.com.ar\/index.php\/desde-mercedes-a-santa-rosa-convocatoria-para-pedir-que-la-ruta-5-se-convierta-en-autovia\/"]}]},{"@type":"ImageObject","inLanguage":"es","@id":"https:\/\/infoecos.com.ar\/index.php\/desde-mercedes-a-santa-rosa-convocatoria-para-pedir-que-la-ruta-5-se-convierta-en-autovia\/#primaryimage","url":"","contentUrl":""},{"@type":"BreadcrumbList","@id":"https:\/\/infoecos.com.ar\/index.php\/desde-mercedes-a-santa-rosa-convocatoria-para-pedir-que-la-ruta-5-se-convierta-en-autovia\/#breadcrumb","itemListElement":[{"@type":"ListItem","position":1,"name":"Portada","item":"https:\/\/infoecos.com.ar\/"},{"@type":"ListItem","position":2,"name":"Desde Mercedes a Santa Rosa convocatoria para pedir que la Ruta 5 se convierta en Autov\u00eda"}]},{"@type":"WebSite","@id":"https:\/\/infoecos.com.ar\/#website","url":"https:\/\/infoecos.com.ar\/","name":"Infoecos","description":"Noticias de trenque lauquen y la zona","publisher":{"@id":"https:\/\/infoecos.com.ar\/#organization"},"alternateName":"Noticias","potentialAction":[{"@type":"SearchAction","target":{"@type":"EntryPoint","urlTemplate":"https:\/\/infoecos.com.ar\/?s={search_term_string}"},"query-input":{"@type":"PropertyValueSpecification","valueRequired":true,"valueName":"search_term_string"}}],"inLanguage":"es"},{"@type":"Organization","@id":"https:\/\/infoecos.com.ar\/#organization","name":"Infoecos","alternateName":"Noticias","url":"https:\/\/infoecos.com.ar\/","logo":{"@type":"ImageObject","inLanguage":"es","@id":"https:\/\/infoecos.com.ar\/#\/schema\/logo\/image\/","url":"https:\/\/infoecos.com.ar\/wp-content\/uploads\/2024\/03\/cropped-logo.png","contentUrl":"https:\/\/infoecos.com.ar\/wp-content\/uploads\/2024\/03\/cropped-logo.png","width":374,"height":90,"caption":"Infoecos"},"image":{"@id":"https:\/\/infoecos.com.ar\/#\/schema\/logo\/image\/"},"sameAs":["https:\/\/www.facebook.com\/profile.php?id=100063200290284","https:\/\/x.com\/infoecos"]},{"@type":"Person","@id":"https:\/\/infoecos.com.ar\/#\/schema\/person\/8f5ace5ce73b4b4aac4b7245aee6f191","name":"Jorge Matheus","url":"https:\/\/infoecos.com.ar\/index.php\/author\/jomatheus\/"}]}},"featured_image_urls":{"full":"","thumbnail":"","medium":"","medium_large":"","large":"","1536x1536":"","2048x2048":"","covernews-slider-full":"","covernews-slider-center":"","covernews-featured":"","covernews-medium":"","covernews-medium-square":""},"author_info":{"info":["Jorge Matheus"]},"category_info":"<a href=\"https:\/\/infoecos.com.ar\/index.php\/category\/c2nota1\/\" rel=\"category tag\">C2 nota 1<\/a>","tag_info":"C2 nota 1","comment_count":"0","_links":{"self":[{"href":"https:\/\/infoecos.com.ar\/index.php\/wp-json\/wp\/v2\/posts\/113451"}],"collection":[{"href":"https:\/\/infoecos.com.ar\/index.php\/wp-json\/wp\/v2\/posts"}],"about":[{"href":"https:\/\/infoecos.com.ar\/index.php\/wp-json\/wp\/v2\/types\/post"}],"author":[{"embeddable":true,"href":"https:\/\/infoecos.com.ar\/index.php\/wp-json\/wp\/v2\/users\/2"}],"replies":[{"embeddable":true,"href":"https:\/\/infoecos.com.ar\/index.php\/wp-json\/wp\/v2\/comments?post=113451"}],"version-history":[{"count":1,"href":"https:\/\/infoecos.com.ar\/index.php\/wp-json\/wp\/v2\/posts\/113451\/revisions"}],"predecessor-version":[{"id":113453,"href":"https:\/\/infoecos.com.ar\/index.php\/wp-json\/wp\/v2\/posts\/113451\/revisions\/113453"}],"wp:featuredmedia":[{"embeddable":true,"href":"https:\/\/infoecos.com.ar\/index.php\/wp-json\/"}],"wp:attachment":[{"href":"https:\/\/infoecos.com.ar\/index.php\/wp-json\/wp\/v2\/media?parent=113451"}],"wp:term":[{"taxonomy":"category","embeddable":true,"href":"https:\/\/infoecos.com.ar\/index.php\/wp-json\/wp\/v2\/categories?post=113451"},{"taxonomy":"post_tag","embeddable":true,"href":"https:\/\/infoecos.com.ar\/index.php\/wp-json\/wp\/v2\/tags?post=113451"}],"curies":[{"name":"wp","href":"https:\/\/api.w.org\/{rel}","templated":true}]}}