{"id":113468,"date":"2023-10-03T12:02:33","date_gmt":"2023-10-03T15:02:33","guid":{"rendered":"https:\/\/infoecos.com.ar\/?p=113468"},"modified":"2023-10-04T02:00:38","modified_gmt":"2023-10-04T05:00:38","slug":"seguro-obligatorio-anual-para-todas-las-motos-a-partir-del-lunes-proximo","status":"publish","type":"post","link":"https:\/\/infoecos.com.ar\/index.php\/seguro-obligatorio-anual-para-todas-las-motos-a-partir-del-lunes-proximo\/","title":{"rendered":"Seguro Obligatorio Anual para todas las motos, a partir del lunes pr\u00f3ximo"},"content":{"rendered":"\n<p>Desde el pr\u00f3ximo lunes 9 de octubre, los concesionarios y comerciantes de motos del pa\u00eds deber\u00e1n implementar y gestionar el denominado \u201cFormulario Digital Motocicletas 0KM &#8211; Seguro Obligatorio Anual\u201d.<\/p>\n\n\n\n<figure class=\"wp-block-image alignright size-full is-resized\"><img loading=\"lazy\" decoding=\"async\" src=\"https:\/\/infoecos.com.ar\/wp-content\/uploads\/2023\/10\/motos.jpg\" alt=\"\" class=\"wp-image-113469\" width=\"392\" height=\"228\" srcset=\"https:\/\/infoecos.com.ar\/wp-content\/uploads\/2023\/10\/motos.jpg 880w, https:\/\/infoecos.com.ar\/wp-content\/uploads\/2023\/10\/motos-800x465.jpg 800w, https:\/\/infoecos.com.ar\/wp-content\/uploads\/2023\/10\/motos-768x447.jpg 768w\" sizes=\"(max-width: 392px) 100vw, 392px\" \/><\/figure>\n\n\n\n<p>Se trata de una herramienta creada por la Agencia Nacional de Seguridad Vial (ANSV) y la Direcci\u00f3n Nacional de los Registros Nacionales de la Propiedad Automotor y Cr\u00e9ditos Prendarios (DNRPA), para que las motos cuenten con el seguro vigente antes de ser liberadas al tr\u00e1nsito y circulen en la v\u00eda p\u00fablica por primera vez, en l\u00ednea con el art\u00edculo 68 de la Ley Nacional de Tr\u00e1nsito, que fija la obligatoriedad del seguro automotor.<\/p>\n\n\n\n<p>La normativa, comunicada por el organismo del Ministerio de Transporte a trav\u00e9s de la disposici\u00f3n ANSV 544\/2021, tambi\u00e9n ser\u00e1 obligatoria para el tr\u00e1mite de patentamiento de motocicletas 0 km ante la DNRPA.<\/p>\n\n\n\n<p>En este contexto, el director ejecutivo de la ANSV, Pablo Mart\u00ednez Carignano, expres\u00f3 \u201cen los pr\u00f3ximos d\u00edas ninguna moto nueva podr\u00e1 circular por las calles si no tiene el seguro obligatorio contratado antes de salir del concesionario. Esto es algo que sucede hace muchos a\u00f1os con los autos y que por alg\u00fan motivo nunca se hizo con las motos. Con esto, el objetivo de la ANSV es modificar una vieja pr\u00e1ctica para continuar construyendo una nueva cultura vial para todos los argentinos\u00bb.<\/p>\n\n\n\n<p>Seg\u00fan supo InfoGEI, al momento de la adquisici\u00f3n de la moto, el comprador tendr\u00e1 la opci\u00f3n de elegir la p\u00f3liza de seguro que se ajuste a sus necesidades.<\/p>\n\n\n\n<p>Seg\u00fan detallaron desde la ANSV, la medida apunta a que si un motociclista se ve involucrado en un incidente de tr\u00e1nsito, \u201cpueda hacerse cargo del hecho y cubrir los da\u00f1os ocasionados a trav\u00e9s de un seguro legal y vigente\u201d. Adem\u00e1s, se busca continuar impulsando acciones que \u201cimpliquen un avance en la seguridad vial en el pa\u00eds y mejoren las condiciones de circulaci\u00f3n de los motociclistas, quienes en el 2022 representaron cuatro de cada diez v\u00edctimas fatales en hechos viales\u201d. (<strong>InfoGEI<\/strong>)&nbsp;<\/p>\n","protected":false},"excerpt":{"rendered":"<p>El director ejecutivo de la ANSV, Pablo Mart\u00ednez Carignano, expres\u00f3 \u201cen los pr\u00f3ximos d\u00edas ninguna moto nueva podr\u00e1 circular por las calles si no tiene el seguro obligatorio contratado antes de salir del concesionario. Esto es algo que sucede hace muchos a\u00f1os con los autos y que por alg\u00fan motivo nunca se hizo con las motos<\/p>\n","protected":false},"author":2,"featured_media":113469,"comment_status":"closed","ping_status":"open","sticky":false,"template":"","format":"standard","meta":{"footnotes":""},"categories":[197],"tags":[9324],"class_list":["post-113468","post","type-post","status-publish","format-standard","has-post-thumbnail","hentry","category-c3nota4","tag-en-linea-con-el-seguro-automotor"],"yoast_head":"<!-- This site is optimized with the Yoast SEO plugin v23.4 - https:\/\/yoast.com\/wordpress\/plugins\/seo\/ -->\n<title>Seguro Obligatorio Anual para todas las motos, a partir del lunes pr\u00f3ximo - Infoecos<\/title>\n<meta name=\"robots\" content=\"index, follow, max-snippet:-1, max-image-preview:large, max-video-preview:-1\" \/>\n<link rel=\"canonical\" href=\"https:\/\/infoecos.com.ar\/index.php\/seguro-obligatorio-anual-para-todas-las-motos-a-partir-del-lunes-proximo\/\" \/>\n<meta property=\"og:locale\" content=\"es_ES\" \/>\n<meta property=\"og:type\" content=\"article\" \/>\n<meta property=\"og:title\" content=\"Seguro Obligatorio Anual para todas las motos, a partir del lunes pr\u00f3ximo - Infoecos\" \/>\n<meta property=\"og:description\" content=\"El director ejecutivo de la ANSV, Pablo Mart\u00ednez Carignano, expres\u00f3 \u201cen los pr\u00f3ximos d\u00edas ninguna moto nueva podr\u00e1 circular por las calles si no tiene el seguro obligatorio contratado antes de salir del concesionario. Esto es algo que sucede hace muchos a\u00f1os con los autos y que por alg\u00fan motivo nunca se hizo con las motos\" \/>\n<meta property=\"og:url\" content=\"https:\/\/infoecos.com.ar\/index.php\/seguro-obligatorio-anual-para-todas-las-motos-a-partir-del-lunes-proximo\/\" \/>\n<meta property=\"og:site_name\" content=\"Infoecos\" \/>\n<meta property=\"article:publisher\" content=\"https:\/\/www.facebook.com\/profile.php?id=100063200290284\" \/>\n<meta property=\"article:published_time\" content=\"2023-10-03T15:02:33+00:00\" \/>\n<meta property=\"article:modified_time\" content=\"2023-10-04T05:00:38+00:00\" \/>\n<meta property=\"og:image\" content=\"https:\/\/infoecos.com.ar\/wp-content\/uploads\/2023\/10\/motos.jpg\" \/>\n\t<meta property=\"og:image:width\" content=\"880\" \/>\n\t<meta property=\"og:image:height\" content=\"512\" \/>\n\t<meta property=\"og:image:type\" content=\"image\/jpeg\" \/>\n<meta name=\"author\" content=\"Jorge Matheus\" \/>\n<meta name=\"twitter:card\" content=\"summary_large_image\" \/>\n<meta name=\"twitter:creator\" content=\"@infoecos\" \/>\n<meta name=\"twitter:site\" content=\"@infoecos\" \/>\n<meta name=\"twitter:label1\" content=\"Escrito por\" \/>\n\t<meta name=\"twitter:data1\" content=\"Jorge Matheus\" \/>\n\t<meta name=\"twitter:label2\" content=\"Tiempo de lectura\" \/>\n\t<meta name=\"twitter:data2\" content=\"2 minutos\" \/>\n<script type=\"application\/ld+json\" class=\"yoast-schema-graph\">{\"@context\":\"https:\/\/schema.org\",\"@graph\":[{\"@type\":\"Article\",\"@id\":\"https:\/\/infoecos.com.ar\/index.php\/seguro-obligatorio-anual-para-todas-las-motos-a-partir-del-lunes-proximo\/#article\",\"isPartOf\":{\"@id\":\"https:\/\/infoecos.com.ar\/index.php\/seguro-obligatorio-anual-para-todas-las-motos-a-partir-del-lunes-proximo\/\"},\"author\":{\"name\":\"Jorge Matheus\",\"@id\":\"https:\/\/infoecos.com.ar\/#\/schema\/person\/8f5ace5ce73b4b4aac4b7245aee6f191\"},\"headline\":\"Seguro Obligatorio Anual para todas las motos, a partir del lunes pr\u00f3ximo\",\"datePublished\":\"2023-10-03T15:02:33+00:00\",\"dateModified\":\"2023-10-04T05:00:38+00:00\",\"mainEntityOfPage\":{\"@id\":\"https:\/\/infoecos.com.ar\/index.php\/seguro-obligatorio-anual-para-todas-las-motos-a-partir-del-lunes-proximo\/\"},\"wordCount\":366,\"publisher\":{\"@id\":\"https:\/\/infoecos.com.ar\/#organization\"},\"image\":{\"@id\":\"https:\/\/infoecos.com.ar\/index.php\/seguro-obligatorio-anual-para-todas-las-motos-a-partir-del-lunes-proximo\/#primaryimage\"},\"thumbnailUrl\":\"https:\/\/infoecos.com.ar\/wp-content\/uploads\/2023\/10\/motos.jpg\",\"keywords\":[\"EN L\u00cdNEA CON EL SEGURO AUTOMOTOR\"],\"articleSection\":[\"C3 N4\"],\"inLanguage\":\"es\"},{\"@type\":\"WebPage\",\"@id\":\"https:\/\/infoecos.com.ar\/index.php\/seguro-obligatorio-anual-para-todas-las-motos-a-partir-del-lunes-proximo\/\",\"url\":\"https:\/\/infoecos.com.ar\/index.php\/seguro-obligatorio-anual-para-todas-las-motos-a-partir-del-lunes-proximo\/\",\"name\":\"Seguro Obligatorio Anual para todas las motos, a partir del lunes pr\u00f3ximo - Infoecos\",\"isPartOf\":{\"@id\":\"https:\/\/infoecos.com.ar\/#website\"},\"primaryImageOfPage\":{\"@id\":\"https:\/\/infoecos.com.ar\/index.php\/seguro-obligatorio-anual-para-todas-las-motos-a-partir-del-lunes-proximo\/#primaryimage\"},\"image\":{\"@id\":\"https:\/\/infoecos.com.ar\/index.php\/seguro-obligatorio-anual-para-todas-las-motos-a-partir-del-lunes-proximo\/#primaryimage\"},\"thumbnailUrl\":\"https:\/\/infoecos.com.ar\/wp-content\/uploads\/2023\/10\/motos.jpg\",\"datePublished\":\"2023-10-03T15:02:33+00:00\",\"dateModified\":\"2023-10-04T05:00:38+00:00\",\"breadcrumb\":{\"@id\":\"https:\/\/infoecos.com.ar\/index.php\/seguro-obligatorio-anual-para-todas-las-motos-a-partir-del-lunes-proximo\/#breadcrumb\"},\"inLanguage\":\"es\",\"potentialAction\":[{\"@type\":\"ReadAction\",\"target\":[\"https:\/\/infoecos.com.ar\/index.php\/seguro-obligatorio-anual-para-todas-las-motos-a-partir-del-lunes-proximo\/\"]}]},{\"@type\":\"ImageObject\",\"inLanguage\":\"es\",\"@id\":\"https:\/\/infoecos.com.ar\/index.php\/seguro-obligatorio-anual-para-todas-las-motos-a-partir-del-lunes-proximo\/#primaryimage\",\"url\":\"https:\/\/infoecos.com.ar\/wp-content\/uploads\/2023\/10\/motos.jpg\",\"contentUrl\":\"https:\/\/infoecos.com.ar\/wp-content\/uploads\/2023\/10\/motos.jpg\",\"width\":880,\"height\":512},{\"@type\":\"BreadcrumbList\",\"@id\":\"https:\/\/infoecos.com.ar\/index.php\/seguro-obligatorio-anual-para-todas-las-motos-a-partir-del-lunes-proximo\/#breadcrumb\",\"itemListElement\":[{\"@type\":\"ListItem\",\"position\":1,\"name\":\"Portada\",\"item\":\"https:\/\/infoecos.com.ar\/\"},{\"@type\":\"ListItem\",\"position\":2,\"name\":\"Seguro Obligatorio Anual para todas las motos, a partir del lunes pr\u00f3ximo\"}]},{\"@type\":\"WebSite\",\"@id\":\"https:\/\/infoecos.com.ar\/#website\",\"url\":\"https:\/\/infoecos.com.ar\/\",\"name\":\"Infoecos\",\"description\":\"Noticias de trenque lauquen y la zona\",\"publisher\":{\"@id\":\"https:\/\/infoecos.com.ar\/#organization\"},\"alternateName\":\"Noticias\",\"potentialAction\":[{\"@type\":\"SearchAction\",\"target\":{\"@type\":\"EntryPoint\",\"urlTemplate\":\"https:\/\/infoecos.com.ar\/?s={search_term_string}\"},\"query-input\":{\"@type\":\"PropertyValueSpecification\",\"valueRequired\":true,\"valueName\":\"search_term_string\"}}],\"inLanguage\":\"es\"},{\"@type\":\"Organization\",\"@id\":\"https:\/\/infoecos.com.ar\/#organization\",\"name\":\"Infoecos\",\"alternateName\":\"Noticias\",\"url\":\"https:\/\/infoecos.com.ar\/\",\"logo\":{\"@type\":\"ImageObject\",\"inLanguage\":\"es\",\"@id\":\"https:\/\/infoecos.com.ar\/#\/schema\/logo\/image\/\",\"url\":\"https:\/\/infoecos.com.ar\/wp-content\/uploads\/2024\/03\/cropped-logo.png\",\"contentUrl\":\"https:\/\/infoecos.com.ar\/wp-content\/uploads\/2024\/03\/cropped-logo.png\",\"width\":374,\"height\":90,\"caption\":\"Infoecos\"},\"image\":{\"@id\":\"https:\/\/infoecos.com.ar\/#\/schema\/logo\/image\/\"},\"sameAs\":[\"https:\/\/www.facebook.com\/profile.php?id=100063200290284\",\"https:\/\/x.com\/infoecos\"]},{\"@type\":\"Person\",\"@id\":\"https:\/\/infoecos.com.ar\/#\/schema\/person\/8f5ace5ce73b4b4aac4b7245aee6f191\",\"name\":\"Jorge Matheus\",\"url\":\"https:\/\/infoecos.com.ar\/index.php\/author\/jomatheus\/\"}]}<\/script>\n<!-- \/ Yoast SEO plugin. -->","yoast_head_json":{"title":"Seguro Obligatorio Anual para todas las motos, a partir del lunes pr\u00f3ximo - Infoecos","robots":{"index":"index","follow":"follow","max-snippet":"max-snippet:-1","max-image-preview":"max-image-preview:large","max-video-preview":"max-video-preview:-1"},"canonical":"https:\/\/infoecos.com.ar\/index.php\/seguro-obligatorio-anual-para-todas-las-motos-a-partir-del-lunes-proximo\/","og_locale":"es_ES","og_type":"article","og_title":"Seguro Obligatorio Anual para todas las motos, a partir del lunes pr\u00f3ximo - Infoecos","og_description":"El director ejecutivo de la ANSV, Pablo Mart\u00ednez Carignano, expres\u00f3 \u201cen los pr\u00f3ximos d\u00edas ninguna moto nueva podr\u00e1 circular por las calles si no tiene el seguro obligatorio contratado antes de salir del concesionario. Esto es algo que sucede hace muchos a\u00f1os con los autos y que por alg\u00fan motivo nunca se hizo con las motos","og_url":"https:\/\/infoecos.com.ar\/index.php\/seguro-obligatorio-anual-para-todas-las-motos-a-partir-del-lunes-proximo\/","og_site_name":"Infoecos","article_publisher":"https:\/\/www.facebook.com\/profile.php?id=100063200290284","article_published_time":"2023-10-03T15:02:33+00:00","article_modified_time":"2023-10-04T05:00:38+00:00","og_image":[{"width":880,"height":512,"url":"https:\/\/infoecos.com.ar\/wp-content\/uploads\/2023\/10\/motos.jpg","type":"image\/jpeg"}],"author":"Jorge Matheus","twitter_card":"summary_large_image","twitter_creator":"@infoecos","twitter_site":"@infoecos","twitter_misc":{"Escrito por":"Jorge Matheus","Tiempo de lectura":"2 minutos"},"schema":{"@context":"https:\/\/schema.org","@graph":[{"@type":"Article","@id":"https:\/\/infoecos.com.ar\/index.php\/seguro-obligatorio-anual-para-todas-las-motos-a-partir-del-lunes-proximo\/#article","isPartOf":{"@id":"https:\/\/infoecos.com.ar\/index.php\/seguro-obligatorio-anual-para-todas-las-motos-a-partir-del-lunes-proximo\/"},"author":{"name":"Jorge Matheus","@id":"https:\/\/infoecos.com.ar\/#\/schema\/person\/8f5ace5ce73b4b4aac4b7245aee6f191"},"headline":"Seguro Obligatorio Anual para todas las motos, a partir del lunes pr\u00f3ximo","datePublished":"2023-10-03T15:02:33+00:00","dateModified":"2023-10-04T05:00:38+00:00","mainEntityOfPage":{"@id":"https:\/\/infoecos.com.ar\/index.php\/seguro-obligatorio-anual-para-todas-las-motos-a-partir-del-lunes-proximo\/"},"wordCount":366,"publisher":{"@id":"https:\/\/infoecos.com.ar\/#organization"},"image":{"@id":"https:\/\/infoecos.com.ar\/index.php\/seguro-obligatorio-anual-para-todas-las-motos-a-partir-del-lunes-proximo\/#primaryimage"},"thumbnailUrl":"https:\/\/infoecos.com.ar\/wp-content\/uploads\/2023\/10\/motos.jpg","keywords":["EN L\u00cdNEA CON EL SEGURO AUTOMOTOR"],"articleSection":["C3 N4"],"inLanguage":"es"},{"@type":"WebPage","@id":"https:\/\/infoecos.com.ar\/index.php\/seguro-obligatorio-anual-para-todas-las-motos-a-partir-del-lunes-proximo\/","url":"https:\/\/infoecos.com.ar\/index.php\/seguro-obligatorio-anual-para-todas-las-motos-a-partir-del-lunes-proximo\/","name":"Seguro Obligatorio Anual para todas las motos, a partir del lunes pr\u00f3ximo - Infoecos","isPartOf":{"@id":"https:\/\/infoecos.com.ar\/#website"},"primaryImageOfPage":{"@id":"https:\/\/infoecos.com.ar\/index.php\/seguro-obligatorio-anual-para-todas-las-motos-a-partir-del-lunes-proximo\/#primaryimage"},"image":{"@id":"https:\/\/infoecos.com.ar\/index.php\/seguro-obligatorio-anual-para-todas-las-motos-a-partir-del-lunes-proximo\/#primaryimage"},"thumbnailUrl":"https:\/\/infoecos.com.ar\/wp-content\/uploads\/2023\/10\/motos.jpg","datePublished":"2023-10-03T15:02:33+00:00","dateModified":"2023-10-04T05:00:38+00:00","breadcrumb":{"@id":"https:\/\/infoecos.com.ar\/index.php\/seguro-obligatorio-anual-para-todas-las-motos-a-partir-del-lunes-proximo\/#breadcrumb"},"inLanguage":"es","potentialAction":[{"@type":"ReadAction","target":["https:\/\/infoecos.com.ar\/index.php\/seguro-obligatorio-anual-para-todas-las-motos-a-partir-del-lunes-proximo\/"]}]},{"@type":"ImageObject","inLanguage":"es","@id":"https:\/\/infoecos.com.ar\/index.php\/seguro-obligatorio-anual-para-todas-las-motos-a-partir-del-lunes-proximo\/#primaryimage","url":"https:\/\/infoecos.com.ar\/wp-content\/uploads\/2023\/10\/motos.jpg","contentUrl":"https:\/\/infoecos.com.ar\/wp-content\/uploads\/2023\/10\/motos.jpg","width":880,"height":512},{"@type":"BreadcrumbList","@id":"https:\/\/infoecos.com.ar\/index.php\/seguro-obligatorio-anual-para-todas-las-motos-a-partir-del-lunes-proximo\/#breadcrumb","itemListElement":[{"@type":"ListItem","position":1,"name":"Portada","item":"https:\/\/infoecos.com.ar\/"},{"@type":"ListItem","position":2,"name":"Seguro Obligatorio Anual para todas las motos, a partir del lunes pr\u00f3ximo"}]},{"@type":"WebSite","@id":"https:\/\/infoecos.com.ar\/#website","url":"https:\/\/infoecos.com.ar\/","name":"Infoecos","description":"Noticias de trenque lauquen y la zona","publisher":{"@id":"https:\/\/infoecos.com.ar\/#organization"},"alternateName":"Noticias","potentialAction":[{"@type":"SearchAction","target":{"@type":"EntryPoint","urlTemplate":"https:\/\/infoecos.com.ar\/?s={search_term_string}"},"query-input":{"@type":"PropertyValueSpecification","valueRequired":true,"valueName":"search_term_string"}}],"inLanguage":"es"},{"@type":"Organization","@id":"https:\/\/infoecos.com.ar\/#organization","name":"Infoecos","alternateName":"Noticias","url":"https:\/\/infoecos.com.ar\/","logo":{"@type":"ImageObject","inLanguage":"es","@id":"https:\/\/infoecos.com.ar\/#\/schema\/logo\/image\/","url":"https:\/\/infoecos.com.ar\/wp-content\/uploads\/2024\/03\/cropped-logo.png","contentUrl":"https:\/\/infoecos.com.ar\/wp-content\/uploads\/2024\/03\/cropped-logo.png","width":374,"height":90,"caption":"Infoecos"},"image":{"@id":"https:\/\/infoecos.com.ar\/#\/schema\/logo\/image\/"},"sameAs":["https:\/\/www.facebook.com\/profile.php?id=100063200290284","https:\/\/x.com\/infoecos"]},{"@type":"Person","@id":"https:\/\/infoecos.com.ar\/#\/schema\/person\/8f5ace5ce73b4b4aac4b7245aee6f191","name":"Jorge Matheus","url":"https:\/\/infoecos.com.ar\/index.php\/author\/jomatheus\/"}]}},"featured_image_urls":{"full":["https:\/\/infoecos.com.ar\/wp-content\/uploads\/2023\/10\/motos.jpg",880,512,false],"thumbnail":["https:\/\/infoecos.com.ar\/wp-content\/uploads\/2023\/10\/motos-300x150.jpg",300,150,true],"medium":["https:\/\/infoecos.com.ar\/wp-content\/uploads\/2023\/10\/motos-800x465.jpg",800,465,true],"medium_large":["https:\/\/infoecos.com.ar\/wp-content\/uploads\/2023\/10\/motos-768x447.jpg",640,373,true],"large":["https:\/\/infoecos.com.ar\/wp-content\/uploads\/2023\/10\/motos.jpg",640,372,false],"1536x1536":["https:\/\/infoecos.com.ar\/wp-content\/uploads\/2023\/10\/motos.jpg",880,512,false],"2048x2048":["https:\/\/infoecos.com.ar\/wp-content\/uploads\/2023\/10\/motos.jpg",880,512,false],"covernews-slider-full":["https:\/\/infoecos.com.ar\/wp-content\/uploads\/2023\/10\/motos.jpg",880,512,false],"covernews-slider-center":["https:\/\/infoecos.com.ar\/wp-content\/uploads\/2023\/10\/motos.jpg",800,465,false],"covernews-featured":["https:\/\/infoecos.com.ar\/wp-content\/uploads\/2023\/10\/motos.jpg",880,512,false],"covernews-medium":["https:\/\/infoecos.com.ar\/wp-content\/uploads\/2023\/10\/motos-720x380.jpg",540,285,true],"covernews-medium-square":["https:\/\/infoecos.com.ar\/wp-content\/uploads\/2023\/10\/motos-675x450.jpg",375,250,true]},"author_info":{"info":["Jorge Matheus"]},"category_info":"<a href=\"https:\/\/infoecos.com.ar\/index.php\/category\/c3nota4\/\" rel=\"category tag\">C3 N4<\/a>","tag_info":"C3 N4","comment_count":"0","_links":{"self":[{"href":"https:\/\/infoecos.com.ar\/index.php\/wp-json\/wp\/v2\/posts\/113468"}],"collection":[{"href":"https:\/\/infoecos.com.ar\/index.php\/wp-json\/wp\/v2\/posts"}],"about":[{"href":"https:\/\/infoecos.com.ar\/index.php\/wp-json\/wp\/v2\/types\/post"}],"author":[{"embeddable":true,"href":"https:\/\/infoecos.com.ar\/index.php\/wp-json\/wp\/v2\/users\/2"}],"replies":[{"embeddable":true,"href":"https:\/\/infoecos.com.ar\/index.php\/wp-json\/wp\/v2\/comments?post=113468"}],"version-history":[{"count":1,"href":"https:\/\/infoecos.com.ar\/index.php\/wp-json\/wp\/v2\/posts\/113468\/revisions"}],"predecessor-version":[{"id":113470,"href":"https:\/\/infoecos.com.ar\/index.php\/wp-json\/wp\/v2\/posts\/113468\/revisions\/113470"}],"wp:featuredmedia":[{"embeddable":true,"href":"https:\/\/infoecos.com.ar\/index.php\/wp-json\/wp\/v2\/media\/113469"}],"wp:attachment":[{"href":"https:\/\/infoecos.com.ar\/index.php\/wp-json\/wp\/v2\/media?parent=113468"}],"wp:term":[{"taxonomy":"category","embeddable":true,"href":"https:\/\/infoecos.com.ar\/index.php\/wp-json\/wp\/v2\/categories?post=113468"},{"taxonomy":"post_tag","embeddable":true,"href":"https:\/\/infoecos.com.ar\/index.php\/wp-json\/wp\/v2\/tags?post=113468"}],"curies":[{"name":"wp","href":"https:\/\/api.w.org\/{rel}","templated":true}]}}