{"id":113481,"date":"2023-10-03T16:39:55","date_gmt":"2023-10-03T19:39:55","guid":{"rendered":"https:\/\/infoecos.com.ar\/?p=113481"},"modified":"2023-10-04T00:46:27","modified_gmt":"2023-10-04T03:46:27","slug":"consternacion-en-darregueira-murio-un-joven-al-recibir-una-descarga-electrica-de-13-000-voltios","status":"publish","type":"post","link":"https:\/\/infoecos.com.ar\/index.php\/consternacion-en-darregueira-murio-un-joven-al-recibir-una-descarga-electrica-de-13-000-voltios\/","title":{"rendered":"Darregueira: muri\u00f3 un joven al recibir una descarga el\u00e9ctrica de 13.000 voltios"},"content":{"rendered":"\n<p>Un joven de 22 a\u00f1os muri\u00f3 en el acto cuando la batea del cami\u00f3n en el que lleg\u00f3 hasta el lugar donde se construye una playa de estacionamiento, en las afueras de Darregueira, toc\u00f3 la l\u00ednea de media tensi\u00f3n y fue alcanzado por una descarga de 13.000 voltios. La v\u00edctima fue trasladada de urgencia hasta el hospital de esa ciudad del distrito de Puan pero los m\u00e9dicos de guardia nada pudieron hacer para salvarle la vida.<\/p>\n\n\n\n<figure class=\"wp-block-image alignright size-full is-resized\"><img loading=\"lazy\" decoding=\"async\" src=\"https:\/\/infoecos.com.ar\/wp-content\/uploads\/2023\/10\/batea.jpg\" alt=\"\" class=\"wp-image-113482\" width=\"378\" height=\"247\" srcset=\"https:\/\/infoecos.com.ar\/wp-content\/uploads\/2023\/10\/batea.jpg 1200w, https:\/\/infoecos.com.ar\/wp-content\/uploads\/2023\/10\/batea-800x523.jpg 800w, https:\/\/infoecos.com.ar\/wp-content\/uploads\/2023\/10\/batea-768x502.jpg 768w, https:\/\/infoecos.com.ar\/wp-content\/uploads\/2023\/10\/batea-1024x669.jpg 1024w\" sizes=\"(max-width: 378px) 100vw, 378px\" \/><figcaption class=\"wp-element-caption\">Cami\u00f3n que conduc\u00eda el joven<\/figcaption><\/figure>\n\n\n\n<p><\/p>\n\n\n\n<p>Colegas de <strong>FM Radiante de Puan<\/strong> informaron que al momento del accidente hab\u00eda otras personas en las inmediaciones que fueron testigos del tr\u00e1gico final del chofer. Aparentemente, al advertir que la batea se acercaba a los cables el muchacho intent\u00f3 retirarla accionando el sistema hidr\u00e1ulico. Ese contacto hizo que fuera alcanzado por la potente descarga de energ\u00eda.<\/p>\n\n\n\n<p>El lugar fue preservado por personal de la Polic\u00eda Rural de Puan a la espera del arribo de integrantes de la Polic\u00eda Cient\u00edfica, para hacer los peritajes de rigor.<\/p>\n\n\n\n<p>El joven fue identificado como Tom\u00e1s Bautista Crosgnach.<\/p>\n\n\n\n<p>Como consecuencia de este lamentable hecho, la Municipalidad suspendi\u00f3 el acto que se iba a realizar este jueves por el aniversario de la fundaci\u00f3n de Darregueira.<\/p>\n\n\n\n<p><\/p>\n","protected":false},"excerpt":{"rendered":"<p>El joven fue identificado como Tom\u00e1s Bautista Crosgnach<\/p>\n","protected":false},"author":2,"featured_media":113482,"comment_status":"closed","ping_status":"open","sticky":false,"template":"","format":"standard","meta":{"footnotes":""},"categories":[49],"tags":[9327],"class_list":["post-113481","post","type-post","status-publish","format-standard","has-post-thumbnail","hentry","category-c3nota3","tag-fm-radiante-de-puan-diario-de-rivera"],"yoast_head":"<!-- This site is optimized with the Yoast SEO plugin v23.4 - https:\/\/yoast.com\/wordpress\/plugins\/seo\/ -->\n<title>Darregueira: muri\u00f3 un joven al recibir una descarga el\u00e9ctrica de 13.000 voltios - Infoecos<\/title>\n<meta name=\"robots\" content=\"index, follow, max-snippet:-1, max-image-preview:large, max-video-preview:-1\" \/>\n<link rel=\"canonical\" href=\"https:\/\/infoecos.com.ar\/index.php\/consternacion-en-darregueira-murio-un-joven-al-recibir-una-descarga-electrica-de-13-000-voltios\/\" \/>\n<meta property=\"og:locale\" content=\"es_ES\" \/>\n<meta property=\"og:type\" content=\"article\" \/>\n<meta property=\"og:title\" content=\"Darregueira: muri\u00f3 un joven al recibir una descarga el\u00e9ctrica de 13.000 voltios - Infoecos\" \/>\n<meta property=\"og:description\" content=\"El joven fue identificado como Tom\u00e1s Bautista Crosgnach\" \/>\n<meta property=\"og:url\" content=\"https:\/\/infoecos.com.ar\/index.php\/consternacion-en-darregueira-murio-un-joven-al-recibir-una-descarga-electrica-de-13-000-voltios\/\" \/>\n<meta property=\"og:site_name\" content=\"Infoecos\" \/>\n<meta property=\"article:publisher\" content=\"https:\/\/www.facebook.com\/profile.php?id=100063200290284\" \/>\n<meta property=\"article:published_time\" content=\"2023-10-03T19:39:55+00:00\" \/>\n<meta property=\"article:modified_time\" content=\"2023-10-04T03:46:27+00:00\" \/>\n<meta property=\"og:image\" content=\"https:\/\/infoecos.com.ar\/wp-content\/uploads\/2023\/10\/batea.jpg\" \/>\n\t<meta property=\"og:image:width\" content=\"1200\" \/>\n\t<meta property=\"og:image:height\" content=\"784\" \/>\n\t<meta property=\"og:image:type\" content=\"image\/jpeg\" \/>\n<meta name=\"author\" content=\"Jorge Matheus\" \/>\n<meta name=\"twitter:card\" content=\"summary_large_image\" \/>\n<meta name=\"twitter:creator\" content=\"@infoecos\" \/>\n<meta name=\"twitter:site\" content=\"@infoecos\" \/>\n<meta name=\"twitter:label1\" content=\"Escrito por\" \/>\n\t<meta name=\"twitter:data1\" content=\"Jorge Matheus\" \/>\n\t<meta name=\"twitter:label2\" content=\"Tiempo de lectura\" \/>\n\t<meta name=\"twitter:data2\" content=\"2 minutos\" \/>\n<script type=\"application\/ld+json\" class=\"yoast-schema-graph\">{\"@context\":\"https:\/\/schema.org\",\"@graph\":[{\"@type\":\"Article\",\"@id\":\"https:\/\/infoecos.com.ar\/index.php\/consternacion-en-darregueira-murio-un-joven-al-recibir-una-descarga-electrica-de-13-000-voltios\/#article\",\"isPartOf\":{\"@id\":\"https:\/\/infoecos.com.ar\/index.php\/consternacion-en-darregueira-murio-un-joven-al-recibir-una-descarga-electrica-de-13-000-voltios\/\"},\"author\":{\"name\":\"Jorge Matheus\",\"@id\":\"https:\/\/infoecos.com.ar\/#\/schema\/person\/8f5ace5ce73b4b4aac4b7245aee6f191\"},\"headline\":\"Darregueira: muri\u00f3 un joven al recibir una descarga el\u00e9ctrica de 13.000 voltios\",\"datePublished\":\"2023-10-03T19:39:55+00:00\",\"dateModified\":\"2023-10-04T03:46:27+00:00\",\"mainEntityOfPage\":{\"@id\":\"https:\/\/infoecos.com.ar\/index.php\/consternacion-en-darregueira-murio-un-joven-al-recibir-una-descarga-electrica-de-13-000-voltios\/\"},\"wordCount\":228,\"publisher\":{\"@id\":\"https:\/\/infoecos.com.ar\/#organization\"},\"image\":{\"@id\":\"https:\/\/infoecos.com.ar\/index.php\/consternacion-en-darregueira-murio-un-joven-al-recibir-una-descarga-electrica-de-13-000-voltios\/#primaryimage\"},\"thumbnailUrl\":\"https:\/\/infoecos.com.ar\/wp-content\/uploads\/2023\/10\/batea.jpg\",\"keywords\":[\"FM RADIANTE DE PU\u00c1N - DIARIO DE RIVERA\"],\"articleSection\":[\"C3 N3\"],\"inLanguage\":\"es\"},{\"@type\":\"WebPage\",\"@id\":\"https:\/\/infoecos.com.ar\/index.php\/consternacion-en-darregueira-murio-un-joven-al-recibir-una-descarga-electrica-de-13-000-voltios\/\",\"url\":\"https:\/\/infoecos.com.ar\/index.php\/consternacion-en-darregueira-murio-un-joven-al-recibir-una-descarga-electrica-de-13-000-voltios\/\",\"name\":\"Darregueira: muri\u00f3 un joven al recibir una descarga el\u00e9ctrica de 13.000 voltios - Infoecos\",\"isPartOf\":{\"@id\":\"https:\/\/infoecos.com.ar\/#website\"},\"primaryImageOfPage\":{\"@id\":\"https:\/\/infoecos.com.ar\/index.php\/consternacion-en-darregueira-murio-un-joven-al-recibir-una-descarga-electrica-de-13-000-voltios\/#primaryimage\"},\"image\":{\"@id\":\"https:\/\/infoecos.com.ar\/index.php\/consternacion-en-darregueira-murio-un-joven-al-recibir-una-descarga-electrica-de-13-000-voltios\/#primaryimage\"},\"thumbnailUrl\":\"https:\/\/infoecos.com.ar\/wp-content\/uploads\/2023\/10\/batea.jpg\",\"datePublished\":\"2023-10-03T19:39:55+00:00\",\"dateModified\":\"2023-10-04T03:46:27+00:00\",\"breadcrumb\":{\"@id\":\"https:\/\/infoecos.com.ar\/index.php\/consternacion-en-darregueira-murio-un-joven-al-recibir-una-descarga-electrica-de-13-000-voltios\/#breadcrumb\"},\"inLanguage\":\"es\",\"potentialAction\":[{\"@type\":\"ReadAction\",\"target\":[\"https:\/\/infoecos.com.ar\/index.php\/consternacion-en-darregueira-murio-un-joven-al-recibir-una-descarga-electrica-de-13-000-voltios\/\"]}]},{\"@type\":\"ImageObject\",\"inLanguage\":\"es\",\"@id\":\"https:\/\/infoecos.com.ar\/index.php\/consternacion-en-darregueira-murio-un-joven-al-recibir-una-descarga-electrica-de-13-000-voltios\/#primaryimage\",\"url\":\"https:\/\/infoecos.com.ar\/wp-content\/uploads\/2023\/10\/batea.jpg\",\"contentUrl\":\"https:\/\/infoecos.com.ar\/wp-content\/uploads\/2023\/10\/batea.jpg\",\"width\":1200,\"height\":784},{\"@type\":\"BreadcrumbList\",\"@id\":\"https:\/\/infoecos.com.ar\/index.php\/consternacion-en-darregueira-murio-un-joven-al-recibir-una-descarga-electrica-de-13-000-voltios\/#breadcrumb\",\"itemListElement\":[{\"@type\":\"ListItem\",\"position\":1,\"name\":\"Portada\",\"item\":\"https:\/\/infoecos.com.ar\/\"},{\"@type\":\"ListItem\",\"position\":2,\"name\":\"Darregueira: muri\u00f3 un joven al recibir una descarga el\u00e9ctrica de 13.000 voltios\"}]},{\"@type\":\"WebSite\",\"@id\":\"https:\/\/infoecos.com.ar\/#website\",\"url\":\"https:\/\/infoecos.com.ar\/\",\"name\":\"Infoecos\",\"description\":\"Noticias de trenque lauquen y la zona\",\"publisher\":{\"@id\":\"https:\/\/infoecos.com.ar\/#organization\"},\"alternateName\":\"Noticias\",\"potentialAction\":[{\"@type\":\"SearchAction\",\"target\":{\"@type\":\"EntryPoint\",\"urlTemplate\":\"https:\/\/infoecos.com.ar\/?s={search_term_string}\"},\"query-input\":{\"@type\":\"PropertyValueSpecification\",\"valueRequired\":true,\"valueName\":\"search_term_string\"}}],\"inLanguage\":\"es\"},{\"@type\":\"Organization\",\"@id\":\"https:\/\/infoecos.com.ar\/#organization\",\"name\":\"Infoecos\",\"alternateName\":\"Noticias\",\"url\":\"https:\/\/infoecos.com.ar\/\",\"logo\":{\"@type\":\"ImageObject\",\"inLanguage\":\"es\",\"@id\":\"https:\/\/infoecos.com.ar\/#\/schema\/logo\/image\/\",\"url\":\"https:\/\/infoecos.com.ar\/wp-content\/uploads\/2024\/03\/cropped-logo.png\",\"contentUrl\":\"https:\/\/infoecos.com.ar\/wp-content\/uploads\/2024\/03\/cropped-logo.png\",\"width\":374,\"height\":90,\"caption\":\"Infoecos\"},\"image\":{\"@id\":\"https:\/\/infoecos.com.ar\/#\/schema\/logo\/image\/\"},\"sameAs\":[\"https:\/\/www.facebook.com\/profile.php?id=100063200290284\",\"https:\/\/x.com\/infoecos\"]},{\"@type\":\"Person\",\"@id\":\"https:\/\/infoecos.com.ar\/#\/schema\/person\/8f5ace5ce73b4b4aac4b7245aee6f191\",\"name\":\"Jorge Matheus\",\"url\":\"https:\/\/infoecos.com.ar\/index.php\/author\/jomatheus\/\"}]}<\/script>\n<!-- \/ Yoast SEO plugin. -->","yoast_head_json":{"title":"Darregueira: muri\u00f3 un joven al recibir una descarga el\u00e9ctrica de 13.000 voltios - Infoecos","robots":{"index":"index","follow":"follow","max-snippet":"max-snippet:-1","max-image-preview":"max-image-preview:large","max-video-preview":"max-video-preview:-1"},"canonical":"https:\/\/infoecos.com.ar\/index.php\/consternacion-en-darregueira-murio-un-joven-al-recibir-una-descarga-electrica-de-13-000-voltios\/","og_locale":"es_ES","og_type":"article","og_title":"Darregueira: muri\u00f3 un joven al recibir una descarga el\u00e9ctrica de 13.000 voltios - Infoecos","og_description":"El joven fue identificado como Tom\u00e1s Bautista Crosgnach","og_url":"https:\/\/infoecos.com.ar\/index.php\/consternacion-en-darregueira-murio-un-joven-al-recibir-una-descarga-electrica-de-13-000-voltios\/","og_site_name":"Infoecos","article_publisher":"https:\/\/www.facebook.com\/profile.php?id=100063200290284","article_published_time":"2023-10-03T19:39:55+00:00","article_modified_time":"2023-10-04T03:46:27+00:00","og_image":[{"width":1200,"height":784,"url":"https:\/\/infoecos.com.ar\/wp-content\/uploads\/2023\/10\/batea.jpg","type":"image\/jpeg"}],"author":"Jorge Matheus","twitter_card":"summary_large_image","twitter_creator":"@infoecos","twitter_site":"@infoecos","twitter_misc":{"Escrito por":"Jorge Matheus","Tiempo de lectura":"2 minutos"},"schema":{"@context":"https:\/\/schema.org","@graph":[{"@type":"Article","@id":"https:\/\/infoecos.com.ar\/index.php\/consternacion-en-darregueira-murio-un-joven-al-recibir-una-descarga-electrica-de-13-000-voltios\/#article","isPartOf":{"@id":"https:\/\/infoecos.com.ar\/index.php\/consternacion-en-darregueira-murio-un-joven-al-recibir-una-descarga-electrica-de-13-000-voltios\/"},"author":{"name":"Jorge Matheus","@id":"https:\/\/infoecos.com.ar\/#\/schema\/person\/8f5ace5ce73b4b4aac4b7245aee6f191"},"headline":"Darregueira: muri\u00f3 un joven al recibir una descarga el\u00e9ctrica de 13.000 voltios","datePublished":"2023-10-03T19:39:55+00:00","dateModified":"2023-10-04T03:46:27+00:00","mainEntityOfPage":{"@id":"https:\/\/infoecos.com.ar\/index.php\/consternacion-en-darregueira-murio-un-joven-al-recibir-una-descarga-electrica-de-13-000-voltios\/"},"wordCount":228,"publisher":{"@id":"https:\/\/infoecos.com.ar\/#organization"},"image":{"@id":"https:\/\/infoecos.com.ar\/index.php\/consternacion-en-darregueira-murio-un-joven-al-recibir-una-descarga-electrica-de-13-000-voltios\/#primaryimage"},"thumbnailUrl":"https:\/\/infoecos.com.ar\/wp-content\/uploads\/2023\/10\/batea.jpg","keywords":["FM RADIANTE DE PU\u00c1N - DIARIO DE RIVERA"],"articleSection":["C3 N3"],"inLanguage":"es"},{"@type":"WebPage","@id":"https:\/\/infoecos.com.ar\/index.php\/consternacion-en-darregueira-murio-un-joven-al-recibir-una-descarga-electrica-de-13-000-voltios\/","url":"https:\/\/infoecos.com.ar\/index.php\/consternacion-en-darregueira-murio-un-joven-al-recibir-una-descarga-electrica-de-13-000-voltios\/","name":"Darregueira: muri\u00f3 un joven al recibir una descarga el\u00e9ctrica de 13.000 voltios - Infoecos","isPartOf":{"@id":"https:\/\/infoecos.com.ar\/#website"},"primaryImageOfPage":{"@id":"https:\/\/infoecos.com.ar\/index.php\/consternacion-en-darregueira-murio-un-joven-al-recibir-una-descarga-electrica-de-13-000-voltios\/#primaryimage"},"image":{"@id":"https:\/\/infoecos.com.ar\/index.php\/consternacion-en-darregueira-murio-un-joven-al-recibir-una-descarga-electrica-de-13-000-voltios\/#primaryimage"},"thumbnailUrl":"https:\/\/infoecos.com.ar\/wp-content\/uploads\/2023\/10\/batea.jpg","datePublished":"2023-10-03T19:39:55+00:00","dateModified":"2023-10-04T03:46:27+00:00","breadcrumb":{"@id":"https:\/\/infoecos.com.ar\/index.php\/consternacion-en-darregueira-murio-un-joven-al-recibir-una-descarga-electrica-de-13-000-voltios\/#breadcrumb"},"inLanguage":"es","potentialAction":[{"@type":"ReadAction","target":["https:\/\/infoecos.com.ar\/index.php\/consternacion-en-darregueira-murio-un-joven-al-recibir-una-descarga-electrica-de-13-000-voltios\/"]}]},{"@type":"ImageObject","inLanguage":"es","@id":"https:\/\/infoecos.com.ar\/index.php\/consternacion-en-darregueira-murio-un-joven-al-recibir-una-descarga-electrica-de-13-000-voltios\/#primaryimage","url":"https:\/\/infoecos.com.ar\/wp-content\/uploads\/2023\/10\/batea.jpg","contentUrl":"https:\/\/infoecos.com.ar\/wp-content\/uploads\/2023\/10\/batea.jpg","width":1200,"height":784},{"@type":"BreadcrumbList","@id":"https:\/\/infoecos.com.ar\/index.php\/consternacion-en-darregueira-murio-un-joven-al-recibir-una-descarga-electrica-de-13-000-voltios\/#breadcrumb","itemListElement":[{"@type":"ListItem","position":1,"name":"Portada","item":"https:\/\/infoecos.com.ar\/"},{"@type":"ListItem","position":2,"name":"Darregueira: muri\u00f3 un joven al recibir una descarga el\u00e9ctrica de 13.000 voltios"}]},{"@type":"WebSite","@id":"https:\/\/infoecos.com.ar\/#website","url":"https:\/\/infoecos.com.ar\/","name":"Infoecos","description":"Noticias de trenque lauquen y la zona","publisher":{"@id":"https:\/\/infoecos.com.ar\/#organization"},"alternateName":"Noticias","potentialAction":[{"@type":"SearchAction","target":{"@type":"EntryPoint","urlTemplate":"https:\/\/infoecos.com.ar\/?s={search_term_string}"},"query-input":{"@type":"PropertyValueSpecification","valueRequired":true,"valueName":"search_term_string"}}],"inLanguage":"es"},{"@type":"Organization","@id":"https:\/\/infoecos.com.ar\/#organization","name":"Infoecos","alternateName":"Noticias","url":"https:\/\/infoecos.com.ar\/","logo":{"@type":"ImageObject","inLanguage":"es","@id":"https:\/\/infoecos.com.ar\/#\/schema\/logo\/image\/","url":"https:\/\/infoecos.com.ar\/wp-content\/uploads\/2024\/03\/cropped-logo.png","contentUrl":"https:\/\/infoecos.com.ar\/wp-content\/uploads\/2024\/03\/cropped-logo.png","width":374,"height":90,"caption":"Infoecos"},"image":{"@id":"https:\/\/infoecos.com.ar\/#\/schema\/logo\/image\/"},"sameAs":["https:\/\/www.facebook.com\/profile.php?id=100063200290284","https:\/\/x.com\/infoecos"]},{"@type":"Person","@id":"https:\/\/infoecos.com.ar\/#\/schema\/person\/8f5ace5ce73b4b4aac4b7245aee6f191","name":"Jorge Matheus","url":"https:\/\/infoecos.com.ar\/index.php\/author\/jomatheus\/"}]}},"featured_image_urls":{"full":["https:\/\/infoecos.com.ar\/wp-content\/uploads\/2023\/10\/batea.jpg",1200,784,false],"thumbnail":["https:\/\/infoecos.com.ar\/wp-content\/uploads\/2023\/10\/batea-300x150.jpg",300,150,true],"medium":["https:\/\/infoecos.com.ar\/wp-content\/uploads\/2023\/10\/batea-800x523.jpg",800,523,true],"medium_large":["https:\/\/infoecos.com.ar\/wp-content\/uploads\/2023\/10\/batea-768x502.jpg",640,418,true],"large":["https:\/\/infoecos.com.ar\/wp-content\/uploads\/2023\/10\/batea.jpg",640,418,false],"1536x1536":["https:\/\/infoecos.com.ar\/wp-content\/uploads\/2023\/10\/batea.jpg",1200,784,false],"2048x2048":["https:\/\/infoecos.com.ar\/wp-content\/uploads\/2023\/10\/batea.jpg",1200,784,false],"covernews-slider-full":["https:\/\/infoecos.com.ar\/wp-content\/uploads\/2023\/10\/batea.jpg",1094,715,false],"covernews-slider-center":["https:\/\/infoecos.com.ar\/wp-content\/uploads\/2023\/10\/batea-936x784.jpg",597,500,true],"covernews-featured":["https:\/\/infoecos.com.ar\/wp-content\/uploads\/2023\/10\/batea-1024x669.jpg",1024,669,true],"covernews-medium":["https:\/\/infoecos.com.ar\/wp-content\/uploads\/2023\/10\/batea-720x380.jpg",540,285,true],"covernews-medium-square":["https:\/\/infoecos.com.ar\/wp-content\/uploads\/2023\/10\/batea-675x450.jpg",375,250,true]},"author_info":{"info":["Jorge Matheus"]},"category_info":"<a href=\"https:\/\/infoecos.com.ar\/index.php\/category\/c3nota3\/\" rel=\"category tag\">C3 N3<\/a>","tag_info":"C3 N3","comment_count":"0","_links":{"self":[{"href":"https:\/\/infoecos.com.ar\/index.php\/wp-json\/wp\/v2\/posts\/113481"}],"collection":[{"href":"https:\/\/infoecos.com.ar\/index.php\/wp-json\/wp\/v2\/posts"}],"about":[{"href":"https:\/\/infoecos.com.ar\/index.php\/wp-json\/wp\/v2\/types\/post"}],"author":[{"embeddable":true,"href":"https:\/\/infoecos.com.ar\/index.php\/wp-json\/wp\/v2\/users\/2"}],"replies":[{"embeddable":true,"href":"https:\/\/infoecos.com.ar\/index.php\/wp-json\/wp\/v2\/comments?post=113481"}],"version-history":[{"count":2,"href":"https:\/\/infoecos.com.ar\/index.php\/wp-json\/wp\/v2\/posts\/113481\/revisions"}],"predecessor-version":[{"id":113484,"href":"https:\/\/infoecos.com.ar\/index.php\/wp-json\/wp\/v2\/posts\/113481\/revisions\/113484"}],"wp:featuredmedia":[{"embeddable":true,"href":"https:\/\/infoecos.com.ar\/index.php\/wp-json\/wp\/v2\/media\/113482"}],"wp:attachment":[{"href":"https:\/\/infoecos.com.ar\/index.php\/wp-json\/wp\/v2\/media?parent=113481"}],"wp:term":[{"taxonomy":"category","embeddable":true,"href":"https:\/\/infoecos.com.ar\/index.php\/wp-json\/wp\/v2\/categories?post=113481"},{"taxonomy":"post_tag","embeddable":true,"href":"https:\/\/infoecos.com.ar\/index.php\/wp-json\/wp\/v2\/tags?post=113481"}],"curies":[{"name":"wp","href":"https:\/\/api.w.org\/{rel}","templated":true}]}}