{"id":113494,"date":"2023-10-03T17:08:46","date_gmt":"2023-10-03T20:08:46","guid":{"rendered":"https:\/\/infoecos.com.ar\/?p=113494"},"modified":"2023-10-05T03:24:32","modified_gmt":"2023-10-05T06:24:32","slug":"113494","status":"publish","type":"post","link":"https:\/\/infoecos.com.ar\/index.php\/113494\/","title":{"rendered":"Se dar\u00e1n a conocer ma\u00f1ana los ganadores del Primer Concurso de Cuentos Breves"},"content":{"rendered":"\n<p>La Biblioteca P\u00fablica Rivadavia de Trenque Lauquen anunci\u00f3 que el pr\u00f3ximo viernes 6 de octubre a las 18,30 dar\u00e1 a conocer a los ganadores del Primer Concurso de Cuentos Breves \u201cLa Biblioteca es puro cuento\u201d, organizado en el marco de los festejos por el 120\u00ba aniversario de la instituci\u00f3n. Se trata de la primera edici\u00f3n de un certamen que pretende ganar cada vez m\u00e1s importancia, como una \u201cmarca registrada\u201d de la instituci\u00f3n y la ciudad.<\/p>\n\n\n\n<figure class=\"wp-block-image aligncenter size-full\"><img loading=\"lazy\" decoding=\"async\" width=\"280\" height=\"498\" src=\"https:\/\/infoecos.com.ar\/wp-content\/uploads\/2023\/10\/bibiloteca.jpg\" alt=\"\" class=\"wp-image-113501\"\/><\/figure>\n\n\n\n<p>En esta primera vez, se recibieron 25 obras de escritores locales y de otras ciudades, como La Plata, 9 de Julio, Treinta de Agosto y Am\u00e9rica. El jurado estuvo integrado por Agustina Iparraguirre (Directora y profesora de Teatro, coordinadora del Grupo de Narradoras de la Biblioteca Rivadavia), Guillermo Ruiz (director de Cultura y Educaci\u00f3n de la Municipalidad de Trenque Lauquen, profesor de Historia y escritor) y Dolores Sansot (profesora y Licenciada en Letras (UBA), docente y tallerista de talleres de Escritura Creativa).<\/p>\n\n\n\n<p>Los premios, que se entregar\u00e1n durante el acto, consisten en \u00f3rdenes de compra de libros en Tienda Literaria, librer\u00eda Lecturas y Club de Lectores Proyecta Imaginaci\u00f3n, quienes patrocinaron el certamen literario. El concurso tambi\u00e9n recibi\u00f3 el auspicio del Concejo Deliberante de Trenque Lauquen.<\/p>\n\n\n\n<p>Los organizadores explicaron que el objetivo del concurso fue estimular el gozo por la lectura, la escritura y la expresi\u00f3n oral, y contribuir en la expresi\u00f3n del pensamiento cr\u00edtico, reflexivo y est\u00e9tico. Al mismo tiempo, se pretendi\u00f3 difundir las letras trenquelauquenses, y dar a conocer nuevas obras y nuevos autores dentro del panorama literario. Tambi\u00e9n anunciaron la segunda edici\u00f3n del concurso para mediados de 2024.<\/p>\n\n\n\n<p>Las obras ganadoras ser\u00e1n publicadas por medios digitales y redes sociales en los pr\u00f3ximos d\u00edas.<\/p>\n","protected":false},"excerpt":{"rendered":"<p>Se trata de la primera edici\u00f3n de un certamen que pretende ganar cada vez m\u00e1s importancia, como una \u201cmarca registrada\u201d de la instituci\u00f3n y la ciudad<\/p>\n","protected":false},"author":2,"featured_media":113501,"comment_status":"closed","ping_status":"open","sticky":false,"template":"","format":"standard","meta":{"footnotes":""},"categories":[1325],"tags":[9329],"class_list":["post-113494","post","type-post","status-publish","format-standard","has-post-thumbnail","hentry","category-c1nota6","tag-biblioteca-rivadavia-t-lauquen"],"yoast_head":"<!-- This site is optimized with the Yoast SEO plugin v23.4 - https:\/\/yoast.com\/wordpress\/plugins\/seo\/ -->\n<title>Se dar\u00e1n a conocer ma\u00f1ana los ganadores del Primer Concurso de Cuentos Breves - Infoecos<\/title>\n<meta name=\"robots\" content=\"index, follow, max-snippet:-1, max-image-preview:large, max-video-preview:-1\" \/>\n<link rel=\"canonical\" href=\"https:\/\/infoecos.com.ar\/index.php\/113494\/\" \/>\n<meta property=\"og:locale\" content=\"es_ES\" \/>\n<meta property=\"og:type\" content=\"article\" \/>\n<meta property=\"og:title\" content=\"Se dar\u00e1n a conocer ma\u00f1ana los ganadores del Primer Concurso de Cuentos Breves - Infoecos\" \/>\n<meta property=\"og:description\" content=\"Se trata de la primera edici\u00f3n de un certamen que pretende ganar cada vez m\u00e1s importancia, como una \u201cmarca registrada\u201d de la instituci\u00f3n y la ciudad\" \/>\n<meta property=\"og:url\" content=\"https:\/\/infoecos.com.ar\/index.php\/113494\/\" \/>\n<meta property=\"og:site_name\" content=\"Infoecos\" \/>\n<meta property=\"article:publisher\" content=\"https:\/\/www.facebook.com\/profile.php?id=100063200290284\" \/>\n<meta property=\"article:published_time\" content=\"2023-10-03T20:08:46+00:00\" \/>\n<meta property=\"article:modified_time\" content=\"2023-10-05T06:24:32+00:00\" \/>\n<meta property=\"og:image\" content=\"https:\/\/infoecos.com.ar\/wp-content\/uploads\/2023\/10\/bibiloteca.jpg\" \/>\n\t<meta property=\"og:image:width\" content=\"280\" \/>\n\t<meta property=\"og:image:height\" content=\"498\" \/>\n\t<meta property=\"og:image:type\" content=\"image\/jpeg\" \/>\n<meta name=\"author\" content=\"Jorge Matheus\" \/>\n<meta name=\"twitter:card\" content=\"summary_large_image\" \/>\n<meta name=\"twitter:creator\" content=\"@infoecos\" \/>\n<meta name=\"twitter:site\" content=\"@infoecos\" \/>\n<meta name=\"twitter:label1\" content=\"Escrito por\" \/>\n\t<meta name=\"twitter:data1\" content=\"Jorge Matheus\" \/>\n\t<meta name=\"twitter:label2\" content=\"Tiempo de lectura\" \/>\n\t<meta name=\"twitter:data2\" content=\"2 minutos\" \/>\n<script type=\"application\/ld+json\" class=\"yoast-schema-graph\">{\"@context\":\"https:\/\/schema.org\",\"@graph\":[{\"@type\":\"Article\",\"@id\":\"https:\/\/infoecos.com.ar\/index.php\/113494\/#article\",\"isPartOf\":{\"@id\":\"https:\/\/infoecos.com.ar\/index.php\/113494\/\"},\"author\":{\"name\":\"Jorge Matheus\",\"@id\":\"https:\/\/infoecos.com.ar\/#\/schema\/person\/8f5ace5ce73b4b4aac4b7245aee6f191\"},\"headline\":\"Se dar\u00e1n a conocer ma\u00f1ana los ganadores del Primer Concurso de Cuentos Breves\",\"datePublished\":\"2023-10-03T20:08:46+00:00\",\"dateModified\":\"2023-10-05T06:24:32+00:00\",\"mainEntityOfPage\":{\"@id\":\"https:\/\/infoecos.com.ar\/index.php\/113494\/\"},\"wordCount\":310,\"publisher\":{\"@id\":\"https:\/\/infoecos.com.ar\/#organization\"},\"image\":{\"@id\":\"https:\/\/infoecos.com.ar\/index.php\/113494\/#primaryimage\"},\"thumbnailUrl\":\"https:\/\/infoecos.com.ar\/wp-content\/uploads\/2023\/10\/bibiloteca.jpg\",\"keywords\":[\"BIBLIOTECA RIVADAVIA - T.LAUQUEN\"],\"articleSection\":[\"C1 nota 6\"],\"inLanguage\":\"es\"},{\"@type\":\"WebPage\",\"@id\":\"https:\/\/infoecos.com.ar\/index.php\/113494\/\",\"url\":\"https:\/\/infoecos.com.ar\/index.php\/113494\/\",\"name\":\"Se dar\u00e1n a conocer ma\u00f1ana los ganadores del Primer Concurso de Cuentos Breves - Infoecos\",\"isPartOf\":{\"@id\":\"https:\/\/infoecos.com.ar\/#website\"},\"primaryImageOfPage\":{\"@id\":\"https:\/\/infoecos.com.ar\/index.php\/113494\/#primaryimage\"},\"image\":{\"@id\":\"https:\/\/infoecos.com.ar\/index.php\/113494\/#primaryimage\"},\"thumbnailUrl\":\"https:\/\/infoecos.com.ar\/wp-content\/uploads\/2023\/10\/bibiloteca.jpg\",\"datePublished\":\"2023-10-03T20:08:46+00:00\",\"dateModified\":\"2023-10-05T06:24:32+00:00\",\"breadcrumb\":{\"@id\":\"https:\/\/infoecos.com.ar\/index.php\/113494\/#breadcrumb\"},\"inLanguage\":\"es\",\"potentialAction\":[{\"@type\":\"ReadAction\",\"target\":[\"https:\/\/infoecos.com.ar\/index.php\/113494\/\"]}]},{\"@type\":\"ImageObject\",\"inLanguage\":\"es\",\"@id\":\"https:\/\/infoecos.com.ar\/index.php\/113494\/#primaryimage\",\"url\":\"https:\/\/infoecos.com.ar\/wp-content\/uploads\/2023\/10\/bibiloteca.jpg\",\"contentUrl\":\"https:\/\/infoecos.com.ar\/wp-content\/uploads\/2023\/10\/bibiloteca.jpg\",\"width\":280,\"height\":498},{\"@type\":\"BreadcrumbList\",\"@id\":\"https:\/\/infoecos.com.ar\/index.php\/113494\/#breadcrumb\",\"itemListElement\":[{\"@type\":\"ListItem\",\"position\":1,\"name\":\"Portada\",\"item\":\"https:\/\/infoecos.com.ar\/\"},{\"@type\":\"ListItem\",\"position\":2,\"name\":\"Se dar\u00e1n a conocer ma\u00f1ana los ganadores del Primer Concurso de Cuentos Breves\"}]},{\"@type\":\"WebSite\",\"@id\":\"https:\/\/infoecos.com.ar\/#website\",\"url\":\"https:\/\/infoecos.com.ar\/\",\"name\":\"Infoecos\",\"description\":\"Noticias de trenque lauquen y la zona\",\"publisher\":{\"@id\":\"https:\/\/infoecos.com.ar\/#organization\"},\"alternateName\":\"Noticias\",\"potentialAction\":[{\"@type\":\"SearchAction\",\"target\":{\"@type\":\"EntryPoint\",\"urlTemplate\":\"https:\/\/infoecos.com.ar\/?s={search_term_string}\"},\"query-input\":{\"@type\":\"PropertyValueSpecification\",\"valueRequired\":true,\"valueName\":\"search_term_string\"}}],\"inLanguage\":\"es\"},{\"@type\":\"Organization\",\"@id\":\"https:\/\/infoecos.com.ar\/#organization\",\"name\":\"Infoecos\",\"alternateName\":\"Noticias\",\"url\":\"https:\/\/infoecos.com.ar\/\",\"logo\":{\"@type\":\"ImageObject\",\"inLanguage\":\"es\",\"@id\":\"https:\/\/infoecos.com.ar\/#\/schema\/logo\/image\/\",\"url\":\"https:\/\/infoecos.com.ar\/wp-content\/uploads\/2024\/03\/cropped-logo.png\",\"contentUrl\":\"https:\/\/infoecos.com.ar\/wp-content\/uploads\/2024\/03\/cropped-logo.png\",\"width\":374,\"height\":90,\"caption\":\"Infoecos\"},\"image\":{\"@id\":\"https:\/\/infoecos.com.ar\/#\/schema\/logo\/image\/\"},\"sameAs\":[\"https:\/\/www.facebook.com\/profile.php?id=100063200290284\",\"https:\/\/x.com\/infoecos\"]},{\"@type\":\"Person\",\"@id\":\"https:\/\/infoecos.com.ar\/#\/schema\/person\/8f5ace5ce73b4b4aac4b7245aee6f191\",\"name\":\"Jorge Matheus\",\"url\":\"https:\/\/infoecos.com.ar\/index.php\/author\/jomatheus\/\"}]}<\/script>\n<!-- \/ Yoast SEO plugin. -->","yoast_head_json":{"title":"Se dar\u00e1n a conocer ma\u00f1ana los ganadores del Primer Concurso de Cuentos Breves - Infoecos","robots":{"index":"index","follow":"follow","max-snippet":"max-snippet:-1","max-image-preview":"max-image-preview:large","max-video-preview":"max-video-preview:-1"},"canonical":"https:\/\/infoecos.com.ar\/index.php\/113494\/","og_locale":"es_ES","og_type":"article","og_title":"Se dar\u00e1n a conocer ma\u00f1ana los ganadores del Primer Concurso de Cuentos Breves - Infoecos","og_description":"Se trata de la primera edici\u00f3n de un certamen que pretende ganar cada vez m\u00e1s importancia, como una \u201cmarca registrada\u201d de la instituci\u00f3n y la ciudad","og_url":"https:\/\/infoecos.com.ar\/index.php\/113494\/","og_site_name":"Infoecos","article_publisher":"https:\/\/www.facebook.com\/profile.php?id=100063200290284","article_published_time":"2023-10-03T20:08:46+00:00","article_modified_time":"2023-10-05T06:24:32+00:00","og_image":[{"width":280,"height":498,"url":"https:\/\/infoecos.com.ar\/wp-content\/uploads\/2023\/10\/bibiloteca.jpg","type":"image\/jpeg"}],"author":"Jorge Matheus","twitter_card":"summary_large_image","twitter_creator":"@infoecos","twitter_site":"@infoecos","twitter_misc":{"Escrito por":"Jorge Matheus","Tiempo de lectura":"2 minutos"},"schema":{"@context":"https:\/\/schema.org","@graph":[{"@type":"Article","@id":"https:\/\/infoecos.com.ar\/index.php\/113494\/#article","isPartOf":{"@id":"https:\/\/infoecos.com.ar\/index.php\/113494\/"},"author":{"name":"Jorge Matheus","@id":"https:\/\/infoecos.com.ar\/#\/schema\/person\/8f5ace5ce73b4b4aac4b7245aee6f191"},"headline":"Se dar\u00e1n a conocer ma\u00f1ana los ganadores del Primer Concurso de Cuentos Breves","datePublished":"2023-10-03T20:08:46+00:00","dateModified":"2023-10-05T06:24:32+00:00","mainEntityOfPage":{"@id":"https:\/\/infoecos.com.ar\/index.php\/113494\/"},"wordCount":310,"publisher":{"@id":"https:\/\/infoecos.com.ar\/#organization"},"image":{"@id":"https:\/\/infoecos.com.ar\/index.php\/113494\/#primaryimage"},"thumbnailUrl":"https:\/\/infoecos.com.ar\/wp-content\/uploads\/2023\/10\/bibiloteca.jpg","keywords":["BIBLIOTECA RIVADAVIA - T.LAUQUEN"],"articleSection":["C1 nota 6"],"inLanguage":"es"},{"@type":"WebPage","@id":"https:\/\/infoecos.com.ar\/index.php\/113494\/","url":"https:\/\/infoecos.com.ar\/index.php\/113494\/","name":"Se dar\u00e1n a conocer ma\u00f1ana los ganadores del Primer Concurso de Cuentos Breves - Infoecos","isPartOf":{"@id":"https:\/\/infoecos.com.ar\/#website"},"primaryImageOfPage":{"@id":"https:\/\/infoecos.com.ar\/index.php\/113494\/#primaryimage"},"image":{"@id":"https:\/\/infoecos.com.ar\/index.php\/113494\/#primaryimage"},"thumbnailUrl":"https:\/\/infoecos.com.ar\/wp-content\/uploads\/2023\/10\/bibiloteca.jpg","datePublished":"2023-10-03T20:08:46+00:00","dateModified":"2023-10-05T06:24:32+00:00","breadcrumb":{"@id":"https:\/\/infoecos.com.ar\/index.php\/113494\/#breadcrumb"},"inLanguage":"es","potentialAction":[{"@type":"ReadAction","target":["https:\/\/infoecos.com.ar\/index.php\/113494\/"]}]},{"@type":"ImageObject","inLanguage":"es","@id":"https:\/\/infoecos.com.ar\/index.php\/113494\/#primaryimage","url":"https:\/\/infoecos.com.ar\/wp-content\/uploads\/2023\/10\/bibiloteca.jpg","contentUrl":"https:\/\/infoecos.com.ar\/wp-content\/uploads\/2023\/10\/bibiloteca.jpg","width":280,"height":498},{"@type":"BreadcrumbList","@id":"https:\/\/infoecos.com.ar\/index.php\/113494\/#breadcrumb","itemListElement":[{"@type":"ListItem","position":1,"name":"Portada","item":"https:\/\/infoecos.com.ar\/"},{"@type":"ListItem","position":2,"name":"Se dar\u00e1n a conocer ma\u00f1ana los ganadores del Primer Concurso de Cuentos Breves"}]},{"@type":"WebSite","@id":"https:\/\/infoecos.com.ar\/#website","url":"https:\/\/infoecos.com.ar\/","name":"Infoecos","description":"Noticias de trenque lauquen y la zona","publisher":{"@id":"https:\/\/infoecos.com.ar\/#organization"},"alternateName":"Noticias","potentialAction":[{"@type":"SearchAction","target":{"@type":"EntryPoint","urlTemplate":"https:\/\/infoecos.com.ar\/?s={search_term_string}"},"query-input":{"@type":"PropertyValueSpecification","valueRequired":true,"valueName":"search_term_string"}}],"inLanguage":"es"},{"@type":"Organization","@id":"https:\/\/infoecos.com.ar\/#organization","name":"Infoecos","alternateName":"Noticias","url":"https:\/\/infoecos.com.ar\/","logo":{"@type":"ImageObject","inLanguage":"es","@id":"https:\/\/infoecos.com.ar\/#\/schema\/logo\/image\/","url":"https:\/\/infoecos.com.ar\/wp-content\/uploads\/2024\/03\/cropped-logo.png","contentUrl":"https:\/\/infoecos.com.ar\/wp-content\/uploads\/2024\/03\/cropped-logo.png","width":374,"height":90,"caption":"Infoecos"},"image":{"@id":"https:\/\/infoecos.com.ar\/#\/schema\/logo\/image\/"},"sameAs":["https:\/\/www.facebook.com\/profile.php?id=100063200290284","https:\/\/x.com\/infoecos"]},{"@type":"Person","@id":"https:\/\/infoecos.com.ar\/#\/schema\/person\/8f5ace5ce73b4b4aac4b7245aee6f191","name":"Jorge Matheus","url":"https:\/\/infoecos.com.ar\/index.php\/author\/jomatheus\/"}]}},"featured_image_urls":{"full":["https:\/\/infoecos.com.ar\/wp-content\/uploads\/2023\/10\/bibiloteca.jpg",280,498,false],"thumbnail":["https:\/\/infoecos.com.ar\/wp-content\/uploads\/2023\/10\/bibiloteca-280x150.jpg",280,150,true],"medium":["https:\/\/infoecos.com.ar\/wp-content\/uploads\/2023\/10\/bibiloteca.jpg",280,498,false],"medium_large":["https:\/\/infoecos.com.ar\/wp-content\/uploads\/2023\/10\/bibiloteca.jpg",280,498,false],"large":["https:\/\/infoecos.com.ar\/wp-content\/uploads\/2023\/10\/bibiloteca.jpg",280,498,false],"1536x1536":["https:\/\/infoecos.com.ar\/wp-content\/uploads\/2023\/10\/bibiloteca.jpg",280,498,false],"2048x2048":["https:\/\/infoecos.com.ar\/wp-content\/uploads\/2023\/10\/bibiloteca.jpg",280,498,false],"covernews-slider-full":["https:\/\/infoecos.com.ar\/wp-content\/uploads\/2023\/10\/bibiloteca.jpg",280,498,false],"covernews-slider-center":["https:\/\/infoecos.com.ar\/wp-content\/uploads\/2023\/10\/bibiloteca.jpg",280,498,false],"covernews-featured":["https:\/\/infoecos.com.ar\/wp-content\/uploads\/2023\/10\/bibiloteca.jpg",280,498,false],"covernews-medium":["https:\/\/infoecos.com.ar\/wp-content\/uploads\/2023\/10\/bibiloteca-280x380.jpg",251,340,true],"covernews-medium-square":["https:\/\/infoecos.com.ar\/wp-content\/uploads\/2023\/10\/bibiloteca-280x450.jpg",156,250,true]},"author_info":{"info":["Jorge Matheus"]},"category_info":"<a href=\"https:\/\/infoecos.com.ar\/index.php\/category\/c1nota6\/\" rel=\"category tag\">C1 nota 6<\/a>","tag_info":"C1 nota 6","comment_count":"0","_links":{"self":[{"href":"https:\/\/infoecos.com.ar\/index.php\/wp-json\/wp\/v2\/posts\/113494"}],"collection":[{"href":"https:\/\/infoecos.com.ar\/index.php\/wp-json\/wp\/v2\/posts"}],"about":[{"href":"https:\/\/infoecos.com.ar\/index.php\/wp-json\/wp\/v2\/types\/post"}],"author":[{"embeddable":true,"href":"https:\/\/infoecos.com.ar\/index.php\/wp-json\/wp\/v2\/users\/2"}],"replies":[{"embeddable":true,"href":"https:\/\/infoecos.com.ar\/index.php\/wp-json\/wp\/v2\/comments?post=113494"}],"version-history":[{"count":3,"href":"https:\/\/infoecos.com.ar\/index.php\/wp-json\/wp\/v2\/posts\/113494\/revisions"}],"predecessor-version":[{"id":113630,"href":"https:\/\/infoecos.com.ar\/index.php\/wp-json\/wp\/v2\/posts\/113494\/revisions\/113630"}],"wp:featuredmedia":[{"embeddable":true,"href":"https:\/\/infoecos.com.ar\/index.php\/wp-json\/wp\/v2\/media\/113501"}],"wp:attachment":[{"href":"https:\/\/infoecos.com.ar\/index.php\/wp-json\/wp\/v2\/media?parent=113494"}],"wp:term":[{"taxonomy":"category","embeddable":true,"href":"https:\/\/infoecos.com.ar\/index.php\/wp-json\/wp\/v2\/categories?post=113494"},{"taxonomy":"post_tag","embeddable":true,"href":"https:\/\/infoecos.com.ar\/index.php\/wp-json\/wp\/v2\/tags?post=113494"}],"curies":[{"name":"wp","href":"https:\/\/api.w.org\/{rel}","templated":true}]}}