{"id":113586,"date":"2023-10-05T01:17:21","date_gmt":"2023-10-05T04:17:21","guid":{"rendered":"https:\/\/infoecos.com.ar\/?p=113586"},"modified":"2023-10-05T01:17:22","modified_gmt":"2023-10-05T04:17:22","slug":"se-desarrolla-hasta-hoy-la-primera-expo-dinamica-en-la-pampa","status":"publish","type":"post","link":"https:\/\/infoecos.com.ar\/index.php\/se-desarrolla-hasta-hoy-la-primera-expo-dinamica-en-la-pampa\/","title":{"rendered":"Se desarrolla hasta hoy la primera Expo Din\u00e1mica en La Pampa"},"content":{"rendered":"\n<p>Con la organizaci\u00f3n de la Facultad de Agronom\u00eda y el apoyo del Ministerio de la Producci\u00f3n del Gobierno de La Pampa, el Banco de La Pampa y la Asociaci\u00f3n Agr\u00edcola Ganadera de La Pampa, se desarrolla la primera Expo Din\u00e1mica.<\/p>\n\n\n\n<figure class=\"wp-block-image alignright size-full is-resized\"><img loading=\"lazy\" decoding=\"async\" src=\"https:\/\/infoecos.com.ar\/wp-content\/uploads\/2023\/10\/image-31.png\" alt=\"\" class=\"wp-image-113587\" width=\"389\" height=\"345\" srcset=\"https:\/\/infoecos.com.ar\/wp-content\/uploads\/2023\/10\/image-31.png 1000w, https:\/\/infoecos.com.ar\/wp-content\/uploads\/2023\/10\/image-31-800x711.png 800w, https:\/\/infoecos.com.ar\/wp-content\/uploads\/2023\/10\/image-31-768x683.png 768w\" sizes=\"(max-width: 389px) 100vw, 389px\" \/><\/figure>\n\n\n\n<p>La decana de Agronom\u00eda, Mar\u00eda L\u00eda Molas, agradeci\u00f3 a \u00abcada una de las personas que se puso al hombro a este proyecto, este grupo de personas de la Facultad de Agronom\u00eda, docentes y no docentes, y por supuesto el acompa\u00f1amiento del gobierno provincial, como siempre en este tipo de grandes eventos, apostando por la educaci\u00f3n, por la incorporaci\u00f3n de tecnolog\u00eda, y especialmente a la Agr\u00edcola Ganadera de La Pampa\u00bb. Se\u00f1al\u00f3 que \u00ab\u00e9ste es un proyecto que ven\u00edamos charlando hace unos a\u00f1os, y ahora se dieron todas las condiciones, hubo un grupo humano que lo quiso llevar adelante, nos entendimos, y esto es hoy parte de la Exposici\u00f3n Agr\u00edcola Ganadera, que se est\u00e1 desarrollando este fin de semana en el centro\u00bb. <\/p>\n\n\n\n<p>Las demostraciones a campo, de maquinarias, drones y hasta aviones, se realizar\u00e1n hasta hoy jueves.<\/p>\n\n\n\n<p>M\u00e1s de 60 empresas presentan productos destacados y avances tecnol\u00f3gicos, software, tecnolog\u00eda aplicada al agro, implementos agr\u00edcolas, entre otras. En cada stand de 20 x 110 metros se ponen en marcha los motores, calibran las m\u00e1quinas y se puede ver de primera mano los usos y aplicaciones de cada una de ellas. Tambi\u00e9n hay un espacio destinado a la din\u00e1mica de maquinarias con m\u00e1s de 20 metros de labor.<\/p>\n\n\n\n<p>Tiene lugar en el predio de la Facultad de Agronom\u00eda, a la vera de la Ruta Nacional n\u00famero 35 km 334.<\/p>\n\n\n\n<figure class=\"wp-block-gallery has-nested-images columns-default is-cropped wp-block-gallery-1 is-layout-flex wp-block-gallery-is-layout-flex\">\n<figure class=\"wp-block-image size-large\"><img loading=\"lazy\" decoding=\"async\" width=\"1000\" height=\"666\" data-id=\"113593\" src=\"https:\/\/infoecos.com.ar\/wp-content\/uploads\/2023\/10\/image-32-1.png\" alt=\"\" class=\"wp-image-113593\" srcset=\"https:\/\/infoecos.com.ar\/wp-content\/uploads\/2023\/10\/image-32-1.png 1000w, https:\/\/infoecos.com.ar\/wp-content\/uploads\/2023\/10\/image-32-1-800x533.png 800w, https:\/\/infoecos.com.ar\/wp-content\/uploads\/2023\/10\/image-32-1-768x511.png 768w, https:\/\/infoecos.com.ar\/wp-content\/uploads\/2023\/10\/image-32-1-675x450.png 675w\" sizes=\"(max-width: 1000px) 100vw, 1000px\" \/><\/figure>\n\n\n\n<figure class=\"wp-block-image size-large\"><img loading=\"lazy\" decoding=\"async\" width=\"1000\" height=\"574\" data-id=\"113592\" src=\"https:\/\/infoecos.com.ar\/wp-content\/uploads\/2023\/10\/image-33-1.png\" alt=\"\" class=\"wp-image-113592\" srcset=\"https:\/\/infoecos.com.ar\/wp-content\/uploads\/2023\/10\/image-33-1.png 1000w, https:\/\/infoecos.com.ar\/wp-content\/uploads\/2023\/10\/image-33-1-800x459.png 800w, https:\/\/infoecos.com.ar\/wp-content\/uploads\/2023\/10\/image-33-1-768x441.png 768w\" sizes=\"(max-width: 1000px) 100vw, 1000px\" \/><\/figure>\n\n\n\n<figure class=\"wp-block-image size-large\"><img loading=\"lazy\" decoding=\"async\" width=\"1121\" height=\"633\" data-id=\"113591\" src=\"https:\/\/infoecos.com.ar\/wp-content\/uploads\/2023\/10\/image-34-1.png\" alt=\"\" class=\"wp-image-113591\" srcset=\"https:\/\/infoecos.com.ar\/wp-content\/uploads\/2023\/10\/image-34-1.png 1121w, https:\/\/infoecos.com.ar\/wp-content\/uploads\/2023\/10\/image-34-1-800x452.png 800w, https:\/\/infoecos.com.ar\/wp-content\/uploads\/2023\/10\/image-34-1-768x434.png 768w, https:\/\/infoecos.com.ar\/wp-content\/uploads\/2023\/10\/image-34-1-1024x578.png 1024w\" sizes=\"(max-width: 1121px) 100vw, 1121px\" \/><\/figure>\n<\/figure>\n\n\n\n<p><strong>Fotos: eldiariodelapampa.com.ar y laarena.com.ar<\/strong><\/p>\n","protected":false},"excerpt":{"rendered":"<p>Tiene lugar en el predio de la Facultad de Agronom\u00eda, a la vera de la Ruta Nacional n\u00famero 35 km 334<\/p>\n","protected":false},"author":2,"featured_media":113587,"comment_status":"closed","ping_status":"open","sticky":false,"template":"","format":"standard","meta":{"footnotes":""},"categories":[28],"tags":[9344],"class_list":["post-113586","post","type-post","status-publish","format-standard","has-post-thumbnail","hentry","category-c1nota1","tag-demostraciones-a-campo"],"yoast_head":"<!-- This site is optimized with the Yoast SEO plugin v23.4 - https:\/\/yoast.com\/wordpress\/plugins\/seo\/ -->\n<title>Se desarrolla hasta hoy la primera Expo Din\u00e1mica en La Pampa - Infoecos<\/title>\n<meta name=\"robots\" content=\"index, follow, max-snippet:-1, max-image-preview:large, max-video-preview:-1\" \/>\n<link rel=\"canonical\" href=\"https:\/\/infoecos.com.ar\/index.php\/se-desarrolla-hasta-hoy-la-primera-expo-dinamica-en-la-pampa\/\" \/>\n<meta property=\"og:locale\" content=\"es_ES\" \/>\n<meta property=\"og:type\" content=\"article\" \/>\n<meta property=\"og:title\" content=\"Se desarrolla hasta hoy la primera Expo Din\u00e1mica en La Pampa - Infoecos\" \/>\n<meta property=\"og:description\" content=\"Tiene lugar en el predio de la Facultad de Agronom\u00eda, a la vera de la Ruta Nacional n\u00famero 35 km 334\" \/>\n<meta property=\"og:url\" content=\"https:\/\/infoecos.com.ar\/index.php\/se-desarrolla-hasta-hoy-la-primera-expo-dinamica-en-la-pampa\/\" \/>\n<meta property=\"og:site_name\" content=\"Infoecos\" \/>\n<meta property=\"article:publisher\" content=\"https:\/\/www.facebook.com\/profile.php?id=100063200290284\" \/>\n<meta property=\"article:published_time\" content=\"2023-10-05T04:17:21+00:00\" \/>\n<meta property=\"article:modified_time\" content=\"2023-10-05T04:17:22+00:00\" \/>\n<meta property=\"og:image\" content=\"https:\/\/infoecos.com.ar\/wp-content\/uploads\/2023\/10\/image-31.png\" \/>\n\t<meta property=\"og:image:width\" content=\"1000\" \/>\n\t<meta property=\"og:image:height\" content=\"889\" \/>\n\t<meta property=\"og:image:type\" content=\"image\/png\" \/>\n<meta name=\"author\" content=\"Jorge Matheus\" \/>\n<meta name=\"twitter:card\" content=\"summary_large_image\" \/>\n<meta name=\"twitter:creator\" content=\"@infoecos\" \/>\n<meta name=\"twitter:site\" content=\"@infoecos\" \/>\n<meta name=\"twitter:label1\" content=\"Escrito por\" \/>\n\t<meta name=\"twitter:data1\" content=\"Jorge Matheus\" \/>\n\t<meta name=\"twitter:label2\" content=\"Tiempo de lectura\" \/>\n\t<meta name=\"twitter:data2\" content=\"3 minutos\" \/>\n<script type=\"application\/ld+json\" class=\"yoast-schema-graph\">{\"@context\":\"https:\/\/schema.org\",\"@graph\":[{\"@type\":\"Article\",\"@id\":\"https:\/\/infoecos.com.ar\/index.php\/se-desarrolla-hasta-hoy-la-primera-expo-dinamica-en-la-pampa\/#article\",\"isPartOf\":{\"@id\":\"https:\/\/infoecos.com.ar\/index.php\/se-desarrolla-hasta-hoy-la-primera-expo-dinamica-en-la-pampa\/\"},\"author\":{\"name\":\"Jorge Matheus\",\"@id\":\"https:\/\/infoecos.com.ar\/#\/schema\/person\/8f5ace5ce73b4b4aac4b7245aee6f191\"},\"headline\":\"Se desarrolla hasta hoy la primera Expo Din\u00e1mica en La Pampa\",\"datePublished\":\"2023-10-05T04:17:21+00:00\",\"dateModified\":\"2023-10-05T04:17:22+00:00\",\"mainEntityOfPage\":{\"@id\":\"https:\/\/infoecos.com.ar\/index.php\/se-desarrolla-hasta-hoy-la-primera-expo-dinamica-en-la-pampa\/\"},\"wordCount\":310,\"publisher\":{\"@id\":\"https:\/\/infoecos.com.ar\/#organization\"},\"image\":{\"@id\":\"https:\/\/infoecos.com.ar\/index.php\/se-desarrolla-hasta-hoy-la-primera-expo-dinamica-en-la-pampa\/#primaryimage\"},\"thumbnailUrl\":\"https:\/\/infoecos.com.ar\/wp-content\/uploads\/2023\/10\/image-31.png\",\"keywords\":[\"DEMOSTRACIONES A CAMPO\"],\"articleSection\":[\"C1 N1\"],\"inLanguage\":\"es\"},{\"@type\":\"WebPage\",\"@id\":\"https:\/\/infoecos.com.ar\/index.php\/se-desarrolla-hasta-hoy-la-primera-expo-dinamica-en-la-pampa\/\",\"url\":\"https:\/\/infoecos.com.ar\/index.php\/se-desarrolla-hasta-hoy-la-primera-expo-dinamica-en-la-pampa\/\",\"name\":\"Se desarrolla hasta hoy la primera Expo Din\u00e1mica en La Pampa - Infoecos\",\"isPartOf\":{\"@id\":\"https:\/\/infoecos.com.ar\/#website\"},\"primaryImageOfPage\":{\"@id\":\"https:\/\/infoecos.com.ar\/index.php\/se-desarrolla-hasta-hoy-la-primera-expo-dinamica-en-la-pampa\/#primaryimage\"},\"image\":{\"@id\":\"https:\/\/infoecos.com.ar\/index.php\/se-desarrolla-hasta-hoy-la-primera-expo-dinamica-en-la-pampa\/#primaryimage\"},\"thumbnailUrl\":\"https:\/\/infoecos.com.ar\/wp-content\/uploads\/2023\/10\/image-31.png\",\"datePublished\":\"2023-10-05T04:17:21+00:00\",\"dateModified\":\"2023-10-05T04:17:22+00:00\",\"breadcrumb\":{\"@id\":\"https:\/\/infoecos.com.ar\/index.php\/se-desarrolla-hasta-hoy-la-primera-expo-dinamica-en-la-pampa\/#breadcrumb\"},\"inLanguage\":\"es\",\"potentialAction\":[{\"@type\":\"ReadAction\",\"target\":[\"https:\/\/infoecos.com.ar\/index.php\/se-desarrolla-hasta-hoy-la-primera-expo-dinamica-en-la-pampa\/\"]}]},{\"@type\":\"ImageObject\",\"inLanguage\":\"es\",\"@id\":\"https:\/\/infoecos.com.ar\/index.php\/se-desarrolla-hasta-hoy-la-primera-expo-dinamica-en-la-pampa\/#primaryimage\",\"url\":\"https:\/\/infoecos.com.ar\/wp-content\/uploads\/2023\/10\/image-31.png\",\"contentUrl\":\"https:\/\/infoecos.com.ar\/wp-content\/uploads\/2023\/10\/image-31.png\",\"width\":1000,\"height\":889},{\"@type\":\"BreadcrumbList\",\"@id\":\"https:\/\/infoecos.com.ar\/index.php\/se-desarrolla-hasta-hoy-la-primera-expo-dinamica-en-la-pampa\/#breadcrumb\",\"itemListElement\":[{\"@type\":\"ListItem\",\"position\":1,\"name\":\"Portada\",\"item\":\"https:\/\/infoecos.com.ar\/\"},{\"@type\":\"ListItem\",\"position\":2,\"name\":\"Se desarrolla hasta hoy la primera Expo Din\u00e1mica en La Pampa\"}]},{\"@type\":\"WebSite\",\"@id\":\"https:\/\/infoecos.com.ar\/#website\",\"url\":\"https:\/\/infoecos.com.ar\/\",\"name\":\"Infoecos\",\"description\":\"Noticias de trenque lauquen y la zona\",\"publisher\":{\"@id\":\"https:\/\/infoecos.com.ar\/#organization\"},\"alternateName\":\"Noticias\",\"potentialAction\":[{\"@type\":\"SearchAction\",\"target\":{\"@type\":\"EntryPoint\",\"urlTemplate\":\"https:\/\/infoecos.com.ar\/?s={search_term_string}\"},\"query-input\":{\"@type\":\"PropertyValueSpecification\",\"valueRequired\":true,\"valueName\":\"search_term_string\"}}],\"inLanguage\":\"es\"},{\"@type\":\"Organization\",\"@id\":\"https:\/\/infoecos.com.ar\/#organization\",\"name\":\"Infoecos\",\"alternateName\":\"Noticias\",\"url\":\"https:\/\/infoecos.com.ar\/\",\"logo\":{\"@type\":\"ImageObject\",\"inLanguage\":\"es\",\"@id\":\"https:\/\/infoecos.com.ar\/#\/schema\/logo\/image\/\",\"url\":\"https:\/\/infoecos.com.ar\/wp-content\/uploads\/2024\/03\/cropped-logo.png\",\"contentUrl\":\"https:\/\/infoecos.com.ar\/wp-content\/uploads\/2024\/03\/cropped-logo.png\",\"width\":374,\"height\":90,\"caption\":\"Infoecos\"},\"image\":{\"@id\":\"https:\/\/infoecos.com.ar\/#\/schema\/logo\/image\/\"},\"sameAs\":[\"https:\/\/www.facebook.com\/profile.php?id=100063200290284\",\"https:\/\/x.com\/infoecos\"]},{\"@type\":\"Person\",\"@id\":\"https:\/\/infoecos.com.ar\/#\/schema\/person\/8f5ace5ce73b4b4aac4b7245aee6f191\",\"name\":\"Jorge Matheus\",\"url\":\"https:\/\/infoecos.com.ar\/index.php\/author\/jomatheus\/\"}]}<\/script>\n<!-- \/ Yoast SEO plugin. -->","yoast_head_json":{"title":"Se desarrolla hasta hoy la primera Expo Din\u00e1mica en La Pampa - Infoecos","robots":{"index":"index","follow":"follow","max-snippet":"max-snippet:-1","max-image-preview":"max-image-preview:large","max-video-preview":"max-video-preview:-1"},"canonical":"https:\/\/infoecos.com.ar\/index.php\/se-desarrolla-hasta-hoy-la-primera-expo-dinamica-en-la-pampa\/","og_locale":"es_ES","og_type":"article","og_title":"Se desarrolla hasta hoy la primera Expo Din\u00e1mica en La Pampa - Infoecos","og_description":"Tiene lugar en el predio de la Facultad de Agronom\u00eda, a la vera de la Ruta Nacional n\u00famero 35 km 334","og_url":"https:\/\/infoecos.com.ar\/index.php\/se-desarrolla-hasta-hoy-la-primera-expo-dinamica-en-la-pampa\/","og_site_name":"Infoecos","article_publisher":"https:\/\/www.facebook.com\/profile.php?id=100063200290284","article_published_time":"2023-10-05T04:17:21+00:00","article_modified_time":"2023-10-05T04:17:22+00:00","og_image":[{"width":1000,"height":889,"url":"https:\/\/infoecos.com.ar\/wp-content\/uploads\/2023\/10\/image-31.png","type":"image\/png"}],"author":"Jorge Matheus","twitter_card":"summary_large_image","twitter_creator":"@infoecos","twitter_site":"@infoecos","twitter_misc":{"Escrito por":"Jorge Matheus","Tiempo de lectura":"3 minutos"},"schema":{"@context":"https:\/\/schema.org","@graph":[{"@type":"Article","@id":"https:\/\/infoecos.com.ar\/index.php\/se-desarrolla-hasta-hoy-la-primera-expo-dinamica-en-la-pampa\/#article","isPartOf":{"@id":"https:\/\/infoecos.com.ar\/index.php\/se-desarrolla-hasta-hoy-la-primera-expo-dinamica-en-la-pampa\/"},"author":{"name":"Jorge Matheus","@id":"https:\/\/infoecos.com.ar\/#\/schema\/person\/8f5ace5ce73b4b4aac4b7245aee6f191"},"headline":"Se desarrolla hasta hoy la primera Expo Din\u00e1mica en La Pampa","datePublished":"2023-10-05T04:17:21+00:00","dateModified":"2023-10-05T04:17:22+00:00","mainEntityOfPage":{"@id":"https:\/\/infoecos.com.ar\/index.php\/se-desarrolla-hasta-hoy-la-primera-expo-dinamica-en-la-pampa\/"},"wordCount":310,"publisher":{"@id":"https:\/\/infoecos.com.ar\/#organization"},"image":{"@id":"https:\/\/infoecos.com.ar\/index.php\/se-desarrolla-hasta-hoy-la-primera-expo-dinamica-en-la-pampa\/#primaryimage"},"thumbnailUrl":"https:\/\/infoecos.com.ar\/wp-content\/uploads\/2023\/10\/image-31.png","keywords":["DEMOSTRACIONES A CAMPO"],"articleSection":["C1 N1"],"inLanguage":"es"},{"@type":"WebPage","@id":"https:\/\/infoecos.com.ar\/index.php\/se-desarrolla-hasta-hoy-la-primera-expo-dinamica-en-la-pampa\/","url":"https:\/\/infoecos.com.ar\/index.php\/se-desarrolla-hasta-hoy-la-primera-expo-dinamica-en-la-pampa\/","name":"Se desarrolla hasta hoy la primera Expo Din\u00e1mica en La Pampa - Infoecos","isPartOf":{"@id":"https:\/\/infoecos.com.ar\/#website"},"primaryImageOfPage":{"@id":"https:\/\/infoecos.com.ar\/index.php\/se-desarrolla-hasta-hoy-la-primera-expo-dinamica-en-la-pampa\/#primaryimage"},"image":{"@id":"https:\/\/infoecos.com.ar\/index.php\/se-desarrolla-hasta-hoy-la-primera-expo-dinamica-en-la-pampa\/#primaryimage"},"thumbnailUrl":"https:\/\/infoecos.com.ar\/wp-content\/uploads\/2023\/10\/image-31.png","datePublished":"2023-10-05T04:17:21+00:00","dateModified":"2023-10-05T04:17:22+00:00","breadcrumb":{"@id":"https:\/\/infoecos.com.ar\/index.php\/se-desarrolla-hasta-hoy-la-primera-expo-dinamica-en-la-pampa\/#breadcrumb"},"inLanguage":"es","potentialAction":[{"@type":"ReadAction","target":["https:\/\/infoecos.com.ar\/index.php\/se-desarrolla-hasta-hoy-la-primera-expo-dinamica-en-la-pampa\/"]}]},{"@type":"ImageObject","inLanguage":"es","@id":"https:\/\/infoecos.com.ar\/index.php\/se-desarrolla-hasta-hoy-la-primera-expo-dinamica-en-la-pampa\/#primaryimage","url":"https:\/\/infoecos.com.ar\/wp-content\/uploads\/2023\/10\/image-31.png","contentUrl":"https:\/\/infoecos.com.ar\/wp-content\/uploads\/2023\/10\/image-31.png","width":1000,"height":889},{"@type":"BreadcrumbList","@id":"https:\/\/infoecos.com.ar\/index.php\/se-desarrolla-hasta-hoy-la-primera-expo-dinamica-en-la-pampa\/#breadcrumb","itemListElement":[{"@type":"ListItem","position":1,"name":"Portada","item":"https:\/\/infoecos.com.ar\/"},{"@type":"ListItem","position":2,"name":"Se desarrolla hasta hoy la primera Expo Din\u00e1mica en La Pampa"}]},{"@type":"WebSite","@id":"https:\/\/infoecos.com.ar\/#website","url":"https:\/\/infoecos.com.ar\/","name":"Infoecos","description":"Noticias de trenque lauquen y la zona","publisher":{"@id":"https:\/\/infoecos.com.ar\/#organization"},"alternateName":"Noticias","potentialAction":[{"@type":"SearchAction","target":{"@type":"EntryPoint","urlTemplate":"https:\/\/infoecos.com.ar\/?s={search_term_string}"},"query-input":{"@type":"PropertyValueSpecification","valueRequired":true,"valueName":"search_term_string"}}],"inLanguage":"es"},{"@type":"Organization","@id":"https:\/\/infoecos.com.ar\/#organization","name":"Infoecos","alternateName":"Noticias","url":"https:\/\/infoecos.com.ar\/","logo":{"@type":"ImageObject","inLanguage":"es","@id":"https:\/\/infoecos.com.ar\/#\/schema\/logo\/image\/","url":"https:\/\/infoecos.com.ar\/wp-content\/uploads\/2024\/03\/cropped-logo.png","contentUrl":"https:\/\/infoecos.com.ar\/wp-content\/uploads\/2024\/03\/cropped-logo.png","width":374,"height":90,"caption":"Infoecos"},"image":{"@id":"https:\/\/infoecos.com.ar\/#\/schema\/logo\/image\/"},"sameAs":["https:\/\/www.facebook.com\/profile.php?id=100063200290284","https:\/\/x.com\/infoecos"]},{"@type":"Person","@id":"https:\/\/infoecos.com.ar\/#\/schema\/person\/8f5ace5ce73b4b4aac4b7245aee6f191","name":"Jorge Matheus","url":"https:\/\/infoecos.com.ar\/index.php\/author\/jomatheus\/"}]}},"featured_image_urls":{"full":["https:\/\/infoecos.com.ar\/wp-content\/uploads\/2023\/10\/image-31.png",1000,889,false],"thumbnail":["https:\/\/infoecos.com.ar\/wp-content\/uploads\/2023\/10\/image-31-300x150.png",300,150,true],"medium":["https:\/\/infoecos.com.ar\/wp-content\/uploads\/2023\/10\/image-31-800x711.png",800,711,true],"medium_large":["https:\/\/infoecos.com.ar\/wp-content\/uploads\/2023\/10\/image-31-768x683.png",640,569,true],"large":["https:\/\/infoecos.com.ar\/wp-content\/uploads\/2023\/10\/image-31.png",640,569,false],"1536x1536":["https:\/\/infoecos.com.ar\/wp-content\/uploads\/2023\/10\/image-31.png",1000,889,false],"2048x2048":["https:\/\/infoecos.com.ar\/wp-content\/uploads\/2023\/10\/image-31.png",1000,889,false],"covernews-slider-full":["https:\/\/infoecos.com.ar\/wp-content\/uploads\/2023\/10\/image-31.png",804,715,false],"covernews-slider-center":["https:\/\/infoecos.com.ar\/wp-content\/uploads\/2023\/10\/image-31-936x889.png",526,500,true],"covernews-featured":["https:\/\/infoecos.com.ar\/wp-content\/uploads\/2023\/10\/image-31.png",1000,889,false],"covernews-medium":["https:\/\/infoecos.com.ar\/wp-content\/uploads\/2023\/10\/image-31-720x380.png",540,285,true],"covernews-medium-square":["https:\/\/infoecos.com.ar\/wp-content\/uploads\/2023\/10\/image-31-675x450.png",375,250,true]},"author_info":{"info":["Jorge Matheus"]},"category_info":"<a href=\"https:\/\/infoecos.com.ar\/index.php\/category\/c1nota1\/\" rel=\"category tag\">C1 N1<\/a>","tag_info":"C1 N1","comment_count":"0","_links":{"self":[{"href":"https:\/\/infoecos.com.ar\/index.php\/wp-json\/wp\/v2\/posts\/113586"}],"collection":[{"href":"https:\/\/infoecos.com.ar\/index.php\/wp-json\/wp\/v2\/posts"}],"about":[{"href":"https:\/\/infoecos.com.ar\/index.php\/wp-json\/wp\/v2\/types\/post"}],"author":[{"embeddable":true,"href":"https:\/\/infoecos.com.ar\/index.php\/wp-json\/wp\/v2\/users\/2"}],"replies":[{"embeddable":true,"href":"https:\/\/infoecos.com.ar\/index.php\/wp-json\/wp\/v2\/comments?post=113586"}],"version-history":[{"count":1,"href":"https:\/\/infoecos.com.ar\/index.php\/wp-json\/wp\/v2\/posts\/113586\/revisions"}],"predecessor-version":[{"id":113594,"href":"https:\/\/infoecos.com.ar\/index.php\/wp-json\/wp\/v2\/posts\/113586\/revisions\/113594"}],"wp:featuredmedia":[{"embeddable":true,"href":"https:\/\/infoecos.com.ar\/index.php\/wp-json\/wp\/v2\/media\/113587"}],"wp:attachment":[{"href":"https:\/\/infoecos.com.ar\/index.php\/wp-json\/wp\/v2\/media?parent=113586"}],"wp:term":[{"taxonomy":"category","embeddable":true,"href":"https:\/\/infoecos.com.ar\/index.php\/wp-json\/wp\/v2\/categories?post=113586"},{"taxonomy":"post_tag","embeddable":true,"href":"https:\/\/infoecos.com.ar\/index.php\/wp-json\/wp\/v2\/tags?post=113586"}],"curies":[{"name":"wp","href":"https:\/\/api.w.org\/{rel}","templated":true}]}}