{"id":113608,"date":"2023-10-05T02:18:21","date_gmt":"2023-10-05T05:18:21","guid":{"rendered":"https:\/\/infoecos.com.ar\/?p=113608"},"modified":"2023-10-05T02:25:58","modified_gmt":"2023-10-05T05:25:58","slug":"beruti-se-realiza-desde-hoy-el-7-encuentro-de-arte-mural","status":"publish","type":"post","link":"https:\/\/infoecos.com.ar\/index.php\/beruti-se-realiza-desde-hoy-el-7-encuentro-de-arte-mural\/","title":{"rendered":"Beruti: se realiza desde hoy el 7\u00b0 Encuentro de Arte Mural"},"content":{"rendered":"\n<p>\u201cTransmigrando\u201d, una performance de M\u00f3nica Martos y Neyen Agrazar, tendr\u00e1 lugar el pr\u00f3ximo domingo 8 a partir de las 18.45 en la Loma Alta de Beruti, en otra propuesta del Museo Municipal de Artes Visuales (MuMAV) y como parte de las actividades del 7\u00ba Encuentro de Arte Mural que se realiza desde hoy  y hasta el jueves 12 de octubre en esa localidad del partido de Trenque Lauquen.<\/p>\n\n\n\n<figure class=\"wp-block-image aligncenter size-full is-resized\"><img loading=\"lazy\" decoding=\"async\" src=\"https:\/\/infoecos.com.ar\/wp-content\/uploads\/2023\/10\/Transmigrando-1.jpeg\" alt=\"\" class=\"wp-image-113609\" width=\"490\" height=\"413\" srcset=\"https:\/\/infoecos.com.ar\/wp-content\/uploads\/2023\/10\/Transmigrando-1.jpeg 1580w, https:\/\/infoecos.com.ar\/wp-content\/uploads\/2023\/10\/Transmigrando-1-800x675.jpeg 800w, https:\/\/infoecos.com.ar\/wp-content\/uploads\/2023\/10\/Transmigrando-1-768x648.jpeg 768w, https:\/\/infoecos.com.ar\/wp-content\/uploads\/2023\/10\/Transmigrando-1-1536x1296.jpeg 1536w, https:\/\/infoecos.com.ar\/wp-content\/uploads\/2023\/10\/Transmigrando-1-1024x864.jpeg 1024w\" sizes=\"(max-width: 490px) 100vw, 490px\" \/><\/figure>\n\n\n\n<p>Habr\u00e1 transporte gratuito para aquellos\/as que quieran participar de la actividad: el micro saldr\u00e1 a las 18 desde la Terminal de Trenque Lauquen.<\/p>\n\n\n\n<figure class=\"wp-block-image aligncenter size-full is-resized\"><img loading=\"lazy\" decoding=\"async\" src=\"https:\/\/infoecos.com.ar\/wp-content\/uploads\/2023\/10\/Transmigrando-2.jpeg\" alt=\"\" class=\"wp-image-113610\" width=\"501\" height=\"333\" srcset=\"https:\/\/infoecos.com.ar\/wp-content\/uploads\/2023\/10\/Transmigrando-2.jpeg 1600w, https:\/\/infoecos.com.ar\/wp-content\/uploads\/2023\/10\/Transmigrando-2-800x533.jpeg 800w, https:\/\/infoecos.com.ar\/wp-content\/uploads\/2023\/10\/Transmigrando-2-768x512.jpeg 768w, https:\/\/infoecos.com.ar\/wp-content\/uploads\/2023\/10\/Transmigrando-2-1536x1020.jpeg 1536w, https:\/\/infoecos.com.ar\/wp-content\/uploads\/2023\/10\/Transmigrando-2-1024x682.jpeg 1024w, https:\/\/infoecos.com.ar\/wp-content\/uploads\/2023\/10\/Transmigrando-2-675x450.jpeg 675w\" sizes=\"(max-width: 501px) 100vw, 501px\" \/><\/figure>\n\n\n\n<p>Durante el desarrollo de la jornada, las artistas M\u00f3nica Martos y Neyen Agrazar desafiar\u00e1n a quienes participen de la misma a pensar, evocar y sentir, explorando el sentido de la transmigraci\u00f3n, de los elementos de la naturaleza, de nuestra relaci\u00f3n con ella. Se trata de una experiencia para afinar los sentidos y la percepci\u00f3n, y disfrutar al m\u00e1ximo de las posibilidades infinitas del arte.<\/p>\n\n\n\n<p>El 7\u00ba Encuentro de Arte Mural, de trascendencia nacional y marca registrada de la cultura local, forma parte de las actividades que se promueven en la ciudad en el marco del programa <em>\u201cTrenque Lauquen, capital de los Murales\u201d<\/em> y abarca una interesante variedad de actividades que se sumar\u00e1n al trabajo que habitualmente realizan los muralistas, que en esta oportunidad intervendr\u00e1n las paredes de distintas instituciones y \u00e1mbitos de la localidad.<\/p>\n\n\n\n<p>Durante la semana en que se desarrolle habr\u00e1 charlas, exposiciones, conferencias y pe\u00f1as folcl\u00f3ricas, y el jueves 12 habr\u00e1 una recorrida por las obras realizadas, acto por el d\u00eda de la Diversidad Cultural, entrega de diplomas y un cierre musical en el predio de la Estaci\u00f3n. Todas las actividades son abiertas y gratuitas para la comunidad.<\/p>\n\n\n\n<p>El muralista Germ\u00e1n Villamor, en representaci\u00f3n de la direcci\u00f3n de Cultura y Educaci\u00f3n, y Carolina Santamar\u00eda, coordinadora del \u00e1rea de Cultura de Beruti, est\u00e1n encargados de la organizaci\u00f3n del Encuentro, en el que se trabajar\u00e1 con la t\u00e9cnica de pintura sobre distintos muros de la localidad como escuelas, Jard\u00edn de infantes, el Geri\u00e1trico municipal, un muro del Club Giat, la Cooperativa de Electricidad, el interior de la Delegaci\u00f3n y la sala Santa Clotilde.<\/p>\n\n\n\n<p>El encuentro tiene el apoyo de Banco Provincia, Mix Pinturer\u00edas y Cauca, chocolates &amp; dulce de leche.<\/p>\n\n\n\n<p>El programa de actividades:<\/p>\n\n\n\n<p>&#8211; JUEVES 5<\/p>\n\n\n\n<p>. Charla con referentes de la Cultura Berutense para dise\u00f1ar los murales. En Cine \u201cLa Luisa\u201d. Conferencia de Federico T\u00e1rtara, Adriana D\u00edaz y personal referente de cada lugar donde pintar\u00e1n los muralistas. Desde las 9 horas.<\/p>\n\n\n\n<p>. Comienzo del dise\u00f1o del boceto en el predio de la Estaci\u00f3n. Por la tarde.<\/p>\n\n\n\n<p>. Apertura de la muestra de Artes Visuales \u201cMuralistas fuera del muro\u201d, obras de los participantes del encuentro. A cargo del MUMAV. Desde las 20 horas en el SUM de la Casa de Retiro de la Iglesia Santa Clotilde.<\/p>\n\n\n\n<p>&#8211; VIERNES 6<\/p>\n\n\n\n<p>. Terminaci\u00f3n de dise\u00f1os de murales, presentaci\u00f3n de muralistas y explicaci\u00f3n de sus bocetos mediante registro audiovisual.<\/p>\n\n\n\n<p>. Comienzo de jornada de pintura en los muros.<\/p>\n\n\n\n<p>&#8211; S\u00c1BADO 7<\/p>\n\n\n\n<p>. Continuaci\u00f3n del trabajo en los muros.<\/p>\n\n\n\n<p>. Pe\u00f1a Folkl\u00f3rica. Abierto a la comunidad. Desde las 21 horas en el predio Zoppiconi.<\/p>\n\n\n\n<p>&#8211; DOMINGO 8<\/p>\n\n\n\n<p>. Continuaci\u00f3n del trabajo en los muros.<\/p>\n\n\n\n<p>. Performance art\u00edstica \u201cTransmigrando\u201d del Proyecto Laguna, en Laguna Loma Alta. Desde las 18.45 hs.<\/p>\n\n\n\n<p>&#8211; LUNES 9<\/p>\n\n\n\n<p>. Continuaci\u00f3n del trabajo en los muros.<\/p>\n\n\n\n<p>. Proyecci\u00f3n del documental \u201cOjos que no ven\u201d del grupo Muralista Espartaco. En Cine \u201cLa Luisa\u201d. Desde las 20 horas.<\/p>\n\n\n\n<p>&#8211; MARTES 10<\/p>\n\n\n\n<p>. Continuaci\u00f3n del trabajo en los muros.<\/p>\n\n\n\n<p>. Charla sobre \u201cPercepci\u00f3n y Educaci\u00f3n en el Arte\u201d a cargo de Salom\u00e9 Hernaiz, Licenciada en Artes Pl\u00e1sticas. Orientada a docentes de todos los niveles y p\u00fablico en general. Biblioteca \u201cElvira Olaz\u00e1bal\u201d. Desde las 16 horas.<\/p>\n\n\n\n<p>&#8211; MI\u00c9RCOLES 11<\/p>\n\n\n\n<p>. Continuaci\u00f3n del trabajo en los muros<\/p>\n\n\n\n<p>&#8211; JUEVES 12<\/p>\n\n\n\n<p>. Feria de Artesanos, emprendedores, carros de comida y actividades para ni\u00f1os\/as, a cargo de las docentes de la Escuela Municipal. En el predio de la Estaci\u00f3n. Desde las 15 horas.<\/p>\n\n\n\n<p>. Finalizaci\u00f3n del trabajo en los muros. Desde las 16 horas.<\/p>\n\n\n\n<p>. Acto por el \u201cD\u00eda del Respeto a la Diversidad Cultural\u201d en la Delegaci\u00f3n Municipal. Recorrida por los murales, palabras de los muralistas, entrega de certificados y suvenires. Desde las 17 horas.<\/p>\n\n\n\n<p>. Cierre de muestra de Artes Visuales \u201cMuralistas fuera del muro\u201d. Desde las 20 horas.<\/p>\n\n\n\n<p>. Cierre Musical en predio de la Estaci\u00f3n. Desde las 22 horas.<\/p>\n","protected":false},"excerpt":{"rendered":"<p>El domingo 8 a partir de las 18.45 en la Loma Alta de Beruti,  \u201cTransmigrando\u201d. propuesta del Museo Municipal de Artes Visuales (MuMAV)<\/p>\n","protected":false},"author":2,"featured_media":113609,"comment_status":"closed","ping_status":"open","sticky":false,"template":"","format":"standard","meta":{"footnotes":""},"categories":[1613],"tags":[9350],"class_list":["post-113608","post","type-post","status-publish","format-standard","has-post-thumbnail","hentry","category-noticia-secundaria","tag-nacional-e-internacional"],"yoast_head":"<!-- This site is optimized with the Yoast SEO plugin v23.4 - https:\/\/yoast.com\/wordpress\/plugins\/seo\/ -->\n<title>Beruti: se realiza desde hoy el 7\u00b0 Encuentro de Arte Mural - Infoecos<\/title>\n<meta name=\"robots\" content=\"index, follow, max-snippet:-1, max-image-preview:large, max-video-preview:-1\" \/>\n<link rel=\"canonical\" href=\"https:\/\/infoecos.com.ar\/index.php\/beruti-se-realiza-desde-hoy-el-7-encuentro-de-arte-mural\/\" \/>\n<meta property=\"og:locale\" content=\"es_ES\" \/>\n<meta property=\"og:type\" content=\"article\" \/>\n<meta property=\"og:title\" content=\"Beruti: se realiza desde hoy el 7\u00b0 Encuentro de Arte Mural - Infoecos\" \/>\n<meta property=\"og:description\" content=\"El domingo 8 a partir de las 18.45 en la Loma Alta de Beruti, \u201cTransmigrando\u201d. propuesta del Museo Municipal de Artes Visuales (MuMAV)\" \/>\n<meta property=\"og:url\" content=\"https:\/\/infoecos.com.ar\/index.php\/beruti-se-realiza-desde-hoy-el-7-encuentro-de-arte-mural\/\" \/>\n<meta property=\"og:site_name\" content=\"Infoecos\" \/>\n<meta property=\"article:publisher\" content=\"https:\/\/www.facebook.com\/profile.php?id=100063200290284\" \/>\n<meta property=\"article:published_time\" content=\"2023-10-05T05:18:21+00:00\" \/>\n<meta property=\"article:modified_time\" content=\"2023-10-05T05:25:58+00:00\" \/>\n<meta property=\"og:image\" content=\"https:\/\/infoecos.com.ar\/wp-content\/uploads\/2023\/10\/Transmigrando-1.jpeg\" \/>\n\t<meta property=\"og:image:width\" content=\"1580\" \/>\n\t<meta property=\"og:image:height\" content=\"1333\" \/>\n\t<meta property=\"og:image:type\" content=\"image\/jpeg\" \/>\n<meta name=\"author\" content=\"Jorge Matheus\" \/>\n<meta name=\"twitter:card\" content=\"summary_large_image\" \/>\n<meta name=\"twitter:creator\" content=\"@infoecos\" \/>\n<meta name=\"twitter:site\" content=\"@infoecos\" \/>\n<meta name=\"twitter:label1\" content=\"Escrito por\" \/>\n\t<meta name=\"twitter:data1\" content=\"Jorge Matheus\" \/>\n\t<meta name=\"twitter:label2\" content=\"Tiempo de lectura\" \/>\n\t<meta name=\"twitter:data2\" content=\"4 minutos\" \/>\n<script type=\"application\/ld+json\" class=\"yoast-schema-graph\">{\"@context\":\"https:\/\/schema.org\",\"@graph\":[{\"@type\":\"Article\",\"@id\":\"https:\/\/infoecos.com.ar\/index.php\/beruti-se-realiza-desde-hoy-el-7-encuentro-de-arte-mural\/#article\",\"isPartOf\":{\"@id\":\"https:\/\/infoecos.com.ar\/index.php\/beruti-se-realiza-desde-hoy-el-7-encuentro-de-arte-mural\/\"},\"author\":{\"name\":\"Jorge Matheus\",\"@id\":\"https:\/\/infoecos.com.ar\/#\/schema\/person\/8f5ace5ce73b4b4aac4b7245aee6f191\"},\"headline\":\"Beruti: se realiza desde hoy el 7\u00b0 Encuentro de Arte Mural\",\"datePublished\":\"2023-10-05T05:18:21+00:00\",\"dateModified\":\"2023-10-05T05:25:58+00:00\",\"mainEntityOfPage\":{\"@id\":\"https:\/\/infoecos.com.ar\/index.php\/beruti-se-realiza-desde-hoy-el-7-encuentro-de-arte-mural\/\"},\"wordCount\":762,\"publisher\":{\"@id\":\"https:\/\/infoecos.com.ar\/#organization\"},\"image\":{\"@id\":\"https:\/\/infoecos.com.ar\/index.php\/beruti-se-realiza-desde-hoy-el-7-encuentro-de-arte-mural\/#primaryimage\"},\"thumbnailUrl\":\"https:\/\/infoecos.com.ar\/wp-content\/uploads\/2023\/10\/Transmigrando-1.jpeg\",\"keywords\":[\"nacional e internacional\"],\"articleSection\":[\"Noticia Secundaria\"],\"inLanguage\":\"es\"},{\"@type\":\"WebPage\",\"@id\":\"https:\/\/infoecos.com.ar\/index.php\/beruti-se-realiza-desde-hoy-el-7-encuentro-de-arte-mural\/\",\"url\":\"https:\/\/infoecos.com.ar\/index.php\/beruti-se-realiza-desde-hoy-el-7-encuentro-de-arte-mural\/\",\"name\":\"Beruti: se realiza desde hoy el 7\u00b0 Encuentro de Arte Mural - Infoecos\",\"isPartOf\":{\"@id\":\"https:\/\/infoecos.com.ar\/#website\"},\"primaryImageOfPage\":{\"@id\":\"https:\/\/infoecos.com.ar\/index.php\/beruti-se-realiza-desde-hoy-el-7-encuentro-de-arte-mural\/#primaryimage\"},\"image\":{\"@id\":\"https:\/\/infoecos.com.ar\/index.php\/beruti-se-realiza-desde-hoy-el-7-encuentro-de-arte-mural\/#primaryimage\"},\"thumbnailUrl\":\"https:\/\/infoecos.com.ar\/wp-content\/uploads\/2023\/10\/Transmigrando-1.jpeg\",\"datePublished\":\"2023-10-05T05:18:21+00:00\",\"dateModified\":\"2023-10-05T05:25:58+00:00\",\"breadcrumb\":{\"@id\":\"https:\/\/infoecos.com.ar\/index.php\/beruti-se-realiza-desde-hoy-el-7-encuentro-de-arte-mural\/#breadcrumb\"},\"inLanguage\":\"es\",\"potentialAction\":[{\"@type\":\"ReadAction\",\"target\":[\"https:\/\/infoecos.com.ar\/index.php\/beruti-se-realiza-desde-hoy-el-7-encuentro-de-arte-mural\/\"]}]},{\"@type\":\"ImageObject\",\"inLanguage\":\"es\",\"@id\":\"https:\/\/infoecos.com.ar\/index.php\/beruti-se-realiza-desde-hoy-el-7-encuentro-de-arte-mural\/#primaryimage\",\"url\":\"https:\/\/infoecos.com.ar\/wp-content\/uploads\/2023\/10\/Transmigrando-1.jpeg\",\"contentUrl\":\"https:\/\/infoecos.com.ar\/wp-content\/uploads\/2023\/10\/Transmigrando-1.jpeg\",\"width\":1580,\"height\":1333},{\"@type\":\"BreadcrumbList\",\"@id\":\"https:\/\/infoecos.com.ar\/index.php\/beruti-se-realiza-desde-hoy-el-7-encuentro-de-arte-mural\/#breadcrumb\",\"itemListElement\":[{\"@type\":\"ListItem\",\"position\":1,\"name\":\"Portada\",\"item\":\"https:\/\/infoecos.com.ar\/\"},{\"@type\":\"ListItem\",\"position\":2,\"name\":\"Beruti: se realiza desde hoy el 7\u00b0 Encuentro de Arte Mural\"}]},{\"@type\":\"WebSite\",\"@id\":\"https:\/\/infoecos.com.ar\/#website\",\"url\":\"https:\/\/infoecos.com.ar\/\",\"name\":\"Infoecos\",\"description\":\"Noticias de trenque lauquen y la zona\",\"publisher\":{\"@id\":\"https:\/\/infoecos.com.ar\/#organization\"},\"alternateName\":\"Noticias\",\"potentialAction\":[{\"@type\":\"SearchAction\",\"target\":{\"@type\":\"EntryPoint\",\"urlTemplate\":\"https:\/\/infoecos.com.ar\/?s={search_term_string}\"},\"query-input\":{\"@type\":\"PropertyValueSpecification\",\"valueRequired\":true,\"valueName\":\"search_term_string\"}}],\"inLanguage\":\"es\"},{\"@type\":\"Organization\",\"@id\":\"https:\/\/infoecos.com.ar\/#organization\",\"name\":\"Infoecos\",\"alternateName\":\"Noticias\",\"url\":\"https:\/\/infoecos.com.ar\/\",\"logo\":{\"@type\":\"ImageObject\",\"inLanguage\":\"es\",\"@id\":\"https:\/\/infoecos.com.ar\/#\/schema\/logo\/image\/\",\"url\":\"https:\/\/infoecos.com.ar\/wp-content\/uploads\/2024\/03\/cropped-logo.png\",\"contentUrl\":\"https:\/\/infoecos.com.ar\/wp-content\/uploads\/2024\/03\/cropped-logo.png\",\"width\":374,\"height\":90,\"caption\":\"Infoecos\"},\"image\":{\"@id\":\"https:\/\/infoecos.com.ar\/#\/schema\/logo\/image\/\"},\"sameAs\":[\"https:\/\/www.facebook.com\/profile.php?id=100063200290284\",\"https:\/\/x.com\/infoecos\"]},{\"@type\":\"Person\",\"@id\":\"https:\/\/infoecos.com.ar\/#\/schema\/person\/8f5ace5ce73b4b4aac4b7245aee6f191\",\"name\":\"Jorge Matheus\",\"url\":\"https:\/\/infoecos.com.ar\/index.php\/author\/jomatheus\/\"}]}<\/script>\n<!-- \/ Yoast SEO plugin. -->","yoast_head_json":{"title":"Beruti: se realiza desde hoy el 7\u00b0 Encuentro de Arte Mural - Infoecos","robots":{"index":"index","follow":"follow","max-snippet":"max-snippet:-1","max-image-preview":"max-image-preview:large","max-video-preview":"max-video-preview:-1"},"canonical":"https:\/\/infoecos.com.ar\/index.php\/beruti-se-realiza-desde-hoy-el-7-encuentro-de-arte-mural\/","og_locale":"es_ES","og_type":"article","og_title":"Beruti: se realiza desde hoy el 7\u00b0 Encuentro de Arte Mural - Infoecos","og_description":"El domingo 8 a partir de las 18.45 en la Loma Alta de Beruti, \u201cTransmigrando\u201d. propuesta del Museo Municipal de Artes Visuales (MuMAV)","og_url":"https:\/\/infoecos.com.ar\/index.php\/beruti-se-realiza-desde-hoy-el-7-encuentro-de-arte-mural\/","og_site_name":"Infoecos","article_publisher":"https:\/\/www.facebook.com\/profile.php?id=100063200290284","article_published_time":"2023-10-05T05:18:21+00:00","article_modified_time":"2023-10-05T05:25:58+00:00","og_image":[{"width":1580,"height":1333,"url":"https:\/\/infoecos.com.ar\/wp-content\/uploads\/2023\/10\/Transmigrando-1.jpeg","type":"image\/jpeg"}],"author":"Jorge Matheus","twitter_card":"summary_large_image","twitter_creator":"@infoecos","twitter_site":"@infoecos","twitter_misc":{"Escrito por":"Jorge Matheus","Tiempo de lectura":"4 minutos"},"schema":{"@context":"https:\/\/schema.org","@graph":[{"@type":"Article","@id":"https:\/\/infoecos.com.ar\/index.php\/beruti-se-realiza-desde-hoy-el-7-encuentro-de-arte-mural\/#article","isPartOf":{"@id":"https:\/\/infoecos.com.ar\/index.php\/beruti-se-realiza-desde-hoy-el-7-encuentro-de-arte-mural\/"},"author":{"name":"Jorge Matheus","@id":"https:\/\/infoecos.com.ar\/#\/schema\/person\/8f5ace5ce73b4b4aac4b7245aee6f191"},"headline":"Beruti: se realiza desde hoy el 7\u00b0 Encuentro de Arte Mural","datePublished":"2023-10-05T05:18:21+00:00","dateModified":"2023-10-05T05:25:58+00:00","mainEntityOfPage":{"@id":"https:\/\/infoecos.com.ar\/index.php\/beruti-se-realiza-desde-hoy-el-7-encuentro-de-arte-mural\/"},"wordCount":762,"publisher":{"@id":"https:\/\/infoecos.com.ar\/#organization"},"image":{"@id":"https:\/\/infoecos.com.ar\/index.php\/beruti-se-realiza-desde-hoy-el-7-encuentro-de-arte-mural\/#primaryimage"},"thumbnailUrl":"https:\/\/infoecos.com.ar\/wp-content\/uploads\/2023\/10\/Transmigrando-1.jpeg","keywords":["nacional e internacional"],"articleSection":["Noticia Secundaria"],"inLanguage":"es"},{"@type":"WebPage","@id":"https:\/\/infoecos.com.ar\/index.php\/beruti-se-realiza-desde-hoy-el-7-encuentro-de-arte-mural\/","url":"https:\/\/infoecos.com.ar\/index.php\/beruti-se-realiza-desde-hoy-el-7-encuentro-de-arte-mural\/","name":"Beruti: se realiza desde hoy el 7\u00b0 Encuentro de Arte Mural - Infoecos","isPartOf":{"@id":"https:\/\/infoecos.com.ar\/#website"},"primaryImageOfPage":{"@id":"https:\/\/infoecos.com.ar\/index.php\/beruti-se-realiza-desde-hoy-el-7-encuentro-de-arte-mural\/#primaryimage"},"image":{"@id":"https:\/\/infoecos.com.ar\/index.php\/beruti-se-realiza-desde-hoy-el-7-encuentro-de-arte-mural\/#primaryimage"},"thumbnailUrl":"https:\/\/infoecos.com.ar\/wp-content\/uploads\/2023\/10\/Transmigrando-1.jpeg","datePublished":"2023-10-05T05:18:21+00:00","dateModified":"2023-10-05T05:25:58+00:00","breadcrumb":{"@id":"https:\/\/infoecos.com.ar\/index.php\/beruti-se-realiza-desde-hoy-el-7-encuentro-de-arte-mural\/#breadcrumb"},"inLanguage":"es","potentialAction":[{"@type":"ReadAction","target":["https:\/\/infoecos.com.ar\/index.php\/beruti-se-realiza-desde-hoy-el-7-encuentro-de-arte-mural\/"]}]},{"@type":"ImageObject","inLanguage":"es","@id":"https:\/\/infoecos.com.ar\/index.php\/beruti-se-realiza-desde-hoy-el-7-encuentro-de-arte-mural\/#primaryimage","url":"https:\/\/infoecos.com.ar\/wp-content\/uploads\/2023\/10\/Transmigrando-1.jpeg","contentUrl":"https:\/\/infoecos.com.ar\/wp-content\/uploads\/2023\/10\/Transmigrando-1.jpeg","width":1580,"height":1333},{"@type":"BreadcrumbList","@id":"https:\/\/infoecos.com.ar\/index.php\/beruti-se-realiza-desde-hoy-el-7-encuentro-de-arte-mural\/#breadcrumb","itemListElement":[{"@type":"ListItem","position":1,"name":"Portada","item":"https:\/\/infoecos.com.ar\/"},{"@type":"ListItem","position":2,"name":"Beruti: se realiza desde hoy el 7\u00b0 Encuentro de Arte Mural"}]},{"@type":"WebSite","@id":"https:\/\/infoecos.com.ar\/#website","url":"https:\/\/infoecos.com.ar\/","name":"Infoecos","description":"Noticias de trenque lauquen y la zona","publisher":{"@id":"https:\/\/infoecos.com.ar\/#organization"},"alternateName":"Noticias","potentialAction":[{"@type":"SearchAction","target":{"@type":"EntryPoint","urlTemplate":"https:\/\/infoecos.com.ar\/?s={search_term_string}"},"query-input":{"@type":"PropertyValueSpecification","valueRequired":true,"valueName":"search_term_string"}}],"inLanguage":"es"},{"@type":"Organization","@id":"https:\/\/infoecos.com.ar\/#organization","name":"Infoecos","alternateName":"Noticias","url":"https:\/\/infoecos.com.ar\/","logo":{"@type":"ImageObject","inLanguage":"es","@id":"https:\/\/infoecos.com.ar\/#\/schema\/logo\/image\/","url":"https:\/\/infoecos.com.ar\/wp-content\/uploads\/2024\/03\/cropped-logo.png","contentUrl":"https:\/\/infoecos.com.ar\/wp-content\/uploads\/2024\/03\/cropped-logo.png","width":374,"height":90,"caption":"Infoecos"},"image":{"@id":"https:\/\/infoecos.com.ar\/#\/schema\/logo\/image\/"},"sameAs":["https:\/\/www.facebook.com\/profile.php?id=100063200290284","https:\/\/x.com\/infoecos"]},{"@type":"Person","@id":"https:\/\/infoecos.com.ar\/#\/schema\/person\/8f5ace5ce73b4b4aac4b7245aee6f191","name":"Jorge Matheus","url":"https:\/\/infoecos.com.ar\/index.php\/author\/jomatheus\/"}]}},"featured_image_urls":{"full":["https:\/\/infoecos.com.ar\/wp-content\/uploads\/2023\/10\/Transmigrando-1.jpeg",1580,1333,false],"thumbnail":["https:\/\/infoecos.com.ar\/wp-content\/uploads\/2023\/10\/Transmigrando-1-300x150.jpeg",300,150,true],"medium":["https:\/\/infoecos.com.ar\/wp-content\/uploads\/2023\/10\/Transmigrando-1-800x675.jpeg",800,675,true],"medium_large":["https:\/\/infoecos.com.ar\/wp-content\/uploads\/2023\/10\/Transmigrando-1-768x648.jpeg",640,540,true],"large":["https:\/\/infoecos.com.ar\/wp-content\/uploads\/2023\/10\/Transmigrando-1.jpeg",640,540,false],"1536x1536":["https:\/\/infoecos.com.ar\/wp-content\/uploads\/2023\/10\/Transmigrando-1-1536x1296.jpeg",1536,1296,true],"2048x2048":["https:\/\/infoecos.com.ar\/wp-content\/uploads\/2023\/10\/Transmigrando-1.jpeg",1580,1333,false],"covernews-slider-full":["https:\/\/infoecos.com.ar\/wp-content\/uploads\/2023\/10\/Transmigrando-1-1536x1020.jpeg",1077,715,true],"covernews-slider-center":["https:\/\/infoecos.com.ar\/wp-content\/uploads\/2023\/10\/Transmigrando-1-936x897.jpeg",522,500,true],"covernews-featured":["https:\/\/infoecos.com.ar\/wp-content\/uploads\/2023\/10\/Transmigrando-1-1024x864.jpeg",1024,864,true],"covernews-medium":["https:\/\/infoecos.com.ar\/wp-content\/uploads\/2023\/10\/Transmigrando-1-720x380.jpeg",540,285,true],"covernews-medium-square":["https:\/\/infoecos.com.ar\/wp-content\/uploads\/2023\/10\/Transmigrando-1-675x450.jpeg",375,250,true]},"author_info":{"info":["Jorge Matheus"]},"category_info":"<a href=\"https:\/\/infoecos.com.ar\/index.php\/category\/noticia-secundaria\/\" rel=\"category tag\">Noticia Secundaria<\/a>","tag_info":"Noticia Secundaria","comment_count":"0","_links":{"self":[{"href":"https:\/\/infoecos.com.ar\/index.php\/wp-json\/wp\/v2\/posts\/113608"}],"collection":[{"href":"https:\/\/infoecos.com.ar\/index.php\/wp-json\/wp\/v2\/posts"}],"about":[{"href":"https:\/\/infoecos.com.ar\/index.php\/wp-json\/wp\/v2\/types\/post"}],"author":[{"embeddable":true,"href":"https:\/\/infoecos.com.ar\/index.php\/wp-json\/wp\/v2\/users\/2"}],"replies":[{"embeddable":true,"href":"https:\/\/infoecos.com.ar\/index.php\/wp-json\/wp\/v2\/comments?post=113608"}],"version-history":[{"count":2,"href":"https:\/\/infoecos.com.ar\/index.php\/wp-json\/wp\/v2\/posts\/113608\/revisions"}],"predecessor-version":[{"id":113613,"href":"https:\/\/infoecos.com.ar\/index.php\/wp-json\/wp\/v2\/posts\/113608\/revisions\/113613"}],"wp:featuredmedia":[{"embeddable":true,"href":"https:\/\/infoecos.com.ar\/index.php\/wp-json\/wp\/v2\/media\/113609"}],"wp:attachment":[{"href":"https:\/\/infoecos.com.ar\/index.php\/wp-json\/wp\/v2\/media?parent=113608"}],"wp:term":[{"taxonomy":"category","embeddable":true,"href":"https:\/\/infoecos.com.ar\/index.php\/wp-json\/wp\/v2\/categories?post=113608"},{"taxonomy":"post_tag","embeddable":true,"href":"https:\/\/infoecos.com.ar\/index.php\/wp-json\/wp\/v2\/tags?post=113608"}],"curies":[{"name":"wp","href":"https:\/\/api.w.org\/{rel}","templated":true}]}}