{"id":113637,"date":"2023-10-06T00:22:13","date_gmt":"2023-10-06T03:22:13","guid":{"rendered":"https:\/\/infoecos.com.ar\/?p=113637"},"modified":"2023-10-06T00:22:14","modified_gmt":"2023-10-06T03:22:14","slug":"el-viento-llegando-a-soplar-mas-de-50-km-h-se-adueno-de-la-tarde-trenquelauquense","status":"publish","type":"post","link":"https:\/\/infoecos.com.ar\/index.php\/el-viento-llegando-a-soplar-mas-de-50-km-h-se-adueno-de-la-tarde-trenquelauquense\/","title":{"rendered":"El viento llegando a soplar m\u00e1s de 50 km\/h se adue\u00f1\u00f3 de la tarde trenquelauquense"},"content":{"rendered":"\n<p><strong>Servicio Meteorol\u00f3gico Nacional<\/strong><\/p>\n\n\n\n<p>Acentuadas variables clim\u00e1ticas<\/p>\n\n\n\n<p>La lluvia como podr\u00e1 apreciarse en el informe de las 00.00 del organismo nacional, se ha disipado hasta el martes pr\u00f3ximo, mientras que para este viernes se estiman otra vez r\u00e1fagas de viento que pueden alcanzar hasta los 50 km\/h.<\/p>\n\n\n\n<figure class=\"wp-block-image aligncenter size-full\"><img loading=\"lazy\" decoding=\"async\" width=\"769\" height=\"247\" src=\"https:\/\/infoecos.com.ar\/wp-content\/uploads\/2023\/10\/smnacional.jpg\" alt=\"\" class=\"wp-image-113638\"\/><\/figure>\n\n\n\n<p>El viento llegando a soplar m\u00e1s de 50 km\/h se adue\u00f1\u00f3 de la tarde trenquelauquense, despu\u00e9s que la temperatura llegara a alcanzar los 26.9\u00b0 a las 13.15.<\/p>\n\n\n\n<p>La temperatura m\u00ednima fue de 8.2\u00b0 y se registr\u00f3 a las 6.45.<\/p>\n\n\n\n<p><strong>Sensores Clim\u00e1ticos Municipalidad de Trenque Lauquen.<\/strong><\/p>\n\n\n\n<figure class=\"wp-block-image aligncenter size-full\"><img loading=\"lazy\" decoding=\"async\" width=\"585\" height=\"268\" src=\"https:\/\/infoecos.com.ar\/wp-content\/uploads\/2023\/10\/meteorologiajueves.jpg\" alt=\"\" class=\"wp-image-113639\"\/><\/figure>\n","protected":false},"excerpt":{"rendered":"<p>La lluvia se ha disipado hasta el martes pr\u00f3ximo<\/p>\n","protected":false},"author":2,"featured_media":107818,"comment_status":"closed","ping_status":"open","sticky":false,"template":"","format":"standard","meta":{"footnotes":""},"categories":[1613],"tags":[9313],"class_list":["post-113637","post","type-post","status-publish","format-standard","has-post-thumbnail","hentry","category-noticia-secundaria","tag-pronostico-y-meteorologia"],"yoast_head":"<!-- This site is optimized with the Yoast SEO plugin v23.4 - https:\/\/yoast.com\/wordpress\/plugins\/seo\/ -->\n<title>El viento llegando a soplar m\u00e1s de 50 km\/h se adue\u00f1\u00f3 de la tarde trenquelauquense - Infoecos<\/title>\n<meta name=\"robots\" content=\"index, follow, max-snippet:-1, max-image-preview:large, max-video-preview:-1\" \/>\n<link rel=\"canonical\" href=\"https:\/\/infoecos.com.ar\/index.php\/el-viento-llegando-a-soplar-mas-de-50-km-h-se-adueno-de-la-tarde-trenquelauquense\/\" \/>\n<meta property=\"og:locale\" content=\"es_ES\" \/>\n<meta property=\"og:type\" content=\"article\" \/>\n<meta property=\"og:title\" content=\"El viento llegando a soplar m\u00e1s de 50 km\/h se adue\u00f1\u00f3 de la tarde trenquelauquense - Infoecos\" \/>\n<meta property=\"og:description\" content=\"La lluvia se ha disipado hasta el martes pr\u00f3ximo\" \/>\n<meta property=\"og:url\" content=\"https:\/\/infoecos.com.ar\/index.php\/el-viento-llegando-a-soplar-mas-de-50-km-h-se-adueno-de-la-tarde-trenquelauquense\/\" \/>\n<meta property=\"og:site_name\" content=\"Infoecos\" \/>\n<meta property=\"article:publisher\" content=\"https:\/\/www.facebook.com\/profile.php?id=100063200290284\" \/>\n<meta property=\"article:published_time\" content=\"2023-10-06T03:22:13+00:00\" \/>\n<meta property=\"article:modified_time\" content=\"2023-10-06T03:22:14+00:00\" \/>\n<meta property=\"og:image\" content=\"https:\/\/infoecos.com.ar\/wp-content\/uploads\/2023\/07\/vientophoto1.jpg\" \/>\n\t<meta property=\"og:image:width\" content=\"727\" \/>\n\t<meta property=\"og:image:height\" content=\"1080\" \/>\n\t<meta property=\"og:image:type\" content=\"image\/jpeg\" \/>\n<meta name=\"author\" content=\"Jorge Matheus\" \/>\n<meta name=\"twitter:card\" content=\"summary_large_image\" \/>\n<meta name=\"twitter:creator\" content=\"@infoecos\" \/>\n<meta name=\"twitter:site\" content=\"@infoecos\" \/>\n<meta name=\"twitter:label1\" content=\"Escrito por\" \/>\n\t<meta name=\"twitter:data1\" content=\"Jorge Matheus\" \/>\n\t<meta name=\"twitter:label2\" content=\"Tiempo de lectura\" \/>\n\t<meta name=\"twitter:data2\" content=\"1 minuto\" \/>\n<script type=\"application\/ld+json\" class=\"yoast-schema-graph\">{\"@context\":\"https:\/\/schema.org\",\"@graph\":[{\"@type\":\"Article\",\"@id\":\"https:\/\/infoecos.com.ar\/index.php\/el-viento-llegando-a-soplar-mas-de-50-km-h-se-adueno-de-la-tarde-trenquelauquense\/#article\",\"isPartOf\":{\"@id\":\"https:\/\/infoecos.com.ar\/index.php\/el-viento-llegando-a-soplar-mas-de-50-km-h-se-adueno-de-la-tarde-trenquelauquense\/\"},\"author\":{\"name\":\"Jorge Matheus\",\"@id\":\"https:\/\/infoecos.com.ar\/#\/schema\/person\/8f5ace5ce73b4b4aac4b7245aee6f191\"},\"headline\":\"El viento llegando a soplar m\u00e1s de 50 km\/h se adue\u00f1\u00f3 de la tarde trenquelauquense\",\"datePublished\":\"2023-10-06T03:22:13+00:00\",\"dateModified\":\"2023-10-06T03:22:14+00:00\",\"mainEntityOfPage\":{\"@id\":\"https:\/\/infoecos.com.ar\/index.php\/el-viento-llegando-a-soplar-mas-de-50-km-h-se-adueno-de-la-tarde-trenquelauquense\/\"},\"wordCount\":110,\"publisher\":{\"@id\":\"https:\/\/infoecos.com.ar\/#organization\"},\"image\":{\"@id\":\"https:\/\/infoecos.com.ar\/index.php\/el-viento-llegando-a-soplar-mas-de-50-km-h-se-adueno-de-la-tarde-trenquelauquense\/#primaryimage\"},\"thumbnailUrl\":\"https:\/\/infoecos.com.ar\/wp-content\/uploads\/2023\/07\/vientophoto1.jpg\",\"keywords\":[\"pron\u00f3stico y meteorolog\u00eda\"],\"articleSection\":[\"Noticia Secundaria\"],\"inLanguage\":\"es\"},{\"@type\":\"WebPage\",\"@id\":\"https:\/\/infoecos.com.ar\/index.php\/el-viento-llegando-a-soplar-mas-de-50-km-h-se-adueno-de-la-tarde-trenquelauquense\/\",\"url\":\"https:\/\/infoecos.com.ar\/index.php\/el-viento-llegando-a-soplar-mas-de-50-km-h-se-adueno-de-la-tarde-trenquelauquense\/\",\"name\":\"El viento llegando a soplar m\u00e1s de 50 km\/h se adue\u00f1\u00f3 de la tarde trenquelauquense - Infoecos\",\"isPartOf\":{\"@id\":\"https:\/\/infoecos.com.ar\/#website\"},\"primaryImageOfPage\":{\"@id\":\"https:\/\/infoecos.com.ar\/index.php\/el-viento-llegando-a-soplar-mas-de-50-km-h-se-adueno-de-la-tarde-trenquelauquense\/#primaryimage\"},\"image\":{\"@id\":\"https:\/\/infoecos.com.ar\/index.php\/el-viento-llegando-a-soplar-mas-de-50-km-h-se-adueno-de-la-tarde-trenquelauquense\/#primaryimage\"},\"thumbnailUrl\":\"https:\/\/infoecos.com.ar\/wp-content\/uploads\/2023\/07\/vientophoto1.jpg\",\"datePublished\":\"2023-10-06T03:22:13+00:00\",\"dateModified\":\"2023-10-06T03:22:14+00:00\",\"breadcrumb\":{\"@id\":\"https:\/\/infoecos.com.ar\/index.php\/el-viento-llegando-a-soplar-mas-de-50-km-h-se-adueno-de-la-tarde-trenquelauquense\/#breadcrumb\"},\"inLanguage\":\"es\",\"potentialAction\":[{\"@type\":\"ReadAction\",\"target\":[\"https:\/\/infoecos.com.ar\/index.php\/el-viento-llegando-a-soplar-mas-de-50-km-h-se-adueno-de-la-tarde-trenquelauquense\/\"]}]},{\"@type\":\"ImageObject\",\"inLanguage\":\"es\",\"@id\":\"https:\/\/infoecos.com.ar\/index.php\/el-viento-llegando-a-soplar-mas-de-50-km-h-se-adueno-de-la-tarde-trenquelauquense\/#primaryimage\",\"url\":\"https:\/\/infoecos.com.ar\/wp-content\/uploads\/2023\/07\/vientophoto1.jpg\",\"contentUrl\":\"https:\/\/infoecos.com.ar\/wp-content\/uploads\/2023\/07\/vientophoto1.jpg\",\"width\":727,\"height\":1080},{\"@type\":\"BreadcrumbList\",\"@id\":\"https:\/\/infoecos.com.ar\/index.php\/el-viento-llegando-a-soplar-mas-de-50-km-h-se-adueno-de-la-tarde-trenquelauquense\/#breadcrumb\",\"itemListElement\":[{\"@type\":\"ListItem\",\"position\":1,\"name\":\"Portada\",\"item\":\"https:\/\/infoecos.com.ar\/\"},{\"@type\":\"ListItem\",\"position\":2,\"name\":\"El viento llegando a soplar m\u00e1s de 50 km\/h se adue\u00f1\u00f3 de la tarde trenquelauquense\"}]},{\"@type\":\"WebSite\",\"@id\":\"https:\/\/infoecos.com.ar\/#website\",\"url\":\"https:\/\/infoecos.com.ar\/\",\"name\":\"Infoecos\",\"description\":\"Noticias de trenque lauquen y la zona\",\"publisher\":{\"@id\":\"https:\/\/infoecos.com.ar\/#organization\"},\"alternateName\":\"Noticias\",\"potentialAction\":[{\"@type\":\"SearchAction\",\"target\":{\"@type\":\"EntryPoint\",\"urlTemplate\":\"https:\/\/infoecos.com.ar\/?s={search_term_string}\"},\"query-input\":{\"@type\":\"PropertyValueSpecification\",\"valueRequired\":true,\"valueName\":\"search_term_string\"}}],\"inLanguage\":\"es\"},{\"@type\":\"Organization\",\"@id\":\"https:\/\/infoecos.com.ar\/#organization\",\"name\":\"Infoecos\",\"alternateName\":\"Noticias\",\"url\":\"https:\/\/infoecos.com.ar\/\",\"logo\":{\"@type\":\"ImageObject\",\"inLanguage\":\"es\",\"@id\":\"https:\/\/infoecos.com.ar\/#\/schema\/logo\/image\/\",\"url\":\"https:\/\/infoecos.com.ar\/wp-content\/uploads\/2024\/03\/cropped-logo.png\",\"contentUrl\":\"https:\/\/infoecos.com.ar\/wp-content\/uploads\/2024\/03\/cropped-logo.png\",\"width\":374,\"height\":90,\"caption\":\"Infoecos\"},\"image\":{\"@id\":\"https:\/\/infoecos.com.ar\/#\/schema\/logo\/image\/\"},\"sameAs\":[\"https:\/\/www.facebook.com\/profile.php?id=100063200290284\",\"https:\/\/x.com\/infoecos\"]},{\"@type\":\"Person\",\"@id\":\"https:\/\/infoecos.com.ar\/#\/schema\/person\/8f5ace5ce73b4b4aac4b7245aee6f191\",\"name\":\"Jorge Matheus\",\"url\":\"https:\/\/infoecos.com.ar\/index.php\/author\/jomatheus\/\"}]}<\/script>\n<!-- \/ Yoast SEO plugin. -->","yoast_head_json":{"title":"El viento llegando a soplar m\u00e1s de 50 km\/h se adue\u00f1\u00f3 de la tarde trenquelauquense - Infoecos","robots":{"index":"index","follow":"follow","max-snippet":"max-snippet:-1","max-image-preview":"max-image-preview:large","max-video-preview":"max-video-preview:-1"},"canonical":"https:\/\/infoecos.com.ar\/index.php\/el-viento-llegando-a-soplar-mas-de-50-km-h-se-adueno-de-la-tarde-trenquelauquense\/","og_locale":"es_ES","og_type":"article","og_title":"El viento llegando a soplar m\u00e1s de 50 km\/h se adue\u00f1\u00f3 de la tarde trenquelauquense - Infoecos","og_description":"La lluvia se ha disipado hasta el martes pr\u00f3ximo","og_url":"https:\/\/infoecos.com.ar\/index.php\/el-viento-llegando-a-soplar-mas-de-50-km-h-se-adueno-de-la-tarde-trenquelauquense\/","og_site_name":"Infoecos","article_publisher":"https:\/\/www.facebook.com\/profile.php?id=100063200290284","article_published_time":"2023-10-06T03:22:13+00:00","article_modified_time":"2023-10-06T03:22:14+00:00","og_image":[{"width":727,"height":1080,"url":"https:\/\/infoecos.com.ar\/wp-content\/uploads\/2023\/07\/vientophoto1.jpg","type":"image\/jpeg"}],"author":"Jorge Matheus","twitter_card":"summary_large_image","twitter_creator":"@infoecos","twitter_site":"@infoecos","twitter_misc":{"Escrito por":"Jorge Matheus","Tiempo de lectura":"1 minuto"},"schema":{"@context":"https:\/\/schema.org","@graph":[{"@type":"Article","@id":"https:\/\/infoecos.com.ar\/index.php\/el-viento-llegando-a-soplar-mas-de-50-km-h-se-adueno-de-la-tarde-trenquelauquense\/#article","isPartOf":{"@id":"https:\/\/infoecos.com.ar\/index.php\/el-viento-llegando-a-soplar-mas-de-50-km-h-se-adueno-de-la-tarde-trenquelauquense\/"},"author":{"name":"Jorge Matheus","@id":"https:\/\/infoecos.com.ar\/#\/schema\/person\/8f5ace5ce73b4b4aac4b7245aee6f191"},"headline":"El viento llegando a soplar m\u00e1s de 50 km\/h se adue\u00f1\u00f3 de la tarde trenquelauquense","datePublished":"2023-10-06T03:22:13+00:00","dateModified":"2023-10-06T03:22:14+00:00","mainEntityOfPage":{"@id":"https:\/\/infoecos.com.ar\/index.php\/el-viento-llegando-a-soplar-mas-de-50-km-h-se-adueno-de-la-tarde-trenquelauquense\/"},"wordCount":110,"publisher":{"@id":"https:\/\/infoecos.com.ar\/#organization"},"image":{"@id":"https:\/\/infoecos.com.ar\/index.php\/el-viento-llegando-a-soplar-mas-de-50-km-h-se-adueno-de-la-tarde-trenquelauquense\/#primaryimage"},"thumbnailUrl":"https:\/\/infoecos.com.ar\/wp-content\/uploads\/2023\/07\/vientophoto1.jpg","keywords":["pron\u00f3stico y meteorolog\u00eda"],"articleSection":["Noticia Secundaria"],"inLanguage":"es"},{"@type":"WebPage","@id":"https:\/\/infoecos.com.ar\/index.php\/el-viento-llegando-a-soplar-mas-de-50-km-h-se-adueno-de-la-tarde-trenquelauquense\/","url":"https:\/\/infoecos.com.ar\/index.php\/el-viento-llegando-a-soplar-mas-de-50-km-h-se-adueno-de-la-tarde-trenquelauquense\/","name":"El viento llegando a soplar m\u00e1s de 50 km\/h se adue\u00f1\u00f3 de la tarde trenquelauquense - Infoecos","isPartOf":{"@id":"https:\/\/infoecos.com.ar\/#website"},"primaryImageOfPage":{"@id":"https:\/\/infoecos.com.ar\/index.php\/el-viento-llegando-a-soplar-mas-de-50-km-h-se-adueno-de-la-tarde-trenquelauquense\/#primaryimage"},"image":{"@id":"https:\/\/infoecos.com.ar\/index.php\/el-viento-llegando-a-soplar-mas-de-50-km-h-se-adueno-de-la-tarde-trenquelauquense\/#primaryimage"},"thumbnailUrl":"https:\/\/infoecos.com.ar\/wp-content\/uploads\/2023\/07\/vientophoto1.jpg","datePublished":"2023-10-06T03:22:13+00:00","dateModified":"2023-10-06T03:22:14+00:00","breadcrumb":{"@id":"https:\/\/infoecos.com.ar\/index.php\/el-viento-llegando-a-soplar-mas-de-50-km-h-se-adueno-de-la-tarde-trenquelauquense\/#breadcrumb"},"inLanguage":"es","potentialAction":[{"@type":"ReadAction","target":["https:\/\/infoecos.com.ar\/index.php\/el-viento-llegando-a-soplar-mas-de-50-km-h-se-adueno-de-la-tarde-trenquelauquense\/"]}]},{"@type":"ImageObject","inLanguage":"es","@id":"https:\/\/infoecos.com.ar\/index.php\/el-viento-llegando-a-soplar-mas-de-50-km-h-se-adueno-de-la-tarde-trenquelauquense\/#primaryimage","url":"https:\/\/infoecos.com.ar\/wp-content\/uploads\/2023\/07\/vientophoto1.jpg","contentUrl":"https:\/\/infoecos.com.ar\/wp-content\/uploads\/2023\/07\/vientophoto1.jpg","width":727,"height":1080},{"@type":"BreadcrumbList","@id":"https:\/\/infoecos.com.ar\/index.php\/el-viento-llegando-a-soplar-mas-de-50-km-h-se-adueno-de-la-tarde-trenquelauquense\/#breadcrumb","itemListElement":[{"@type":"ListItem","position":1,"name":"Portada","item":"https:\/\/infoecos.com.ar\/"},{"@type":"ListItem","position":2,"name":"El viento llegando a soplar m\u00e1s de 50 km\/h se adue\u00f1\u00f3 de la tarde trenquelauquense"}]},{"@type":"WebSite","@id":"https:\/\/infoecos.com.ar\/#website","url":"https:\/\/infoecos.com.ar\/","name":"Infoecos","description":"Noticias de trenque lauquen y la zona","publisher":{"@id":"https:\/\/infoecos.com.ar\/#organization"},"alternateName":"Noticias","potentialAction":[{"@type":"SearchAction","target":{"@type":"EntryPoint","urlTemplate":"https:\/\/infoecos.com.ar\/?s={search_term_string}"},"query-input":{"@type":"PropertyValueSpecification","valueRequired":true,"valueName":"search_term_string"}}],"inLanguage":"es"},{"@type":"Organization","@id":"https:\/\/infoecos.com.ar\/#organization","name":"Infoecos","alternateName":"Noticias","url":"https:\/\/infoecos.com.ar\/","logo":{"@type":"ImageObject","inLanguage":"es","@id":"https:\/\/infoecos.com.ar\/#\/schema\/logo\/image\/","url":"https:\/\/infoecos.com.ar\/wp-content\/uploads\/2024\/03\/cropped-logo.png","contentUrl":"https:\/\/infoecos.com.ar\/wp-content\/uploads\/2024\/03\/cropped-logo.png","width":374,"height":90,"caption":"Infoecos"},"image":{"@id":"https:\/\/infoecos.com.ar\/#\/schema\/logo\/image\/"},"sameAs":["https:\/\/www.facebook.com\/profile.php?id=100063200290284","https:\/\/x.com\/infoecos"]},{"@type":"Person","@id":"https:\/\/infoecos.com.ar\/#\/schema\/person\/8f5ace5ce73b4b4aac4b7245aee6f191","name":"Jorge Matheus","url":"https:\/\/infoecos.com.ar\/index.php\/author\/jomatheus\/"}]}},"featured_image_urls":{"full":["https:\/\/infoecos.com.ar\/wp-content\/uploads\/2023\/07\/vientophoto1.jpg",727,1080,false],"thumbnail":["https:\/\/infoecos.com.ar\/wp-content\/uploads\/2023\/07\/vientophoto1-300x150.jpg",300,150,true],"medium":["https:\/\/infoecos.com.ar\/wp-content\/uploads\/2023\/07\/vientophoto1-539x800.jpg",539,800,true],"medium_large":["https:\/\/infoecos.com.ar\/wp-content\/uploads\/2023\/07\/vientophoto1.jpg",640,951,false],"large":["https:\/\/infoecos.com.ar\/wp-content\/uploads\/2023\/07\/vientophoto1.jpg",640,951,false],"1536x1536":["https:\/\/infoecos.com.ar\/wp-content\/uploads\/2023\/07\/vientophoto1.jpg",727,1080,false],"2048x2048":["https:\/\/infoecos.com.ar\/wp-content\/uploads\/2023\/07\/vientophoto1.jpg",727,1080,false],"covernews-slider-full":["https:\/\/infoecos.com.ar\/wp-content\/uploads\/2023\/07\/vientophoto1-727x1020.jpg",510,715,true],"covernews-slider-center":["https:\/\/infoecos.com.ar\/wp-content\/uploads\/2023\/07\/vientophoto1-727x897.jpg",405,500,true],"covernews-featured":["https:\/\/infoecos.com.ar\/wp-content\/uploads\/2023\/07\/vientophoto1.jpg",727,1080,false],"covernews-medium":["https:\/\/infoecos.com.ar\/wp-content\/uploads\/2023\/07\/vientophoto1-720x380.jpg",540,285,true],"covernews-medium-square":["https:\/\/infoecos.com.ar\/wp-content\/uploads\/2023\/07\/vientophoto1-675x450.jpg",375,250,true]},"author_info":{"info":["Jorge Matheus"]},"category_info":"<a href=\"https:\/\/infoecos.com.ar\/index.php\/category\/noticia-secundaria\/\" rel=\"category tag\">Noticia Secundaria<\/a>","tag_info":"Noticia Secundaria","comment_count":"0","_links":{"self":[{"href":"https:\/\/infoecos.com.ar\/index.php\/wp-json\/wp\/v2\/posts\/113637"}],"collection":[{"href":"https:\/\/infoecos.com.ar\/index.php\/wp-json\/wp\/v2\/posts"}],"about":[{"href":"https:\/\/infoecos.com.ar\/index.php\/wp-json\/wp\/v2\/types\/post"}],"author":[{"embeddable":true,"href":"https:\/\/infoecos.com.ar\/index.php\/wp-json\/wp\/v2\/users\/2"}],"replies":[{"embeddable":true,"href":"https:\/\/infoecos.com.ar\/index.php\/wp-json\/wp\/v2\/comments?post=113637"}],"version-history":[{"count":1,"href":"https:\/\/infoecos.com.ar\/index.php\/wp-json\/wp\/v2\/posts\/113637\/revisions"}],"predecessor-version":[{"id":113640,"href":"https:\/\/infoecos.com.ar\/index.php\/wp-json\/wp\/v2\/posts\/113637\/revisions\/113640"}],"wp:featuredmedia":[{"embeddable":true,"href":"https:\/\/infoecos.com.ar\/index.php\/wp-json\/wp\/v2\/media\/107818"}],"wp:attachment":[{"href":"https:\/\/infoecos.com.ar\/index.php\/wp-json\/wp\/v2\/media?parent=113637"}],"wp:term":[{"taxonomy":"category","embeddable":true,"href":"https:\/\/infoecos.com.ar\/index.php\/wp-json\/wp\/v2\/categories?post=113637"},{"taxonomy":"post_tag","embeddable":true,"href":"https:\/\/infoecos.com.ar\/index.php\/wp-json\/wp\/v2\/tags?post=113637"}],"curies":[{"name":"wp","href":"https:\/\/api.w.org\/{rel}","templated":true}]}}