{"id":113733,"date":"2023-10-07T02:40:31","date_gmt":"2023-10-07T05:40:31","guid":{"rendered":"https:\/\/infoecos.com.ar\/?p=113733"},"modified":"2023-10-07T02:40:32","modified_gmt":"2023-10-07T05:40:32","slug":"fuego-generalizado-en-un-vw-golf-que-se-encontraba-estacionado-en-di-geronimo-al-180","status":"publish","type":"post","link":"https:\/\/infoecos.com.ar\/index.php\/fuego-generalizado-en-un-vw-golf-que-se-encontraba-estacionado-en-di-geronimo-al-180\/","title":{"rendered":"Fuego generalizado en un VW Golf que se encontraba estacionado en Di G\u00e9ronimo al 180"},"content":{"rendered":"\n<p>Incendi\u00f3 de un veh\u00edculo al 180 de la calle Di Ger\u00f3nimo.<\/p>\n\n\n\n<figure class=\"wp-block-gallery has-nested-images columns-default is-cropped wp-block-gallery-1 is-layout-flex wp-block-gallery-is-layout-flex\">\n<figure class=\"wp-block-image size-large\"><img loading=\"lazy\" decoding=\"async\" width=\"1200\" height=\"1600\" data-id=\"113736\" src=\"https:\/\/infoecos.com.ar\/wp-content\/uploads\/2023\/10\/370044911_705200511652703_6772940845836054723_n.jpg\" alt=\"\" class=\"wp-image-113736\" srcset=\"https:\/\/infoecos.com.ar\/wp-content\/uploads\/2023\/10\/370044911_705200511652703_6772940845836054723_n.jpg 1200w, https:\/\/infoecos.com.ar\/wp-content\/uploads\/2023\/10\/370044911_705200511652703_6772940845836054723_n-600x800.jpg 600w, https:\/\/infoecos.com.ar\/wp-content\/uploads\/2023\/10\/370044911_705200511652703_6772940845836054723_n-768x1024.jpg 768w, https:\/\/infoecos.com.ar\/wp-content\/uploads\/2023\/10\/370044911_705200511652703_6772940845836054723_n-1152x1536.jpg 1152w, https:\/\/infoecos.com.ar\/wp-content\/uploads\/2023\/10\/370044911_705200511652703_6772940845836054723_n-1024x1365.jpg 1024w\" sizes=\"(max-width: 1200px) 100vw, 1200px\" \/><\/figure>\n\n\n\n<figure class=\"wp-block-image size-large\"><img loading=\"lazy\" decoding=\"async\" width=\"1600\" height=\"1200\" data-id=\"113735\" src=\"https:\/\/infoecos.com.ar\/wp-content\/uploads\/2023\/10\/387058389_705200464986041_7855640870861442293_n.jpg\" alt=\"\" class=\"wp-image-113735\" srcset=\"https:\/\/infoecos.com.ar\/wp-content\/uploads\/2023\/10\/387058389_705200464986041_7855640870861442293_n.jpg 1600w, https:\/\/infoecos.com.ar\/wp-content\/uploads\/2023\/10\/387058389_705200464986041_7855640870861442293_n-800x600.jpg 800w, https:\/\/infoecos.com.ar\/wp-content\/uploads\/2023\/10\/387058389_705200464986041_7855640870861442293_n-768x576.jpg 768w, https:\/\/infoecos.com.ar\/wp-content\/uploads\/2023\/10\/387058389_705200464986041_7855640870861442293_n-1536x1152.jpg 1536w, https:\/\/infoecos.com.ar\/wp-content\/uploads\/2023\/10\/387058389_705200464986041_7855640870861442293_n-1024x768.jpg 1024w\" sizes=\"(max-width: 1600px) 100vw, 1600px\" \/><\/figure>\n\n\n\n<figure class=\"wp-block-image size-large\"><img loading=\"lazy\" decoding=\"async\" width=\"1200\" height=\"1600\" data-id=\"113734\" src=\"https:\/\/infoecos.com.ar\/wp-content\/uploads\/2023\/10\/387101339_705200348319386_6258723830532135569_n.jpg\" alt=\"\" class=\"wp-image-113734\" srcset=\"https:\/\/infoecos.com.ar\/wp-content\/uploads\/2023\/10\/387101339_705200348319386_6258723830532135569_n.jpg 1200w, https:\/\/infoecos.com.ar\/wp-content\/uploads\/2023\/10\/387101339_705200348319386_6258723830532135569_n-600x800.jpg 600w, https:\/\/infoecos.com.ar\/wp-content\/uploads\/2023\/10\/387101339_705200348319386_6258723830532135569_n-768x1024.jpg 768w, https:\/\/infoecos.com.ar\/wp-content\/uploads\/2023\/10\/387101339_705200348319386_6258723830532135569_n-1152x1536.jpg 1152w, https:\/\/infoecos.com.ar\/wp-content\/uploads\/2023\/10\/387101339_705200348319386_6258723830532135569_n-1024x1365.jpg 1024w\" sizes=\"(max-width: 1200px) 100vw, 1200px\" \/><\/figure>\n<\/figure>\n\n\n\n<p>Bomberos Voluntarios de Trenque Lauquen report\u00f3, a trav\u00e9s de su cuenta de la red Facebook, que se trat\u00f3 de fuego generalizado en la v\u00eda p\u00fablica.<\/p>\n\n\n\n<p>Como puede observarse en las fotograf\u00edas se trataba de un VW Golf color blanco. No se conoce la identidad del propietario.<\/p>\n\n\n\n<figure class=\"wp-block-image aligncenter size-full is-resized\"><img loading=\"lazy\" decoding=\"async\" src=\"https:\/\/infoecos.com.ar\/wp-content\/uploads\/2023\/10\/image-50.png\" alt=\"\" class=\"wp-image-113737\" width=\"336\" height=\"597\" srcset=\"https:\/\/infoecos.com.ar\/wp-content\/uploads\/2023\/10\/image-50.png 900w, https:\/\/infoecos.com.ar\/wp-content\/uploads\/2023\/10\/image-50-450x800.png 450w, https:\/\/infoecos.com.ar\/wp-content\/uploads\/2023\/10\/image-50-768x1365.png 768w, https:\/\/infoecos.com.ar\/wp-content\/uploads\/2023\/10\/image-50-864x1536.png 864w\" sizes=\"(max-width: 336px) 100vw, 336px\" \/><\/figure>\n\n\n\n<p>Previamente a ello, los servidores p\u00fablicos trabajaron en un incendio que se produjo en la zona rural. <\/p>\n\n\n\n<p>Se procedi\u00f3 a realizar tareas de extinci\u00f3n y enfriamiento de la zona afectada, se\u00f1ala el parte de prensa del cuerpo activo.<\/p>\n\n\n\n<p><\/p>\n\n\n\n<p><\/p>\n","protected":false},"excerpt":{"rendered":"<p>Los servidores p\u00fablicos trabajaron en un incendio que se produjo en la zona rural. <\/p>\n","protected":false},"author":2,"featured_media":113734,"comment_status":"closed","ping_status":"open","sticky":false,"template":"","format":"standard","meta":{"footnotes":""},"categories":[1613],"tags":[9370],"class_list":["post-113733","post","type-post","status-publish","format-standard","has-post-thumbnail","hentry","category-noticia-secundaria","tag-bomberos-voluntarios"],"yoast_head":"<!-- This site is optimized with the Yoast SEO plugin v23.4 - https:\/\/yoast.com\/wordpress\/plugins\/seo\/ -->\n<title>Fuego generalizado en un VW Golf que se encontraba estacionado en Di G\u00e9ronimo al 180 - Infoecos<\/title>\n<meta name=\"robots\" content=\"index, follow, max-snippet:-1, max-image-preview:large, max-video-preview:-1\" \/>\n<link rel=\"canonical\" href=\"https:\/\/infoecos.com.ar\/index.php\/fuego-generalizado-en-un-vw-golf-que-se-encontraba-estacionado-en-di-geronimo-al-180\/\" \/>\n<meta property=\"og:locale\" content=\"es_ES\" \/>\n<meta property=\"og:type\" content=\"article\" \/>\n<meta property=\"og:title\" content=\"Fuego generalizado en un VW Golf que se encontraba estacionado en Di G\u00e9ronimo al 180 - Infoecos\" \/>\n<meta property=\"og:description\" content=\"Los servidores p\u00fablicos trabajaron en un incendio que se produjo en la zona rural.\" \/>\n<meta property=\"og:url\" content=\"https:\/\/infoecos.com.ar\/index.php\/fuego-generalizado-en-un-vw-golf-que-se-encontraba-estacionado-en-di-geronimo-al-180\/\" \/>\n<meta property=\"og:site_name\" content=\"Infoecos\" \/>\n<meta property=\"article:publisher\" content=\"https:\/\/www.facebook.com\/profile.php?id=100063200290284\" \/>\n<meta property=\"article:published_time\" content=\"2023-10-07T05:40:31+00:00\" \/>\n<meta property=\"article:modified_time\" content=\"2023-10-07T05:40:32+00:00\" \/>\n<meta property=\"og:image\" content=\"https:\/\/infoecos.com.ar\/wp-content\/uploads\/2023\/10\/387101339_705200348319386_6258723830532135569_n.jpg\" \/>\n\t<meta property=\"og:image:width\" content=\"1200\" \/>\n\t<meta property=\"og:image:height\" content=\"1600\" \/>\n\t<meta property=\"og:image:type\" content=\"image\/jpeg\" \/>\n<meta name=\"author\" content=\"Jorge Matheus\" \/>\n<meta name=\"twitter:card\" content=\"summary_large_image\" \/>\n<meta name=\"twitter:creator\" content=\"@infoecos\" \/>\n<meta name=\"twitter:site\" content=\"@infoecos\" \/>\n<meta name=\"twitter:label1\" content=\"Escrito por\" \/>\n\t<meta name=\"twitter:data1\" content=\"Jorge Matheus\" \/>\n\t<meta name=\"twitter:label2\" content=\"Tiempo de lectura\" \/>\n\t<meta name=\"twitter:data2\" content=\"2 minutos\" \/>\n<script type=\"application\/ld+json\" class=\"yoast-schema-graph\">{\"@context\":\"https:\/\/schema.org\",\"@graph\":[{\"@type\":\"Article\",\"@id\":\"https:\/\/infoecos.com.ar\/index.php\/fuego-generalizado-en-un-vw-golf-que-se-encontraba-estacionado-en-di-geronimo-al-180\/#article\",\"isPartOf\":{\"@id\":\"https:\/\/infoecos.com.ar\/index.php\/fuego-generalizado-en-un-vw-golf-que-se-encontraba-estacionado-en-di-geronimo-al-180\/\"},\"author\":{\"name\":\"Jorge Matheus\",\"@id\":\"https:\/\/infoecos.com.ar\/#\/schema\/person\/8f5ace5ce73b4b4aac4b7245aee6f191\"},\"headline\":\"Fuego generalizado en un VW Golf que se encontraba estacionado en Di G\u00e9ronimo al 180\",\"datePublished\":\"2023-10-07T05:40:31+00:00\",\"dateModified\":\"2023-10-07T05:40:32+00:00\",\"mainEntityOfPage\":{\"@id\":\"https:\/\/infoecos.com.ar\/index.php\/fuego-generalizado-en-un-vw-golf-que-se-encontraba-estacionado-en-di-geronimo-al-180\/\"},\"wordCount\":118,\"publisher\":{\"@id\":\"https:\/\/infoecos.com.ar\/#organization\"},\"image\":{\"@id\":\"https:\/\/infoecos.com.ar\/index.php\/fuego-generalizado-en-un-vw-golf-que-se-encontraba-estacionado-en-di-geronimo-al-180\/#primaryimage\"},\"thumbnailUrl\":\"https:\/\/infoecos.com.ar\/wp-content\/uploads\/2023\/10\/387101339_705200348319386_6258723830532135569_n.jpg\",\"keywords\":[\"BOMBEROS VOLUNTARIOS\"],\"articleSection\":[\"Noticia Secundaria\"],\"inLanguage\":\"es\"},{\"@type\":\"WebPage\",\"@id\":\"https:\/\/infoecos.com.ar\/index.php\/fuego-generalizado-en-un-vw-golf-que-se-encontraba-estacionado-en-di-geronimo-al-180\/\",\"url\":\"https:\/\/infoecos.com.ar\/index.php\/fuego-generalizado-en-un-vw-golf-que-se-encontraba-estacionado-en-di-geronimo-al-180\/\",\"name\":\"Fuego generalizado en un VW Golf que se encontraba estacionado en Di G\u00e9ronimo al 180 - Infoecos\",\"isPartOf\":{\"@id\":\"https:\/\/infoecos.com.ar\/#website\"},\"primaryImageOfPage\":{\"@id\":\"https:\/\/infoecos.com.ar\/index.php\/fuego-generalizado-en-un-vw-golf-que-se-encontraba-estacionado-en-di-geronimo-al-180\/#primaryimage\"},\"image\":{\"@id\":\"https:\/\/infoecos.com.ar\/index.php\/fuego-generalizado-en-un-vw-golf-que-se-encontraba-estacionado-en-di-geronimo-al-180\/#primaryimage\"},\"thumbnailUrl\":\"https:\/\/infoecos.com.ar\/wp-content\/uploads\/2023\/10\/387101339_705200348319386_6258723830532135569_n.jpg\",\"datePublished\":\"2023-10-07T05:40:31+00:00\",\"dateModified\":\"2023-10-07T05:40:32+00:00\",\"breadcrumb\":{\"@id\":\"https:\/\/infoecos.com.ar\/index.php\/fuego-generalizado-en-un-vw-golf-que-se-encontraba-estacionado-en-di-geronimo-al-180\/#breadcrumb\"},\"inLanguage\":\"es\",\"potentialAction\":[{\"@type\":\"ReadAction\",\"target\":[\"https:\/\/infoecos.com.ar\/index.php\/fuego-generalizado-en-un-vw-golf-que-se-encontraba-estacionado-en-di-geronimo-al-180\/\"]}]},{\"@type\":\"ImageObject\",\"inLanguage\":\"es\",\"@id\":\"https:\/\/infoecos.com.ar\/index.php\/fuego-generalizado-en-un-vw-golf-que-se-encontraba-estacionado-en-di-geronimo-al-180\/#primaryimage\",\"url\":\"https:\/\/infoecos.com.ar\/wp-content\/uploads\/2023\/10\/387101339_705200348319386_6258723830532135569_n.jpg\",\"contentUrl\":\"https:\/\/infoecos.com.ar\/wp-content\/uploads\/2023\/10\/387101339_705200348319386_6258723830532135569_n.jpg\",\"width\":1200,\"height\":1600},{\"@type\":\"BreadcrumbList\",\"@id\":\"https:\/\/infoecos.com.ar\/index.php\/fuego-generalizado-en-un-vw-golf-que-se-encontraba-estacionado-en-di-geronimo-al-180\/#breadcrumb\",\"itemListElement\":[{\"@type\":\"ListItem\",\"position\":1,\"name\":\"Portada\",\"item\":\"https:\/\/infoecos.com.ar\/\"},{\"@type\":\"ListItem\",\"position\":2,\"name\":\"Fuego generalizado en un VW Golf que se encontraba estacionado en Di G\u00e9ronimo al 180\"}]},{\"@type\":\"WebSite\",\"@id\":\"https:\/\/infoecos.com.ar\/#website\",\"url\":\"https:\/\/infoecos.com.ar\/\",\"name\":\"Infoecos\",\"description\":\"Noticias de trenque lauquen y la zona\",\"publisher\":{\"@id\":\"https:\/\/infoecos.com.ar\/#organization\"},\"alternateName\":\"Noticias\",\"potentialAction\":[{\"@type\":\"SearchAction\",\"target\":{\"@type\":\"EntryPoint\",\"urlTemplate\":\"https:\/\/infoecos.com.ar\/?s={search_term_string}\"},\"query-input\":{\"@type\":\"PropertyValueSpecification\",\"valueRequired\":true,\"valueName\":\"search_term_string\"}}],\"inLanguage\":\"es\"},{\"@type\":\"Organization\",\"@id\":\"https:\/\/infoecos.com.ar\/#organization\",\"name\":\"Infoecos\",\"alternateName\":\"Noticias\",\"url\":\"https:\/\/infoecos.com.ar\/\",\"logo\":{\"@type\":\"ImageObject\",\"inLanguage\":\"es\",\"@id\":\"https:\/\/infoecos.com.ar\/#\/schema\/logo\/image\/\",\"url\":\"https:\/\/infoecos.com.ar\/wp-content\/uploads\/2024\/03\/cropped-logo.png\",\"contentUrl\":\"https:\/\/infoecos.com.ar\/wp-content\/uploads\/2024\/03\/cropped-logo.png\",\"width\":374,\"height\":90,\"caption\":\"Infoecos\"},\"image\":{\"@id\":\"https:\/\/infoecos.com.ar\/#\/schema\/logo\/image\/\"},\"sameAs\":[\"https:\/\/www.facebook.com\/profile.php?id=100063200290284\",\"https:\/\/x.com\/infoecos\"]},{\"@type\":\"Person\",\"@id\":\"https:\/\/infoecos.com.ar\/#\/schema\/person\/8f5ace5ce73b4b4aac4b7245aee6f191\",\"name\":\"Jorge Matheus\",\"url\":\"https:\/\/infoecos.com.ar\/index.php\/author\/jomatheus\/\"}]}<\/script>\n<!-- \/ Yoast SEO plugin. -->","yoast_head_json":{"title":"Fuego generalizado en un VW Golf que se encontraba estacionado en Di G\u00e9ronimo al 180 - Infoecos","robots":{"index":"index","follow":"follow","max-snippet":"max-snippet:-1","max-image-preview":"max-image-preview:large","max-video-preview":"max-video-preview:-1"},"canonical":"https:\/\/infoecos.com.ar\/index.php\/fuego-generalizado-en-un-vw-golf-que-se-encontraba-estacionado-en-di-geronimo-al-180\/","og_locale":"es_ES","og_type":"article","og_title":"Fuego generalizado en un VW Golf que se encontraba estacionado en Di G\u00e9ronimo al 180 - Infoecos","og_description":"Los servidores p\u00fablicos trabajaron en un incendio que se produjo en la zona rural.","og_url":"https:\/\/infoecos.com.ar\/index.php\/fuego-generalizado-en-un-vw-golf-que-se-encontraba-estacionado-en-di-geronimo-al-180\/","og_site_name":"Infoecos","article_publisher":"https:\/\/www.facebook.com\/profile.php?id=100063200290284","article_published_time":"2023-10-07T05:40:31+00:00","article_modified_time":"2023-10-07T05:40:32+00:00","og_image":[{"width":1200,"height":1600,"url":"https:\/\/infoecos.com.ar\/wp-content\/uploads\/2023\/10\/387101339_705200348319386_6258723830532135569_n.jpg","type":"image\/jpeg"}],"author":"Jorge Matheus","twitter_card":"summary_large_image","twitter_creator":"@infoecos","twitter_site":"@infoecos","twitter_misc":{"Escrito por":"Jorge Matheus","Tiempo de lectura":"2 minutos"},"schema":{"@context":"https:\/\/schema.org","@graph":[{"@type":"Article","@id":"https:\/\/infoecos.com.ar\/index.php\/fuego-generalizado-en-un-vw-golf-que-se-encontraba-estacionado-en-di-geronimo-al-180\/#article","isPartOf":{"@id":"https:\/\/infoecos.com.ar\/index.php\/fuego-generalizado-en-un-vw-golf-que-se-encontraba-estacionado-en-di-geronimo-al-180\/"},"author":{"name":"Jorge Matheus","@id":"https:\/\/infoecos.com.ar\/#\/schema\/person\/8f5ace5ce73b4b4aac4b7245aee6f191"},"headline":"Fuego generalizado en un VW Golf que se encontraba estacionado en Di G\u00e9ronimo al 180","datePublished":"2023-10-07T05:40:31+00:00","dateModified":"2023-10-07T05:40:32+00:00","mainEntityOfPage":{"@id":"https:\/\/infoecos.com.ar\/index.php\/fuego-generalizado-en-un-vw-golf-que-se-encontraba-estacionado-en-di-geronimo-al-180\/"},"wordCount":118,"publisher":{"@id":"https:\/\/infoecos.com.ar\/#organization"},"image":{"@id":"https:\/\/infoecos.com.ar\/index.php\/fuego-generalizado-en-un-vw-golf-que-se-encontraba-estacionado-en-di-geronimo-al-180\/#primaryimage"},"thumbnailUrl":"https:\/\/infoecos.com.ar\/wp-content\/uploads\/2023\/10\/387101339_705200348319386_6258723830532135569_n.jpg","keywords":["BOMBEROS VOLUNTARIOS"],"articleSection":["Noticia Secundaria"],"inLanguage":"es"},{"@type":"WebPage","@id":"https:\/\/infoecos.com.ar\/index.php\/fuego-generalizado-en-un-vw-golf-que-se-encontraba-estacionado-en-di-geronimo-al-180\/","url":"https:\/\/infoecos.com.ar\/index.php\/fuego-generalizado-en-un-vw-golf-que-se-encontraba-estacionado-en-di-geronimo-al-180\/","name":"Fuego generalizado en un VW Golf que se encontraba estacionado en Di G\u00e9ronimo al 180 - Infoecos","isPartOf":{"@id":"https:\/\/infoecos.com.ar\/#website"},"primaryImageOfPage":{"@id":"https:\/\/infoecos.com.ar\/index.php\/fuego-generalizado-en-un-vw-golf-que-se-encontraba-estacionado-en-di-geronimo-al-180\/#primaryimage"},"image":{"@id":"https:\/\/infoecos.com.ar\/index.php\/fuego-generalizado-en-un-vw-golf-que-se-encontraba-estacionado-en-di-geronimo-al-180\/#primaryimage"},"thumbnailUrl":"https:\/\/infoecos.com.ar\/wp-content\/uploads\/2023\/10\/387101339_705200348319386_6258723830532135569_n.jpg","datePublished":"2023-10-07T05:40:31+00:00","dateModified":"2023-10-07T05:40:32+00:00","breadcrumb":{"@id":"https:\/\/infoecos.com.ar\/index.php\/fuego-generalizado-en-un-vw-golf-que-se-encontraba-estacionado-en-di-geronimo-al-180\/#breadcrumb"},"inLanguage":"es","potentialAction":[{"@type":"ReadAction","target":["https:\/\/infoecos.com.ar\/index.php\/fuego-generalizado-en-un-vw-golf-que-se-encontraba-estacionado-en-di-geronimo-al-180\/"]}]},{"@type":"ImageObject","inLanguage":"es","@id":"https:\/\/infoecos.com.ar\/index.php\/fuego-generalizado-en-un-vw-golf-que-se-encontraba-estacionado-en-di-geronimo-al-180\/#primaryimage","url":"https:\/\/infoecos.com.ar\/wp-content\/uploads\/2023\/10\/387101339_705200348319386_6258723830532135569_n.jpg","contentUrl":"https:\/\/infoecos.com.ar\/wp-content\/uploads\/2023\/10\/387101339_705200348319386_6258723830532135569_n.jpg","width":1200,"height":1600},{"@type":"BreadcrumbList","@id":"https:\/\/infoecos.com.ar\/index.php\/fuego-generalizado-en-un-vw-golf-que-se-encontraba-estacionado-en-di-geronimo-al-180\/#breadcrumb","itemListElement":[{"@type":"ListItem","position":1,"name":"Portada","item":"https:\/\/infoecos.com.ar\/"},{"@type":"ListItem","position":2,"name":"Fuego generalizado en un VW Golf que se encontraba estacionado en Di G\u00e9ronimo al 180"}]},{"@type":"WebSite","@id":"https:\/\/infoecos.com.ar\/#website","url":"https:\/\/infoecos.com.ar\/","name":"Infoecos","description":"Noticias de trenque lauquen y la zona","publisher":{"@id":"https:\/\/infoecos.com.ar\/#organization"},"alternateName":"Noticias","potentialAction":[{"@type":"SearchAction","target":{"@type":"EntryPoint","urlTemplate":"https:\/\/infoecos.com.ar\/?s={search_term_string}"},"query-input":{"@type":"PropertyValueSpecification","valueRequired":true,"valueName":"search_term_string"}}],"inLanguage":"es"},{"@type":"Organization","@id":"https:\/\/infoecos.com.ar\/#organization","name":"Infoecos","alternateName":"Noticias","url":"https:\/\/infoecos.com.ar\/","logo":{"@type":"ImageObject","inLanguage":"es","@id":"https:\/\/infoecos.com.ar\/#\/schema\/logo\/image\/","url":"https:\/\/infoecos.com.ar\/wp-content\/uploads\/2024\/03\/cropped-logo.png","contentUrl":"https:\/\/infoecos.com.ar\/wp-content\/uploads\/2024\/03\/cropped-logo.png","width":374,"height":90,"caption":"Infoecos"},"image":{"@id":"https:\/\/infoecos.com.ar\/#\/schema\/logo\/image\/"},"sameAs":["https:\/\/www.facebook.com\/profile.php?id=100063200290284","https:\/\/x.com\/infoecos"]},{"@type":"Person","@id":"https:\/\/infoecos.com.ar\/#\/schema\/person\/8f5ace5ce73b4b4aac4b7245aee6f191","name":"Jorge Matheus","url":"https:\/\/infoecos.com.ar\/index.php\/author\/jomatheus\/"}]}},"featured_image_urls":{"full":["https:\/\/infoecos.com.ar\/wp-content\/uploads\/2023\/10\/387101339_705200348319386_6258723830532135569_n.jpg",1200,1600,false],"thumbnail":["https:\/\/infoecos.com.ar\/wp-content\/uploads\/2023\/10\/387101339_705200348319386_6258723830532135569_n-300x150.jpg",300,150,true],"medium":["https:\/\/infoecos.com.ar\/wp-content\/uploads\/2023\/10\/387101339_705200348319386_6258723830532135569_n-600x800.jpg",600,800,true],"medium_large":["https:\/\/infoecos.com.ar\/wp-content\/uploads\/2023\/10\/387101339_705200348319386_6258723830532135569_n-768x1024.jpg",640,853,true],"large":["https:\/\/infoecos.com.ar\/wp-content\/uploads\/2023\/10\/387101339_705200348319386_6258723830532135569_n.jpg",640,853,false],"1536x1536":["https:\/\/infoecos.com.ar\/wp-content\/uploads\/2023\/10\/387101339_705200348319386_6258723830532135569_n-1152x1536.jpg",1152,1536,true],"2048x2048":["https:\/\/infoecos.com.ar\/wp-content\/uploads\/2023\/10\/387101339_705200348319386_6258723830532135569_n.jpg",1200,1600,false],"covernews-slider-full":["https:\/\/infoecos.com.ar\/wp-content\/uploads\/2023\/10\/387101339_705200348319386_6258723830532135569_n-1200x1020.jpg",841,715,true],"covernews-slider-center":["https:\/\/infoecos.com.ar\/wp-content\/uploads\/2023\/10\/387101339_705200348319386_6258723830532135569_n-936x897.jpg",522,500,true],"covernews-featured":["https:\/\/infoecos.com.ar\/wp-content\/uploads\/2023\/10\/387101339_705200348319386_6258723830532135569_n-1024x1365.jpg",1024,1365,true],"covernews-medium":["https:\/\/infoecos.com.ar\/wp-content\/uploads\/2023\/10\/387101339_705200348319386_6258723830532135569_n-720x380.jpg",540,285,true],"covernews-medium-square":["https:\/\/infoecos.com.ar\/wp-content\/uploads\/2023\/10\/387101339_705200348319386_6258723830532135569_n-675x450.jpg",375,250,true]},"author_info":{"info":["Jorge Matheus"]},"category_info":"<a href=\"https:\/\/infoecos.com.ar\/index.php\/category\/noticia-secundaria\/\" rel=\"category tag\">Noticia Secundaria<\/a>","tag_info":"Noticia Secundaria","comment_count":"0","_links":{"self":[{"href":"https:\/\/infoecos.com.ar\/index.php\/wp-json\/wp\/v2\/posts\/113733"}],"collection":[{"href":"https:\/\/infoecos.com.ar\/index.php\/wp-json\/wp\/v2\/posts"}],"about":[{"href":"https:\/\/infoecos.com.ar\/index.php\/wp-json\/wp\/v2\/types\/post"}],"author":[{"embeddable":true,"href":"https:\/\/infoecos.com.ar\/index.php\/wp-json\/wp\/v2\/users\/2"}],"replies":[{"embeddable":true,"href":"https:\/\/infoecos.com.ar\/index.php\/wp-json\/wp\/v2\/comments?post=113733"}],"version-history":[{"count":1,"href":"https:\/\/infoecos.com.ar\/index.php\/wp-json\/wp\/v2\/posts\/113733\/revisions"}],"predecessor-version":[{"id":113738,"href":"https:\/\/infoecos.com.ar\/index.php\/wp-json\/wp\/v2\/posts\/113733\/revisions\/113738"}],"wp:featuredmedia":[{"embeddable":true,"href":"https:\/\/infoecos.com.ar\/index.php\/wp-json\/wp\/v2\/media\/113734"}],"wp:attachment":[{"href":"https:\/\/infoecos.com.ar\/index.php\/wp-json\/wp\/v2\/media?parent=113733"}],"wp:term":[{"taxonomy":"category","embeddable":true,"href":"https:\/\/infoecos.com.ar\/index.php\/wp-json\/wp\/v2\/categories?post=113733"},{"taxonomy":"post_tag","embeddable":true,"href":"https:\/\/infoecos.com.ar\/index.php\/wp-json\/wp\/v2\/tags?post=113733"}],"curies":[{"name":"wp","href":"https:\/\/api.w.org\/{rel}","templated":true}]}}