{"id":113808,"date":"2023-10-09T14:26:12","date_gmt":"2023-10-09T17:26:12","guid":{"rendered":"https:\/\/infoecos.com.ar\/?p=113808"},"modified":"2023-10-17T00:24:19","modified_gmt":"2023-10-17T03:24:19","slug":"desde-hoy-nuevo-requisito-para-quienes-compren-una-moto-0-kilometro","status":"publish","type":"post","link":"https:\/\/infoecos.com.ar\/index.php\/desde-hoy-nuevo-requisito-para-quienes-compren-una-moto-0-kilometro\/","title":{"rendered":"Desde ayer nuevo requisito para quienes compren una moto 0 kil\u00f3metro"},"content":{"rendered":"\n<p>Desde este lunes hay un nuevo requisito para quienes compren una&nbsp;<strong>moto 0 kil\u00f3metro<\/strong>. La Agencia Nacional de Seguridad Vial (ANSV) dispuso que es obligatorio contratar un seguro para poder sacar la moto del concesionario e inscribirla en un Registro de la Propiedad Automotor. De esta forma, buscan que los motociclistas puedan hacerse cargo de los da\u00f1os y lesiones que puedan provocar en un accidente.<\/p>\n\n\n\n<figure class=\"wp-block-image alignright size-full is-resized\"><img loading=\"lazy\" decoding=\"async\" src=\"https:\/\/infoecos.com.ar\/wp-content\/uploads\/2023\/10\/motos.jpg\" alt=\"\" class=\"wp-image-113469\" width=\"397\" height=\"231\" srcset=\"https:\/\/infoecos.com.ar\/wp-content\/uploads\/2023\/10\/motos.jpg 880w, https:\/\/infoecos.com.ar\/wp-content\/uploads\/2023\/10\/motos-800x465.jpg 800w, https:\/\/infoecos.com.ar\/wp-content\/uploads\/2023\/10\/motos-768x447.jpg 768w\" sizes=\"(max-width: 397px) 100vw, 397px\" \/><\/figure>\n\n\n\n<p>Seg\u00fan la disposici\u00f3n 544\/2021 de la ANSV, los concesionarios y comerciantes de motos del pa\u00eds deben implementar y gestionar el Formulario Digital Motocicletas 0KM &#8211; Seguro Obligatorio Anual. La herramienta fue creada en conjunto por la agencia de seguridad vial y la Direcci\u00f3n Nacional de los Registros Nacionales de la Propiedad Automotor y Cr\u00e9ditos Prendarios (DNRPA), para que las motos cuenten con el seguro vigente antes de ser liberadas al tr\u00e1nsito y circulen en la v\u00eda p\u00fablica por primera vez, tal como lo establece el art\u00edculo 68 de la Ley Nacional de Tr\u00e1nsito.<\/p>\n\n\n\n<p>\u201cNinguna moto nueva podr\u00e1 circular por las calles si no tiene el seguro obligatorio contratado antes de salir del concesionario. Esto es algo que sucede hace muchos a\u00f1os con los autos y que&nbsp;<strong>por alg\u00fan motivo nunca se hizo con las motos<\/strong>. Con esto, el objetivo de la ANSV es modificar una vieja pr\u00e1ctica para continuar construyendo una nueva cultura vial para todos los argentinos\u201d, dijo Pablo Mart\u00ednez Carignano, director ejecutivo de la ANSV.<\/p>\n\n\n\n<p>En cuanto a los usuarios, la ANSV trabajar\u00e1 articuladamente con Cruz Roja Argentina para realizar un seguimiento, brindar asistencia t\u00e9cnica e informaci\u00f3n de concientizaci\u00f3n vial a todos los que adquieran una moto 0 km y gestionen el seguro. Es importante destacar que, al momento de la adquisici\u00f3n, el comprador tendr\u00e1 la opci\u00f3n de elegir la p\u00f3liza de seguro que se ajuste a sus necesidades.<\/p>\n\n\n\n<p>Esta medida apunta a que si un motociclista se ve involucrado en un incidente de tr\u00e1nsito pueda<strong>&nbsp;hacerse cargo del hecho<\/strong>&nbsp;y cubrir los da\u00f1os ocasionados a trav\u00e9s de un seguro legal y vigente. Adem\u00e1s, se busca continuar impulsando acciones que impliquen un avance en la seguridad vial en el pa\u00eds y mejoren las condiciones de circulaci\u00f3n de los motociclistas, quienes en el 2022 representaron&nbsp;<strong>4 de cada 10 v\u00edctimas fatales<\/strong>&nbsp;en hechos viales.<\/p>\n\n\n\n<p>La Asociaci\u00f3n Argentina de Motoveh\u00edculos (Mottos) celebr\u00f3 la medida e inform\u00f3 que en el pa\u00eds hay&nbsp;<strong>9,5 millones de unidades<\/strong>, de las cuales se estima que<strong>&nbsp;s\u00f3lo el 20%<\/strong>&nbsp;tiene una cobertura de seguros vigente.<\/p>\n","protected":false},"excerpt":{"rendered":"<p>La herramienta fue creada en conjunto por la agencia de seguridad vial y la Direcci\u00f3n Nacional de los Registros Nacionales de la Propiedad Automotor y Cr\u00e9ditos Prendarios (DNRPA)<\/p>\n","protected":false},"author":2,"featured_media":113469,"comment_status":"closed","ping_status":"open","sticky":false,"template":"","format":"standard","meta":{"footnotes":""},"categories":[201],"tags":[9384],"class_list":["post-113808","post","type-post","status-publish","format-standard","has-post-thumbnail","hentry","category-inferior9","tag-con-seguro-o-no-hay-circulacion"],"yoast_head":"<!-- This site is optimized with the Yoast SEO plugin v23.4 - https:\/\/yoast.com\/wordpress\/plugins\/seo\/ -->\n<title>Desde ayer nuevo requisito para quienes compren una moto 0 kil\u00f3metro - Infoecos<\/title>\n<meta name=\"robots\" content=\"index, follow, max-snippet:-1, max-image-preview:large, max-video-preview:-1\" \/>\n<link rel=\"canonical\" href=\"https:\/\/infoecos.com.ar\/index.php\/desde-hoy-nuevo-requisito-para-quienes-compren-una-moto-0-kilometro\/\" \/>\n<meta property=\"og:locale\" content=\"es_ES\" \/>\n<meta property=\"og:type\" content=\"article\" \/>\n<meta property=\"og:title\" content=\"Desde ayer nuevo requisito para quienes compren una moto 0 kil\u00f3metro - Infoecos\" \/>\n<meta property=\"og:description\" content=\"La herramienta fue creada en conjunto por la agencia de seguridad vial y la Direcci\u00f3n Nacional de los Registros Nacionales de la Propiedad Automotor y Cr\u00e9ditos Prendarios (DNRPA)\" \/>\n<meta property=\"og:url\" content=\"https:\/\/infoecos.com.ar\/index.php\/desde-hoy-nuevo-requisito-para-quienes-compren-una-moto-0-kilometro\/\" \/>\n<meta property=\"og:site_name\" content=\"Infoecos\" \/>\n<meta property=\"article:publisher\" content=\"https:\/\/www.facebook.com\/profile.php?id=100063200290284\" \/>\n<meta property=\"article:published_time\" content=\"2023-10-09T17:26:12+00:00\" \/>\n<meta property=\"article:modified_time\" content=\"2023-10-17T03:24:19+00:00\" \/>\n<meta property=\"og:image\" content=\"https:\/\/infoecos.com.ar\/wp-content\/uploads\/2023\/10\/motos.jpg\" \/>\n\t<meta property=\"og:image:width\" content=\"880\" \/>\n\t<meta property=\"og:image:height\" content=\"512\" \/>\n\t<meta property=\"og:image:type\" content=\"image\/jpeg\" \/>\n<meta name=\"author\" content=\"Jorge Matheus\" \/>\n<meta name=\"twitter:card\" content=\"summary_large_image\" \/>\n<meta name=\"twitter:creator\" content=\"@infoecos\" \/>\n<meta name=\"twitter:site\" content=\"@infoecos\" \/>\n<meta name=\"twitter:label1\" content=\"Escrito por\" \/>\n\t<meta name=\"twitter:data1\" content=\"Jorge Matheus\" \/>\n\t<meta name=\"twitter:label2\" content=\"Tiempo de lectura\" \/>\n\t<meta name=\"twitter:data2\" content=\"3 minutos\" \/>\n<script type=\"application\/ld+json\" class=\"yoast-schema-graph\">{\"@context\":\"https:\/\/schema.org\",\"@graph\":[{\"@type\":\"Article\",\"@id\":\"https:\/\/infoecos.com.ar\/index.php\/desde-hoy-nuevo-requisito-para-quienes-compren-una-moto-0-kilometro\/#article\",\"isPartOf\":{\"@id\":\"https:\/\/infoecos.com.ar\/index.php\/desde-hoy-nuevo-requisito-para-quienes-compren-una-moto-0-kilometro\/\"},\"author\":{\"name\":\"Jorge Matheus\",\"@id\":\"https:\/\/infoecos.com.ar\/#\/schema\/person\/8f5ace5ce73b4b4aac4b7245aee6f191\"},\"headline\":\"Desde ayer nuevo requisito para quienes compren una moto 0 kil\u00f3metro\",\"datePublished\":\"2023-10-09T17:26:12+00:00\",\"dateModified\":\"2023-10-17T03:24:19+00:00\",\"mainEntityOfPage\":{\"@id\":\"https:\/\/infoecos.com.ar\/index.php\/desde-hoy-nuevo-requisito-para-quienes-compren-una-moto-0-kilometro\/\"},\"wordCount\":449,\"publisher\":{\"@id\":\"https:\/\/infoecos.com.ar\/#organization\"},\"image\":{\"@id\":\"https:\/\/infoecos.com.ar\/index.php\/desde-hoy-nuevo-requisito-para-quienes-compren-una-moto-0-kilometro\/#primaryimage\"},\"thumbnailUrl\":\"https:\/\/infoecos.com.ar\/wp-content\/uploads\/2023\/10\/motos.jpg\",\"keywords\":[\"con seguro o no hay circulaci\u00f3n\"],\"articleSection\":[\"Bloque inferior - 9\"],\"inLanguage\":\"es\"},{\"@type\":\"WebPage\",\"@id\":\"https:\/\/infoecos.com.ar\/index.php\/desde-hoy-nuevo-requisito-para-quienes-compren-una-moto-0-kilometro\/\",\"url\":\"https:\/\/infoecos.com.ar\/index.php\/desde-hoy-nuevo-requisito-para-quienes-compren-una-moto-0-kilometro\/\",\"name\":\"Desde ayer nuevo requisito para quienes compren una moto 0 kil\u00f3metro - Infoecos\",\"isPartOf\":{\"@id\":\"https:\/\/infoecos.com.ar\/#website\"},\"primaryImageOfPage\":{\"@id\":\"https:\/\/infoecos.com.ar\/index.php\/desde-hoy-nuevo-requisito-para-quienes-compren-una-moto-0-kilometro\/#primaryimage\"},\"image\":{\"@id\":\"https:\/\/infoecos.com.ar\/index.php\/desde-hoy-nuevo-requisito-para-quienes-compren-una-moto-0-kilometro\/#primaryimage\"},\"thumbnailUrl\":\"https:\/\/infoecos.com.ar\/wp-content\/uploads\/2023\/10\/motos.jpg\",\"datePublished\":\"2023-10-09T17:26:12+00:00\",\"dateModified\":\"2023-10-17T03:24:19+00:00\",\"breadcrumb\":{\"@id\":\"https:\/\/infoecos.com.ar\/index.php\/desde-hoy-nuevo-requisito-para-quienes-compren-una-moto-0-kilometro\/#breadcrumb\"},\"inLanguage\":\"es\",\"potentialAction\":[{\"@type\":\"ReadAction\",\"target\":[\"https:\/\/infoecos.com.ar\/index.php\/desde-hoy-nuevo-requisito-para-quienes-compren-una-moto-0-kilometro\/\"]}]},{\"@type\":\"ImageObject\",\"inLanguage\":\"es\",\"@id\":\"https:\/\/infoecos.com.ar\/index.php\/desde-hoy-nuevo-requisito-para-quienes-compren-una-moto-0-kilometro\/#primaryimage\",\"url\":\"https:\/\/infoecos.com.ar\/wp-content\/uploads\/2023\/10\/motos.jpg\",\"contentUrl\":\"https:\/\/infoecos.com.ar\/wp-content\/uploads\/2023\/10\/motos.jpg\",\"width\":880,\"height\":512},{\"@type\":\"BreadcrumbList\",\"@id\":\"https:\/\/infoecos.com.ar\/index.php\/desde-hoy-nuevo-requisito-para-quienes-compren-una-moto-0-kilometro\/#breadcrumb\",\"itemListElement\":[{\"@type\":\"ListItem\",\"position\":1,\"name\":\"Portada\",\"item\":\"https:\/\/infoecos.com.ar\/\"},{\"@type\":\"ListItem\",\"position\":2,\"name\":\"Desde ayer nuevo requisito para quienes compren una moto 0 kil\u00f3metro\"}]},{\"@type\":\"WebSite\",\"@id\":\"https:\/\/infoecos.com.ar\/#website\",\"url\":\"https:\/\/infoecos.com.ar\/\",\"name\":\"Infoecos\",\"description\":\"Noticias de trenque lauquen y la zona\",\"publisher\":{\"@id\":\"https:\/\/infoecos.com.ar\/#organization\"},\"alternateName\":\"Noticias\",\"potentialAction\":[{\"@type\":\"SearchAction\",\"target\":{\"@type\":\"EntryPoint\",\"urlTemplate\":\"https:\/\/infoecos.com.ar\/?s={search_term_string}\"},\"query-input\":{\"@type\":\"PropertyValueSpecification\",\"valueRequired\":true,\"valueName\":\"search_term_string\"}}],\"inLanguage\":\"es\"},{\"@type\":\"Organization\",\"@id\":\"https:\/\/infoecos.com.ar\/#organization\",\"name\":\"Infoecos\",\"alternateName\":\"Noticias\",\"url\":\"https:\/\/infoecos.com.ar\/\",\"logo\":{\"@type\":\"ImageObject\",\"inLanguage\":\"es\",\"@id\":\"https:\/\/infoecos.com.ar\/#\/schema\/logo\/image\/\",\"url\":\"https:\/\/infoecos.com.ar\/wp-content\/uploads\/2024\/03\/cropped-logo.png\",\"contentUrl\":\"https:\/\/infoecos.com.ar\/wp-content\/uploads\/2024\/03\/cropped-logo.png\",\"width\":374,\"height\":90,\"caption\":\"Infoecos\"},\"image\":{\"@id\":\"https:\/\/infoecos.com.ar\/#\/schema\/logo\/image\/\"},\"sameAs\":[\"https:\/\/www.facebook.com\/profile.php?id=100063200290284\",\"https:\/\/x.com\/infoecos\"]},{\"@type\":\"Person\",\"@id\":\"https:\/\/infoecos.com.ar\/#\/schema\/person\/8f5ace5ce73b4b4aac4b7245aee6f191\",\"name\":\"Jorge Matheus\",\"url\":\"https:\/\/infoecos.com.ar\/index.php\/author\/jomatheus\/\"}]}<\/script>\n<!-- \/ Yoast SEO plugin. -->","yoast_head_json":{"title":"Desde ayer nuevo requisito para quienes compren una moto 0 kil\u00f3metro - Infoecos","robots":{"index":"index","follow":"follow","max-snippet":"max-snippet:-1","max-image-preview":"max-image-preview:large","max-video-preview":"max-video-preview:-1"},"canonical":"https:\/\/infoecos.com.ar\/index.php\/desde-hoy-nuevo-requisito-para-quienes-compren-una-moto-0-kilometro\/","og_locale":"es_ES","og_type":"article","og_title":"Desde ayer nuevo requisito para quienes compren una moto 0 kil\u00f3metro - Infoecos","og_description":"La herramienta fue creada en conjunto por la agencia de seguridad vial y la Direcci\u00f3n Nacional de los Registros Nacionales de la Propiedad Automotor y Cr\u00e9ditos Prendarios (DNRPA)","og_url":"https:\/\/infoecos.com.ar\/index.php\/desde-hoy-nuevo-requisito-para-quienes-compren-una-moto-0-kilometro\/","og_site_name":"Infoecos","article_publisher":"https:\/\/www.facebook.com\/profile.php?id=100063200290284","article_published_time":"2023-10-09T17:26:12+00:00","article_modified_time":"2023-10-17T03:24:19+00:00","og_image":[{"width":880,"height":512,"url":"https:\/\/infoecos.com.ar\/wp-content\/uploads\/2023\/10\/motos.jpg","type":"image\/jpeg"}],"author":"Jorge Matheus","twitter_card":"summary_large_image","twitter_creator":"@infoecos","twitter_site":"@infoecos","twitter_misc":{"Escrito por":"Jorge Matheus","Tiempo de lectura":"3 minutos"},"schema":{"@context":"https:\/\/schema.org","@graph":[{"@type":"Article","@id":"https:\/\/infoecos.com.ar\/index.php\/desde-hoy-nuevo-requisito-para-quienes-compren-una-moto-0-kilometro\/#article","isPartOf":{"@id":"https:\/\/infoecos.com.ar\/index.php\/desde-hoy-nuevo-requisito-para-quienes-compren-una-moto-0-kilometro\/"},"author":{"name":"Jorge Matheus","@id":"https:\/\/infoecos.com.ar\/#\/schema\/person\/8f5ace5ce73b4b4aac4b7245aee6f191"},"headline":"Desde ayer nuevo requisito para quienes compren una moto 0 kil\u00f3metro","datePublished":"2023-10-09T17:26:12+00:00","dateModified":"2023-10-17T03:24:19+00:00","mainEntityOfPage":{"@id":"https:\/\/infoecos.com.ar\/index.php\/desde-hoy-nuevo-requisito-para-quienes-compren-una-moto-0-kilometro\/"},"wordCount":449,"publisher":{"@id":"https:\/\/infoecos.com.ar\/#organization"},"image":{"@id":"https:\/\/infoecos.com.ar\/index.php\/desde-hoy-nuevo-requisito-para-quienes-compren-una-moto-0-kilometro\/#primaryimage"},"thumbnailUrl":"https:\/\/infoecos.com.ar\/wp-content\/uploads\/2023\/10\/motos.jpg","keywords":["con seguro o no hay circulaci\u00f3n"],"articleSection":["Bloque inferior - 9"],"inLanguage":"es"},{"@type":"WebPage","@id":"https:\/\/infoecos.com.ar\/index.php\/desde-hoy-nuevo-requisito-para-quienes-compren-una-moto-0-kilometro\/","url":"https:\/\/infoecos.com.ar\/index.php\/desde-hoy-nuevo-requisito-para-quienes-compren-una-moto-0-kilometro\/","name":"Desde ayer nuevo requisito para quienes compren una moto 0 kil\u00f3metro - Infoecos","isPartOf":{"@id":"https:\/\/infoecos.com.ar\/#website"},"primaryImageOfPage":{"@id":"https:\/\/infoecos.com.ar\/index.php\/desde-hoy-nuevo-requisito-para-quienes-compren-una-moto-0-kilometro\/#primaryimage"},"image":{"@id":"https:\/\/infoecos.com.ar\/index.php\/desde-hoy-nuevo-requisito-para-quienes-compren-una-moto-0-kilometro\/#primaryimage"},"thumbnailUrl":"https:\/\/infoecos.com.ar\/wp-content\/uploads\/2023\/10\/motos.jpg","datePublished":"2023-10-09T17:26:12+00:00","dateModified":"2023-10-17T03:24:19+00:00","breadcrumb":{"@id":"https:\/\/infoecos.com.ar\/index.php\/desde-hoy-nuevo-requisito-para-quienes-compren-una-moto-0-kilometro\/#breadcrumb"},"inLanguage":"es","potentialAction":[{"@type":"ReadAction","target":["https:\/\/infoecos.com.ar\/index.php\/desde-hoy-nuevo-requisito-para-quienes-compren-una-moto-0-kilometro\/"]}]},{"@type":"ImageObject","inLanguage":"es","@id":"https:\/\/infoecos.com.ar\/index.php\/desde-hoy-nuevo-requisito-para-quienes-compren-una-moto-0-kilometro\/#primaryimage","url":"https:\/\/infoecos.com.ar\/wp-content\/uploads\/2023\/10\/motos.jpg","contentUrl":"https:\/\/infoecos.com.ar\/wp-content\/uploads\/2023\/10\/motos.jpg","width":880,"height":512},{"@type":"BreadcrumbList","@id":"https:\/\/infoecos.com.ar\/index.php\/desde-hoy-nuevo-requisito-para-quienes-compren-una-moto-0-kilometro\/#breadcrumb","itemListElement":[{"@type":"ListItem","position":1,"name":"Portada","item":"https:\/\/infoecos.com.ar\/"},{"@type":"ListItem","position":2,"name":"Desde ayer nuevo requisito para quienes compren una moto 0 kil\u00f3metro"}]},{"@type":"WebSite","@id":"https:\/\/infoecos.com.ar\/#website","url":"https:\/\/infoecos.com.ar\/","name":"Infoecos","description":"Noticias de trenque lauquen y la zona","publisher":{"@id":"https:\/\/infoecos.com.ar\/#organization"},"alternateName":"Noticias","potentialAction":[{"@type":"SearchAction","target":{"@type":"EntryPoint","urlTemplate":"https:\/\/infoecos.com.ar\/?s={search_term_string}"},"query-input":{"@type":"PropertyValueSpecification","valueRequired":true,"valueName":"search_term_string"}}],"inLanguage":"es"},{"@type":"Organization","@id":"https:\/\/infoecos.com.ar\/#organization","name":"Infoecos","alternateName":"Noticias","url":"https:\/\/infoecos.com.ar\/","logo":{"@type":"ImageObject","inLanguage":"es","@id":"https:\/\/infoecos.com.ar\/#\/schema\/logo\/image\/","url":"https:\/\/infoecos.com.ar\/wp-content\/uploads\/2024\/03\/cropped-logo.png","contentUrl":"https:\/\/infoecos.com.ar\/wp-content\/uploads\/2024\/03\/cropped-logo.png","width":374,"height":90,"caption":"Infoecos"},"image":{"@id":"https:\/\/infoecos.com.ar\/#\/schema\/logo\/image\/"},"sameAs":["https:\/\/www.facebook.com\/profile.php?id=100063200290284","https:\/\/x.com\/infoecos"]},{"@type":"Person","@id":"https:\/\/infoecos.com.ar\/#\/schema\/person\/8f5ace5ce73b4b4aac4b7245aee6f191","name":"Jorge Matheus","url":"https:\/\/infoecos.com.ar\/index.php\/author\/jomatheus\/"}]}},"featured_image_urls":{"full":["https:\/\/infoecos.com.ar\/wp-content\/uploads\/2023\/10\/motos.jpg",880,512,false],"thumbnail":["https:\/\/infoecos.com.ar\/wp-content\/uploads\/2023\/10\/motos-300x150.jpg",300,150,true],"medium":["https:\/\/infoecos.com.ar\/wp-content\/uploads\/2023\/10\/motos-800x465.jpg",800,465,true],"medium_large":["https:\/\/infoecos.com.ar\/wp-content\/uploads\/2023\/10\/motos-768x447.jpg",640,373,true],"large":["https:\/\/infoecos.com.ar\/wp-content\/uploads\/2023\/10\/motos.jpg",640,372,false],"1536x1536":["https:\/\/infoecos.com.ar\/wp-content\/uploads\/2023\/10\/motos.jpg",880,512,false],"2048x2048":["https:\/\/infoecos.com.ar\/wp-content\/uploads\/2023\/10\/motos.jpg",880,512,false],"covernews-slider-full":["https:\/\/infoecos.com.ar\/wp-content\/uploads\/2023\/10\/motos.jpg",880,512,false],"covernews-slider-center":["https:\/\/infoecos.com.ar\/wp-content\/uploads\/2023\/10\/motos.jpg",800,465,false],"covernews-featured":["https:\/\/infoecos.com.ar\/wp-content\/uploads\/2023\/10\/motos.jpg",880,512,false],"covernews-medium":["https:\/\/infoecos.com.ar\/wp-content\/uploads\/2023\/10\/motos-720x380.jpg",540,285,true],"covernews-medium-square":["https:\/\/infoecos.com.ar\/wp-content\/uploads\/2023\/10\/motos-675x450.jpg",375,250,true]},"author_info":{"info":["Jorge Matheus"]},"category_info":"<a href=\"https:\/\/infoecos.com.ar\/index.php\/category\/inferior9\/\" rel=\"category tag\">Bloque inferior - 9<\/a>","tag_info":"Bloque inferior - 9","comment_count":"0","_links":{"self":[{"href":"https:\/\/infoecos.com.ar\/index.php\/wp-json\/wp\/v2\/posts\/113808"}],"collection":[{"href":"https:\/\/infoecos.com.ar\/index.php\/wp-json\/wp\/v2\/posts"}],"about":[{"href":"https:\/\/infoecos.com.ar\/index.php\/wp-json\/wp\/v2\/types\/post"}],"author":[{"embeddable":true,"href":"https:\/\/infoecos.com.ar\/index.php\/wp-json\/wp\/v2\/users\/2"}],"replies":[{"embeddable":true,"href":"https:\/\/infoecos.com.ar\/index.php\/wp-json\/wp\/v2\/comments?post=113808"}],"version-history":[{"count":3,"href":"https:\/\/infoecos.com.ar\/index.php\/wp-json\/wp\/v2\/posts\/113808\/revisions"}],"predecessor-version":[{"id":114193,"href":"https:\/\/infoecos.com.ar\/index.php\/wp-json\/wp\/v2\/posts\/113808\/revisions\/114193"}],"wp:featuredmedia":[{"embeddable":true,"href":"https:\/\/infoecos.com.ar\/index.php\/wp-json\/wp\/v2\/media\/113469"}],"wp:attachment":[{"href":"https:\/\/infoecos.com.ar\/index.php\/wp-json\/wp\/v2\/media?parent=113808"}],"wp:term":[{"taxonomy":"category","embeddable":true,"href":"https:\/\/infoecos.com.ar\/index.php\/wp-json\/wp\/v2\/categories?post=113808"},{"taxonomy":"post_tag","embeddable":true,"href":"https:\/\/infoecos.com.ar\/index.php\/wp-json\/wp\/v2\/tags?post=113808"}],"curies":[{"name":"wp","href":"https:\/\/api.w.org\/{rel}","templated":true}]}}