{"id":113829,"date":"2023-10-09T17:48:31","date_gmt":"2023-10-09T20:48:31","guid":{"rendered":"https:\/\/infoecos.com.ar\/?p=113829"},"modified":"2023-10-11T03:26:50","modified_gmt":"2023-10-11T06:26:50","slug":"programa-provincial-de-oxigenoterapia-190-concentradores-en-zona-sanitaria-ii","status":"publish","type":"post","link":"https:\/\/infoecos.com.ar\/index.php\/programa-provincial-de-oxigenoterapia-190-concentradores-en-zona-sanitaria-ii\/","title":{"rendered":"Programa Provincial de Oxigenoterapia: 190 concentradores en Zona Sanitaria II"},"content":{"rendered":"\n<p>Las entregas se enmarcan en el Programa Provincial de Oxigenoterapia. <\/p>\n\n\n\n<figure class=\"wp-block-image alignright size-full is-resized\"><img loading=\"lazy\" decoding=\"async\" src=\"https:\/\/infoecos.com.ar\/wp-content\/uploads\/2023\/10\/Concentradores-de-oxigeno.jpg\" alt=\"\" class=\"wp-image-113830\" width=\"339\" height=\"225\" srcset=\"https:\/\/infoecos.com.ar\/wp-content\/uploads\/2023\/10\/Concentradores-de-oxigeno.jpg 1600w, https:\/\/infoecos.com.ar\/wp-content\/uploads\/2023\/10\/Concentradores-de-oxigeno-800x533.jpg 800w, https:\/\/infoecos.com.ar\/wp-content\/uploads\/2023\/10\/Concentradores-de-oxigeno-768x512.jpg 768w, https:\/\/infoecos.com.ar\/wp-content\/uploads\/2023\/10\/Concentradores-de-oxigeno-1536x1020.jpg 1536w, https:\/\/infoecos.com.ar\/wp-content\/uploads\/2023\/10\/Concentradores-de-oxigeno-1024x682.jpg 1024w, https:\/\/infoecos.com.ar\/wp-content\/uploads\/2023\/10\/Concentradores-de-oxigeno-675x450.jpg 675w\" sizes=\"(max-width: 339px) 100vw, 339px\" \/><\/figure>\n\n\n\n<p>En Regi\u00f3n Sanitaria II se llevar\u00e1 adelante en articulaci\u00f3n con el equipo de rehabilitaci\u00f3n respiratoria y neumonologia del Hospital Provincial Julio de Vedia ubicado en la ciudad de 9 de Julio.<\/p>\n\n\n\n<p>Los equipos est\u00e1n destinados para pacientes que requieren ox\u00edgeno-terapia domiciliaria.<\/p>\n\n\n\n<p>\u201cLos concentradores entregados Yuwell 7F-10 y Yuwell 8F-5AW, son recursos vitales, ya que son dispositivos m\u00e9dicos destinados a proveer un suministro continuo de ox\u00edgeno en concentraciones m\u00e1s altas que las del aire ambiente\u201d, expres\u00f3 el Dr. Pedro Hern\u00e1ndez, director ejecutivo de Regi\u00f3n Sanitaria II.<\/p>\n\n\n\n<p>Adem\u00e1s, agreg\u00f3: \u201ces una gran inversi\u00f3n que realiza el Ministerio de Salud y la Provincia para mejorar la calidad de vida de los pacientes que necesitan este&nbsp;tratamiento.\u201d<\/p>\n","protected":false},"excerpt":{"rendered":"<p>\u201cLos concentradores entregados Yuwell 7F-10 y Yuwell 8F-5AW, son recursos vitales, ya que son dispositivos m\u00e9dicos destinados a proveer un suministro continuo de ox\u00edgeno en concentraciones m\u00e1s altas que las del aire ambiente\u201d, expres\u00f3 el Dr. Pedro Hern\u00e1ndez<\/p>\n","protected":false},"author":2,"featured_media":113831,"comment_status":"closed","ping_status":"open","sticky":false,"template":"","format":"standard","meta":{"footnotes":""},"categories":[1325],"tags":[9392],"class_list":["post-113829","post","type-post","status-publish","format-standard","has-post-thumbnail","hentry","category-c1nota6","tag-positiva-inversion-en-salud"],"yoast_head":"<!-- This site is optimized with the Yoast SEO plugin v23.4 - https:\/\/yoast.com\/wordpress\/plugins\/seo\/ -->\n<title>Programa Provincial de Oxigenoterapia: 190 concentradores en Zona Sanitaria II - Infoecos<\/title>\n<meta name=\"robots\" content=\"index, follow, max-snippet:-1, max-image-preview:large, max-video-preview:-1\" \/>\n<link rel=\"canonical\" href=\"https:\/\/infoecos.com.ar\/index.php\/programa-provincial-de-oxigenoterapia-190-concentradores-en-zona-sanitaria-ii\/\" \/>\n<meta property=\"og:locale\" content=\"es_ES\" \/>\n<meta property=\"og:type\" content=\"article\" \/>\n<meta property=\"og:title\" content=\"Programa Provincial de Oxigenoterapia: 190 concentradores en Zona Sanitaria II - Infoecos\" \/>\n<meta property=\"og:description\" content=\"\u201cLos concentradores entregados Yuwell 7F-10 y Yuwell 8F-5AW, son recursos vitales, ya que son dispositivos m\u00e9dicos destinados a proveer un suministro continuo de ox\u00edgeno en concentraciones m\u00e1s altas que las del aire ambiente\u201d, expres\u00f3 el Dr. Pedro Hern\u00e1ndez\" \/>\n<meta property=\"og:url\" content=\"https:\/\/infoecos.com.ar\/index.php\/programa-provincial-de-oxigenoterapia-190-concentradores-en-zona-sanitaria-ii\/\" \/>\n<meta property=\"og:site_name\" content=\"Infoecos\" \/>\n<meta property=\"article:publisher\" content=\"https:\/\/www.facebook.com\/profile.php?id=100063200290284\" \/>\n<meta property=\"article:published_time\" content=\"2023-10-09T20:48:31+00:00\" \/>\n<meta property=\"article:modified_time\" content=\"2023-10-11T06:26:50+00:00\" \/>\n<meta property=\"og:image\" content=\"https:\/\/infoecos.com.ar\/wp-content\/uploads\/2023\/10\/Concentradores-de-oxigeno1.jpg\" \/>\n\t<meta property=\"og:image:width\" content=\"1600\" \/>\n\t<meta property=\"og:image:height\" content=\"948\" \/>\n\t<meta property=\"og:image:type\" content=\"image\/jpeg\" \/>\n<meta name=\"author\" content=\"Jorge Matheus\" \/>\n<meta name=\"twitter:card\" content=\"summary_large_image\" \/>\n<meta name=\"twitter:creator\" content=\"@infoecos\" \/>\n<meta name=\"twitter:site\" content=\"@infoecos\" \/>\n<meta name=\"twitter:label1\" content=\"Escrito por\" \/>\n\t<meta name=\"twitter:data1\" content=\"Jorge Matheus\" \/>\n\t<meta name=\"twitter:label2\" content=\"Tiempo de lectura\" \/>\n\t<meta name=\"twitter:data2\" content=\"1 minuto\" \/>\n<script type=\"application\/ld+json\" class=\"yoast-schema-graph\">{\"@context\":\"https:\/\/schema.org\",\"@graph\":[{\"@type\":\"Article\",\"@id\":\"https:\/\/infoecos.com.ar\/index.php\/programa-provincial-de-oxigenoterapia-190-concentradores-en-zona-sanitaria-ii\/#article\",\"isPartOf\":{\"@id\":\"https:\/\/infoecos.com.ar\/index.php\/programa-provincial-de-oxigenoterapia-190-concentradores-en-zona-sanitaria-ii\/\"},\"author\":{\"name\":\"Jorge Matheus\",\"@id\":\"https:\/\/infoecos.com.ar\/#\/schema\/person\/8f5ace5ce73b4b4aac4b7245aee6f191\"},\"headline\":\"Programa Provincial de Oxigenoterapia: 190 concentradores en Zona Sanitaria II\",\"datePublished\":\"2023-10-09T20:48:31+00:00\",\"dateModified\":\"2023-10-11T06:26:50+00:00\",\"mainEntityOfPage\":{\"@id\":\"https:\/\/infoecos.com.ar\/index.php\/programa-provincial-de-oxigenoterapia-190-concentradores-en-zona-sanitaria-ii\/\"},\"wordCount\":145,\"publisher\":{\"@id\":\"https:\/\/infoecos.com.ar\/#organization\"},\"image\":{\"@id\":\"https:\/\/infoecos.com.ar\/index.php\/programa-provincial-de-oxigenoterapia-190-concentradores-en-zona-sanitaria-ii\/#primaryimage\"},\"thumbnailUrl\":\"https:\/\/infoecos.com.ar\/wp-content\/uploads\/2023\/10\/Concentradores-de-oxigeno1.jpg\",\"keywords\":[\"POSITIVA INVERSI\u00d3N EN SALUD\"],\"articleSection\":[\"C1 nota 6\"],\"inLanguage\":\"es\"},{\"@type\":\"WebPage\",\"@id\":\"https:\/\/infoecos.com.ar\/index.php\/programa-provincial-de-oxigenoterapia-190-concentradores-en-zona-sanitaria-ii\/\",\"url\":\"https:\/\/infoecos.com.ar\/index.php\/programa-provincial-de-oxigenoterapia-190-concentradores-en-zona-sanitaria-ii\/\",\"name\":\"Programa Provincial de Oxigenoterapia: 190 concentradores en Zona Sanitaria II - Infoecos\",\"isPartOf\":{\"@id\":\"https:\/\/infoecos.com.ar\/#website\"},\"primaryImageOfPage\":{\"@id\":\"https:\/\/infoecos.com.ar\/index.php\/programa-provincial-de-oxigenoterapia-190-concentradores-en-zona-sanitaria-ii\/#primaryimage\"},\"image\":{\"@id\":\"https:\/\/infoecos.com.ar\/index.php\/programa-provincial-de-oxigenoterapia-190-concentradores-en-zona-sanitaria-ii\/#primaryimage\"},\"thumbnailUrl\":\"https:\/\/infoecos.com.ar\/wp-content\/uploads\/2023\/10\/Concentradores-de-oxigeno1.jpg\",\"datePublished\":\"2023-10-09T20:48:31+00:00\",\"dateModified\":\"2023-10-11T06:26:50+00:00\",\"breadcrumb\":{\"@id\":\"https:\/\/infoecos.com.ar\/index.php\/programa-provincial-de-oxigenoterapia-190-concentradores-en-zona-sanitaria-ii\/#breadcrumb\"},\"inLanguage\":\"es\",\"potentialAction\":[{\"@type\":\"ReadAction\",\"target\":[\"https:\/\/infoecos.com.ar\/index.php\/programa-provincial-de-oxigenoterapia-190-concentradores-en-zona-sanitaria-ii\/\"]}]},{\"@type\":\"ImageObject\",\"inLanguage\":\"es\",\"@id\":\"https:\/\/infoecos.com.ar\/index.php\/programa-provincial-de-oxigenoterapia-190-concentradores-en-zona-sanitaria-ii\/#primaryimage\",\"url\":\"https:\/\/infoecos.com.ar\/wp-content\/uploads\/2023\/10\/Concentradores-de-oxigeno1.jpg\",\"contentUrl\":\"https:\/\/infoecos.com.ar\/wp-content\/uploads\/2023\/10\/Concentradores-de-oxigeno1.jpg\",\"width\":1600,\"height\":948},{\"@type\":\"BreadcrumbList\",\"@id\":\"https:\/\/infoecos.com.ar\/index.php\/programa-provincial-de-oxigenoterapia-190-concentradores-en-zona-sanitaria-ii\/#breadcrumb\",\"itemListElement\":[{\"@type\":\"ListItem\",\"position\":1,\"name\":\"Portada\",\"item\":\"https:\/\/infoecos.com.ar\/\"},{\"@type\":\"ListItem\",\"position\":2,\"name\":\"Programa Provincial de Oxigenoterapia: 190 concentradores en Zona Sanitaria II\"}]},{\"@type\":\"WebSite\",\"@id\":\"https:\/\/infoecos.com.ar\/#website\",\"url\":\"https:\/\/infoecos.com.ar\/\",\"name\":\"Infoecos\",\"description\":\"Noticias de trenque lauquen y la zona\",\"publisher\":{\"@id\":\"https:\/\/infoecos.com.ar\/#organization\"},\"alternateName\":\"Noticias\",\"potentialAction\":[{\"@type\":\"SearchAction\",\"target\":{\"@type\":\"EntryPoint\",\"urlTemplate\":\"https:\/\/infoecos.com.ar\/?s={search_term_string}\"},\"query-input\":{\"@type\":\"PropertyValueSpecification\",\"valueRequired\":true,\"valueName\":\"search_term_string\"}}],\"inLanguage\":\"es\"},{\"@type\":\"Organization\",\"@id\":\"https:\/\/infoecos.com.ar\/#organization\",\"name\":\"Infoecos\",\"alternateName\":\"Noticias\",\"url\":\"https:\/\/infoecos.com.ar\/\",\"logo\":{\"@type\":\"ImageObject\",\"inLanguage\":\"es\",\"@id\":\"https:\/\/infoecos.com.ar\/#\/schema\/logo\/image\/\",\"url\":\"https:\/\/infoecos.com.ar\/wp-content\/uploads\/2024\/03\/cropped-logo.png\",\"contentUrl\":\"https:\/\/infoecos.com.ar\/wp-content\/uploads\/2024\/03\/cropped-logo.png\",\"width\":374,\"height\":90,\"caption\":\"Infoecos\"},\"image\":{\"@id\":\"https:\/\/infoecos.com.ar\/#\/schema\/logo\/image\/\"},\"sameAs\":[\"https:\/\/www.facebook.com\/profile.php?id=100063200290284\",\"https:\/\/x.com\/infoecos\"]},{\"@type\":\"Person\",\"@id\":\"https:\/\/infoecos.com.ar\/#\/schema\/person\/8f5ace5ce73b4b4aac4b7245aee6f191\",\"name\":\"Jorge Matheus\",\"url\":\"https:\/\/infoecos.com.ar\/index.php\/author\/jomatheus\/\"}]}<\/script>\n<!-- \/ Yoast SEO plugin. -->","yoast_head_json":{"title":"Programa Provincial de Oxigenoterapia: 190 concentradores en Zona Sanitaria II - Infoecos","robots":{"index":"index","follow":"follow","max-snippet":"max-snippet:-1","max-image-preview":"max-image-preview:large","max-video-preview":"max-video-preview:-1"},"canonical":"https:\/\/infoecos.com.ar\/index.php\/programa-provincial-de-oxigenoterapia-190-concentradores-en-zona-sanitaria-ii\/","og_locale":"es_ES","og_type":"article","og_title":"Programa Provincial de Oxigenoterapia: 190 concentradores en Zona Sanitaria II - Infoecos","og_description":"\u201cLos concentradores entregados Yuwell 7F-10 y Yuwell 8F-5AW, son recursos vitales, ya que son dispositivos m\u00e9dicos destinados a proveer un suministro continuo de ox\u00edgeno en concentraciones m\u00e1s altas que las del aire ambiente\u201d, expres\u00f3 el Dr. Pedro Hern\u00e1ndez","og_url":"https:\/\/infoecos.com.ar\/index.php\/programa-provincial-de-oxigenoterapia-190-concentradores-en-zona-sanitaria-ii\/","og_site_name":"Infoecos","article_publisher":"https:\/\/www.facebook.com\/profile.php?id=100063200290284","article_published_time":"2023-10-09T20:48:31+00:00","article_modified_time":"2023-10-11T06:26:50+00:00","og_image":[{"width":1600,"height":948,"url":"https:\/\/infoecos.com.ar\/wp-content\/uploads\/2023\/10\/Concentradores-de-oxigeno1.jpg","type":"image\/jpeg"}],"author":"Jorge Matheus","twitter_card":"summary_large_image","twitter_creator":"@infoecos","twitter_site":"@infoecos","twitter_misc":{"Escrito por":"Jorge Matheus","Tiempo de lectura":"1 minuto"},"schema":{"@context":"https:\/\/schema.org","@graph":[{"@type":"Article","@id":"https:\/\/infoecos.com.ar\/index.php\/programa-provincial-de-oxigenoterapia-190-concentradores-en-zona-sanitaria-ii\/#article","isPartOf":{"@id":"https:\/\/infoecos.com.ar\/index.php\/programa-provincial-de-oxigenoterapia-190-concentradores-en-zona-sanitaria-ii\/"},"author":{"name":"Jorge Matheus","@id":"https:\/\/infoecos.com.ar\/#\/schema\/person\/8f5ace5ce73b4b4aac4b7245aee6f191"},"headline":"Programa Provincial de Oxigenoterapia: 190 concentradores en Zona Sanitaria II","datePublished":"2023-10-09T20:48:31+00:00","dateModified":"2023-10-11T06:26:50+00:00","mainEntityOfPage":{"@id":"https:\/\/infoecos.com.ar\/index.php\/programa-provincial-de-oxigenoterapia-190-concentradores-en-zona-sanitaria-ii\/"},"wordCount":145,"publisher":{"@id":"https:\/\/infoecos.com.ar\/#organization"},"image":{"@id":"https:\/\/infoecos.com.ar\/index.php\/programa-provincial-de-oxigenoterapia-190-concentradores-en-zona-sanitaria-ii\/#primaryimage"},"thumbnailUrl":"https:\/\/infoecos.com.ar\/wp-content\/uploads\/2023\/10\/Concentradores-de-oxigeno1.jpg","keywords":["POSITIVA INVERSI\u00d3N EN SALUD"],"articleSection":["C1 nota 6"],"inLanguage":"es"},{"@type":"WebPage","@id":"https:\/\/infoecos.com.ar\/index.php\/programa-provincial-de-oxigenoterapia-190-concentradores-en-zona-sanitaria-ii\/","url":"https:\/\/infoecos.com.ar\/index.php\/programa-provincial-de-oxigenoterapia-190-concentradores-en-zona-sanitaria-ii\/","name":"Programa Provincial de Oxigenoterapia: 190 concentradores en Zona Sanitaria II - Infoecos","isPartOf":{"@id":"https:\/\/infoecos.com.ar\/#website"},"primaryImageOfPage":{"@id":"https:\/\/infoecos.com.ar\/index.php\/programa-provincial-de-oxigenoterapia-190-concentradores-en-zona-sanitaria-ii\/#primaryimage"},"image":{"@id":"https:\/\/infoecos.com.ar\/index.php\/programa-provincial-de-oxigenoterapia-190-concentradores-en-zona-sanitaria-ii\/#primaryimage"},"thumbnailUrl":"https:\/\/infoecos.com.ar\/wp-content\/uploads\/2023\/10\/Concentradores-de-oxigeno1.jpg","datePublished":"2023-10-09T20:48:31+00:00","dateModified":"2023-10-11T06:26:50+00:00","breadcrumb":{"@id":"https:\/\/infoecos.com.ar\/index.php\/programa-provincial-de-oxigenoterapia-190-concentradores-en-zona-sanitaria-ii\/#breadcrumb"},"inLanguage":"es","potentialAction":[{"@type":"ReadAction","target":["https:\/\/infoecos.com.ar\/index.php\/programa-provincial-de-oxigenoterapia-190-concentradores-en-zona-sanitaria-ii\/"]}]},{"@type":"ImageObject","inLanguage":"es","@id":"https:\/\/infoecos.com.ar\/index.php\/programa-provincial-de-oxigenoterapia-190-concentradores-en-zona-sanitaria-ii\/#primaryimage","url":"https:\/\/infoecos.com.ar\/wp-content\/uploads\/2023\/10\/Concentradores-de-oxigeno1.jpg","contentUrl":"https:\/\/infoecos.com.ar\/wp-content\/uploads\/2023\/10\/Concentradores-de-oxigeno1.jpg","width":1600,"height":948},{"@type":"BreadcrumbList","@id":"https:\/\/infoecos.com.ar\/index.php\/programa-provincial-de-oxigenoterapia-190-concentradores-en-zona-sanitaria-ii\/#breadcrumb","itemListElement":[{"@type":"ListItem","position":1,"name":"Portada","item":"https:\/\/infoecos.com.ar\/"},{"@type":"ListItem","position":2,"name":"Programa Provincial de Oxigenoterapia: 190 concentradores en Zona Sanitaria II"}]},{"@type":"WebSite","@id":"https:\/\/infoecos.com.ar\/#website","url":"https:\/\/infoecos.com.ar\/","name":"Infoecos","description":"Noticias de trenque lauquen y la zona","publisher":{"@id":"https:\/\/infoecos.com.ar\/#organization"},"alternateName":"Noticias","potentialAction":[{"@type":"SearchAction","target":{"@type":"EntryPoint","urlTemplate":"https:\/\/infoecos.com.ar\/?s={search_term_string}"},"query-input":{"@type":"PropertyValueSpecification","valueRequired":true,"valueName":"search_term_string"}}],"inLanguage":"es"},{"@type":"Organization","@id":"https:\/\/infoecos.com.ar\/#organization","name":"Infoecos","alternateName":"Noticias","url":"https:\/\/infoecos.com.ar\/","logo":{"@type":"ImageObject","inLanguage":"es","@id":"https:\/\/infoecos.com.ar\/#\/schema\/logo\/image\/","url":"https:\/\/infoecos.com.ar\/wp-content\/uploads\/2024\/03\/cropped-logo.png","contentUrl":"https:\/\/infoecos.com.ar\/wp-content\/uploads\/2024\/03\/cropped-logo.png","width":374,"height":90,"caption":"Infoecos"},"image":{"@id":"https:\/\/infoecos.com.ar\/#\/schema\/logo\/image\/"},"sameAs":["https:\/\/www.facebook.com\/profile.php?id=100063200290284","https:\/\/x.com\/infoecos"]},{"@type":"Person","@id":"https:\/\/infoecos.com.ar\/#\/schema\/person\/8f5ace5ce73b4b4aac4b7245aee6f191","name":"Jorge Matheus","url":"https:\/\/infoecos.com.ar\/index.php\/author\/jomatheus\/"}]}},"featured_image_urls":{"full":["https:\/\/infoecos.com.ar\/wp-content\/uploads\/2023\/10\/Concentradores-de-oxigeno1.jpg",1600,948,false],"thumbnail":["https:\/\/infoecos.com.ar\/wp-content\/uploads\/2023\/10\/Concentradores-de-oxigeno1-300x150.jpg",300,150,true],"medium":["https:\/\/infoecos.com.ar\/wp-content\/uploads\/2023\/10\/Concentradores-de-oxigeno1-800x474.jpg",800,474,true],"medium_large":["https:\/\/infoecos.com.ar\/wp-content\/uploads\/2023\/10\/Concentradores-de-oxigeno1-768x455.jpg",640,379,true],"large":["https:\/\/infoecos.com.ar\/wp-content\/uploads\/2023\/10\/Concentradores-de-oxigeno1.jpg",640,379,false],"1536x1536":["https:\/\/infoecos.com.ar\/wp-content\/uploads\/2023\/10\/Concentradores-de-oxigeno1-1536x910.jpg",1536,910,true],"2048x2048":["https:\/\/infoecos.com.ar\/wp-content\/uploads\/2023\/10\/Concentradores-de-oxigeno1.jpg",1600,948,false],"covernews-slider-full":["https:\/\/infoecos.com.ar\/wp-content\/uploads\/2023\/10\/Concentradores-de-oxigeno1-1536x948.jpg",1115,688,true],"covernews-slider-center":["https:\/\/infoecos.com.ar\/wp-content\/uploads\/2023\/10\/Concentradores-de-oxigeno1-936x897.jpg",522,500,true],"covernews-featured":["https:\/\/infoecos.com.ar\/wp-content\/uploads\/2023\/10\/Concentradores-de-oxigeno1-1024x607.jpg",1024,607,true],"covernews-medium":["https:\/\/infoecos.com.ar\/wp-content\/uploads\/2023\/10\/Concentradores-de-oxigeno1-720x380.jpg",540,285,true],"covernews-medium-square":["https:\/\/infoecos.com.ar\/wp-content\/uploads\/2023\/10\/Concentradores-de-oxigeno1-675x450.jpg",375,250,true]},"author_info":{"info":["Jorge Matheus"]},"category_info":"<a href=\"https:\/\/infoecos.com.ar\/index.php\/category\/c1nota6\/\" rel=\"category tag\">C1 nota 6<\/a>","tag_info":"C1 nota 6","comment_count":"0","_links":{"self":[{"href":"https:\/\/infoecos.com.ar\/index.php\/wp-json\/wp\/v2\/posts\/113829"}],"collection":[{"href":"https:\/\/infoecos.com.ar\/index.php\/wp-json\/wp\/v2\/posts"}],"about":[{"href":"https:\/\/infoecos.com.ar\/index.php\/wp-json\/wp\/v2\/types\/post"}],"author":[{"embeddable":true,"href":"https:\/\/infoecos.com.ar\/index.php\/wp-json\/wp\/v2\/users\/2"}],"replies":[{"embeddable":true,"href":"https:\/\/infoecos.com.ar\/index.php\/wp-json\/wp\/v2\/comments?post=113829"}],"version-history":[{"count":2,"href":"https:\/\/infoecos.com.ar\/index.php\/wp-json\/wp\/v2\/posts\/113829\/revisions"}],"predecessor-version":[{"id":113839,"href":"https:\/\/infoecos.com.ar\/index.php\/wp-json\/wp\/v2\/posts\/113829\/revisions\/113839"}],"wp:featuredmedia":[{"embeddable":true,"href":"https:\/\/infoecos.com.ar\/index.php\/wp-json\/wp\/v2\/media\/113831"}],"wp:attachment":[{"href":"https:\/\/infoecos.com.ar\/index.php\/wp-json\/wp\/v2\/media?parent=113829"}],"wp:term":[{"taxonomy":"category","embeddable":true,"href":"https:\/\/infoecos.com.ar\/index.php\/wp-json\/wp\/v2\/categories?post=113829"},{"taxonomy":"post_tag","embeddable":true,"href":"https:\/\/infoecos.com.ar\/index.php\/wp-json\/wp\/v2\/tags?post=113829"}],"curies":[{"name":"wp","href":"https:\/\/api.w.org\/{rel}","templated":true}]}}