{"id":113848,"date":"2023-10-10T01:52:26","date_gmt":"2023-10-10T04:52:26","guid":{"rendered":"https:\/\/infoecos.com.ar\/?p=113848"},"modified":"2023-10-17T00:23:19","modified_gmt":"2023-10-17T03:23:19","slug":"hasta-el-30-de-noviembre-el-gobierno-pampeano-declaro-y-prorrogo-la-emergencia","status":"publish","type":"post","link":"https:\/\/infoecos.com.ar\/index.php\/hasta-el-30-de-noviembre-el-gobierno-pampeano-declaro-y-prorrogo-la-emergencia\/","title":{"rendered":"Hasta el 30 de Noviembre el gobierno pampeano declar\u00f3 y prorrog\u00f3 la emergencia"},"content":{"rendered":"\n<p>El Gobierno de La Pampa declar\u00f3 y prorrog\u00f3 la emergencia agropecuaria por sequ\u00eda en una vasta regi\u00f3n de la provincia.&nbsp;<\/p>\n\n\n\n<p>De acuerdo a lo que se dio a conocer oficialmente, el gobernador Sergio Ziliotto \u00abaprob\u00f3 la continuidad del estado de emergencia y desastre agropecuario como consecuencia de la sequ\u00eda en la totalidad de los departamentos de Rancul, Toay, Capital, Loventue, Chalileo, Chical C\u00f3, Puel\u00e9n, Limay Mahuida, Curac\u00f3, Lihuel Calel, Caleu Caleu y parte de Realic\u00f3, Trenel, Conhelo y Guatrach\u00e9. Asimismo, declar\u00f3 la misma para parte de los departamentos Conhelo, Atreuc\u00f3, Guatrach\u00e9 y Hucal\u00bb.&nbsp;&nbsp;<\/p>\n\n\n\n<p>Desde el Ministerio de la Producci\u00f3n se inform\u00f3 que la medida se extender\u00e1 desde el 1\u00b0 de octubre de 2023 hasta el 30 de noviembre de 2023, mediante el Decreto 4286\/23, y alcanza a toda la producci\u00f3n agr\u00edcola ganadera del \u00e1rea afectada.&nbsp;<\/p>\n\n\n\n<figure class=\"wp-block-image aligncenter size-full is-resized\"><img loading=\"lazy\" decoding=\"async\" src=\"https:\/\/infoecos.com.ar\/wp-content\/uploads\/2023\/10\/image-63.png\" alt=\"\" class=\"wp-image-113849\" width=\"440\" height=\"313\" srcset=\"https:\/\/infoecos.com.ar\/wp-content\/uploads\/2023\/10\/image-63.png 881w, https:\/\/infoecos.com.ar\/wp-content\/uploads\/2023\/10\/image-63-800x570.png 800w, https:\/\/infoecos.com.ar\/wp-content\/uploads\/2023\/10\/image-63-768x547.png 768w\" sizes=\"(max-width: 440px) 100vw, 440px\" \/><\/figure>\n\n\n\n<p>Certificado de Emergencia<\/p>\n\n\n\n<p>Desde el organismo tambi\u00e9n se record\u00f3 la importancia para los productores agropecuarios de contar con el certificado de emergencia agropecuaria, dado que les permite acceder a beneficios especiales como es la pr\u00f3rroga del vencimiento del impuesto inmobiliario provincial, y tambi\u00e9n las bonificaciones dispuestas en las diferentes l\u00edneas de cr\u00e9dito que se tramitan a trav\u00e9s del Banco de La Pampa.<\/p>\n\n\n\n<p>Se aclar\u00f3 adem\u00e1s que los productores agropecuarios de los departamentos Rancul, Toay, Capital, Loventue, Chalileo, Chical C\u00f3, Puel\u00e9n, Limay Mahuida, Curac\u00f3, Lihuel Calel, Caleu Caleu, Realic\u00f3, Trenel, Guatrach\u00e9 y Conhelo, que cuenten con certificado de emergencia agropecuario emitido en el marco de los Decretos N\u00b0 3476\/22; N\u00b0 4929\/22 y sus modificatorias; N\u00b0 1193\/23 y N\u00b0 1746\/23, prorrogados por Decretos N\u00b0 1193\/23 y N\u00b0 2714\/23, permanecer\u00e1n autom\u00e1ticamente en la misma condici\u00f3n sin necesidad de realizar ning\u00fan otro tr\u00e1mite administrativo.<\/p>\n\n\n\n<p>Por otra parte, los productores que deseen obtener por primera vez el correspondiente certificado de emergencia, podr\u00e1n realizar el tr\u00e1mite a trav\u00e9s de web oficial del Ministerio de la Producci\u00f3n: produccion.lapampa.gob.ar&nbsp;<\/p>\n\n\n\n<p>Para mayor informaci\u00f3n, los interesados pueden comunicarse a la Direcci\u00f3n de Agricultura, ubicada en el tercer piso del Centro C\u00edvico o al tel\u00e9fono 02954-452730.<\/p>\n","protected":false},"excerpt":{"rendered":"<p>Alcanza a toda la producci\u00f3n agr\u00edcola ganadera del \u00e1rea afectada.\u00a0<\/p>\n","protected":false},"author":2,"featured_media":113849,"comment_status":"closed","ping_status":"open","sticky":false,"template":"","format":"standard","meta":{"footnotes":""},"categories":[200],"tags":[9395],"class_list":["post-113848","post","type-post","status-publish","format-standard","has-post-thumbnail","hentry","category-inferior8","tag-en-varios-departamentos"],"yoast_head":"<!-- This site is optimized with the Yoast SEO plugin v23.4 - https:\/\/yoast.com\/wordpress\/plugins\/seo\/ -->\n<title>Hasta el 30 de Noviembre el gobierno pampeano declar\u00f3 y prorrog\u00f3 la emergencia - Infoecos<\/title>\n<meta name=\"robots\" content=\"index, follow, max-snippet:-1, max-image-preview:large, max-video-preview:-1\" \/>\n<link rel=\"canonical\" href=\"https:\/\/infoecos.com.ar\/index.php\/hasta-el-30-de-noviembre-el-gobierno-pampeano-declaro-y-prorrogo-la-emergencia\/\" \/>\n<meta property=\"og:locale\" content=\"es_ES\" \/>\n<meta property=\"og:type\" content=\"article\" \/>\n<meta property=\"og:title\" content=\"Hasta el 30 de Noviembre el gobierno pampeano declar\u00f3 y prorrog\u00f3 la emergencia - Infoecos\" \/>\n<meta property=\"og:description\" content=\"Alcanza a toda la producci\u00f3n agr\u00edcola ganadera del \u00e1rea afectada.\u00a0\" \/>\n<meta property=\"og:url\" content=\"https:\/\/infoecos.com.ar\/index.php\/hasta-el-30-de-noviembre-el-gobierno-pampeano-declaro-y-prorrogo-la-emergencia\/\" \/>\n<meta property=\"og:site_name\" content=\"Infoecos\" \/>\n<meta property=\"article:publisher\" content=\"https:\/\/www.facebook.com\/profile.php?id=100063200290284\" \/>\n<meta property=\"article:published_time\" content=\"2023-10-10T04:52:26+00:00\" \/>\n<meta property=\"article:modified_time\" content=\"2023-10-17T03:23:19+00:00\" \/>\n<meta property=\"og:image\" content=\"https:\/\/infoecos.com.ar\/wp-content\/uploads\/2023\/10\/image-63.png\" \/>\n\t<meta property=\"og:image:width\" content=\"881\" \/>\n\t<meta property=\"og:image:height\" content=\"628\" \/>\n\t<meta property=\"og:image:type\" content=\"image\/png\" \/>\n<meta name=\"author\" content=\"Jorge Matheus\" \/>\n<meta name=\"twitter:card\" content=\"summary_large_image\" \/>\n<meta name=\"twitter:creator\" content=\"@infoecos\" \/>\n<meta name=\"twitter:site\" content=\"@infoecos\" \/>\n<meta name=\"twitter:label1\" content=\"Escrito por\" \/>\n\t<meta name=\"twitter:data1\" content=\"Jorge Matheus\" \/>\n\t<meta name=\"twitter:label2\" content=\"Tiempo de lectura\" \/>\n\t<meta name=\"twitter:data2\" content=\"2 minutos\" \/>\n<script type=\"application\/ld+json\" class=\"yoast-schema-graph\">{\"@context\":\"https:\/\/schema.org\",\"@graph\":[{\"@type\":\"Article\",\"@id\":\"https:\/\/infoecos.com.ar\/index.php\/hasta-el-30-de-noviembre-el-gobierno-pampeano-declaro-y-prorrogo-la-emergencia\/#article\",\"isPartOf\":{\"@id\":\"https:\/\/infoecos.com.ar\/index.php\/hasta-el-30-de-noviembre-el-gobierno-pampeano-declaro-y-prorrogo-la-emergencia\/\"},\"author\":{\"name\":\"Jorge Matheus\",\"@id\":\"https:\/\/infoecos.com.ar\/#\/schema\/person\/8f5ace5ce73b4b4aac4b7245aee6f191\"},\"headline\":\"Hasta el 30 de Noviembre el gobierno pampeano declar\u00f3 y prorrog\u00f3 la emergencia\",\"datePublished\":\"2023-10-10T04:52:26+00:00\",\"dateModified\":\"2023-10-17T03:23:19+00:00\",\"mainEntityOfPage\":{\"@id\":\"https:\/\/infoecos.com.ar\/index.php\/hasta-el-30-de-noviembre-el-gobierno-pampeano-declaro-y-prorrogo-la-emergencia\/\"},\"wordCount\":367,\"publisher\":{\"@id\":\"https:\/\/infoecos.com.ar\/#organization\"},\"image\":{\"@id\":\"https:\/\/infoecos.com.ar\/index.php\/hasta-el-30-de-noviembre-el-gobierno-pampeano-declaro-y-prorrogo-la-emergencia\/#primaryimage\"},\"thumbnailUrl\":\"https:\/\/infoecos.com.ar\/wp-content\/uploads\/2023\/10\/image-63.png\",\"keywords\":[\"en varios departamentos\"],\"articleSection\":[\"Bloque inferior - 8\"],\"inLanguage\":\"es\"},{\"@type\":\"WebPage\",\"@id\":\"https:\/\/infoecos.com.ar\/index.php\/hasta-el-30-de-noviembre-el-gobierno-pampeano-declaro-y-prorrogo-la-emergencia\/\",\"url\":\"https:\/\/infoecos.com.ar\/index.php\/hasta-el-30-de-noviembre-el-gobierno-pampeano-declaro-y-prorrogo-la-emergencia\/\",\"name\":\"Hasta el 30 de Noviembre el gobierno pampeano declar\u00f3 y prorrog\u00f3 la emergencia - Infoecos\",\"isPartOf\":{\"@id\":\"https:\/\/infoecos.com.ar\/#website\"},\"primaryImageOfPage\":{\"@id\":\"https:\/\/infoecos.com.ar\/index.php\/hasta-el-30-de-noviembre-el-gobierno-pampeano-declaro-y-prorrogo-la-emergencia\/#primaryimage\"},\"image\":{\"@id\":\"https:\/\/infoecos.com.ar\/index.php\/hasta-el-30-de-noviembre-el-gobierno-pampeano-declaro-y-prorrogo-la-emergencia\/#primaryimage\"},\"thumbnailUrl\":\"https:\/\/infoecos.com.ar\/wp-content\/uploads\/2023\/10\/image-63.png\",\"datePublished\":\"2023-10-10T04:52:26+00:00\",\"dateModified\":\"2023-10-17T03:23:19+00:00\",\"breadcrumb\":{\"@id\":\"https:\/\/infoecos.com.ar\/index.php\/hasta-el-30-de-noviembre-el-gobierno-pampeano-declaro-y-prorrogo-la-emergencia\/#breadcrumb\"},\"inLanguage\":\"es\",\"potentialAction\":[{\"@type\":\"ReadAction\",\"target\":[\"https:\/\/infoecos.com.ar\/index.php\/hasta-el-30-de-noviembre-el-gobierno-pampeano-declaro-y-prorrogo-la-emergencia\/\"]}]},{\"@type\":\"ImageObject\",\"inLanguage\":\"es\",\"@id\":\"https:\/\/infoecos.com.ar\/index.php\/hasta-el-30-de-noviembre-el-gobierno-pampeano-declaro-y-prorrogo-la-emergencia\/#primaryimage\",\"url\":\"https:\/\/infoecos.com.ar\/wp-content\/uploads\/2023\/10\/image-63.png\",\"contentUrl\":\"https:\/\/infoecos.com.ar\/wp-content\/uploads\/2023\/10\/image-63.png\",\"width\":881,\"height\":628},{\"@type\":\"BreadcrumbList\",\"@id\":\"https:\/\/infoecos.com.ar\/index.php\/hasta-el-30-de-noviembre-el-gobierno-pampeano-declaro-y-prorrogo-la-emergencia\/#breadcrumb\",\"itemListElement\":[{\"@type\":\"ListItem\",\"position\":1,\"name\":\"Portada\",\"item\":\"https:\/\/infoecos.com.ar\/\"},{\"@type\":\"ListItem\",\"position\":2,\"name\":\"Hasta el 30 de Noviembre el gobierno pampeano declar\u00f3 y prorrog\u00f3 la emergencia\"}]},{\"@type\":\"WebSite\",\"@id\":\"https:\/\/infoecos.com.ar\/#website\",\"url\":\"https:\/\/infoecos.com.ar\/\",\"name\":\"Infoecos\",\"description\":\"Noticias de trenque lauquen y la zona\",\"publisher\":{\"@id\":\"https:\/\/infoecos.com.ar\/#organization\"},\"alternateName\":\"Noticias\",\"potentialAction\":[{\"@type\":\"SearchAction\",\"target\":{\"@type\":\"EntryPoint\",\"urlTemplate\":\"https:\/\/infoecos.com.ar\/?s={search_term_string}\"},\"query-input\":{\"@type\":\"PropertyValueSpecification\",\"valueRequired\":true,\"valueName\":\"search_term_string\"}}],\"inLanguage\":\"es\"},{\"@type\":\"Organization\",\"@id\":\"https:\/\/infoecos.com.ar\/#organization\",\"name\":\"Infoecos\",\"alternateName\":\"Noticias\",\"url\":\"https:\/\/infoecos.com.ar\/\",\"logo\":{\"@type\":\"ImageObject\",\"inLanguage\":\"es\",\"@id\":\"https:\/\/infoecos.com.ar\/#\/schema\/logo\/image\/\",\"url\":\"https:\/\/infoecos.com.ar\/wp-content\/uploads\/2024\/03\/cropped-logo.png\",\"contentUrl\":\"https:\/\/infoecos.com.ar\/wp-content\/uploads\/2024\/03\/cropped-logo.png\",\"width\":374,\"height\":90,\"caption\":\"Infoecos\"},\"image\":{\"@id\":\"https:\/\/infoecos.com.ar\/#\/schema\/logo\/image\/\"},\"sameAs\":[\"https:\/\/www.facebook.com\/profile.php?id=100063200290284\",\"https:\/\/x.com\/infoecos\"]},{\"@type\":\"Person\",\"@id\":\"https:\/\/infoecos.com.ar\/#\/schema\/person\/8f5ace5ce73b4b4aac4b7245aee6f191\",\"name\":\"Jorge Matheus\",\"url\":\"https:\/\/infoecos.com.ar\/index.php\/author\/jomatheus\/\"}]}<\/script>\n<!-- \/ Yoast SEO plugin. -->","yoast_head_json":{"title":"Hasta el 30 de Noviembre el gobierno pampeano declar\u00f3 y prorrog\u00f3 la emergencia - Infoecos","robots":{"index":"index","follow":"follow","max-snippet":"max-snippet:-1","max-image-preview":"max-image-preview:large","max-video-preview":"max-video-preview:-1"},"canonical":"https:\/\/infoecos.com.ar\/index.php\/hasta-el-30-de-noviembre-el-gobierno-pampeano-declaro-y-prorrogo-la-emergencia\/","og_locale":"es_ES","og_type":"article","og_title":"Hasta el 30 de Noviembre el gobierno pampeano declar\u00f3 y prorrog\u00f3 la emergencia - Infoecos","og_description":"Alcanza a toda la producci\u00f3n agr\u00edcola ganadera del \u00e1rea afectada.\u00a0","og_url":"https:\/\/infoecos.com.ar\/index.php\/hasta-el-30-de-noviembre-el-gobierno-pampeano-declaro-y-prorrogo-la-emergencia\/","og_site_name":"Infoecos","article_publisher":"https:\/\/www.facebook.com\/profile.php?id=100063200290284","article_published_time":"2023-10-10T04:52:26+00:00","article_modified_time":"2023-10-17T03:23:19+00:00","og_image":[{"width":881,"height":628,"url":"https:\/\/infoecos.com.ar\/wp-content\/uploads\/2023\/10\/image-63.png","type":"image\/png"}],"author":"Jorge Matheus","twitter_card":"summary_large_image","twitter_creator":"@infoecos","twitter_site":"@infoecos","twitter_misc":{"Escrito por":"Jorge Matheus","Tiempo de lectura":"2 minutos"},"schema":{"@context":"https:\/\/schema.org","@graph":[{"@type":"Article","@id":"https:\/\/infoecos.com.ar\/index.php\/hasta-el-30-de-noviembre-el-gobierno-pampeano-declaro-y-prorrogo-la-emergencia\/#article","isPartOf":{"@id":"https:\/\/infoecos.com.ar\/index.php\/hasta-el-30-de-noviembre-el-gobierno-pampeano-declaro-y-prorrogo-la-emergencia\/"},"author":{"name":"Jorge Matheus","@id":"https:\/\/infoecos.com.ar\/#\/schema\/person\/8f5ace5ce73b4b4aac4b7245aee6f191"},"headline":"Hasta el 30 de Noviembre el gobierno pampeano declar\u00f3 y prorrog\u00f3 la emergencia","datePublished":"2023-10-10T04:52:26+00:00","dateModified":"2023-10-17T03:23:19+00:00","mainEntityOfPage":{"@id":"https:\/\/infoecos.com.ar\/index.php\/hasta-el-30-de-noviembre-el-gobierno-pampeano-declaro-y-prorrogo-la-emergencia\/"},"wordCount":367,"publisher":{"@id":"https:\/\/infoecos.com.ar\/#organization"},"image":{"@id":"https:\/\/infoecos.com.ar\/index.php\/hasta-el-30-de-noviembre-el-gobierno-pampeano-declaro-y-prorrogo-la-emergencia\/#primaryimage"},"thumbnailUrl":"https:\/\/infoecos.com.ar\/wp-content\/uploads\/2023\/10\/image-63.png","keywords":["en varios departamentos"],"articleSection":["Bloque inferior - 8"],"inLanguage":"es"},{"@type":"WebPage","@id":"https:\/\/infoecos.com.ar\/index.php\/hasta-el-30-de-noviembre-el-gobierno-pampeano-declaro-y-prorrogo-la-emergencia\/","url":"https:\/\/infoecos.com.ar\/index.php\/hasta-el-30-de-noviembre-el-gobierno-pampeano-declaro-y-prorrogo-la-emergencia\/","name":"Hasta el 30 de Noviembre el gobierno pampeano declar\u00f3 y prorrog\u00f3 la emergencia - Infoecos","isPartOf":{"@id":"https:\/\/infoecos.com.ar\/#website"},"primaryImageOfPage":{"@id":"https:\/\/infoecos.com.ar\/index.php\/hasta-el-30-de-noviembre-el-gobierno-pampeano-declaro-y-prorrogo-la-emergencia\/#primaryimage"},"image":{"@id":"https:\/\/infoecos.com.ar\/index.php\/hasta-el-30-de-noviembre-el-gobierno-pampeano-declaro-y-prorrogo-la-emergencia\/#primaryimage"},"thumbnailUrl":"https:\/\/infoecos.com.ar\/wp-content\/uploads\/2023\/10\/image-63.png","datePublished":"2023-10-10T04:52:26+00:00","dateModified":"2023-10-17T03:23:19+00:00","breadcrumb":{"@id":"https:\/\/infoecos.com.ar\/index.php\/hasta-el-30-de-noviembre-el-gobierno-pampeano-declaro-y-prorrogo-la-emergencia\/#breadcrumb"},"inLanguage":"es","potentialAction":[{"@type":"ReadAction","target":["https:\/\/infoecos.com.ar\/index.php\/hasta-el-30-de-noviembre-el-gobierno-pampeano-declaro-y-prorrogo-la-emergencia\/"]}]},{"@type":"ImageObject","inLanguage":"es","@id":"https:\/\/infoecos.com.ar\/index.php\/hasta-el-30-de-noviembre-el-gobierno-pampeano-declaro-y-prorrogo-la-emergencia\/#primaryimage","url":"https:\/\/infoecos.com.ar\/wp-content\/uploads\/2023\/10\/image-63.png","contentUrl":"https:\/\/infoecos.com.ar\/wp-content\/uploads\/2023\/10\/image-63.png","width":881,"height":628},{"@type":"BreadcrumbList","@id":"https:\/\/infoecos.com.ar\/index.php\/hasta-el-30-de-noviembre-el-gobierno-pampeano-declaro-y-prorrogo-la-emergencia\/#breadcrumb","itemListElement":[{"@type":"ListItem","position":1,"name":"Portada","item":"https:\/\/infoecos.com.ar\/"},{"@type":"ListItem","position":2,"name":"Hasta el 30 de Noviembre el gobierno pampeano declar\u00f3 y prorrog\u00f3 la emergencia"}]},{"@type":"WebSite","@id":"https:\/\/infoecos.com.ar\/#website","url":"https:\/\/infoecos.com.ar\/","name":"Infoecos","description":"Noticias de trenque lauquen y la zona","publisher":{"@id":"https:\/\/infoecos.com.ar\/#organization"},"alternateName":"Noticias","potentialAction":[{"@type":"SearchAction","target":{"@type":"EntryPoint","urlTemplate":"https:\/\/infoecos.com.ar\/?s={search_term_string}"},"query-input":{"@type":"PropertyValueSpecification","valueRequired":true,"valueName":"search_term_string"}}],"inLanguage":"es"},{"@type":"Organization","@id":"https:\/\/infoecos.com.ar\/#organization","name":"Infoecos","alternateName":"Noticias","url":"https:\/\/infoecos.com.ar\/","logo":{"@type":"ImageObject","inLanguage":"es","@id":"https:\/\/infoecos.com.ar\/#\/schema\/logo\/image\/","url":"https:\/\/infoecos.com.ar\/wp-content\/uploads\/2024\/03\/cropped-logo.png","contentUrl":"https:\/\/infoecos.com.ar\/wp-content\/uploads\/2024\/03\/cropped-logo.png","width":374,"height":90,"caption":"Infoecos"},"image":{"@id":"https:\/\/infoecos.com.ar\/#\/schema\/logo\/image\/"},"sameAs":["https:\/\/www.facebook.com\/profile.php?id=100063200290284","https:\/\/x.com\/infoecos"]},{"@type":"Person","@id":"https:\/\/infoecos.com.ar\/#\/schema\/person\/8f5ace5ce73b4b4aac4b7245aee6f191","name":"Jorge Matheus","url":"https:\/\/infoecos.com.ar\/index.php\/author\/jomatheus\/"}]}},"featured_image_urls":{"full":["https:\/\/infoecos.com.ar\/wp-content\/uploads\/2023\/10\/image-63.png",881,628,false],"thumbnail":["https:\/\/infoecos.com.ar\/wp-content\/uploads\/2023\/10\/image-63-300x150.png",300,150,true],"medium":["https:\/\/infoecos.com.ar\/wp-content\/uploads\/2023\/10\/image-63-800x570.png",800,570,true],"medium_large":["https:\/\/infoecos.com.ar\/wp-content\/uploads\/2023\/10\/image-63-768x547.png",640,456,true],"large":["https:\/\/infoecos.com.ar\/wp-content\/uploads\/2023\/10\/image-63.png",640,456,false],"1536x1536":["https:\/\/infoecos.com.ar\/wp-content\/uploads\/2023\/10\/image-63.png",881,628,false],"2048x2048":["https:\/\/infoecos.com.ar\/wp-content\/uploads\/2023\/10\/image-63.png",881,628,false],"covernews-slider-full":["https:\/\/infoecos.com.ar\/wp-content\/uploads\/2023\/10\/image-63.png",881,628,false],"covernews-slider-center":["https:\/\/infoecos.com.ar\/wp-content\/uploads\/2023\/10\/image-63.png",701,500,false],"covernews-featured":["https:\/\/infoecos.com.ar\/wp-content\/uploads\/2023\/10\/image-63.png",881,628,false],"covernews-medium":["https:\/\/infoecos.com.ar\/wp-content\/uploads\/2023\/10\/image-63-720x380.png",540,285,true],"covernews-medium-square":["https:\/\/infoecos.com.ar\/wp-content\/uploads\/2023\/10\/image-63-675x450.png",375,250,true]},"author_info":{"info":["Jorge Matheus"]},"category_info":"<a href=\"https:\/\/infoecos.com.ar\/index.php\/category\/inferior8\/\" rel=\"category tag\">Bloque inferior - 8<\/a>","tag_info":"Bloque inferior - 8","comment_count":"0","_links":{"self":[{"href":"https:\/\/infoecos.com.ar\/index.php\/wp-json\/wp\/v2\/posts\/113848"}],"collection":[{"href":"https:\/\/infoecos.com.ar\/index.php\/wp-json\/wp\/v2\/posts"}],"about":[{"href":"https:\/\/infoecos.com.ar\/index.php\/wp-json\/wp\/v2\/types\/post"}],"author":[{"embeddable":true,"href":"https:\/\/infoecos.com.ar\/index.php\/wp-json\/wp\/v2\/users\/2"}],"replies":[{"embeddable":true,"href":"https:\/\/infoecos.com.ar\/index.php\/wp-json\/wp\/v2\/comments?post=113848"}],"version-history":[{"count":2,"href":"https:\/\/infoecos.com.ar\/index.php\/wp-json\/wp\/v2\/posts\/113848\/revisions"}],"predecessor-version":[{"id":113939,"href":"https:\/\/infoecos.com.ar\/index.php\/wp-json\/wp\/v2\/posts\/113848\/revisions\/113939"}],"wp:featuredmedia":[{"embeddable":true,"href":"https:\/\/infoecos.com.ar\/index.php\/wp-json\/wp\/v2\/media\/113849"}],"wp:attachment":[{"href":"https:\/\/infoecos.com.ar\/index.php\/wp-json\/wp\/v2\/media?parent=113848"}],"wp:term":[{"taxonomy":"category","embeddable":true,"href":"https:\/\/infoecos.com.ar\/index.php\/wp-json\/wp\/v2\/categories?post=113848"},{"taxonomy":"post_tag","embeddable":true,"href":"https:\/\/infoecos.com.ar\/index.php\/wp-json\/wp\/v2\/tags?post=113848"}],"curies":[{"name":"wp","href":"https:\/\/api.w.org\/{rel}","templated":true}]}}