{"id":113926,"date":"2023-10-11T02:56:16","date_gmt":"2023-10-11T05:56:16","guid":{"rendered":"https:\/\/infoecos.com.ar\/?p=113926"},"modified":"2023-10-11T11:13:07","modified_gmt":"2023-10-11T14:13:07","slug":"95-de-reserva-en-los-hospedajes-de-la-comarca-de-sierra-de-la-ventana","status":"publish","type":"post","link":"https:\/\/infoecos.com.ar\/index.php\/95-de-reserva-en-los-hospedajes-de-la-comarca-de-sierra-de-la-ventana\/","title":{"rendered":"95 % de reserva en los hospedajes de la Comarca de Sierra de la Ventana"},"content":{"rendered":"\n<p>Las reservas de hospedaje en las localidades de la&nbsp;<strong>Comarca de Sierra de la Ventana<\/strong>, que superan las 7.500 plazas, alcanzaban el 95% de cara al pr\u00f3ximo fin de semana largo, con los feriados del viernes y del lunes.<\/p>\n\n\n\n<figure class=\"wp-block-image aligncenter size-large is-resized\"><img loading=\"lazy\" decoding=\"async\" src=\"https:\/\/infoecos.com.ar\/wp-content\/uploads\/2023\/10\/image-78-1281x1600.png\" alt=\"\" class=\"wp-image-113927\" width=\"406\" height=\"507\" srcset=\"https:\/\/infoecos.com.ar\/wp-content\/uploads\/2023\/10\/image-78-1281x1600.png 1281w, https:\/\/infoecos.com.ar\/wp-content\/uploads\/2023\/10\/image-78-640x800.png 640w, https:\/\/infoecos.com.ar\/wp-content\/uploads\/2023\/10\/image-78-768x959.png 768w, https:\/\/infoecos.com.ar\/wp-content\/uploads\/2023\/10\/image-78-1229x1536.png 1229w, https:\/\/infoecos.com.ar\/wp-content\/uploads\/2023\/10\/image-78-1024x1279.png 1024w, https:\/\/infoecos.com.ar\/wp-content\/uploads\/2023\/10\/image-78.png 1440w\" sizes=\"(max-width: 406px) 100vw, 406px\" \/><\/figure>\n\n\n\n<p>El secretario de Turismo de la Municipalidad de Tornquist, Gustavo Sandoval, se\u00f1al\u00f3 a T\u00e9lam que hay \u201cun 95% de reservas para el fin de semana largo\u201d en las localidades de Villa y Sierra de la Ventana, Saldungaray, Tornquist y Villa Serrana la Gruta.<\/p>\n\n\n\n<p>\u201cHay muchas consultas para el fin de semana largo en la comarca\u201d, agreg\u00f3 el funcionario.<\/p>\n\n\n\n<p>Entre las actividades que se pueden disfrutar en la zona figuran las tradicionales cabalgatas, traves\u00edas cuatro por cuatro, tirolesas, visitas a bodegas, caminatas y trekking y astroturismo.<\/p>\n\n\n\n<p>Tambi\u00e9n, los visitantes pueden recorrer el Parque Provincial Ernesto Tornquist y disfrutar del paisaje y de la naturaleza del lugar.<\/p>\n\n\n\n<figure class=\"wp-block-image aligncenter size-full is-resized\"><img loading=\"lazy\" decoding=\"async\" src=\"https:\/\/infoecos.com.ar\/wp-content\/uploads\/2023\/10\/image-79.png\" alt=\"\" class=\"wp-image-113928\" width=\"432\" height=\"324\" srcset=\"https:\/\/infoecos.com.ar\/wp-content\/uploads\/2023\/10\/image-79.png 1024w, https:\/\/infoecos.com.ar\/wp-content\/uploads\/2023\/10\/image-79-800x600.png 800w, https:\/\/infoecos.com.ar\/wp-content\/uploads\/2023\/10\/image-79-768x576.png 768w\" sizes=\"(max-width: 432px) 100vw, 432px\" \/><\/figure>\n\n\n\n<p>En el caso del cerro de la Ventana, ubicado sobre el kil\u00f3metro 226 de la ruta provincial 76, el ingreso ser\u00e1 con gu\u00eda habilitado, los que se encuentran en la base para esperar la formaci\u00f3n de los grupos.<\/p>\n\n\n\n<p>\u201cEl registro ser\u00e1 a las 8 y es una actividad de m\u00e1xima exigencia f\u00edsica, de unas 6 horas de duraci\u00f3n total y para mayores de 7 a\u00f1os\u201d, agregaron.<\/p>\n","protected":false},"excerpt":{"rendered":"<p>Localidades de Villa y Sierra de la Ventana, Saldungaray, Tornquist y Villa Serrana la Gruta.<\/p>\n","protected":false},"author":2,"featured_media":113928,"comment_status":"closed","ping_status":"open","sticky":false,"template":"","format":"standard","meta":{"footnotes":""},"categories":[1613],"tags":[3513],"class_list":["post-113926","post","type-post","status-publish","format-standard","has-post-thumbnail","hentry","category-noticia-secundaria","tag-fin-de-semana-largo"],"yoast_head":"<!-- This site is optimized with the Yoast SEO plugin v23.4 - https:\/\/yoast.com\/wordpress\/plugins\/seo\/ -->\n<title>95 % de reserva en los hospedajes de la Comarca de Sierra de la Ventana - Infoecos<\/title>\n<meta name=\"robots\" content=\"index, follow, max-snippet:-1, max-image-preview:large, max-video-preview:-1\" \/>\n<link rel=\"canonical\" href=\"https:\/\/infoecos.com.ar\/index.php\/95-de-reserva-en-los-hospedajes-de-la-comarca-de-sierra-de-la-ventana\/\" \/>\n<meta property=\"og:locale\" content=\"es_ES\" \/>\n<meta property=\"og:type\" content=\"article\" \/>\n<meta property=\"og:title\" content=\"95 % de reserva en los hospedajes de la Comarca de Sierra de la Ventana - Infoecos\" \/>\n<meta property=\"og:description\" content=\"Localidades de Villa y Sierra de la Ventana, Saldungaray, Tornquist y Villa Serrana la Gruta.\" \/>\n<meta property=\"og:url\" content=\"https:\/\/infoecos.com.ar\/index.php\/95-de-reserva-en-los-hospedajes-de-la-comarca-de-sierra-de-la-ventana\/\" \/>\n<meta property=\"og:site_name\" content=\"Infoecos\" \/>\n<meta property=\"article:publisher\" content=\"https:\/\/www.facebook.com\/profile.php?id=100063200290284\" \/>\n<meta property=\"article:published_time\" content=\"2023-10-11T05:56:16+00:00\" \/>\n<meta property=\"article:modified_time\" content=\"2023-10-11T14:13:07+00:00\" \/>\n<meta property=\"og:image\" content=\"https:\/\/infoecos.com.ar\/wp-content\/uploads\/2023\/10\/image-79.png\" \/>\n\t<meta property=\"og:image:width\" content=\"1024\" \/>\n\t<meta property=\"og:image:height\" content=\"768\" \/>\n\t<meta property=\"og:image:type\" content=\"image\/png\" \/>\n<meta name=\"author\" content=\"Jorge Matheus\" \/>\n<meta name=\"twitter:card\" content=\"summary_large_image\" \/>\n<meta name=\"twitter:creator\" content=\"@infoecos\" \/>\n<meta name=\"twitter:site\" content=\"@infoecos\" \/>\n<meta name=\"twitter:label1\" content=\"Escrito por\" \/>\n\t<meta name=\"twitter:data1\" content=\"Jorge Matheus\" \/>\n\t<meta name=\"twitter:label2\" content=\"Tiempo de lectura\" \/>\n\t<meta name=\"twitter:data2\" content=\"2 minutos\" \/>\n<script type=\"application\/ld+json\" class=\"yoast-schema-graph\">{\"@context\":\"https:\/\/schema.org\",\"@graph\":[{\"@type\":\"Article\",\"@id\":\"https:\/\/infoecos.com.ar\/index.php\/95-de-reserva-en-los-hospedajes-de-la-comarca-de-sierra-de-la-ventana\/#article\",\"isPartOf\":{\"@id\":\"https:\/\/infoecos.com.ar\/index.php\/95-de-reserva-en-los-hospedajes-de-la-comarca-de-sierra-de-la-ventana\/\"},\"author\":{\"name\":\"Jorge Matheus\",\"@id\":\"https:\/\/infoecos.com.ar\/#\/schema\/person\/8f5ace5ce73b4b4aac4b7245aee6f191\"},\"headline\":\"95 % de reserva en los hospedajes de la Comarca de Sierra de la Ventana\",\"datePublished\":\"2023-10-11T05:56:16+00:00\",\"dateModified\":\"2023-10-11T14:13:07+00:00\",\"mainEntityOfPage\":{\"@id\":\"https:\/\/infoecos.com.ar\/index.php\/95-de-reserva-en-los-hospedajes-de-la-comarca-de-sierra-de-la-ventana\/\"},\"wordCount\":228,\"publisher\":{\"@id\":\"https:\/\/infoecos.com.ar\/#organization\"},\"image\":{\"@id\":\"https:\/\/infoecos.com.ar\/index.php\/95-de-reserva-en-los-hospedajes-de-la-comarca-de-sierra-de-la-ventana\/#primaryimage\"},\"thumbnailUrl\":\"https:\/\/infoecos.com.ar\/wp-content\/uploads\/2023\/10\/image-79.png\",\"keywords\":[\"FIN DE SEMANA LARGO\"],\"articleSection\":[\"Noticia Secundaria\"],\"inLanguage\":\"es\"},{\"@type\":\"WebPage\",\"@id\":\"https:\/\/infoecos.com.ar\/index.php\/95-de-reserva-en-los-hospedajes-de-la-comarca-de-sierra-de-la-ventana\/\",\"url\":\"https:\/\/infoecos.com.ar\/index.php\/95-de-reserva-en-los-hospedajes-de-la-comarca-de-sierra-de-la-ventana\/\",\"name\":\"95 % de reserva en los hospedajes de la Comarca de Sierra de la Ventana - Infoecos\",\"isPartOf\":{\"@id\":\"https:\/\/infoecos.com.ar\/#website\"},\"primaryImageOfPage\":{\"@id\":\"https:\/\/infoecos.com.ar\/index.php\/95-de-reserva-en-los-hospedajes-de-la-comarca-de-sierra-de-la-ventana\/#primaryimage\"},\"image\":{\"@id\":\"https:\/\/infoecos.com.ar\/index.php\/95-de-reserva-en-los-hospedajes-de-la-comarca-de-sierra-de-la-ventana\/#primaryimage\"},\"thumbnailUrl\":\"https:\/\/infoecos.com.ar\/wp-content\/uploads\/2023\/10\/image-79.png\",\"datePublished\":\"2023-10-11T05:56:16+00:00\",\"dateModified\":\"2023-10-11T14:13:07+00:00\",\"breadcrumb\":{\"@id\":\"https:\/\/infoecos.com.ar\/index.php\/95-de-reserva-en-los-hospedajes-de-la-comarca-de-sierra-de-la-ventana\/#breadcrumb\"},\"inLanguage\":\"es\",\"potentialAction\":[{\"@type\":\"ReadAction\",\"target\":[\"https:\/\/infoecos.com.ar\/index.php\/95-de-reserva-en-los-hospedajes-de-la-comarca-de-sierra-de-la-ventana\/\"]}]},{\"@type\":\"ImageObject\",\"inLanguage\":\"es\",\"@id\":\"https:\/\/infoecos.com.ar\/index.php\/95-de-reserva-en-los-hospedajes-de-la-comarca-de-sierra-de-la-ventana\/#primaryimage\",\"url\":\"https:\/\/infoecos.com.ar\/wp-content\/uploads\/2023\/10\/image-79.png\",\"contentUrl\":\"https:\/\/infoecos.com.ar\/wp-content\/uploads\/2023\/10\/image-79.png\",\"width\":1024,\"height\":768},{\"@type\":\"BreadcrumbList\",\"@id\":\"https:\/\/infoecos.com.ar\/index.php\/95-de-reserva-en-los-hospedajes-de-la-comarca-de-sierra-de-la-ventana\/#breadcrumb\",\"itemListElement\":[{\"@type\":\"ListItem\",\"position\":1,\"name\":\"Portada\",\"item\":\"https:\/\/infoecos.com.ar\/\"},{\"@type\":\"ListItem\",\"position\":2,\"name\":\"95 % de reserva en los hospedajes de la Comarca de Sierra de la Ventana\"}]},{\"@type\":\"WebSite\",\"@id\":\"https:\/\/infoecos.com.ar\/#website\",\"url\":\"https:\/\/infoecos.com.ar\/\",\"name\":\"Infoecos\",\"description\":\"Noticias de trenque lauquen y la zona\",\"publisher\":{\"@id\":\"https:\/\/infoecos.com.ar\/#organization\"},\"alternateName\":\"Noticias\",\"potentialAction\":[{\"@type\":\"SearchAction\",\"target\":{\"@type\":\"EntryPoint\",\"urlTemplate\":\"https:\/\/infoecos.com.ar\/?s={search_term_string}\"},\"query-input\":{\"@type\":\"PropertyValueSpecification\",\"valueRequired\":true,\"valueName\":\"search_term_string\"}}],\"inLanguage\":\"es\"},{\"@type\":\"Organization\",\"@id\":\"https:\/\/infoecos.com.ar\/#organization\",\"name\":\"Infoecos\",\"alternateName\":\"Noticias\",\"url\":\"https:\/\/infoecos.com.ar\/\",\"logo\":{\"@type\":\"ImageObject\",\"inLanguage\":\"es\",\"@id\":\"https:\/\/infoecos.com.ar\/#\/schema\/logo\/image\/\",\"url\":\"https:\/\/infoecos.com.ar\/wp-content\/uploads\/2024\/03\/cropped-logo.png\",\"contentUrl\":\"https:\/\/infoecos.com.ar\/wp-content\/uploads\/2024\/03\/cropped-logo.png\",\"width\":374,\"height\":90,\"caption\":\"Infoecos\"},\"image\":{\"@id\":\"https:\/\/infoecos.com.ar\/#\/schema\/logo\/image\/\"},\"sameAs\":[\"https:\/\/www.facebook.com\/profile.php?id=100063200290284\",\"https:\/\/x.com\/infoecos\"]},{\"@type\":\"Person\",\"@id\":\"https:\/\/infoecos.com.ar\/#\/schema\/person\/8f5ace5ce73b4b4aac4b7245aee6f191\",\"name\":\"Jorge Matheus\",\"url\":\"https:\/\/infoecos.com.ar\/index.php\/author\/jomatheus\/\"}]}<\/script>\n<!-- \/ Yoast SEO plugin. -->","yoast_head_json":{"title":"95 % de reserva en los hospedajes de la Comarca de Sierra de la Ventana - Infoecos","robots":{"index":"index","follow":"follow","max-snippet":"max-snippet:-1","max-image-preview":"max-image-preview:large","max-video-preview":"max-video-preview:-1"},"canonical":"https:\/\/infoecos.com.ar\/index.php\/95-de-reserva-en-los-hospedajes-de-la-comarca-de-sierra-de-la-ventana\/","og_locale":"es_ES","og_type":"article","og_title":"95 % de reserva en los hospedajes de la Comarca de Sierra de la Ventana - Infoecos","og_description":"Localidades de Villa y Sierra de la Ventana, Saldungaray, Tornquist y Villa Serrana la Gruta.","og_url":"https:\/\/infoecos.com.ar\/index.php\/95-de-reserva-en-los-hospedajes-de-la-comarca-de-sierra-de-la-ventana\/","og_site_name":"Infoecos","article_publisher":"https:\/\/www.facebook.com\/profile.php?id=100063200290284","article_published_time":"2023-10-11T05:56:16+00:00","article_modified_time":"2023-10-11T14:13:07+00:00","og_image":[{"width":1024,"height":768,"url":"https:\/\/infoecos.com.ar\/wp-content\/uploads\/2023\/10\/image-79.png","type":"image\/png"}],"author":"Jorge Matheus","twitter_card":"summary_large_image","twitter_creator":"@infoecos","twitter_site":"@infoecos","twitter_misc":{"Escrito por":"Jorge Matheus","Tiempo de lectura":"2 minutos"},"schema":{"@context":"https:\/\/schema.org","@graph":[{"@type":"Article","@id":"https:\/\/infoecos.com.ar\/index.php\/95-de-reserva-en-los-hospedajes-de-la-comarca-de-sierra-de-la-ventana\/#article","isPartOf":{"@id":"https:\/\/infoecos.com.ar\/index.php\/95-de-reserva-en-los-hospedajes-de-la-comarca-de-sierra-de-la-ventana\/"},"author":{"name":"Jorge Matheus","@id":"https:\/\/infoecos.com.ar\/#\/schema\/person\/8f5ace5ce73b4b4aac4b7245aee6f191"},"headline":"95 % de reserva en los hospedajes de la Comarca de Sierra de la Ventana","datePublished":"2023-10-11T05:56:16+00:00","dateModified":"2023-10-11T14:13:07+00:00","mainEntityOfPage":{"@id":"https:\/\/infoecos.com.ar\/index.php\/95-de-reserva-en-los-hospedajes-de-la-comarca-de-sierra-de-la-ventana\/"},"wordCount":228,"publisher":{"@id":"https:\/\/infoecos.com.ar\/#organization"},"image":{"@id":"https:\/\/infoecos.com.ar\/index.php\/95-de-reserva-en-los-hospedajes-de-la-comarca-de-sierra-de-la-ventana\/#primaryimage"},"thumbnailUrl":"https:\/\/infoecos.com.ar\/wp-content\/uploads\/2023\/10\/image-79.png","keywords":["FIN DE SEMANA LARGO"],"articleSection":["Noticia Secundaria"],"inLanguage":"es"},{"@type":"WebPage","@id":"https:\/\/infoecos.com.ar\/index.php\/95-de-reserva-en-los-hospedajes-de-la-comarca-de-sierra-de-la-ventana\/","url":"https:\/\/infoecos.com.ar\/index.php\/95-de-reserva-en-los-hospedajes-de-la-comarca-de-sierra-de-la-ventana\/","name":"95 % de reserva en los hospedajes de la Comarca de Sierra de la Ventana - Infoecos","isPartOf":{"@id":"https:\/\/infoecos.com.ar\/#website"},"primaryImageOfPage":{"@id":"https:\/\/infoecos.com.ar\/index.php\/95-de-reserva-en-los-hospedajes-de-la-comarca-de-sierra-de-la-ventana\/#primaryimage"},"image":{"@id":"https:\/\/infoecos.com.ar\/index.php\/95-de-reserva-en-los-hospedajes-de-la-comarca-de-sierra-de-la-ventana\/#primaryimage"},"thumbnailUrl":"https:\/\/infoecos.com.ar\/wp-content\/uploads\/2023\/10\/image-79.png","datePublished":"2023-10-11T05:56:16+00:00","dateModified":"2023-10-11T14:13:07+00:00","breadcrumb":{"@id":"https:\/\/infoecos.com.ar\/index.php\/95-de-reserva-en-los-hospedajes-de-la-comarca-de-sierra-de-la-ventana\/#breadcrumb"},"inLanguage":"es","potentialAction":[{"@type":"ReadAction","target":["https:\/\/infoecos.com.ar\/index.php\/95-de-reserva-en-los-hospedajes-de-la-comarca-de-sierra-de-la-ventana\/"]}]},{"@type":"ImageObject","inLanguage":"es","@id":"https:\/\/infoecos.com.ar\/index.php\/95-de-reserva-en-los-hospedajes-de-la-comarca-de-sierra-de-la-ventana\/#primaryimage","url":"https:\/\/infoecos.com.ar\/wp-content\/uploads\/2023\/10\/image-79.png","contentUrl":"https:\/\/infoecos.com.ar\/wp-content\/uploads\/2023\/10\/image-79.png","width":1024,"height":768},{"@type":"BreadcrumbList","@id":"https:\/\/infoecos.com.ar\/index.php\/95-de-reserva-en-los-hospedajes-de-la-comarca-de-sierra-de-la-ventana\/#breadcrumb","itemListElement":[{"@type":"ListItem","position":1,"name":"Portada","item":"https:\/\/infoecos.com.ar\/"},{"@type":"ListItem","position":2,"name":"95 % de reserva en los hospedajes de la Comarca de Sierra de la Ventana"}]},{"@type":"WebSite","@id":"https:\/\/infoecos.com.ar\/#website","url":"https:\/\/infoecos.com.ar\/","name":"Infoecos","description":"Noticias de trenque lauquen y la zona","publisher":{"@id":"https:\/\/infoecos.com.ar\/#organization"},"alternateName":"Noticias","potentialAction":[{"@type":"SearchAction","target":{"@type":"EntryPoint","urlTemplate":"https:\/\/infoecos.com.ar\/?s={search_term_string}"},"query-input":{"@type":"PropertyValueSpecification","valueRequired":true,"valueName":"search_term_string"}}],"inLanguage":"es"},{"@type":"Organization","@id":"https:\/\/infoecos.com.ar\/#organization","name":"Infoecos","alternateName":"Noticias","url":"https:\/\/infoecos.com.ar\/","logo":{"@type":"ImageObject","inLanguage":"es","@id":"https:\/\/infoecos.com.ar\/#\/schema\/logo\/image\/","url":"https:\/\/infoecos.com.ar\/wp-content\/uploads\/2024\/03\/cropped-logo.png","contentUrl":"https:\/\/infoecos.com.ar\/wp-content\/uploads\/2024\/03\/cropped-logo.png","width":374,"height":90,"caption":"Infoecos"},"image":{"@id":"https:\/\/infoecos.com.ar\/#\/schema\/logo\/image\/"},"sameAs":["https:\/\/www.facebook.com\/profile.php?id=100063200290284","https:\/\/x.com\/infoecos"]},{"@type":"Person","@id":"https:\/\/infoecos.com.ar\/#\/schema\/person\/8f5ace5ce73b4b4aac4b7245aee6f191","name":"Jorge Matheus","url":"https:\/\/infoecos.com.ar\/index.php\/author\/jomatheus\/"}]}},"featured_image_urls":{"full":["https:\/\/infoecos.com.ar\/wp-content\/uploads\/2023\/10\/image-79.png",1024,768,false],"thumbnail":["https:\/\/infoecos.com.ar\/wp-content\/uploads\/2023\/10\/image-79-300x150.png",300,150,true],"medium":["https:\/\/infoecos.com.ar\/wp-content\/uploads\/2023\/10\/image-79-800x600.png",800,600,true],"medium_large":["https:\/\/infoecos.com.ar\/wp-content\/uploads\/2023\/10\/image-79-768x576.png",640,480,true],"large":["https:\/\/infoecos.com.ar\/wp-content\/uploads\/2023\/10\/image-79.png",640,480,false],"1536x1536":["https:\/\/infoecos.com.ar\/wp-content\/uploads\/2023\/10\/image-79.png",1024,768,false],"2048x2048":["https:\/\/infoecos.com.ar\/wp-content\/uploads\/2023\/10\/image-79.png",1024,768,false],"covernews-slider-full":["https:\/\/infoecos.com.ar\/wp-content\/uploads\/2023\/10\/image-79.png",953,715,false],"covernews-slider-center":["https:\/\/infoecos.com.ar\/wp-content\/uploads\/2023\/10\/image-79-936x768.png",609,500,true],"covernews-featured":["https:\/\/infoecos.com.ar\/wp-content\/uploads\/2023\/10\/image-79.png",1024,768,false],"covernews-medium":["https:\/\/infoecos.com.ar\/wp-content\/uploads\/2023\/10\/image-79-720x380.png",540,285,true],"covernews-medium-square":["https:\/\/infoecos.com.ar\/wp-content\/uploads\/2023\/10\/image-79-675x450.png",375,250,true]},"author_info":{"info":["Jorge Matheus"]},"category_info":"<a href=\"https:\/\/infoecos.com.ar\/index.php\/category\/noticia-secundaria\/\" rel=\"category tag\">Noticia Secundaria<\/a>","tag_info":"Noticia Secundaria","comment_count":"0","_links":{"self":[{"href":"https:\/\/infoecos.com.ar\/index.php\/wp-json\/wp\/v2\/posts\/113926"}],"collection":[{"href":"https:\/\/infoecos.com.ar\/index.php\/wp-json\/wp\/v2\/posts"}],"about":[{"href":"https:\/\/infoecos.com.ar\/index.php\/wp-json\/wp\/v2\/types\/post"}],"author":[{"embeddable":true,"href":"https:\/\/infoecos.com.ar\/index.php\/wp-json\/wp\/v2\/users\/2"}],"replies":[{"embeddable":true,"href":"https:\/\/infoecos.com.ar\/index.php\/wp-json\/wp\/v2\/comments?post=113926"}],"version-history":[{"count":2,"href":"https:\/\/infoecos.com.ar\/index.php\/wp-json\/wp\/v2\/posts\/113926\/revisions"}],"predecessor-version":[{"id":113946,"href":"https:\/\/infoecos.com.ar\/index.php\/wp-json\/wp\/v2\/posts\/113926\/revisions\/113946"}],"wp:featuredmedia":[{"embeddable":true,"href":"https:\/\/infoecos.com.ar\/index.php\/wp-json\/wp\/v2\/media\/113928"}],"wp:attachment":[{"href":"https:\/\/infoecos.com.ar\/index.php\/wp-json\/wp\/v2\/media?parent=113926"}],"wp:term":[{"taxonomy":"category","embeddable":true,"href":"https:\/\/infoecos.com.ar\/index.php\/wp-json\/wp\/v2\/categories?post=113926"},{"taxonomy":"post_tag","embeddable":true,"href":"https:\/\/infoecos.com.ar\/index.php\/wp-json\/wp\/v2\/tags?post=113926"}],"curies":[{"name":"wp","href":"https:\/\/api.w.org\/{rel}","templated":true}]}}