{"id":114032,"date":"2023-10-13T02:39:58","date_gmt":"2023-10-13T05:39:58","guid":{"rendered":"https:\/\/infoecos.com.ar\/?p=114032"},"modified":"2023-10-17T00:18:30","modified_gmt":"2023-10-17T03:18:30","slug":"el-dia-se-asocio-al-cierre-del-7-encuentro-de-arte-mural-en-la-localidad-de-ensueno-del-distrito-beruti","status":"publish","type":"post","link":"https:\/\/infoecos.com.ar\/index.php\/el-dia-se-asocio-al-cierre-del-7-encuentro-de-arte-mural-en-la-localidad-de-ensueno-del-distrito-beruti\/","title":{"rendered":"El clima se asoci\u00f3 al cierre del 7\u00b0 Encuentro de Arte Mural en la localidad de ensue\u00f1o del distrito: Beruti"},"content":{"rendered":"\n<p>Con una recorrida por los murales que rescatan la historia y la esencia de Beruti, la entrega de certificados a los artistas pl\u00e1sticos, palabras a cargo del director de Cultura y Educaci\u00f3n, Guillermo Ruiz y del muralista, Germ\u00e1n Villamor y m\u00fasica en el predio de la Estaci\u00f3n, culmin\u00f3 el&nbsp;<em>7\u00ba Encuentro de Arte Mural<\/em>, que organiz\u00f3 la municipalidad de Trenque Lauquen, a trav\u00e9s del \u00e1rea de Cultura y Educaci\u00f3n, y la Delegaci\u00f3n de Beruti.<\/p>\n\n\n\n<figure class=\"wp-block-gallery has-nested-images columns-default is-cropped wp-block-gallery-1 is-layout-flex wp-block-gallery-is-layout-flex\">\n<figure class=\"wp-block-image size-large\"><img loading=\"lazy\" decoding=\"async\" width=\"1600\" height=\"900\" data-id=\"114034\" src=\"https:\/\/infoecos.com.ar\/wp-content\/uploads\/2023\/10\/Cierre-Encuentro-2-1.jpg\" alt=\"\" class=\"wp-image-114034\" srcset=\"https:\/\/infoecos.com.ar\/wp-content\/uploads\/2023\/10\/Cierre-Encuentro-2-1.jpg 1600w, https:\/\/infoecos.com.ar\/wp-content\/uploads\/2023\/10\/Cierre-Encuentro-2-1-800x450.jpg 800w, https:\/\/infoecos.com.ar\/wp-content\/uploads\/2023\/10\/Cierre-Encuentro-2-1-768x432.jpg 768w, https:\/\/infoecos.com.ar\/wp-content\/uploads\/2023\/10\/Cierre-Encuentro-2-1-1536x864.jpg 1536w, https:\/\/infoecos.com.ar\/wp-content\/uploads\/2023\/10\/Cierre-Encuentro-2-1-1024x576.jpg 1024w\" sizes=\"(max-width: 1600px) 100vw, 1600px\" \/><figcaption class=\"wp-element-caption\">Cierre Encuentro Mural <\/figcaption><\/figure>\n\n\n\n<figure class=\"wp-block-image size-large\"><img loading=\"lazy\" decoding=\"async\" width=\"1600\" height=\"900\" data-id=\"114033\" src=\"https:\/\/infoecos.com.ar\/wp-content\/uploads\/2023\/10\/Cierre-Encuentro-3-1.jpg\" alt=\"\" class=\"wp-image-114033\" srcset=\"https:\/\/infoecos.com.ar\/wp-content\/uploads\/2023\/10\/Cierre-Encuentro-3-1.jpg 1600w, https:\/\/infoecos.com.ar\/wp-content\/uploads\/2023\/10\/Cierre-Encuentro-3-1-800x450.jpg 800w, https:\/\/infoecos.com.ar\/wp-content\/uploads\/2023\/10\/Cierre-Encuentro-3-1-768x432.jpg 768w, https:\/\/infoecos.com.ar\/wp-content\/uploads\/2023\/10\/Cierre-Encuentro-3-1-1536x864.jpg 1536w, https:\/\/infoecos.com.ar\/wp-content\/uploads\/2023\/10\/Cierre-Encuentro-3-1-1024x576.jpg 1024w\" sizes=\"(max-width: 1600px) 100vw, 1600px\" \/><figcaption class=\"wp-element-caption\">Cierre Encuentro Mural <\/figcaption><\/figure>\n\n\n\n<figure class=\"wp-block-image size-large\"><img loading=\"lazy\" decoding=\"async\" width=\"1600\" height=\"900\" data-id=\"114036\" src=\"https:\/\/infoecos.com.ar\/wp-content\/uploads\/2023\/10\/Cierre-Encuentro-5-1.jpg\" alt=\"\" class=\"wp-image-114036\" srcset=\"https:\/\/infoecos.com.ar\/wp-content\/uploads\/2023\/10\/Cierre-Encuentro-5-1.jpg 1600w, https:\/\/infoecos.com.ar\/wp-content\/uploads\/2023\/10\/Cierre-Encuentro-5-1-800x450.jpg 800w, https:\/\/infoecos.com.ar\/wp-content\/uploads\/2023\/10\/Cierre-Encuentro-5-1-768x432.jpg 768w, https:\/\/infoecos.com.ar\/wp-content\/uploads\/2023\/10\/Cierre-Encuentro-5-1-1536x864.jpg 1536w, https:\/\/infoecos.com.ar\/wp-content\/uploads\/2023\/10\/Cierre-Encuentro-5-1-1024x576.jpg 1024w\" sizes=\"(max-width: 1600px) 100vw, 1600px\" \/><figcaption class=\"wp-element-caption\">Cierre Encuentro Mural <\/figcaption><\/figure>\n\n\n\n<figure class=\"wp-block-image size-large\"><img loading=\"lazy\" decoding=\"async\" width=\"1600\" height=\"900\" data-id=\"114035\" src=\"https:\/\/infoecos.com.ar\/wp-content\/uploads\/2023\/10\/Cierre-Encuentro-6-1.jpg\" alt=\"\" class=\"wp-image-114035\" srcset=\"https:\/\/infoecos.com.ar\/wp-content\/uploads\/2023\/10\/Cierre-Encuentro-6-1.jpg 1600w, https:\/\/infoecos.com.ar\/wp-content\/uploads\/2023\/10\/Cierre-Encuentro-6-1-800x450.jpg 800w, https:\/\/infoecos.com.ar\/wp-content\/uploads\/2023\/10\/Cierre-Encuentro-6-1-768x432.jpg 768w, https:\/\/infoecos.com.ar\/wp-content\/uploads\/2023\/10\/Cierre-Encuentro-6-1-1536x864.jpg 1536w, https:\/\/infoecos.com.ar\/wp-content\/uploads\/2023\/10\/Cierre-Encuentro-6-1-1024x576.jpg 1024w\" sizes=\"(max-width: 1600px) 100vw, 1600px\" \/><figcaption class=\"wp-element-caption\">Cierre Encuentro Mural <\/figcaption><\/figure>\n<\/figure>\n\n\n\n<p>Del acto de cierre y recorrida que se inici\u00f3 en el interior de la Delegaci\u00f3n Municipal, particip\u00f3 el Intendente interino, Esteban Vidal y tambi\u00e9n estuvieron presentes concejales, funcionarios del equipo de gobierno municipal, representantes de instituciones, los muralistas que participaron del encuentro y p\u00fablico en general.<\/p>\n\n\n\n<p>En cada parada del recorrido por las instituciones y espacios p\u00fablicos de la localidad que hab\u00edan sido seleccionados para ser intervenidos, los muralistas fueron contando el proceso de creaci\u00f3n de sus murales, las fuentes de inspiraci\u00f3n e incluso an\u00e9cdotas que fueron viviendo a medida que avanzaban con el trabajo en las paredes.<\/p>\n\n\n\n<p>Luego de apreciar la obra plasmada en el interior de la Delegaci\u00f3n municipal, el grupo sigui\u00f3 la recorrida por el Jard\u00edn n\u00ba 904, la Escuela n\u00ba 7, el Club Giat, el Jard\u00edn Maternal, el Instituto Agrot\u00e9cnico Padre Castellaro (IAPC), la Sala Santa Clotilde y el Hogar Evita.<\/p>\n\n\n\n<p>\u201cEn este 7\u00b0 Encuentro de Arte Mural estuvo funcionando una tr\u00edada virtuosa: el Estado municipal, los artistas y la comunidad de Beruti, trabajando de la manera que se espera; y hay que sumarle una cuarta pata que tiene que ver con las empresas que colaboraron con el encuentro\u201d, se\u00f1al\u00f3 el director de Cultura y Educaci\u00f3n del municipio, Guillermo Ruiz. <\/p>\n\n\n\n<p>En esta oportunidad el encuentro cont\u00f3 con el apoyo del <strong>Banco Provincia, Pinturer\u00edas Mix, Cauca, Nutralmix y Bares y Fondas.<\/strong><\/p>\n\n\n\n<p>Ru\u00edz sostuvo adem\u00e1s que \u201ctodos los actores trabajaron de muy buena manera, entrelazados para que los muros de Beruti y este arte p\u00fablico como es el muralismo refleje la historia, el presente, y el futuro de esta actividad, que como pol\u00edtica de Estado hace siete a\u00f1os que se est\u00e1 desarrollando y que seguramente se seguir\u00e1 fortaleciendo porque es un orgullo para todos nosotros\u201d.<\/p>\n\n\n\n<p>Tambi\u00e9n valor\u00f3 el trabajo del muralista Germ\u00e1n Villamor, \u201cque apart\u00f3 por un momento su veta art\u00edstica para poner a funcionar la parte administrativa y de gesti\u00f3n de lo que tiene que ver con este encuentro\u201d. Para finalizar, agradeci\u00f3 a la comunidad de Beruti por el acompa\u00f1amiento.<\/p>\n\n\n\n<figure class=\"wp-block-gallery has-nested-images columns-default is-cropped wp-block-gallery-2 is-layout-flex wp-block-gallery-is-layout-flex\">\n<figure class=\"wp-block-image size-large\"><img loading=\"lazy\" decoding=\"async\" width=\"1600\" height=\"900\" data-id=\"114037\" src=\"https:\/\/infoecos.com.ar\/wp-content\/uploads\/2023\/10\/Cierre-Encuentro-21-1.jpg\" alt=\"\" class=\"wp-image-114037\" srcset=\"https:\/\/infoecos.com.ar\/wp-content\/uploads\/2023\/10\/Cierre-Encuentro-21-1.jpg 1600w, https:\/\/infoecos.com.ar\/wp-content\/uploads\/2023\/10\/Cierre-Encuentro-21-1-800x450.jpg 800w, https:\/\/infoecos.com.ar\/wp-content\/uploads\/2023\/10\/Cierre-Encuentro-21-1-768x432.jpg 768w, https:\/\/infoecos.com.ar\/wp-content\/uploads\/2023\/10\/Cierre-Encuentro-21-1-1536x864.jpg 1536w, https:\/\/infoecos.com.ar\/wp-content\/uploads\/2023\/10\/Cierre-Encuentro-21-1-1024x576.jpg 1024w\" sizes=\"(max-width: 1600px) 100vw, 1600px\" \/><figcaption class=\"wp-element-caption\">Cierre Encuentro Mura<\/figcaption><\/figure>\n\n\n\n<figure class=\"wp-block-image size-large\"><img loading=\"lazy\" decoding=\"async\" width=\"1600\" height=\"900\" data-id=\"114039\" src=\"https:\/\/infoecos.com.ar\/wp-content\/uploads\/2023\/10\/Cierre-Encuentro-23-2.jpg\" alt=\"\" class=\"wp-image-114039\" srcset=\"https:\/\/infoecos.com.ar\/wp-content\/uploads\/2023\/10\/Cierre-Encuentro-23-2.jpg 1600w, https:\/\/infoecos.com.ar\/wp-content\/uploads\/2023\/10\/Cierre-Encuentro-23-2-800x450.jpg 800w, https:\/\/infoecos.com.ar\/wp-content\/uploads\/2023\/10\/Cierre-Encuentro-23-2-768x432.jpg 768w, https:\/\/infoecos.com.ar\/wp-content\/uploads\/2023\/10\/Cierre-Encuentro-23-2-1536x864.jpg 1536w, https:\/\/infoecos.com.ar\/wp-content\/uploads\/2023\/10\/Cierre-Encuentro-23-2-1024x576.jpg 1024w\" sizes=\"(max-width: 1600px) 100vw, 1600px\" \/><figcaption class=\"wp-element-caption\">Cierre Encuentro Mura<\/figcaption><\/figure>\n\n\n\n<figure class=\"wp-block-image size-large\"><img loading=\"lazy\" decoding=\"async\" width=\"1600\" height=\"900\" data-id=\"114038\" src=\"https:\/\/infoecos.com.ar\/wp-content\/uploads\/2023\/10\/Cierre-Encuentro-24-2.jpg\" alt=\"\" class=\"wp-image-114038\" srcset=\"https:\/\/infoecos.com.ar\/wp-content\/uploads\/2023\/10\/Cierre-Encuentro-24-2.jpg 1600w, https:\/\/infoecos.com.ar\/wp-content\/uploads\/2023\/10\/Cierre-Encuentro-24-2-800x450.jpg 800w, https:\/\/infoecos.com.ar\/wp-content\/uploads\/2023\/10\/Cierre-Encuentro-24-2-768x432.jpg 768w, https:\/\/infoecos.com.ar\/wp-content\/uploads\/2023\/10\/Cierre-Encuentro-24-2-1536x864.jpg 1536w, https:\/\/infoecos.com.ar\/wp-content\/uploads\/2023\/10\/Cierre-Encuentro-24-2-1024x576.jpg 1024w\" sizes=\"(max-width: 1600px) 100vw, 1600px\" \/><figcaption class=\"wp-element-caption\">Cierre Encuentro Mura<\/figcaption><\/figure>\n\n\n\n<figure class=\"wp-block-image size-large\"><img loading=\"lazy\" decoding=\"async\" width=\"1600\" height=\"900\" data-id=\"114041\" src=\"https:\/\/infoecos.com.ar\/wp-content\/uploads\/2023\/10\/Cierre-Encuentro-25-1.jpg\" alt=\"\" class=\"wp-image-114041\" srcset=\"https:\/\/infoecos.com.ar\/wp-content\/uploads\/2023\/10\/Cierre-Encuentro-25-1.jpg 1600w, https:\/\/infoecos.com.ar\/wp-content\/uploads\/2023\/10\/Cierre-Encuentro-25-1-800x450.jpg 800w, https:\/\/infoecos.com.ar\/wp-content\/uploads\/2023\/10\/Cierre-Encuentro-25-1-768x432.jpg 768w, https:\/\/infoecos.com.ar\/wp-content\/uploads\/2023\/10\/Cierre-Encuentro-25-1-1536x864.jpg 1536w, https:\/\/infoecos.com.ar\/wp-content\/uploads\/2023\/10\/Cierre-Encuentro-25-1-1024x576.jpg 1024w\" sizes=\"(max-width: 1600px) 100vw, 1600px\" \/><figcaption class=\"wp-element-caption\">Cierre Encuentro Mura<\/figcaption><\/figure>\n\n\n\n<figure class=\"wp-block-image size-large\"><img loading=\"lazy\" decoding=\"async\" width=\"1600\" height=\"900\" data-id=\"114040\" src=\"https:\/\/infoecos.com.ar\/wp-content\/uploads\/2023\/10\/Cierre-Encuentro-26-1.jpg\" alt=\"\" class=\"wp-image-114040\" srcset=\"https:\/\/infoecos.com.ar\/wp-content\/uploads\/2023\/10\/Cierre-Encuentro-26-1.jpg 1600w, https:\/\/infoecos.com.ar\/wp-content\/uploads\/2023\/10\/Cierre-Encuentro-26-1-800x450.jpg 800w, https:\/\/infoecos.com.ar\/wp-content\/uploads\/2023\/10\/Cierre-Encuentro-26-1-768x432.jpg 768w, https:\/\/infoecos.com.ar\/wp-content\/uploads\/2023\/10\/Cierre-Encuentro-26-1-1536x864.jpg 1536w, https:\/\/infoecos.com.ar\/wp-content\/uploads\/2023\/10\/Cierre-Encuentro-26-1-1024x576.jpg 1024w\" sizes=\"(max-width: 1600px) 100vw, 1600px\" \/><figcaption class=\"wp-element-caption\">Cierre Encuentro Mura<\/figcaption><\/figure>\n<\/figure>\n\n\n\n<p>Villamor se\u00f1al\u00f3 que \u201cestamos viviendo una verdadera fiesta\u201d y se mostr\u00f3 emocionado de ver \u201ca toda esta gente que se congrega a trav\u00e9s del arte mural y comunitario\u201d.<\/p>\n\n\n\n<p>Tras destacar el apoyo del Municipio en la organizaci\u00f3n del encuentro, y de las empresas que colaboraron con la iniciativa, Villamor agradeci\u00f3 a todas las \u00e1reas del municipio que participaron de la propuesta porque \u201c\u00e9ste es un trabajo colectivo\u201d.<\/p>\n\n\n\n<p>Tambi\u00e9n agradeci\u00f3 a los\/as muralistas que trabajaron durante siete (7) d\u00edas en Beruti y \u201crealizaron unos murales incre\u00edbles\u201d, a Carolina Santamarina, que fue un pilar muy importante en la organizaci\u00f3n y a toda la comunidad de Beruti por la calidez y el recibimiento.<\/p>\n\n\n\n<p>Tambi\u00e9n se destac\u00f3 la participaci\u00f3n y colaboraci\u00f3n de las vecinas de Beruti, Elba Moretti, y Elba Pi\u00f1ero.<\/p>\n\n\n\n<p>El 7\u00ba Encuentro de Arte Mural incluy\u00f3 actividades al aire libre, charlas, disertaciones, la muestra \u201cMuralistas fuera del muro\u201d organizada por el Museo Municipal de Artes Visuales (MuMAV) y un importante trabajo en las paredes de las distintas instituciones y sitios p\u00fablicos de la vecina localidad, que recibi\u00f3 y acompa\u00f1\u00f3 a los muralistas que trabajaron bajo la consigna \u201cHabitando la tradici\u00f3n, proyectando al futuro\u201d.<\/p>\n\n\n\n<p>Los muralistas que participaron del encuentro son: Kally Mansilla, Mar\u00eda Chiampan, Walter Sanucci, Javier N\u00fa\u00f1ez, Juan Orellana, Mariana Mingoya, Magui Delfino, Isa\u00edas Mata, Ra\u00fal Agrazar, Adriana Ricciardi, M\u00f3nica Martos, N\u00e9stor Mart\u00edn, Alejandro Iglesias, Josefina Capelle, Lucila Gonz\u00e1lez y Nicol\u00e1s Miramont. Cada uno recibi\u00f3 su correspondiente certificado de participaci\u00f3n en el encuentro.<\/p>\n\n\n\n<p>En esta oportunidad el encuentro cont\u00f3 con el apoyo del Banco Provincia, Pinturer\u00edas Mix, Cauca, Nutralmix y Bares y Fondas.<\/p>\n","protected":false},"excerpt":{"rendered":"<p>Del acto de cierre y recorrida que se inici\u00f3 en el interior de la Delegaci\u00f3n Municipal, particip\u00f3 el Intendente interino, Esteban Vidal y tambi\u00e9n estuvieron presentes concejales, funcionarios del equipo de gobierno municipal, representantes de instituciones, los muralistas que participaron del encuentro y p\u00fablico en general<\/p>\n","protected":false},"author":2,"featured_media":114033,"comment_status":"closed","ping_status":"open","sticky":false,"template":"","format":"standard","meta":{"footnotes":""},"categories":[40],"tags":[9416],"class_list":["post-114032","post","type-post","status-publish","format-standard","has-post-thumbnail","hentry","category-inferior1","tag-satisfaccion-en-la-comunidad"],"yoast_head":"<!-- This site is optimized with the Yoast SEO plugin v23.4 - https:\/\/yoast.com\/wordpress\/plugins\/seo\/ -->\n<title>El clima se asoci\u00f3 al cierre del 7\u00b0 Encuentro de Arte Mural en la localidad de ensue\u00f1o del distrito: Beruti - Infoecos<\/title>\n<meta name=\"robots\" content=\"index, follow, max-snippet:-1, max-image-preview:large, max-video-preview:-1\" \/>\n<link rel=\"canonical\" href=\"https:\/\/infoecos.com.ar\/index.php\/el-dia-se-asocio-al-cierre-del-7-encuentro-de-arte-mural-en-la-localidad-de-ensueno-del-distrito-beruti\/\" \/>\n<meta property=\"og:locale\" content=\"es_ES\" \/>\n<meta property=\"og:type\" content=\"article\" \/>\n<meta property=\"og:title\" content=\"El clima se asoci\u00f3 al cierre del 7\u00b0 Encuentro de Arte Mural en la localidad de ensue\u00f1o del distrito: Beruti - Infoecos\" \/>\n<meta property=\"og:description\" content=\"Del acto de cierre y recorrida que se inici\u00f3 en el interior de la Delegaci\u00f3n Municipal, particip\u00f3 el Intendente interino, Esteban Vidal y tambi\u00e9n estuvieron presentes concejales, funcionarios del equipo de gobierno municipal, representantes de instituciones, los muralistas que participaron del encuentro y p\u00fablico en general\" \/>\n<meta property=\"og:url\" content=\"https:\/\/infoecos.com.ar\/index.php\/el-dia-se-asocio-al-cierre-del-7-encuentro-de-arte-mural-en-la-localidad-de-ensueno-del-distrito-beruti\/\" \/>\n<meta property=\"og:site_name\" content=\"Infoecos\" \/>\n<meta property=\"article:publisher\" content=\"https:\/\/www.facebook.com\/profile.php?id=100063200290284\" \/>\n<meta property=\"article:published_time\" content=\"2023-10-13T05:39:58+00:00\" \/>\n<meta property=\"article:modified_time\" content=\"2023-10-17T03:18:30+00:00\" \/>\n<meta property=\"og:image\" content=\"https:\/\/infoecos.com.ar\/wp-content\/uploads\/2023\/10\/Cierre-Encuentro-3-1.jpg\" \/>\n\t<meta property=\"og:image:width\" content=\"1600\" \/>\n\t<meta property=\"og:image:height\" content=\"900\" \/>\n\t<meta property=\"og:image:type\" content=\"image\/jpeg\" \/>\n<meta name=\"author\" content=\"Jorge Matheus\" \/>\n<meta name=\"twitter:card\" content=\"summary_large_image\" \/>\n<meta name=\"twitter:creator\" content=\"@infoecos\" \/>\n<meta name=\"twitter:site\" content=\"@infoecos\" \/>\n<meta name=\"twitter:label1\" content=\"Escrito por\" \/>\n\t<meta name=\"twitter:data1\" content=\"Jorge Matheus\" \/>\n\t<meta name=\"twitter:label2\" content=\"Tiempo de lectura\" \/>\n\t<meta name=\"twitter:data2\" content=\"5 minutos\" \/>\n<script type=\"application\/ld+json\" class=\"yoast-schema-graph\">{\"@context\":\"https:\/\/schema.org\",\"@graph\":[{\"@type\":\"Article\",\"@id\":\"https:\/\/infoecos.com.ar\/index.php\/el-dia-se-asocio-al-cierre-del-7-encuentro-de-arte-mural-en-la-localidad-de-ensueno-del-distrito-beruti\/#article\",\"isPartOf\":{\"@id\":\"https:\/\/infoecos.com.ar\/index.php\/el-dia-se-asocio-al-cierre-del-7-encuentro-de-arte-mural-en-la-localidad-de-ensueno-del-distrito-beruti\/\"},\"author\":{\"name\":\"Jorge Matheus\",\"@id\":\"https:\/\/infoecos.com.ar\/#\/schema\/person\/8f5ace5ce73b4b4aac4b7245aee6f191\"},\"headline\":\"El clima se asoci\u00f3 al cierre del 7\u00b0 Encuentro de Arte Mural en la localidad de ensue\u00f1o del distrito: Beruti\",\"datePublished\":\"2023-10-13T05:39:58+00:00\",\"dateModified\":\"2023-10-17T03:18:30+00:00\",\"mainEntityOfPage\":{\"@id\":\"https:\/\/infoecos.com.ar\/index.php\/el-dia-se-asocio-al-cierre-del-7-encuentro-de-arte-mural-en-la-localidad-de-ensueno-del-distrito-beruti\/\"},\"wordCount\":770,\"publisher\":{\"@id\":\"https:\/\/infoecos.com.ar\/#organization\"},\"image\":{\"@id\":\"https:\/\/infoecos.com.ar\/index.php\/el-dia-se-asocio-al-cierre-del-7-encuentro-de-arte-mural-en-la-localidad-de-ensueno-del-distrito-beruti\/#primaryimage\"},\"thumbnailUrl\":\"https:\/\/infoecos.com.ar\/wp-content\/uploads\/2023\/10\/Cierre-Encuentro-3-1.jpg\",\"keywords\":[\"SATISFACCI\u00d3N EN LA COMUNIDAD\"],\"articleSection\":[\"Bloque inferior - 1\"],\"inLanguage\":\"es\"},{\"@type\":\"WebPage\",\"@id\":\"https:\/\/infoecos.com.ar\/index.php\/el-dia-se-asocio-al-cierre-del-7-encuentro-de-arte-mural-en-la-localidad-de-ensueno-del-distrito-beruti\/\",\"url\":\"https:\/\/infoecos.com.ar\/index.php\/el-dia-se-asocio-al-cierre-del-7-encuentro-de-arte-mural-en-la-localidad-de-ensueno-del-distrito-beruti\/\",\"name\":\"El clima se asoci\u00f3 al cierre del 7\u00b0 Encuentro de Arte Mural en la localidad de ensue\u00f1o del distrito: Beruti - Infoecos\",\"isPartOf\":{\"@id\":\"https:\/\/infoecos.com.ar\/#website\"},\"primaryImageOfPage\":{\"@id\":\"https:\/\/infoecos.com.ar\/index.php\/el-dia-se-asocio-al-cierre-del-7-encuentro-de-arte-mural-en-la-localidad-de-ensueno-del-distrito-beruti\/#primaryimage\"},\"image\":{\"@id\":\"https:\/\/infoecos.com.ar\/index.php\/el-dia-se-asocio-al-cierre-del-7-encuentro-de-arte-mural-en-la-localidad-de-ensueno-del-distrito-beruti\/#primaryimage\"},\"thumbnailUrl\":\"https:\/\/infoecos.com.ar\/wp-content\/uploads\/2023\/10\/Cierre-Encuentro-3-1.jpg\",\"datePublished\":\"2023-10-13T05:39:58+00:00\",\"dateModified\":\"2023-10-17T03:18:30+00:00\",\"breadcrumb\":{\"@id\":\"https:\/\/infoecos.com.ar\/index.php\/el-dia-se-asocio-al-cierre-del-7-encuentro-de-arte-mural-en-la-localidad-de-ensueno-del-distrito-beruti\/#breadcrumb\"},\"inLanguage\":\"es\",\"potentialAction\":[{\"@type\":\"ReadAction\",\"target\":[\"https:\/\/infoecos.com.ar\/index.php\/el-dia-se-asocio-al-cierre-del-7-encuentro-de-arte-mural-en-la-localidad-de-ensueno-del-distrito-beruti\/\"]}]},{\"@type\":\"ImageObject\",\"inLanguage\":\"es\",\"@id\":\"https:\/\/infoecos.com.ar\/index.php\/el-dia-se-asocio-al-cierre-del-7-encuentro-de-arte-mural-en-la-localidad-de-ensueno-del-distrito-beruti\/#primaryimage\",\"url\":\"https:\/\/infoecos.com.ar\/wp-content\/uploads\/2023\/10\/Cierre-Encuentro-3-1.jpg\",\"contentUrl\":\"https:\/\/infoecos.com.ar\/wp-content\/uploads\/2023\/10\/Cierre-Encuentro-3-1.jpg\",\"width\":1600,\"height\":900},{\"@type\":\"BreadcrumbList\",\"@id\":\"https:\/\/infoecos.com.ar\/index.php\/el-dia-se-asocio-al-cierre-del-7-encuentro-de-arte-mural-en-la-localidad-de-ensueno-del-distrito-beruti\/#breadcrumb\",\"itemListElement\":[{\"@type\":\"ListItem\",\"position\":1,\"name\":\"Portada\",\"item\":\"https:\/\/infoecos.com.ar\/\"},{\"@type\":\"ListItem\",\"position\":2,\"name\":\"El clima se asoci\u00f3 al cierre del 7\u00b0 Encuentro de Arte Mural en la localidad de ensue\u00f1o del distrito: Beruti\"}]},{\"@type\":\"WebSite\",\"@id\":\"https:\/\/infoecos.com.ar\/#website\",\"url\":\"https:\/\/infoecos.com.ar\/\",\"name\":\"Infoecos\",\"description\":\"Noticias de trenque lauquen y la zona\",\"publisher\":{\"@id\":\"https:\/\/infoecos.com.ar\/#organization\"},\"alternateName\":\"Noticias\",\"potentialAction\":[{\"@type\":\"SearchAction\",\"target\":{\"@type\":\"EntryPoint\",\"urlTemplate\":\"https:\/\/infoecos.com.ar\/?s={search_term_string}\"},\"query-input\":{\"@type\":\"PropertyValueSpecification\",\"valueRequired\":true,\"valueName\":\"search_term_string\"}}],\"inLanguage\":\"es\"},{\"@type\":\"Organization\",\"@id\":\"https:\/\/infoecos.com.ar\/#organization\",\"name\":\"Infoecos\",\"alternateName\":\"Noticias\",\"url\":\"https:\/\/infoecos.com.ar\/\",\"logo\":{\"@type\":\"ImageObject\",\"inLanguage\":\"es\",\"@id\":\"https:\/\/infoecos.com.ar\/#\/schema\/logo\/image\/\",\"url\":\"https:\/\/infoecos.com.ar\/wp-content\/uploads\/2024\/03\/cropped-logo.png\",\"contentUrl\":\"https:\/\/infoecos.com.ar\/wp-content\/uploads\/2024\/03\/cropped-logo.png\",\"width\":374,\"height\":90,\"caption\":\"Infoecos\"},\"image\":{\"@id\":\"https:\/\/infoecos.com.ar\/#\/schema\/logo\/image\/\"},\"sameAs\":[\"https:\/\/www.facebook.com\/profile.php?id=100063200290284\",\"https:\/\/x.com\/infoecos\"]},{\"@type\":\"Person\",\"@id\":\"https:\/\/infoecos.com.ar\/#\/schema\/person\/8f5ace5ce73b4b4aac4b7245aee6f191\",\"name\":\"Jorge Matheus\",\"url\":\"https:\/\/infoecos.com.ar\/index.php\/author\/jomatheus\/\"}]}<\/script>\n<!-- \/ Yoast SEO plugin. -->","yoast_head_json":{"title":"El clima se asoci\u00f3 al cierre del 7\u00b0 Encuentro de Arte Mural en la localidad de ensue\u00f1o del distrito: Beruti - Infoecos","robots":{"index":"index","follow":"follow","max-snippet":"max-snippet:-1","max-image-preview":"max-image-preview:large","max-video-preview":"max-video-preview:-1"},"canonical":"https:\/\/infoecos.com.ar\/index.php\/el-dia-se-asocio-al-cierre-del-7-encuentro-de-arte-mural-en-la-localidad-de-ensueno-del-distrito-beruti\/","og_locale":"es_ES","og_type":"article","og_title":"El clima se asoci\u00f3 al cierre del 7\u00b0 Encuentro de Arte Mural en la localidad de ensue\u00f1o del distrito: Beruti - Infoecos","og_description":"Del acto de cierre y recorrida que se inici\u00f3 en el interior de la Delegaci\u00f3n Municipal, particip\u00f3 el Intendente interino, Esteban Vidal y tambi\u00e9n estuvieron presentes concejales, funcionarios del equipo de gobierno municipal, representantes de instituciones, los muralistas que participaron del encuentro y p\u00fablico en general","og_url":"https:\/\/infoecos.com.ar\/index.php\/el-dia-se-asocio-al-cierre-del-7-encuentro-de-arte-mural-en-la-localidad-de-ensueno-del-distrito-beruti\/","og_site_name":"Infoecos","article_publisher":"https:\/\/www.facebook.com\/profile.php?id=100063200290284","article_published_time":"2023-10-13T05:39:58+00:00","article_modified_time":"2023-10-17T03:18:30+00:00","og_image":[{"width":1600,"height":900,"url":"https:\/\/infoecos.com.ar\/wp-content\/uploads\/2023\/10\/Cierre-Encuentro-3-1.jpg","type":"image\/jpeg"}],"author":"Jorge Matheus","twitter_card":"summary_large_image","twitter_creator":"@infoecos","twitter_site":"@infoecos","twitter_misc":{"Escrito por":"Jorge Matheus","Tiempo de lectura":"5 minutos"},"schema":{"@context":"https:\/\/schema.org","@graph":[{"@type":"Article","@id":"https:\/\/infoecos.com.ar\/index.php\/el-dia-se-asocio-al-cierre-del-7-encuentro-de-arte-mural-en-la-localidad-de-ensueno-del-distrito-beruti\/#article","isPartOf":{"@id":"https:\/\/infoecos.com.ar\/index.php\/el-dia-se-asocio-al-cierre-del-7-encuentro-de-arte-mural-en-la-localidad-de-ensueno-del-distrito-beruti\/"},"author":{"name":"Jorge Matheus","@id":"https:\/\/infoecos.com.ar\/#\/schema\/person\/8f5ace5ce73b4b4aac4b7245aee6f191"},"headline":"El clima se asoci\u00f3 al cierre del 7\u00b0 Encuentro de Arte Mural en la localidad de ensue\u00f1o del distrito: Beruti","datePublished":"2023-10-13T05:39:58+00:00","dateModified":"2023-10-17T03:18:30+00:00","mainEntityOfPage":{"@id":"https:\/\/infoecos.com.ar\/index.php\/el-dia-se-asocio-al-cierre-del-7-encuentro-de-arte-mural-en-la-localidad-de-ensueno-del-distrito-beruti\/"},"wordCount":770,"publisher":{"@id":"https:\/\/infoecos.com.ar\/#organization"},"image":{"@id":"https:\/\/infoecos.com.ar\/index.php\/el-dia-se-asocio-al-cierre-del-7-encuentro-de-arte-mural-en-la-localidad-de-ensueno-del-distrito-beruti\/#primaryimage"},"thumbnailUrl":"https:\/\/infoecos.com.ar\/wp-content\/uploads\/2023\/10\/Cierre-Encuentro-3-1.jpg","keywords":["SATISFACCI\u00d3N EN LA COMUNIDAD"],"articleSection":["Bloque inferior - 1"],"inLanguage":"es"},{"@type":"WebPage","@id":"https:\/\/infoecos.com.ar\/index.php\/el-dia-se-asocio-al-cierre-del-7-encuentro-de-arte-mural-en-la-localidad-de-ensueno-del-distrito-beruti\/","url":"https:\/\/infoecos.com.ar\/index.php\/el-dia-se-asocio-al-cierre-del-7-encuentro-de-arte-mural-en-la-localidad-de-ensueno-del-distrito-beruti\/","name":"El clima se asoci\u00f3 al cierre del 7\u00b0 Encuentro de Arte Mural en la localidad de ensue\u00f1o del distrito: Beruti - Infoecos","isPartOf":{"@id":"https:\/\/infoecos.com.ar\/#website"},"primaryImageOfPage":{"@id":"https:\/\/infoecos.com.ar\/index.php\/el-dia-se-asocio-al-cierre-del-7-encuentro-de-arte-mural-en-la-localidad-de-ensueno-del-distrito-beruti\/#primaryimage"},"image":{"@id":"https:\/\/infoecos.com.ar\/index.php\/el-dia-se-asocio-al-cierre-del-7-encuentro-de-arte-mural-en-la-localidad-de-ensueno-del-distrito-beruti\/#primaryimage"},"thumbnailUrl":"https:\/\/infoecos.com.ar\/wp-content\/uploads\/2023\/10\/Cierre-Encuentro-3-1.jpg","datePublished":"2023-10-13T05:39:58+00:00","dateModified":"2023-10-17T03:18:30+00:00","breadcrumb":{"@id":"https:\/\/infoecos.com.ar\/index.php\/el-dia-se-asocio-al-cierre-del-7-encuentro-de-arte-mural-en-la-localidad-de-ensueno-del-distrito-beruti\/#breadcrumb"},"inLanguage":"es","potentialAction":[{"@type":"ReadAction","target":["https:\/\/infoecos.com.ar\/index.php\/el-dia-se-asocio-al-cierre-del-7-encuentro-de-arte-mural-en-la-localidad-de-ensueno-del-distrito-beruti\/"]}]},{"@type":"ImageObject","inLanguage":"es","@id":"https:\/\/infoecos.com.ar\/index.php\/el-dia-se-asocio-al-cierre-del-7-encuentro-de-arte-mural-en-la-localidad-de-ensueno-del-distrito-beruti\/#primaryimage","url":"https:\/\/infoecos.com.ar\/wp-content\/uploads\/2023\/10\/Cierre-Encuentro-3-1.jpg","contentUrl":"https:\/\/infoecos.com.ar\/wp-content\/uploads\/2023\/10\/Cierre-Encuentro-3-1.jpg","width":1600,"height":900},{"@type":"BreadcrumbList","@id":"https:\/\/infoecos.com.ar\/index.php\/el-dia-se-asocio-al-cierre-del-7-encuentro-de-arte-mural-en-la-localidad-de-ensueno-del-distrito-beruti\/#breadcrumb","itemListElement":[{"@type":"ListItem","position":1,"name":"Portada","item":"https:\/\/infoecos.com.ar\/"},{"@type":"ListItem","position":2,"name":"El clima se asoci\u00f3 al cierre del 7\u00b0 Encuentro de Arte Mural en la localidad de ensue\u00f1o del distrito: Beruti"}]},{"@type":"WebSite","@id":"https:\/\/infoecos.com.ar\/#website","url":"https:\/\/infoecos.com.ar\/","name":"Infoecos","description":"Noticias de trenque lauquen y la zona","publisher":{"@id":"https:\/\/infoecos.com.ar\/#organization"},"alternateName":"Noticias","potentialAction":[{"@type":"SearchAction","target":{"@type":"EntryPoint","urlTemplate":"https:\/\/infoecos.com.ar\/?s={search_term_string}"},"query-input":{"@type":"PropertyValueSpecification","valueRequired":true,"valueName":"search_term_string"}}],"inLanguage":"es"},{"@type":"Organization","@id":"https:\/\/infoecos.com.ar\/#organization","name":"Infoecos","alternateName":"Noticias","url":"https:\/\/infoecos.com.ar\/","logo":{"@type":"ImageObject","inLanguage":"es","@id":"https:\/\/infoecos.com.ar\/#\/schema\/logo\/image\/","url":"https:\/\/infoecos.com.ar\/wp-content\/uploads\/2024\/03\/cropped-logo.png","contentUrl":"https:\/\/infoecos.com.ar\/wp-content\/uploads\/2024\/03\/cropped-logo.png","width":374,"height":90,"caption":"Infoecos"},"image":{"@id":"https:\/\/infoecos.com.ar\/#\/schema\/logo\/image\/"},"sameAs":["https:\/\/www.facebook.com\/profile.php?id=100063200290284","https:\/\/x.com\/infoecos"]},{"@type":"Person","@id":"https:\/\/infoecos.com.ar\/#\/schema\/person\/8f5ace5ce73b4b4aac4b7245aee6f191","name":"Jorge Matheus","url":"https:\/\/infoecos.com.ar\/index.php\/author\/jomatheus\/"}]}},"featured_image_urls":{"full":["https:\/\/infoecos.com.ar\/wp-content\/uploads\/2023\/10\/Cierre-Encuentro-3-1.jpg",1600,900,false],"thumbnail":["https:\/\/infoecos.com.ar\/wp-content\/uploads\/2023\/10\/Cierre-Encuentro-3-1-300x150.jpg",300,150,true],"medium":["https:\/\/infoecos.com.ar\/wp-content\/uploads\/2023\/10\/Cierre-Encuentro-3-1-800x450.jpg",800,450,true],"medium_large":["https:\/\/infoecos.com.ar\/wp-content\/uploads\/2023\/10\/Cierre-Encuentro-3-1-768x432.jpg",640,360,true],"large":["https:\/\/infoecos.com.ar\/wp-content\/uploads\/2023\/10\/Cierre-Encuentro-3-1.jpg",640,360,false],"1536x1536":["https:\/\/infoecos.com.ar\/wp-content\/uploads\/2023\/10\/Cierre-Encuentro-3-1-1536x864.jpg",1536,864,true],"2048x2048":["https:\/\/infoecos.com.ar\/wp-content\/uploads\/2023\/10\/Cierre-Encuentro-3-1.jpg",1600,900,false],"covernews-slider-full":["https:\/\/infoecos.com.ar\/wp-content\/uploads\/2023\/10\/Cierre-Encuentro-3-1-1536x900.jpg",1115,653,true],"covernews-slider-center":["https:\/\/infoecos.com.ar\/wp-content\/uploads\/2023\/10\/Cierre-Encuentro-3-1-936x897.jpg",522,500,true],"covernews-featured":["https:\/\/infoecos.com.ar\/wp-content\/uploads\/2023\/10\/Cierre-Encuentro-3-1-1024x576.jpg",1024,576,true],"covernews-medium":["https:\/\/infoecos.com.ar\/wp-content\/uploads\/2023\/10\/Cierre-Encuentro-3-1-720x380.jpg",540,285,true],"covernews-medium-square":["https:\/\/infoecos.com.ar\/wp-content\/uploads\/2023\/10\/Cierre-Encuentro-3-1-675x450.jpg",375,250,true]},"author_info":{"info":["Jorge Matheus"]},"category_info":"<a href=\"https:\/\/infoecos.com.ar\/index.php\/category\/inferior1\/\" rel=\"category tag\">Bloque inferior - 1<\/a>","tag_info":"Bloque inferior - 1","comment_count":"0","_links":{"self":[{"href":"https:\/\/infoecos.com.ar\/index.php\/wp-json\/wp\/v2\/posts\/114032"}],"collection":[{"href":"https:\/\/infoecos.com.ar\/index.php\/wp-json\/wp\/v2\/posts"}],"about":[{"href":"https:\/\/infoecos.com.ar\/index.php\/wp-json\/wp\/v2\/types\/post"}],"author":[{"embeddable":true,"href":"https:\/\/infoecos.com.ar\/index.php\/wp-json\/wp\/v2\/users\/2"}],"replies":[{"embeddable":true,"href":"https:\/\/infoecos.com.ar\/index.php\/wp-json\/wp\/v2\/comments?post=114032"}],"version-history":[{"count":3,"href":"https:\/\/infoecos.com.ar\/index.php\/wp-json\/wp\/v2\/posts\/114032\/revisions"}],"predecessor-version":[{"id":114192,"href":"https:\/\/infoecos.com.ar\/index.php\/wp-json\/wp\/v2\/posts\/114032\/revisions\/114192"}],"wp:featuredmedia":[{"embeddable":true,"href":"https:\/\/infoecos.com.ar\/index.php\/wp-json\/wp\/v2\/media\/114033"}],"wp:attachment":[{"href":"https:\/\/infoecos.com.ar\/index.php\/wp-json\/wp\/v2\/media?parent=114032"}],"wp:term":[{"taxonomy":"category","embeddable":true,"href":"https:\/\/infoecos.com.ar\/index.php\/wp-json\/wp\/v2\/categories?post=114032"},{"taxonomy":"post_tag","embeddable":true,"href":"https:\/\/infoecos.com.ar\/index.php\/wp-json\/wp\/v2\/tags?post=114032"}],"curies":[{"name":"wp","href":"https:\/\/api.w.org\/{rel}","templated":true}]}}