{"id":114052,"date":"2023-10-13T03:03:03","date_gmt":"2023-10-13T06:03:03","guid":{"rendered":"https:\/\/infoecos.com.ar\/?p=114052"},"modified":"2023-10-17T00:19:23","modified_gmt":"2023-10-17T03:19:23","slug":"7-aniversario-de-la-unidad-productiva-municipal-el-gancho-de-beruti","status":"publish","type":"post","link":"https:\/\/infoecos.com.ar\/index.php\/7-aniversario-de-la-unidad-productiva-municipal-el-gancho-de-beruti\/","title":{"rendered":"7\u00b0 aniversario de la Unidad Productiva Municipal \u00abEl Gancho\u00bb de Beruti"},"content":{"rendered":"\n<p>Un taller demostrativo de la planta medicinal de Cal\u00e9ndula, marc\u00f3 el inicio de las actividades organizadas por la Unidad Productiva Hort\u00edcola Municipal \u201cEl Gancho\u201d de Beruti, para celebrar su 7\u00b0 aniversario.<\/p>\n\n\n\n<p>El taller, que se desarroll\u00f3 en el predio de la Estaci\u00f3n, estuvo a cargo del Dr. Pedro Reyes, quien se refiri\u00f3 a las propiedades de la planta de Cal\u00e9ndula, generando un interesante intercambio con los vecinos\/as que se mostraron interesados en la tem\u00e1tica.<\/p>\n\n\n\n<figure class=\"wp-block-gallery has-nested-images columns-default is-cropped wp-block-gallery-1 is-layout-flex wp-block-gallery-is-layout-flex\">\n<figure class=\"wp-block-image size-large\"><img loading=\"lazy\" decoding=\"async\" width=\"1600\" height=\"900\" data-id=\"114054\" src=\"https:\/\/infoecos.com.ar\/wp-content\/uploads\/2023\/10\/El-Gancho-1-1.jpg\" alt=\"\" class=\"wp-image-114054\" srcset=\"https:\/\/infoecos.com.ar\/wp-content\/uploads\/2023\/10\/El-Gancho-1-1.jpg 1600w, https:\/\/infoecos.com.ar\/wp-content\/uploads\/2023\/10\/El-Gancho-1-1-800x450.jpg 800w, https:\/\/infoecos.com.ar\/wp-content\/uploads\/2023\/10\/El-Gancho-1-1-768x432.jpg 768w, https:\/\/infoecos.com.ar\/wp-content\/uploads\/2023\/10\/El-Gancho-1-1-1536x864.jpg 1536w, https:\/\/infoecos.com.ar\/wp-content\/uploads\/2023\/10\/El-Gancho-1-1-1024x576.jpg 1024w\" sizes=\"(max-width: 1600px) 100vw, 1600px\" \/><figcaption class=\"wp-element-caption\">Beruti Unidad Productiva El Gancho<\/figcaption><\/figure>\n\n\n\n<figure class=\"wp-block-image size-large\"><img loading=\"lazy\" decoding=\"async\" width=\"1600\" height=\"900\" data-id=\"114055\" src=\"https:\/\/infoecos.com.ar\/wp-content\/uploads\/2023\/10\/El-Gancho-2-1.jpg\" alt=\"\" class=\"wp-image-114055\" srcset=\"https:\/\/infoecos.com.ar\/wp-content\/uploads\/2023\/10\/El-Gancho-2-1.jpg 1600w, https:\/\/infoecos.com.ar\/wp-content\/uploads\/2023\/10\/El-Gancho-2-1-800x450.jpg 800w, https:\/\/infoecos.com.ar\/wp-content\/uploads\/2023\/10\/El-Gancho-2-1-768x432.jpg 768w, https:\/\/infoecos.com.ar\/wp-content\/uploads\/2023\/10\/El-Gancho-2-1-1536x864.jpg 1536w, https:\/\/infoecos.com.ar\/wp-content\/uploads\/2023\/10\/El-Gancho-2-1-1024x576.jpg 1024w\" sizes=\"(max-width: 1600px) 100vw, 1600px\" \/><figcaption class=\"wp-element-caption\">Beruti Unidad Productiva El Gancho<\/figcaption><\/figure>\n\n\n\n<figure class=\"wp-block-image size-large\"><img loading=\"lazy\" decoding=\"async\" width=\"1600\" height=\"900\" data-id=\"114053\" src=\"https:\/\/infoecos.com.ar\/wp-content\/uploads\/2023\/10\/El-Gancho-3-1.jpg\" alt=\"\" class=\"wp-image-114053\" srcset=\"https:\/\/infoecos.com.ar\/wp-content\/uploads\/2023\/10\/El-Gancho-3-1.jpg 1600w, https:\/\/infoecos.com.ar\/wp-content\/uploads\/2023\/10\/El-Gancho-3-1-800x450.jpg 800w, https:\/\/infoecos.com.ar\/wp-content\/uploads\/2023\/10\/El-Gancho-3-1-768x432.jpg 768w, https:\/\/infoecos.com.ar\/wp-content\/uploads\/2023\/10\/El-Gancho-3-1-1536x864.jpg 1536w, https:\/\/infoecos.com.ar\/wp-content\/uploads\/2023\/10\/El-Gancho-3-1-1024x576.jpg 1024w\" sizes=\"(max-width: 1600px) 100vw, 1600px\" \/><figcaption class=\"wp-element-caption\">Beruti Unidad Productiva El Gancho<\/figcaption><\/figure>\n<\/figure>\n\n\n\n<p>Como parte de las actividades programadas, tambi\u00e9n hubo Feria de Artesanos y Hortalizas Agroecol\u00f3gicas, y se sumaron emprendedores, carros de comida y actividades para ni\u00f1os\/as, coordinadas por las docentes de la Escuela Municipal, para completar una jornada de festejo abierta a la comunidad.<\/p>\n\n\n\n<figure class=\"wp-block-gallery has-nested-images columns-default is-cropped wp-block-gallery-2 is-layout-flex wp-block-gallery-is-layout-flex\">\n<figure class=\"wp-block-image size-large\"><img loading=\"lazy\" decoding=\"async\" width=\"1600\" height=\"900\" data-id=\"114056\" src=\"https:\/\/infoecos.com.ar\/wp-content\/uploads\/2023\/10\/El-Gancho-5-1.jpg\" alt=\"\" class=\"wp-image-114056\" srcset=\"https:\/\/infoecos.com.ar\/wp-content\/uploads\/2023\/10\/El-Gancho-5-1.jpg 1600w, https:\/\/infoecos.com.ar\/wp-content\/uploads\/2023\/10\/El-Gancho-5-1-800x450.jpg 800w, https:\/\/infoecos.com.ar\/wp-content\/uploads\/2023\/10\/El-Gancho-5-1-768x432.jpg 768w, https:\/\/infoecos.com.ar\/wp-content\/uploads\/2023\/10\/El-Gancho-5-1-1536x864.jpg 1536w, https:\/\/infoecos.com.ar\/wp-content\/uploads\/2023\/10\/El-Gancho-5-1-1024x576.jpg 1024w\" sizes=\"(max-width: 1600px) 100vw, 1600px\" \/><figcaption class=\"wp-element-caption\">Beruti Unidad Productiva El Gancho<\/figcaption><\/figure>\n\n\n\n<figure class=\"wp-block-image size-large\"><img loading=\"lazy\" decoding=\"async\" width=\"1600\" height=\"900\" data-id=\"114058\" src=\"https:\/\/infoecos.com.ar\/wp-content\/uploads\/2023\/10\/El-Gancho-6-1.jpg\" alt=\"\" class=\"wp-image-114058\" srcset=\"https:\/\/infoecos.com.ar\/wp-content\/uploads\/2023\/10\/El-Gancho-6-1.jpg 1600w, https:\/\/infoecos.com.ar\/wp-content\/uploads\/2023\/10\/El-Gancho-6-1-800x450.jpg 800w, https:\/\/infoecos.com.ar\/wp-content\/uploads\/2023\/10\/El-Gancho-6-1-768x432.jpg 768w, https:\/\/infoecos.com.ar\/wp-content\/uploads\/2023\/10\/El-Gancho-6-1-1536x864.jpg 1536w, https:\/\/infoecos.com.ar\/wp-content\/uploads\/2023\/10\/El-Gancho-6-1-1024x576.jpg 1024w\" sizes=\"(max-width: 1600px) 100vw, 1600px\" \/><figcaption class=\"wp-element-caption\">Beruti Unidad Productiva El Gancho<\/figcaption><\/figure>\n\n\n\n<figure class=\"wp-block-image size-large\"><img loading=\"lazy\" decoding=\"async\" width=\"1600\" height=\"900\" data-id=\"114057\" src=\"https:\/\/infoecos.com.ar\/wp-content\/uploads\/2023\/10\/El-Gancho-7-1.jpg\" alt=\"\" class=\"wp-image-114057\" srcset=\"https:\/\/infoecos.com.ar\/wp-content\/uploads\/2023\/10\/El-Gancho-7-1.jpg 1600w, https:\/\/infoecos.com.ar\/wp-content\/uploads\/2023\/10\/El-Gancho-7-1-800x450.jpg 800w, https:\/\/infoecos.com.ar\/wp-content\/uploads\/2023\/10\/El-Gancho-7-1-768x432.jpg 768w, https:\/\/infoecos.com.ar\/wp-content\/uploads\/2023\/10\/El-Gancho-7-1-1536x864.jpg 1536w, https:\/\/infoecos.com.ar\/wp-content\/uploads\/2023\/10\/El-Gancho-7-1-1024x576.jpg 1024w\" sizes=\"(max-width: 1600px) 100vw, 1600px\" \/><figcaption class=\"wp-element-caption\">Beruti Unidad Productiva El Gancho<\/figcaption><\/figure>\n<\/figure>\n\n\n\n<p>El Gancho es una unidad productiva que comenz\u00f3 a gestarse en octubre de 2016 y que tiene como objetivo demostrar que se puede hacer una huerta con enfoque agroecol\u00f3gico y que es rentable.<\/p>\n\n\n\n<p>La producci\u00f3n y mantenimiento de este espacio est\u00e1 a cargo de un equipo de trabajo consolidado, que cuenta con el apoyo permanente del INTA, a trav\u00e9s de la Ingeniera Cristina Schaber y del equipo de la subsecretar\u00eda de Desarrollo Econ\u00f3mico y Productivo del Municipio, que encabeza Alicia Ramudo.<\/p>\n\n\n\n<p>En este \u00faltimo tiempo, el grupo llev\u00f3 adelante distintas iniciativas para potenciar la actividad como el cerramiento del invernadero ubicado en el predio donde funciona el emprendimiento, adem\u00e1s de talleres como el de Abonos Org\u00e1nicos para Suelos Sanos, que se realiz\u00f3 en julio de este a\u00f1o.<\/p>\n","protected":false},"excerpt":{"rendered":"<p>El taller, que se desarroll\u00f3 en el predio de la Estaci\u00f3n, estuvo a cargo del Dr. Pedro Reyes, quien se refiri\u00f3 a las propiedades de la planta de Cal\u00e9ndula<\/p>\n","protected":false},"author":2,"featured_media":114056,"comment_status":"closed","ping_status":"open","sticky":false,"template":"","format":"standard","meta":{"footnotes":""},"categories":[42],"tags":[9421],"class_list":["post-114052","post","type-post","status-publish","format-standard","has-post-thumbnail","hentry","category-inferior3","tag-ayer-taller-demostrativo"],"yoast_head":"<!-- This site is optimized with the Yoast SEO plugin v23.4 - https:\/\/yoast.com\/wordpress\/plugins\/seo\/ -->\n<title>7\u00b0 aniversario de la Unidad Productiva Municipal &quot;El Gancho&quot; de Beruti - Infoecos<\/title>\n<meta name=\"robots\" content=\"index, follow, max-snippet:-1, max-image-preview:large, max-video-preview:-1\" \/>\n<link rel=\"canonical\" href=\"https:\/\/infoecos.com.ar\/index.php\/7-aniversario-de-la-unidad-productiva-municipal-el-gancho-de-beruti\/\" \/>\n<meta property=\"og:locale\" content=\"es_ES\" \/>\n<meta property=\"og:type\" content=\"article\" \/>\n<meta property=\"og:title\" content=\"7\u00b0 aniversario de la Unidad Productiva Municipal &quot;El Gancho&quot; de Beruti - Infoecos\" \/>\n<meta property=\"og:description\" content=\"El taller, que se desarroll\u00f3 en el predio de la Estaci\u00f3n, estuvo a cargo del Dr. Pedro Reyes, quien se refiri\u00f3 a las propiedades de la planta de Cal\u00e9ndula\" \/>\n<meta property=\"og:url\" content=\"https:\/\/infoecos.com.ar\/index.php\/7-aniversario-de-la-unidad-productiva-municipal-el-gancho-de-beruti\/\" \/>\n<meta property=\"og:site_name\" content=\"Infoecos\" \/>\n<meta property=\"article:publisher\" content=\"https:\/\/www.facebook.com\/profile.php?id=100063200290284\" \/>\n<meta property=\"article:published_time\" content=\"2023-10-13T06:03:03+00:00\" \/>\n<meta property=\"article:modified_time\" content=\"2023-10-17T03:19:23+00:00\" \/>\n<meta property=\"og:image\" content=\"https:\/\/infoecos.com.ar\/wp-content\/uploads\/2023\/10\/El-Gancho-5-1.jpg\" \/>\n\t<meta property=\"og:image:width\" content=\"1600\" \/>\n\t<meta property=\"og:image:height\" content=\"900\" \/>\n\t<meta property=\"og:image:type\" content=\"image\/jpeg\" \/>\n<meta name=\"author\" content=\"Jorge Matheus\" \/>\n<meta name=\"twitter:card\" content=\"summary_large_image\" \/>\n<meta name=\"twitter:creator\" content=\"@infoecos\" \/>\n<meta name=\"twitter:site\" content=\"@infoecos\" \/>\n<meta name=\"twitter:label1\" content=\"Escrito por\" \/>\n\t<meta name=\"twitter:data1\" content=\"Jorge Matheus\" \/>\n\t<meta name=\"twitter:label2\" content=\"Tiempo de lectura\" \/>\n\t<meta name=\"twitter:data2\" content=\"3 minutos\" \/>\n<script type=\"application\/ld+json\" class=\"yoast-schema-graph\">{\"@context\":\"https:\/\/schema.org\",\"@graph\":[{\"@type\":\"Article\",\"@id\":\"https:\/\/infoecos.com.ar\/index.php\/7-aniversario-de-la-unidad-productiva-municipal-el-gancho-de-beruti\/#article\",\"isPartOf\":{\"@id\":\"https:\/\/infoecos.com.ar\/index.php\/7-aniversario-de-la-unidad-productiva-municipal-el-gancho-de-beruti\/\"},\"author\":{\"name\":\"Jorge Matheus\",\"@id\":\"https:\/\/infoecos.com.ar\/#\/schema\/person\/8f5ace5ce73b4b4aac4b7245aee6f191\"},\"headline\":\"7\u00b0 aniversario de la Unidad Productiva Municipal \u00abEl Gancho\u00bb de Beruti\",\"datePublished\":\"2023-10-13T06:03:03+00:00\",\"dateModified\":\"2023-10-17T03:19:23+00:00\",\"mainEntityOfPage\":{\"@id\":\"https:\/\/infoecos.com.ar\/index.php\/7-aniversario-de-la-unidad-productiva-municipal-el-gancho-de-beruti\/\"},\"wordCount\":300,\"publisher\":{\"@id\":\"https:\/\/infoecos.com.ar\/#organization\"},\"image\":{\"@id\":\"https:\/\/infoecos.com.ar\/index.php\/7-aniversario-de-la-unidad-productiva-municipal-el-gancho-de-beruti\/#primaryimage\"},\"thumbnailUrl\":\"https:\/\/infoecos.com.ar\/wp-content\/uploads\/2023\/10\/El-Gancho-5-1.jpg\",\"keywords\":[\"AYER TALLER DEMOSTRATIVO\"],\"articleSection\":[\"Bloque inferior - 3\"],\"inLanguage\":\"es\"},{\"@type\":\"WebPage\",\"@id\":\"https:\/\/infoecos.com.ar\/index.php\/7-aniversario-de-la-unidad-productiva-municipal-el-gancho-de-beruti\/\",\"url\":\"https:\/\/infoecos.com.ar\/index.php\/7-aniversario-de-la-unidad-productiva-municipal-el-gancho-de-beruti\/\",\"name\":\"7\u00b0 aniversario de la Unidad Productiva Municipal \\\"El Gancho\\\" de Beruti - Infoecos\",\"isPartOf\":{\"@id\":\"https:\/\/infoecos.com.ar\/#website\"},\"primaryImageOfPage\":{\"@id\":\"https:\/\/infoecos.com.ar\/index.php\/7-aniversario-de-la-unidad-productiva-municipal-el-gancho-de-beruti\/#primaryimage\"},\"image\":{\"@id\":\"https:\/\/infoecos.com.ar\/index.php\/7-aniversario-de-la-unidad-productiva-municipal-el-gancho-de-beruti\/#primaryimage\"},\"thumbnailUrl\":\"https:\/\/infoecos.com.ar\/wp-content\/uploads\/2023\/10\/El-Gancho-5-1.jpg\",\"datePublished\":\"2023-10-13T06:03:03+00:00\",\"dateModified\":\"2023-10-17T03:19:23+00:00\",\"breadcrumb\":{\"@id\":\"https:\/\/infoecos.com.ar\/index.php\/7-aniversario-de-la-unidad-productiva-municipal-el-gancho-de-beruti\/#breadcrumb\"},\"inLanguage\":\"es\",\"potentialAction\":[{\"@type\":\"ReadAction\",\"target\":[\"https:\/\/infoecos.com.ar\/index.php\/7-aniversario-de-la-unidad-productiva-municipal-el-gancho-de-beruti\/\"]}]},{\"@type\":\"ImageObject\",\"inLanguage\":\"es\",\"@id\":\"https:\/\/infoecos.com.ar\/index.php\/7-aniversario-de-la-unidad-productiva-municipal-el-gancho-de-beruti\/#primaryimage\",\"url\":\"https:\/\/infoecos.com.ar\/wp-content\/uploads\/2023\/10\/El-Gancho-5-1.jpg\",\"contentUrl\":\"https:\/\/infoecos.com.ar\/wp-content\/uploads\/2023\/10\/El-Gancho-5-1.jpg\",\"width\":1600,\"height\":900},{\"@type\":\"BreadcrumbList\",\"@id\":\"https:\/\/infoecos.com.ar\/index.php\/7-aniversario-de-la-unidad-productiva-municipal-el-gancho-de-beruti\/#breadcrumb\",\"itemListElement\":[{\"@type\":\"ListItem\",\"position\":1,\"name\":\"Portada\",\"item\":\"https:\/\/infoecos.com.ar\/\"},{\"@type\":\"ListItem\",\"position\":2,\"name\":\"7\u00b0 aniversario de la Unidad Productiva Municipal \u00abEl Gancho\u00bb de Beruti\"}]},{\"@type\":\"WebSite\",\"@id\":\"https:\/\/infoecos.com.ar\/#website\",\"url\":\"https:\/\/infoecos.com.ar\/\",\"name\":\"Infoecos\",\"description\":\"Noticias de trenque lauquen y la zona\",\"publisher\":{\"@id\":\"https:\/\/infoecos.com.ar\/#organization\"},\"alternateName\":\"Noticias\",\"potentialAction\":[{\"@type\":\"SearchAction\",\"target\":{\"@type\":\"EntryPoint\",\"urlTemplate\":\"https:\/\/infoecos.com.ar\/?s={search_term_string}\"},\"query-input\":{\"@type\":\"PropertyValueSpecification\",\"valueRequired\":true,\"valueName\":\"search_term_string\"}}],\"inLanguage\":\"es\"},{\"@type\":\"Organization\",\"@id\":\"https:\/\/infoecos.com.ar\/#organization\",\"name\":\"Infoecos\",\"alternateName\":\"Noticias\",\"url\":\"https:\/\/infoecos.com.ar\/\",\"logo\":{\"@type\":\"ImageObject\",\"inLanguage\":\"es\",\"@id\":\"https:\/\/infoecos.com.ar\/#\/schema\/logo\/image\/\",\"url\":\"https:\/\/infoecos.com.ar\/wp-content\/uploads\/2024\/03\/cropped-logo.png\",\"contentUrl\":\"https:\/\/infoecos.com.ar\/wp-content\/uploads\/2024\/03\/cropped-logo.png\",\"width\":374,\"height\":90,\"caption\":\"Infoecos\"},\"image\":{\"@id\":\"https:\/\/infoecos.com.ar\/#\/schema\/logo\/image\/\"},\"sameAs\":[\"https:\/\/www.facebook.com\/profile.php?id=100063200290284\",\"https:\/\/x.com\/infoecos\"]},{\"@type\":\"Person\",\"@id\":\"https:\/\/infoecos.com.ar\/#\/schema\/person\/8f5ace5ce73b4b4aac4b7245aee6f191\",\"name\":\"Jorge Matheus\",\"url\":\"https:\/\/infoecos.com.ar\/index.php\/author\/jomatheus\/\"}]}<\/script>\n<!-- \/ Yoast SEO plugin. -->","yoast_head_json":{"title":"7\u00b0 aniversario de la Unidad Productiva Municipal \"El Gancho\" de Beruti - Infoecos","robots":{"index":"index","follow":"follow","max-snippet":"max-snippet:-1","max-image-preview":"max-image-preview:large","max-video-preview":"max-video-preview:-1"},"canonical":"https:\/\/infoecos.com.ar\/index.php\/7-aniversario-de-la-unidad-productiva-municipal-el-gancho-de-beruti\/","og_locale":"es_ES","og_type":"article","og_title":"7\u00b0 aniversario de la Unidad Productiva Municipal \"El Gancho\" de Beruti - Infoecos","og_description":"El taller, que se desarroll\u00f3 en el predio de la Estaci\u00f3n, estuvo a cargo del Dr. Pedro Reyes, quien se refiri\u00f3 a las propiedades de la planta de Cal\u00e9ndula","og_url":"https:\/\/infoecos.com.ar\/index.php\/7-aniversario-de-la-unidad-productiva-municipal-el-gancho-de-beruti\/","og_site_name":"Infoecos","article_publisher":"https:\/\/www.facebook.com\/profile.php?id=100063200290284","article_published_time":"2023-10-13T06:03:03+00:00","article_modified_time":"2023-10-17T03:19:23+00:00","og_image":[{"width":1600,"height":900,"url":"https:\/\/infoecos.com.ar\/wp-content\/uploads\/2023\/10\/El-Gancho-5-1.jpg","type":"image\/jpeg"}],"author":"Jorge Matheus","twitter_card":"summary_large_image","twitter_creator":"@infoecos","twitter_site":"@infoecos","twitter_misc":{"Escrito por":"Jorge Matheus","Tiempo de lectura":"3 minutos"},"schema":{"@context":"https:\/\/schema.org","@graph":[{"@type":"Article","@id":"https:\/\/infoecos.com.ar\/index.php\/7-aniversario-de-la-unidad-productiva-municipal-el-gancho-de-beruti\/#article","isPartOf":{"@id":"https:\/\/infoecos.com.ar\/index.php\/7-aniversario-de-la-unidad-productiva-municipal-el-gancho-de-beruti\/"},"author":{"name":"Jorge Matheus","@id":"https:\/\/infoecos.com.ar\/#\/schema\/person\/8f5ace5ce73b4b4aac4b7245aee6f191"},"headline":"7\u00b0 aniversario de la Unidad Productiva Municipal \u00abEl Gancho\u00bb de Beruti","datePublished":"2023-10-13T06:03:03+00:00","dateModified":"2023-10-17T03:19:23+00:00","mainEntityOfPage":{"@id":"https:\/\/infoecos.com.ar\/index.php\/7-aniversario-de-la-unidad-productiva-municipal-el-gancho-de-beruti\/"},"wordCount":300,"publisher":{"@id":"https:\/\/infoecos.com.ar\/#organization"},"image":{"@id":"https:\/\/infoecos.com.ar\/index.php\/7-aniversario-de-la-unidad-productiva-municipal-el-gancho-de-beruti\/#primaryimage"},"thumbnailUrl":"https:\/\/infoecos.com.ar\/wp-content\/uploads\/2023\/10\/El-Gancho-5-1.jpg","keywords":["AYER TALLER DEMOSTRATIVO"],"articleSection":["Bloque inferior - 3"],"inLanguage":"es"},{"@type":"WebPage","@id":"https:\/\/infoecos.com.ar\/index.php\/7-aniversario-de-la-unidad-productiva-municipal-el-gancho-de-beruti\/","url":"https:\/\/infoecos.com.ar\/index.php\/7-aniversario-de-la-unidad-productiva-municipal-el-gancho-de-beruti\/","name":"7\u00b0 aniversario de la Unidad Productiva Municipal \"El Gancho\" de Beruti - Infoecos","isPartOf":{"@id":"https:\/\/infoecos.com.ar\/#website"},"primaryImageOfPage":{"@id":"https:\/\/infoecos.com.ar\/index.php\/7-aniversario-de-la-unidad-productiva-municipal-el-gancho-de-beruti\/#primaryimage"},"image":{"@id":"https:\/\/infoecos.com.ar\/index.php\/7-aniversario-de-la-unidad-productiva-municipal-el-gancho-de-beruti\/#primaryimage"},"thumbnailUrl":"https:\/\/infoecos.com.ar\/wp-content\/uploads\/2023\/10\/El-Gancho-5-1.jpg","datePublished":"2023-10-13T06:03:03+00:00","dateModified":"2023-10-17T03:19:23+00:00","breadcrumb":{"@id":"https:\/\/infoecos.com.ar\/index.php\/7-aniversario-de-la-unidad-productiva-municipal-el-gancho-de-beruti\/#breadcrumb"},"inLanguage":"es","potentialAction":[{"@type":"ReadAction","target":["https:\/\/infoecos.com.ar\/index.php\/7-aniversario-de-la-unidad-productiva-municipal-el-gancho-de-beruti\/"]}]},{"@type":"ImageObject","inLanguage":"es","@id":"https:\/\/infoecos.com.ar\/index.php\/7-aniversario-de-la-unidad-productiva-municipal-el-gancho-de-beruti\/#primaryimage","url":"https:\/\/infoecos.com.ar\/wp-content\/uploads\/2023\/10\/El-Gancho-5-1.jpg","contentUrl":"https:\/\/infoecos.com.ar\/wp-content\/uploads\/2023\/10\/El-Gancho-5-1.jpg","width":1600,"height":900},{"@type":"BreadcrumbList","@id":"https:\/\/infoecos.com.ar\/index.php\/7-aniversario-de-la-unidad-productiva-municipal-el-gancho-de-beruti\/#breadcrumb","itemListElement":[{"@type":"ListItem","position":1,"name":"Portada","item":"https:\/\/infoecos.com.ar\/"},{"@type":"ListItem","position":2,"name":"7\u00b0 aniversario de la Unidad Productiva Municipal \u00abEl Gancho\u00bb de Beruti"}]},{"@type":"WebSite","@id":"https:\/\/infoecos.com.ar\/#website","url":"https:\/\/infoecos.com.ar\/","name":"Infoecos","description":"Noticias de trenque lauquen y la zona","publisher":{"@id":"https:\/\/infoecos.com.ar\/#organization"},"alternateName":"Noticias","potentialAction":[{"@type":"SearchAction","target":{"@type":"EntryPoint","urlTemplate":"https:\/\/infoecos.com.ar\/?s={search_term_string}"},"query-input":{"@type":"PropertyValueSpecification","valueRequired":true,"valueName":"search_term_string"}}],"inLanguage":"es"},{"@type":"Organization","@id":"https:\/\/infoecos.com.ar\/#organization","name":"Infoecos","alternateName":"Noticias","url":"https:\/\/infoecos.com.ar\/","logo":{"@type":"ImageObject","inLanguage":"es","@id":"https:\/\/infoecos.com.ar\/#\/schema\/logo\/image\/","url":"https:\/\/infoecos.com.ar\/wp-content\/uploads\/2024\/03\/cropped-logo.png","contentUrl":"https:\/\/infoecos.com.ar\/wp-content\/uploads\/2024\/03\/cropped-logo.png","width":374,"height":90,"caption":"Infoecos"},"image":{"@id":"https:\/\/infoecos.com.ar\/#\/schema\/logo\/image\/"},"sameAs":["https:\/\/www.facebook.com\/profile.php?id=100063200290284","https:\/\/x.com\/infoecos"]},{"@type":"Person","@id":"https:\/\/infoecos.com.ar\/#\/schema\/person\/8f5ace5ce73b4b4aac4b7245aee6f191","name":"Jorge Matheus","url":"https:\/\/infoecos.com.ar\/index.php\/author\/jomatheus\/"}]}},"featured_image_urls":{"full":["https:\/\/infoecos.com.ar\/wp-content\/uploads\/2023\/10\/El-Gancho-5-1.jpg",1600,900,false],"thumbnail":["https:\/\/infoecos.com.ar\/wp-content\/uploads\/2023\/10\/El-Gancho-5-1-300x150.jpg",300,150,true],"medium":["https:\/\/infoecos.com.ar\/wp-content\/uploads\/2023\/10\/El-Gancho-5-1-800x450.jpg",800,450,true],"medium_large":["https:\/\/infoecos.com.ar\/wp-content\/uploads\/2023\/10\/El-Gancho-5-1-768x432.jpg",640,360,true],"large":["https:\/\/infoecos.com.ar\/wp-content\/uploads\/2023\/10\/El-Gancho-5-1.jpg",640,360,false],"1536x1536":["https:\/\/infoecos.com.ar\/wp-content\/uploads\/2023\/10\/El-Gancho-5-1-1536x864.jpg",1536,864,true],"2048x2048":["https:\/\/infoecos.com.ar\/wp-content\/uploads\/2023\/10\/El-Gancho-5-1.jpg",1600,900,false],"covernews-slider-full":["https:\/\/infoecos.com.ar\/wp-content\/uploads\/2023\/10\/El-Gancho-5-1-1536x900.jpg",1115,653,true],"covernews-slider-center":["https:\/\/infoecos.com.ar\/wp-content\/uploads\/2023\/10\/El-Gancho-5-1-936x897.jpg",522,500,true],"covernews-featured":["https:\/\/infoecos.com.ar\/wp-content\/uploads\/2023\/10\/El-Gancho-5-1-1024x576.jpg",1024,576,true],"covernews-medium":["https:\/\/infoecos.com.ar\/wp-content\/uploads\/2023\/10\/El-Gancho-5-1-720x380.jpg",540,285,true],"covernews-medium-square":["https:\/\/infoecos.com.ar\/wp-content\/uploads\/2023\/10\/El-Gancho-5-1-675x450.jpg",375,250,true]},"author_info":{"info":["Jorge Matheus"]},"category_info":"<a href=\"https:\/\/infoecos.com.ar\/index.php\/category\/inferior3\/\" rel=\"category tag\">Bloque inferior - 3<\/a>","tag_info":"Bloque inferior - 3","comment_count":"0","_links":{"self":[{"href":"https:\/\/infoecos.com.ar\/index.php\/wp-json\/wp\/v2\/posts\/114052"}],"collection":[{"href":"https:\/\/infoecos.com.ar\/index.php\/wp-json\/wp\/v2\/posts"}],"about":[{"href":"https:\/\/infoecos.com.ar\/index.php\/wp-json\/wp\/v2\/types\/post"}],"author":[{"embeddable":true,"href":"https:\/\/infoecos.com.ar\/index.php\/wp-json\/wp\/v2\/users\/2"}],"replies":[{"embeddable":true,"href":"https:\/\/infoecos.com.ar\/index.php\/wp-json\/wp\/v2\/comments?post=114052"}],"version-history":[{"count":1,"href":"https:\/\/infoecos.com.ar\/index.php\/wp-json\/wp\/v2\/posts\/114052\/revisions"}],"predecessor-version":[{"id":114059,"href":"https:\/\/infoecos.com.ar\/index.php\/wp-json\/wp\/v2\/posts\/114052\/revisions\/114059"}],"wp:featuredmedia":[{"embeddable":true,"href":"https:\/\/infoecos.com.ar\/index.php\/wp-json\/wp\/v2\/media\/114056"}],"wp:attachment":[{"href":"https:\/\/infoecos.com.ar\/index.php\/wp-json\/wp\/v2\/media?parent=114052"}],"wp:term":[{"taxonomy":"category","embeddable":true,"href":"https:\/\/infoecos.com.ar\/index.php\/wp-json\/wp\/v2\/categories?post=114052"},{"taxonomy":"post_tag","embeddable":true,"href":"https:\/\/infoecos.com.ar\/index.php\/wp-json\/wp\/v2\/tags?post=114052"}],"curies":[{"name":"wp","href":"https:\/\/api.w.org\/{rel}","templated":true}]}}