{"id":114076,"date":"2023-10-13T04:12:46","date_gmt":"2023-10-13T07:12:46","guid":{"rendered":"https:\/\/infoecos.com.ar\/?p=114076"},"modified":"2023-10-16T01:42:24","modified_gmt":"2023-10-16T04:42:24","slug":"falta-de-gasoil-en-la-region-pampeana-y-reclamo-de-carbap","status":"publish","type":"post","link":"https:\/\/infoecos.com.ar\/index.php\/falta-de-gasoil-en-la-region-pampeana-y-reclamo-de-carbap\/","title":{"rendered":"Falta de Gasoil en la regi\u00f3n pampeana y reclamo de CARBAP"},"content":{"rendered":"\n<p>La&nbsp;Confederaci\u00f3n de Asociaciones Rurales de Buenos Aires y La Pampa&nbsp;advirti\u00f3&nbsp;con preocupaci\u00f3n la creciente falta de gasoil en la regi\u00f3n pampeana, \u00abla cual complica el normal trabajo de labores y cosecha\u00bb, indic\u00f3.<\/p>\n\n\n\n<figure class=\"wp-block-image alignright size-full is-resized\"><img loading=\"lazy\" decoding=\"async\" src=\"https:\/\/infoecos.com.ar\/wp-content\/uploads\/maquinaria-prod.jpg\" alt=\"\" class=\"wp-image-47765\" width=\"401\" height=\"210\"\/><figcaption class=\"wp-element-caption\">Maquinar\u00eda Agr\u00edcola &#8211; Tractor y Sembradora<\/figcaption><\/figure>\n\n\n\n<p>\u00abSabr\u00e1n los funcionarios nacionales que sin gasoil el campo debe parar. Que no puede afrontar las labores necesarias para la campa\u00f1a de verano, y que si para el campo se detiene el interior productivo?? Que sin cosecha no habr\u00e1 d\u00f3lares??\u00bb, expres\u00f3 la entidad rural.&nbsp;<\/p>\n\n\n\n<p>La demanda anual del sector agropecuario es de aproximadamente unos 3850 millones de litros de gasoil. Y con demandas estacionales altas en \u00e9pocas de siembra y cosecha. Desde siempre. \u00bf\u00bfEs tan complicado prever ese abastecimiento??.&nbsp;<\/p>\n\n\n\n<p>Las pol\u00edticas restrictivas para el comercio exterior impiden que adem\u00e1s del faltante de gasoil, muchos otros insumos esenciales como ser neum\u00e1ticos, repuestos y otros, muy necesarios para la producci\u00f3n est\u00e9n en una situaci\u00f3n cr\u00edtica.<\/p>\n\n\n\n<p>Desde CARBAP entendemos la critica situaci\u00f3n econ\u00f3mica que atraviesa nuestro pa\u00eds, pero sin un normal abastecimiento de combustible ser\u00e1 dif\u00edcil realizar las labores que permitir\u00e1n obtener los granos que generan los d\u00f3lares que ingresan al pa\u00eds.<\/p>\n","protected":false},"excerpt":{"rendered":"<p>\u00abSabr\u00e1n los funcionarios nacionales que sin gasoil el campo debe parar. Que no puede afrontar las labores necesarias para la campa\u00f1a de verano, y que si para el campo se detiene el interior productivo?? Que sin cosecha no habr\u00e1 d\u00f3lares??\u00bb, expres\u00f3 la entidad rural<\/p>\n","protected":false},"author":2,"featured_media":47765,"comment_status":"closed","ping_status":"open","sticky":false,"template":"","format":"standard","meta":{"footnotes":""},"categories":[1323],"tags":[9424],"class_list":["post-114076","post","type-post","status-publish","format-standard","has-post-thumbnail","hentry","category-c2nota5","tag-otra-preocupacion-seria"],"yoast_head":"<!-- This site is optimized with the Yoast SEO plugin v23.4 - https:\/\/yoast.com\/wordpress\/plugins\/seo\/ -->\n<title>Falta de Gasoil en la regi\u00f3n pampeana y reclamo de CARBAP - Infoecos<\/title>\n<meta name=\"robots\" content=\"index, follow, max-snippet:-1, max-image-preview:large, max-video-preview:-1\" \/>\n<link rel=\"canonical\" href=\"https:\/\/infoecos.com.ar\/index.php\/falta-de-gasoil-en-la-region-pampeana-y-reclamo-de-carbap\/\" \/>\n<meta property=\"og:locale\" content=\"es_ES\" \/>\n<meta property=\"og:type\" content=\"article\" \/>\n<meta property=\"og:title\" content=\"Falta de Gasoil en la regi\u00f3n pampeana y reclamo de CARBAP - Infoecos\" \/>\n<meta property=\"og:description\" content=\"&quot;Sabr\u00e1n los funcionarios nacionales que sin gasoil el campo debe parar. Que no puede afrontar las labores necesarias para la campa\u00f1a de verano, y que si para el campo se detiene el interior productivo?? Que sin cosecha no habr\u00e1 d\u00f3lares??&quot;, expres\u00f3 la entidad rural\" \/>\n<meta property=\"og:url\" content=\"https:\/\/infoecos.com.ar\/index.php\/falta-de-gasoil-en-la-region-pampeana-y-reclamo-de-carbap\/\" \/>\n<meta property=\"og:site_name\" content=\"Infoecos\" \/>\n<meta property=\"article:publisher\" content=\"https:\/\/www.facebook.com\/profile.php?id=100063200290284\" \/>\n<meta property=\"article:published_time\" content=\"2023-10-13T07:12:46+00:00\" \/>\n<meta property=\"article:modified_time\" content=\"2023-10-16T04:42:24+00:00\" \/>\n<meta property=\"og:image\" content=\"https:\/\/infoecos.com.ar\/wp-content\/uploads\/maquinaria-prod.jpg\" \/>\n\t<meta property=\"og:image:width\" content=\"750\" \/>\n\t<meta property=\"og:image:height\" content=\"392\" \/>\n\t<meta property=\"og:image:type\" content=\"image\/jpeg\" \/>\n<meta name=\"author\" content=\"Jorge Matheus\" \/>\n<meta name=\"twitter:card\" content=\"summary_large_image\" \/>\n<meta name=\"twitter:creator\" content=\"@infoecos\" \/>\n<meta name=\"twitter:site\" content=\"@infoecos\" \/>\n<meta name=\"twitter:label1\" content=\"Escrito por\" \/>\n\t<meta name=\"twitter:data1\" content=\"Jorge Matheus\" \/>\n\t<meta name=\"twitter:label2\" content=\"Tiempo de lectura\" \/>\n\t<meta name=\"twitter:data2\" content=\"2 minutos\" \/>\n<script type=\"application\/ld+json\" class=\"yoast-schema-graph\">{\"@context\":\"https:\/\/schema.org\",\"@graph\":[{\"@type\":\"Article\",\"@id\":\"https:\/\/infoecos.com.ar\/index.php\/falta-de-gasoil-en-la-region-pampeana-y-reclamo-de-carbap\/#article\",\"isPartOf\":{\"@id\":\"https:\/\/infoecos.com.ar\/index.php\/falta-de-gasoil-en-la-region-pampeana-y-reclamo-de-carbap\/\"},\"author\":{\"name\":\"Jorge Matheus\",\"@id\":\"https:\/\/infoecos.com.ar\/#\/schema\/person\/8f5ace5ce73b4b4aac4b7245aee6f191\"},\"headline\":\"Falta de Gasoil en la regi\u00f3n pampeana y reclamo de CARBAP\",\"datePublished\":\"2023-10-13T07:12:46+00:00\",\"dateModified\":\"2023-10-16T04:42:24+00:00\",\"mainEntityOfPage\":{\"@id\":\"https:\/\/infoecos.com.ar\/index.php\/falta-de-gasoil-en-la-region-pampeana-y-reclamo-de-carbap\/\"},\"wordCount\":227,\"publisher\":{\"@id\":\"https:\/\/infoecos.com.ar\/#organization\"},\"image\":{\"@id\":\"https:\/\/infoecos.com.ar\/index.php\/falta-de-gasoil-en-la-region-pampeana-y-reclamo-de-carbap\/#primaryimage\"},\"thumbnailUrl\":\"\",\"keywords\":[\"OTRA PREOCUPACI\u00d3N SERIA\"],\"articleSection\":[\"C2 N5\"],\"inLanguage\":\"es\"},{\"@type\":\"WebPage\",\"@id\":\"https:\/\/infoecos.com.ar\/index.php\/falta-de-gasoil-en-la-region-pampeana-y-reclamo-de-carbap\/\",\"url\":\"https:\/\/infoecos.com.ar\/index.php\/falta-de-gasoil-en-la-region-pampeana-y-reclamo-de-carbap\/\",\"name\":\"Falta de Gasoil en la regi\u00f3n pampeana y reclamo de CARBAP - Infoecos\",\"isPartOf\":{\"@id\":\"https:\/\/infoecos.com.ar\/#website\"},\"primaryImageOfPage\":{\"@id\":\"https:\/\/infoecos.com.ar\/index.php\/falta-de-gasoil-en-la-region-pampeana-y-reclamo-de-carbap\/#primaryimage\"},\"image\":{\"@id\":\"https:\/\/infoecos.com.ar\/index.php\/falta-de-gasoil-en-la-region-pampeana-y-reclamo-de-carbap\/#primaryimage\"},\"thumbnailUrl\":\"\",\"datePublished\":\"2023-10-13T07:12:46+00:00\",\"dateModified\":\"2023-10-16T04:42:24+00:00\",\"breadcrumb\":{\"@id\":\"https:\/\/infoecos.com.ar\/index.php\/falta-de-gasoil-en-la-region-pampeana-y-reclamo-de-carbap\/#breadcrumb\"},\"inLanguage\":\"es\",\"potentialAction\":[{\"@type\":\"ReadAction\",\"target\":[\"https:\/\/infoecos.com.ar\/index.php\/falta-de-gasoil-en-la-region-pampeana-y-reclamo-de-carbap\/\"]}]},{\"@type\":\"ImageObject\",\"inLanguage\":\"es\",\"@id\":\"https:\/\/infoecos.com.ar\/index.php\/falta-de-gasoil-en-la-region-pampeana-y-reclamo-de-carbap\/#primaryimage\",\"url\":\"\",\"contentUrl\":\"\"},{\"@type\":\"BreadcrumbList\",\"@id\":\"https:\/\/infoecos.com.ar\/index.php\/falta-de-gasoil-en-la-region-pampeana-y-reclamo-de-carbap\/#breadcrumb\",\"itemListElement\":[{\"@type\":\"ListItem\",\"position\":1,\"name\":\"Portada\",\"item\":\"https:\/\/infoecos.com.ar\/\"},{\"@type\":\"ListItem\",\"position\":2,\"name\":\"Falta de Gasoil en la regi\u00f3n pampeana y reclamo de CARBAP\"}]},{\"@type\":\"WebSite\",\"@id\":\"https:\/\/infoecos.com.ar\/#website\",\"url\":\"https:\/\/infoecos.com.ar\/\",\"name\":\"Infoecos\",\"description\":\"Noticias de trenque lauquen y la zona\",\"publisher\":{\"@id\":\"https:\/\/infoecos.com.ar\/#organization\"},\"alternateName\":\"Noticias\",\"potentialAction\":[{\"@type\":\"SearchAction\",\"target\":{\"@type\":\"EntryPoint\",\"urlTemplate\":\"https:\/\/infoecos.com.ar\/?s={search_term_string}\"},\"query-input\":{\"@type\":\"PropertyValueSpecification\",\"valueRequired\":true,\"valueName\":\"search_term_string\"}}],\"inLanguage\":\"es\"},{\"@type\":\"Organization\",\"@id\":\"https:\/\/infoecos.com.ar\/#organization\",\"name\":\"Infoecos\",\"alternateName\":\"Noticias\",\"url\":\"https:\/\/infoecos.com.ar\/\",\"logo\":{\"@type\":\"ImageObject\",\"inLanguage\":\"es\",\"@id\":\"https:\/\/infoecos.com.ar\/#\/schema\/logo\/image\/\",\"url\":\"https:\/\/infoecos.com.ar\/wp-content\/uploads\/2024\/03\/cropped-logo.png\",\"contentUrl\":\"https:\/\/infoecos.com.ar\/wp-content\/uploads\/2024\/03\/cropped-logo.png\",\"width\":374,\"height\":90,\"caption\":\"Infoecos\"},\"image\":{\"@id\":\"https:\/\/infoecos.com.ar\/#\/schema\/logo\/image\/\"},\"sameAs\":[\"https:\/\/www.facebook.com\/profile.php?id=100063200290284\",\"https:\/\/x.com\/infoecos\"]},{\"@type\":\"Person\",\"@id\":\"https:\/\/infoecos.com.ar\/#\/schema\/person\/8f5ace5ce73b4b4aac4b7245aee6f191\",\"name\":\"Jorge Matheus\",\"url\":\"https:\/\/infoecos.com.ar\/index.php\/author\/jomatheus\/\"}]}<\/script>\n<!-- \/ Yoast SEO plugin. -->","yoast_head_json":{"title":"Falta de Gasoil en la regi\u00f3n pampeana y reclamo de CARBAP - Infoecos","robots":{"index":"index","follow":"follow","max-snippet":"max-snippet:-1","max-image-preview":"max-image-preview:large","max-video-preview":"max-video-preview:-1"},"canonical":"https:\/\/infoecos.com.ar\/index.php\/falta-de-gasoil-en-la-region-pampeana-y-reclamo-de-carbap\/","og_locale":"es_ES","og_type":"article","og_title":"Falta de Gasoil en la regi\u00f3n pampeana y reclamo de CARBAP - Infoecos","og_description":"\"Sabr\u00e1n los funcionarios nacionales que sin gasoil el campo debe parar. Que no puede afrontar las labores necesarias para la campa\u00f1a de verano, y que si para el campo se detiene el interior productivo?? Que sin cosecha no habr\u00e1 d\u00f3lares??\", expres\u00f3 la entidad rural","og_url":"https:\/\/infoecos.com.ar\/index.php\/falta-de-gasoil-en-la-region-pampeana-y-reclamo-de-carbap\/","og_site_name":"Infoecos","article_publisher":"https:\/\/www.facebook.com\/profile.php?id=100063200290284","article_published_time":"2023-10-13T07:12:46+00:00","article_modified_time":"2023-10-16T04:42:24+00:00","og_image":[{"width":750,"height":392,"url":"https:\/\/infoecos.com.ar\/wp-content\/uploads\/maquinaria-prod.jpg","type":"image\/jpeg"}],"author":"Jorge Matheus","twitter_card":"summary_large_image","twitter_creator":"@infoecos","twitter_site":"@infoecos","twitter_misc":{"Escrito por":"Jorge Matheus","Tiempo de lectura":"2 minutos"},"schema":{"@context":"https:\/\/schema.org","@graph":[{"@type":"Article","@id":"https:\/\/infoecos.com.ar\/index.php\/falta-de-gasoil-en-la-region-pampeana-y-reclamo-de-carbap\/#article","isPartOf":{"@id":"https:\/\/infoecos.com.ar\/index.php\/falta-de-gasoil-en-la-region-pampeana-y-reclamo-de-carbap\/"},"author":{"name":"Jorge Matheus","@id":"https:\/\/infoecos.com.ar\/#\/schema\/person\/8f5ace5ce73b4b4aac4b7245aee6f191"},"headline":"Falta de Gasoil en la regi\u00f3n pampeana y reclamo de CARBAP","datePublished":"2023-10-13T07:12:46+00:00","dateModified":"2023-10-16T04:42:24+00:00","mainEntityOfPage":{"@id":"https:\/\/infoecos.com.ar\/index.php\/falta-de-gasoil-en-la-region-pampeana-y-reclamo-de-carbap\/"},"wordCount":227,"publisher":{"@id":"https:\/\/infoecos.com.ar\/#organization"},"image":{"@id":"https:\/\/infoecos.com.ar\/index.php\/falta-de-gasoil-en-la-region-pampeana-y-reclamo-de-carbap\/#primaryimage"},"thumbnailUrl":"","keywords":["OTRA PREOCUPACI\u00d3N SERIA"],"articleSection":["C2 N5"],"inLanguage":"es"},{"@type":"WebPage","@id":"https:\/\/infoecos.com.ar\/index.php\/falta-de-gasoil-en-la-region-pampeana-y-reclamo-de-carbap\/","url":"https:\/\/infoecos.com.ar\/index.php\/falta-de-gasoil-en-la-region-pampeana-y-reclamo-de-carbap\/","name":"Falta de Gasoil en la regi\u00f3n pampeana y reclamo de CARBAP - Infoecos","isPartOf":{"@id":"https:\/\/infoecos.com.ar\/#website"},"primaryImageOfPage":{"@id":"https:\/\/infoecos.com.ar\/index.php\/falta-de-gasoil-en-la-region-pampeana-y-reclamo-de-carbap\/#primaryimage"},"image":{"@id":"https:\/\/infoecos.com.ar\/index.php\/falta-de-gasoil-en-la-region-pampeana-y-reclamo-de-carbap\/#primaryimage"},"thumbnailUrl":"","datePublished":"2023-10-13T07:12:46+00:00","dateModified":"2023-10-16T04:42:24+00:00","breadcrumb":{"@id":"https:\/\/infoecos.com.ar\/index.php\/falta-de-gasoil-en-la-region-pampeana-y-reclamo-de-carbap\/#breadcrumb"},"inLanguage":"es","potentialAction":[{"@type":"ReadAction","target":["https:\/\/infoecos.com.ar\/index.php\/falta-de-gasoil-en-la-region-pampeana-y-reclamo-de-carbap\/"]}]},{"@type":"ImageObject","inLanguage":"es","@id":"https:\/\/infoecos.com.ar\/index.php\/falta-de-gasoil-en-la-region-pampeana-y-reclamo-de-carbap\/#primaryimage","url":"","contentUrl":""},{"@type":"BreadcrumbList","@id":"https:\/\/infoecos.com.ar\/index.php\/falta-de-gasoil-en-la-region-pampeana-y-reclamo-de-carbap\/#breadcrumb","itemListElement":[{"@type":"ListItem","position":1,"name":"Portada","item":"https:\/\/infoecos.com.ar\/"},{"@type":"ListItem","position":2,"name":"Falta de Gasoil en la regi\u00f3n pampeana y reclamo de CARBAP"}]},{"@type":"WebSite","@id":"https:\/\/infoecos.com.ar\/#website","url":"https:\/\/infoecos.com.ar\/","name":"Infoecos","description":"Noticias de trenque lauquen y la zona","publisher":{"@id":"https:\/\/infoecos.com.ar\/#organization"},"alternateName":"Noticias","potentialAction":[{"@type":"SearchAction","target":{"@type":"EntryPoint","urlTemplate":"https:\/\/infoecos.com.ar\/?s={search_term_string}"},"query-input":{"@type":"PropertyValueSpecification","valueRequired":true,"valueName":"search_term_string"}}],"inLanguage":"es"},{"@type":"Organization","@id":"https:\/\/infoecos.com.ar\/#organization","name":"Infoecos","alternateName":"Noticias","url":"https:\/\/infoecos.com.ar\/","logo":{"@type":"ImageObject","inLanguage":"es","@id":"https:\/\/infoecos.com.ar\/#\/schema\/logo\/image\/","url":"https:\/\/infoecos.com.ar\/wp-content\/uploads\/2024\/03\/cropped-logo.png","contentUrl":"https:\/\/infoecos.com.ar\/wp-content\/uploads\/2024\/03\/cropped-logo.png","width":374,"height":90,"caption":"Infoecos"},"image":{"@id":"https:\/\/infoecos.com.ar\/#\/schema\/logo\/image\/"},"sameAs":["https:\/\/www.facebook.com\/profile.php?id=100063200290284","https:\/\/x.com\/infoecos"]},{"@type":"Person","@id":"https:\/\/infoecos.com.ar\/#\/schema\/person\/8f5ace5ce73b4b4aac4b7245aee6f191","name":"Jorge Matheus","url":"https:\/\/infoecos.com.ar\/index.php\/author\/jomatheus\/"}]}},"featured_image_urls":{"full":"","thumbnail":"","medium":"","medium_large":"","large":"","1536x1536":"","2048x2048":"","covernews-slider-full":"","covernews-slider-center":"","covernews-featured":"","covernews-medium":"","covernews-medium-square":""},"author_info":{"info":["Jorge Matheus"]},"category_info":"<a href=\"https:\/\/infoecos.com.ar\/index.php\/category\/c2nota5\/\" rel=\"category tag\">C2 N5<\/a>","tag_info":"C2 N5","comment_count":"0","_links":{"self":[{"href":"https:\/\/infoecos.com.ar\/index.php\/wp-json\/wp\/v2\/posts\/114076"}],"collection":[{"href":"https:\/\/infoecos.com.ar\/index.php\/wp-json\/wp\/v2\/posts"}],"about":[{"href":"https:\/\/infoecos.com.ar\/index.php\/wp-json\/wp\/v2\/types\/post"}],"author":[{"embeddable":true,"href":"https:\/\/infoecos.com.ar\/index.php\/wp-json\/wp\/v2\/users\/2"}],"replies":[{"embeddable":true,"href":"https:\/\/infoecos.com.ar\/index.php\/wp-json\/wp\/v2\/comments?post=114076"}],"version-history":[{"count":2,"href":"https:\/\/infoecos.com.ar\/index.php\/wp-json\/wp\/v2\/posts\/114076\/revisions"}],"predecessor-version":[{"id":114123,"href":"https:\/\/infoecos.com.ar\/index.php\/wp-json\/wp\/v2\/posts\/114076\/revisions\/114123"}],"wp:featuredmedia":[{"embeddable":true,"href":"https:\/\/infoecos.com.ar\/index.php\/wp-json\/"}],"wp:attachment":[{"href":"https:\/\/infoecos.com.ar\/index.php\/wp-json\/wp\/v2\/media?parent=114076"}],"wp:term":[{"taxonomy":"category","embeddable":true,"href":"https:\/\/infoecos.com.ar\/index.php\/wp-json\/wp\/v2\/categories?post=114076"},{"taxonomy":"post_tag","embeddable":true,"href":"https:\/\/infoecos.com.ar\/index.php\/wp-json\/wp\/v2\/tags?post=114076"}],"curies":[{"name":"wp","href":"https:\/\/api.w.org\/{rel}","templated":true}]}}