{"id":114082,"date":"2023-10-13T04:33:04","date_gmt":"2023-10-13T07:33:04","guid":{"rendered":"https:\/\/infoecos.com.ar\/?p=114082"},"modified":"2023-10-18T01:41:33","modified_gmt":"2023-10-18T04:41:33","slug":"a-40-anos-de-la-recuperacion-de-la-democracia-reconoceran-a-quienes-se-han-desempenado-como-concejales-de-t-lauquen","status":"publish","type":"post","link":"https:\/\/infoecos.com.ar\/index.php\/a-40-anos-de-la-recuperacion-de-la-democracia-reconoceran-a-quienes-se-han-desempenado-como-concejales-de-t-lauquen\/","title":{"rendered":"A 40 a\u00f1os de la recuperaci\u00f3n de la Democracia reconocer\u00e1n a quienes se han desempe\u00f1ado como concejales de T.Lauquen"},"content":{"rendered":"\n<p>El Concejo Deliberante de Trenque Lauquen, reconocer\u00e1 a todos los concejales que fueron electos por el voto popular, prestaron juramento y ocuparon una banca en el legislativo local, en las \u00faltimas cuatro d\u00e9cadas.<\/p>\n\n\n\n<figure class=\"wp-block-image aligncenter size-full\"><img loading=\"lazy\" decoding=\"async\" width=\"704\" height=\"520\" src=\"https:\/\/infoecos.com.ar\/wp-content\/uploads\/2023\/10\/CONCEJO-DELIBERANTE-HOMENAJE-A-CONCEJALES-40-ANOS-1.jpg\" alt=\"\" class=\"wp-image-114084\"\/><\/figure>\n\n\n\n<p><br>El acto se realizar\u00e1 el d\u00eda 29 de octubre a las 19:30 hs., en el Teatro Espa\u00f1ol y los ediles ser\u00e1n homenajeados por su contribuci\u00f3n institucional al sostenimiento de la Democracia en nuestro pa\u00eds en los \u00faltimos 40 a\u00f1os. <\/p>\n\n\n\n<p>Ese d\u00eda tambi\u00e9n se realizar\u00e1n actividades vinculadas con la fecha y habr\u00e1 m\u00e1s invitados especiales.<\/p>\n","protected":false},"excerpt":{"rendered":"<p>Los ediles ser\u00e1n homenajeados por su contribuci\u00f3n institucional al sostenimiento de la Democracia en nuestro pa\u00eds en los \u00faltimos 40 a\u00f1os<\/p>\n","protected":false},"author":2,"featured_media":114084,"comment_status":"closed","ping_status":"open","sticky":false,"template":"","format":"standard","meta":{"footnotes":""},"categories":[1643],"tags":[9425],"class_list":["post-114082","post","type-post","status-publish","format-standard","has-post-thumbnail","hentry","category-inferior16","tag-en-el-teatro-espanol-2"],"yoast_head":"<!-- This site is optimized with the Yoast SEO plugin v23.4 - https:\/\/yoast.com\/wordpress\/plugins\/seo\/ -->\n<title>A 40 a\u00f1os de la recuperaci\u00f3n de la Democracia reconocer\u00e1n a quienes se han desempe\u00f1ado como concejales de T.Lauquen - Infoecos<\/title>\n<meta name=\"robots\" content=\"index, follow, max-snippet:-1, max-image-preview:large, max-video-preview:-1\" \/>\n<link rel=\"canonical\" href=\"https:\/\/infoecos.com.ar\/index.php\/a-40-anos-de-la-recuperacion-de-la-democracia-reconoceran-a-quienes-se-han-desempenado-como-concejales-de-t-lauquen\/\" \/>\n<meta property=\"og:locale\" content=\"es_ES\" \/>\n<meta property=\"og:type\" content=\"article\" \/>\n<meta property=\"og:title\" content=\"A 40 a\u00f1os de la recuperaci\u00f3n de la Democracia reconocer\u00e1n a quienes se han desempe\u00f1ado como concejales de T.Lauquen - Infoecos\" \/>\n<meta property=\"og:description\" content=\"Los ediles ser\u00e1n homenajeados por su contribuci\u00f3n institucional al sostenimiento de la Democracia en nuestro pa\u00eds en los \u00faltimos 40 a\u00f1os\" \/>\n<meta property=\"og:url\" content=\"https:\/\/infoecos.com.ar\/index.php\/a-40-anos-de-la-recuperacion-de-la-democracia-reconoceran-a-quienes-se-han-desempenado-como-concejales-de-t-lauquen\/\" \/>\n<meta property=\"og:site_name\" content=\"Infoecos\" \/>\n<meta property=\"article:publisher\" content=\"https:\/\/www.facebook.com\/profile.php?id=100063200290284\" \/>\n<meta property=\"article:published_time\" content=\"2023-10-13T07:33:04+00:00\" \/>\n<meta property=\"article:modified_time\" content=\"2023-10-18T04:41:33+00:00\" \/>\n<meta property=\"og:image\" content=\"https:\/\/infoecos.com.ar\/wp-content\/uploads\/2023\/10\/CONCEJO-DELIBERANTE-HOMENAJE-A-CONCEJALES-40-ANOS-1.jpg\" \/>\n\t<meta property=\"og:image:width\" content=\"704\" \/>\n\t<meta property=\"og:image:height\" content=\"520\" \/>\n\t<meta property=\"og:image:type\" content=\"image\/jpeg\" \/>\n<meta name=\"author\" content=\"Jorge Matheus\" \/>\n<meta name=\"twitter:card\" content=\"summary_large_image\" \/>\n<meta name=\"twitter:creator\" content=\"@infoecos\" \/>\n<meta name=\"twitter:site\" content=\"@infoecos\" \/>\n<meta name=\"twitter:label1\" content=\"Escrito por\" \/>\n\t<meta name=\"twitter:data1\" content=\"Jorge Matheus\" \/>\n\t<meta name=\"twitter:label2\" content=\"Tiempo de lectura\" \/>\n\t<meta name=\"twitter:data2\" content=\"1 minuto\" \/>\n<script type=\"application\/ld+json\" class=\"yoast-schema-graph\">{\"@context\":\"https:\/\/schema.org\",\"@graph\":[{\"@type\":\"Article\",\"@id\":\"https:\/\/infoecos.com.ar\/index.php\/a-40-anos-de-la-recuperacion-de-la-democracia-reconoceran-a-quienes-se-han-desempenado-como-concejales-de-t-lauquen\/#article\",\"isPartOf\":{\"@id\":\"https:\/\/infoecos.com.ar\/index.php\/a-40-anos-de-la-recuperacion-de-la-democracia-reconoceran-a-quienes-se-han-desempenado-como-concejales-de-t-lauquen\/\"},\"author\":{\"name\":\"Jorge Matheus\",\"@id\":\"https:\/\/infoecos.com.ar\/#\/schema\/person\/8f5ace5ce73b4b4aac4b7245aee6f191\"},\"headline\":\"A 40 a\u00f1os de la recuperaci\u00f3n de la Democracia reconocer\u00e1n a quienes se han desempe\u00f1ado como concejales de T.Lauquen\",\"datePublished\":\"2023-10-13T07:33:04+00:00\",\"dateModified\":\"2023-10-18T04:41:33+00:00\",\"mainEntityOfPage\":{\"@id\":\"https:\/\/infoecos.com.ar\/index.php\/a-40-anos-de-la-recuperacion-de-la-democracia-reconoceran-a-quienes-se-han-desempenado-como-concejales-de-t-lauquen\/\"},\"wordCount\":118,\"publisher\":{\"@id\":\"https:\/\/infoecos.com.ar\/#organization\"},\"image\":{\"@id\":\"https:\/\/infoecos.com.ar\/index.php\/a-40-anos-de-la-recuperacion-de-la-democracia-reconoceran-a-quienes-se-han-desempenado-como-concejales-de-t-lauquen\/#primaryimage\"},\"thumbnailUrl\":\"https:\/\/infoecos.com.ar\/wp-content\/uploads\/2023\/10\/CONCEJO-DELIBERANTE-HOMENAJE-A-CONCEJALES-40-ANOS-1.jpg\",\"keywords\":[\"en el teatro espa\u00f1ol\"],\"articleSection\":[\"Bloque inferior - 16\"],\"inLanguage\":\"es\"},{\"@type\":\"WebPage\",\"@id\":\"https:\/\/infoecos.com.ar\/index.php\/a-40-anos-de-la-recuperacion-de-la-democracia-reconoceran-a-quienes-se-han-desempenado-como-concejales-de-t-lauquen\/\",\"url\":\"https:\/\/infoecos.com.ar\/index.php\/a-40-anos-de-la-recuperacion-de-la-democracia-reconoceran-a-quienes-se-han-desempenado-como-concejales-de-t-lauquen\/\",\"name\":\"A 40 a\u00f1os de la recuperaci\u00f3n de la Democracia reconocer\u00e1n a quienes se han desempe\u00f1ado como concejales de T.Lauquen - Infoecos\",\"isPartOf\":{\"@id\":\"https:\/\/infoecos.com.ar\/#website\"},\"primaryImageOfPage\":{\"@id\":\"https:\/\/infoecos.com.ar\/index.php\/a-40-anos-de-la-recuperacion-de-la-democracia-reconoceran-a-quienes-se-han-desempenado-como-concejales-de-t-lauquen\/#primaryimage\"},\"image\":{\"@id\":\"https:\/\/infoecos.com.ar\/index.php\/a-40-anos-de-la-recuperacion-de-la-democracia-reconoceran-a-quienes-se-han-desempenado-como-concejales-de-t-lauquen\/#primaryimage\"},\"thumbnailUrl\":\"https:\/\/infoecos.com.ar\/wp-content\/uploads\/2023\/10\/CONCEJO-DELIBERANTE-HOMENAJE-A-CONCEJALES-40-ANOS-1.jpg\",\"datePublished\":\"2023-10-13T07:33:04+00:00\",\"dateModified\":\"2023-10-18T04:41:33+00:00\",\"breadcrumb\":{\"@id\":\"https:\/\/infoecos.com.ar\/index.php\/a-40-anos-de-la-recuperacion-de-la-democracia-reconoceran-a-quienes-se-han-desempenado-como-concejales-de-t-lauquen\/#breadcrumb\"},\"inLanguage\":\"es\",\"potentialAction\":[{\"@type\":\"ReadAction\",\"target\":[\"https:\/\/infoecos.com.ar\/index.php\/a-40-anos-de-la-recuperacion-de-la-democracia-reconoceran-a-quienes-se-han-desempenado-como-concejales-de-t-lauquen\/\"]}]},{\"@type\":\"ImageObject\",\"inLanguage\":\"es\",\"@id\":\"https:\/\/infoecos.com.ar\/index.php\/a-40-anos-de-la-recuperacion-de-la-democracia-reconoceran-a-quienes-se-han-desempenado-como-concejales-de-t-lauquen\/#primaryimage\",\"url\":\"https:\/\/infoecos.com.ar\/wp-content\/uploads\/2023\/10\/CONCEJO-DELIBERANTE-HOMENAJE-A-CONCEJALES-40-ANOS-1.jpg\",\"contentUrl\":\"https:\/\/infoecos.com.ar\/wp-content\/uploads\/2023\/10\/CONCEJO-DELIBERANTE-HOMENAJE-A-CONCEJALES-40-ANOS-1.jpg\",\"width\":704,\"height\":520},{\"@type\":\"BreadcrumbList\",\"@id\":\"https:\/\/infoecos.com.ar\/index.php\/a-40-anos-de-la-recuperacion-de-la-democracia-reconoceran-a-quienes-se-han-desempenado-como-concejales-de-t-lauquen\/#breadcrumb\",\"itemListElement\":[{\"@type\":\"ListItem\",\"position\":1,\"name\":\"Portada\",\"item\":\"https:\/\/infoecos.com.ar\/\"},{\"@type\":\"ListItem\",\"position\":2,\"name\":\"A 40 a\u00f1os de la recuperaci\u00f3n de la Democracia reconocer\u00e1n a quienes se han desempe\u00f1ado como concejales de T.Lauquen\"}]},{\"@type\":\"WebSite\",\"@id\":\"https:\/\/infoecos.com.ar\/#website\",\"url\":\"https:\/\/infoecos.com.ar\/\",\"name\":\"Infoecos\",\"description\":\"Noticias de trenque lauquen y la zona\",\"publisher\":{\"@id\":\"https:\/\/infoecos.com.ar\/#organization\"},\"alternateName\":\"Noticias\",\"potentialAction\":[{\"@type\":\"SearchAction\",\"target\":{\"@type\":\"EntryPoint\",\"urlTemplate\":\"https:\/\/infoecos.com.ar\/?s={search_term_string}\"},\"query-input\":{\"@type\":\"PropertyValueSpecification\",\"valueRequired\":true,\"valueName\":\"search_term_string\"}}],\"inLanguage\":\"es\"},{\"@type\":\"Organization\",\"@id\":\"https:\/\/infoecos.com.ar\/#organization\",\"name\":\"Infoecos\",\"alternateName\":\"Noticias\",\"url\":\"https:\/\/infoecos.com.ar\/\",\"logo\":{\"@type\":\"ImageObject\",\"inLanguage\":\"es\",\"@id\":\"https:\/\/infoecos.com.ar\/#\/schema\/logo\/image\/\",\"url\":\"https:\/\/infoecos.com.ar\/wp-content\/uploads\/2024\/03\/cropped-logo.png\",\"contentUrl\":\"https:\/\/infoecos.com.ar\/wp-content\/uploads\/2024\/03\/cropped-logo.png\",\"width\":374,\"height\":90,\"caption\":\"Infoecos\"},\"image\":{\"@id\":\"https:\/\/infoecos.com.ar\/#\/schema\/logo\/image\/\"},\"sameAs\":[\"https:\/\/www.facebook.com\/profile.php?id=100063200290284\",\"https:\/\/x.com\/infoecos\"]},{\"@type\":\"Person\",\"@id\":\"https:\/\/infoecos.com.ar\/#\/schema\/person\/8f5ace5ce73b4b4aac4b7245aee6f191\",\"name\":\"Jorge Matheus\",\"url\":\"https:\/\/infoecos.com.ar\/index.php\/author\/jomatheus\/\"}]}<\/script>\n<!-- \/ Yoast SEO plugin. -->","yoast_head_json":{"title":"A 40 a\u00f1os de la recuperaci\u00f3n de la Democracia reconocer\u00e1n a quienes se han desempe\u00f1ado como concejales de T.Lauquen - Infoecos","robots":{"index":"index","follow":"follow","max-snippet":"max-snippet:-1","max-image-preview":"max-image-preview:large","max-video-preview":"max-video-preview:-1"},"canonical":"https:\/\/infoecos.com.ar\/index.php\/a-40-anos-de-la-recuperacion-de-la-democracia-reconoceran-a-quienes-se-han-desempenado-como-concejales-de-t-lauquen\/","og_locale":"es_ES","og_type":"article","og_title":"A 40 a\u00f1os de la recuperaci\u00f3n de la Democracia reconocer\u00e1n a quienes se han desempe\u00f1ado como concejales de T.Lauquen - Infoecos","og_description":"Los ediles ser\u00e1n homenajeados por su contribuci\u00f3n institucional al sostenimiento de la Democracia en nuestro pa\u00eds en los \u00faltimos 40 a\u00f1os","og_url":"https:\/\/infoecos.com.ar\/index.php\/a-40-anos-de-la-recuperacion-de-la-democracia-reconoceran-a-quienes-se-han-desempenado-como-concejales-de-t-lauquen\/","og_site_name":"Infoecos","article_publisher":"https:\/\/www.facebook.com\/profile.php?id=100063200290284","article_published_time":"2023-10-13T07:33:04+00:00","article_modified_time":"2023-10-18T04:41:33+00:00","og_image":[{"width":704,"height":520,"url":"https:\/\/infoecos.com.ar\/wp-content\/uploads\/2023\/10\/CONCEJO-DELIBERANTE-HOMENAJE-A-CONCEJALES-40-ANOS-1.jpg","type":"image\/jpeg"}],"author":"Jorge Matheus","twitter_card":"summary_large_image","twitter_creator":"@infoecos","twitter_site":"@infoecos","twitter_misc":{"Escrito por":"Jorge Matheus","Tiempo de lectura":"1 minuto"},"schema":{"@context":"https:\/\/schema.org","@graph":[{"@type":"Article","@id":"https:\/\/infoecos.com.ar\/index.php\/a-40-anos-de-la-recuperacion-de-la-democracia-reconoceran-a-quienes-se-han-desempenado-como-concejales-de-t-lauquen\/#article","isPartOf":{"@id":"https:\/\/infoecos.com.ar\/index.php\/a-40-anos-de-la-recuperacion-de-la-democracia-reconoceran-a-quienes-se-han-desempenado-como-concejales-de-t-lauquen\/"},"author":{"name":"Jorge Matheus","@id":"https:\/\/infoecos.com.ar\/#\/schema\/person\/8f5ace5ce73b4b4aac4b7245aee6f191"},"headline":"A 40 a\u00f1os de la recuperaci\u00f3n de la Democracia reconocer\u00e1n a quienes se han desempe\u00f1ado como concejales de T.Lauquen","datePublished":"2023-10-13T07:33:04+00:00","dateModified":"2023-10-18T04:41:33+00:00","mainEntityOfPage":{"@id":"https:\/\/infoecos.com.ar\/index.php\/a-40-anos-de-la-recuperacion-de-la-democracia-reconoceran-a-quienes-se-han-desempenado-como-concejales-de-t-lauquen\/"},"wordCount":118,"publisher":{"@id":"https:\/\/infoecos.com.ar\/#organization"},"image":{"@id":"https:\/\/infoecos.com.ar\/index.php\/a-40-anos-de-la-recuperacion-de-la-democracia-reconoceran-a-quienes-se-han-desempenado-como-concejales-de-t-lauquen\/#primaryimage"},"thumbnailUrl":"https:\/\/infoecos.com.ar\/wp-content\/uploads\/2023\/10\/CONCEJO-DELIBERANTE-HOMENAJE-A-CONCEJALES-40-ANOS-1.jpg","keywords":["en el teatro espa\u00f1ol"],"articleSection":["Bloque inferior - 16"],"inLanguage":"es"},{"@type":"WebPage","@id":"https:\/\/infoecos.com.ar\/index.php\/a-40-anos-de-la-recuperacion-de-la-democracia-reconoceran-a-quienes-se-han-desempenado-como-concejales-de-t-lauquen\/","url":"https:\/\/infoecos.com.ar\/index.php\/a-40-anos-de-la-recuperacion-de-la-democracia-reconoceran-a-quienes-se-han-desempenado-como-concejales-de-t-lauquen\/","name":"A 40 a\u00f1os de la recuperaci\u00f3n de la Democracia reconocer\u00e1n a quienes se han desempe\u00f1ado como concejales de T.Lauquen - Infoecos","isPartOf":{"@id":"https:\/\/infoecos.com.ar\/#website"},"primaryImageOfPage":{"@id":"https:\/\/infoecos.com.ar\/index.php\/a-40-anos-de-la-recuperacion-de-la-democracia-reconoceran-a-quienes-se-han-desempenado-como-concejales-de-t-lauquen\/#primaryimage"},"image":{"@id":"https:\/\/infoecos.com.ar\/index.php\/a-40-anos-de-la-recuperacion-de-la-democracia-reconoceran-a-quienes-se-han-desempenado-como-concejales-de-t-lauquen\/#primaryimage"},"thumbnailUrl":"https:\/\/infoecos.com.ar\/wp-content\/uploads\/2023\/10\/CONCEJO-DELIBERANTE-HOMENAJE-A-CONCEJALES-40-ANOS-1.jpg","datePublished":"2023-10-13T07:33:04+00:00","dateModified":"2023-10-18T04:41:33+00:00","breadcrumb":{"@id":"https:\/\/infoecos.com.ar\/index.php\/a-40-anos-de-la-recuperacion-de-la-democracia-reconoceran-a-quienes-se-han-desempenado-como-concejales-de-t-lauquen\/#breadcrumb"},"inLanguage":"es","potentialAction":[{"@type":"ReadAction","target":["https:\/\/infoecos.com.ar\/index.php\/a-40-anos-de-la-recuperacion-de-la-democracia-reconoceran-a-quienes-se-han-desempenado-como-concejales-de-t-lauquen\/"]}]},{"@type":"ImageObject","inLanguage":"es","@id":"https:\/\/infoecos.com.ar\/index.php\/a-40-anos-de-la-recuperacion-de-la-democracia-reconoceran-a-quienes-se-han-desempenado-como-concejales-de-t-lauquen\/#primaryimage","url":"https:\/\/infoecos.com.ar\/wp-content\/uploads\/2023\/10\/CONCEJO-DELIBERANTE-HOMENAJE-A-CONCEJALES-40-ANOS-1.jpg","contentUrl":"https:\/\/infoecos.com.ar\/wp-content\/uploads\/2023\/10\/CONCEJO-DELIBERANTE-HOMENAJE-A-CONCEJALES-40-ANOS-1.jpg","width":704,"height":520},{"@type":"BreadcrumbList","@id":"https:\/\/infoecos.com.ar\/index.php\/a-40-anos-de-la-recuperacion-de-la-democracia-reconoceran-a-quienes-se-han-desempenado-como-concejales-de-t-lauquen\/#breadcrumb","itemListElement":[{"@type":"ListItem","position":1,"name":"Portada","item":"https:\/\/infoecos.com.ar\/"},{"@type":"ListItem","position":2,"name":"A 40 a\u00f1os de la recuperaci\u00f3n de la Democracia reconocer\u00e1n a quienes se han desempe\u00f1ado como concejales de T.Lauquen"}]},{"@type":"WebSite","@id":"https:\/\/infoecos.com.ar\/#website","url":"https:\/\/infoecos.com.ar\/","name":"Infoecos","description":"Noticias de trenque lauquen y la zona","publisher":{"@id":"https:\/\/infoecos.com.ar\/#organization"},"alternateName":"Noticias","potentialAction":[{"@type":"SearchAction","target":{"@type":"EntryPoint","urlTemplate":"https:\/\/infoecos.com.ar\/?s={search_term_string}"},"query-input":{"@type":"PropertyValueSpecification","valueRequired":true,"valueName":"search_term_string"}}],"inLanguage":"es"},{"@type":"Organization","@id":"https:\/\/infoecos.com.ar\/#organization","name":"Infoecos","alternateName":"Noticias","url":"https:\/\/infoecos.com.ar\/","logo":{"@type":"ImageObject","inLanguage":"es","@id":"https:\/\/infoecos.com.ar\/#\/schema\/logo\/image\/","url":"https:\/\/infoecos.com.ar\/wp-content\/uploads\/2024\/03\/cropped-logo.png","contentUrl":"https:\/\/infoecos.com.ar\/wp-content\/uploads\/2024\/03\/cropped-logo.png","width":374,"height":90,"caption":"Infoecos"},"image":{"@id":"https:\/\/infoecos.com.ar\/#\/schema\/logo\/image\/"},"sameAs":["https:\/\/www.facebook.com\/profile.php?id=100063200290284","https:\/\/x.com\/infoecos"]},{"@type":"Person","@id":"https:\/\/infoecos.com.ar\/#\/schema\/person\/8f5ace5ce73b4b4aac4b7245aee6f191","name":"Jorge Matheus","url":"https:\/\/infoecos.com.ar\/index.php\/author\/jomatheus\/"}]}},"featured_image_urls":{"full":["https:\/\/infoecos.com.ar\/wp-content\/uploads\/2023\/10\/CONCEJO-DELIBERANTE-HOMENAJE-A-CONCEJALES-40-ANOS-1.jpg",704,520,false],"thumbnail":["https:\/\/infoecos.com.ar\/wp-content\/uploads\/2023\/10\/CONCEJO-DELIBERANTE-HOMENAJE-A-CONCEJALES-40-ANOS-1-300x150.jpg",300,150,true],"medium":["https:\/\/infoecos.com.ar\/wp-content\/uploads\/2023\/10\/CONCEJO-DELIBERANTE-HOMENAJE-A-CONCEJALES-40-ANOS-1.jpg",704,520,false],"medium_large":["https:\/\/infoecos.com.ar\/wp-content\/uploads\/2023\/10\/CONCEJO-DELIBERANTE-HOMENAJE-A-CONCEJALES-40-ANOS-1.jpg",640,473,false],"large":["https:\/\/infoecos.com.ar\/wp-content\/uploads\/2023\/10\/CONCEJO-DELIBERANTE-HOMENAJE-A-CONCEJALES-40-ANOS-1.jpg",640,473,false],"1536x1536":["https:\/\/infoecos.com.ar\/wp-content\/uploads\/2023\/10\/CONCEJO-DELIBERANTE-HOMENAJE-A-CONCEJALES-40-ANOS-1.jpg",704,520,false],"2048x2048":["https:\/\/infoecos.com.ar\/wp-content\/uploads\/2023\/10\/CONCEJO-DELIBERANTE-HOMENAJE-A-CONCEJALES-40-ANOS-1.jpg",704,520,false],"covernews-slider-full":["https:\/\/infoecos.com.ar\/wp-content\/uploads\/2023\/10\/CONCEJO-DELIBERANTE-HOMENAJE-A-CONCEJALES-40-ANOS-1.jpg",704,520,false],"covernews-slider-center":["https:\/\/infoecos.com.ar\/wp-content\/uploads\/2023\/10\/CONCEJO-DELIBERANTE-HOMENAJE-A-CONCEJALES-40-ANOS-1.jpg",677,500,false],"covernews-featured":["https:\/\/infoecos.com.ar\/wp-content\/uploads\/2023\/10\/CONCEJO-DELIBERANTE-HOMENAJE-A-CONCEJALES-40-ANOS-1.jpg",704,520,false],"covernews-medium":["https:\/\/infoecos.com.ar\/wp-content\/uploads\/2023\/10\/CONCEJO-DELIBERANTE-HOMENAJE-A-CONCEJALES-40-ANOS-1-704x380.jpg",540,291,true],"covernews-medium-square":["https:\/\/infoecos.com.ar\/wp-content\/uploads\/2023\/10\/CONCEJO-DELIBERANTE-HOMENAJE-A-CONCEJALES-40-ANOS-1-675x450.jpg",375,250,true]},"author_info":{"info":["Jorge Matheus"]},"category_info":"<a href=\"https:\/\/infoecos.com.ar\/index.php\/category\/inferior16\/\" rel=\"category tag\">Bloque inferior - 16<\/a>","tag_info":"Bloque inferior - 16","comment_count":"0","_links":{"self":[{"href":"https:\/\/infoecos.com.ar\/index.php\/wp-json\/wp\/v2\/posts\/114082"}],"collection":[{"href":"https:\/\/infoecos.com.ar\/index.php\/wp-json\/wp\/v2\/posts"}],"about":[{"href":"https:\/\/infoecos.com.ar\/index.php\/wp-json\/wp\/v2\/types\/post"}],"author":[{"embeddable":true,"href":"https:\/\/infoecos.com.ar\/index.php\/wp-json\/wp\/v2\/users\/2"}],"replies":[{"embeddable":true,"href":"https:\/\/infoecos.com.ar\/index.php\/wp-json\/wp\/v2\/comments?post=114082"}],"version-history":[{"count":1,"href":"https:\/\/infoecos.com.ar\/index.php\/wp-json\/wp\/v2\/posts\/114082\/revisions"}],"predecessor-version":[{"id":114085,"href":"https:\/\/infoecos.com.ar\/index.php\/wp-json\/wp\/v2\/posts\/114082\/revisions\/114085"}],"wp:featuredmedia":[{"embeddable":true,"href":"https:\/\/infoecos.com.ar\/index.php\/wp-json\/wp\/v2\/media\/114084"}],"wp:attachment":[{"href":"https:\/\/infoecos.com.ar\/index.php\/wp-json\/wp\/v2\/media?parent=114082"}],"wp:term":[{"taxonomy":"category","embeddable":true,"href":"https:\/\/infoecos.com.ar\/index.php\/wp-json\/wp\/v2\/categories?post=114082"},{"taxonomy":"post_tag","embeddable":true,"href":"https:\/\/infoecos.com.ar\/index.php\/wp-json\/wp\/v2\/tags?post=114082"}],"curies":[{"name":"wp","href":"https:\/\/api.w.org\/{rel}","templated":true}]}}