{"id":114132,"date":"2023-10-15T21:54:25","date_gmt":"2023-10-16T00:54:25","guid":{"rendered":"https:\/\/infoecos.com.ar\/?p=114132"},"modified":"2023-10-18T01:36:25","modified_gmt":"2023-10-18T04:36:25","slug":"el-gobierno-de-kicillof-convoco-a-los-gremios-estatales-y-docentes-para-discutir-salarios","status":"publish","type":"post","link":"https:\/\/infoecos.com.ar\/index.php\/el-gobierno-de-kicillof-convoco-a-los-gremios-estatales-y-docentes-para-discutir-salarios\/","title":{"rendered":"El gobierno de Kicillof convoc\u00f3 a los gremios estatales y docentes para discutir salarios"},"content":{"rendered":"\n<p>El Gobierno de la provincia de Buenos Aires convoc\u00f3 para este mi\u00e9rcoles 18 de octubre a los representantes de los gremios estatales y docentes para discutir aumentos salariales, en el marco de las paritarias 2023.<\/p>\n\n\n\n<figure class=\"wp-block-image aligncenter size-full\"><img loading=\"lazy\" decoding=\"async\" width=\"767\" height=\"430\" src=\"https:\/\/infoecos.com.ar\/wp-content\/uploads\/2023\/10\/image-97.png\" alt=\"\" class=\"wp-image-114133\"\/><\/figure>\n\n\n\n<p>Los encuentros se realizar\u00e1n desde las 10 de la ma\u00f1ana, con los gremios del Frente de Unidad Bonaerense y a las 11.30 con los estatales, en las oficinas que el Ministerio de Trabajo tiene en las calles 7 y 39 de La Plata.<\/p>\n\n\n\n<p>Participar\u00e1n funcionarios del gobierno de Axel Kicillof, representantes de los trabajadores estatales, dispuestos por la Ley 10.430 -ATE, UPCN y Fegeppba-, y de los docentes nucleados en el Frente de Unidad, que integran Suteba, FEB, Sadop, AMET y Udocba.<\/p>\n\n\n\n<p>Ambos sectores hab\u00edan pedido d\u00edas atr\u00e1s que se convocara a la comisi\u00f3n t\u00e9cnica salarial para discutir la actualizaci\u00f3n de haberes del \u00faltimo trimestre del a\u00f1o.<\/p>\n\n\n\n<p>A principio de septiembre, el gobierno provincial hab\u00eda otorgado de el pago de un bono de 30 mil pesos y un aumento del 25% para los salarios de septiembre de todas las y los trabajadores provinciales.<\/p>\n\n\n\n<p>Hasta octubre, los trabajadores de la administraci\u00f3n p\u00fablica bonaerense han recibido un incremento acumulado del 95%. <strong>(InfoGEI) Mg<\/strong><\/p>\n","protected":false},"excerpt":{"rendered":"<p>Los encuentros se realizar\u00e1n desde las 10 de la ma\u00f1ana, con los gremios del Frente de Unidad Bonaerense y a las 11.30 con los estatales, en las oficinas que el Ministerio de Trabajo tiene en las calles 7 y 39 de La Plata<\/p>\n","protected":false},"author":2,"featured_media":114133,"comment_status":"closed","ping_status":"open","sticky":false,"template":"","format":"standard","meta":{"footnotes":""},"categories":[1341],"tags":[9460],"class_list":["post-114132","post","type-post","status-publish","format-standard","has-post-thumbnail","hentry","category-c1nota7","tag-es-para-hoy"],"yoast_head":"<!-- This site is optimized with the Yoast SEO plugin v23.4 - https:\/\/yoast.com\/wordpress\/plugins\/seo\/ -->\n<title>El gobierno de Kicillof convoc\u00f3 a los gremios estatales y docentes para discutir salarios - Infoecos<\/title>\n<meta name=\"robots\" content=\"index, follow, max-snippet:-1, max-image-preview:large, max-video-preview:-1\" \/>\n<link rel=\"canonical\" href=\"https:\/\/infoecos.com.ar\/index.php\/el-gobierno-de-kicillof-convoco-a-los-gremios-estatales-y-docentes-para-discutir-salarios\/\" \/>\n<meta property=\"og:locale\" content=\"es_ES\" \/>\n<meta property=\"og:type\" content=\"article\" \/>\n<meta property=\"og:title\" content=\"El gobierno de Kicillof convoc\u00f3 a los gremios estatales y docentes para discutir salarios - Infoecos\" \/>\n<meta property=\"og:description\" content=\"Los encuentros se realizar\u00e1n desde las 10 de la ma\u00f1ana, con los gremios del Frente de Unidad Bonaerense y a las 11.30 con los estatales, en las oficinas que el Ministerio de Trabajo tiene en las calles 7 y 39 de La Plata\" \/>\n<meta property=\"og:url\" content=\"https:\/\/infoecos.com.ar\/index.php\/el-gobierno-de-kicillof-convoco-a-los-gremios-estatales-y-docentes-para-discutir-salarios\/\" \/>\n<meta property=\"og:site_name\" content=\"Infoecos\" \/>\n<meta property=\"article:publisher\" content=\"https:\/\/www.facebook.com\/profile.php?id=100063200290284\" \/>\n<meta property=\"article:published_time\" content=\"2023-10-16T00:54:25+00:00\" \/>\n<meta property=\"article:modified_time\" content=\"2023-10-18T04:36:25+00:00\" \/>\n<meta property=\"og:image\" content=\"https:\/\/infoecos.com.ar\/wp-content\/uploads\/2023\/10\/image-97.png\" \/>\n\t<meta property=\"og:image:width\" content=\"767\" \/>\n\t<meta property=\"og:image:height\" content=\"430\" \/>\n\t<meta property=\"og:image:type\" content=\"image\/png\" \/>\n<meta name=\"author\" content=\"Jorge Matheus\" \/>\n<meta name=\"twitter:card\" content=\"summary_large_image\" \/>\n<meta name=\"twitter:creator\" content=\"@infoecos\" \/>\n<meta name=\"twitter:site\" content=\"@infoecos\" \/>\n<meta name=\"twitter:label1\" content=\"Escrito por\" \/>\n\t<meta name=\"twitter:data1\" content=\"Jorge Matheus\" \/>\n\t<meta name=\"twitter:label2\" content=\"Tiempo de lectura\" \/>\n\t<meta name=\"twitter:data2\" content=\"2 minutos\" \/>\n<script type=\"application\/ld+json\" class=\"yoast-schema-graph\">{\"@context\":\"https:\/\/schema.org\",\"@graph\":[{\"@type\":\"Article\",\"@id\":\"https:\/\/infoecos.com.ar\/index.php\/el-gobierno-de-kicillof-convoco-a-los-gremios-estatales-y-docentes-para-discutir-salarios\/#article\",\"isPartOf\":{\"@id\":\"https:\/\/infoecos.com.ar\/index.php\/el-gobierno-de-kicillof-convoco-a-los-gremios-estatales-y-docentes-para-discutir-salarios\/\"},\"author\":{\"name\":\"Jorge Matheus\",\"@id\":\"https:\/\/infoecos.com.ar\/#\/schema\/person\/8f5ace5ce73b4b4aac4b7245aee6f191\"},\"headline\":\"El gobierno de Kicillof convoc\u00f3 a los gremios estatales y docentes para discutir salarios\",\"datePublished\":\"2023-10-16T00:54:25+00:00\",\"dateModified\":\"2023-10-18T04:36:25+00:00\",\"mainEntityOfPage\":{\"@id\":\"https:\/\/infoecos.com.ar\/index.php\/el-gobierno-de-kicillof-convoco-a-los-gremios-estatales-y-docentes-para-discutir-salarios\/\"},\"wordCount\":214,\"publisher\":{\"@id\":\"https:\/\/infoecos.com.ar\/#organization\"},\"image\":{\"@id\":\"https:\/\/infoecos.com.ar\/index.php\/el-gobierno-de-kicillof-convoco-a-los-gremios-estatales-y-docentes-para-discutir-salarios\/#primaryimage\"},\"thumbnailUrl\":\"https:\/\/infoecos.com.ar\/wp-content\/uploads\/2023\/10\/image-97.png\",\"keywords\":[\"es para hoy\"],\"articleSection\":[\"C1 nota 7\"],\"inLanguage\":\"es\"},{\"@type\":\"WebPage\",\"@id\":\"https:\/\/infoecos.com.ar\/index.php\/el-gobierno-de-kicillof-convoco-a-los-gremios-estatales-y-docentes-para-discutir-salarios\/\",\"url\":\"https:\/\/infoecos.com.ar\/index.php\/el-gobierno-de-kicillof-convoco-a-los-gremios-estatales-y-docentes-para-discutir-salarios\/\",\"name\":\"El gobierno de Kicillof convoc\u00f3 a los gremios estatales y docentes para discutir salarios - Infoecos\",\"isPartOf\":{\"@id\":\"https:\/\/infoecos.com.ar\/#website\"},\"primaryImageOfPage\":{\"@id\":\"https:\/\/infoecos.com.ar\/index.php\/el-gobierno-de-kicillof-convoco-a-los-gremios-estatales-y-docentes-para-discutir-salarios\/#primaryimage\"},\"image\":{\"@id\":\"https:\/\/infoecos.com.ar\/index.php\/el-gobierno-de-kicillof-convoco-a-los-gremios-estatales-y-docentes-para-discutir-salarios\/#primaryimage\"},\"thumbnailUrl\":\"https:\/\/infoecos.com.ar\/wp-content\/uploads\/2023\/10\/image-97.png\",\"datePublished\":\"2023-10-16T00:54:25+00:00\",\"dateModified\":\"2023-10-18T04:36:25+00:00\",\"breadcrumb\":{\"@id\":\"https:\/\/infoecos.com.ar\/index.php\/el-gobierno-de-kicillof-convoco-a-los-gremios-estatales-y-docentes-para-discutir-salarios\/#breadcrumb\"},\"inLanguage\":\"es\",\"potentialAction\":[{\"@type\":\"ReadAction\",\"target\":[\"https:\/\/infoecos.com.ar\/index.php\/el-gobierno-de-kicillof-convoco-a-los-gremios-estatales-y-docentes-para-discutir-salarios\/\"]}]},{\"@type\":\"ImageObject\",\"inLanguage\":\"es\",\"@id\":\"https:\/\/infoecos.com.ar\/index.php\/el-gobierno-de-kicillof-convoco-a-los-gremios-estatales-y-docentes-para-discutir-salarios\/#primaryimage\",\"url\":\"https:\/\/infoecos.com.ar\/wp-content\/uploads\/2023\/10\/image-97.png\",\"contentUrl\":\"https:\/\/infoecos.com.ar\/wp-content\/uploads\/2023\/10\/image-97.png\",\"width\":767,\"height\":430},{\"@type\":\"BreadcrumbList\",\"@id\":\"https:\/\/infoecos.com.ar\/index.php\/el-gobierno-de-kicillof-convoco-a-los-gremios-estatales-y-docentes-para-discutir-salarios\/#breadcrumb\",\"itemListElement\":[{\"@type\":\"ListItem\",\"position\":1,\"name\":\"Portada\",\"item\":\"https:\/\/infoecos.com.ar\/\"},{\"@type\":\"ListItem\",\"position\":2,\"name\":\"El gobierno de Kicillof convoc\u00f3 a los gremios estatales y docentes para discutir salarios\"}]},{\"@type\":\"WebSite\",\"@id\":\"https:\/\/infoecos.com.ar\/#website\",\"url\":\"https:\/\/infoecos.com.ar\/\",\"name\":\"Infoecos\",\"description\":\"Noticias de trenque lauquen y la zona\",\"publisher\":{\"@id\":\"https:\/\/infoecos.com.ar\/#organization\"},\"alternateName\":\"Noticias\",\"potentialAction\":[{\"@type\":\"SearchAction\",\"target\":{\"@type\":\"EntryPoint\",\"urlTemplate\":\"https:\/\/infoecos.com.ar\/?s={search_term_string}\"},\"query-input\":{\"@type\":\"PropertyValueSpecification\",\"valueRequired\":true,\"valueName\":\"search_term_string\"}}],\"inLanguage\":\"es\"},{\"@type\":\"Organization\",\"@id\":\"https:\/\/infoecos.com.ar\/#organization\",\"name\":\"Infoecos\",\"alternateName\":\"Noticias\",\"url\":\"https:\/\/infoecos.com.ar\/\",\"logo\":{\"@type\":\"ImageObject\",\"inLanguage\":\"es\",\"@id\":\"https:\/\/infoecos.com.ar\/#\/schema\/logo\/image\/\",\"url\":\"https:\/\/infoecos.com.ar\/wp-content\/uploads\/2024\/03\/cropped-logo.png\",\"contentUrl\":\"https:\/\/infoecos.com.ar\/wp-content\/uploads\/2024\/03\/cropped-logo.png\",\"width\":374,\"height\":90,\"caption\":\"Infoecos\"},\"image\":{\"@id\":\"https:\/\/infoecos.com.ar\/#\/schema\/logo\/image\/\"},\"sameAs\":[\"https:\/\/www.facebook.com\/profile.php?id=100063200290284\",\"https:\/\/x.com\/infoecos\"]},{\"@type\":\"Person\",\"@id\":\"https:\/\/infoecos.com.ar\/#\/schema\/person\/8f5ace5ce73b4b4aac4b7245aee6f191\",\"name\":\"Jorge Matheus\",\"url\":\"https:\/\/infoecos.com.ar\/index.php\/author\/jomatheus\/\"}]}<\/script>\n<!-- \/ Yoast SEO plugin. -->","yoast_head_json":{"title":"El gobierno de Kicillof convoc\u00f3 a los gremios estatales y docentes para discutir salarios - Infoecos","robots":{"index":"index","follow":"follow","max-snippet":"max-snippet:-1","max-image-preview":"max-image-preview:large","max-video-preview":"max-video-preview:-1"},"canonical":"https:\/\/infoecos.com.ar\/index.php\/el-gobierno-de-kicillof-convoco-a-los-gremios-estatales-y-docentes-para-discutir-salarios\/","og_locale":"es_ES","og_type":"article","og_title":"El gobierno de Kicillof convoc\u00f3 a los gremios estatales y docentes para discutir salarios - Infoecos","og_description":"Los encuentros se realizar\u00e1n desde las 10 de la ma\u00f1ana, con los gremios del Frente de Unidad Bonaerense y a las 11.30 con los estatales, en las oficinas que el Ministerio de Trabajo tiene en las calles 7 y 39 de La Plata","og_url":"https:\/\/infoecos.com.ar\/index.php\/el-gobierno-de-kicillof-convoco-a-los-gremios-estatales-y-docentes-para-discutir-salarios\/","og_site_name":"Infoecos","article_publisher":"https:\/\/www.facebook.com\/profile.php?id=100063200290284","article_published_time":"2023-10-16T00:54:25+00:00","article_modified_time":"2023-10-18T04:36:25+00:00","og_image":[{"width":767,"height":430,"url":"https:\/\/infoecos.com.ar\/wp-content\/uploads\/2023\/10\/image-97.png","type":"image\/png"}],"author":"Jorge Matheus","twitter_card":"summary_large_image","twitter_creator":"@infoecos","twitter_site":"@infoecos","twitter_misc":{"Escrito por":"Jorge Matheus","Tiempo de lectura":"2 minutos"},"schema":{"@context":"https:\/\/schema.org","@graph":[{"@type":"Article","@id":"https:\/\/infoecos.com.ar\/index.php\/el-gobierno-de-kicillof-convoco-a-los-gremios-estatales-y-docentes-para-discutir-salarios\/#article","isPartOf":{"@id":"https:\/\/infoecos.com.ar\/index.php\/el-gobierno-de-kicillof-convoco-a-los-gremios-estatales-y-docentes-para-discutir-salarios\/"},"author":{"name":"Jorge Matheus","@id":"https:\/\/infoecos.com.ar\/#\/schema\/person\/8f5ace5ce73b4b4aac4b7245aee6f191"},"headline":"El gobierno de Kicillof convoc\u00f3 a los gremios estatales y docentes para discutir salarios","datePublished":"2023-10-16T00:54:25+00:00","dateModified":"2023-10-18T04:36:25+00:00","mainEntityOfPage":{"@id":"https:\/\/infoecos.com.ar\/index.php\/el-gobierno-de-kicillof-convoco-a-los-gremios-estatales-y-docentes-para-discutir-salarios\/"},"wordCount":214,"publisher":{"@id":"https:\/\/infoecos.com.ar\/#organization"},"image":{"@id":"https:\/\/infoecos.com.ar\/index.php\/el-gobierno-de-kicillof-convoco-a-los-gremios-estatales-y-docentes-para-discutir-salarios\/#primaryimage"},"thumbnailUrl":"https:\/\/infoecos.com.ar\/wp-content\/uploads\/2023\/10\/image-97.png","keywords":["es para hoy"],"articleSection":["C1 nota 7"],"inLanguage":"es"},{"@type":"WebPage","@id":"https:\/\/infoecos.com.ar\/index.php\/el-gobierno-de-kicillof-convoco-a-los-gremios-estatales-y-docentes-para-discutir-salarios\/","url":"https:\/\/infoecos.com.ar\/index.php\/el-gobierno-de-kicillof-convoco-a-los-gremios-estatales-y-docentes-para-discutir-salarios\/","name":"El gobierno de Kicillof convoc\u00f3 a los gremios estatales y docentes para discutir salarios - Infoecos","isPartOf":{"@id":"https:\/\/infoecos.com.ar\/#website"},"primaryImageOfPage":{"@id":"https:\/\/infoecos.com.ar\/index.php\/el-gobierno-de-kicillof-convoco-a-los-gremios-estatales-y-docentes-para-discutir-salarios\/#primaryimage"},"image":{"@id":"https:\/\/infoecos.com.ar\/index.php\/el-gobierno-de-kicillof-convoco-a-los-gremios-estatales-y-docentes-para-discutir-salarios\/#primaryimage"},"thumbnailUrl":"https:\/\/infoecos.com.ar\/wp-content\/uploads\/2023\/10\/image-97.png","datePublished":"2023-10-16T00:54:25+00:00","dateModified":"2023-10-18T04:36:25+00:00","breadcrumb":{"@id":"https:\/\/infoecos.com.ar\/index.php\/el-gobierno-de-kicillof-convoco-a-los-gremios-estatales-y-docentes-para-discutir-salarios\/#breadcrumb"},"inLanguage":"es","potentialAction":[{"@type":"ReadAction","target":["https:\/\/infoecos.com.ar\/index.php\/el-gobierno-de-kicillof-convoco-a-los-gremios-estatales-y-docentes-para-discutir-salarios\/"]}]},{"@type":"ImageObject","inLanguage":"es","@id":"https:\/\/infoecos.com.ar\/index.php\/el-gobierno-de-kicillof-convoco-a-los-gremios-estatales-y-docentes-para-discutir-salarios\/#primaryimage","url":"https:\/\/infoecos.com.ar\/wp-content\/uploads\/2023\/10\/image-97.png","contentUrl":"https:\/\/infoecos.com.ar\/wp-content\/uploads\/2023\/10\/image-97.png","width":767,"height":430},{"@type":"BreadcrumbList","@id":"https:\/\/infoecos.com.ar\/index.php\/el-gobierno-de-kicillof-convoco-a-los-gremios-estatales-y-docentes-para-discutir-salarios\/#breadcrumb","itemListElement":[{"@type":"ListItem","position":1,"name":"Portada","item":"https:\/\/infoecos.com.ar\/"},{"@type":"ListItem","position":2,"name":"El gobierno de Kicillof convoc\u00f3 a los gremios estatales y docentes para discutir salarios"}]},{"@type":"WebSite","@id":"https:\/\/infoecos.com.ar\/#website","url":"https:\/\/infoecos.com.ar\/","name":"Infoecos","description":"Noticias de trenque lauquen y la zona","publisher":{"@id":"https:\/\/infoecos.com.ar\/#organization"},"alternateName":"Noticias","potentialAction":[{"@type":"SearchAction","target":{"@type":"EntryPoint","urlTemplate":"https:\/\/infoecos.com.ar\/?s={search_term_string}"},"query-input":{"@type":"PropertyValueSpecification","valueRequired":true,"valueName":"search_term_string"}}],"inLanguage":"es"},{"@type":"Organization","@id":"https:\/\/infoecos.com.ar\/#organization","name":"Infoecos","alternateName":"Noticias","url":"https:\/\/infoecos.com.ar\/","logo":{"@type":"ImageObject","inLanguage":"es","@id":"https:\/\/infoecos.com.ar\/#\/schema\/logo\/image\/","url":"https:\/\/infoecos.com.ar\/wp-content\/uploads\/2024\/03\/cropped-logo.png","contentUrl":"https:\/\/infoecos.com.ar\/wp-content\/uploads\/2024\/03\/cropped-logo.png","width":374,"height":90,"caption":"Infoecos"},"image":{"@id":"https:\/\/infoecos.com.ar\/#\/schema\/logo\/image\/"},"sameAs":["https:\/\/www.facebook.com\/profile.php?id=100063200290284","https:\/\/x.com\/infoecos"]},{"@type":"Person","@id":"https:\/\/infoecos.com.ar\/#\/schema\/person\/8f5ace5ce73b4b4aac4b7245aee6f191","name":"Jorge Matheus","url":"https:\/\/infoecos.com.ar\/index.php\/author\/jomatheus\/"}]}},"featured_image_urls":{"full":["https:\/\/infoecos.com.ar\/wp-content\/uploads\/2023\/10\/image-97.png",767,430,false],"thumbnail":["https:\/\/infoecos.com.ar\/wp-content\/uploads\/2023\/10\/image-97-300x150.png",300,150,true],"medium":["https:\/\/infoecos.com.ar\/wp-content\/uploads\/2023\/10\/image-97.png",767,430,false],"medium_large":["https:\/\/infoecos.com.ar\/wp-content\/uploads\/2023\/10\/image-97.png",640,359,false],"large":["https:\/\/infoecos.com.ar\/wp-content\/uploads\/2023\/10\/image-97.png",640,359,false],"1536x1536":["https:\/\/infoecos.com.ar\/wp-content\/uploads\/2023\/10\/image-97.png",767,430,false],"2048x2048":["https:\/\/infoecos.com.ar\/wp-content\/uploads\/2023\/10\/image-97.png",767,430,false],"covernews-slider-full":["https:\/\/infoecos.com.ar\/wp-content\/uploads\/2023\/10\/image-97.png",767,430,false],"covernews-slider-center":["https:\/\/infoecos.com.ar\/wp-content\/uploads\/2023\/10\/image-97.png",767,430,false],"covernews-featured":["https:\/\/infoecos.com.ar\/wp-content\/uploads\/2023\/10\/image-97.png",767,430,false],"covernews-medium":["https:\/\/infoecos.com.ar\/wp-content\/uploads\/2023\/10\/image-97-720x380.png",540,285,true],"covernews-medium-square":["https:\/\/infoecos.com.ar\/wp-content\/uploads\/2023\/10\/image-97-675x430.png",392,250,true]},"author_info":{"info":["Jorge Matheus"]},"category_info":"<a href=\"https:\/\/infoecos.com.ar\/index.php\/category\/c1nota7\/\" rel=\"category tag\">C1 nota 7<\/a>","tag_info":"C1 nota 7","comment_count":"0","_links":{"self":[{"href":"https:\/\/infoecos.com.ar\/index.php\/wp-json\/wp\/v2\/posts\/114132"}],"collection":[{"href":"https:\/\/infoecos.com.ar\/index.php\/wp-json\/wp\/v2\/posts"}],"about":[{"href":"https:\/\/infoecos.com.ar\/index.php\/wp-json\/wp\/v2\/types\/post"}],"author":[{"embeddable":true,"href":"https:\/\/infoecos.com.ar\/index.php\/wp-json\/wp\/v2\/users\/2"}],"replies":[{"embeddable":true,"href":"https:\/\/infoecos.com.ar\/index.php\/wp-json\/wp\/v2\/comments?post=114132"}],"version-history":[{"count":1,"href":"https:\/\/infoecos.com.ar\/index.php\/wp-json\/wp\/v2\/posts\/114132\/revisions"}],"predecessor-version":[{"id":114134,"href":"https:\/\/infoecos.com.ar\/index.php\/wp-json\/wp\/v2\/posts\/114132\/revisions\/114134"}],"wp:featuredmedia":[{"embeddable":true,"href":"https:\/\/infoecos.com.ar\/index.php\/wp-json\/wp\/v2\/media\/114133"}],"wp:attachment":[{"href":"https:\/\/infoecos.com.ar\/index.php\/wp-json\/wp\/v2\/media?parent=114132"}],"wp:term":[{"taxonomy":"category","embeddable":true,"href":"https:\/\/infoecos.com.ar\/index.php\/wp-json\/wp\/v2\/categories?post=114132"},{"taxonomy":"post_tag","embeddable":true,"href":"https:\/\/infoecos.com.ar\/index.php\/wp-json\/wp\/v2\/tags?post=114132"}],"curies":[{"name":"wp","href":"https:\/\/api.w.org\/{rel}","templated":true}]}}