{"id":114225,"date":"2023-10-17T18:57:02","date_gmt":"2023-10-17T21:57:02","guid":{"rendered":"https:\/\/infoecos.com.ar\/?p=114225"},"modified":"2023-10-17T18:57:02","modified_gmt":"2023-10-17T21:57:02","slug":"fue-aprehendida-una-mujer-que-no-respeto-una-medida-perimetral-en-trenque-lauquen","status":"publish","type":"post","link":"https:\/\/infoecos.com.ar\/index.php\/fue-aprehendida-una-mujer-que-no-respeto-una-medida-perimetral-en-trenque-lauquen\/","title":{"rendered":"Fue aprehendida una mujer que no respet\u00f3 una medida perimetral, en Trenque Lauquen"},"content":{"rendered":"\n<p>A ra\u00edz de un llamado al 911, personal policial de seccional 1\u00ba, concurri\u00f3 a calle Prado 775 Barrio Indio Trompa, Casa N\u00ba 45 de este medio lugar donde habr\u00eda una femenina quien tendr\u00eda medidas cautelares.<\/p>\n\n\n\n<figure class=\"wp-block-image aligncenter size-full is-resized\"><img loading=\"lazy\" decoding=\"async\" src=\"https:\/\/infoecos.com.ar\/wp-content\/uploads\/2023\/09\/md.jpg\" alt=\"\" class=\"wp-image-113028\" width=\"435\" height=\"289\" srcset=\"https:\/\/infoecos.com.ar\/wp-content\/uploads\/2023\/09\/md.jpg 992w, https:\/\/infoecos.com.ar\/wp-content\/uploads\/2023\/09\/md-800x533.jpg 800w, https:\/\/infoecos.com.ar\/wp-content\/uploads\/2023\/09\/md-768x512.jpg 768w, https:\/\/infoecos.com.ar\/wp-content\/uploads\/2023\/09\/md-675x450.jpg 675w\" sizes=\"(max-width: 435px) 100vw, 435px\" \/><\/figure>\n\n\n\n<p>Se corrobor\u00f3 la veracidad del llamado, identific\u00e1ndosela a Milagros Soledad Z\u00e1rate de 23 a\u00f1os de edad, quien momentos antes hab\u00eda da\u00f1ado la puerta de ingreso al domicilio. Se constat\u00f3 que pesa una medida perimetral de acercamiento hacia la mencionada vivienda, dispuestas por el Juzgado de Familia N\u00ba 1 Departamental. Se procedi\u00f3 a la aprehensi\u00f3n de la imputada por el delito de Desobediencia Flagrante y Da\u00f1o con intervenci\u00f3n de la Fiscal\u00eda n\u00famero 5 del Departamento Judicial. <\/p>\n\n\n\n<p>Z\u00e1rate recuper\u00f3 posteriormente, la libertad. <\/p>\n","protected":false},"excerpt":{"rendered":"<p>A ra\u00edz de un llamado al 911, personal policial de seccional 1\u00ba<\/p>\n","protected":false},"author":2,"featured_media":113028,"comment_status":"closed","ping_status":"open","sticky":false,"template":"","format":"standard","meta":{"footnotes":""},"categories":[197],"tags":[9448],"class_list":["post-114225","post","type-post","status-publish","format-standard","has-post-thumbnail","hentry","category-c3nota4","tag-barrio-indio-trompa"],"yoast_head":"<!-- This site is optimized with the Yoast SEO plugin v23.4 - https:\/\/yoast.com\/wordpress\/plugins\/seo\/ -->\n<title>Fue aprehendida una mujer que no respet\u00f3 una medida perimetral, en Trenque Lauquen - Infoecos<\/title>\n<meta name=\"robots\" content=\"index, follow, max-snippet:-1, max-image-preview:large, max-video-preview:-1\" \/>\n<link rel=\"canonical\" href=\"https:\/\/infoecos.com.ar\/index.php\/fue-aprehendida-una-mujer-que-no-respeto-una-medida-perimetral-en-trenque-lauquen\/\" \/>\n<meta property=\"og:locale\" content=\"es_ES\" \/>\n<meta property=\"og:type\" content=\"article\" \/>\n<meta property=\"og:title\" content=\"Fue aprehendida una mujer que no respet\u00f3 una medida perimetral, en Trenque Lauquen - Infoecos\" \/>\n<meta property=\"og:description\" content=\"A ra\u00edz de un llamado al 911, personal policial de seccional 1\u00ba\" \/>\n<meta property=\"og:url\" content=\"https:\/\/infoecos.com.ar\/index.php\/fue-aprehendida-una-mujer-que-no-respeto-una-medida-perimetral-en-trenque-lauquen\/\" \/>\n<meta property=\"og:site_name\" content=\"Infoecos\" \/>\n<meta property=\"article:publisher\" content=\"https:\/\/www.facebook.com\/profile.php?id=100063200290284\" \/>\n<meta property=\"article:published_time\" content=\"2023-10-17T21:57:02+00:00\" \/>\n<meta property=\"og:image\" content=\"https:\/\/infoecos.com.ar\/wp-content\/uploads\/2023\/09\/md.jpg\" \/>\n\t<meta property=\"og:image:width\" content=\"992\" \/>\n\t<meta property=\"og:image:height\" content=\"661\" \/>\n\t<meta property=\"og:image:type\" content=\"image\/jpeg\" \/>\n<meta name=\"author\" content=\"Jorge Matheus\" \/>\n<meta name=\"twitter:card\" content=\"summary_large_image\" \/>\n<meta name=\"twitter:creator\" content=\"@infoecos\" \/>\n<meta name=\"twitter:site\" content=\"@infoecos\" \/>\n<meta name=\"twitter:label1\" content=\"Escrito por\" \/>\n\t<meta name=\"twitter:data1\" content=\"Jorge Matheus\" \/>\n\t<meta name=\"twitter:label2\" content=\"Tiempo de lectura\" \/>\n\t<meta name=\"twitter:data2\" content=\"1 minuto\" \/>\n<script type=\"application\/ld+json\" class=\"yoast-schema-graph\">{\"@context\":\"https:\/\/schema.org\",\"@graph\":[{\"@type\":\"Article\",\"@id\":\"https:\/\/infoecos.com.ar\/index.php\/fue-aprehendida-una-mujer-que-no-respeto-una-medida-perimetral-en-trenque-lauquen\/#article\",\"isPartOf\":{\"@id\":\"https:\/\/infoecos.com.ar\/index.php\/fue-aprehendida-una-mujer-que-no-respeto-una-medida-perimetral-en-trenque-lauquen\/\"},\"author\":{\"name\":\"Jorge Matheus\",\"@id\":\"https:\/\/infoecos.com.ar\/#\/schema\/person\/8f5ace5ce73b4b4aac4b7245aee6f191\"},\"headline\":\"Fue aprehendida una mujer que no respet\u00f3 una medida perimetral, en Trenque Lauquen\",\"datePublished\":\"2023-10-17T21:57:02+00:00\",\"dateModified\":\"2023-10-17T21:57:02+00:00\",\"mainEntityOfPage\":{\"@id\":\"https:\/\/infoecos.com.ar\/index.php\/fue-aprehendida-una-mujer-que-no-respeto-una-medida-perimetral-en-trenque-lauquen\/\"},\"wordCount\":135,\"publisher\":{\"@id\":\"https:\/\/infoecos.com.ar\/#organization\"},\"image\":{\"@id\":\"https:\/\/infoecos.com.ar\/index.php\/fue-aprehendida-una-mujer-que-no-respeto-una-medida-perimetral-en-trenque-lauquen\/#primaryimage\"},\"thumbnailUrl\":\"https:\/\/infoecos.com.ar\/wp-content\/uploads\/2023\/09\/md.jpg\",\"keywords\":[\"BARRIO INDIO TROMPA\"],\"articleSection\":[\"C3 N4\"],\"inLanguage\":\"es\"},{\"@type\":\"WebPage\",\"@id\":\"https:\/\/infoecos.com.ar\/index.php\/fue-aprehendida-una-mujer-que-no-respeto-una-medida-perimetral-en-trenque-lauquen\/\",\"url\":\"https:\/\/infoecos.com.ar\/index.php\/fue-aprehendida-una-mujer-que-no-respeto-una-medida-perimetral-en-trenque-lauquen\/\",\"name\":\"Fue aprehendida una mujer que no respet\u00f3 una medida perimetral, en Trenque Lauquen - Infoecos\",\"isPartOf\":{\"@id\":\"https:\/\/infoecos.com.ar\/#website\"},\"primaryImageOfPage\":{\"@id\":\"https:\/\/infoecos.com.ar\/index.php\/fue-aprehendida-una-mujer-que-no-respeto-una-medida-perimetral-en-trenque-lauquen\/#primaryimage\"},\"image\":{\"@id\":\"https:\/\/infoecos.com.ar\/index.php\/fue-aprehendida-una-mujer-que-no-respeto-una-medida-perimetral-en-trenque-lauquen\/#primaryimage\"},\"thumbnailUrl\":\"https:\/\/infoecos.com.ar\/wp-content\/uploads\/2023\/09\/md.jpg\",\"datePublished\":\"2023-10-17T21:57:02+00:00\",\"dateModified\":\"2023-10-17T21:57:02+00:00\",\"breadcrumb\":{\"@id\":\"https:\/\/infoecos.com.ar\/index.php\/fue-aprehendida-una-mujer-que-no-respeto-una-medida-perimetral-en-trenque-lauquen\/#breadcrumb\"},\"inLanguage\":\"es\",\"potentialAction\":[{\"@type\":\"ReadAction\",\"target\":[\"https:\/\/infoecos.com.ar\/index.php\/fue-aprehendida-una-mujer-que-no-respeto-una-medida-perimetral-en-trenque-lauquen\/\"]}]},{\"@type\":\"ImageObject\",\"inLanguage\":\"es\",\"@id\":\"https:\/\/infoecos.com.ar\/index.php\/fue-aprehendida-una-mujer-que-no-respeto-una-medida-perimetral-en-trenque-lauquen\/#primaryimage\",\"url\":\"https:\/\/infoecos.com.ar\/wp-content\/uploads\/2023\/09\/md.jpg\",\"contentUrl\":\"https:\/\/infoecos.com.ar\/wp-content\/uploads\/2023\/09\/md.jpg\",\"width\":992,\"height\":661},{\"@type\":\"BreadcrumbList\",\"@id\":\"https:\/\/infoecos.com.ar\/index.php\/fue-aprehendida-una-mujer-que-no-respeto-una-medida-perimetral-en-trenque-lauquen\/#breadcrumb\",\"itemListElement\":[{\"@type\":\"ListItem\",\"position\":1,\"name\":\"Portada\",\"item\":\"https:\/\/infoecos.com.ar\/\"},{\"@type\":\"ListItem\",\"position\":2,\"name\":\"Fue aprehendida una mujer que no respet\u00f3 una medida perimetral, en Trenque Lauquen\"}]},{\"@type\":\"WebSite\",\"@id\":\"https:\/\/infoecos.com.ar\/#website\",\"url\":\"https:\/\/infoecos.com.ar\/\",\"name\":\"Infoecos\",\"description\":\"Noticias de trenque lauquen y la zona\",\"publisher\":{\"@id\":\"https:\/\/infoecos.com.ar\/#organization\"},\"alternateName\":\"Noticias\",\"potentialAction\":[{\"@type\":\"SearchAction\",\"target\":{\"@type\":\"EntryPoint\",\"urlTemplate\":\"https:\/\/infoecos.com.ar\/?s={search_term_string}\"},\"query-input\":{\"@type\":\"PropertyValueSpecification\",\"valueRequired\":true,\"valueName\":\"search_term_string\"}}],\"inLanguage\":\"es\"},{\"@type\":\"Organization\",\"@id\":\"https:\/\/infoecos.com.ar\/#organization\",\"name\":\"Infoecos\",\"alternateName\":\"Noticias\",\"url\":\"https:\/\/infoecos.com.ar\/\",\"logo\":{\"@type\":\"ImageObject\",\"inLanguage\":\"es\",\"@id\":\"https:\/\/infoecos.com.ar\/#\/schema\/logo\/image\/\",\"url\":\"https:\/\/infoecos.com.ar\/wp-content\/uploads\/2024\/03\/cropped-logo.png\",\"contentUrl\":\"https:\/\/infoecos.com.ar\/wp-content\/uploads\/2024\/03\/cropped-logo.png\",\"width\":374,\"height\":90,\"caption\":\"Infoecos\"},\"image\":{\"@id\":\"https:\/\/infoecos.com.ar\/#\/schema\/logo\/image\/\"},\"sameAs\":[\"https:\/\/www.facebook.com\/profile.php?id=100063200290284\",\"https:\/\/x.com\/infoecos\"]},{\"@type\":\"Person\",\"@id\":\"https:\/\/infoecos.com.ar\/#\/schema\/person\/8f5ace5ce73b4b4aac4b7245aee6f191\",\"name\":\"Jorge Matheus\",\"url\":\"https:\/\/infoecos.com.ar\/index.php\/author\/jomatheus\/\"}]}<\/script>\n<!-- \/ Yoast SEO plugin. -->","yoast_head_json":{"title":"Fue aprehendida una mujer que no respet\u00f3 una medida perimetral, en Trenque Lauquen - Infoecos","robots":{"index":"index","follow":"follow","max-snippet":"max-snippet:-1","max-image-preview":"max-image-preview:large","max-video-preview":"max-video-preview:-1"},"canonical":"https:\/\/infoecos.com.ar\/index.php\/fue-aprehendida-una-mujer-que-no-respeto-una-medida-perimetral-en-trenque-lauquen\/","og_locale":"es_ES","og_type":"article","og_title":"Fue aprehendida una mujer que no respet\u00f3 una medida perimetral, en Trenque Lauquen - Infoecos","og_description":"A ra\u00edz de un llamado al 911, personal policial de seccional 1\u00ba","og_url":"https:\/\/infoecos.com.ar\/index.php\/fue-aprehendida-una-mujer-que-no-respeto-una-medida-perimetral-en-trenque-lauquen\/","og_site_name":"Infoecos","article_publisher":"https:\/\/www.facebook.com\/profile.php?id=100063200290284","article_published_time":"2023-10-17T21:57:02+00:00","og_image":[{"width":992,"height":661,"url":"https:\/\/infoecos.com.ar\/wp-content\/uploads\/2023\/09\/md.jpg","type":"image\/jpeg"}],"author":"Jorge Matheus","twitter_card":"summary_large_image","twitter_creator":"@infoecos","twitter_site":"@infoecos","twitter_misc":{"Escrito por":"Jorge Matheus","Tiempo de lectura":"1 minuto"},"schema":{"@context":"https:\/\/schema.org","@graph":[{"@type":"Article","@id":"https:\/\/infoecos.com.ar\/index.php\/fue-aprehendida-una-mujer-que-no-respeto-una-medida-perimetral-en-trenque-lauquen\/#article","isPartOf":{"@id":"https:\/\/infoecos.com.ar\/index.php\/fue-aprehendida-una-mujer-que-no-respeto-una-medida-perimetral-en-trenque-lauquen\/"},"author":{"name":"Jorge Matheus","@id":"https:\/\/infoecos.com.ar\/#\/schema\/person\/8f5ace5ce73b4b4aac4b7245aee6f191"},"headline":"Fue aprehendida una mujer que no respet\u00f3 una medida perimetral, en Trenque Lauquen","datePublished":"2023-10-17T21:57:02+00:00","dateModified":"2023-10-17T21:57:02+00:00","mainEntityOfPage":{"@id":"https:\/\/infoecos.com.ar\/index.php\/fue-aprehendida-una-mujer-que-no-respeto-una-medida-perimetral-en-trenque-lauquen\/"},"wordCount":135,"publisher":{"@id":"https:\/\/infoecos.com.ar\/#organization"},"image":{"@id":"https:\/\/infoecos.com.ar\/index.php\/fue-aprehendida-una-mujer-que-no-respeto-una-medida-perimetral-en-trenque-lauquen\/#primaryimage"},"thumbnailUrl":"https:\/\/infoecos.com.ar\/wp-content\/uploads\/2023\/09\/md.jpg","keywords":["BARRIO INDIO TROMPA"],"articleSection":["C3 N4"],"inLanguage":"es"},{"@type":"WebPage","@id":"https:\/\/infoecos.com.ar\/index.php\/fue-aprehendida-una-mujer-que-no-respeto-una-medida-perimetral-en-trenque-lauquen\/","url":"https:\/\/infoecos.com.ar\/index.php\/fue-aprehendida-una-mujer-que-no-respeto-una-medida-perimetral-en-trenque-lauquen\/","name":"Fue aprehendida una mujer que no respet\u00f3 una medida perimetral, en Trenque Lauquen - Infoecos","isPartOf":{"@id":"https:\/\/infoecos.com.ar\/#website"},"primaryImageOfPage":{"@id":"https:\/\/infoecos.com.ar\/index.php\/fue-aprehendida-una-mujer-que-no-respeto-una-medida-perimetral-en-trenque-lauquen\/#primaryimage"},"image":{"@id":"https:\/\/infoecos.com.ar\/index.php\/fue-aprehendida-una-mujer-que-no-respeto-una-medida-perimetral-en-trenque-lauquen\/#primaryimage"},"thumbnailUrl":"https:\/\/infoecos.com.ar\/wp-content\/uploads\/2023\/09\/md.jpg","datePublished":"2023-10-17T21:57:02+00:00","dateModified":"2023-10-17T21:57:02+00:00","breadcrumb":{"@id":"https:\/\/infoecos.com.ar\/index.php\/fue-aprehendida-una-mujer-que-no-respeto-una-medida-perimetral-en-trenque-lauquen\/#breadcrumb"},"inLanguage":"es","potentialAction":[{"@type":"ReadAction","target":["https:\/\/infoecos.com.ar\/index.php\/fue-aprehendida-una-mujer-que-no-respeto-una-medida-perimetral-en-trenque-lauquen\/"]}]},{"@type":"ImageObject","inLanguage":"es","@id":"https:\/\/infoecos.com.ar\/index.php\/fue-aprehendida-una-mujer-que-no-respeto-una-medida-perimetral-en-trenque-lauquen\/#primaryimage","url":"https:\/\/infoecos.com.ar\/wp-content\/uploads\/2023\/09\/md.jpg","contentUrl":"https:\/\/infoecos.com.ar\/wp-content\/uploads\/2023\/09\/md.jpg","width":992,"height":661},{"@type":"BreadcrumbList","@id":"https:\/\/infoecos.com.ar\/index.php\/fue-aprehendida-una-mujer-que-no-respeto-una-medida-perimetral-en-trenque-lauquen\/#breadcrumb","itemListElement":[{"@type":"ListItem","position":1,"name":"Portada","item":"https:\/\/infoecos.com.ar\/"},{"@type":"ListItem","position":2,"name":"Fue aprehendida una mujer que no respet\u00f3 una medida perimetral, en Trenque Lauquen"}]},{"@type":"WebSite","@id":"https:\/\/infoecos.com.ar\/#website","url":"https:\/\/infoecos.com.ar\/","name":"Infoecos","description":"Noticias de trenque lauquen y la zona","publisher":{"@id":"https:\/\/infoecos.com.ar\/#organization"},"alternateName":"Noticias","potentialAction":[{"@type":"SearchAction","target":{"@type":"EntryPoint","urlTemplate":"https:\/\/infoecos.com.ar\/?s={search_term_string}"},"query-input":{"@type":"PropertyValueSpecification","valueRequired":true,"valueName":"search_term_string"}}],"inLanguage":"es"},{"@type":"Organization","@id":"https:\/\/infoecos.com.ar\/#organization","name":"Infoecos","alternateName":"Noticias","url":"https:\/\/infoecos.com.ar\/","logo":{"@type":"ImageObject","inLanguage":"es","@id":"https:\/\/infoecos.com.ar\/#\/schema\/logo\/image\/","url":"https:\/\/infoecos.com.ar\/wp-content\/uploads\/2024\/03\/cropped-logo.png","contentUrl":"https:\/\/infoecos.com.ar\/wp-content\/uploads\/2024\/03\/cropped-logo.png","width":374,"height":90,"caption":"Infoecos"},"image":{"@id":"https:\/\/infoecos.com.ar\/#\/schema\/logo\/image\/"},"sameAs":["https:\/\/www.facebook.com\/profile.php?id=100063200290284","https:\/\/x.com\/infoecos"]},{"@type":"Person","@id":"https:\/\/infoecos.com.ar\/#\/schema\/person\/8f5ace5ce73b4b4aac4b7245aee6f191","name":"Jorge Matheus","url":"https:\/\/infoecos.com.ar\/index.php\/author\/jomatheus\/"}]}},"featured_image_urls":{"full":["https:\/\/infoecos.com.ar\/wp-content\/uploads\/2023\/09\/md.jpg",992,661,false],"thumbnail":["https:\/\/infoecos.com.ar\/wp-content\/uploads\/2023\/09\/md-300x150.jpg",300,150,true],"medium":["https:\/\/infoecos.com.ar\/wp-content\/uploads\/2023\/09\/md-800x533.jpg",800,533,true],"medium_large":["https:\/\/infoecos.com.ar\/wp-content\/uploads\/2023\/09\/md-768x512.jpg",640,427,true],"large":["https:\/\/infoecos.com.ar\/wp-content\/uploads\/2023\/09\/md.jpg",640,426,false],"1536x1536":["https:\/\/infoecos.com.ar\/wp-content\/uploads\/2023\/09\/md.jpg",992,661,false],"2048x2048":["https:\/\/infoecos.com.ar\/wp-content\/uploads\/2023\/09\/md.jpg",992,661,false],"covernews-slider-full":["https:\/\/infoecos.com.ar\/wp-content\/uploads\/2023\/09\/md.jpg",992,661,false],"covernews-slider-center":["https:\/\/infoecos.com.ar\/wp-content\/uploads\/2023\/09\/md-936x661.jpg",708,500,true],"covernews-featured":["https:\/\/infoecos.com.ar\/wp-content\/uploads\/2023\/09\/md.jpg",992,661,false],"covernews-medium":["https:\/\/infoecos.com.ar\/wp-content\/uploads\/2023\/09\/md-720x380.jpg",540,285,true],"covernews-medium-square":["https:\/\/infoecos.com.ar\/wp-content\/uploads\/2023\/09\/md-675x450.jpg",375,250,true]},"author_info":{"info":["Jorge Matheus"]},"category_info":"<a href=\"https:\/\/infoecos.com.ar\/index.php\/category\/c3nota4\/\" rel=\"category tag\">C3 N4<\/a>","tag_info":"C3 N4","comment_count":"0","_links":{"self":[{"href":"https:\/\/infoecos.com.ar\/index.php\/wp-json\/wp\/v2\/posts\/114225"}],"collection":[{"href":"https:\/\/infoecos.com.ar\/index.php\/wp-json\/wp\/v2\/posts"}],"about":[{"href":"https:\/\/infoecos.com.ar\/index.php\/wp-json\/wp\/v2\/types\/post"}],"author":[{"embeddable":true,"href":"https:\/\/infoecos.com.ar\/index.php\/wp-json\/wp\/v2\/users\/2"}],"replies":[{"embeddable":true,"href":"https:\/\/infoecos.com.ar\/index.php\/wp-json\/wp\/v2\/comments?post=114225"}],"version-history":[{"count":1,"href":"https:\/\/infoecos.com.ar\/index.php\/wp-json\/wp\/v2\/posts\/114225\/revisions"}],"predecessor-version":[{"id":114226,"href":"https:\/\/infoecos.com.ar\/index.php\/wp-json\/wp\/v2\/posts\/114225\/revisions\/114226"}],"wp:featuredmedia":[{"embeddable":true,"href":"https:\/\/infoecos.com.ar\/index.php\/wp-json\/wp\/v2\/media\/113028"}],"wp:attachment":[{"href":"https:\/\/infoecos.com.ar\/index.php\/wp-json\/wp\/v2\/media?parent=114225"}],"wp:term":[{"taxonomy":"category","embeddable":true,"href":"https:\/\/infoecos.com.ar\/index.php\/wp-json\/wp\/v2\/categories?post=114225"},{"taxonomy":"post_tag","embeddable":true,"href":"https:\/\/infoecos.com.ar\/index.php\/wp-json\/wp\/v2\/tags?post=114225"}],"curies":[{"name":"wp","href":"https:\/\/api.w.org\/{rel}","templated":true}]}}