{"id":114248,"date":"2023-10-17T22:27:38","date_gmt":"2023-10-18T01:27:38","guid":{"rendered":"https:\/\/infoecos.com.ar\/?p=114248"},"modified":"2023-10-18T00:24:22","modified_gmt":"2023-10-18T03:24:22","slug":"este-miercoles-se-realiza-en-pehuajo-el-festival-bienvenida-manuelita","status":"publish","type":"post","link":"https:\/\/infoecos.com.ar\/index.php\/este-miercoles-se-realiza-en-pehuajo-el-festival-bienvenida-manuelita\/","title":{"rendered":"Este mi\u00e9rcoles se realiza en Pehuaj\u00f3 el Festival Bienvenida Manuelita"},"content":{"rendered":"\n<p>Este mi\u00e9rcoles con clara evidencia electoral tendr\u00e1 lugar en Pehuaj\u00f3 el Festival Bienvenida Manuelita. El Instituto Cultural de la provincia inform\u00f3 que la comunidad, jardines y escuelas ser\u00e1n parte de la finalizaci\u00f3n del nuevo monumento en Ruta Nacional N\u00b0 5, KM 365. Se trata de la obra ganadora del concurso lanzado el a\u00f1o pasado cuando la obra musical creada por Mar\u00eda Elena Walsh cumpli\u00f3 60 a\u00f1os.&nbsp;<\/p>\n\n\n\n<p>El evento comenzar\u00e1&nbsp;a las 15:00 y se extender\u00e1 hasta las 18:00. Habr\u00e1 shows musicales con el cierre de los Rock and Walsh. Los participantes podr\u00e1n ser parte de la finalizaci\u00f3n del monumento colando con sus propias manos venecitas para cubrir el caparaz\u00f3n. Estos peque\u00f1os mosaicos ser\u00e1n el famoso \u201ctraje de malaquita\u201d.&nbsp;<\/p>\n\n\n\n<figure class=\"wp-block-gallery has-nested-images columns-default is-cropped wp-block-gallery-1 is-layout-flex wp-block-gallery-is-layout-flex\">\n<figure class=\"wp-block-image size-large\"><img loading=\"lazy\" decoding=\"async\" width=\"1600\" height=\"1068\" data-id=\"114250\" src=\"https:\/\/infoecos.com.ar\/wp-content\/uploads\/2023\/10\/manuelita-1600x1068.jpg\" alt=\"\" class=\"wp-image-114250\" srcset=\"https:\/\/infoecos.com.ar\/wp-content\/uploads\/2023\/10\/manuelita-1600x1068.jpg 1600w, https:\/\/infoecos.com.ar\/wp-content\/uploads\/2023\/10\/manuelita-800x534.jpg 800w, https:\/\/infoecos.com.ar\/wp-content\/uploads\/2023\/10\/manuelita-768x513.jpg 768w, https:\/\/infoecos.com.ar\/wp-content\/uploads\/2023\/10\/manuelita-1536x1025.jpg 1536w, https:\/\/infoecos.com.ar\/wp-content\/uploads\/2023\/10\/manuelita-1024x684.jpg 1024w, https:\/\/infoecos.com.ar\/wp-content\/uploads\/2023\/10\/manuelita-675x450.jpg 675w, https:\/\/infoecos.com.ar\/wp-content\/uploads\/2023\/10\/manuelita.jpg 2048w\" sizes=\"(max-width: 1600px) 100vw, 1600px\" \/><\/figure>\n\n\n\n<figure class=\"wp-block-image size-large\"><img loading=\"lazy\" decoding=\"async\" width=\"1600\" height=\"1068\" data-id=\"114249\" src=\"https:\/\/infoecos.com.ar\/wp-content\/uploads\/2023\/10\/manuelita1-1600x1068.jpg\" alt=\"\" class=\"wp-image-114249\" srcset=\"https:\/\/infoecos.com.ar\/wp-content\/uploads\/2023\/10\/manuelita1-1600x1068.jpg 1600w, https:\/\/infoecos.com.ar\/wp-content\/uploads\/2023\/10\/manuelita1-800x534.jpg 800w, https:\/\/infoecos.com.ar\/wp-content\/uploads\/2023\/10\/manuelita1-768x513.jpg 768w, https:\/\/infoecos.com.ar\/wp-content\/uploads\/2023\/10\/manuelita1-1536x1025.jpg 1536w, https:\/\/infoecos.com.ar\/wp-content\/uploads\/2023\/10\/manuelita1-1024x684.jpg 1024w, https:\/\/infoecos.com.ar\/wp-content\/uploads\/2023\/10\/manuelita1-675x450.jpg 675w, https:\/\/infoecos.com.ar\/wp-content\/uploads\/2023\/10\/manuelita1.jpg 2048w\" sizes=\"(max-width: 1600px) 100vw, 1600px\" \/><\/figure>\n<\/figure>\n\n\n\n<p>Tambi\u00e9n subir\u00e1n al escenario Hacelo Sonar, la Banda Municipal, la Murga del CIC y el Circo Social. <\/p>\n\n\n\n<p>La nueva manuelita, que se sumar\u00e1 a todas las existentes en Pehuaj\u00f3, tiene 3.30 metros de alto; 2,92 de ancho y 4,04 de largo. Ser\u00e1 emplazada definitivamente en un parque que el Municipio construy\u00f3 para tal fin que incluye \u201cun paisaje para Manuelita\u201d, donde, para llegar a ella, los visitantes caminar\u00e1n sobre un espejo de agua. \u201cLa escena propone una iluminaci\u00f3n que preserva el clima viajero de cierto misterio\u201d, explicaron quienes estuvieron a cargo del proyecto.&nbsp;<\/p>\n\n\n\n<p>\u201cConstruir una nueva manuelita forma parte ya de la identidad adoptada por los pehuajenses. Esto es algo que trascendi\u00f3 todas las fronteras, que vas a cualquier lugar del mundo, dec\u00eds Pehuaj\u00f3 y te dicen Manuelita. Para los vecinos y vecinas, ser\u00e1 un lugar de encuentro y, para el resto, un motivo m\u00e1s para venir a conocer\u201d, se\u00f1al\u00f3 Pablo Zurro, intendente local<\/p>\n\n\n\n<p>\u201cEl gobernador Axel Kicillof ven\u00eda trabajando la necesidad de poner valor a la identidad bonaerense y cuando cre\u00f3 el Instituto no pidi\u00f3 especialmente que trabaj\u00e1remos este tema, como en el derecho a la cultura y el disfrute\u201d, explic\u00f3 Florencia Saintout, presidenta del Instituto Cultural<\/p>\n\n\n\n<p>\u201cToda la obra de Mar\u00eda Elena Walsh es muy profunda. Pero Manuelita habla de algo que es muy necesario en este tiempo porque es una Manuelita que va a buscar algo que no est\u00e1 en su lugar pero que despu\u00e9s vuelve a encontrarlo en su tierra, que es el amor\u201d, agreg\u00f3 la funcionaria del Gobierno de Axel Kicillof.&nbsp;<\/p>\n","protected":false},"excerpt":{"rendered":"<p>El evento comenzar\u00e1\u00a0a las 15:00 y se extender\u00e1 hasta las 18:00. Habr\u00e1 shows musicales con el cierre de los Rock and Walsh<\/p>\n","protected":false},"author":2,"featured_media":114249,"comment_status":"closed","ping_status":"open","sticky":false,"template":"","format":"standard","meta":{"footnotes":""},"categories":[28],"tags":[9456],"class_list":["post-114248","post","type-post","status-publish","format-standard","has-post-thumbnail","hentry","category-c1nota1","tag-con-sabor-a-elecciones-2023"],"yoast_head":"<!-- This site is optimized with the Yoast SEO plugin v23.4 - https:\/\/yoast.com\/wordpress\/plugins\/seo\/ -->\n<title>Este mi\u00e9rcoles se realiza en Pehuaj\u00f3 el Festival Bienvenida Manuelita - Infoecos<\/title>\n<meta name=\"robots\" content=\"index, follow, max-snippet:-1, max-image-preview:large, max-video-preview:-1\" \/>\n<link rel=\"canonical\" href=\"https:\/\/infoecos.com.ar\/index.php\/este-miercoles-se-realiza-en-pehuajo-el-festival-bienvenida-manuelita\/\" \/>\n<meta property=\"og:locale\" content=\"es_ES\" \/>\n<meta property=\"og:type\" content=\"article\" \/>\n<meta property=\"og:title\" content=\"Este mi\u00e9rcoles se realiza en Pehuaj\u00f3 el Festival Bienvenida Manuelita - Infoecos\" \/>\n<meta property=\"og:description\" content=\"El evento comenzar\u00e1\u00a0a las 15:00 y se extender\u00e1 hasta las 18:00. Habr\u00e1 shows musicales con el cierre de los Rock and Walsh\" \/>\n<meta property=\"og:url\" content=\"https:\/\/infoecos.com.ar\/index.php\/este-miercoles-se-realiza-en-pehuajo-el-festival-bienvenida-manuelita\/\" \/>\n<meta property=\"og:site_name\" content=\"Infoecos\" \/>\n<meta property=\"article:publisher\" content=\"https:\/\/www.facebook.com\/profile.php?id=100063200290284\" \/>\n<meta property=\"article:published_time\" content=\"2023-10-18T01:27:38+00:00\" \/>\n<meta property=\"article:modified_time\" content=\"2023-10-18T03:24:22+00:00\" \/>\n<meta property=\"og:image\" content=\"https:\/\/infoecos.com.ar\/wp-content\/uploads\/2023\/10\/manuelita1.jpg\" \/>\n\t<meta property=\"og:image:width\" content=\"2048\" \/>\n\t<meta property=\"og:image:height\" content=\"1367\" \/>\n\t<meta property=\"og:image:type\" content=\"image\/jpeg\" \/>\n<meta name=\"author\" content=\"Jorge Matheus\" \/>\n<meta name=\"twitter:card\" content=\"summary_large_image\" \/>\n<meta name=\"twitter:creator\" content=\"@infoecos\" \/>\n<meta name=\"twitter:site\" content=\"@infoecos\" \/>\n<meta name=\"twitter:label1\" content=\"Escrito por\" \/>\n\t<meta name=\"twitter:data1\" content=\"Jorge Matheus\" \/>\n\t<meta name=\"twitter:label2\" content=\"Tiempo de lectura\" \/>\n\t<meta name=\"twitter:data2\" content=\"3 minutos\" \/>\n<script type=\"application\/ld+json\" class=\"yoast-schema-graph\">{\"@context\":\"https:\/\/schema.org\",\"@graph\":[{\"@type\":\"Article\",\"@id\":\"https:\/\/infoecos.com.ar\/index.php\/este-miercoles-se-realiza-en-pehuajo-el-festival-bienvenida-manuelita\/#article\",\"isPartOf\":{\"@id\":\"https:\/\/infoecos.com.ar\/index.php\/este-miercoles-se-realiza-en-pehuajo-el-festival-bienvenida-manuelita\/\"},\"author\":{\"name\":\"Jorge Matheus\",\"@id\":\"https:\/\/infoecos.com.ar\/#\/schema\/person\/8f5ace5ce73b4b4aac4b7245aee6f191\"},\"headline\":\"Este mi\u00e9rcoles se realiza en Pehuaj\u00f3 el Festival Bienvenida Manuelita\",\"datePublished\":\"2023-10-18T01:27:38+00:00\",\"dateModified\":\"2023-10-18T03:24:22+00:00\",\"mainEntityOfPage\":{\"@id\":\"https:\/\/infoecos.com.ar\/index.php\/este-miercoles-se-realiza-en-pehuajo-el-festival-bienvenida-manuelita\/\"},\"wordCount\":404,\"publisher\":{\"@id\":\"https:\/\/infoecos.com.ar\/#organization\"},\"image\":{\"@id\":\"https:\/\/infoecos.com.ar\/index.php\/este-miercoles-se-realiza-en-pehuajo-el-festival-bienvenida-manuelita\/#primaryimage\"},\"thumbnailUrl\":\"https:\/\/infoecos.com.ar\/wp-content\/uploads\/2023\/10\/manuelita1.jpg\",\"keywords\":[\"con sabor a elecciones 2023\"],\"articleSection\":[\"C1 N1\"],\"inLanguage\":\"es\"},{\"@type\":\"WebPage\",\"@id\":\"https:\/\/infoecos.com.ar\/index.php\/este-miercoles-se-realiza-en-pehuajo-el-festival-bienvenida-manuelita\/\",\"url\":\"https:\/\/infoecos.com.ar\/index.php\/este-miercoles-se-realiza-en-pehuajo-el-festival-bienvenida-manuelita\/\",\"name\":\"Este mi\u00e9rcoles se realiza en Pehuaj\u00f3 el Festival Bienvenida Manuelita - Infoecos\",\"isPartOf\":{\"@id\":\"https:\/\/infoecos.com.ar\/#website\"},\"primaryImageOfPage\":{\"@id\":\"https:\/\/infoecos.com.ar\/index.php\/este-miercoles-se-realiza-en-pehuajo-el-festival-bienvenida-manuelita\/#primaryimage\"},\"image\":{\"@id\":\"https:\/\/infoecos.com.ar\/index.php\/este-miercoles-se-realiza-en-pehuajo-el-festival-bienvenida-manuelita\/#primaryimage\"},\"thumbnailUrl\":\"https:\/\/infoecos.com.ar\/wp-content\/uploads\/2023\/10\/manuelita1.jpg\",\"datePublished\":\"2023-10-18T01:27:38+00:00\",\"dateModified\":\"2023-10-18T03:24:22+00:00\",\"breadcrumb\":{\"@id\":\"https:\/\/infoecos.com.ar\/index.php\/este-miercoles-se-realiza-en-pehuajo-el-festival-bienvenida-manuelita\/#breadcrumb\"},\"inLanguage\":\"es\",\"potentialAction\":[{\"@type\":\"ReadAction\",\"target\":[\"https:\/\/infoecos.com.ar\/index.php\/este-miercoles-se-realiza-en-pehuajo-el-festival-bienvenida-manuelita\/\"]}]},{\"@type\":\"ImageObject\",\"inLanguage\":\"es\",\"@id\":\"https:\/\/infoecos.com.ar\/index.php\/este-miercoles-se-realiza-en-pehuajo-el-festival-bienvenida-manuelita\/#primaryimage\",\"url\":\"https:\/\/infoecos.com.ar\/wp-content\/uploads\/2023\/10\/manuelita1.jpg\",\"contentUrl\":\"https:\/\/infoecos.com.ar\/wp-content\/uploads\/2023\/10\/manuelita1.jpg\",\"width\":2048,\"height\":1367},{\"@type\":\"BreadcrumbList\",\"@id\":\"https:\/\/infoecos.com.ar\/index.php\/este-miercoles-se-realiza-en-pehuajo-el-festival-bienvenida-manuelita\/#breadcrumb\",\"itemListElement\":[{\"@type\":\"ListItem\",\"position\":1,\"name\":\"Portada\",\"item\":\"https:\/\/infoecos.com.ar\/\"},{\"@type\":\"ListItem\",\"position\":2,\"name\":\"Este mi\u00e9rcoles se realiza en Pehuaj\u00f3 el Festival Bienvenida Manuelita\"}]},{\"@type\":\"WebSite\",\"@id\":\"https:\/\/infoecos.com.ar\/#website\",\"url\":\"https:\/\/infoecos.com.ar\/\",\"name\":\"Infoecos\",\"description\":\"Noticias de trenque lauquen y la zona\",\"publisher\":{\"@id\":\"https:\/\/infoecos.com.ar\/#organization\"},\"alternateName\":\"Noticias\",\"potentialAction\":[{\"@type\":\"SearchAction\",\"target\":{\"@type\":\"EntryPoint\",\"urlTemplate\":\"https:\/\/infoecos.com.ar\/?s={search_term_string}\"},\"query-input\":{\"@type\":\"PropertyValueSpecification\",\"valueRequired\":true,\"valueName\":\"search_term_string\"}}],\"inLanguage\":\"es\"},{\"@type\":\"Organization\",\"@id\":\"https:\/\/infoecos.com.ar\/#organization\",\"name\":\"Infoecos\",\"alternateName\":\"Noticias\",\"url\":\"https:\/\/infoecos.com.ar\/\",\"logo\":{\"@type\":\"ImageObject\",\"inLanguage\":\"es\",\"@id\":\"https:\/\/infoecos.com.ar\/#\/schema\/logo\/image\/\",\"url\":\"https:\/\/infoecos.com.ar\/wp-content\/uploads\/2024\/03\/cropped-logo.png\",\"contentUrl\":\"https:\/\/infoecos.com.ar\/wp-content\/uploads\/2024\/03\/cropped-logo.png\",\"width\":374,\"height\":90,\"caption\":\"Infoecos\"},\"image\":{\"@id\":\"https:\/\/infoecos.com.ar\/#\/schema\/logo\/image\/\"},\"sameAs\":[\"https:\/\/www.facebook.com\/profile.php?id=100063200290284\",\"https:\/\/x.com\/infoecos\"]},{\"@type\":\"Person\",\"@id\":\"https:\/\/infoecos.com.ar\/#\/schema\/person\/8f5ace5ce73b4b4aac4b7245aee6f191\",\"name\":\"Jorge Matheus\",\"url\":\"https:\/\/infoecos.com.ar\/index.php\/author\/jomatheus\/\"}]}<\/script>\n<!-- \/ Yoast SEO plugin. -->","yoast_head_json":{"title":"Este mi\u00e9rcoles se realiza en Pehuaj\u00f3 el Festival Bienvenida Manuelita - Infoecos","robots":{"index":"index","follow":"follow","max-snippet":"max-snippet:-1","max-image-preview":"max-image-preview:large","max-video-preview":"max-video-preview:-1"},"canonical":"https:\/\/infoecos.com.ar\/index.php\/este-miercoles-se-realiza-en-pehuajo-el-festival-bienvenida-manuelita\/","og_locale":"es_ES","og_type":"article","og_title":"Este mi\u00e9rcoles se realiza en Pehuaj\u00f3 el Festival Bienvenida Manuelita - Infoecos","og_description":"El evento comenzar\u00e1\u00a0a las 15:00 y se extender\u00e1 hasta las 18:00. Habr\u00e1 shows musicales con el cierre de los Rock and Walsh","og_url":"https:\/\/infoecos.com.ar\/index.php\/este-miercoles-se-realiza-en-pehuajo-el-festival-bienvenida-manuelita\/","og_site_name":"Infoecos","article_publisher":"https:\/\/www.facebook.com\/profile.php?id=100063200290284","article_published_time":"2023-10-18T01:27:38+00:00","article_modified_time":"2023-10-18T03:24:22+00:00","og_image":[{"width":2048,"height":1367,"url":"https:\/\/infoecos.com.ar\/wp-content\/uploads\/2023\/10\/manuelita1.jpg","type":"image\/jpeg"}],"author":"Jorge Matheus","twitter_card":"summary_large_image","twitter_creator":"@infoecos","twitter_site":"@infoecos","twitter_misc":{"Escrito por":"Jorge Matheus","Tiempo de lectura":"3 minutos"},"schema":{"@context":"https:\/\/schema.org","@graph":[{"@type":"Article","@id":"https:\/\/infoecos.com.ar\/index.php\/este-miercoles-se-realiza-en-pehuajo-el-festival-bienvenida-manuelita\/#article","isPartOf":{"@id":"https:\/\/infoecos.com.ar\/index.php\/este-miercoles-se-realiza-en-pehuajo-el-festival-bienvenida-manuelita\/"},"author":{"name":"Jorge Matheus","@id":"https:\/\/infoecos.com.ar\/#\/schema\/person\/8f5ace5ce73b4b4aac4b7245aee6f191"},"headline":"Este mi\u00e9rcoles se realiza en Pehuaj\u00f3 el Festival Bienvenida Manuelita","datePublished":"2023-10-18T01:27:38+00:00","dateModified":"2023-10-18T03:24:22+00:00","mainEntityOfPage":{"@id":"https:\/\/infoecos.com.ar\/index.php\/este-miercoles-se-realiza-en-pehuajo-el-festival-bienvenida-manuelita\/"},"wordCount":404,"publisher":{"@id":"https:\/\/infoecos.com.ar\/#organization"},"image":{"@id":"https:\/\/infoecos.com.ar\/index.php\/este-miercoles-se-realiza-en-pehuajo-el-festival-bienvenida-manuelita\/#primaryimage"},"thumbnailUrl":"https:\/\/infoecos.com.ar\/wp-content\/uploads\/2023\/10\/manuelita1.jpg","keywords":["con sabor a elecciones 2023"],"articleSection":["C1 N1"],"inLanguage":"es"},{"@type":"WebPage","@id":"https:\/\/infoecos.com.ar\/index.php\/este-miercoles-se-realiza-en-pehuajo-el-festival-bienvenida-manuelita\/","url":"https:\/\/infoecos.com.ar\/index.php\/este-miercoles-se-realiza-en-pehuajo-el-festival-bienvenida-manuelita\/","name":"Este mi\u00e9rcoles se realiza en Pehuaj\u00f3 el Festival Bienvenida Manuelita - Infoecos","isPartOf":{"@id":"https:\/\/infoecos.com.ar\/#website"},"primaryImageOfPage":{"@id":"https:\/\/infoecos.com.ar\/index.php\/este-miercoles-se-realiza-en-pehuajo-el-festival-bienvenida-manuelita\/#primaryimage"},"image":{"@id":"https:\/\/infoecos.com.ar\/index.php\/este-miercoles-se-realiza-en-pehuajo-el-festival-bienvenida-manuelita\/#primaryimage"},"thumbnailUrl":"https:\/\/infoecos.com.ar\/wp-content\/uploads\/2023\/10\/manuelita1.jpg","datePublished":"2023-10-18T01:27:38+00:00","dateModified":"2023-10-18T03:24:22+00:00","breadcrumb":{"@id":"https:\/\/infoecos.com.ar\/index.php\/este-miercoles-se-realiza-en-pehuajo-el-festival-bienvenida-manuelita\/#breadcrumb"},"inLanguage":"es","potentialAction":[{"@type":"ReadAction","target":["https:\/\/infoecos.com.ar\/index.php\/este-miercoles-se-realiza-en-pehuajo-el-festival-bienvenida-manuelita\/"]}]},{"@type":"ImageObject","inLanguage":"es","@id":"https:\/\/infoecos.com.ar\/index.php\/este-miercoles-se-realiza-en-pehuajo-el-festival-bienvenida-manuelita\/#primaryimage","url":"https:\/\/infoecos.com.ar\/wp-content\/uploads\/2023\/10\/manuelita1.jpg","contentUrl":"https:\/\/infoecos.com.ar\/wp-content\/uploads\/2023\/10\/manuelita1.jpg","width":2048,"height":1367},{"@type":"BreadcrumbList","@id":"https:\/\/infoecos.com.ar\/index.php\/este-miercoles-se-realiza-en-pehuajo-el-festival-bienvenida-manuelita\/#breadcrumb","itemListElement":[{"@type":"ListItem","position":1,"name":"Portada","item":"https:\/\/infoecos.com.ar\/"},{"@type":"ListItem","position":2,"name":"Este mi\u00e9rcoles se realiza en Pehuaj\u00f3 el Festival Bienvenida Manuelita"}]},{"@type":"WebSite","@id":"https:\/\/infoecos.com.ar\/#website","url":"https:\/\/infoecos.com.ar\/","name":"Infoecos","description":"Noticias de trenque lauquen y la zona","publisher":{"@id":"https:\/\/infoecos.com.ar\/#organization"},"alternateName":"Noticias","potentialAction":[{"@type":"SearchAction","target":{"@type":"EntryPoint","urlTemplate":"https:\/\/infoecos.com.ar\/?s={search_term_string}"},"query-input":{"@type":"PropertyValueSpecification","valueRequired":true,"valueName":"search_term_string"}}],"inLanguage":"es"},{"@type":"Organization","@id":"https:\/\/infoecos.com.ar\/#organization","name":"Infoecos","alternateName":"Noticias","url":"https:\/\/infoecos.com.ar\/","logo":{"@type":"ImageObject","inLanguage":"es","@id":"https:\/\/infoecos.com.ar\/#\/schema\/logo\/image\/","url":"https:\/\/infoecos.com.ar\/wp-content\/uploads\/2024\/03\/cropped-logo.png","contentUrl":"https:\/\/infoecos.com.ar\/wp-content\/uploads\/2024\/03\/cropped-logo.png","width":374,"height":90,"caption":"Infoecos"},"image":{"@id":"https:\/\/infoecos.com.ar\/#\/schema\/logo\/image\/"},"sameAs":["https:\/\/www.facebook.com\/profile.php?id=100063200290284","https:\/\/x.com\/infoecos"]},{"@type":"Person","@id":"https:\/\/infoecos.com.ar\/#\/schema\/person\/8f5ace5ce73b4b4aac4b7245aee6f191","name":"Jorge Matheus","url":"https:\/\/infoecos.com.ar\/index.php\/author\/jomatheus\/"}]}},"featured_image_urls":{"full":["https:\/\/infoecos.com.ar\/wp-content\/uploads\/2023\/10\/manuelita1.jpg",2048,1367,false],"thumbnail":["https:\/\/infoecos.com.ar\/wp-content\/uploads\/2023\/10\/manuelita1-300x150.jpg",300,150,true],"medium":["https:\/\/infoecos.com.ar\/wp-content\/uploads\/2023\/10\/manuelita1-800x534.jpg",800,534,true],"medium_large":["https:\/\/infoecos.com.ar\/wp-content\/uploads\/2023\/10\/manuelita1-768x513.jpg",640,428,true],"large":["https:\/\/infoecos.com.ar\/wp-content\/uploads\/2023\/10\/manuelita1-1600x1068.jpg",640,427,true],"1536x1536":["https:\/\/infoecos.com.ar\/wp-content\/uploads\/2023\/10\/manuelita1-1536x1025.jpg",1536,1025,true],"2048x2048":["https:\/\/infoecos.com.ar\/wp-content\/uploads\/2023\/10\/manuelita1.jpg",2048,1367,false],"covernews-slider-full":["https:\/\/infoecos.com.ar\/wp-content\/uploads\/2023\/10\/manuelita1-1536x1020.jpg",1077,715,true],"covernews-slider-center":["https:\/\/infoecos.com.ar\/wp-content\/uploads\/2023\/10\/manuelita1-936x897.jpg",522,500,true],"covernews-featured":["https:\/\/infoecos.com.ar\/wp-content\/uploads\/2023\/10\/manuelita1-1024x684.jpg",1024,684,true],"covernews-medium":["https:\/\/infoecos.com.ar\/wp-content\/uploads\/2023\/10\/manuelita1-720x380.jpg",540,285,true],"covernews-medium-square":["https:\/\/infoecos.com.ar\/wp-content\/uploads\/2023\/10\/manuelita1-675x450.jpg",375,250,true]},"author_info":{"info":["Jorge Matheus"]},"category_info":"<a href=\"https:\/\/infoecos.com.ar\/index.php\/category\/c1nota1\/\" rel=\"category tag\">C1 N1<\/a>","tag_info":"C1 N1","comment_count":"0","_links":{"self":[{"href":"https:\/\/infoecos.com.ar\/index.php\/wp-json\/wp\/v2\/posts\/114248"}],"collection":[{"href":"https:\/\/infoecos.com.ar\/index.php\/wp-json\/wp\/v2\/posts"}],"about":[{"href":"https:\/\/infoecos.com.ar\/index.php\/wp-json\/wp\/v2\/types\/post"}],"author":[{"embeddable":true,"href":"https:\/\/infoecos.com.ar\/index.php\/wp-json\/wp\/v2\/users\/2"}],"replies":[{"embeddable":true,"href":"https:\/\/infoecos.com.ar\/index.php\/wp-json\/wp\/v2\/comments?post=114248"}],"version-history":[{"count":2,"href":"https:\/\/infoecos.com.ar\/index.php\/wp-json\/wp\/v2\/posts\/114248\/revisions"}],"predecessor-version":[{"id":114252,"href":"https:\/\/infoecos.com.ar\/index.php\/wp-json\/wp\/v2\/posts\/114248\/revisions\/114252"}],"wp:featuredmedia":[{"embeddable":true,"href":"https:\/\/infoecos.com.ar\/index.php\/wp-json\/wp\/v2\/media\/114249"}],"wp:attachment":[{"href":"https:\/\/infoecos.com.ar\/index.php\/wp-json\/wp\/v2\/media?parent=114248"}],"wp:term":[{"taxonomy":"category","embeddable":true,"href":"https:\/\/infoecos.com.ar\/index.php\/wp-json\/wp\/v2\/categories?post=114248"},{"taxonomy":"post_tag","embeddable":true,"href":"https:\/\/infoecos.com.ar\/index.php\/wp-json\/wp\/v2\/tags?post=114248"}],"curies":[{"name":"wp","href":"https:\/\/api.w.org\/{rel}","templated":true}]}}