{"id":114299,"date":"2023-10-19T00:06:25","date_gmt":"2023-10-19T03:06:25","guid":{"rendered":"https:\/\/infoecos.com.ar\/?p=114299"},"modified":"2023-10-22T04:23:06","modified_gmt":"2023-10-22T07:23:06","slug":"en-el-2025-podria-estar-dictandose-la-carrera-de-medicina-en-la-universidad-nacional-de-la-pampa","status":"publish","type":"post","link":"https:\/\/infoecos.com.ar\/index.php\/en-el-2025-podria-estar-dictandose-la-carrera-de-medicina-en-la-universidad-nacional-de-la-pampa\/","title":{"rendered":"En el 2025 podr\u00eda estar dict\u00e1ndose la carrera de Medicina en la Universidad Nacional de La Pampa"},"content":{"rendered":"\n<p><strong>\u00abQueremos que lo antes posible podamos estar dictando tambi\u00e9n en la provincia de La Pampa la carrera de Medicina<\/strong>\u00ab, dijo el gobernador de La Pampa, Sergio Zilliotto al hablar en el acto donde se anunci\u00f3 el boleto estudiantil interurbano gratuito a partir del a\u00f1o pr\u00f3ximo para los alumnos de la Universidad Nacional. <\/p>\n\n\n\n<figure class=\"wp-block-image alignright size-large is-resized\"><img loading=\"lazy\" decoding=\"async\" src=\"https:\/\/infoecos.com.ar\/wp-content\/uploads\/2023\/10\/image-117-1600x1067.png\" alt=\"\" class=\"wp-image-114302\" width=\"375\" height=\"250\" srcset=\"https:\/\/infoecos.com.ar\/wp-content\/uploads\/2023\/10\/image-117-1600x1067.png 1600w, https:\/\/infoecos.com.ar\/wp-content\/uploads\/2023\/10\/image-117-800x533.png 800w, https:\/\/infoecos.com.ar\/wp-content\/uploads\/2023\/10\/image-117-768x512.png 768w, https:\/\/infoecos.com.ar\/wp-content\/uploads\/2023\/10\/image-117-1536x1020.png 1536w, https:\/\/infoecos.com.ar\/wp-content\/uploads\/2023\/10\/image-117-2048x1365.png 2048w, https:\/\/infoecos.com.ar\/wp-content\/uploads\/2023\/10\/image-117-1024x683.png 1024w, https:\/\/infoecos.com.ar\/wp-content\/uploads\/2023\/10\/image-117-675x450.png 675w\" sizes=\"(max-width: 375px) 100vw, 375px\" \/><\/figure>\n\n\n\n<p>El objetivo de la Facultad de Medicina pampeana es que se inicie en el ciclo lectivo 2025.<\/p>\n\n\n\n<p>El Gobierno provincial cedi\u00f3 un terreno ubicado en las inmediaciones del Hospital Ren\u00e9 Favaloro, de Santa Rosa, para que la Universidad Nacional de La Pampa pueda avanzar con la construcci\u00f3n de la sede de la Facultad de Ciencias de la Salud.<\/p>\n\n\n\n<p>El rector de la UNLPam en uso de licencia, Oscar Alpa, se\u00f1al\u00f3 con respecto a esta cuesti\u00f3n tan importante que \u00abconversamos con el Gobernador de proyectar una carrera de medicina con una orientaci\u00f3n pensada en las necesidades de la Provincia, del interior, como dijera un decano amigo, pensando en el paciente parado y no acostado, medicina preventiva\u00bb.<\/p>\n","protected":false},"excerpt":{"rendered":"<p>Sergio Zilliotto al hablar en el acto donde se anunci\u00f3 el boleto estudiantil interurbano gratuito a partir del a\u00f1o pr\u00f3ximo para los alumnos de la Universidad Nacional<\/p>\n","protected":false},"author":2,"featured_media":114300,"comment_status":"closed","ping_status":"open","sticky":false,"template":"","format":"standard","meta":{"footnotes":""},"categories":[198],"tags":[9463],"class_list":["post-114299","post","type-post","status-publish","format-standard","has-post-thumbnail","hentry","category-c1nota5","tag-anuncio-del-gobernador-zilliotto"],"yoast_head":"<!-- This site is optimized with the Yoast SEO plugin v23.4 - https:\/\/yoast.com\/wordpress\/plugins\/seo\/ -->\n<title>En el 2025 podr\u00eda estar dict\u00e1ndose la carrera de Medicina en la Universidad Nacional de La Pampa - Infoecos<\/title>\n<meta name=\"robots\" content=\"index, follow, max-snippet:-1, max-image-preview:large, max-video-preview:-1\" \/>\n<link rel=\"canonical\" href=\"https:\/\/infoecos.com.ar\/index.php\/en-el-2025-podria-estar-dictandose-la-carrera-de-medicina-en-la-universidad-nacional-de-la-pampa\/\" \/>\n<meta property=\"og:locale\" content=\"es_ES\" \/>\n<meta property=\"og:type\" content=\"article\" \/>\n<meta property=\"og:title\" content=\"En el 2025 podr\u00eda estar dict\u00e1ndose la carrera de Medicina en la Universidad Nacional de La Pampa - Infoecos\" \/>\n<meta property=\"og:description\" content=\"Sergio Zilliotto al hablar en el acto donde se anunci\u00f3 el boleto estudiantil interurbano gratuito a partir del a\u00f1o pr\u00f3ximo para los alumnos de la Universidad Nacional\" \/>\n<meta property=\"og:url\" content=\"https:\/\/infoecos.com.ar\/index.php\/en-el-2025-podria-estar-dictandose-la-carrera-de-medicina-en-la-universidad-nacional-de-la-pampa\/\" \/>\n<meta property=\"og:site_name\" content=\"Infoecos\" \/>\n<meta property=\"article:publisher\" content=\"https:\/\/www.facebook.com\/profile.php?id=100063200290284\" \/>\n<meta property=\"article:published_time\" content=\"2023-10-19T03:06:25+00:00\" \/>\n<meta property=\"article:modified_time\" content=\"2023-10-22T07:23:06+00:00\" \/>\n<meta property=\"og:image\" content=\"https:\/\/infoecos.com.ar\/wp-content\/uploads\/2023\/10\/image-115-1600x1067.png\" \/>\n\t<meta property=\"og:image:width\" content=\"1600\" \/>\n\t<meta property=\"og:image:height\" content=\"1067\" \/>\n\t<meta property=\"og:image:type\" content=\"image\/png\" \/>\n<meta name=\"author\" content=\"Jorge Matheus\" \/>\n<meta name=\"twitter:card\" content=\"summary_large_image\" \/>\n<meta name=\"twitter:creator\" content=\"@infoecos\" \/>\n<meta name=\"twitter:site\" content=\"@infoecos\" \/>\n<meta name=\"twitter:label1\" content=\"Escrito por\" \/>\n\t<meta name=\"twitter:data1\" content=\"Jorge Matheus\" \/>\n\t<meta name=\"twitter:label2\" content=\"Tiempo de lectura\" \/>\n\t<meta name=\"twitter:data2\" content=\"1 minuto\" \/>\n<script type=\"application\/ld+json\" class=\"yoast-schema-graph\">{\"@context\":\"https:\/\/schema.org\",\"@graph\":[{\"@type\":\"Article\",\"@id\":\"https:\/\/infoecos.com.ar\/index.php\/en-el-2025-podria-estar-dictandose-la-carrera-de-medicina-en-la-universidad-nacional-de-la-pampa\/#article\",\"isPartOf\":{\"@id\":\"https:\/\/infoecos.com.ar\/index.php\/en-el-2025-podria-estar-dictandose-la-carrera-de-medicina-en-la-universidad-nacional-de-la-pampa\/\"},\"author\":{\"name\":\"Jorge Matheus\",\"@id\":\"https:\/\/infoecos.com.ar\/#\/schema\/person\/8f5ace5ce73b4b4aac4b7245aee6f191\"},\"headline\":\"En el 2025 podr\u00eda estar dict\u00e1ndose la carrera de Medicina en la Universidad Nacional de La Pampa\",\"datePublished\":\"2023-10-19T03:06:25+00:00\",\"dateModified\":\"2023-10-22T07:23:06+00:00\",\"mainEntityOfPage\":{\"@id\":\"https:\/\/infoecos.com.ar\/index.php\/en-el-2025-podria-estar-dictandose-la-carrera-de-medicina-en-la-universidad-nacional-de-la-pampa\/\"},\"wordCount\":191,\"publisher\":{\"@id\":\"https:\/\/infoecos.com.ar\/#organization\"},\"image\":{\"@id\":\"https:\/\/infoecos.com.ar\/index.php\/en-el-2025-podria-estar-dictandose-la-carrera-de-medicina-en-la-universidad-nacional-de-la-pampa\/#primaryimage\"},\"thumbnailUrl\":\"https:\/\/infoecos.com.ar\/wp-content\/uploads\/2023\/10\/image-115.png\",\"keywords\":[\"ANUNCIO DEL GOBERNADOR ZILLIOTTO\"],\"articleSection\":[\"C1 nota 5\"],\"inLanguage\":\"es\"},{\"@type\":\"WebPage\",\"@id\":\"https:\/\/infoecos.com.ar\/index.php\/en-el-2025-podria-estar-dictandose-la-carrera-de-medicina-en-la-universidad-nacional-de-la-pampa\/\",\"url\":\"https:\/\/infoecos.com.ar\/index.php\/en-el-2025-podria-estar-dictandose-la-carrera-de-medicina-en-la-universidad-nacional-de-la-pampa\/\",\"name\":\"En el 2025 podr\u00eda estar dict\u00e1ndose la carrera de Medicina en la Universidad Nacional de La Pampa - Infoecos\",\"isPartOf\":{\"@id\":\"https:\/\/infoecos.com.ar\/#website\"},\"primaryImageOfPage\":{\"@id\":\"https:\/\/infoecos.com.ar\/index.php\/en-el-2025-podria-estar-dictandose-la-carrera-de-medicina-en-la-universidad-nacional-de-la-pampa\/#primaryimage\"},\"image\":{\"@id\":\"https:\/\/infoecos.com.ar\/index.php\/en-el-2025-podria-estar-dictandose-la-carrera-de-medicina-en-la-universidad-nacional-de-la-pampa\/#primaryimage\"},\"thumbnailUrl\":\"https:\/\/infoecos.com.ar\/wp-content\/uploads\/2023\/10\/image-115.png\",\"datePublished\":\"2023-10-19T03:06:25+00:00\",\"dateModified\":\"2023-10-22T07:23:06+00:00\",\"breadcrumb\":{\"@id\":\"https:\/\/infoecos.com.ar\/index.php\/en-el-2025-podria-estar-dictandose-la-carrera-de-medicina-en-la-universidad-nacional-de-la-pampa\/#breadcrumb\"},\"inLanguage\":\"es\",\"potentialAction\":[{\"@type\":\"ReadAction\",\"target\":[\"https:\/\/infoecos.com.ar\/index.php\/en-el-2025-podria-estar-dictandose-la-carrera-de-medicina-en-la-universidad-nacional-de-la-pampa\/\"]}]},{\"@type\":\"ImageObject\",\"inLanguage\":\"es\",\"@id\":\"https:\/\/infoecos.com.ar\/index.php\/en-el-2025-podria-estar-dictandose-la-carrera-de-medicina-en-la-universidad-nacional-de-la-pampa\/#primaryimage\",\"url\":\"https:\/\/infoecos.com.ar\/wp-content\/uploads\/2023\/10\/image-115.png\",\"contentUrl\":\"https:\/\/infoecos.com.ar\/wp-content\/uploads\/2023\/10\/image-115.png\",\"width\":5421,\"height\":3614},{\"@type\":\"BreadcrumbList\",\"@id\":\"https:\/\/infoecos.com.ar\/index.php\/en-el-2025-podria-estar-dictandose-la-carrera-de-medicina-en-la-universidad-nacional-de-la-pampa\/#breadcrumb\",\"itemListElement\":[{\"@type\":\"ListItem\",\"position\":1,\"name\":\"Portada\",\"item\":\"https:\/\/infoecos.com.ar\/\"},{\"@type\":\"ListItem\",\"position\":2,\"name\":\"En el 2025 podr\u00eda estar dict\u00e1ndose la carrera de Medicina en la Universidad Nacional de La Pampa\"}]},{\"@type\":\"WebSite\",\"@id\":\"https:\/\/infoecos.com.ar\/#website\",\"url\":\"https:\/\/infoecos.com.ar\/\",\"name\":\"Infoecos\",\"description\":\"Noticias de trenque lauquen y la zona\",\"publisher\":{\"@id\":\"https:\/\/infoecos.com.ar\/#organization\"},\"alternateName\":\"Noticias\",\"potentialAction\":[{\"@type\":\"SearchAction\",\"target\":{\"@type\":\"EntryPoint\",\"urlTemplate\":\"https:\/\/infoecos.com.ar\/?s={search_term_string}\"},\"query-input\":{\"@type\":\"PropertyValueSpecification\",\"valueRequired\":true,\"valueName\":\"search_term_string\"}}],\"inLanguage\":\"es\"},{\"@type\":\"Organization\",\"@id\":\"https:\/\/infoecos.com.ar\/#organization\",\"name\":\"Infoecos\",\"alternateName\":\"Noticias\",\"url\":\"https:\/\/infoecos.com.ar\/\",\"logo\":{\"@type\":\"ImageObject\",\"inLanguage\":\"es\",\"@id\":\"https:\/\/infoecos.com.ar\/#\/schema\/logo\/image\/\",\"url\":\"https:\/\/infoecos.com.ar\/wp-content\/uploads\/2024\/03\/cropped-logo.png\",\"contentUrl\":\"https:\/\/infoecos.com.ar\/wp-content\/uploads\/2024\/03\/cropped-logo.png\",\"width\":374,\"height\":90,\"caption\":\"Infoecos\"},\"image\":{\"@id\":\"https:\/\/infoecos.com.ar\/#\/schema\/logo\/image\/\"},\"sameAs\":[\"https:\/\/www.facebook.com\/profile.php?id=100063200290284\",\"https:\/\/x.com\/infoecos\"]},{\"@type\":\"Person\",\"@id\":\"https:\/\/infoecos.com.ar\/#\/schema\/person\/8f5ace5ce73b4b4aac4b7245aee6f191\",\"name\":\"Jorge Matheus\",\"url\":\"https:\/\/infoecos.com.ar\/index.php\/author\/jomatheus\/\"}]}<\/script>\n<!-- \/ Yoast SEO plugin. -->","yoast_head_json":{"title":"En el 2025 podr\u00eda estar dict\u00e1ndose la carrera de Medicina en la Universidad Nacional de La Pampa - Infoecos","robots":{"index":"index","follow":"follow","max-snippet":"max-snippet:-1","max-image-preview":"max-image-preview:large","max-video-preview":"max-video-preview:-1"},"canonical":"https:\/\/infoecos.com.ar\/index.php\/en-el-2025-podria-estar-dictandose-la-carrera-de-medicina-en-la-universidad-nacional-de-la-pampa\/","og_locale":"es_ES","og_type":"article","og_title":"En el 2025 podr\u00eda estar dict\u00e1ndose la carrera de Medicina en la Universidad Nacional de La Pampa - Infoecos","og_description":"Sergio Zilliotto al hablar en el acto donde se anunci\u00f3 el boleto estudiantil interurbano gratuito a partir del a\u00f1o pr\u00f3ximo para los alumnos de la Universidad Nacional","og_url":"https:\/\/infoecos.com.ar\/index.php\/en-el-2025-podria-estar-dictandose-la-carrera-de-medicina-en-la-universidad-nacional-de-la-pampa\/","og_site_name":"Infoecos","article_publisher":"https:\/\/www.facebook.com\/profile.php?id=100063200290284","article_published_time":"2023-10-19T03:06:25+00:00","article_modified_time":"2023-10-22T07:23:06+00:00","og_image":[{"width":1600,"height":1067,"url":"https:\/\/infoecos.com.ar\/wp-content\/uploads\/2023\/10\/image-115-1600x1067.png","type":"image\/png"}],"author":"Jorge Matheus","twitter_card":"summary_large_image","twitter_creator":"@infoecos","twitter_site":"@infoecos","twitter_misc":{"Escrito por":"Jorge Matheus","Tiempo de lectura":"1 minuto"},"schema":{"@context":"https:\/\/schema.org","@graph":[{"@type":"Article","@id":"https:\/\/infoecos.com.ar\/index.php\/en-el-2025-podria-estar-dictandose-la-carrera-de-medicina-en-la-universidad-nacional-de-la-pampa\/#article","isPartOf":{"@id":"https:\/\/infoecos.com.ar\/index.php\/en-el-2025-podria-estar-dictandose-la-carrera-de-medicina-en-la-universidad-nacional-de-la-pampa\/"},"author":{"name":"Jorge Matheus","@id":"https:\/\/infoecos.com.ar\/#\/schema\/person\/8f5ace5ce73b4b4aac4b7245aee6f191"},"headline":"En el 2025 podr\u00eda estar dict\u00e1ndose la carrera de Medicina en la Universidad Nacional de La Pampa","datePublished":"2023-10-19T03:06:25+00:00","dateModified":"2023-10-22T07:23:06+00:00","mainEntityOfPage":{"@id":"https:\/\/infoecos.com.ar\/index.php\/en-el-2025-podria-estar-dictandose-la-carrera-de-medicina-en-la-universidad-nacional-de-la-pampa\/"},"wordCount":191,"publisher":{"@id":"https:\/\/infoecos.com.ar\/#organization"},"image":{"@id":"https:\/\/infoecos.com.ar\/index.php\/en-el-2025-podria-estar-dictandose-la-carrera-de-medicina-en-la-universidad-nacional-de-la-pampa\/#primaryimage"},"thumbnailUrl":"https:\/\/infoecos.com.ar\/wp-content\/uploads\/2023\/10\/image-115.png","keywords":["ANUNCIO DEL GOBERNADOR ZILLIOTTO"],"articleSection":["C1 nota 5"],"inLanguage":"es"},{"@type":"WebPage","@id":"https:\/\/infoecos.com.ar\/index.php\/en-el-2025-podria-estar-dictandose-la-carrera-de-medicina-en-la-universidad-nacional-de-la-pampa\/","url":"https:\/\/infoecos.com.ar\/index.php\/en-el-2025-podria-estar-dictandose-la-carrera-de-medicina-en-la-universidad-nacional-de-la-pampa\/","name":"En el 2025 podr\u00eda estar dict\u00e1ndose la carrera de Medicina en la Universidad Nacional de La Pampa - Infoecos","isPartOf":{"@id":"https:\/\/infoecos.com.ar\/#website"},"primaryImageOfPage":{"@id":"https:\/\/infoecos.com.ar\/index.php\/en-el-2025-podria-estar-dictandose-la-carrera-de-medicina-en-la-universidad-nacional-de-la-pampa\/#primaryimage"},"image":{"@id":"https:\/\/infoecos.com.ar\/index.php\/en-el-2025-podria-estar-dictandose-la-carrera-de-medicina-en-la-universidad-nacional-de-la-pampa\/#primaryimage"},"thumbnailUrl":"https:\/\/infoecos.com.ar\/wp-content\/uploads\/2023\/10\/image-115.png","datePublished":"2023-10-19T03:06:25+00:00","dateModified":"2023-10-22T07:23:06+00:00","breadcrumb":{"@id":"https:\/\/infoecos.com.ar\/index.php\/en-el-2025-podria-estar-dictandose-la-carrera-de-medicina-en-la-universidad-nacional-de-la-pampa\/#breadcrumb"},"inLanguage":"es","potentialAction":[{"@type":"ReadAction","target":["https:\/\/infoecos.com.ar\/index.php\/en-el-2025-podria-estar-dictandose-la-carrera-de-medicina-en-la-universidad-nacional-de-la-pampa\/"]}]},{"@type":"ImageObject","inLanguage":"es","@id":"https:\/\/infoecos.com.ar\/index.php\/en-el-2025-podria-estar-dictandose-la-carrera-de-medicina-en-la-universidad-nacional-de-la-pampa\/#primaryimage","url":"https:\/\/infoecos.com.ar\/wp-content\/uploads\/2023\/10\/image-115.png","contentUrl":"https:\/\/infoecos.com.ar\/wp-content\/uploads\/2023\/10\/image-115.png","width":5421,"height":3614},{"@type":"BreadcrumbList","@id":"https:\/\/infoecos.com.ar\/index.php\/en-el-2025-podria-estar-dictandose-la-carrera-de-medicina-en-la-universidad-nacional-de-la-pampa\/#breadcrumb","itemListElement":[{"@type":"ListItem","position":1,"name":"Portada","item":"https:\/\/infoecos.com.ar\/"},{"@type":"ListItem","position":2,"name":"En el 2025 podr\u00eda estar dict\u00e1ndose la carrera de Medicina en la Universidad Nacional de La Pampa"}]},{"@type":"WebSite","@id":"https:\/\/infoecos.com.ar\/#website","url":"https:\/\/infoecos.com.ar\/","name":"Infoecos","description":"Noticias de trenque lauquen y la zona","publisher":{"@id":"https:\/\/infoecos.com.ar\/#organization"},"alternateName":"Noticias","potentialAction":[{"@type":"SearchAction","target":{"@type":"EntryPoint","urlTemplate":"https:\/\/infoecos.com.ar\/?s={search_term_string}"},"query-input":{"@type":"PropertyValueSpecification","valueRequired":true,"valueName":"search_term_string"}}],"inLanguage":"es"},{"@type":"Organization","@id":"https:\/\/infoecos.com.ar\/#organization","name":"Infoecos","alternateName":"Noticias","url":"https:\/\/infoecos.com.ar\/","logo":{"@type":"ImageObject","inLanguage":"es","@id":"https:\/\/infoecos.com.ar\/#\/schema\/logo\/image\/","url":"https:\/\/infoecos.com.ar\/wp-content\/uploads\/2024\/03\/cropped-logo.png","contentUrl":"https:\/\/infoecos.com.ar\/wp-content\/uploads\/2024\/03\/cropped-logo.png","width":374,"height":90,"caption":"Infoecos"},"image":{"@id":"https:\/\/infoecos.com.ar\/#\/schema\/logo\/image\/"},"sameAs":["https:\/\/www.facebook.com\/profile.php?id=100063200290284","https:\/\/x.com\/infoecos"]},{"@type":"Person","@id":"https:\/\/infoecos.com.ar\/#\/schema\/person\/8f5ace5ce73b4b4aac4b7245aee6f191","name":"Jorge Matheus","url":"https:\/\/infoecos.com.ar\/index.php\/author\/jomatheus\/"}]}},"featured_image_urls":{"full":["https:\/\/infoecos.com.ar\/wp-content\/uploads\/2023\/10\/image-115.png",5421,3614,false],"thumbnail":["https:\/\/infoecos.com.ar\/wp-content\/uploads\/2023\/10\/image-115-300x150.png",300,150,true],"medium":["https:\/\/infoecos.com.ar\/wp-content\/uploads\/2023\/10\/image-115-800x533.png",800,533,true],"medium_large":["https:\/\/infoecos.com.ar\/wp-content\/uploads\/2023\/10\/image-115-768x512.png",640,427,true],"large":["https:\/\/infoecos.com.ar\/wp-content\/uploads\/2023\/10\/image-115-1600x1067.png",640,427,true],"1536x1536":["https:\/\/infoecos.com.ar\/wp-content\/uploads\/2023\/10\/image-115-1536x1024.png",1536,1024,true],"2048x2048":["https:\/\/infoecos.com.ar\/wp-content\/uploads\/2023\/10\/image-115-2048x1365.png",2048,1365,true],"covernews-slider-full":["https:\/\/infoecos.com.ar\/wp-content\/uploads\/2023\/10\/image-115-1536x1020.png",1077,715,true],"covernews-slider-center":["https:\/\/infoecos.com.ar\/wp-content\/uploads\/2023\/10\/image-115-936x897.png",522,500,true],"covernews-featured":["https:\/\/infoecos.com.ar\/wp-content\/uploads\/2023\/10\/image-115-1024x683.png",1024,683,true],"covernews-medium":["https:\/\/infoecos.com.ar\/wp-content\/uploads\/2023\/10\/image-115-720x380.png",540,285,true],"covernews-medium-square":["https:\/\/infoecos.com.ar\/wp-content\/uploads\/2023\/10\/image-115-675x450.png",375,250,true]},"author_info":{"info":["Jorge Matheus"]},"category_info":"<a href=\"https:\/\/infoecos.com.ar\/index.php\/category\/c1nota5\/\" rel=\"category tag\">C1 nota 5<\/a>","tag_info":"C1 nota 5","comment_count":"0","_links":{"self":[{"href":"https:\/\/infoecos.com.ar\/index.php\/wp-json\/wp\/v2\/posts\/114299"}],"collection":[{"href":"https:\/\/infoecos.com.ar\/index.php\/wp-json\/wp\/v2\/posts"}],"about":[{"href":"https:\/\/infoecos.com.ar\/index.php\/wp-json\/wp\/v2\/types\/post"}],"author":[{"embeddable":true,"href":"https:\/\/infoecos.com.ar\/index.php\/wp-json\/wp\/v2\/users\/2"}],"replies":[{"embeddable":true,"href":"https:\/\/infoecos.com.ar\/index.php\/wp-json\/wp\/v2\/comments?post=114299"}],"version-history":[{"count":1,"href":"https:\/\/infoecos.com.ar\/index.php\/wp-json\/wp\/v2\/posts\/114299\/revisions"}],"predecessor-version":[{"id":114303,"href":"https:\/\/infoecos.com.ar\/index.php\/wp-json\/wp\/v2\/posts\/114299\/revisions\/114303"}],"wp:featuredmedia":[{"embeddable":true,"href":"https:\/\/infoecos.com.ar\/index.php\/wp-json\/wp\/v2\/media\/114300"}],"wp:attachment":[{"href":"https:\/\/infoecos.com.ar\/index.php\/wp-json\/wp\/v2\/media?parent=114299"}],"wp:term":[{"taxonomy":"category","embeddable":true,"href":"https:\/\/infoecos.com.ar\/index.php\/wp-json\/wp\/v2\/categories?post=114299"},{"taxonomy":"post_tag","embeddable":true,"href":"https:\/\/infoecos.com.ar\/index.php\/wp-json\/wp\/v2\/tags?post=114299"}],"curies":[{"name":"wp","href":"https:\/\/api.w.org\/{rel}","templated":true}]}}