{"id":114317,"date":"2023-10-19T01:35:21","date_gmt":"2023-10-19T04:35:21","guid":{"rendered":"https:\/\/infoecos.com.ar\/?p=114317"},"modified":"2023-10-22T04:19:41","modified_gmt":"2023-10-22T07:19:41","slug":"kicillof-y-parte-de-su-equipo-recorrieron-las-obras-en-la-cuenca-del-rio-salado","status":"publish","type":"post","link":"https:\/\/infoecos.com.ar\/index.php\/kicillof-y-parte-de-su-equipo-recorrieron-las-obras-en-la-cuenca-del-rio-salado\/","title":{"rendered":"Kicillof y parte de su equipo recorrieron las obras en la cuenca del R\u00edo Salado"},"content":{"rendered":"\n<p>El gobernador de la provincia de Buenos Aires, Axel Kicillof, recorri\u00f3 este mi\u00e9rcoles los avances de las obras de adecuaci\u00f3n del cauce del R\u00edo Salado y mantuvo una reuni\u00f3n con productores rurales de la regi\u00f3n en Veinticinco de Mayo. Fue junto al ministro de Obras P\u00fablicas de la Naci\u00f3n, Gabriel Katopodis; la ministra bonaerense de Gobierno, Cristina \u00c1lvarez Rodr\u00edguez; su par de Desarrollo Agrario, Javier Rodr\u00edguez; el jefe de Asesores, Carlos Bianco; el subsecretario de Recursos H\u00eddricos, Guillermo Jelinski; y el intendente local, Hern\u00e1n Ralinqueo.<\/p>\n\n\n\n<p>Kicillof subray\u00f3 que \u201cesta es una obra muy costosa, que solo puede encarar el Estado y que va a recuperar 8 millones de hect\u00e1reas para aumentar la capacidad productiva de la provincia de Buenos Aires\u201d. \u201cCon esta inversi\u00f3n se benefician muchos productores de la zona que ver\u00e1n subir el precio de sus tierras, pero tambi\u00e9n este proyecto genera un potencial tur\u00edstico en los municipios que bordean el R\u00edo Salado, que antes no exist\u00eda\u201d, expres\u00f3 y a\u00f1adi\u00f3: \u201cLo peor que le puede pasar al sector agropecuario es la aplicaci\u00f3n de pol\u00edticas de ajuste y disminuci\u00f3n de las obras p\u00fablicas\u201d.<\/p>\n\n\n\n<figure class=\"wp-block-image alignright size-full is-resized\"><img loading=\"lazy\" decoding=\"async\" src=\"https:\/\/infoecos.com.ar\/wp-content\/uploads\/2023\/10\/image-123.png\" alt=\"\" class=\"wp-image-114318\" width=\"414\" height=\"276\" srcset=\"https:\/\/infoecos.com.ar\/wp-content\/uploads\/2023\/10\/image-123.png 880w, https:\/\/infoecos.com.ar\/wp-content\/uploads\/2023\/10\/image-123-800x533.png 800w, https:\/\/infoecos.com.ar\/wp-content\/uploads\/2023\/10\/image-123-768x511.png 768w, https:\/\/infoecos.com.ar\/wp-content\/uploads\/2023\/10\/image-123-675x450.png 675w\" sizes=\"(max-width: 414px) 100vw, 414px\" \/><\/figure>\n\n\n\n<p>\u201cNosotros vamos a seguir apostando a la producci\u00f3n, al trabajo y a la integraci\u00f3n de la provincia, haciendo rutas, caminos y todas las obras que transforman nuestra matriz productiva\u201d, expres\u00f3 el Gobernador y explic\u00f3: \u201cTiene que ver con una visi\u00f3n estrat\u00e9gica en la que apuntamos a que quien nace en el interior bonaerense tenga todas las condiciones para vivir dignamente, con trabajo, salud y educaci\u00f3n p\u00fablica\u201d.<\/p>\n\n\n\n<p>El Plan Maestro Cuenca del R\u00edo Salado fue planificado hace m\u00e1s de 20 a\u00f1os y es de vital importancia para apuntalar la producci\u00f3n de alimentos en el noroeste y el centro bonaerense, donde se produce cerca del 30% de los granos y la carne de nuestro pa\u00eds. Beneficia a 59 municipios y abarca m\u00e1s de 640 kil\u00f3metros y 17 millones de hect\u00e1reas, con el objetivo de disminuir el riesgo de inundaciones y sequ\u00edas, mejorar las condiciones para la producci\u00f3n y preservar el ambiente.<\/p>\n\n\n\n<figure class=\"wp-block-image alignright size-full is-resized\"><img loading=\"lazy\" decoding=\"async\" src=\"https:\/\/infoecos.com.ar\/wp-content\/uploads\/2023\/10\/image-124.png\" alt=\"\" class=\"wp-image-114319\" width=\"411\" height=\"231\" srcset=\"https:\/\/infoecos.com.ar\/wp-content\/uploads\/2023\/10\/image-124.png 887w, https:\/\/infoecos.com.ar\/wp-content\/uploads\/2023\/10\/image-124-800x450.png 800w, https:\/\/infoecos.com.ar\/wp-content\/uploads\/2023\/10\/image-124-768x432.png 768w\" sizes=\"(max-width: 411px) 100vw, 411px\" \/><\/figure>\n\n\n\n<p>Jelinski destac\u00f3 que \u201cen estos cuatro a\u00f1os hemos realizado 134 kil\u00f3metros de dragado, dando cuenta del mayor avance de la historia en las obras de la cuenca del R\u00edo Salado\u201d. \u201cLo hicimos porque consideramos que este es un proyecto pensado para el bienestar de la gente, ya que apuntala la producci\u00f3n, protege a las ciudades y mejora tambi\u00e9n el turismo\u201d.<\/p>\n\n\n\n<p>Las autoridades sobrevolaron la zona en helic\u00f3ptero y recorrieron tambi\u00e9n la vera del r\u00edo donde avanzan los trabajos de la draga. A partir de 2020 la provincia recuper\u00f3 el cr\u00e9dito internacional y reactiv\u00f3 los cuatro tramos que el gobierno anterior hab\u00eda paralizado sobre una extensi\u00f3n de 212 kil\u00f3metros que van desde Laguna Las Flores hasta la localidad de Mechita.<\/p>\n","protected":false},"excerpt":{"rendered":"<p>El Plan Maestro Cuenca del R\u00edo Salado fue planificado hace m\u00e1s de 20 a\u00f1os y es de vital importancia para apuntalar la producci\u00f3n de alimentos en el noroeste y el centro bonaerense, donde se produce cerca del 30% de los granos y la carne de nuestro pa\u00eds<\/p>\n","protected":false},"author":2,"featured_media":114319,"comment_status":"closed","ping_status":"open","sticky":false,"template":"","format":"standard","meta":{"footnotes":""},"categories":[50],"tags":[9467],"class_list":["post-114317","post","type-post","status-publish","format-standard","has-post-thumbnail","hentry","category-c1nota4","tag-en-la-zona-de-25-de-mayo"],"yoast_head":"<!-- This site is optimized with the Yoast SEO plugin v23.4 - https:\/\/yoast.com\/wordpress\/plugins\/seo\/ -->\n<title>Kicillof y parte de su equipo recorrieron las obras en la cuenca del R\u00edo Salado - Infoecos<\/title>\n<meta name=\"robots\" content=\"index, follow, max-snippet:-1, max-image-preview:large, max-video-preview:-1\" \/>\n<link rel=\"canonical\" href=\"https:\/\/infoecos.com.ar\/index.php\/kicillof-y-parte-de-su-equipo-recorrieron-las-obras-en-la-cuenca-del-rio-salado\/\" \/>\n<meta property=\"og:locale\" content=\"es_ES\" \/>\n<meta property=\"og:type\" content=\"article\" \/>\n<meta property=\"og:title\" content=\"Kicillof y parte de su equipo recorrieron las obras en la cuenca del R\u00edo Salado - Infoecos\" \/>\n<meta property=\"og:description\" content=\"El Plan Maestro Cuenca del R\u00edo Salado fue planificado hace m\u00e1s de 20 a\u00f1os y es de vital importancia para apuntalar la producci\u00f3n de alimentos en el noroeste y el centro bonaerense, donde se produce cerca del 30% de los granos y la carne de nuestro pa\u00eds\" \/>\n<meta property=\"og:url\" content=\"https:\/\/infoecos.com.ar\/index.php\/kicillof-y-parte-de-su-equipo-recorrieron-las-obras-en-la-cuenca-del-rio-salado\/\" \/>\n<meta property=\"og:site_name\" content=\"Infoecos\" \/>\n<meta property=\"article:publisher\" content=\"https:\/\/www.facebook.com\/profile.php?id=100063200290284\" \/>\n<meta property=\"article:published_time\" content=\"2023-10-19T04:35:21+00:00\" \/>\n<meta property=\"article:modified_time\" content=\"2023-10-22T07:19:41+00:00\" \/>\n<meta property=\"og:image\" content=\"https:\/\/infoecos.com.ar\/wp-content\/uploads\/2023\/10\/image-124.png\" \/>\n\t<meta property=\"og:image:width\" content=\"887\" \/>\n\t<meta property=\"og:image:height\" content=\"499\" \/>\n\t<meta property=\"og:image:type\" content=\"image\/png\" \/>\n<meta name=\"author\" content=\"Jorge Matheus\" \/>\n<meta name=\"twitter:card\" content=\"summary_large_image\" \/>\n<meta name=\"twitter:creator\" content=\"@infoecos\" \/>\n<meta name=\"twitter:site\" content=\"@infoecos\" \/>\n<meta name=\"twitter:label1\" content=\"Escrito por\" \/>\n\t<meta name=\"twitter:data1\" content=\"Jorge Matheus\" \/>\n\t<meta name=\"twitter:label2\" content=\"Tiempo de lectura\" \/>\n\t<meta name=\"twitter:data2\" content=\"3 minutos\" \/>\n<script type=\"application\/ld+json\" class=\"yoast-schema-graph\">{\"@context\":\"https:\/\/schema.org\",\"@graph\":[{\"@type\":\"Article\",\"@id\":\"https:\/\/infoecos.com.ar\/index.php\/kicillof-y-parte-de-su-equipo-recorrieron-las-obras-en-la-cuenca-del-rio-salado\/#article\",\"isPartOf\":{\"@id\":\"https:\/\/infoecos.com.ar\/index.php\/kicillof-y-parte-de-su-equipo-recorrieron-las-obras-en-la-cuenca-del-rio-salado\/\"},\"author\":{\"name\":\"Jorge Matheus\",\"@id\":\"https:\/\/infoecos.com.ar\/#\/schema\/person\/8f5ace5ce73b4b4aac4b7245aee6f191\"},\"headline\":\"Kicillof y parte de su equipo recorrieron las obras en la cuenca del R\u00edo Salado\",\"datePublished\":\"2023-10-19T04:35:21+00:00\",\"dateModified\":\"2023-10-22T07:19:41+00:00\",\"mainEntityOfPage\":{\"@id\":\"https:\/\/infoecos.com.ar\/index.php\/kicillof-y-parte-de-su-equipo-recorrieron-las-obras-en-la-cuenca-del-rio-salado\/\"},\"wordCount\":509,\"publisher\":{\"@id\":\"https:\/\/infoecos.com.ar\/#organization\"},\"image\":{\"@id\":\"https:\/\/infoecos.com.ar\/index.php\/kicillof-y-parte-de-su-equipo-recorrieron-las-obras-en-la-cuenca-del-rio-salado\/#primaryimage\"},\"thumbnailUrl\":\"https:\/\/infoecos.com.ar\/wp-content\/uploads\/2023\/10\/image-124.png\",\"keywords\":[\"EN LA ZONA DE 25 DE MAYO\"],\"articleSection\":[\"C1 N4\"],\"inLanguage\":\"es\"},{\"@type\":\"WebPage\",\"@id\":\"https:\/\/infoecos.com.ar\/index.php\/kicillof-y-parte-de-su-equipo-recorrieron-las-obras-en-la-cuenca-del-rio-salado\/\",\"url\":\"https:\/\/infoecos.com.ar\/index.php\/kicillof-y-parte-de-su-equipo-recorrieron-las-obras-en-la-cuenca-del-rio-salado\/\",\"name\":\"Kicillof y parte de su equipo recorrieron las obras en la cuenca del R\u00edo Salado - Infoecos\",\"isPartOf\":{\"@id\":\"https:\/\/infoecos.com.ar\/#website\"},\"primaryImageOfPage\":{\"@id\":\"https:\/\/infoecos.com.ar\/index.php\/kicillof-y-parte-de-su-equipo-recorrieron-las-obras-en-la-cuenca-del-rio-salado\/#primaryimage\"},\"image\":{\"@id\":\"https:\/\/infoecos.com.ar\/index.php\/kicillof-y-parte-de-su-equipo-recorrieron-las-obras-en-la-cuenca-del-rio-salado\/#primaryimage\"},\"thumbnailUrl\":\"https:\/\/infoecos.com.ar\/wp-content\/uploads\/2023\/10\/image-124.png\",\"datePublished\":\"2023-10-19T04:35:21+00:00\",\"dateModified\":\"2023-10-22T07:19:41+00:00\",\"breadcrumb\":{\"@id\":\"https:\/\/infoecos.com.ar\/index.php\/kicillof-y-parte-de-su-equipo-recorrieron-las-obras-en-la-cuenca-del-rio-salado\/#breadcrumb\"},\"inLanguage\":\"es\",\"potentialAction\":[{\"@type\":\"ReadAction\",\"target\":[\"https:\/\/infoecos.com.ar\/index.php\/kicillof-y-parte-de-su-equipo-recorrieron-las-obras-en-la-cuenca-del-rio-salado\/\"]}]},{\"@type\":\"ImageObject\",\"inLanguage\":\"es\",\"@id\":\"https:\/\/infoecos.com.ar\/index.php\/kicillof-y-parte-de-su-equipo-recorrieron-las-obras-en-la-cuenca-del-rio-salado\/#primaryimage\",\"url\":\"https:\/\/infoecos.com.ar\/wp-content\/uploads\/2023\/10\/image-124.png\",\"contentUrl\":\"https:\/\/infoecos.com.ar\/wp-content\/uploads\/2023\/10\/image-124.png\",\"width\":887,\"height\":499},{\"@type\":\"BreadcrumbList\",\"@id\":\"https:\/\/infoecos.com.ar\/index.php\/kicillof-y-parte-de-su-equipo-recorrieron-las-obras-en-la-cuenca-del-rio-salado\/#breadcrumb\",\"itemListElement\":[{\"@type\":\"ListItem\",\"position\":1,\"name\":\"Portada\",\"item\":\"https:\/\/infoecos.com.ar\/\"},{\"@type\":\"ListItem\",\"position\":2,\"name\":\"Kicillof y parte de su equipo recorrieron las obras en la cuenca del R\u00edo Salado\"}]},{\"@type\":\"WebSite\",\"@id\":\"https:\/\/infoecos.com.ar\/#website\",\"url\":\"https:\/\/infoecos.com.ar\/\",\"name\":\"Infoecos\",\"description\":\"Noticias de trenque lauquen y la zona\",\"publisher\":{\"@id\":\"https:\/\/infoecos.com.ar\/#organization\"},\"alternateName\":\"Noticias\",\"potentialAction\":[{\"@type\":\"SearchAction\",\"target\":{\"@type\":\"EntryPoint\",\"urlTemplate\":\"https:\/\/infoecos.com.ar\/?s={search_term_string}\"},\"query-input\":{\"@type\":\"PropertyValueSpecification\",\"valueRequired\":true,\"valueName\":\"search_term_string\"}}],\"inLanguage\":\"es\"},{\"@type\":\"Organization\",\"@id\":\"https:\/\/infoecos.com.ar\/#organization\",\"name\":\"Infoecos\",\"alternateName\":\"Noticias\",\"url\":\"https:\/\/infoecos.com.ar\/\",\"logo\":{\"@type\":\"ImageObject\",\"inLanguage\":\"es\",\"@id\":\"https:\/\/infoecos.com.ar\/#\/schema\/logo\/image\/\",\"url\":\"https:\/\/infoecos.com.ar\/wp-content\/uploads\/2024\/03\/cropped-logo.png\",\"contentUrl\":\"https:\/\/infoecos.com.ar\/wp-content\/uploads\/2024\/03\/cropped-logo.png\",\"width\":374,\"height\":90,\"caption\":\"Infoecos\"},\"image\":{\"@id\":\"https:\/\/infoecos.com.ar\/#\/schema\/logo\/image\/\"},\"sameAs\":[\"https:\/\/www.facebook.com\/profile.php?id=100063200290284\",\"https:\/\/x.com\/infoecos\"]},{\"@type\":\"Person\",\"@id\":\"https:\/\/infoecos.com.ar\/#\/schema\/person\/8f5ace5ce73b4b4aac4b7245aee6f191\",\"name\":\"Jorge Matheus\",\"url\":\"https:\/\/infoecos.com.ar\/index.php\/author\/jomatheus\/\"}]}<\/script>\n<!-- \/ Yoast SEO plugin. -->","yoast_head_json":{"title":"Kicillof y parte de su equipo recorrieron las obras en la cuenca del R\u00edo Salado - Infoecos","robots":{"index":"index","follow":"follow","max-snippet":"max-snippet:-1","max-image-preview":"max-image-preview:large","max-video-preview":"max-video-preview:-1"},"canonical":"https:\/\/infoecos.com.ar\/index.php\/kicillof-y-parte-de-su-equipo-recorrieron-las-obras-en-la-cuenca-del-rio-salado\/","og_locale":"es_ES","og_type":"article","og_title":"Kicillof y parte de su equipo recorrieron las obras en la cuenca del R\u00edo Salado - Infoecos","og_description":"El Plan Maestro Cuenca del R\u00edo Salado fue planificado hace m\u00e1s de 20 a\u00f1os y es de vital importancia para apuntalar la producci\u00f3n de alimentos en el noroeste y el centro bonaerense, donde se produce cerca del 30% de los granos y la carne de nuestro pa\u00eds","og_url":"https:\/\/infoecos.com.ar\/index.php\/kicillof-y-parte-de-su-equipo-recorrieron-las-obras-en-la-cuenca-del-rio-salado\/","og_site_name":"Infoecos","article_publisher":"https:\/\/www.facebook.com\/profile.php?id=100063200290284","article_published_time":"2023-10-19T04:35:21+00:00","article_modified_time":"2023-10-22T07:19:41+00:00","og_image":[{"width":887,"height":499,"url":"https:\/\/infoecos.com.ar\/wp-content\/uploads\/2023\/10\/image-124.png","type":"image\/png"}],"author":"Jorge Matheus","twitter_card":"summary_large_image","twitter_creator":"@infoecos","twitter_site":"@infoecos","twitter_misc":{"Escrito por":"Jorge Matheus","Tiempo de lectura":"3 minutos"},"schema":{"@context":"https:\/\/schema.org","@graph":[{"@type":"Article","@id":"https:\/\/infoecos.com.ar\/index.php\/kicillof-y-parte-de-su-equipo-recorrieron-las-obras-en-la-cuenca-del-rio-salado\/#article","isPartOf":{"@id":"https:\/\/infoecos.com.ar\/index.php\/kicillof-y-parte-de-su-equipo-recorrieron-las-obras-en-la-cuenca-del-rio-salado\/"},"author":{"name":"Jorge Matheus","@id":"https:\/\/infoecos.com.ar\/#\/schema\/person\/8f5ace5ce73b4b4aac4b7245aee6f191"},"headline":"Kicillof y parte de su equipo recorrieron las obras en la cuenca del R\u00edo Salado","datePublished":"2023-10-19T04:35:21+00:00","dateModified":"2023-10-22T07:19:41+00:00","mainEntityOfPage":{"@id":"https:\/\/infoecos.com.ar\/index.php\/kicillof-y-parte-de-su-equipo-recorrieron-las-obras-en-la-cuenca-del-rio-salado\/"},"wordCount":509,"publisher":{"@id":"https:\/\/infoecos.com.ar\/#organization"},"image":{"@id":"https:\/\/infoecos.com.ar\/index.php\/kicillof-y-parte-de-su-equipo-recorrieron-las-obras-en-la-cuenca-del-rio-salado\/#primaryimage"},"thumbnailUrl":"https:\/\/infoecos.com.ar\/wp-content\/uploads\/2023\/10\/image-124.png","keywords":["EN LA ZONA DE 25 DE MAYO"],"articleSection":["C1 N4"],"inLanguage":"es"},{"@type":"WebPage","@id":"https:\/\/infoecos.com.ar\/index.php\/kicillof-y-parte-de-su-equipo-recorrieron-las-obras-en-la-cuenca-del-rio-salado\/","url":"https:\/\/infoecos.com.ar\/index.php\/kicillof-y-parte-de-su-equipo-recorrieron-las-obras-en-la-cuenca-del-rio-salado\/","name":"Kicillof y parte de su equipo recorrieron las obras en la cuenca del R\u00edo Salado - Infoecos","isPartOf":{"@id":"https:\/\/infoecos.com.ar\/#website"},"primaryImageOfPage":{"@id":"https:\/\/infoecos.com.ar\/index.php\/kicillof-y-parte-de-su-equipo-recorrieron-las-obras-en-la-cuenca-del-rio-salado\/#primaryimage"},"image":{"@id":"https:\/\/infoecos.com.ar\/index.php\/kicillof-y-parte-de-su-equipo-recorrieron-las-obras-en-la-cuenca-del-rio-salado\/#primaryimage"},"thumbnailUrl":"https:\/\/infoecos.com.ar\/wp-content\/uploads\/2023\/10\/image-124.png","datePublished":"2023-10-19T04:35:21+00:00","dateModified":"2023-10-22T07:19:41+00:00","breadcrumb":{"@id":"https:\/\/infoecos.com.ar\/index.php\/kicillof-y-parte-de-su-equipo-recorrieron-las-obras-en-la-cuenca-del-rio-salado\/#breadcrumb"},"inLanguage":"es","potentialAction":[{"@type":"ReadAction","target":["https:\/\/infoecos.com.ar\/index.php\/kicillof-y-parte-de-su-equipo-recorrieron-las-obras-en-la-cuenca-del-rio-salado\/"]}]},{"@type":"ImageObject","inLanguage":"es","@id":"https:\/\/infoecos.com.ar\/index.php\/kicillof-y-parte-de-su-equipo-recorrieron-las-obras-en-la-cuenca-del-rio-salado\/#primaryimage","url":"https:\/\/infoecos.com.ar\/wp-content\/uploads\/2023\/10\/image-124.png","contentUrl":"https:\/\/infoecos.com.ar\/wp-content\/uploads\/2023\/10\/image-124.png","width":887,"height":499},{"@type":"BreadcrumbList","@id":"https:\/\/infoecos.com.ar\/index.php\/kicillof-y-parte-de-su-equipo-recorrieron-las-obras-en-la-cuenca-del-rio-salado\/#breadcrumb","itemListElement":[{"@type":"ListItem","position":1,"name":"Portada","item":"https:\/\/infoecos.com.ar\/"},{"@type":"ListItem","position":2,"name":"Kicillof y parte de su equipo recorrieron las obras en la cuenca del R\u00edo Salado"}]},{"@type":"WebSite","@id":"https:\/\/infoecos.com.ar\/#website","url":"https:\/\/infoecos.com.ar\/","name":"Infoecos","description":"Noticias de trenque lauquen y la zona","publisher":{"@id":"https:\/\/infoecos.com.ar\/#organization"},"alternateName":"Noticias","potentialAction":[{"@type":"SearchAction","target":{"@type":"EntryPoint","urlTemplate":"https:\/\/infoecos.com.ar\/?s={search_term_string}"},"query-input":{"@type":"PropertyValueSpecification","valueRequired":true,"valueName":"search_term_string"}}],"inLanguage":"es"},{"@type":"Organization","@id":"https:\/\/infoecos.com.ar\/#organization","name":"Infoecos","alternateName":"Noticias","url":"https:\/\/infoecos.com.ar\/","logo":{"@type":"ImageObject","inLanguage":"es","@id":"https:\/\/infoecos.com.ar\/#\/schema\/logo\/image\/","url":"https:\/\/infoecos.com.ar\/wp-content\/uploads\/2024\/03\/cropped-logo.png","contentUrl":"https:\/\/infoecos.com.ar\/wp-content\/uploads\/2024\/03\/cropped-logo.png","width":374,"height":90,"caption":"Infoecos"},"image":{"@id":"https:\/\/infoecos.com.ar\/#\/schema\/logo\/image\/"},"sameAs":["https:\/\/www.facebook.com\/profile.php?id=100063200290284","https:\/\/x.com\/infoecos"]},{"@type":"Person","@id":"https:\/\/infoecos.com.ar\/#\/schema\/person\/8f5ace5ce73b4b4aac4b7245aee6f191","name":"Jorge Matheus","url":"https:\/\/infoecos.com.ar\/index.php\/author\/jomatheus\/"}]}},"featured_image_urls":{"full":["https:\/\/infoecos.com.ar\/wp-content\/uploads\/2023\/10\/image-124.png",887,499,false],"thumbnail":["https:\/\/infoecos.com.ar\/wp-content\/uploads\/2023\/10\/image-124-300x150.png",300,150,true],"medium":["https:\/\/infoecos.com.ar\/wp-content\/uploads\/2023\/10\/image-124-800x450.png",800,450,true],"medium_large":["https:\/\/infoecos.com.ar\/wp-content\/uploads\/2023\/10\/image-124-768x432.png",640,360,true],"large":["https:\/\/infoecos.com.ar\/wp-content\/uploads\/2023\/10\/image-124.png",640,360,false],"1536x1536":["https:\/\/infoecos.com.ar\/wp-content\/uploads\/2023\/10\/image-124.png",887,499,false],"2048x2048":["https:\/\/infoecos.com.ar\/wp-content\/uploads\/2023\/10\/image-124.png",887,499,false],"covernews-slider-full":["https:\/\/infoecos.com.ar\/wp-content\/uploads\/2023\/10\/image-124.png",887,499,false],"covernews-slider-center":["https:\/\/infoecos.com.ar\/wp-content\/uploads\/2023\/10\/image-124.png",800,450,false],"covernews-featured":["https:\/\/infoecos.com.ar\/wp-content\/uploads\/2023\/10\/image-124.png",887,499,false],"covernews-medium":["https:\/\/infoecos.com.ar\/wp-content\/uploads\/2023\/10\/image-124-720x380.png",540,285,true],"covernews-medium-square":["https:\/\/infoecos.com.ar\/wp-content\/uploads\/2023\/10\/image-124-675x450.png",375,250,true]},"author_info":{"info":["Jorge Matheus"]},"category_info":"<a href=\"https:\/\/infoecos.com.ar\/index.php\/category\/c1nota4\/\" rel=\"category tag\">C1 N4<\/a>","tag_info":"C1 N4","comment_count":"0","_links":{"self":[{"href":"https:\/\/infoecos.com.ar\/index.php\/wp-json\/wp\/v2\/posts\/114317"}],"collection":[{"href":"https:\/\/infoecos.com.ar\/index.php\/wp-json\/wp\/v2\/posts"}],"about":[{"href":"https:\/\/infoecos.com.ar\/index.php\/wp-json\/wp\/v2\/types\/post"}],"author":[{"embeddable":true,"href":"https:\/\/infoecos.com.ar\/index.php\/wp-json\/wp\/v2\/users\/2"}],"replies":[{"embeddable":true,"href":"https:\/\/infoecos.com.ar\/index.php\/wp-json\/wp\/v2\/comments?post=114317"}],"version-history":[{"count":1,"href":"https:\/\/infoecos.com.ar\/index.php\/wp-json\/wp\/v2\/posts\/114317\/revisions"}],"predecessor-version":[{"id":114320,"href":"https:\/\/infoecos.com.ar\/index.php\/wp-json\/wp\/v2\/posts\/114317\/revisions\/114320"}],"wp:featuredmedia":[{"embeddable":true,"href":"https:\/\/infoecos.com.ar\/index.php\/wp-json\/wp\/v2\/media\/114319"}],"wp:attachment":[{"href":"https:\/\/infoecos.com.ar\/index.php\/wp-json\/wp\/v2\/media?parent=114317"}],"wp:term":[{"taxonomy":"category","embeddable":true,"href":"https:\/\/infoecos.com.ar\/index.php\/wp-json\/wp\/v2\/categories?post=114317"},{"taxonomy":"post_tag","embeddable":true,"href":"https:\/\/infoecos.com.ar\/index.php\/wp-json\/wp\/v2\/tags?post=114317"}],"curies":[{"name":"wp","href":"https:\/\/api.w.org\/{rel}","templated":true}]}}