{"id":114325,"date":"2023-10-19T23:39:34","date_gmt":"2023-10-20T02:39:34","guid":{"rendered":"https:\/\/infoecos.com.ar\/?p=114325"},"modified":"2023-10-22T04:43:36","modified_gmt":"2023-10-22T07:43:36","slug":"la-boleta-de-trenque-lauquen-completa-lo-mas-escuchado-en-el-cierre-de-juntos-por-el-cambio","status":"publish","type":"post","link":"https:\/\/infoecos.com.ar\/index.php\/la-boleta-de-trenque-lauquen-completa-lo-mas-escuchado-en-el-cierre-de-juntos-por-el-cambio\/","title":{"rendered":"\u00abLa boleta de Trenque Lauquen completa\u00bb, lo m\u00e1s escuchado en el cierre de Juntos por el Cambio"},"content":{"rendered":"\n<p>Los candidatos de Juntos por el Cambio cerraron la campa\u00f1a electoral el mi\u00e9rcoles a la noche.<\/p>\n\n\n\n<figure class=\"wp-block-image aligncenter size-full is-resized\"><img loading=\"lazy\" decoding=\"async\" src=\"https:\/\/infoecos.com.ar\/wp-content\/uploads\/2023\/10\/acto-cierre-generales-JXC-6.jpeg\" alt=\"\" class=\"wp-image-114326\" width=\"536\" height=\"343\" srcset=\"https:\/\/infoecos.com.ar\/wp-content\/uploads\/2023\/10\/acto-cierre-generales-JXC-6.jpeg 990w, https:\/\/infoecos.com.ar\/wp-content\/uploads\/2023\/10\/acto-cierre-generales-JXC-6-800x513.jpeg 800w, https:\/\/infoecos.com.ar\/wp-content\/uploads\/2023\/10\/acto-cierre-generales-JXC-6-768x493.jpeg 768w\" sizes=\"(max-width: 536px) 100vw, 536px\" \/><\/figure>\n\n\n\n<p>El acto se llev\u00f3 a cabo en el Comit\u00e9 de la UCR en Trenque Lauquen, con una importante concurrencia que colm\u00f3 el sal\u00f3n. El tiempo jug\u00f3 una mala pasada al oficialismo local, ya que el fr\u00edo y lluvia no permiti\u00f3 realizar el cierre al aire libre que oblig\u00f3 a que muchos debieran seguirlo desde la calle.<\/p>\n\n\n\n<p>Los candidatos a intendente municipal, diputado provincial, a vicegobernadora concejales y consejeros escolares concentraron el inter\u00e9s de afiliados, adherentes, simpatizantes y vecinos en general de la ciudad cabecera, 30 de Agosto, Beruti, Girod\u00edas, Garr\u00e9 y la zona rural. Tambi\u00e9n hubo presencia de dirigentes de la regi\u00f3n, miembros de las fuerzas que integran la coalici\u00f3n como el PRO y el Partido del Di\u00e1logo, y de Pablo Juliano, que integra la lista de candidatos a diputados nacionales de Juntos por el Cambio.<\/p>\n\n\n\n<p>Valent\u00edn Miranda, Francisco Recoulat y Miguel Fern\u00e1ndez coincidieron en convocar a la comunidad para que elija <strong>\u00abLa Boleta de Trenque Lauquen Completa\u00bb<\/strong>.<\/p>\n\n\n\n<p>(<strong>Expresiones sobresalientes de los discursos por separado<\/strong>)<\/p>\n\n\n\n<p><\/p>\n\n\n\n<p><\/p>\n\n\n\n<p><\/p>\n","protected":false},"excerpt":{"rendered":"<p>El acto se llev\u00f3 a cabo en el Comit\u00e9 de la UCR en Trenque Lauquen, con una importante concurrencia que colm\u00f3 el sal\u00f3n. El tiempo jug\u00f3 una mala pasada al oficialismo local, ya que el fr\u00edo y lluvia no permiti\u00f3 realizar el cierre al aire libre que oblig\u00f3 a que muchos debieran seguirlo desde la calle<\/p>\n","protected":false},"author":2,"featured_media":114326,"comment_status":"closed","ping_status":"open","sticky":false,"template":"","format":"standard","meta":{"footnotes":""},"categories":[40],"tags":[6789],"class_list":["post-114325","post","type-post","status-publish","format-standard","has-post-thumbnail","hentry","category-inferior1","tag-elecciones-2023"],"yoast_head":"<!-- This site is optimized with the Yoast SEO plugin v23.4 - https:\/\/yoast.com\/wordpress\/plugins\/seo\/ -->\n<title>&quot;La boleta de Trenque Lauquen completa&quot;, lo m\u00e1s escuchado en el cierre de Juntos por el Cambio - Infoecos<\/title>\n<meta name=\"robots\" content=\"index, follow, max-snippet:-1, max-image-preview:large, max-video-preview:-1\" \/>\n<link rel=\"canonical\" href=\"https:\/\/infoecos.com.ar\/index.php\/la-boleta-de-trenque-lauquen-completa-lo-mas-escuchado-en-el-cierre-de-juntos-por-el-cambio\/\" \/>\n<meta property=\"og:locale\" content=\"es_ES\" \/>\n<meta property=\"og:type\" content=\"article\" \/>\n<meta property=\"og:title\" content=\"&quot;La boleta de Trenque Lauquen completa&quot;, lo m\u00e1s escuchado en el cierre de Juntos por el Cambio - Infoecos\" \/>\n<meta property=\"og:description\" content=\"El acto se llev\u00f3 a cabo en el Comit\u00e9 de la UCR en Trenque Lauquen, con una importante concurrencia que colm\u00f3 el sal\u00f3n. El tiempo jug\u00f3 una mala pasada al oficialismo local, ya que el fr\u00edo y lluvia no permiti\u00f3 realizar el cierre al aire libre que oblig\u00f3 a que muchos debieran seguirlo desde la calle\" \/>\n<meta property=\"og:url\" content=\"https:\/\/infoecos.com.ar\/index.php\/la-boleta-de-trenque-lauquen-completa-lo-mas-escuchado-en-el-cierre-de-juntos-por-el-cambio\/\" \/>\n<meta property=\"og:site_name\" content=\"Infoecos\" \/>\n<meta property=\"article:publisher\" content=\"https:\/\/www.facebook.com\/profile.php?id=100063200290284\" \/>\n<meta property=\"article:published_time\" content=\"2023-10-20T02:39:34+00:00\" \/>\n<meta property=\"article:modified_time\" content=\"2023-10-22T07:43:36+00:00\" \/>\n<meta property=\"og:image\" content=\"https:\/\/infoecos.com.ar\/wp-content\/uploads\/2023\/10\/acto-cierre-generales-JXC-6.jpeg\" \/>\n\t<meta property=\"og:image:width\" content=\"990\" \/>\n\t<meta property=\"og:image:height\" content=\"635\" \/>\n\t<meta property=\"og:image:type\" content=\"image\/jpeg\" \/>\n<meta name=\"author\" content=\"Jorge Matheus\" \/>\n<meta name=\"twitter:card\" content=\"summary_large_image\" \/>\n<meta name=\"twitter:creator\" content=\"@infoecos\" \/>\n<meta name=\"twitter:site\" content=\"@infoecos\" \/>\n<meta name=\"twitter:label1\" content=\"Escrito por\" \/>\n\t<meta name=\"twitter:data1\" content=\"Jorge Matheus\" \/>\n\t<meta name=\"twitter:label2\" content=\"Tiempo de lectura\" \/>\n\t<meta name=\"twitter:data2\" content=\"2 minutos\" \/>\n<script type=\"application\/ld+json\" class=\"yoast-schema-graph\">{\"@context\":\"https:\/\/schema.org\",\"@graph\":[{\"@type\":\"Article\",\"@id\":\"https:\/\/infoecos.com.ar\/index.php\/la-boleta-de-trenque-lauquen-completa-lo-mas-escuchado-en-el-cierre-de-juntos-por-el-cambio\/#article\",\"isPartOf\":{\"@id\":\"https:\/\/infoecos.com.ar\/index.php\/la-boleta-de-trenque-lauquen-completa-lo-mas-escuchado-en-el-cierre-de-juntos-por-el-cambio\/\"},\"author\":{\"name\":\"Jorge Matheus\",\"@id\":\"https:\/\/infoecos.com.ar\/#\/schema\/person\/8f5ace5ce73b4b4aac4b7245aee6f191\"},\"headline\":\"\u00abLa boleta de Trenque Lauquen completa\u00bb, lo m\u00e1s escuchado en el cierre de Juntos por el Cambio\",\"datePublished\":\"2023-10-20T02:39:34+00:00\",\"dateModified\":\"2023-10-22T07:43:36+00:00\",\"mainEntityOfPage\":{\"@id\":\"https:\/\/infoecos.com.ar\/index.php\/la-boleta-de-trenque-lauquen-completa-lo-mas-escuchado-en-el-cierre-de-juntos-por-el-cambio\/\"},\"wordCount\":210,\"publisher\":{\"@id\":\"https:\/\/infoecos.com.ar\/#organization\"},\"image\":{\"@id\":\"https:\/\/infoecos.com.ar\/index.php\/la-boleta-de-trenque-lauquen-completa-lo-mas-escuchado-en-el-cierre-de-juntos-por-el-cambio\/#primaryimage\"},\"thumbnailUrl\":\"https:\/\/infoecos.com.ar\/wp-content\/uploads\/2023\/10\/acto-cierre-generales-JXC-6.jpeg\",\"keywords\":[\"elecciones 2023\"],\"articleSection\":[\"Bloque inferior - 1\"],\"inLanguage\":\"es\"},{\"@type\":\"WebPage\",\"@id\":\"https:\/\/infoecos.com.ar\/index.php\/la-boleta-de-trenque-lauquen-completa-lo-mas-escuchado-en-el-cierre-de-juntos-por-el-cambio\/\",\"url\":\"https:\/\/infoecos.com.ar\/index.php\/la-boleta-de-trenque-lauquen-completa-lo-mas-escuchado-en-el-cierre-de-juntos-por-el-cambio\/\",\"name\":\"\\\"La boleta de Trenque Lauquen completa\\\", lo m\u00e1s escuchado en el cierre de Juntos por el Cambio - Infoecos\",\"isPartOf\":{\"@id\":\"https:\/\/infoecos.com.ar\/#website\"},\"primaryImageOfPage\":{\"@id\":\"https:\/\/infoecos.com.ar\/index.php\/la-boleta-de-trenque-lauquen-completa-lo-mas-escuchado-en-el-cierre-de-juntos-por-el-cambio\/#primaryimage\"},\"image\":{\"@id\":\"https:\/\/infoecos.com.ar\/index.php\/la-boleta-de-trenque-lauquen-completa-lo-mas-escuchado-en-el-cierre-de-juntos-por-el-cambio\/#primaryimage\"},\"thumbnailUrl\":\"https:\/\/infoecos.com.ar\/wp-content\/uploads\/2023\/10\/acto-cierre-generales-JXC-6.jpeg\",\"datePublished\":\"2023-10-20T02:39:34+00:00\",\"dateModified\":\"2023-10-22T07:43:36+00:00\",\"breadcrumb\":{\"@id\":\"https:\/\/infoecos.com.ar\/index.php\/la-boleta-de-trenque-lauquen-completa-lo-mas-escuchado-en-el-cierre-de-juntos-por-el-cambio\/#breadcrumb\"},\"inLanguage\":\"es\",\"potentialAction\":[{\"@type\":\"ReadAction\",\"target\":[\"https:\/\/infoecos.com.ar\/index.php\/la-boleta-de-trenque-lauquen-completa-lo-mas-escuchado-en-el-cierre-de-juntos-por-el-cambio\/\"]}]},{\"@type\":\"ImageObject\",\"inLanguage\":\"es\",\"@id\":\"https:\/\/infoecos.com.ar\/index.php\/la-boleta-de-trenque-lauquen-completa-lo-mas-escuchado-en-el-cierre-de-juntos-por-el-cambio\/#primaryimage\",\"url\":\"https:\/\/infoecos.com.ar\/wp-content\/uploads\/2023\/10\/acto-cierre-generales-JXC-6.jpeg\",\"contentUrl\":\"https:\/\/infoecos.com.ar\/wp-content\/uploads\/2023\/10\/acto-cierre-generales-JXC-6.jpeg\",\"width\":990,\"height\":635},{\"@type\":\"BreadcrumbList\",\"@id\":\"https:\/\/infoecos.com.ar\/index.php\/la-boleta-de-trenque-lauquen-completa-lo-mas-escuchado-en-el-cierre-de-juntos-por-el-cambio\/#breadcrumb\",\"itemListElement\":[{\"@type\":\"ListItem\",\"position\":1,\"name\":\"Portada\",\"item\":\"https:\/\/infoecos.com.ar\/\"},{\"@type\":\"ListItem\",\"position\":2,\"name\":\"\u00abLa boleta de Trenque Lauquen completa\u00bb, lo m\u00e1s escuchado en el cierre de Juntos por el Cambio\"}]},{\"@type\":\"WebSite\",\"@id\":\"https:\/\/infoecos.com.ar\/#website\",\"url\":\"https:\/\/infoecos.com.ar\/\",\"name\":\"Infoecos\",\"description\":\"Noticias de trenque lauquen y la zona\",\"publisher\":{\"@id\":\"https:\/\/infoecos.com.ar\/#organization\"},\"alternateName\":\"Noticias\",\"potentialAction\":[{\"@type\":\"SearchAction\",\"target\":{\"@type\":\"EntryPoint\",\"urlTemplate\":\"https:\/\/infoecos.com.ar\/?s={search_term_string}\"},\"query-input\":{\"@type\":\"PropertyValueSpecification\",\"valueRequired\":true,\"valueName\":\"search_term_string\"}}],\"inLanguage\":\"es\"},{\"@type\":\"Organization\",\"@id\":\"https:\/\/infoecos.com.ar\/#organization\",\"name\":\"Infoecos\",\"alternateName\":\"Noticias\",\"url\":\"https:\/\/infoecos.com.ar\/\",\"logo\":{\"@type\":\"ImageObject\",\"inLanguage\":\"es\",\"@id\":\"https:\/\/infoecos.com.ar\/#\/schema\/logo\/image\/\",\"url\":\"https:\/\/infoecos.com.ar\/wp-content\/uploads\/2024\/03\/cropped-logo.png\",\"contentUrl\":\"https:\/\/infoecos.com.ar\/wp-content\/uploads\/2024\/03\/cropped-logo.png\",\"width\":374,\"height\":90,\"caption\":\"Infoecos\"},\"image\":{\"@id\":\"https:\/\/infoecos.com.ar\/#\/schema\/logo\/image\/\"},\"sameAs\":[\"https:\/\/www.facebook.com\/profile.php?id=100063200290284\",\"https:\/\/x.com\/infoecos\"]},{\"@type\":\"Person\",\"@id\":\"https:\/\/infoecos.com.ar\/#\/schema\/person\/8f5ace5ce73b4b4aac4b7245aee6f191\",\"name\":\"Jorge Matheus\",\"url\":\"https:\/\/infoecos.com.ar\/index.php\/author\/jomatheus\/\"}]}<\/script>\n<!-- \/ Yoast SEO plugin. -->","yoast_head_json":{"title":"\"La boleta de Trenque Lauquen completa\", lo m\u00e1s escuchado en el cierre de Juntos por el Cambio - Infoecos","robots":{"index":"index","follow":"follow","max-snippet":"max-snippet:-1","max-image-preview":"max-image-preview:large","max-video-preview":"max-video-preview:-1"},"canonical":"https:\/\/infoecos.com.ar\/index.php\/la-boleta-de-trenque-lauquen-completa-lo-mas-escuchado-en-el-cierre-de-juntos-por-el-cambio\/","og_locale":"es_ES","og_type":"article","og_title":"\"La boleta de Trenque Lauquen completa\", lo m\u00e1s escuchado en el cierre de Juntos por el Cambio - Infoecos","og_description":"El acto se llev\u00f3 a cabo en el Comit\u00e9 de la UCR en Trenque Lauquen, con una importante concurrencia que colm\u00f3 el sal\u00f3n. El tiempo jug\u00f3 una mala pasada al oficialismo local, ya que el fr\u00edo y lluvia no permiti\u00f3 realizar el cierre al aire libre que oblig\u00f3 a que muchos debieran seguirlo desde la calle","og_url":"https:\/\/infoecos.com.ar\/index.php\/la-boleta-de-trenque-lauquen-completa-lo-mas-escuchado-en-el-cierre-de-juntos-por-el-cambio\/","og_site_name":"Infoecos","article_publisher":"https:\/\/www.facebook.com\/profile.php?id=100063200290284","article_published_time":"2023-10-20T02:39:34+00:00","article_modified_time":"2023-10-22T07:43:36+00:00","og_image":[{"width":990,"height":635,"url":"https:\/\/infoecos.com.ar\/wp-content\/uploads\/2023\/10\/acto-cierre-generales-JXC-6.jpeg","type":"image\/jpeg"}],"author":"Jorge Matheus","twitter_card":"summary_large_image","twitter_creator":"@infoecos","twitter_site":"@infoecos","twitter_misc":{"Escrito por":"Jorge Matheus","Tiempo de lectura":"2 minutos"},"schema":{"@context":"https:\/\/schema.org","@graph":[{"@type":"Article","@id":"https:\/\/infoecos.com.ar\/index.php\/la-boleta-de-trenque-lauquen-completa-lo-mas-escuchado-en-el-cierre-de-juntos-por-el-cambio\/#article","isPartOf":{"@id":"https:\/\/infoecos.com.ar\/index.php\/la-boleta-de-trenque-lauquen-completa-lo-mas-escuchado-en-el-cierre-de-juntos-por-el-cambio\/"},"author":{"name":"Jorge Matheus","@id":"https:\/\/infoecos.com.ar\/#\/schema\/person\/8f5ace5ce73b4b4aac4b7245aee6f191"},"headline":"\u00abLa boleta de Trenque Lauquen completa\u00bb, lo m\u00e1s escuchado en el cierre de Juntos por el Cambio","datePublished":"2023-10-20T02:39:34+00:00","dateModified":"2023-10-22T07:43:36+00:00","mainEntityOfPage":{"@id":"https:\/\/infoecos.com.ar\/index.php\/la-boleta-de-trenque-lauquen-completa-lo-mas-escuchado-en-el-cierre-de-juntos-por-el-cambio\/"},"wordCount":210,"publisher":{"@id":"https:\/\/infoecos.com.ar\/#organization"},"image":{"@id":"https:\/\/infoecos.com.ar\/index.php\/la-boleta-de-trenque-lauquen-completa-lo-mas-escuchado-en-el-cierre-de-juntos-por-el-cambio\/#primaryimage"},"thumbnailUrl":"https:\/\/infoecos.com.ar\/wp-content\/uploads\/2023\/10\/acto-cierre-generales-JXC-6.jpeg","keywords":["elecciones 2023"],"articleSection":["Bloque inferior - 1"],"inLanguage":"es"},{"@type":"WebPage","@id":"https:\/\/infoecos.com.ar\/index.php\/la-boleta-de-trenque-lauquen-completa-lo-mas-escuchado-en-el-cierre-de-juntos-por-el-cambio\/","url":"https:\/\/infoecos.com.ar\/index.php\/la-boleta-de-trenque-lauquen-completa-lo-mas-escuchado-en-el-cierre-de-juntos-por-el-cambio\/","name":"\"La boleta de Trenque Lauquen completa\", lo m\u00e1s escuchado en el cierre de Juntos por el Cambio - Infoecos","isPartOf":{"@id":"https:\/\/infoecos.com.ar\/#website"},"primaryImageOfPage":{"@id":"https:\/\/infoecos.com.ar\/index.php\/la-boleta-de-trenque-lauquen-completa-lo-mas-escuchado-en-el-cierre-de-juntos-por-el-cambio\/#primaryimage"},"image":{"@id":"https:\/\/infoecos.com.ar\/index.php\/la-boleta-de-trenque-lauquen-completa-lo-mas-escuchado-en-el-cierre-de-juntos-por-el-cambio\/#primaryimage"},"thumbnailUrl":"https:\/\/infoecos.com.ar\/wp-content\/uploads\/2023\/10\/acto-cierre-generales-JXC-6.jpeg","datePublished":"2023-10-20T02:39:34+00:00","dateModified":"2023-10-22T07:43:36+00:00","breadcrumb":{"@id":"https:\/\/infoecos.com.ar\/index.php\/la-boleta-de-trenque-lauquen-completa-lo-mas-escuchado-en-el-cierre-de-juntos-por-el-cambio\/#breadcrumb"},"inLanguage":"es","potentialAction":[{"@type":"ReadAction","target":["https:\/\/infoecos.com.ar\/index.php\/la-boleta-de-trenque-lauquen-completa-lo-mas-escuchado-en-el-cierre-de-juntos-por-el-cambio\/"]}]},{"@type":"ImageObject","inLanguage":"es","@id":"https:\/\/infoecos.com.ar\/index.php\/la-boleta-de-trenque-lauquen-completa-lo-mas-escuchado-en-el-cierre-de-juntos-por-el-cambio\/#primaryimage","url":"https:\/\/infoecos.com.ar\/wp-content\/uploads\/2023\/10\/acto-cierre-generales-JXC-6.jpeg","contentUrl":"https:\/\/infoecos.com.ar\/wp-content\/uploads\/2023\/10\/acto-cierre-generales-JXC-6.jpeg","width":990,"height":635},{"@type":"BreadcrumbList","@id":"https:\/\/infoecos.com.ar\/index.php\/la-boleta-de-trenque-lauquen-completa-lo-mas-escuchado-en-el-cierre-de-juntos-por-el-cambio\/#breadcrumb","itemListElement":[{"@type":"ListItem","position":1,"name":"Portada","item":"https:\/\/infoecos.com.ar\/"},{"@type":"ListItem","position":2,"name":"\u00abLa boleta de Trenque Lauquen completa\u00bb, lo m\u00e1s escuchado en el cierre de Juntos por el Cambio"}]},{"@type":"WebSite","@id":"https:\/\/infoecos.com.ar\/#website","url":"https:\/\/infoecos.com.ar\/","name":"Infoecos","description":"Noticias de trenque lauquen y la zona","publisher":{"@id":"https:\/\/infoecos.com.ar\/#organization"},"alternateName":"Noticias","potentialAction":[{"@type":"SearchAction","target":{"@type":"EntryPoint","urlTemplate":"https:\/\/infoecos.com.ar\/?s={search_term_string}"},"query-input":{"@type":"PropertyValueSpecification","valueRequired":true,"valueName":"search_term_string"}}],"inLanguage":"es"},{"@type":"Organization","@id":"https:\/\/infoecos.com.ar\/#organization","name":"Infoecos","alternateName":"Noticias","url":"https:\/\/infoecos.com.ar\/","logo":{"@type":"ImageObject","inLanguage":"es","@id":"https:\/\/infoecos.com.ar\/#\/schema\/logo\/image\/","url":"https:\/\/infoecos.com.ar\/wp-content\/uploads\/2024\/03\/cropped-logo.png","contentUrl":"https:\/\/infoecos.com.ar\/wp-content\/uploads\/2024\/03\/cropped-logo.png","width":374,"height":90,"caption":"Infoecos"},"image":{"@id":"https:\/\/infoecos.com.ar\/#\/schema\/logo\/image\/"},"sameAs":["https:\/\/www.facebook.com\/profile.php?id=100063200290284","https:\/\/x.com\/infoecos"]},{"@type":"Person","@id":"https:\/\/infoecos.com.ar\/#\/schema\/person\/8f5ace5ce73b4b4aac4b7245aee6f191","name":"Jorge Matheus","url":"https:\/\/infoecos.com.ar\/index.php\/author\/jomatheus\/"}]}},"featured_image_urls":{"full":["https:\/\/infoecos.com.ar\/wp-content\/uploads\/2023\/10\/acto-cierre-generales-JXC-6.jpeg",990,635,false],"thumbnail":["https:\/\/infoecos.com.ar\/wp-content\/uploads\/2023\/10\/acto-cierre-generales-JXC-6-300x150.jpeg",300,150,true],"medium":["https:\/\/infoecos.com.ar\/wp-content\/uploads\/2023\/10\/acto-cierre-generales-JXC-6-800x513.jpeg",800,513,true],"medium_large":["https:\/\/infoecos.com.ar\/wp-content\/uploads\/2023\/10\/acto-cierre-generales-JXC-6-768x493.jpeg",640,411,true],"large":["https:\/\/infoecos.com.ar\/wp-content\/uploads\/2023\/10\/acto-cierre-generales-JXC-6.jpeg",640,411,false],"1536x1536":["https:\/\/infoecos.com.ar\/wp-content\/uploads\/2023\/10\/acto-cierre-generales-JXC-6.jpeg",990,635,false],"2048x2048":["https:\/\/infoecos.com.ar\/wp-content\/uploads\/2023\/10\/acto-cierre-generales-JXC-6.jpeg",990,635,false],"covernews-slider-full":["https:\/\/infoecos.com.ar\/wp-content\/uploads\/2023\/10\/acto-cierre-generales-JXC-6.jpeg",990,635,false],"covernews-slider-center":["https:\/\/infoecos.com.ar\/wp-content\/uploads\/2023\/10\/acto-cierre-generales-JXC-6-936x635.jpeg",737,500,true],"covernews-featured":["https:\/\/infoecos.com.ar\/wp-content\/uploads\/2023\/10\/acto-cierre-generales-JXC-6.jpeg",990,635,false],"covernews-medium":["https:\/\/infoecos.com.ar\/wp-content\/uploads\/2023\/10\/acto-cierre-generales-JXC-6-720x380.jpeg",540,285,true],"covernews-medium-square":["https:\/\/infoecos.com.ar\/wp-content\/uploads\/2023\/10\/acto-cierre-generales-JXC-6-675x450.jpeg",375,250,true]},"author_info":{"info":["Jorge Matheus"]},"category_info":"<a href=\"https:\/\/infoecos.com.ar\/index.php\/category\/inferior1\/\" rel=\"category tag\">Bloque inferior - 1<\/a>","tag_info":"Bloque inferior - 1","comment_count":"0","_links":{"self":[{"href":"https:\/\/infoecos.com.ar\/index.php\/wp-json\/wp\/v2\/posts\/114325"}],"collection":[{"href":"https:\/\/infoecos.com.ar\/index.php\/wp-json\/wp\/v2\/posts"}],"about":[{"href":"https:\/\/infoecos.com.ar\/index.php\/wp-json\/wp\/v2\/types\/post"}],"author":[{"embeddable":true,"href":"https:\/\/infoecos.com.ar\/index.php\/wp-json\/wp\/v2\/users\/2"}],"replies":[{"embeddable":true,"href":"https:\/\/infoecos.com.ar\/index.php\/wp-json\/wp\/v2\/comments?post=114325"}],"version-history":[{"count":1,"href":"https:\/\/infoecos.com.ar\/index.php\/wp-json\/wp\/v2\/posts\/114325\/revisions"}],"predecessor-version":[{"id":114327,"href":"https:\/\/infoecos.com.ar\/index.php\/wp-json\/wp\/v2\/posts\/114325\/revisions\/114327"}],"wp:featuredmedia":[{"embeddable":true,"href":"https:\/\/infoecos.com.ar\/index.php\/wp-json\/wp\/v2\/media\/114326"}],"wp:attachment":[{"href":"https:\/\/infoecos.com.ar\/index.php\/wp-json\/wp\/v2\/media?parent=114325"}],"wp:term":[{"taxonomy":"category","embeddable":true,"href":"https:\/\/infoecos.com.ar\/index.php\/wp-json\/wp\/v2\/categories?post=114325"},{"taxonomy":"post_tag","embeddable":true,"href":"https:\/\/infoecos.com.ar\/index.php\/wp-json\/wp\/v2\/tags?post=114325"}],"curies":[{"name":"wp","href":"https:\/\/api.w.org\/{rel}","templated":true}]}}