{"id":114332,"date":"2023-10-20T00:08:56","date_gmt":"2023-10-20T03:08:56","guid":{"rendered":"https:\/\/infoecos.com.ar\/?p=114332"},"modified":"2023-10-22T04:44:20","modified_gmt":"2023-10-22T07:44:20","slug":"recoulat-vigorosa-alocucion-con-especial-acento-en-gestion-y-bienestar-para-trenque-lauquen","status":"publish","type":"post","link":"https:\/\/infoecos.com.ar\/index.php\/recoulat-vigorosa-alocucion-con-especial-acento-en-gestion-y-bienestar-para-trenque-lauquen\/","title":{"rendered":"Recoulat: especial acento en gesti\u00f3n y bienestar para Trenque Lauquen"},"content":{"rendered":"\n<p>\u201cLa lluvia es augurio de buenos inicios\u201d, dijo Francisco Recoulat, al tiempo que agradeci\u00f3 la presencia de la nutrida concurrencia a la sede del radicalismo el mi\u00e9rcoles por la noche. <\/p>\n\n\n\n<figure class=\"wp-block-image alignright size-full is-resized\"><img loading=\"lazy\" decoding=\"async\" src=\"https:\/\/infoecos.com.ar\/wp-content\/uploads\/2023\/10\/acto-cierre-generales-JXC-5.jpeg\" alt=\"\" class=\"wp-image-114333\" width=\"492\" height=\"333\" srcset=\"https:\/\/infoecos.com.ar\/wp-content\/uploads\/2023\/10\/acto-cierre-generales-JXC-5.jpeg 990w, https:\/\/infoecos.com.ar\/wp-content\/uploads\/2023\/10\/acto-cierre-generales-JXC-5-800x543.jpeg 800w, https:\/\/infoecos.com.ar\/wp-content\/uploads\/2023\/10\/acto-cierre-generales-JXC-5-768x521.jpeg 768w\" sizes=\"(max-width: 492px) 100vw, 492px\" \/><\/figure>\n\n\n\n<p>En su alocuci\u00f3n transit\u00f3 por el camino de las propuestas para la pr\u00f3xima gesti\u00f3n municipal en el distrito de Trenque Lauquen y puntualiz\u00f3 que la campa\u00f1a local \u201cfue injusta para la comunidad porque no hubo debate de ideas\u201d. Agreg\u00f3 que \u201cno es constructivo esconderse detr\u00e1s de una boleta o pasarse todo el tiempo lanzando cr\u00edticas y m\u00e1s cr\u00edticas, sin proponer\u201d.<\/p>\n\n\n\n<p>\u201cLa pol\u00edtica bien aplicada, sirve. Ese es el ejemplo de Trenque Lauquen. Nuestro compromiso va a ser trabajar constructivamente por los nuevos sue\u00f1os de nuestra comunidad, en un contexto nacional muy dif\u00edcil pero con un equipo de gobierno para el distrito con experiencia y renovaci\u00f3n\u201d, expres\u00f3 Recoulat. <\/p>\n\n\n\n<p>Concluy\u00f3 su vigorosa alocuci\u00f3n y demostrativa de estar plenamente consubstanciado con las necesidades del distrito que \u201cnos queremos hacer cargo, vamos a trabajar y vamos a levantar las banderas hist\u00f3ricas de Trenque Lauquen para seguir construyendo el sue\u00f1o colectivo\u201d.<\/p>\n","protected":false},"excerpt":{"rendered":"<p>\u201cLa pol\u00edtica bien aplicada, sirve. Ese es el ejemplo de Trenque Lauquen. Nuestro compromiso va a ser trabajar constructivamente por los nuevos sue\u00f1os de nuestra comunidad, en un contexto nacional muy dif\u00edcil pero con un equipo de gobierno para el distrito con experiencia y renovaci\u00f3n\u201d, expres\u00f3 Recoulat<\/p>\n","protected":false},"author":2,"featured_media":114333,"comment_status":"closed","ping_status":"open","sticky":false,"template":"","format":"standard","meta":{"footnotes":""},"categories":[42],"tags":[6789],"class_list":["post-114332","post","type-post","status-publish","format-standard","has-post-thumbnail","hentry","category-inferior3","tag-elecciones-2023"],"yoast_head":"<!-- This site is optimized with the Yoast SEO plugin v23.4 - https:\/\/yoast.com\/wordpress\/plugins\/seo\/ -->\n<title>Recoulat: especial acento en gesti\u00f3n y bienestar para Trenque Lauquen - Infoecos<\/title>\n<meta name=\"robots\" content=\"index, follow, max-snippet:-1, max-image-preview:large, max-video-preview:-1\" \/>\n<link rel=\"canonical\" href=\"https:\/\/infoecos.com.ar\/index.php\/recoulat-vigorosa-alocucion-con-especial-acento-en-gestion-y-bienestar-para-trenque-lauquen\/\" \/>\n<meta property=\"og:locale\" content=\"es_ES\" \/>\n<meta property=\"og:type\" content=\"article\" \/>\n<meta property=\"og:title\" content=\"Recoulat: especial acento en gesti\u00f3n y bienestar para Trenque Lauquen - Infoecos\" \/>\n<meta property=\"og:description\" content=\"\u201cLa pol\u00edtica bien aplicada, sirve. Ese es el ejemplo de Trenque Lauquen. Nuestro compromiso va a ser trabajar constructivamente por los nuevos sue\u00f1os de nuestra comunidad, en un contexto nacional muy dif\u00edcil pero con un equipo de gobierno para el distrito con experiencia y renovaci\u00f3n\u201d, expres\u00f3 Recoulat\" \/>\n<meta property=\"og:url\" content=\"https:\/\/infoecos.com.ar\/index.php\/recoulat-vigorosa-alocucion-con-especial-acento-en-gestion-y-bienestar-para-trenque-lauquen\/\" \/>\n<meta property=\"og:site_name\" content=\"Infoecos\" \/>\n<meta property=\"article:publisher\" content=\"https:\/\/www.facebook.com\/profile.php?id=100063200290284\" \/>\n<meta property=\"article:published_time\" content=\"2023-10-20T03:08:56+00:00\" \/>\n<meta property=\"article:modified_time\" content=\"2023-10-22T07:44:20+00:00\" \/>\n<meta property=\"og:image\" content=\"https:\/\/infoecos.com.ar\/wp-content\/uploads\/2023\/10\/acto-cierre-generales-JXC-5.jpeg\" \/>\n\t<meta property=\"og:image:width\" content=\"990\" \/>\n\t<meta property=\"og:image:height\" content=\"672\" \/>\n\t<meta property=\"og:image:type\" content=\"image\/jpeg\" \/>\n<meta name=\"author\" content=\"Jorge Matheus\" \/>\n<meta name=\"twitter:card\" content=\"summary_large_image\" \/>\n<meta name=\"twitter:creator\" content=\"@infoecos\" \/>\n<meta name=\"twitter:site\" content=\"@infoecos\" \/>\n<meta name=\"twitter:label1\" content=\"Escrito por\" \/>\n\t<meta name=\"twitter:data1\" content=\"Jorge Matheus\" \/>\n\t<meta name=\"twitter:label2\" content=\"Tiempo de lectura\" \/>\n\t<meta name=\"twitter:data2\" content=\"2 minutos\" \/>\n<script type=\"application\/ld+json\" class=\"yoast-schema-graph\">{\"@context\":\"https:\/\/schema.org\",\"@graph\":[{\"@type\":\"Article\",\"@id\":\"https:\/\/infoecos.com.ar\/index.php\/recoulat-vigorosa-alocucion-con-especial-acento-en-gestion-y-bienestar-para-trenque-lauquen\/#article\",\"isPartOf\":{\"@id\":\"https:\/\/infoecos.com.ar\/index.php\/recoulat-vigorosa-alocucion-con-especial-acento-en-gestion-y-bienestar-para-trenque-lauquen\/\"},\"author\":{\"name\":\"Jorge Matheus\",\"@id\":\"https:\/\/infoecos.com.ar\/#\/schema\/person\/8f5ace5ce73b4b4aac4b7245aee6f191\"},\"headline\":\"Recoulat: especial acento en gesti\u00f3n y bienestar para Trenque Lauquen\",\"datePublished\":\"2023-10-20T03:08:56+00:00\",\"dateModified\":\"2023-10-22T07:44:20+00:00\",\"mainEntityOfPage\":{\"@id\":\"https:\/\/infoecos.com.ar\/index.php\/recoulat-vigorosa-alocucion-con-especial-acento-en-gestion-y-bienestar-para-trenque-lauquen\/\"},\"wordCount\":203,\"publisher\":{\"@id\":\"https:\/\/infoecos.com.ar\/#organization\"},\"image\":{\"@id\":\"https:\/\/infoecos.com.ar\/index.php\/recoulat-vigorosa-alocucion-con-especial-acento-en-gestion-y-bienestar-para-trenque-lauquen\/#primaryimage\"},\"thumbnailUrl\":\"https:\/\/infoecos.com.ar\/wp-content\/uploads\/2023\/10\/acto-cierre-generales-JXC-5.jpeg\",\"keywords\":[\"elecciones 2023\"],\"articleSection\":[\"Bloque inferior - 3\"],\"inLanguage\":\"es\"},{\"@type\":\"WebPage\",\"@id\":\"https:\/\/infoecos.com.ar\/index.php\/recoulat-vigorosa-alocucion-con-especial-acento-en-gestion-y-bienestar-para-trenque-lauquen\/\",\"url\":\"https:\/\/infoecos.com.ar\/index.php\/recoulat-vigorosa-alocucion-con-especial-acento-en-gestion-y-bienestar-para-trenque-lauquen\/\",\"name\":\"Recoulat: especial acento en gesti\u00f3n y bienestar para Trenque Lauquen - Infoecos\",\"isPartOf\":{\"@id\":\"https:\/\/infoecos.com.ar\/#website\"},\"primaryImageOfPage\":{\"@id\":\"https:\/\/infoecos.com.ar\/index.php\/recoulat-vigorosa-alocucion-con-especial-acento-en-gestion-y-bienestar-para-trenque-lauquen\/#primaryimage\"},\"image\":{\"@id\":\"https:\/\/infoecos.com.ar\/index.php\/recoulat-vigorosa-alocucion-con-especial-acento-en-gestion-y-bienestar-para-trenque-lauquen\/#primaryimage\"},\"thumbnailUrl\":\"https:\/\/infoecos.com.ar\/wp-content\/uploads\/2023\/10\/acto-cierre-generales-JXC-5.jpeg\",\"datePublished\":\"2023-10-20T03:08:56+00:00\",\"dateModified\":\"2023-10-22T07:44:20+00:00\",\"breadcrumb\":{\"@id\":\"https:\/\/infoecos.com.ar\/index.php\/recoulat-vigorosa-alocucion-con-especial-acento-en-gestion-y-bienestar-para-trenque-lauquen\/#breadcrumb\"},\"inLanguage\":\"es\",\"potentialAction\":[{\"@type\":\"ReadAction\",\"target\":[\"https:\/\/infoecos.com.ar\/index.php\/recoulat-vigorosa-alocucion-con-especial-acento-en-gestion-y-bienestar-para-trenque-lauquen\/\"]}]},{\"@type\":\"ImageObject\",\"inLanguage\":\"es\",\"@id\":\"https:\/\/infoecos.com.ar\/index.php\/recoulat-vigorosa-alocucion-con-especial-acento-en-gestion-y-bienestar-para-trenque-lauquen\/#primaryimage\",\"url\":\"https:\/\/infoecos.com.ar\/wp-content\/uploads\/2023\/10\/acto-cierre-generales-JXC-5.jpeg\",\"contentUrl\":\"https:\/\/infoecos.com.ar\/wp-content\/uploads\/2023\/10\/acto-cierre-generales-JXC-5.jpeg\",\"width\":990,\"height\":672},{\"@type\":\"BreadcrumbList\",\"@id\":\"https:\/\/infoecos.com.ar\/index.php\/recoulat-vigorosa-alocucion-con-especial-acento-en-gestion-y-bienestar-para-trenque-lauquen\/#breadcrumb\",\"itemListElement\":[{\"@type\":\"ListItem\",\"position\":1,\"name\":\"Portada\",\"item\":\"https:\/\/infoecos.com.ar\/\"},{\"@type\":\"ListItem\",\"position\":2,\"name\":\"Recoulat: especial acento en gesti\u00f3n y bienestar para Trenque Lauquen\"}]},{\"@type\":\"WebSite\",\"@id\":\"https:\/\/infoecos.com.ar\/#website\",\"url\":\"https:\/\/infoecos.com.ar\/\",\"name\":\"Infoecos\",\"description\":\"Noticias de trenque lauquen y la zona\",\"publisher\":{\"@id\":\"https:\/\/infoecos.com.ar\/#organization\"},\"alternateName\":\"Noticias\",\"potentialAction\":[{\"@type\":\"SearchAction\",\"target\":{\"@type\":\"EntryPoint\",\"urlTemplate\":\"https:\/\/infoecos.com.ar\/?s={search_term_string}\"},\"query-input\":{\"@type\":\"PropertyValueSpecification\",\"valueRequired\":true,\"valueName\":\"search_term_string\"}}],\"inLanguage\":\"es\"},{\"@type\":\"Organization\",\"@id\":\"https:\/\/infoecos.com.ar\/#organization\",\"name\":\"Infoecos\",\"alternateName\":\"Noticias\",\"url\":\"https:\/\/infoecos.com.ar\/\",\"logo\":{\"@type\":\"ImageObject\",\"inLanguage\":\"es\",\"@id\":\"https:\/\/infoecos.com.ar\/#\/schema\/logo\/image\/\",\"url\":\"https:\/\/infoecos.com.ar\/wp-content\/uploads\/2024\/03\/cropped-logo.png\",\"contentUrl\":\"https:\/\/infoecos.com.ar\/wp-content\/uploads\/2024\/03\/cropped-logo.png\",\"width\":374,\"height\":90,\"caption\":\"Infoecos\"},\"image\":{\"@id\":\"https:\/\/infoecos.com.ar\/#\/schema\/logo\/image\/\"},\"sameAs\":[\"https:\/\/www.facebook.com\/profile.php?id=100063200290284\",\"https:\/\/x.com\/infoecos\"]},{\"@type\":\"Person\",\"@id\":\"https:\/\/infoecos.com.ar\/#\/schema\/person\/8f5ace5ce73b4b4aac4b7245aee6f191\",\"name\":\"Jorge Matheus\",\"url\":\"https:\/\/infoecos.com.ar\/index.php\/author\/jomatheus\/\"}]}<\/script>\n<!-- \/ Yoast SEO plugin. -->","yoast_head_json":{"title":"Recoulat: especial acento en gesti\u00f3n y bienestar para Trenque Lauquen - Infoecos","robots":{"index":"index","follow":"follow","max-snippet":"max-snippet:-1","max-image-preview":"max-image-preview:large","max-video-preview":"max-video-preview:-1"},"canonical":"https:\/\/infoecos.com.ar\/index.php\/recoulat-vigorosa-alocucion-con-especial-acento-en-gestion-y-bienestar-para-trenque-lauquen\/","og_locale":"es_ES","og_type":"article","og_title":"Recoulat: especial acento en gesti\u00f3n y bienestar para Trenque Lauquen - Infoecos","og_description":"\u201cLa pol\u00edtica bien aplicada, sirve. Ese es el ejemplo de Trenque Lauquen. Nuestro compromiso va a ser trabajar constructivamente por los nuevos sue\u00f1os de nuestra comunidad, en un contexto nacional muy dif\u00edcil pero con un equipo de gobierno para el distrito con experiencia y renovaci\u00f3n\u201d, expres\u00f3 Recoulat","og_url":"https:\/\/infoecos.com.ar\/index.php\/recoulat-vigorosa-alocucion-con-especial-acento-en-gestion-y-bienestar-para-trenque-lauquen\/","og_site_name":"Infoecos","article_publisher":"https:\/\/www.facebook.com\/profile.php?id=100063200290284","article_published_time":"2023-10-20T03:08:56+00:00","article_modified_time":"2023-10-22T07:44:20+00:00","og_image":[{"width":990,"height":672,"url":"https:\/\/infoecos.com.ar\/wp-content\/uploads\/2023\/10\/acto-cierre-generales-JXC-5.jpeg","type":"image\/jpeg"}],"author":"Jorge Matheus","twitter_card":"summary_large_image","twitter_creator":"@infoecos","twitter_site":"@infoecos","twitter_misc":{"Escrito por":"Jorge Matheus","Tiempo de lectura":"2 minutos"},"schema":{"@context":"https:\/\/schema.org","@graph":[{"@type":"Article","@id":"https:\/\/infoecos.com.ar\/index.php\/recoulat-vigorosa-alocucion-con-especial-acento-en-gestion-y-bienestar-para-trenque-lauquen\/#article","isPartOf":{"@id":"https:\/\/infoecos.com.ar\/index.php\/recoulat-vigorosa-alocucion-con-especial-acento-en-gestion-y-bienestar-para-trenque-lauquen\/"},"author":{"name":"Jorge Matheus","@id":"https:\/\/infoecos.com.ar\/#\/schema\/person\/8f5ace5ce73b4b4aac4b7245aee6f191"},"headline":"Recoulat: especial acento en gesti\u00f3n y bienestar para Trenque Lauquen","datePublished":"2023-10-20T03:08:56+00:00","dateModified":"2023-10-22T07:44:20+00:00","mainEntityOfPage":{"@id":"https:\/\/infoecos.com.ar\/index.php\/recoulat-vigorosa-alocucion-con-especial-acento-en-gestion-y-bienestar-para-trenque-lauquen\/"},"wordCount":203,"publisher":{"@id":"https:\/\/infoecos.com.ar\/#organization"},"image":{"@id":"https:\/\/infoecos.com.ar\/index.php\/recoulat-vigorosa-alocucion-con-especial-acento-en-gestion-y-bienestar-para-trenque-lauquen\/#primaryimage"},"thumbnailUrl":"https:\/\/infoecos.com.ar\/wp-content\/uploads\/2023\/10\/acto-cierre-generales-JXC-5.jpeg","keywords":["elecciones 2023"],"articleSection":["Bloque inferior - 3"],"inLanguage":"es"},{"@type":"WebPage","@id":"https:\/\/infoecos.com.ar\/index.php\/recoulat-vigorosa-alocucion-con-especial-acento-en-gestion-y-bienestar-para-trenque-lauquen\/","url":"https:\/\/infoecos.com.ar\/index.php\/recoulat-vigorosa-alocucion-con-especial-acento-en-gestion-y-bienestar-para-trenque-lauquen\/","name":"Recoulat: especial acento en gesti\u00f3n y bienestar para Trenque Lauquen - Infoecos","isPartOf":{"@id":"https:\/\/infoecos.com.ar\/#website"},"primaryImageOfPage":{"@id":"https:\/\/infoecos.com.ar\/index.php\/recoulat-vigorosa-alocucion-con-especial-acento-en-gestion-y-bienestar-para-trenque-lauquen\/#primaryimage"},"image":{"@id":"https:\/\/infoecos.com.ar\/index.php\/recoulat-vigorosa-alocucion-con-especial-acento-en-gestion-y-bienestar-para-trenque-lauquen\/#primaryimage"},"thumbnailUrl":"https:\/\/infoecos.com.ar\/wp-content\/uploads\/2023\/10\/acto-cierre-generales-JXC-5.jpeg","datePublished":"2023-10-20T03:08:56+00:00","dateModified":"2023-10-22T07:44:20+00:00","breadcrumb":{"@id":"https:\/\/infoecos.com.ar\/index.php\/recoulat-vigorosa-alocucion-con-especial-acento-en-gestion-y-bienestar-para-trenque-lauquen\/#breadcrumb"},"inLanguage":"es","potentialAction":[{"@type":"ReadAction","target":["https:\/\/infoecos.com.ar\/index.php\/recoulat-vigorosa-alocucion-con-especial-acento-en-gestion-y-bienestar-para-trenque-lauquen\/"]}]},{"@type":"ImageObject","inLanguage":"es","@id":"https:\/\/infoecos.com.ar\/index.php\/recoulat-vigorosa-alocucion-con-especial-acento-en-gestion-y-bienestar-para-trenque-lauquen\/#primaryimage","url":"https:\/\/infoecos.com.ar\/wp-content\/uploads\/2023\/10\/acto-cierre-generales-JXC-5.jpeg","contentUrl":"https:\/\/infoecos.com.ar\/wp-content\/uploads\/2023\/10\/acto-cierre-generales-JXC-5.jpeg","width":990,"height":672},{"@type":"BreadcrumbList","@id":"https:\/\/infoecos.com.ar\/index.php\/recoulat-vigorosa-alocucion-con-especial-acento-en-gestion-y-bienestar-para-trenque-lauquen\/#breadcrumb","itemListElement":[{"@type":"ListItem","position":1,"name":"Portada","item":"https:\/\/infoecos.com.ar\/"},{"@type":"ListItem","position":2,"name":"Recoulat: especial acento en gesti\u00f3n y bienestar para Trenque Lauquen"}]},{"@type":"WebSite","@id":"https:\/\/infoecos.com.ar\/#website","url":"https:\/\/infoecos.com.ar\/","name":"Infoecos","description":"Noticias de trenque lauquen y la zona","publisher":{"@id":"https:\/\/infoecos.com.ar\/#organization"},"alternateName":"Noticias","potentialAction":[{"@type":"SearchAction","target":{"@type":"EntryPoint","urlTemplate":"https:\/\/infoecos.com.ar\/?s={search_term_string}"},"query-input":{"@type":"PropertyValueSpecification","valueRequired":true,"valueName":"search_term_string"}}],"inLanguage":"es"},{"@type":"Organization","@id":"https:\/\/infoecos.com.ar\/#organization","name":"Infoecos","alternateName":"Noticias","url":"https:\/\/infoecos.com.ar\/","logo":{"@type":"ImageObject","inLanguage":"es","@id":"https:\/\/infoecos.com.ar\/#\/schema\/logo\/image\/","url":"https:\/\/infoecos.com.ar\/wp-content\/uploads\/2024\/03\/cropped-logo.png","contentUrl":"https:\/\/infoecos.com.ar\/wp-content\/uploads\/2024\/03\/cropped-logo.png","width":374,"height":90,"caption":"Infoecos"},"image":{"@id":"https:\/\/infoecos.com.ar\/#\/schema\/logo\/image\/"},"sameAs":["https:\/\/www.facebook.com\/profile.php?id=100063200290284","https:\/\/x.com\/infoecos"]},{"@type":"Person","@id":"https:\/\/infoecos.com.ar\/#\/schema\/person\/8f5ace5ce73b4b4aac4b7245aee6f191","name":"Jorge Matheus","url":"https:\/\/infoecos.com.ar\/index.php\/author\/jomatheus\/"}]}},"featured_image_urls":{"full":["https:\/\/infoecos.com.ar\/wp-content\/uploads\/2023\/10\/acto-cierre-generales-JXC-5.jpeg",990,672,false],"thumbnail":["https:\/\/infoecos.com.ar\/wp-content\/uploads\/2023\/10\/acto-cierre-generales-JXC-5-300x150.jpeg",300,150,true],"medium":["https:\/\/infoecos.com.ar\/wp-content\/uploads\/2023\/10\/acto-cierre-generales-JXC-5-800x543.jpeg",800,543,true],"medium_large":["https:\/\/infoecos.com.ar\/wp-content\/uploads\/2023\/10\/acto-cierre-generales-JXC-5-768x521.jpeg",640,434,true],"large":["https:\/\/infoecos.com.ar\/wp-content\/uploads\/2023\/10\/acto-cierre-generales-JXC-5.jpeg",640,434,false],"1536x1536":["https:\/\/infoecos.com.ar\/wp-content\/uploads\/2023\/10\/acto-cierre-generales-JXC-5.jpeg",990,672,false],"2048x2048":["https:\/\/infoecos.com.ar\/wp-content\/uploads\/2023\/10\/acto-cierre-generales-JXC-5.jpeg",990,672,false],"covernews-slider-full":["https:\/\/infoecos.com.ar\/wp-content\/uploads\/2023\/10\/acto-cierre-generales-JXC-5.jpeg",990,672,false],"covernews-slider-center":["https:\/\/infoecos.com.ar\/wp-content\/uploads\/2023\/10\/acto-cierre-generales-JXC-5-936x672.jpeg",696,500,true],"covernews-featured":["https:\/\/infoecos.com.ar\/wp-content\/uploads\/2023\/10\/acto-cierre-generales-JXC-5.jpeg",990,672,false],"covernews-medium":["https:\/\/infoecos.com.ar\/wp-content\/uploads\/2023\/10\/acto-cierre-generales-JXC-5-720x380.jpeg",540,285,true],"covernews-medium-square":["https:\/\/infoecos.com.ar\/wp-content\/uploads\/2023\/10\/acto-cierre-generales-JXC-5-675x450.jpeg",375,250,true]},"author_info":{"info":["Jorge Matheus"]},"category_info":"<a href=\"https:\/\/infoecos.com.ar\/index.php\/category\/inferior3\/\" rel=\"category tag\">Bloque inferior - 3<\/a>","tag_info":"Bloque inferior - 3","comment_count":"0","_links":{"self":[{"href":"https:\/\/infoecos.com.ar\/index.php\/wp-json\/wp\/v2\/posts\/114332"}],"collection":[{"href":"https:\/\/infoecos.com.ar\/index.php\/wp-json\/wp\/v2\/posts"}],"about":[{"href":"https:\/\/infoecos.com.ar\/index.php\/wp-json\/wp\/v2\/types\/post"}],"author":[{"embeddable":true,"href":"https:\/\/infoecos.com.ar\/index.php\/wp-json\/wp\/v2\/users\/2"}],"replies":[{"embeddable":true,"href":"https:\/\/infoecos.com.ar\/index.php\/wp-json\/wp\/v2\/comments?post=114332"}],"version-history":[{"count":2,"href":"https:\/\/infoecos.com.ar\/index.php\/wp-json\/wp\/v2\/posts\/114332\/revisions"}],"predecessor-version":[{"id":114335,"href":"https:\/\/infoecos.com.ar\/index.php\/wp-json\/wp\/v2\/posts\/114332\/revisions\/114335"}],"wp:featuredmedia":[{"embeddable":true,"href":"https:\/\/infoecos.com.ar\/index.php\/wp-json\/wp\/v2\/media\/114333"}],"wp:attachment":[{"href":"https:\/\/infoecos.com.ar\/index.php\/wp-json\/wp\/v2\/media?parent=114332"}],"wp:term":[{"taxonomy":"category","embeddable":true,"href":"https:\/\/infoecos.com.ar\/index.php\/wp-json\/wp\/v2\/categories?post=114332"},{"taxonomy":"post_tag","embeddable":true,"href":"https:\/\/infoecos.com.ar\/index.php\/wp-json\/wp\/v2\/tags?post=114332"}],"curies":[{"name":"wp","href":"https:\/\/api.w.org\/{rel}","templated":true}]}}