{"id":114363,"date":"2023-10-20T03:47:24","date_gmt":"2023-10-20T06:47:24","guid":{"rendered":"https:\/\/infoecos.com.ar\/?p=114363"},"modified":"2023-10-20T03:47:25","modified_gmt":"2023-10-20T06:47:25","slug":"un-mundialmente-reconocido-bandoneonista-actuara-hoy-en-trenque-lauquen","status":"publish","type":"post","link":"https:\/\/infoecos.com.ar\/index.php\/un-mundialmente-reconocido-bandoneonista-actuara-hoy-en-trenque-lauquen\/","title":{"rendered":"Un mundialmente reconocido bandoneonista actuar\u00e1 hoy en Trenque Lauquen"},"content":{"rendered":"\n<p>Otra propuesta art\u00edstica cultural es la que presentar\u00e1 la agrupaci\u00f3n <em>Devera`s Tango<\/em> hoy a partir de las 21 en el Teatro Espa\u00f1ol: Orquesta Escuela Tango, con la direcci\u00f3n de Miguel Caragliano y el maestro bandoneonista Rodolfo Mederos, como invitado especial.<\/p>\n\n\n\n<figure class=\"wp-block-image aligncenter size-full is-resized\"><img loading=\"lazy\" decoding=\"async\" src=\"https:\/\/infoecos.com.ar\/wp-content\/uploads\/2023\/10\/image-129.png\" alt=\"\" class=\"wp-image-114364\" width=\"607\" height=\"341\" srcset=\"https:\/\/infoecos.com.ar\/wp-content\/uploads\/2023\/10\/image-129.png 1140w, https:\/\/infoecos.com.ar\/wp-content\/uploads\/2023\/10\/image-129-800x450.png 800w, https:\/\/infoecos.com.ar\/wp-content\/uploads\/2023\/10\/image-129-768x432.png 768w, https:\/\/infoecos.com.ar\/wp-content\/uploads\/2023\/10\/image-129-1024x576.png 1024w\" sizes=\"(max-width: 607px) 100vw, 607px\" \/><\/figure>\n\n\n\n<p>Las entradas anticipadas tienen un costo de 3.000 pesos y pueden adquirirse en la direcci\u00f3n de Cultura, de 7 a 13, en Biloba Joyas (Villegas n\u00ba 268) y al tel\u00e9fono (2392) 46-0635. En puerta, las entradas tendr\u00e1n un valor de 4.000 pesos.<\/p>\n\n\n\n<p>Desde la agrupaci\u00f3n local se\u00f1alaron que \u201cser\u00e1 una jornada patri\u00f3tica e hist\u00f3rica del tango en nuestra regi\u00f3n, por la posibilidad de tener a Rodolfo Mederos transmitiendo y ense\u00f1ando este lenguaje, que es realmente maravilloso y altamente nutritivo ya que \u00e9l es la esencia misma del g\u00e9nero\u201d.<\/p>\n\n\n\n<p><em>Devera&#8217;s<\/em> tango es un espacio formado por una comunidad de m\u00fasicos y artistas que buscan rescatar estos valores y conocimientos de primera mano. Participan como artistas invitados: Luna y Misterio Y Andrea y Gonzalo, en Danza, y Le\u00f3nidas Logotetti.<\/p>\n","protected":false},"excerpt":{"rendered":"<p>Es compositor, arreglador, director y docente. Toc\u00f3 junto a Astor Piazzolla e integr\u00f3 la orquesta de Osvaldo Pugliese. Vivi\u00f3 en Cuba y Francia<\/p>\n","protected":false},"author":2,"featured_media":114364,"comment_status":"closed","ping_status":"open","sticky":false,"template":"","format":"standard","meta":{"footnotes":""},"categories":[48],"tags":[9471],"class_list":["post-114363","post","type-post","status-publish","format-standard","has-post-thumbnail","hentry","category-c2nota3","tag-rodolfo-mederos"],"yoast_head":"<!-- This site is optimized with the Yoast SEO plugin v23.4 - https:\/\/yoast.com\/wordpress\/plugins\/seo\/ -->\n<title>Un mundialmente reconocido bandoneonista actuar\u00e1 hoy en Trenque Lauquen - Infoecos<\/title>\n<meta name=\"robots\" content=\"index, follow, max-snippet:-1, max-image-preview:large, max-video-preview:-1\" \/>\n<link rel=\"canonical\" href=\"https:\/\/infoecos.com.ar\/index.php\/un-mundialmente-reconocido-bandoneonista-actuara-hoy-en-trenque-lauquen\/\" \/>\n<meta property=\"og:locale\" content=\"es_ES\" \/>\n<meta property=\"og:type\" content=\"article\" \/>\n<meta property=\"og:title\" content=\"Un mundialmente reconocido bandoneonista actuar\u00e1 hoy en Trenque Lauquen - Infoecos\" \/>\n<meta property=\"og:description\" content=\"Es compositor, arreglador, director y docente. Toc\u00f3 junto a Astor Piazzolla e integr\u00f3 la orquesta de Osvaldo Pugliese. Vivi\u00f3 en Cuba y Francia\" \/>\n<meta property=\"og:url\" content=\"https:\/\/infoecos.com.ar\/index.php\/un-mundialmente-reconocido-bandoneonista-actuara-hoy-en-trenque-lauquen\/\" \/>\n<meta property=\"og:site_name\" content=\"Infoecos\" \/>\n<meta property=\"article:publisher\" content=\"https:\/\/www.facebook.com\/profile.php?id=100063200290284\" \/>\n<meta property=\"article:published_time\" content=\"2023-10-20T06:47:24+00:00\" \/>\n<meta property=\"article:modified_time\" content=\"2023-10-20T06:47:25+00:00\" \/>\n<meta property=\"og:image\" content=\"https:\/\/infoecos.com.ar\/wp-content\/uploads\/2023\/10\/image-129.png\" \/>\n\t<meta property=\"og:image:width\" content=\"1140\" \/>\n\t<meta property=\"og:image:height\" content=\"641\" \/>\n\t<meta property=\"og:image:type\" content=\"image\/png\" \/>\n<meta name=\"author\" content=\"Jorge Matheus\" \/>\n<meta name=\"twitter:card\" content=\"summary_large_image\" \/>\n<meta name=\"twitter:creator\" content=\"@infoecos\" \/>\n<meta name=\"twitter:site\" content=\"@infoecos\" \/>\n<meta name=\"twitter:label1\" content=\"Escrito por\" \/>\n\t<meta name=\"twitter:data1\" content=\"Jorge Matheus\" \/>\n\t<meta name=\"twitter:label2\" content=\"Tiempo de lectura\" \/>\n\t<meta name=\"twitter:data2\" content=\"1 minuto\" \/>\n<script type=\"application\/ld+json\" class=\"yoast-schema-graph\">{\"@context\":\"https:\/\/schema.org\",\"@graph\":[{\"@type\":\"Article\",\"@id\":\"https:\/\/infoecos.com.ar\/index.php\/un-mundialmente-reconocido-bandoneonista-actuara-hoy-en-trenque-lauquen\/#article\",\"isPartOf\":{\"@id\":\"https:\/\/infoecos.com.ar\/index.php\/un-mundialmente-reconocido-bandoneonista-actuara-hoy-en-trenque-lauquen\/\"},\"author\":{\"name\":\"Jorge Matheus\",\"@id\":\"https:\/\/infoecos.com.ar\/#\/schema\/person\/8f5ace5ce73b4b4aac4b7245aee6f191\"},\"headline\":\"Un mundialmente reconocido bandoneonista actuar\u00e1 hoy en Trenque Lauquen\",\"datePublished\":\"2023-10-20T06:47:24+00:00\",\"dateModified\":\"2023-10-20T06:47:25+00:00\",\"mainEntityOfPage\":{\"@id\":\"https:\/\/infoecos.com.ar\/index.php\/un-mundialmente-reconocido-bandoneonista-actuara-hoy-en-trenque-lauquen\/\"},\"wordCount\":186,\"publisher\":{\"@id\":\"https:\/\/infoecos.com.ar\/#organization\"},\"image\":{\"@id\":\"https:\/\/infoecos.com.ar\/index.php\/un-mundialmente-reconocido-bandoneonista-actuara-hoy-en-trenque-lauquen\/#primaryimage\"},\"thumbnailUrl\":\"https:\/\/infoecos.com.ar\/wp-content\/uploads\/2023\/10\/image-129.png\",\"keywords\":[\"RODOLFO MEDEROS\"],\"articleSection\":[\"C2 N3\"],\"inLanguage\":\"es\"},{\"@type\":\"WebPage\",\"@id\":\"https:\/\/infoecos.com.ar\/index.php\/un-mundialmente-reconocido-bandoneonista-actuara-hoy-en-trenque-lauquen\/\",\"url\":\"https:\/\/infoecos.com.ar\/index.php\/un-mundialmente-reconocido-bandoneonista-actuara-hoy-en-trenque-lauquen\/\",\"name\":\"Un mundialmente reconocido bandoneonista actuar\u00e1 hoy en Trenque Lauquen - Infoecos\",\"isPartOf\":{\"@id\":\"https:\/\/infoecos.com.ar\/#website\"},\"primaryImageOfPage\":{\"@id\":\"https:\/\/infoecos.com.ar\/index.php\/un-mundialmente-reconocido-bandoneonista-actuara-hoy-en-trenque-lauquen\/#primaryimage\"},\"image\":{\"@id\":\"https:\/\/infoecos.com.ar\/index.php\/un-mundialmente-reconocido-bandoneonista-actuara-hoy-en-trenque-lauquen\/#primaryimage\"},\"thumbnailUrl\":\"https:\/\/infoecos.com.ar\/wp-content\/uploads\/2023\/10\/image-129.png\",\"datePublished\":\"2023-10-20T06:47:24+00:00\",\"dateModified\":\"2023-10-20T06:47:25+00:00\",\"breadcrumb\":{\"@id\":\"https:\/\/infoecos.com.ar\/index.php\/un-mundialmente-reconocido-bandoneonista-actuara-hoy-en-trenque-lauquen\/#breadcrumb\"},\"inLanguage\":\"es\",\"potentialAction\":[{\"@type\":\"ReadAction\",\"target\":[\"https:\/\/infoecos.com.ar\/index.php\/un-mundialmente-reconocido-bandoneonista-actuara-hoy-en-trenque-lauquen\/\"]}]},{\"@type\":\"ImageObject\",\"inLanguage\":\"es\",\"@id\":\"https:\/\/infoecos.com.ar\/index.php\/un-mundialmente-reconocido-bandoneonista-actuara-hoy-en-trenque-lauquen\/#primaryimage\",\"url\":\"https:\/\/infoecos.com.ar\/wp-content\/uploads\/2023\/10\/image-129.png\",\"contentUrl\":\"https:\/\/infoecos.com.ar\/wp-content\/uploads\/2023\/10\/image-129.png\",\"width\":1140,\"height\":641},{\"@type\":\"BreadcrumbList\",\"@id\":\"https:\/\/infoecos.com.ar\/index.php\/un-mundialmente-reconocido-bandoneonista-actuara-hoy-en-trenque-lauquen\/#breadcrumb\",\"itemListElement\":[{\"@type\":\"ListItem\",\"position\":1,\"name\":\"Portada\",\"item\":\"https:\/\/infoecos.com.ar\/\"},{\"@type\":\"ListItem\",\"position\":2,\"name\":\"Un mundialmente reconocido bandoneonista actuar\u00e1 hoy en Trenque Lauquen\"}]},{\"@type\":\"WebSite\",\"@id\":\"https:\/\/infoecos.com.ar\/#website\",\"url\":\"https:\/\/infoecos.com.ar\/\",\"name\":\"Infoecos\",\"description\":\"Noticias de trenque lauquen y la zona\",\"publisher\":{\"@id\":\"https:\/\/infoecos.com.ar\/#organization\"},\"alternateName\":\"Noticias\",\"potentialAction\":[{\"@type\":\"SearchAction\",\"target\":{\"@type\":\"EntryPoint\",\"urlTemplate\":\"https:\/\/infoecos.com.ar\/?s={search_term_string}\"},\"query-input\":{\"@type\":\"PropertyValueSpecification\",\"valueRequired\":true,\"valueName\":\"search_term_string\"}}],\"inLanguage\":\"es\"},{\"@type\":\"Organization\",\"@id\":\"https:\/\/infoecos.com.ar\/#organization\",\"name\":\"Infoecos\",\"alternateName\":\"Noticias\",\"url\":\"https:\/\/infoecos.com.ar\/\",\"logo\":{\"@type\":\"ImageObject\",\"inLanguage\":\"es\",\"@id\":\"https:\/\/infoecos.com.ar\/#\/schema\/logo\/image\/\",\"url\":\"https:\/\/infoecos.com.ar\/wp-content\/uploads\/2024\/03\/cropped-logo.png\",\"contentUrl\":\"https:\/\/infoecos.com.ar\/wp-content\/uploads\/2024\/03\/cropped-logo.png\",\"width\":374,\"height\":90,\"caption\":\"Infoecos\"},\"image\":{\"@id\":\"https:\/\/infoecos.com.ar\/#\/schema\/logo\/image\/\"},\"sameAs\":[\"https:\/\/www.facebook.com\/profile.php?id=100063200290284\",\"https:\/\/x.com\/infoecos\"]},{\"@type\":\"Person\",\"@id\":\"https:\/\/infoecos.com.ar\/#\/schema\/person\/8f5ace5ce73b4b4aac4b7245aee6f191\",\"name\":\"Jorge Matheus\",\"url\":\"https:\/\/infoecos.com.ar\/index.php\/author\/jomatheus\/\"}]}<\/script>\n<!-- \/ Yoast SEO plugin. -->","yoast_head_json":{"title":"Un mundialmente reconocido bandoneonista actuar\u00e1 hoy en Trenque Lauquen - Infoecos","robots":{"index":"index","follow":"follow","max-snippet":"max-snippet:-1","max-image-preview":"max-image-preview:large","max-video-preview":"max-video-preview:-1"},"canonical":"https:\/\/infoecos.com.ar\/index.php\/un-mundialmente-reconocido-bandoneonista-actuara-hoy-en-trenque-lauquen\/","og_locale":"es_ES","og_type":"article","og_title":"Un mundialmente reconocido bandoneonista actuar\u00e1 hoy en Trenque Lauquen - Infoecos","og_description":"Es compositor, arreglador, director y docente. Toc\u00f3 junto a Astor Piazzolla e integr\u00f3 la orquesta de Osvaldo Pugliese. Vivi\u00f3 en Cuba y Francia","og_url":"https:\/\/infoecos.com.ar\/index.php\/un-mundialmente-reconocido-bandoneonista-actuara-hoy-en-trenque-lauquen\/","og_site_name":"Infoecos","article_publisher":"https:\/\/www.facebook.com\/profile.php?id=100063200290284","article_published_time":"2023-10-20T06:47:24+00:00","article_modified_time":"2023-10-20T06:47:25+00:00","og_image":[{"width":1140,"height":641,"url":"https:\/\/infoecos.com.ar\/wp-content\/uploads\/2023\/10\/image-129.png","type":"image\/png"}],"author":"Jorge Matheus","twitter_card":"summary_large_image","twitter_creator":"@infoecos","twitter_site":"@infoecos","twitter_misc":{"Escrito por":"Jorge Matheus","Tiempo de lectura":"1 minuto"},"schema":{"@context":"https:\/\/schema.org","@graph":[{"@type":"Article","@id":"https:\/\/infoecos.com.ar\/index.php\/un-mundialmente-reconocido-bandoneonista-actuara-hoy-en-trenque-lauquen\/#article","isPartOf":{"@id":"https:\/\/infoecos.com.ar\/index.php\/un-mundialmente-reconocido-bandoneonista-actuara-hoy-en-trenque-lauquen\/"},"author":{"name":"Jorge Matheus","@id":"https:\/\/infoecos.com.ar\/#\/schema\/person\/8f5ace5ce73b4b4aac4b7245aee6f191"},"headline":"Un mundialmente reconocido bandoneonista actuar\u00e1 hoy en Trenque Lauquen","datePublished":"2023-10-20T06:47:24+00:00","dateModified":"2023-10-20T06:47:25+00:00","mainEntityOfPage":{"@id":"https:\/\/infoecos.com.ar\/index.php\/un-mundialmente-reconocido-bandoneonista-actuara-hoy-en-trenque-lauquen\/"},"wordCount":186,"publisher":{"@id":"https:\/\/infoecos.com.ar\/#organization"},"image":{"@id":"https:\/\/infoecos.com.ar\/index.php\/un-mundialmente-reconocido-bandoneonista-actuara-hoy-en-trenque-lauquen\/#primaryimage"},"thumbnailUrl":"https:\/\/infoecos.com.ar\/wp-content\/uploads\/2023\/10\/image-129.png","keywords":["RODOLFO MEDEROS"],"articleSection":["C2 N3"],"inLanguage":"es"},{"@type":"WebPage","@id":"https:\/\/infoecos.com.ar\/index.php\/un-mundialmente-reconocido-bandoneonista-actuara-hoy-en-trenque-lauquen\/","url":"https:\/\/infoecos.com.ar\/index.php\/un-mundialmente-reconocido-bandoneonista-actuara-hoy-en-trenque-lauquen\/","name":"Un mundialmente reconocido bandoneonista actuar\u00e1 hoy en Trenque Lauquen - Infoecos","isPartOf":{"@id":"https:\/\/infoecos.com.ar\/#website"},"primaryImageOfPage":{"@id":"https:\/\/infoecos.com.ar\/index.php\/un-mundialmente-reconocido-bandoneonista-actuara-hoy-en-trenque-lauquen\/#primaryimage"},"image":{"@id":"https:\/\/infoecos.com.ar\/index.php\/un-mundialmente-reconocido-bandoneonista-actuara-hoy-en-trenque-lauquen\/#primaryimage"},"thumbnailUrl":"https:\/\/infoecos.com.ar\/wp-content\/uploads\/2023\/10\/image-129.png","datePublished":"2023-10-20T06:47:24+00:00","dateModified":"2023-10-20T06:47:25+00:00","breadcrumb":{"@id":"https:\/\/infoecos.com.ar\/index.php\/un-mundialmente-reconocido-bandoneonista-actuara-hoy-en-trenque-lauquen\/#breadcrumb"},"inLanguage":"es","potentialAction":[{"@type":"ReadAction","target":["https:\/\/infoecos.com.ar\/index.php\/un-mundialmente-reconocido-bandoneonista-actuara-hoy-en-trenque-lauquen\/"]}]},{"@type":"ImageObject","inLanguage":"es","@id":"https:\/\/infoecos.com.ar\/index.php\/un-mundialmente-reconocido-bandoneonista-actuara-hoy-en-trenque-lauquen\/#primaryimage","url":"https:\/\/infoecos.com.ar\/wp-content\/uploads\/2023\/10\/image-129.png","contentUrl":"https:\/\/infoecos.com.ar\/wp-content\/uploads\/2023\/10\/image-129.png","width":1140,"height":641},{"@type":"BreadcrumbList","@id":"https:\/\/infoecos.com.ar\/index.php\/un-mundialmente-reconocido-bandoneonista-actuara-hoy-en-trenque-lauquen\/#breadcrumb","itemListElement":[{"@type":"ListItem","position":1,"name":"Portada","item":"https:\/\/infoecos.com.ar\/"},{"@type":"ListItem","position":2,"name":"Un mundialmente reconocido bandoneonista actuar\u00e1 hoy en Trenque Lauquen"}]},{"@type":"WebSite","@id":"https:\/\/infoecos.com.ar\/#website","url":"https:\/\/infoecos.com.ar\/","name":"Infoecos","description":"Noticias de trenque lauquen y la zona","publisher":{"@id":"https:\/\/infoecos.com.ar\/#organization"},"alternateName":"Noticias","potentialAction":[{"@type":"SearchAction","target":{"@type":"EntryPoint","urlTemplate":"https:\/\/infoecos.com.ar\/?s={search_term_string}"},"query-input":{"@type":"PropertyValueSpecification","valueRequired":true,"valueName":"search_term_string"}}],"inLanguage":"es"},{"@type":"Organization","@id":"https:\/\/infoecos.com.ar\/#organization","name":"Infoecos","alternateName":"Noticias","url":"https:\/\/infoecos.com.ar\/","logo":{"@type":"ImageObject","inLanguage":"es","@id":"https:\/\/infoecos.com.ar\/#\/schema\/logo\/image\/","url":"https:\/\/infoecos.com.ar\/wp-content\/uploads\/2024\/03\/cropped-logo.png","contentUrl":"https:\/\/infoecos.com.ar\/wp-content\/uploads\/2024\/03\/cropped-logo.png","width":374,"height":90,"caption":"Infoecos"},"image":{"@id":"https:\/\/infoecos.com.ar\/#\/schema\/logo\/image\/"},"sameAs":["https:\/\/www.facebook.com\/profile.php?id=100063200290284","https:\/\/x.com\/infoecos"]},{"@type":"Person","@id":"https:\/\/infoecos.com.ar\/#\/schema\/person\/8f5ace5ce73b4b4aac4b7245aee6f191","name":"Jorge Matheus","url":"https:\/\/infoecos.com.ar\/index.php\/author\/jomatheus\/"}]}},"featured_image_urls":{"full":["https:\/\/infoecos.com.ar\/wp-content\/uploads\/2023\/10\/image-129.png",1140,641,false],"thumbnail":["https:\/\/infoecos.com.ar\/wp-content\/uploads\/2023\/10\/image-129-300x150.png",300,150,true],"medium":["https:\/\/infoecos.com.ar\/wp-content\/uploads\/2023\/10\/image-129-800x450.png",800,450,true],"medium_large":["https:\/\/infoecos.com.ar\/wp-content\/uploads\/2023\/10\/image-129-768x432.png",640,360,true],"large":["https:\/\/infoecos.com.ar\/wp-content\/uploads\/2023\/10\/image-129.png",640,360,false],"1536x1536":["https:\/\/infoecos.com.ar\/wp-content\/uploads\/2023\/10\/image-129.png",1140,641,false],"2048x2048":["https:\/\/infoecos.com.ar\/wp-content\/uploads\/2023\/10\/image-129.png",1140,641,false],"covernews-slider-full":["https:\/\/infoecos.com.ar\/wp-content\/uploads\/2023\/10\/image-129.png",1115,627,false],"covernews-slider-center":["https:\/\/infoecos.com.ar\/wp-content\/uploads\/2023\/10\/image-129-936x641.png",730,500,true],"covernews-featured":["https:\/\/infoecos.com.ar\/wp-content\/uploads\/2023\/10\/image-129-1024x576.png",1024,576,true],"covernews-medium":["https:\/\/infoecos.com.ar\/wp-content\/uploads\/2023\/10\/image-129-720x380.png",540,285,true],"covernews-medium-square":["https:\/\/infoecos.com.ar\/wp-content\/uploads\/2023\/10\/image-129-675x450.png",375,250,true]},"author_info":{"info":["Jorge Matheus"]},"category_info":"<a href=\"https:\/\/infoecos.com.ar\/index.php\/category\/c2nota3\/\" rel=\"category tag\">C2 N3<\/a>","tag_info":"C2 N3","comment_count":"0","_links":{"self":[{"href":"https:\/\/infoecos.com.ar\/index.php\/wp-json\/wp\/v2\/posts\/114363"}],"collection":[{"href":"https:\/\/infoecos.com.ar\/index.php\/wp-json\/wp\/v2\/posts"}],"about":[{"href":"https:\/\/infoecos.com.ar\/index.php\/wp-json\/wp\/v2\/types\/post"}],"author":[{"embeddable":true,"href":"https:\/\/infoecos.com.ar\/index.php\/wp-json\/wp\/v2\/users\/2"}],"replies":[{"embeddable":true,"href":"https:\/\/infoecos.com.ar\/index.php\/wp-json\/wp\/v2\/comments?post=114363"}],"version-history":[{"count":1,"href":"https:\/\/infoecos.com.ar\/index.php\/wp-json\/wp\/v2\/posts\/114363\/revisions"}],"predecessor-version":[{"id":114365,"href":"https:\/\/infoecos.com.ar\/index.php\/wp-json\/wp\/v2\/posts\/114363\/revisions\/114365"}],"wp:featuredmedia":[{"embeddable":true,"href":"https:\/\/infoecos.com.ar\/index.php\/wp-json\/wp\/v2\/media\/114364"}],"wp:attachment":[{"href":"https:\/\/infoecos.com.ar\/index.php\/wp-json\/wp\/v2\/media?parent=114363"}],"wp:term":[{"taxonomy":"category","embeddable":true,"href":"https:\/\/infoecos.com.ar\/index.php\/wp-json\/wp\/v2\/categories?post=114363"},{"taxonomy":"post_tag","embeddable":true,"href":"https:\/\/infoecos.com.ar\/index.php\/wp-json\/wp\/v2\/tags?post=114363"}],"curies":[{"name":"wp","href":"https:\/\/api.w.org\/{rel}","templated":true}]}}