{"id":114432,"date":"2023-10-22T04:41:48","date_gmt":"2023-10-22T07:41:48","guid":{"rendered":"https:\/\/infoecos.com.ar\/?p=114432"},"modified":"2023-10-25T04:36:00","modified_gmt":"2023-10-25T07:36:00","slug":"se-reanuda-manana-lunes-23-el-proyecto-cultura-deliberante-en-trenque-lauquen","status":"publish","type":"post","link":"https:\/\/infoecos.com.ar\/index.php\/se-reanuda-manana-lunes-23-el-proyecto-cultura-deliberante-en-trenque-lauquen\/","title":{"rendered":"Se reanud\u00f3 este lunes 23 el Proyecto Cultura Deliberante en Trenque Lauquen"},"content":{"rendered":"\n<p>Desde el lunes 23 est\u00e1 reanudada la actividad de exposiciones art\u00edsticas en el Concejo Deliberante de Trenque Lauquen, en el marco del Proyecto Cultura Deliberante que desde hace dos a\u00f1os visibiliza el trabajo de artistas del distrito.<\/p>\n\n\n\n<p>En esta oportunidad las pinturas pertenecen a Luj\u00e1n Biada, que es profesora de artes visuales y cuenta con una dilatada trayectoria en la docencia en diferentes escuelas p\u00fablicas. Tambi\u00e9n ha participado en varias muestras grupales, pero \u00e9sta ser\u00e1 la primera vez que lo har\u00e1 como \u00fanica protagonista y s\u00f3lo con obras de su autor\u00eda.<\/p>\n\n\n\n<figure class=\"wp-block-image alignright size-full is-resized\"><img loading=\"lazy\" decoding=\"async\" src=\"https:\/\/infoecos.com.ar\/wp-content\/uploads\/2023\/10\/image-136.png\" alt=\"\" class=\"wp-image-114433\" width=\"348\" height=\"348\" srcset=\"https:\/\/infoecos.com.ar\/wp-content\/uploads\/2023\/10\/image-136.png 1080w, https:\/\/infoecos.com.ar\/wp-content\/uploads\/2023\/10\/image-136-800x800.png 800w, https:\/\/infoecos.com.ar\/wp-content\/uploads\/2023\/10\/image-136-768x768.png 768w, https:\/\/infoecos.com.ar\/wp-content\/uploads\/2023\/10\/image-136-1024x1024.png 1024w\" sizes=\"(max-width: 348px) 100vw, 348px\" \/><\/figure>\n\n\n\n<p>Seg\u00fan explic\u00f3, esta propuesta pretende \u201cser un reflejo de lo cotidiano, de expresiones, instantes captados- Debido a m\u00ed trabajo con ni\u00f1os, constantemente veo situaciones que quiero detener en el tiempo y encontr\u00e9 en algunas t\u00e9cnicas pict\u00f3ricas la posibilidad de hacerlo\u201d. En ese sentido, agreg\u00f3 que los artistas nunca saben \u201csi existe una relaci\u00f3n hasta que juntamos todas las piezas, y al pensar \u00e9sta muestra me encontr\u00e9 justo con eso, obras realizadas en diferentes momentos que ten\u00edan una relaci\u00f3n entre s\u00ed y contaban una historia que me interes\u00f3 mostrar\u201d. Fue as\u00ed que en funci\u00f3n de esta \u201cconstrucci\u00f3n de sentido, todas las obras fueron modificadas y en algunos casos culminadas, luego de largo tiempo inconclusas, pensando justamente en esta exposici\u00f3n\u201d.<\/p>\n\n\n\n<p>Luj\u00e1n Biada estudi\u00f3 en el Centro Polivalente de Arte de Trenque Lauquen donde se form\u00f3 como docente \u201cy como persona\u201d, como ella misma aclar\u00f3, junto con un agradecimiento infinito a esa instituci\u00f3n educativa.<\/p>\n\n\n\n<p>Ha participado de innumerables talleres de pintura y dibujo, fundamentalmente en capacitaciones sobre el tema, y actualmente tambi\u00e9n asiste a un taller de cer\u00e1mica donde trabajan la forma tridimensional y las esculturas en barro.<\/p>\n\n\n\n<p>La muestra permanecer\u00e1 abierta desde el lunes 23 de octubre hasta el viernes 3 de noviembre con entrada libre y gratuita en el hall central del HCD (Avellaneda y Pinc\u00e9n) en los horarios de 7 a 13 y 16 a 22.<\/p>\n","protected":false},"excerpt":{"rendered":"<p>Luj\u00e1n Biada estudi\u00f3 en el Centro Polivalente de Arte de Trenque Lauquen donde se form\u00f3 como docente<\/p>\n","protected":false},"author":2,"featured_media":114433,"comment_status":"closed","ping_status":"open","sticky":false,"template":"","format":"standard","meta":{"footnotes":""},"categories":[1614],"tags":[9484],"class_list":["post-114432","post","type-post","status-publish","format-standard","has-post-thumbnail","hentry","category-c2nota7","tag-expone-lujan-biada"],"yoast_head":"<!-- This site is optimized with the Yoast SEO plugin v23.4 - https:\/\/yoast.com\/wordpress\/plugins\/seo\/ -->\n<title>Se reanud\u00f3 este lunes 23 el Proyecto Cultura Deliberante en Trenque Lauquen - Infoecos<\/title>\n<meta name=\"robots\" content=\"index, follow, max-snippet:-1, max-image-preview:large, max-video-preview:-1\" \/>\n<link rel=\"canonical\" href=\"https:\/\/infoecos.com.ar\/index.php\/se-reanuda-manana-lunes-23-el-proyecto-cultura-deliberante-en-trenque-lauquen\/\" \/>\n<meta property=\"og:locale\" content=\"es_ES\" \/>\n<meta property=\"og:type\" content=\"article\" \/>\n<meta property=\"og:title\" content=\"Se reanud\u00f3 este lunes 23 el Proyecto Cultura Deliberante en Trenque Lauquen - Infoecos\" \/>\n<meta property=\"og:description\" content=\"Luj\u00e1n Biada estudi\u00f3 en el Centro Polivalente de Arte de Trenque Lauquen donde se form\u00f3 como docente\" \/>\n<meta property=\"og:url\" content=\"https:\/\/infoecos.com.ar\/index.php\/se-reanuda-manana-lunes-23-el-proyecto-cultura-deliberante-en-trenque-lauquen\/\" \/>\n<meta property=\"og:site_name\" content=\"Infoecos\" \/>\n<meta property=\"article:publisher\" content=\"https:\/\/www.facebook.com\/profile.php?id=100063200290284\" \/>\n<meta property=\"article:published_time\" content=\"2023-10-22T07:41:48+00:00\" \/>\n<meta property=\"article:modified_time\" content=\"2023-10-25T07:36:00+00:00\" \/>\n<meta property=\"og:image\" content=\"https:\/\/infoecos.com.ar\/wp-content\/uploads\/2023\/10\/image-136.png\" \/>\n\t<meta property=\"og:image:width\" content=\"1080\" \/>\n\t<meta property=\"og:image:height\" content=\"1080\" \/>\n\t<meta property=\"og:image:type\" content=\"image\/png\" \/>\n<meta name=\"author\" content=\"Jorge Matheus\" \/>\n<meta name=\"twitter:card\" content=\"summary_large_image\" \/>\n<meta name=\"twitter:creator\" content=\"@infoecos\" \/>\n<meta name=\"twitter:site\" content=\"@infoecos\" \/>\n<meta name=\"twitter:label1\" content=\"Escrito por\" \/>\n\t<meta name=\"twitter:data1\" content=\"Jorge Matheus\" \/>\n\t<meta name=\"twitter:label2\" content=\"Tiempo de lectura\" \/>\n\t<meta name=\"twitter:data2\" content=\"2 minutos\" \/>\n<script type=\"application\/ld+json\" class=\"yoast-schema-graph\">{\"@context\":\"https:\/\/schema.org\",\"@graph\":[{\"@type\":\"Article\",\"@id\":\"https:\/\/infoecos.com.ar\/index.php\/se-reanuda-manana-lunes-23-el-proyecto-cultura-deliberante-en-trenque-lauquen\/#article\",\"isPartOf\":{\"@id\":\"https:\/\/infoecos.com.ar\/index.php\/se-reanuda-manana-lunes-23-el-proyecto-cultura-deliberante-en-trenque-lauquen\/\"},\"author\":{\"name\":\"Jorge Matheus\",\"@id\":\"https:\/\/infoecos.com.ar\/#\/schema\/person\/8f5ace5ce73b4b4aac4b7245aee6f191\"},\"headline\":\"Se reanud\u00f3 este lunes 23 el Proyecto Cultura Deliberante en Trenque Lauquen\",\"datePublished\":\"2023-10-22T07:41:48+00:00\",\"dateModified\":\"2023-10-25T07:36:00+00:00\",\"mainEntityOfPage\":{\"@id\":\"https:\/\/infoecos.com.ar\/index.php\/se-reanuda-manana-lunes-23-el-proyecto-cultura-deliberante-en-trenque-lauquen\/\"},\"wordCount\":343,\"publisher\":{\"@id\":\"https:\/\/infoecos.com.ar\/#organization\"},\"image\":{\"@id\":\"https:\/\/infoecos.com.ar\/index.php\/se-reanuda-manana-lunes-23-el-proyecto-cultura-deliberante-en-trenque-lauquen\/#primaryimage\"},\"thumbnailUrl\":\"https:\/\/infoecos.com.ar\/wp-content\/uploads\/2023\/10\/image-136.png\",\"keywords\":[\"expone Luj\u00e1n Biada\"],\"articleSection\":[\"C2 N7\"],\"inLanguage\":\"es\"},{\"@type\":\"WebPage\",\"@id\":\"https:\/\/infoecos.com.ar\/index.php\/se-reanuda-manana-lunes-23-el-proyecto-cultura-deliberante-en-trenque-lauquen\/\",\"url\":\"https:\/\/infoecos.com.ar\/index.php\/se-reanuda-manana-lunes-23-el-proyecto-cultura-deliberante-en-trenque-lauquen\/\",\"name\":\"Se reanud\u00f3 este lunes 23 el Proyecto Cultura Deliberante en Trenque Lauquen - Infoecos\",\"isPartOf\":{\"@id\":\"https:\/\/infoecos.com.ar\/#website\"},\"primaryImageOfPage\":{\"@id\":\"https:\/\/infoecos.com.ar\/index.php\/se-reanuda-manana-lunes-23-el-proyecto-cultura-deliberante-en-trenque-lauquen\/#primaryimage\"},\"image\":{\"@id\":\"https:\/\/infoecos.com.ar\/index.php\/se-reanuda-manana-lunes-23-el-proyecto-cultura-deliberante-en-trenque-lauquen\/#primaryimage\"},\"thumbnailUrl\":\"https:\/\/infoecos.com.ar\/wp-content\/uploads\/2023\/10\/image-136.png\",\"datePublished\":\"2023-10-22T07:41:48+00:00\",\"dateModified\":\"2023-10-25T07:36:00+00:00\",\"breadcrumb\":{\"@id\":\"https:\/\/infoecos.com.ar\/index.php\/se-reanuda-manana-lunes-23-el-proyecto-cultura-deliberante-en-trenque-lauquen\/#breadcrumb\"},\"inLanguage\":\"es\",\"potentialAction\":[{\"@type\":\"ReadAction\",\"target\":[\"https:\/\/infoecos.com.ar\/index.php\/se-reanuda-manana-lunes-23-el-proyecto-cultura-deliberante-en-trenque-lauquen\/\"]}]},{\"@type\":\"ImageObject\",\"inLanguage\":\"es\",\"@id\":\"https:\/\/infoecos.com.ar\/index.php\/se-reanuda-manana-lunes-23-el-proyecto-cultura-deliberante-en-trenque-lauquen\/#primaryimage\",\"url\":\"https:\/\/infoecos.com.ar\/wp-content\/uploads\/2023\/10\/image-136.png\",\"contentUrl\":\"https:\/\/infoecos.com.ar\/wp-content\/uploads\/2023\/10\/image-136.png\",\"width\":1080,\"height\":1080},{\"@type\":\"BreadcrumbList\",\"@id\":\"https:\/\/infoecos.com.ar\/index.php\/se-reanuda-manana-lunes-23-el-proyecto-cultura-deliberante-en-trenque-lauquen\/#breadcrumb\",\"itemListElement\":[{\"@type\":\"ListItem\",\"position\":1,\"name\":\"Portada\",\"item\":\"https:\/\/infoecos.com.ar\/\"},{\"@type\":\"ListItem\",\"position\":2,\"name\":\"Se reanud\u00f3 este lunes 23 el Proyecto Cultura Deliberante en Trenque Lauquen\"}]},{\"@type\":\"WebSite\",\"@id\":\"https:\/\/infoecos.com.ar\/#website\",\"url\":\"https:\/\/infoecos.com.ar\/\",\"name\":\"Infoecos\",\"description\":\"Noticias de trenque lauquen y la zona\",\"publisher\":{\"@id\":\"https:\/\/infoecos.com.ar\/#organization\"},\"alternateName\":\"Noticias\",\"potentialAction\":[{\"@type\":\"SearchAction\",\"target\":{\"@type\":\"EntryPoint\",\"urlTemplate\":\"https:\/\/infoecos.com.ar\/?s={search_term_string}\"},\"query-input\":{\"@type\":\"PropertyValueSpecification\",\"valueRequired\":true,\"valueName\":\"search_term_string\"}}],\"inLanguage\":\"es\"},{\"@type\":\"Organization\",\"@id\":\"https:\/\/infoecos.com.ar\/#organization\",\"name\":\"Infoecos\",\"alternateName\":\"Noticias\",\"url\":\"https:\/\/infoecos.com.ar\/\",\"logo\":{\"@type\":\"ImageObject\",\"inLanguage\":\"es\",\"@id\":\"https:\/\/infoecos.com.ar\/#\/schema\/logo\/image\/\",\"url\":\"https:\/\/infoecos.com.ar\/wp-content\/uploads\/2024\/03\/cropped-logo.png\",\"contentUrl\":\"https:\/\/infoecos.com.ar\/wp-content\/uploads\/2024\/03\/cropped-logo.png\",\"width\":374,\"height\":90,\"caption\":\"Infoecos\"},\"image\":{\"@id\":\"https:\/\/infoecos.com.ar\/#\/schema\/logo\/image\/\"},\"sameAs\":[\"https:\/\/www.facebook.com\/profile.php?id=100063200290284\",\"https:\/\/x.com\/infoecos\"]},{\"@type\":\"Person\",\"@id\":\"https:\/\/infoecos.com.ar\/#\/schema\/person\/8f5ace5ce73b4b4aac4b7245aee6f191\",\"name\":\"Jorge Matheus\",\"url\":\"https:\/\/infoecos.com.ar\/index.php\/author\/jomatheus\/\"}]}<\/script>\n<!-- \/ Yoast SEO plugin. -->","yoast_head_json":{"title":"Se reanud\u00f3 este lunes 23 el Proyecto Cultura Deliberante en Trenque Lauquen - Infoecos","robots":{"index":"index","follow":"follow","max-snippet":"max-snippet:-1","max-image-preview":"max-image-preview:large","max-video-preview":"max-video-preview:-1"},"canonical":"https:\/\/infoecos.com.ar\/index.php\/se-reanuda-manana-lunes-23-el-proyecto-cultura-deliberante-en-trenque-lauquen\/","og_locale":"es_ES","og_type":"article","og_title":"Se reanud\u00f3 este lunes 23 el Proyecto Cultura Deliberante en Trenque Lauquen - Infoecos","og_description":"Luj\u00e1n Biada estudi\u00f3 en el Centro Polivalente de Arte de Trenque Lauquen donde se form\u00f3 como docente","og_url":"https:\/\/infoecos.com.ar\/index.php\/se-reanuda-manana-lunes-23-el-proyecto-cultura-deliberante-en-trenque-lauquen\/","og_site_name":"Infoecos","article_publisher":"https:\/\/www.facebook.com\/profile.php?id=100063200290284","article_published_time":"2023-10-22T07:41:48+00:00","article_modified_time":"2023-10-25T07:36:00+00:00","og_image":[{"width":1080,"height":1080,"url":"https:\/\/infoecos.com.ar\/wp-content\/uploads\/2023\/10\/image-136.png","type":"image\/png"}],"author":"Jorge Matheus","twitter_card":"summary_large_image","twitter_creator":"@infoecos","twitter_site":"@infoecos","twitter_misc":{"Escrito por":"Jorge Matheus","Tiempo de lectura":"2 minutos"},"schema":{"@context":"https:\/\/schema.org","@graph":[{"@type":"Article","@id":"https:\/\/infoecos.com.ar\/index.php\/se-reanuda-manana-lunes-23-el-proyecto-cultura-deliberante-en-trenque-lauquen\/#article","isPartOf":{"@id":"https:\/\/infoecos.com.ar\/index.php\/se-reanuda-manana-lunes-23-el-proyecto-cultura-deliberante-en-trenque-lauquen\/"},"author":{"name":"Jorge Matheus","@id":"https:\/\/infoecos.com.ar\/#\/schema\/person\/8f5ace5ce73b4b4aac4b7245aee6f191"},"headline":"Se reanud\u00f3 este lunes 23 el Proyecto Cultura Deliberante en Trenque Lauquen","datePublished":"2023-10-22T07:41:48+00:00","dateModified":"2023-10-25T07:36:00+00:00","mainEntityOfPage":{"@id":"https:\/\/infoecos.com.ar\/index.php\/se-reanuda-manana-lunes-23-el-proyecto-cultura-deliberante-en-trenque-lauquen\/"},"wordCount":343,"publisher":{"@id":"https:\/\/infoecos.com.ar\/#organization"},"image":{"@id":"https:\/\/infoecos.com.ar\/index.php\/se-reanuda-manana-lunes-23-el-proyecto-cultura-deliberante-en-trenque-lauquen\/#primaryimage"},"thumbnailUrl":"https:\/\/infoecos.com.ar\/wp-content\/uploads\/2023\/10\/image-136.png","keywords":["expone Luj\u00e1n Biada"],"articleSection":["C2 N7"],"inLanguage":"es"},{"@type":"WebPage","@id":"https:\/\/infoecos.com.ar\/index.php\/se-reanuda-manana-lunes-23-el-proyecto-cultura-deliberante-en-trenque-lauquen\/","url":"https:\/\/infoecos.com.ar\/index.php\/se-reanuda-manana-lunes-23-el-proyecto-cultura-deliberante-en-trenque-lauquen\/","name":"Se reanud\u00f3 este lunes 23 el Proyecto Cultura Deliberante en Trenque Lauquen - Infoecos","isPartOf":{"@id":"https:\/\/infoecos.com.ar\/#website"},"primaryImageOfPage":{"@id":"https:\/\/infoecos.com.ar\/index.php\/se-reanuda-manana-lunes-23-el-proyecto-cultura-deliberante-en-trenque-lauquen\/#primaryimage"},"image":{"@id":"https:\/\/infoecos.com.ar\/index.php\/se-reanuda-manana-lunes-23-el-proyecto-cultura-deliberante-en-trenque-lauquen\/#primaryimage"},"thumbnailUrl":"https:\/\/infoecos.com.ar\/wp-content\/uploads\/2023\/10\/image-136.png","datePublished":"2023-10-22T07:41:48+00:00","dateModified":"2023-10-25T07:36:00+00:00","breadcrumb":{"@id":"https:\/\/infoecos.com.ar\/index.php\/se-reanuda-manana-lunes-23-el-proyecto-cultura-deliberante-en-trenque-lauquen\/#breadcrumb"},"inLanguage":"es","potentialAction":[{"@type":"ReadAction","target":["https:\/\/infoecos.com.ar\/index.php\/se-reanuda-manana-lunes-23-el-proyecto-cultura-deliberante-en-trenque-lauquen\/"]}]},{"@type":"ImageObject","inLanguage":"es","@id":"https:\/\/infoecos.com.ar\/index.php\/se-reanuda-manana-lunes-23-el-proyecto-cultura-deliberante-en-trenque-lauquen\/#primaryimage","url":"https:\/\/infoecos.com.ar\/wp-content\/uploads\/2023\/10\/image-136.png","contentUrl":"https:\/\/infoecos.com.ar\/wp-content\/uploads\/2023\/10\/image-136.png","width":1080,"height":1080},{"@type":"BreadcrumbList","@id":"https:\/\/infoecos.com.ar\/index.php\/se-reanuda-manana-lunes-23-el-proyecto-cultura-deliberante-en-trenque-lauquen\/#breadcrumb","itemListElement":[{"@type":"ListItem","position":1,"name":"Portada","item":"https:\/\/infoecos.com.ar\/"},{"@type":"ListItem","position":2,"name":"Se reanud\u00f3 este lunes 23 el Proyecto Cultura Deliberante en Trenque Lauquen"}]},{"@type":"WebSite","@id":"https:\/\/infoecos.com.ar\/#website","url":"https:\/\/infoecos.com.ar\/","name":"Infoecos","description":"Noticias de trenque lauquen y la zona","publisher":{"@id":"https:\/\/infoecos.com.ar\/#organization"},"alternateName":"Noticias","potentialAction":[{"@type":"SearchAction","target":{"@type":"EntryPoint","urlTemplate":"https:\/\/infoecos.com.ar\/?s={search_term_string}"},"query-input":{"@type":"PropertyValueSpecification","valueRequired":true,"valueName":"search_term_string"}}],"inLanguage":"es"},{"@type":"Organization","@id":"https:\/\/infoecos.com.ar\/#organization","name":"Infoecos","alternateName":"Noticias","url":"https:\/\/infoecos.com.ar\/","logo":{"@type":"ImageObject","inLanguage":"es","@id":"https:\/\/infoecos.com.ar\/#\/schema\/logo\/image\/","url":"https:\/\/infoecos.com.ar\/wp-content\/uploads\/2024\/03\/cropped-logo.png","contentUrl":"https:\/\/infoecos.com.ar\/wp-content\/uploads\/2024\/03\/cropped-logo.png","width":374,"height":90,"caption":"Infoecos"},"image":{"@id":"https:\/\/infoecos.com.ar\/#\/schema\/logo\/image\/"},"sameAs":["https:\/\/www.facebook.com\/profile.php?id=100063200290284","https:\/\/x.com\/infoecos"]},{"@type":"Person","@id":"https:\/\/infoecos.com.ar\/#\/schema\/person\/8f5ace5ce73b4b4aac4b7245aee6f191","name":"Jorge Matheus","url":"https:\/\/infoecos.com.ar\/index.php\/author\/jomatheus\/"}]}},"featured_image_urls":{"full":["https:\/\/infoecos.com.ar\/wp-content\/uploads\/2023\/10\/image-136.png",1080,1080,false],"thumbnail":["https:\/\/infoecos.com.ar\/wp-content\/uploads\/2023\/10\/image-136-300x150.png",300,150,true],"medium":["https:\/\/infoecos.com.ar\/wp-content\/uploads\/2023\/10\/image-136-800x800.png",800,800,true],"medium_large":["https:\/\/infoecos.com.ar\/wp-content\/uploads\/2023\/10\/image-136-768x768.png",640,640,true],"large":["https:\/\/infoecos.com.ar\/wp-content\/uploads\/2023\/10\/image-136.png",640,640,false],"1536x1536":["https:\/\/infoecos.com.ar\/wp-content\/uploads\/2023\/10\/image-136.png",1080,1080,false],"2048x2048":["https:\/\/infoecos.com.ar\/wp-content\/uploads\/2023\/10\/image-136.png",1080,1080,false],"covernews-slider-full":["https:\/\/infoecos.com.ar\/wp-content\/uploads\/2023\/10\/image-136-1080x1020.png",757,715,true],"covernews-slider-center":["https:\/\/infoecos.com.ar\/wp-content\/uploads\/2023\/10\/image-136-936x897.png",522,500,true],"covernews-featured":["https:\/\/infoecos.com.ar\/wp-content\/uploads\/2023\/10\/image-136-1024x1024.png",1024,1024,true],"covernews-medium":["https:\/\/infoecos.com.ar\/wp-content\/uploads\/2023\/10\/image-136-720x380.png",540,285,true],"covernews-medium-square":["https:\/\/infoecos.com.ar\/wp-content\/uploads\/2023\/10\/image-136-675x450.png",375,250,true]},"author_info":{"info":["Jorge Matheus"]},"category_info":"<a href=\"https:\/\/infoecos.com.ar\/index.php\/category\/c2nota7\/\" rel=\"category tag\">C2 N7<\/a>","tag_info":"C2 N7","comment_count":"0","_links":{"self":[{"href":"https:\/\/infoecos.com.ar\/index.php\/wp-json\/wp\/v2\/posts\/114432"}],"collection":[{"href":"https:\/\/infoecos.com.ar\/index.php\/wp-json\/wp\/v2\/posts"}],"about":[{"href":"https:\/\/infoecos.com.ar\/index.php\/wp-json\/wp\/v2\/types\/post"}],"author":[{"embeddable":true,"href":"https:\/\/infoecos.com.ar\/index.php\/wp-json\/wp\/v2\/users\/2"}],"replies":[{"embeddable":true,"href":"https:\/\/infoecos.com.ar\/index.php\/wp-json\/wp\/v2\/comments?post=114432"}],"version-history":[{"count":3,"href":"https:\/\/infoecos.com.ar\/index.php\/wp-json\/wp\/v2\/posts\/114432\/revisions"}],"predecessor-version":[{"id":114603,"href":"https:\/\/infoecos.com.ar\/index.php\/wp-json\/wp\/v2\/posts\/114432\/revisions\/114603"}],"wp:featuredmedia":[{"embeddable":true,"href":"https:\/\/infoecos.com.ar\/index.php\/wp-json\/wp\/v2\/media\/114433"}],"wp:attachment":[{"href":"https:\/\/infoecos.com.ar\/index.php\/wp-json\/wp\/v2\/media?parent=114432"}],"wp:term":[{"taxonomy":"category","embeddable":true,"href":"https:\/\/infoecos.com.ar\/index.php\/wp-json\/wp\/v2\/categories?post=114432"},{"taxonomy":"post_tag","embeddable":true,"href":"https:\/\/infoecos.com.ar\/index.php\/wp-json\/wp\/v2\/tags?post=114432"}],"curies":[{"name":"wp","href":"https:\/\/api.w.org\/{rel}","templated":true}]}}