{"id":114462,"date":"2023-10-22T22:20:00","date_gmt":"2023-10-23T01:20:00","guid":{"rendered":"https:\/\/infoecos.com.ar\/?p=114462"},"modified":"2023-10-25T04:29:54","modified_gmt":"2023-10-25T07:29:54","slug":"sofia-gambier-revirtio-el-resultado-de-las-paso-y-reemplazara-a-guillermo-pacheco-en-pellegrini","status":"publish","type":"post","link":"https:\/\/infoecos.com.ar\/index.php\/sofia-gambier-revirtio-el-resultado-de-las-paso-y-reemplazara-a-guillermo-pacheco-en-pellegrini\/","title":{"rendered":"Sof\u00eda Gambier revirti\u00f3 las PASO y reemplazar\u00e1 a Pacheco en Pellegrini"},"content":{"rendered":"\n<p>Juntos por el Cambio revirti\u00f3 el resultado de las PASO en el distrito de Pellegrini y continuar\u00e1 gobernando  cuatro a\u00f1os m\u00e1s.<\/p>\n\n\n\n<figure class=\"wp-block-image alignright size-large is-resized\"><img loading=\"lazy\" decoding=\"async\" src=\"https:\/\/infoecos.com.ar\/wp-content\/uploads\/2023\/10\/sofiagambier-1600x1065.jpeg\" alt=\"\" class=\"wp-image-114463\" width=\"368\" height=\"245\" srcset=\"https:\/\/infoecos.com.ar\/wp-content\/uploads\/2023\/10\/sofiagambier-1600x1065.jpeg 1600w, https:\/\/infoecos.com.ar\/wp-content\/uploads\/2023\/10\/sofiagambier-800x533.jpeg 800w, https:\/\/infoecos.com.ar\/wp-content\/uploads\/2023\/10\/sofiagambier-768x511.jpeg 768w, https:\/\/infoecos.com.ar\/wp-content\/uploads\/2023\/10\/sofiagambier-1536x1020.jpeg 1536w, https:\/\/infoecos.com.ar\/wp-content\/uploads\/2023\/10\/sofiagambier-2048x1364.jpeg 2048w, https:\/\/infoecos.com.ar\/wp-content\/uploads\/2023\/10\/sofiagambier-1024x682.jpeg 1024w, https:\/\/infoecos.com.ar\/wp-content\/uploads\/2023\/10\/sofiagambier-675x450.jpeg 675w\" sizes=\"(max-width: 368px) 100vw, 368px\" \/><figcaption class=\"wp-element-caption\">Sof\u00eda Gambier<\/figcaption><\/figure>\n\n\n\n<p>Sof\u00eda Gambier se convertir\u00e1 en la intendente municipal y en la primer mujer que llega a ese lugar en la historia democr\u00e1tica de la comunidad.<\/p>\n\n\n\n<p>JxC alcanz\u00f3 el 51,8 %, mientras que Uni\u00f3n por la Patria que llev\u00f3 como candidato a Bruno Buyati, lleg\u00f3 al 48,1 % de los sufragios.<\/p>\n\n\n\n<p>Gambier que tiene antecedentes en la funci\u00f3n p\u00fablica y es hija del recordado futbolista pellegrinense, Miguel Angel, breg\u00f3 intensamente en los d\u00edas previos a esta elecci\u00f3n definitiva para determinar qui\u00e9n reemplazar\u00e1 a Guillermo Pacheco.<\/p>\n\n\n\n<p>Buyati, es un conocido empresario de ese distrito, tambi\u00e9n destacado en el f\u00fatbol como jugador de Hurac\u00e1n. Cont\u00f3 con un gran respaldo de las autoridades provinciales, incluso con el amenizaje del gobernador Kicillof y parte de su equipo. <\/p>\n","protected":false},"excerpt":{"rendered":"<p>JxC alcanz\u00f3 el 51,8 %, mientras que Uni\u00f3n por la Patria que llev\u00f3 como candidato a Bruno Buyati, lleg\u00f3 al 48,1 % de los sufragios<\/p>\n","protected":false},"author":2,"featured_media":114463,"comment_status":"closed","ping_status":"open","sticky":false,"template":"","format":"standard","meta":{"footnotes":""},"categories":[1334],"tags":[6789],"class_list":["post-114462","post","type-post","status-publish","format-standard","has-post-thumbnail","hentry","category-inferior14","tag-elecciones-2023"],"yoast_head":"<!-- This site is optimized with the Yoast SEO plugin v23.4 - https:\/\/yoast.com\/wordpress\/plugins\/seo\/ -->\n<title>Sof\u00eda Gambier revirti\u00f3 las PASO y reemplazar\u00e1 a Pacheco en Pellegrini - Infoecos<\/title>\n<meta name=\"robots\" content=\"index, follow, max-snippet:-1, max-image-preview:large, max-video-preview:-1\" \/>\n<link rel=\"canonical\" href=\"https:\/\/infoecos.com.ar\/index.php\/sofia-gambier-revirtio-el-resultado-de-las-paso-y-reemplazara-a-guillermo-pacheco-en-pellegrini\/\" \/>\n<meta property=\"og:locale\" content=\"es_ES\" \/>\n<meta property=\"og:type\" content=\"article\" \/>\n<meta property=\"og:title\" content=\"Sof\u00eda Gambier revirti\u00f3 las PASO y reemplazar\u00e1 a Pacheco en Pellegrini - Infoecos\" \/>\n<meta property=\"og:description\" content=\"JxC alcanz\u00f3 el 51,8 %, mientras que Uni\u00f3n por la Patria que llev\u00f3 como candidato a Bruno Buyati, lleg\u00f3 al 48,1 % de los sufragios\" \/>\n<meta property=\"og:url\" content=\"https:\/\/infoecos.com.ar\/index.php\/sofia-gambier-revirtio-el-resultado-de-las-paso-y-reemplazara-a-guillermo-pacheco-en-pellegrini\/\" \/>\n<meta property=\"og:site_name\" content=\"Infoecos\" \/>\n<meta property=\"article:publisher\" content=\"https:\/\/www.facebook.com\/profile.php?id=100063200290284\" \/>\n<meta property=\"article:published_time\" content=\"2023-10-23T01:20:00+00:00\" \/>\n<meta property=\"article:modified_time\" content=\"2023-10-25T07:29:54+00:00\" \/>\n<meta property=\"og:image\" content=\"https:\/\/infoecos.com.ar\/wp-content\/uploads\/2023\/10\/sofiagambier-scaled.jpeg\" \/>\n\t<meta property=\"og:image:width\" content=\"2560\" \/>\n\t<meta property=\"og:image:height\" content=\"1704\" \/>\n\t<meta property=\"og:image:type\" content=\"image\/jpeg\" \/>\n<meta name=\"author\" content=\"Jorge Matheus\" \/>\n<meta name=\"twitter:card\" content=\"summary_large_image\" \/>\n<meta name=\"twitter:creator\" content=\"@infoecos\" \/>\n<meta name=\"twitter:site\" content=\"@infoecos\" \/>\n<meta name=\"twitter:label1\" content=\"Escrito por\" \/>\n\t<meta name=\"twitter:data1\" content=\"Jorge Matheus\" \/>\n\t<meta name=\"twitter:label2\" content=\"Tiempo de lectura\" \/>\n\t<meta name=\"twitter:data2\" content=\"1 minuto\" \/>\n<script type=\"application\/ld+json\" class=\"yoast-schema-graph\">{\"@context\":\"https:\/\/schema.org\",\"@graph\":[{\"@type\":\"Article\",\"@id\":\"https:\/\/infoecos.com.ar\/index.php\/sofia-gambier-revirtio-el-resultado-de-las-paso-y-reemplazara-a-guillermo-pacheco-en-pellegrini\/#article\",\"isPartOf\":{\"@id\":\"https:\/\/infoecos.com.ar\/index.php\/sofia-gambier-revirtio-el-resultado-de-las-paso-y-reemplazara-a-guillermo-pacheco-en-pellegrini\/\"},\"author\":{\"name\":\"Jorge Matheus\",\"@id\":\"https:\/\/infoecos.com.ar\/#\/schema\/person\/8f5ace5ce73b4b4aac4b7245aee6f191\"},\"headline\":\"Sof\u00eda Gambier revirti\u00f3 las PASO y reemplazar\u00e1 a Pacheco en Pellegrini\",\"datePublished\":\"2023-10-23T01:20:00+00:00\",\"dateModified\":\"2023-10-25T07:29:54+00:00\",\"mainEntityOfPage\":{\"@id\":\"https:\/\/infoecos.com.ar\/index.php\/sofia-gambier-revirtio-el-resultado-de-las-paso-y-reemplazara-a-guillermo-pacheco-en-pellegrini\/\"},\"wordCount\":167,\"publisher\":{\"@id\":\"https:\/\/infoecos.com.ar\/#organization\"},\"image\":{\"@id\":\"https:\/\/infoecos.com.ar\/index.php\/sofia-gambier-revirtio-el-resultado-de-las-paso-y-reemplazara-a-guillermo-pacheco-en-pellegrini\/#primaryimage\"},\"thumbnailUrl\":\"https:\/\/infoecos.com.ar\/wp-content\/uploads\/2023\/10\/sofiagambier-scaled.jpeg\",\"keywords\":[\"elecciones 2023\"],\"articleSection\":[\"Bloque inferior - 14\"],\"inLanguage\":\"es\"},{\"@type\":\"WebPage\",\"@id\":\"https:\/\/infoecos.com.ar\/index.php\/sofia-gambier-revirtio-el-resultado-de-las-paso-y-reemplazara-a-guillermo-pacheco-en-pellegrini\/\",\"url\":\"https:\/\/infoecos.com.ar\/index.php\/sofia-gambier-revirtio-el-resultado-de-las-paso-y-reemplazara-a-guillermo-pacheco-en-pellegrini\/\",\"name\":\"Sof\u00eda Gambier revirti\u00f3 las PASO y reemplazar\u00e1 a Pacheco en Pellegrini - Infoecos\",\"isPartOf\":{\"@id\":\"https:\/\/infoecos.com.ar\/#website\"},\"primaryImageOfPage\":{\"@id\":\"https:\/\/infoecos.com.ar\/index.php\/sofia-gambier-revirtio-el-resultado-de-las-paso-y-reemplazara-a-guillermo-pacheco-en-pellegrini\/#primaryimage\"},\"image\":{\"@id\":\"https:\/\/infoecos.com.ar\/index.php\/sofia-gambier-revirtio-el-resultado-de-las-paso-y-reemplazara-a-guillermo-pacheco-en-pellegrini\/#primaryimage\"},\"thumbnailUrl\":\"https:\/\/infoecos.com.ar\/wp-content\/uploads\/2023\/10\/sofiagambier-scaled.jpeg\",\"datePublished\":\"2023-10-23T01:20:00+00:00\",\"dateModified\":\"2023-10-25T07:29:54+00:00\",\"breadcrumb\":{\"@id\":\"https:\/\/infoecos.com.ar\/index.php\/sofia-gambier-revirtio-el-resultado-de-las-paso-y-reemplazara-a-guillermo-pacheco-en-pellegrini\/#breadcrumb\"},\"inLanguage\":\"es\",\"potentialAction\":[{\"@type\":\"ReadAction\",\"target\":[\"https:\/\/infoecos.com.ar\/index.php\/sofia-gambier-revirtio-el-resultado-de-las-paso-y-reemplazara-a-guillermo-pacheco-en-pellegrini\/\"]}]},{\"@type\":\"ImageObject\",\"inLanguage\":\"es\",\"@id\":\"https:\/\/infoecos.com.ar\/index.php\/sofia-gambier-revirtio-el-resultado-de-las-paso-y-reemplazara-a-guillermo-pacheco-en-pellegrini\/#primaryimage\",\"url\":\"https:\/\/infoecos.com.ar\/wp-content\/uploads\/2023\/10\/sofiagambier-scaled.jpeg\",\"contentUrl\":\"https:\/\/infoecos.com.ar\/wp-content\/uploads\/2023\/10\/sofiagambier-scaled.jpeg\",\"width\":2560,\"height\":1704},{\"@type\":\"BreadcrumbList\",\"@id\":\"https:\/\/infoecos.com.ar\/index.php\/sofia-gambier-revirtio-el-resultado-de-las-paso-y-reemplazara-a-guillermo-pacheco-en-pellegrini\/#breadcrumb\",\"itemListElement\":[{\"@type\":\"ListItem\",\"position\":1,\"name\":\"Portada\",\"item\":\"https:\/\/infoecos.com.ar\/\"},{\"@type\":\"ListItem\",\"position\":2,\"name\":\"Sof\u00eda Gambier revirti\u00f3 las PASO y reemplazar\u00e1 a Pacheco en Pellegrini\"}]},{\"@type\":\"WebSite\",\"@id\":\"https:\/\/infoecos.com.ar\/#website\",\"url\":\"https:\/\/infoecos.com.ar\/\",\"name\":\"Infoecos\",\"description\":\"Noticias de trenque lauquen y la zona\",\"publisher\":{\"@id\":\"https:\/\/infoecos.com.ar\/#organization\"},\"alternateName\":\"Noticias\",\"potentialAction\":[{\"@type\":\"SearchAction\",\"target\":{\"@type\":\"EntryPoint\",\"urlTemplate\":\"https:\/\/infoecos.com.ar\/?s={search_term_string}\"},\"query-input\":{\"@type\":\"PropertyValueSpecification\",\"valueRequired\":true,\"valueName\":\"search_term_string\"}}],\"inLanguage\":\"es\"},{\"@type\":\"Organization\",\"@id\":\"https:\/\/infoecos.com.ar\/#organization\",\"name\":\"Infoecos\",\"alternateName\":\"Noticias\",\"url\":\"https:\/\/infoecos.com.ar\/\",\"logo\":{\"@type\":\"ImageObject\",\"inLanguage\":\"es\",\"@id\":\"https:\/\/infoecos.com.ar\/#\/schema\/logo\/image\/\",\"url\":\"https:\/\/infoecos.com.ar\/wp-content\/uploads\/2024\/03\/cropped-logo.png\",\"contentUrl\":\"https:\/\/infoecos.com.ar\/wp-content\/uploads\/2024\/03\/cropped-logo.png\",\"width\":374,\"height\":90,\"caption\":\"Infoecos\"},\"image\":{\"@id\":\"https:\/\/infoecos.com.ar\/#\/schema\/logo\/image\/\"},\"sameAs\":[\"https:\/\/www.facebook.com\/profile.php?id=100063200290284\",\"https:\/\/x.com\/infoecos\"]},{\"@type\":\"Person\",\"@id\":\"https:\/\/infoecos.com.ar\/#\/schema\/person\/8f5ace5ce73b4b4aac4b7245aee6f191\",\"name\":\"Jorge Matheus\",\"url\":\"https:\/\/infoecos.com.ar\/index.php\/author\/jomatheus\/\"}]}<\/script>\n<!-- \/ Yoast SEO plugin. -->","yoast_head_json":{"title":"Sof\u00eda Gambier revirti\u00f3 las PASO y reemplazar\u00e1 a Pacheco en Pellegrini - Infoecos","robots":{"index":"index","follow":"follow","max-snippet":"max-snippet:-1","max-image-preview":"max-image-preview:large","max-video-preview":"max-video-preview:-1"},"canonical":"https:\/\/infoecos.com.ar\/index.php\/sofia-gambier-revirtio-el-resultado-de-las-paso-y-reemplazara-a-guillermo-pacheco-en-pellegrini\/","og_locale":"es_ES","og_type":"article","og_title":"Sof\u00eda Gambier revirti\u00f3 las PASO y reemplazar\u00e1 a Pacheco en Pellegrini - Infoecos","og_description":"JxC alcanz\u00f3 el 51,8 %, mientras que Uni\u00f3n por la Patria que llev\u00f3 como candidato a Bruno Buyati, lleg\u00f3 al 48,1 % de los sufragios","og_url":"https:\/\/infoecos.com.ar\/index.php\/sofia-gambier-revirtio-el-resultado-de-las-paso-y-reemplazara-a-guillermo-pacheco-en-pellegrini\/","og_site_name":"Infoecos","article_publisher":"https:\/\/www.facebook.com\/profile.php?id=100063200290284","article_published_time":"2023-10-23T01:20:00+00:00","article_modified_time":"2023-10-25T07:29:54+00:00","og_image":[{"width":2560,"height":1704,"url":"https:\/\/infoecos.com.ar\/wp-content\/uploads\/2023\/10\/sofiagambier-scaled.jpeg","type":"image\/jpeg"}],"author":"Jorge Matheus","twitter_card":"summary_large_image","twitter_creator":"@infoecos","twitter_site":"@infoecos","twitter_misc":{"Escrito por":"Jorge Matheus","Tiempo de lectura":"1 minuto"},"schema":{"@context":"https:\/\/schema.org","@graph":[{"@type":"Article","@id":"https:\/\/infoecos.com.ar\/index.php\/sofia-gambier-revirtio-el-resultado-de-las-paso-y-reemplazara-a-guillermo-pacheco-en-pellegrini\/#article","isPartOf":{"@id":"https:\/\/infoecos.com.ar\/index.php\/sofia-gambier-revirtio-el-resultado-de-las-paso-y-reemplazara-a-guillermo-pacheco-en-pellegrini\/"},"author":{"name":"Jorge Matheus","@id":"https:\/\/infoecos.com.ar\/#\/schema\/person\/8f5ace5ce73b4b4aac4b7245aee6f191"},"headline":"Sof\u00eda Gambier revirti\u00f3 las PASO y reemplazar\u00e1 a Pacheco en Pellegrini","datePublished":"2023-10-23T01:20:00+00:00","dateModified":"2023-10-25T07:29:54+00:00","mainEntityOfPage":{"@id":"https:\/\/infoecos.com.ar\/index.php\/sofia-gambier-revirtio-el-resultado-de-las-paso-y-reemplazara-a-guillermo-pacheco-en-pellegrini\/"},"wordCount":167,"publisher":{"@id":"https:\/\/infoecos.com.ar\/#organization"},"image":{"@id":"https:\/\/infoecos.com.ar\/index.php\/sofia-gambier-revirtio-el-resultado-de-las-paso-y-reemplazara-a-guillermo-pacheco-en-pellegrini\/#primaryimage"},"thumbnailUrl":"https:\/\/infoecos.com.ar\/wp-content\/uploads\/2023\/10\/sofiagambier-scaled.jpeg","keywords":["elecciones 2023"],"articleSection":["Bloque inferior - 14"],"inLanguage":"es"},{"@type":"WebPage","@id":"https:\/\/infoecos.com.ar\/index.php\/sofia-gambier-revirtio-el-resultado-de-las-paso-y-reemplazara-a-guillermo-pacheco-en-pellegrini\/","url":"https:\/\/infoecos.com.ar\/index.php\/sofia-gambier-revirtio-el-resultado-de-las-paso-y-reemplazara-a-guillermo-pacheco-en-pellegrini\/","name":"Sof\u00eda Gambier revirti\u00f3 las PASO y reemplazar\u00e1 a Pacheco en Pellegrini - Infoecos","isPartOf":{"@id":"https:\/\/infoecos.com.ar\/#website"},"primaryImageOfPage":{"@id":"https:\/\/infoecos.com.ar\/index.php\/sofia-gambier-revirtio-el-resultado-de-las-paso-y-reemplazara-a-guillermo-pacheco-en-pellegrini\/#primaryimage"},"image":{"@id":"https:\/\/infoecos.com.ar\/index.php\/sofia-gambier-revirtio-el-resultado-de-las-paso-y-reemplazara-a-guillermo-pacheco-en-pellegrini\/#primaryimage"},"thumbnailUrl":"https:\/\/infoecos.com.ar\/wp-content\/uploads\/2023\/10\/sofiagambier-scaled.jpeg","datePublished":"2023-10-23T01:20:00+00:00","dateModified":"2023-10-25T07:29:54+00:00","breadcrumb":{"@id":"https:\/\/infoecos.com.ar\/index.php\/sofia-gambier-revirtio-el-resultado-de-las-paso-y-reemplazara-a-guillermo-pacheco-en-pellegrini\/#breadcrumb"},"inLanguage":"es","potentialAction":[{"@type":"ReadAction","target":["https:\/\/infoecos.com.ar\/index.php\/sofia-gambier-revirtio-el-resultado-de-las-paso-y-reemplazara-a-guillermo-pacheco-en-pellegrini\/"]}]},{"@type":"ImageObject","inLanguage":"es","@id":"https:\/\/infoecos.com.ar\/index.php\/sofia-gambier-revirtio-el-resultado-de-las-paso-y-reemplazara-a-guillermo-pacheco-en-pellegrini\/#primaryimage","url":"https:\/\/infoecos.com.ar\/wp-content\/uploads\/2023\/10\/sofiagambier-scaled.jpeg","contentUrl":"https:\/\/infoecos.com.ar\/wp-content\/uploads\/2023\/10\/sofiagambier-scaled.jpeg","width":2560,"height":1704},{"@type":"BreadcrumbList","@id":"https:\/\/infoecos.com.ar\/index.php\/sofia-gambier-revirtio-el-resultado-de-las-paso-y-reemplazara-a-guillermo-pacheco-en-pellegrini\/#breadcrumb","itemListElement":[{"@type":"ListItem","position":1,"name":"Portada","item":"https:\/\/infoecos.com.ar\/"},{"@type":"ListItem","position":2,"name":"Sof\u00eda Gambier revirti\u00f3 las PASO y reemplazar\u00e1 a Pacheco en Pellegrini"}]},{"@type":"WebSite","@id":"https:\/\/infoecos.com.ar\/#website","url":"https:\/\/infoecos.com.ar\/","name":"Infoecos","description":"Noticias de trenque lauquen y la zona","publisher":{"@id":"https:\/\/infoecos.com.ar\/#organization"},"alternateName":"Noticias","potentialAction":[{"@type":"SearchAction","target":{"@type":"EntryPoint","urlTemplate":"https:\/\/infoecos.com.ar\/?s={search_term_string}"},"query-input":{"@type":"PropertyValueSpecification","valueRequired":true,"valueName":"search_term_string"}}],"inLanguage":"es"},{"@type":"Organization","@id":"https:\/\/infoecos.com.ar\/#organization","name":"Infoecos","alternateName":"Noticias","url":"https:\/\/infoecos.com.ar\/","logo":{"@type":"ImageObject","inLanguage":"es","@id":"https:\/\/infoecos.com.ar\/#\/schema\/logo\/image\/","url":"https:\/\/infoecos.com.ar\/wp-content\/uploads\/2024\/03\/cropped-logo.png","contentUrl":"https:\/\/infoecos.com.ar\/wp-content\/uploads\/2024\/03\/cropped-logo.png","width":374,"height":90,"caption":"Infoecos"},"image":{"@id":"https:\/\/infoecos.com.ar\/#\/schema\/logo\/image\/"},"sameAs":["https:\/\/www.facebook.com\/profile.php?id=100063200290284","https:\/\/x.com\/infoecos"]},{"@type":"Person","@id":"https:\/\/infoecos.com.ar\/#\/schema\/person\/8f5ace5ce73b4b4aac4b7245aee6f191","name":"Jorge Matheus","url":"https:\/\/infoecos.com.ar\/index.php\/author\/jomatheus\/"}]}},"featured_image_urls":{"full":["https:\/\/infoecos.com.ar\/wp-content\/uploads\/2023\/10\/sofiagambier-scaled.jpeg",2560,1704,false],"thumbnail":["https:\/\/infoecos.com.ar\/wp-content\/uploads\/2023\/10\/sofiagambier-300x150.jpeg",300,150,true],"medium":["https:\/\/infoecos.com.ar\/wp-content\/uploads\/2023\/10\/sofiagambier-800x533.jpeg",800,533,true],"medium_large":["https:\/\/infoecos.com.ar\/wp-content\/uploads\/2023\/10\/sofiagambier-768x511.jpeg",640,426,true],"large":["https:\/\/infoecos.com.ar\/wp-content\/uploads\/2023\/10\/sofiagambier-1600x1065.jpeg",640,426,true],"1536x1536":["https:\/\/infoecos.com.ar\/wp-content\/uploads\/2023\/10\/sofiagambier-1536x1023.jpeg",1536,1023,true],"2048x2048":["https:\/\/infoecos.com.ar\/wp-content\/uploads\/2023\/10\/sofiagambier-2048x1364.jpeg",2048,1364,true],"covernews-slider-full":["https:\/\/infoecos.com.ar\/wp-content\/uploads\/2023\/10\/sofiagambier-1536x1020.jpeg",1077,715,true],"covernews-slider-center":["https:\/\/infoecos.com.ar\/wp-content\/uploads\/2023\/10\/sofiagambier-936x897.jpeg",522,500,true],"covernews-featured":["https:\/\/infoecos.com.ar\/wp-content\/uploads\/2023\/10\/sofiagambier-1024x682.jpeg",1024,682,true],"covernews-medium":["https:\/\/infoecos.com.ar\/wp-content\/uploads\/2023\/10\/sofiagambier-720x380.jpeg",540,285,true],"covernews-medium-square":["https:\/\/infoecos.com.ar\/wp-content\/uploads\/2023\/10\/sofiagambier-675x450.jpeg",375,250,true]},"author_info":{"info":["Jorge Matheus"]},"category_info":"<a href=\"https:\/\/infoecos.com.ar\/index.php\/category\/inferior14\/\" rel=\"category tag\">Bloque inferior - 14<\/a>","tag_info":"Bloque inferior - 14","comment_count":"0","_links":{"self":[{"href":"https:\/\/infoecos.com.ar\/index.php\/wp-json\/wp\/v2\/posts\/114462"}],"collection":[{"href":"https:\/\/infoecos.com.ar\/index.php\/wp-json\/wp\/v2\/posts"}],"about":[{"href":"https:\/\/infoecos.com.ar\/index.php\/wp-json\/wp\/v2\/types\/post"}],"author":[{"embeddable":true,"href":"https:\/\/infoecos.com.ar\/index.php\/wp-json\/wp\/v2\/users\/2"}],"replies":[{"embeddable":true,"href":"https:\/\/infoecos.com.ar\/index.php\/wp-json\/wp\/v2\/comments?post=114462"}],"version-history":[{"count":3,"href":"https:\/\/infoecos.com.ar\/index.php\/wp-json\/wp\/v2\/posts\/114462\/revisions"}],"predecessor-version":[{"id":114466,"href":"https:\/\/infoecos.com.ar\/index.php\/wp-json\/wp\/v2\/posts\/114462\/revisions\/114466"}],"wp:featuredmedia":[{"embeddable":true,"href":"https:\/\/infoecos.com.ar\/index.php\/wp-json\/wp\/v2\/media\/114463"}],"wp:attachment":[{"href":"https:\/\/infoecos.com.ar\/index.php\/wp-json\/wp\/v2\/media?parent=114462"}],"wp:term":[{"taxonomy":"category","embeddable":true,"href":"https:\/\/infoecos.com.ar\/index.php\/wp-json\/wp\/v2\/categories?post=114462"},{"taxonomy":"post_tag","embeddable":true,"href":"https:\/\/infoecos.com.ar\/index.php\/wp-json\/wp\/v2\/tags?post=114462"}],"curies":[{"name":"wp","href":"https:\/\/api.w.org\/{rel}","templated":true}]}}