{"id":114533,"date":"2023-10-25T00:11:30","date_gmt":"2023-10-25T03:11:30","guid":{"rendered":"https:\/\/infoecos.com.ar\/?p=114533"},"modified":"2023-10-25T16:17:49","modified_gmt":"2023-10-25T19:17:49","slug":"detienen-al-mentor-de-los-robos-de-hacienda-perpetrados-en-un-campo-ubicado-entre-siete-primos-y-garre","status":"publish","type":"post","link":"https:\/\/infoecos.com.ar\/index.php\/detienen-al-mentor-de-los-robos-de-hacienda-perpetrados-en-un-campo-ubicado-entre-siete-primos-y-garre\/","title":{"rendered":"Detienen al mentor de los robos de hacienda perpetrados en un campo ubicado entre Siete Primos y Garr\u00e9"},"content":{"rendered":"\n<p>El Juzgado de Garant\u00edas N\u00ba 1 del Departamento Judicial de Trenque Lauquen libr\u00f3 la orden de detenci\u00f3n para el principal implicado en la causa por el robo de ganado en un establecimiento rural, ubicado a la vera de la ruta nacional n\u00famero 33, entre Siete Primos y Garr\u00e9, y por el que se hab\u00edan realizado allanamientos y registros en domicilios de  Casbas y Paraje Casey.<\/p>\n\n\n\n<figure class=\"wp-block-image aligncenter size-full is-resized\"><img loading=\"lazy\" decoding=\"async\" src=\"https:\/\/infoecos.com.ar\/wp-content\/uploads\/2023\/10\/operativocasbascasey.jpg\" alt=\"\" class=\"wp-image-114535\" width=\"519\" height=\"238\" srcset=\"https:\/\/infoecos.com.ar\/wp-content\/uploads\/2023\/10\/operativocasbascasey.jpg 725w, https:\/\/infoecos.com.ar\/wp-content\/uploads\/2023\/10\/operativocasbascasey-720x332.jpg 720w\" sizes=\"(max-width: 519px) 100vw, 519px\" \/><\/figure>\n\n\n\n<p>La informaci\u00f3n que se conoci\u00f3 este martes da cuenta que el pedido de detenci\u00f3n pesa para Gast\u00f3n Eduardo Medina, de 49 a\u00f1os, conocido con el seud\u00f3nimo de \u00abEl Mencho\u00bb que cuenta con numerosos antecedentes por delitos cometidos en la zona rural. <\/p>\n\n\n\n<p>Las diligencias requeridas en Agosto de este a\u00f1o por la Fiscal Karina Talarico hab\u00edan dado como resultado el secuestro de dos pick ups, un carro para el transporte de vacunos y otros elementos. <\/p>\n\n\n\n<figure class=\"wp-block-image aligncenter size-full is-resized\"><img loading=\"lazy\" decoding=\"async\" src=\"https:\/\/infoecos.com.ar\/wp-content\/uploads\/2023\/10\/operativocasbascasey1.jpg\" alt=\"\" class=\"wp-image-114536\" width=\"517\" height=\"257\" srcset=\"https:\/\/infoecos.com.ar\/wp-content\/uploads\/2023\/10\/operativocasbascasey1.jpg 755w, https:\/\/infoecos.com.ar\/wp-content\/uploads\/2023\/10\/operativocasbascasey1-300x150.jpg 300w\" sizes=\"(max-width: 517px) 100vw, 517px\" \/><\/figure>\n\n\n\n<p>Medina, indic\u00f3 un parte policial que se public\u00f3 en distintos lugares de la regi\u00f3n, ya est\u00e1 alojado en la comisar\u00eda de Trenque Lauquen. <\/p>\n","protected":false},"excerpt":{"rendered":"<p>La informaci\u00f3n que se conoci\u00f3 este martes da cuenta que el pedido de detenci\u00f3n pesa para Gast\u00f3n Eduardo Medina, de 49 a\u00f1os, conocido con el seud\u00f3nimo de \u00abEl Mencho\u00bb que cuenta con numerosos antecedentes por delitos cometidos en la zona rural<\/p>\n","protected":false},"author":2,"featured_media":114535,"comment_status":"closed","ping_status":"open","sticky":false,"template":"","format":"standard","meta":{"footnotes":""},"categories":[1613],"tags":[9487],"class_list":["post-114533","post","type-post","status-publish","format-standard","has-post-thumbnail","hentry","category-noticia-secundaria","tag-conocido-como-el-mencho"],"yoast_head":"<!-- This site is optimized with the Yoast SEO plugin v23.4 - https:\/\/yoast.com\/wordpress\/plugins\/seo\/ -->\n<title>Detienen al mentor de los robos de hacienda perpetrados en un campo ubicado entre Siete Primos y Garr\u00e9 - Infoecos<\/title>\n<meta name=\"robots\" content=\"index, follow, max-snippet:-1, max-image-preview:large, max-video-preview:-1\" \/>\n<link rel=\"canonical\" href=\"https:\/\/infoecos.com.ar\/index.php\/detienen-al-mentor-de-los-robos-de-hacienda-perpetrados-en-un-campo-ubicado-entre-siete-primos-y-garre\/\" \/>\n<meta property=\"og:locale\" content=\"es_ES\" \/>\n<meta property=\"og:type\" content=\"article\" \/>\n<meta property=\"og:title\" content=\"Detienen al mentor de los robos de hacienda perpetrados en un campo ubicado entre Siete Primos y Garr\u00e9 - Infoecos\" \/>\n<meta property=\"og:description\" content=\"La informaci\u00f3n que se conoci\u00f3 este martes da cuenta que el pedido de detenci\u00f3n pesa para Gast\u00f3n Eduardo Medina, de 49 a\u00f1os, conocido con el seud\u00f3nimo de &quot;El Mencho&quot; que cuenta con numerosos antecedentes por delitos cometidos en la zona rural\" \/>\n<meta property=\"og:url\" content=\"https:\/\/infoecos.com.ar\/index.php\/detienen-al-mentor-de-los-robos-de-hacienda-perpetrados-en-un-campo-ubicado-entre-siete-primos-y-garre\/\" \/>\n<meta property=\"og:site_name\" content=\"Infoecos\" \/>\n<meta property=\"article:publisher\" content=\"https:\/\/www.facebook.com\/profile.php?id=100063200290284\" \/>\n<meta property=\"article:published_time\" content=\"2023-10-25T03:11:30+00:00\" \/>\n<meta property=\"article:modified_time\" content=\"2023-10-25T19:17:49+00:00\" \/>\n<meta property=\"og:image\" content=\"https:\/\/infoecos.com.ar\/wp-content\/uploads\/2023\/10\/operativocasbascasey.jpg\" \/>\n\t<meta property=\"og:image:width\" content=\"725\" \/>\n\t<meta property=\"og:image:height\" content=\"332\" \/>\n\t<meta property=\"og:image:type\" content=\"image\/jpeg\" \/>\n<meta name=\"author\" content=\"Jorge Matheus\" \/>\n<meta name=\"twitter:card\" content=\"summary_large_image\" \/>\n<meta name=\"twitter:creator\" content=\"@infoecos\" \/>\n<meta name=\"twitter:site\" content=\"@infoecos\" \/>\n<meta name=\"twitter:label1\" content=\"Escrito por\" \/>\n\t<meta name=\"twitter:data1\" content=\"Jorge Matheus\" \/>\n\t<meta name=\"twitter:label2\" content=\"Tiempo de lectura\" \/>\n\t<meta name=\"twitter:data2\" content=\"2 minutos\" \/>\n<script type=\"application\/ld+json\" class=\"yoast-schema-graph\">{\"@context\":\"https:\/\/schema.org\",\"@graph\":[{\"@type\":\"Article\",\"@id\":\"https:\/\/infoecos.com.ar\/index.php\/detienen-al-mentor-de-los-robos-de-hacienda-perpetrados-en-un-campo-ubicado-entre-siete-primos-y-garre\/#article\",\"isPartOf\":{\"@id\":\"https:\/\/infoecos.com.ar\/index.php\/detienen-al-mentor-de-los-robos-de-hacienda-perpetrados-en-un-campo-ubicado-entre-siete-primos-y-garre\/\"},\"author\":{\"name\":\"Jorge Matheus\",\"@id\":\"https:\/\/infoecos.com.ar\/#\/schema\/person\/8f5ace5ce73b4b4aac4b7245aee6f191\"},\"headline\":\"Detienen al mentor de los robos de hacienda perpetrados en un campo ubicado entre Siete Primos y Garr\u00e9\",\"datePublished\":\"2023-10-25T03:11:30+00:00\",\"dateModified\":\"2023-10-25T19:17:49+00:00\",\"mainEntityOfPage\":{\"@id\":\"https:\/\/infoecos.com.ar\/index.php\/detienen-al-mentor-de-los-robos-de-hacienda-perpetrados-en-un-campo-ubicado-entre-siete-primos-y-garre\/\"},\"wordCount\":190,\"publisher\":{\"@id\":\"https:\/\/infoecos.com.ar\/#organization\"},\"image\":{\"@id\":\"https:\/\/infoecos.com.ar\/index.php\/detienen-al-mentor-de-los-robos-de-hacienda-perpetrados-en-un-campo-ubicado-entre-siete-primos-y-garre\/#primaryimage\"},\"thumbnailUrl\":\"https:\/\/infoecos.com.ar\/wp-content\/uploads\/2023\/10\/operativocasbascasey.jpg\",\"keywords\":[\"conocido como &quot;El Mencho&quot;\"],\"articleSection\":[\"Noticia Secundaria\"],\"inLanguage\":\"es\"},{\"@type\":\"WebPage\",\"@id\":\"https:\/\/infoecos.com.ar\/index.php\/detienen-al-mentor-de-los-robos-de-hacienda-perpetrados-en-un-campo-ubicado-entre-siete-primos-y-garre\/\",\"url\":\"https:\/\/infoecos.com.ar\/index.php\/detienen-al-mentor-de-los-robos-de-hacienda-perpetrados-en-un-campo-ubicado-entre-siete-primos-y-garre\/\",\"name\":\"Detienen al mentor de los robos de hacienda perpetrados en un campo ubicado entre Siete Primos y Garr\u00e9 - Infoecos\",\"isPartOf\":{\"@id\":\"https:\/\/infoecos.com.ar\/#website\"},\"primaryImageOfPage\":{\"@id\":\"https:\/\/infoecos.com.ar\/index.php\/detienen-al-mentor-de-los-robos-de-hacienda-perpetrados-en-un-campo-ubicado-entre-siete-primos-y-garre\/#primaryimage\"},\"image\":{\"@id\":\"https:\/\/infoecos.com.ar\/index.php\/detienen-al-mentor-de-los-robos-de-hacienda-perpetrados-en-un-campo-ubicado-entre-siete-primos-y-garre\/#primaryimage\"},\"thumbnailUrl\":\"https:\/\/infoecos.com.ar\/wp-content\/uploads\/2023\/10\/operativocasbascasey.jpg\",\"datePublished\":\"2023-10-25T03:11:30+00:00\",\"dateModified\":\"2023-10-25T19:17:49+00:00\",\"breadcrumb\":{\"@id\":\"https:\/\/infoecos.com.ar\/index.php\/detienen-al-mentor-de-los-robos-de-hacienda-perpetrados-en-un-campo-ubicado-entre-siete-primos-y-garre\/#breadcrumb\"},\"inLanguage\":\"es\",\"potentialAction\":[{\"@type\":\"ReadAction\",\"target\":[\"https:\/\/infoecos.com.ar\/index.php\/detienen-al-mentor-de-los-robos-de-hacienda-perpetrados-en-un-campo-ubicado-entre-siete-primos-y-garre\/\"]}]},{\"@type\":\"ImageObject\",\"inLanguage\":\"es\",\"@id\":\"https:\/\/infoecos.com.ar\/index.php\/detienen-al-mentor-de-los-robos-de-hacienda-perpetrados-en-un-campo-ubicado-entre-siete-primos-y-garre\/#primaryimage\",\"url\":\"https:\/\/infoecos.com.ar\/wp-content\/uploads\/2023\/10\/operativocasbascasey.jpg\",\"contentUrl\":\"https:\/\/infoecos.com.ar\/wp-content\/uploads\/2023\/10\/operativocasbascasey.jpg\",\"width\":725,\"height\":332},{\"@type\":\"BreadcrumbList\",\"@id\":\"https:\/\/infoecos.com.ar\/index.php\/detienen-al-mentor-de-los-robos-de-hacienda-perpetrados-en-un-campo-ubicado-entre-siete-primos-y-garre\/#breadcrumb\",\"itemListElement\":[{\"@type\":\"ListItem\",\"position\":1,\"name\":\"Portada\",\"item\":\"https:\/\/infoecos.com.ar\/\"},{\"@type\":\"ListItem\",\"position\":2,\"name\":\"Detienen al mentor de los robos de hacienda perpetrados en un campo ubicado entre Siete Primos y Garr\u00e9\"}]},{\"@type\":\"WebSite\",\"@id\":\"https:\/\/infoecos.com.ar\/#website\",\"url\":\"https:\/\/infoecos.com.ar\/\",\"name\":\"Infoecos\",\"description\":\"Noticias de trenque lauquen y la zona\",\"publisher\":{\"@id\":\"https:\/\/infoecos.com.ar\/#organization\"},\"alternateName\":\"Noticias\",\"potentialAction\":[{\"@type\":\"SearchAction\",\"target\":{\"@type\":\"EntryPoint\",\"urlTemplate\":\"https:\/\/infoecos.com.ar\/?s={search_term_string}\"},\"query-input\":{\"@type\":\"PropertyValueSpecification\",\"valueRequired\":true,\"valueName\":\"search_term_string\"}}],\"inLanguage\":\"es\"},{\"@type\":\"Organization\",\"@id\":\"https:\/\/infoecos.com.ar\/#organization\",\"name\":\"Infoecos\",\"alternateName\":\"Noticias\",\"url\":\"https:\/\/infoecos.com.ar\/\",\"logo\":{\"@type\":\"ImageObject\",\"inLanguage\":\"es\",\"@id\":\"https:\/\/infoecos.com.ar\/#\/schema\/logo\/image\/\",\"url\":\"https:\/\/infoecos.com.ar\/wp-content\/uploads\/2024\/03\/cropped-logo.png\",\"contentUrl\":\"https:\/\/infoecos.com.ar\/wp-content\/uploads\/2024\/03\/cropped-logo.png\",\"width\":374,\"height\":90,\"caption\":\"Infoecos\"},\"image\":{\"@id\":\"https:\/\/infoecos.com.ar\/#\/schema\/logo\/image\/\"},\"sameAs\":[\"https:\/\/www.facebook.com\/profile.php?id=100063200290284\",\"https:\/\/x.com\/infoecos\"]},{\"@type\":\"Person\",\"@id\":\"https:\/\/infoecos.com.ar\/#\/schema\/person\/8f5ace5ce73b4b4aac4b7245aee6f191\",\"name\":\"Jorge Matheus\",\"url\":\"https:\/\/infoecos.com.ar\/index.php\/author\/jomatheus\/\"}]}<\/script>\n<!-- \/ Yoast SEO plugin. -->","yoast_head_json":{"title":"Detienen al mentor de los robos de hacienda perpetrados en un campo ubicado entre Siete Primos y Garr\u00e9 - Infoecos","robots":{"index":"index","follow":"follow","max-snippet":"max-snippet:-1","max-image-preview":"max-image-preview:large","max-video-preview":"max-video-preview:-1"},"canonical":"https:\/\/infoecos.com.ar\/index.php\/detienen-al-mentor-de-los-robos-de-hacienda-perpetrados-en-un-campo-ubicado-entre-siete-primos-y-garre\/","og_locale":"es_ES","og_type":"article","og_title":"Detienen al mentor de los robos de hacienda perpetrados en un campo ubicado entre Siete Primos y Garr\u00e9 - Infoecos","og_description":"La informaci\u00f3n que se conoci\u00f3 este martes da cuenta que el pedido de detenci\u00f3n pesa para Gast\u00f3n Eduardo Medina, de 49 a\u00f1os, conocido con el seud\u00f3nimo de \"El Mencho\" que cuenta con numerosos antecedentes por delitos cometidos en la zona rural","og_url":"https:\/\/infoecos.com.ar\/index.php\/detienen-al-mentor-de-los-robos-de-hacienda-perpetrados-en-un-campo-ubicado-entre-siete-primos-y-garre\/","og_site_name":"Infoecos","article_publisher":"https:\/\/www.facebook.com\/profile.php?id=100063200290284","article_published_time":"2023-10-25T03:11:30+00:00","article_modified_time":"2023-10-25T19:17:49+00:00","og_image":[{"width":725,"height":332,"url":"https:\/\/infoecos.com.ar\/wp-content\/uploads\/2023\/10\/operativocasbascasey.jpg","type":"image\/jpeg"}],"author":"Jorge Matheus","twitter_card":"summary_large_image","twitter_creator":"@infoecos","twitter_site":"@infoecos","twitter_misc":{"Escrito por":"Jorge Matheus","Tiempo de lectura":"2 minutos"},"schema":{"@context":"https:\/\/schema.org","@graph":[{"@type":"Article","@id":"https:\/\/infoecos.com.ar\/index.php\/detienen-al-mentor-de-los-robos-de-hacienda-perpetrados-en-un-campo-ubicado-entre-siete-primos-y-garre\/#article","isPartOf":{"@id":"https:\/\/infoecos.com.ar\/index.php\/detienen-al-mentor-de-los-robos-de-hacienda-perpetrados-en-un-campo-ubicado-entre-siete-primos-y-garre\/"},"author":{"name":"Jorge Matheus","@id":"https:\/\/infoecos.com.ar\/#\/schema\/person\/8f5ace5ce73b4b4aac4b7245aee6f191"},"headline":"Detienen al mentor de los robos de hacienda perpetrados en un campo ubicado entre Siete Primos y Garr\u00e9","datePublished":"2023-10-25T03:11:30+00:00","dateModified":"2023-10-25T19:17:49+00:00","mainEntityOfPage":{"@id":"https:\/\/infoecos.com.ar\/index.php\/detienen-al-mentor-de-los-robos-de-hacienda-perpetrados-en-un-campo-ubicado-entre-siete-primos-y-garre\/"},"wordCount":190,"publisher":{"@id":"https:\/\/infoecos.com.ar\/#organization"},"image":{"@id":"https:\/\/infoecos.com.ar\/index.php\/detienen-al-mentor-de-los-robos-de-hacienda-perpetrados-en-un-campo-ubicado-entre-siete-primos-y-garre\/#primaryimage"},"thumbnailUrl":"https:\/\/infoecos.com.ar\/wp-content\/uploads\/2023\/10\/operativocasbascasey.jpg","keywords":["conocido como &quot;El Mencho&quot;"],"articleSection":["Noticia Secundaria"],"inLanguage":"es"},{"@type":"WebPage","@id":"https:\/\/infoecos.com.ar\/index.php\/detienen-al-mentor-de-los-robos-de-hacienda-perpetrados-en-un-campo-ubicado-entre-siete-primos-y-garre\/","url":"https:\/\/infoecos.com.ar\/index.php\/detienen-al-mentor-de-los-robos-de-hacienda-perpetrados-en-un-campo-ubicado-entre-siete-primos-y-garre\/","name":"Detienen al mentor de los robos de hacienda perpetrados en un campo ubicado entre Siete Primos y Garr\u00e9 - Infoecos","isPartOf":{"@id":"https:\/\/infoecos.com.ar\/#website"},"primaryImageOfPage":{"@id":"https:\/\/infoecos.com.ar\/index.php\/detienen-al-mentor-de-los-robos-de-hacienda-perpetrados-en-un-campo-ubicado-entre-siete-primos-y-garre\/#primaryimage"},"image":{"@id":"https:\/\/infoecos.com.ar\/index.php\/detienen-al-mentor-de-los-robos-de-hacienda-perpetrados-en-un-campo-ubicado-entre-siete-primos-y-garre\/#primaryimage"},"thumbnailUrl":"https:\/\/infoecos.com.ar\/wp-content\/uploads\/2023\/10\/operativocasbascasey.jpg","datePublished":"2023-10-25T03:11:30+00:00","dateModified":"2023-10-25T19:17:49+00:00","breadcrumb":{"@id":"https:\/\/infoecos.com.ar\/index.php\/detienen-al-mentor-de-los-robos-de-hacienda-perpetrados-en-un-campo-ubicado-entre-siete-primos-y-garre\/#breadcrumb"},"inLanguage":"es","potentialAction":[{"@type":"ReadAction","target":["https:\/\/infoecos.com.ar\/index.php\/detienen-al-mentor-de-los-robos-de-hacienda-perpetrados-en-un-campo-ubicado-entre-siete-primos-y-garre\/"]}]},{"@type":"ImageObject","inLanguage":"es","@id":"https:\/\/infoecos.com.ar\/index.php\/detienen-al-mentor-de-los-robos-de-hacienda-perpetrados-en-un-campo-ubicado-entre-siete-primos-y-garre\/#primaryimage","url":"https:\/\/infoecos.com.ar\/wp-content\/uploads\/2023\/10\/operativocasbascasey.jpg","contentUrl":"https:\/\/infoecos.com.ar\/wp-content\/uploads\/2023\/10\/operativocasbascasey.jpg","width":725,"height":332},{"@type":"BreadcrumbList","@id":"https:\/\/infoecos.com.ar\/index.php\/detienen-al-mentor-de-los-robos-de-hacienda-perpetrados-en-un-campo-ubicado-entre-siete-primos-y-garre\/#breadcrumb","itemListElement":[{"@type":"ListItem","position":1,"name":"Portada","item":"https:\/\/infoecos.com.ar\/"},{"@type":"ListItem","position":2,"name":"Detienen al mentor de los robos de hacienda perpetrados en un campo ubicado entre Siete Primos y Garr\u00e9"}]},{"@type":"WebSite","@id":"https:\/\/infoecos.com.ar\/#website","url":"https:\/\/infoecos.com.ar\/","name":"Infoecos","description":"Noticias de trenque lauquen y la zona","publisher":{"@id":"https:\/\/infoecos.com.ar\/#organization"},"alternateName":"Noticias","potentialAction":[{"@type":"SearchAction","target":{"@type":"EntryPoint","urlTemplate":"https:\/\/infoecos.com.ar\/?s={search_term_string}"},"query-input":{"@type":"PropertyValueSpecification","valueRequired":true,"valueName":"search_term_string"}}],"inLanguage":"es"},{"@type":"Organization","@id":"https:\/\/infoecos.com.ar\/#organization","name":"Infoecos","alternateName":"Noticias","url":"https:\/\/infoecos.com.ar\/","logo":{"@type":"ImageObject","inLanguage":"es","@id":"https:\/\/infoecos.com.ar\/#\/schema\/logo\/image\/","url":"https:\/\/infoecos.com.ar\/wp-content\/uploads\/2024\/03\/cropped-logo.png","contentUrl":"https:\/\/infoecos.com.ar\/wp-content\/uploads\/2024\/03\/cropped-logo.png","width":374,"height":90,"caption":"Infoecos"},"image":{"@id":"https:\/\/infoecos.com.ar\/#\/schema\/logo\/image\/"},"sameAs":["https:\/\/www.facebook.com\/profile.php?id=100063200290284","https:\/\/x.com\/infoecos"]},{"@type":"Person","@id":"https:\/\/infoecos.com.ar\/#\/schema\/person\/8f5ace5ce73b4b4aac4b7245aee6f191","name":"Jorge Matheus","url":"https:\/\/infoecos.com.ar\/index.php\/author\/jomatheus\/"}]}},"featured_image_urls":{"full":["https:\/\/infoecos.com.ar\/wp-content\/uploads\/2023\/10\/operativocasbascasey.jpg",725,332,false],"thumbnail":["https:\/\/infoecos.com.ar\/wp-content\/uploads\/2023\/10\/operativocasbascasey-300x150.jpg",300,150,true],"medium":["https:\/\/infoecos.com.ar\/wp-content\/uploads\/2023\/10\/operativocasbascasey.jpg",725,332,false],"medium_large":["https:\/\/infoecos.com.ar\/wp-content\/uploads\/2023\/10\/operativocasbascasey.jpg",640,293,false],"large":["https:\/\/infoecos.com.ar\/wp-content\/uploads\/2023\/10\/operativocasbascasey.jpg",640,293,false],"1536x1536":["https:\/\/infoecos.com.ar\/wp-content\/uploads\/2023\/10\/operativocasbascasey.jpg",725,332,false],"2048x2048":["https:\/\/infoecos.com.ar\/wp-content\/uploads\/2023\/10\/operativocasbascasey.jpg",725,332,false],"covernews-slider-full":["https:\/\/infoecos.com.ar\/wp-content\/uploads\/2023\/10\/operativocasbascasey.jpg",725,332,false],"covernews-slider-center":["https:\/\/infoecos.com.ar\/wp-content\/uploads\/2023\/10\/operativocasbascasey.jpg",725,332,false],"covernews-featured":["https:\/\/infoecos.com.ar\/wp-content\/uploads\/2023\/10\/operativocasbascasey.jpg",725,332,false],"covernews-medium":["https:\/\/infoecos.com.ar\/wp-content\/uploads\/2023\/10\/operativocasbascasey-720x332.jpg",540,249,true],"covernews-medium-square":["https:\/\/infoecos.com.ar\/wp-content\/uploads\/2023\/10\/operativocasbascasey-675x332.jpg",400,197,true]},"author_info":{"info":["Jorge Matheus"]},"category_info":"<a href=\"https:\/\/infoecos.com.ar\/index.php\/category\/noticia-secundaria\/\" rel=\"category tag\">Noticia Secundaria<\/a>","tag_info":"Noticia Secundaria","comment_count":"0","_links":{"self":[{"href":"https:\/\/infoecos.com.ar\/index.php\/wp-json\/wp\/v2\/posts\/114533"}],"collection":[{"href":"https:\/\/infoecos.com.ar\/index.php\/wp-json\/wp\/v2\/posts"}],"about":[{"href":"https:\/\/infoecos.com.ar\/index.php\/wp-json\/wp\/v2\/types\/post"}],"author":[{"embeddable":true,"href":"https:\/\/infoecos.com.ar\/index.php\/wp-json\/wp\/v2\/users\/2"}],"replies":[{"embeddable":true,"href":"https:\/\/infoecos.com.ar\/index.php\/wp-json\/wp\/v2\/comments?post=114533"}],"version-history":[{"count":1,"href":"https:\/\/infoecos.com.ar\/index.php\/wp-json\/wp\/v2\/posts\/114533\/revisions"}],"predecessor-version":[{"id":114537,"href":"https:\/\/infoecos.com.ar\/index.php\/wp-json\/wp\/v2\/posts\/114533\/revisions\/114537"}],"wp:featuredmedia":[{"embeddable":true,"href":"https:\/\/infoecos.com.ar\/index.php\/wp-json\/wp\/v2\/media\/114535"}],"wp:attachment":[{"href":"https:\/\/infoecos.com.ar\/index.php\/wp-json\/wp\/v2\/media?parent=114533"}],"wp:term":[{"taxonomy":"category","embeddable":true,"href":"https:\/\/infoecos.com.ar\/index.php\/wp-json\/wp\/v2\/categories?post=114533"},{"taxonomy":"post_tag","embeddable":true,"href":"https:\/\/infoecos.com.ar\/index.php\/wp-json\/wp\/v2\/tags?post=114533"}],"curies":[{"name":"wp","href":"https:\/\/api.w.org\/{rel}","templated":true}]}}