{"id":114583,"date":"2023-10-25T03:41:40","date_gmt":"2023-10-25T06:41:40","guid":{"rendered":"https:\/\/infoecos.com.ar\/?p=114583"},"modified":"2023-10-31T03:11:00","modified_gmt":"2023-10-31T06:11:00","slug":"kicillof-y-massa-solo-perdieron-en-la-sexta-seccion-electoral","status":"publish","type":"post","link":"https:\/\/infoecos.com.ar\/index.php\/kicillof-y-massa-solo-perdieron-en-la-sexta-seccion-electoral\/","title":{"rendered":"Kicillof y Massa solo perdieron en la Sexta Secci\u00f3n Electoral"},"content":{"rendered":"\n<p>Axel Kicillof y Sergio Massa hicieron una hist\u00f3rica elecci\u00f3n este domingo ganando por amplio margen en el territorio bonaerense. Sin embargo, ambos perdieron en la misma secci\u00f3n electoral.<\/p>\n\n\n\n<figure class=\"wp-block-image aligncenter size-full\"><img decoding=\"async\" src=\"https:\/\/infoecos.com.ar\/wp-content\/uploads\/sexta.jpg\" alt=\"\" class=\"wp-image-38372\"\/><figcaption class=\"wp-element-caption\">Sexta Secci\u00f3n<\/figcaption><\/figure>\n\n\n\n<p>El candidato presidencial de Uni\u00f3n por la Patria (UxP), Sergio Massa, triunf\u00f3 en siete de las ocho secciones electorales en que se divide la provincia de Buenos Aires. El ministro de Econom\u00eda logr\u00f3 imponerse en la Primera, Segunda, Tercera, Cuarta, Quinta, S\u00e9ptima y Octava secciones, mientras que La Libertad Avanza gan\u00f3 en la categor\u00eda presidencial en la Sexta.<\/p>\n\n\n\n<p>Por su parte, Axel Kicillof tambi\u00e9n logro imponerse en la Primera, Segunda, Tercera, Cuarta, Quinta, S\u00e9ptima y Octava secciones, pero en su caso JxC gan\u00f3 en la Sexta.<\/p>\n\n\n\n<figure class=\"wp-block-image aligncenter size-full is-resized\"><img loading=\"lazy\" decoding=\"async\" src=\"https:\/\/infoecos.com.ar\/wp-content\/uploads\/2023\/10\/image-170.png\" alt=\"\" class=\"wp-image-114584\" width=\"364\" height=\"412\"\/><\/figure>\n\n\n\n<p>Cabe destacar que la sexta secci\u00f3n electoral de la Provincia de Buenos Aires est\u00e1 comprendida por los partidos: Adolfo Alsina, Adolfo Gonzales Chaves, Bah\u00eda Blanca, Benito Ju\u00e1rez, Coronel Dorrego, Coronel Pringles, Coronel Rosales, Coronel Su\u00e1rez, Daireaux, Guamin\u00ed, General Lamadrid, Laprida, Monte Hermoso, Patagones, Pellegrini, Puan, Saavedra, Salliquel\u00f3, Tres Arroyos, Tres Lomas, Tornquist y Villarino.\u200b<\/p>\n\n\n\n<p>(InfoGEI) <\/p>\n","protected":false},"excerpt":{"rendered":"<p>Aporta 11 diputados provinciales y 6 senadores provinciales de un total de 92 y 46 respectivament<\/p>\n","protected":false},"author":2,"featured_media":114584,"comment_status":"closed","ping_status":"open","sticky":false,"template":"","format":"standard","meta":{"footnotes":""},"categories":[201],"tags":[6789],"class_list":["post-114583","post","type-post","status-publish","format-standard","has-post-thumbnail","hentry","category-inferior9","tag-elecciones-2023"],"yoast_head":"<!-- This site is optimized with the Yoast SEO plugin v23.4 - https:\/\/yoast.com\/wordpress\/plugins\/seo\/ -->\n<title>Kicillof y Massa solo perdieron en la Sexta Secci\u00f3n Electoral - Infoecos<\/title>\n<meta name=\"robots\" content=\"index, follow, max-snippet:-1, max-image-preview:large, max-video-preview:-1\" \/>\n<link rel=\"canonical\" href=\"https:\/\/infoecos.com.ar\/index.php\/kicillof-y-massa-solo-perdieron-en-la-sexta-seccion-electoral\/\" \/>\n<meta property=\"og:locale\" content=\"es_ES\" \/>\n<meta property=\"og:type\" content=\"article\" \/>\n<meta property=\"og:title\" content=\"Kicillof y Massa solo perdieron en la Sexta Secci\u00f3n Electoral - Infoecos\" \/>\n<meta property=\"og:description\" content=\"Aporta 11 diputados provinciales y 6 senadores provinciales de un total de 92 y 46 respectivament\" \/>\n<meta property=\"og:url\" content=\"https:\/\/infoecos.com.ar\/index.php\/kicillof-y-massa-solo-perdieron-en-la-sexta-seccion-electoral\/\" \/>\n<meta property=\"og:site_name\" content=\"Infoecos\" \/>\n<meta property=\"article:publisher\" content=\"https:\/\/www.facebook.com\/profile.php?id=100063200290284\" \/>\n<meta property=\"article:published_time\" content=\"2023-10-25T06:41:40+00:00\" \/>\n<meta property=\"article:modified_time\" content=\"2023-10-31T06:11:00+00:00\" \/>\n<meta property=\"og:image\" content=\"https:\/\/infoecos.com.ar\/wp-content\/uploads\/2023\/10\/image-170.png\" \/>\n\t<meta property=\"og:image:width\" content=\"471\" \/>\n\t<meta property=\"og:image:height\" content=\"533\" \/>\n\t<meta property=\"og:image:type\" content=\"image\/png\" \/>\n<meta name=\"author\" content=\"Jorge Matheus\" \/>\n<meta name=\"twitter:card\" content=\"summary_large_image\" \/>\n<meta name=\"twitter:creator\" content=\"@infoecos\" \/>\n<meta name=\"twitter:site\" content=\"@infoecos\" \/>\n<meta name=\"twitter:label1\" content=\"Escrito por\" \/>\n\t<meta name=\"twitter:data1\" content=\"Jorge Matheus\" \/>\n\t<meta name=\"twitter:label2\" content=\"Tiempo de lectura\" \/>\n\t<meta name=\"twitter:data2\" content=\"2 minutos\" \/>\n<script type=\"application\/ld+json\" class=\"yoast-schema-graph\">{\"@context\":\"https:\/\/schema.org\",\"@graph\":[{\"@type\":\"Article\",\"@id\":\"https:\/\/infoecos.com.ar\/index.php\/kicillof-y-massa-solo-perdieron-en-la-sexta-seccion-electoral\/#article\",\"isPartOf\":{\"@id\":\"https:\/\/infoecos.com.ar\/index.php\/kicillof-y-massa-solo-perdieron-en-la-sexta-seccion-electoral\/\"},\"author\":{\"name\":\"Jorge Matheus\",\"@id\":\"https:\/\/infoecos.com.ar\/#\/schema\/person\/8f5ace5ce73b4b4aac4b7245aee6f191\"},\"headline\":\"Kicillof y Massa solo perdieron en la Sexta Secci\u00f3n Electoral\",\"datePublished\":\"2023-10-25T06:41:40+00:00\",\"dateModified\":\"2023-10-31T06:11:00+00:00\",\"mainEntityOfPage\":{\"@id\":\"https:\/\/infoecos.com.ar\/index.php\/kicillof-y-massa-solo-perdieron-en-la-sexta-seccion-electoral\/\"},\"wordCount\":196,\"publisher\":{\"@id\":\"https:\/\/infoecos.com.ar\/#organization\"},\"image\":{\"@id\":\"https:\/\/infoecos.com.ar\/index.php\/kicillof-y-massa-solo-perdieron-en-la-sexta-seccion-electoral\/#primaryimage\"},\"thumbnailUrl\":\"https:\/\/infoecos.com.ar\/wp-content\/uploads\/2023\/10\/image-170.png\",\"keywords\":[\"elecciones 2023\"],\"articleSection\":[\"Bloque inferior - 9\"],\"inLanguage\":\"es\"},{\"@type\":\"WebPage\",\"@id\":\"https:\/\/infoecos.com.ar\/index.php\/kicillof-y-massa-solo-perdieron-en-la-sexta-seccion-electoral\/\",\"url\":\"https:\/\/infoecos.com.ar\/index.php\/kicillof-y-massa-solo-perdieron-en-la-sexta-seccion-electoral\/\",\"name\":\"Kicillof y Massa solo perdieron en la Sexta Secci\u00f3n Electoral - Infoecos\",\"isPartOf\":{\"@id\":\"https:\/\/infoecos.com.ar\/#website\"},\"primaryImageOfPage\":{\"@id\":\"https:\/\/infoecos.com.ar\/index.php\/kicillof-y-massa-solo-perdieron-en-la-sexta-seccion-electoral\/#primaryimage\"},\"image\":{\"@id\":\"https:\/\/infoecos.com.ar\/index.php\/kicillof-y-massa-solo-perdieron-en-la-sexta-seccion-electoral\/#primaryimage\"},\"thumbnailUrl\":\"https:\/\/infoecos.com.ar\/wp-content\/uploads\/2023\/10\/image-170.png\",\"datePublished\":\"2023-10-25T06:41:40+00:00\",\"dateModified\":\"2023-10-31T06:11:00+00:00\",\"breadcrumb\":{\"@id\":\"https:\/\/infoecos.com.ar\/index.php\/kicillof-y-massa-solo-perdieron-en-la-sexta-seccion-electoral\/#breadcrumb\"},\"inLanguage\":\"es\",\"potentialAction\":[{\"@type\":\"ReadAction\",\"target\":[\"https:\/\/infoecos.com.ar\/index.php\/kicillof-y-massa-solo-perdieron-en-la-sexta-seccion-electoral\/\"]}]},{\"@type\":\"ImageObject\",\"inLanguage\":\"es\",\"@id\":\"https:\/\/infoecos.com.ar\/index.php\/kicillof-y-massa-solo-perdieron-en-la-sexta-seccion-electoral\/#primaryimage\",\"url\":\"https:\/\/infoecos.com.ar\/wp-content\/uploads\/2023\/10\/image-170.png\",\"contentUrl\":\"https:\/\/infoecos.com.ar\/wp-content\/uploads\/2023\/10\/image-170.png\",\"width\":471,\"height\":533},{\"@type\":\"BreadcrumbList\",\"@id\":\"https:\/\/infoecos.com.ar\/index.php\/kicillof-y-massa-solo-perdieron-en-la-sexta-seccion-electoral\/#breadcrumb\",\"itemListElement\":[{\"@type\":\"ListItem\",\"position\":1,\"name\":\"Portada\",\"item\":\"https:\/\/infoecos.com.ar\/\"},{\"@type\":\"ListItem\",\"position\":2,\"name\":\"Kicillof y Massa solo perdieron en la Sexta Secci\u00f3n Electoral\"}]},{\"@type\":\"WebSite\",\"@id\":\"https:\/\/infoecos.com.ar\/#website\",\"url\":\"https:\/\/infoecos.com.ar\/\",\"name\":\"Infoecos\",\"description\":\"Noticias de trenque lauquen y la zona\",\"publisher\":{\"@id\":\"https:\/\/infoecos.com.ar\/#organization\"},\"alternateName\":\"Noticias\",\"potentialAction\":[{\"@type\":\"SearchAction\",\"target\":{\"@type\":\"EntryPoint\",\"urlTemplate\":\"https:\/\/infoecos.com.ar\/?s={search_term_string}\"},\"query-input\":{\"@type\":\"PropertyValueSpecification\",\"valueRequired\":true,\"valueName\":\"search_term_string\"}}],\"inLanguage\":\"es\"},{\"@type\":\"Organization\",\"@id\":\"https:\/\/infoecos.com.ar\/#organization\",\"name\":\"Infoecos\",\"alternateName\":\"Noticias\",\"url\":\"https:\/\/infoecos.com.ar\/\",\"logo\":{\"@type\":\"ImageObject\",\"inLanguage\":\"es\",\"@id\":\"https:\/\/infoecos.com.ar\/#\/schema\/logo\/image\/\",\"url\":\"https:\/\/infoecos.com.ar\/wp-content\/uploads\/2024\/03\/cropped-logo.png\",\"contentUrl\":\"https:\/\/infoecos.com.ar\/wp-content\/uploads\/2024\/03\/cropped-logo.png\",\"width\":374,\"height\":90,\"caption\":\"Infoecos\"},\"image\":{\"@id\":\"https:\/\/infoecos.com.ar\/#\/schema\/logo\/image\/\"},\"sameAs\":[\"https:\/\/www.facebook.com\/profile.php?id=100063200290284\",\"https:\/\/x.com\/infoecos\"]},{\"@type\":\"Person\",\"@id\":\"https:\/\/infoecos.com.ar\/#\/schema\/person\/8f5ace5ce73b4b4aac4b7245aee6f191\",\"name\":\"Jorge Matheus\",\"url\":\"https:\/\/infoecos.com.ar\/index.php\/author\/jomatheus\/\"}]}<\/script>\n<!-- \/ Yoast SEO plugin. -->","yoast_head_json":{"title":"Kicillof y Massa solo perdieron en la Sexta Secci\u00f3n Electoral - Infoecos","robots":{"index":"index","follow":"follow","max-snippet":"max-snippet:-1","max-image-preview":"max-image-preview:large","max-video-preview":"max-video-preview:-1"},"canonical":"https:\/\/infoecos.com.ar\/index.php\/kicillof-y-massa-solo-perdieron-en-la-sexta-seccion-electoral\/","og_locale":"es_ES","og_type":"article","og_title":"Kicillof y Massa solo perdieron en la Sexta Secci\u00f3n Electoral - Infoecos","og_description":"Aporta 11 diputados provinciales y 6 senadores provinciales de un total de 92 y 46 respectivament","og_url":"https:\/\/infoecos.com.ar\/index.php\/kicillof-y-massa-solo-perdieron-en-la-sexta-seccion-electoral\/","og_site_name":"Infoecos","article_publisher":"https:\/\/www.facebook.com\/profile.php?id=100063200290284","article_published_time":"2023-10-25T06:41:40+00:00","article_modified_time":"2023-10-31T06:11:00+00:00","og_image":[{"width":471,"height":533,"url":"https:\/\/infoecos.com.ar\/wp-content\/uploads\/2023\/10\/image-170.png","type":"image\/png"}],"author":"Jorge Matheus","twitter_card":"summary_large_image","twitter_creator":"@infoecos","twitter_site":"@infoecos","twitter_misc":{"Escrito por":"Jorge Matheus","Tiempo de lectura":"2 minutos"},"schema":{"@context":"https:\/\/schema.org","@graph":[{"@type":"Article","@id":"https:\/\/infoecos.com.ar\/index.php\/kicillof-y-massa-solo-perdieron-en-la-sexta-seccion-electoral\/#article","isPartOf":{"@id":"https:\/\/infoecos.com.ar\/index.php\/kicillof-y-massa-solo-perdieron-en-la-sexta-seccion-electoral\/"},"author":{"name":"Jorge Matheus","@id":"https:\/\/infoecos.com.ar\/#\/schema\/person\/8f5ace5ce73b4b4aac4b7245aee6f191"},"headline":"Kicillof y Massa solo perdieron en la Sexta Secci\u00f3n Electoral","datePublished":"2023-10-25T06:41:40+00:00","dateModified":"2023-10-31T06:11:00+00:00","mainEntityOfPage":{"@id":"https:\/\/infoecos.com.ar\/index.php\/kicillof-y-massa-solo-perdieron-en-la-sexta-seccion-electoral\/"},"wordCount":196,"publisher":{"@id":"https:\/\/infoecos.com.ar\/#organization"},"image":{"@id":"https:\/\/infoecos.com.ar\/index.php\/kicillof-y-massa-solo-perdieron-en-la-sexta-seccion-electoral\/#primaryimage"},"thumbnailUrl":"https:\/\/infoecos.com.ar\/wp-content\/uploads\/2023\/10\/image-170.png","keywords":["elecciones 2023"],"articleSection":["Bloque inferior - 9"],"inLanguage":"es"},{"@type":"WebPage","@id":"https:\/\/infoecos.com.ar\/index.php\/kicillof-y-massa-solo-perdieron-en-la-sexta-seccion-electoral\/","url":"https:\/\/infoecos.com.ar\/index.php\/kicillof-y-massa-solo-perdieron-en-la-sexta-seccion-electoral\/","name":"Kicillof y Massa solo perdieron en la Sexta Secci\u00f3n Electoral - Infoecos","isPartOf":{"@id":"https:\/\/infoecos.com.ar\/#website"},"primaryImageOfPage":{"@id":"https:\/\/infoecos.com.ar\/index.php\/kicillof-y-massa-solo-perdieron-en-la-sexta-seccion-electoral\/#primaryimage"},"image":{"@id":"https:\/\/infoecos.com.ar\/index.php\/kicillof-y-massa-solo-perdieron-en-la-sexta-seccion-electoral\/#primaryimage"},"thumbnailUrl":"https:\/\/infoecos.com.ar\/wp-content\/uploads\/2023\/10\/image-170.png","datePublished":"2023-10-25T06:41:40+00:00","dateModified":"2023-10-31T06:11:00+00:00","breadcrumb":{"@id":"https:\/\/infoecos.com.ar\/index.php\/kicillof-y-massa-solo-perdieron-en-la-sexta-seccion-electoral\/#breadcrumb"},"inLanguage":"es","potentialAction":[{"@type":"ReadAction","target":["https:\/\/infoecos.com.ar\/index.php\/kicillof-y-massa-solo-perdieron-en-la-sexta-seccion-electoral\/"]}]},{"@type":"ImageObject","inLanguage":"es","@id":"https:\/\/infoecos.com.ar\/index.php\/kicillof-y-massa-solo-perdieron-en-la-sexta-seccion-electoral\/#primaryimage","url":"https:\/\/infoecos.com.ar\/wp-content\/uploads\/2023\/10\/image-170.png","contentUrl":"https:\/\/infoecos.com.ar\/wp-content\/uploads\/2023\/10\/image-170.png","width":471,"height":533},{"@type":"BreadcrumbList","@id":"https:\/\/infoecos.com.ar\/index.php\/kicillof-y-massa-solo-perdieron-en-la-sexta-seccion-electoral\/#breadcrumb","itemListElement":[{"@type":"ListItem","position":1,"name":"Portada","item":"https:\/\/infoecos.com.ar\/"},{"@type":"ListItem","position":2,"name":"Kicillof y Massa solo perdieron en la Sexta Secci\u00f3n Electoral"}]},{"@type":"WebSite","@id":"https:\/\/infoecos.com.ar\/#website","url":"https:\/\/infoecos.com.ar\/","name":"Infoecos","description":"Noticias de trenque lauquen y la zona","publisher":{"@id":"https:\/\/infoecos.com.ar\/#organization"},"alternateName":"Noticias","potentialAction":[{"@type":"SearchAction","target":{"@type":"EntryPoint","urlTemplate":"https:\/\/infoecos.com.ar\/?s={search_term_string}"},"query-input":{"@type":"PropertyValueSpecification","valueRequired":true,"valueName":"search_term_string"}}],"inLanguage":"es"},{"@type":"Organization","@id":"https:\/\/infoecos.com.ar\/#organization","name":"Infoecos","alternateName":"Noticias","url":"https:\/\/infoecos.com.ar\/","logo":{"@type":"ImageObject","inLanguage":"es","@id":"https:\/\/infoecos.com.ar\/#\/schema\/logo\/image\/","url":"https:\/\/infoecos.com.ar\/wp-content\/uploads\/2024\/03\/cropped-logo.png","contentUrl":"https:\/\/infoecos.com.ar\/wp-content\/uploads\/2024\/03\/cropped-logo.png","width":374,"height":90,"caption":"Infoecos"},"image":{"@id":"https:\/\/infoecos.com.ar\/#\/schema\/logo\/image\/"},"sameAs":["https:\/\/www.facebook.com\/profile.php?id=100063200290284","https:\/\/x.com\/infoecos"]},{"@type":"Person","@id":"https:\/\/infoecos.com.ar\/#\/schema\/person\/8f5ace5ce73b4b4aac4b7245aee6f191","name":"Jorge Matheus","url":"https:\/\/infoecos.com.ar\/index.php\/author\/jomatheus\/"}]}},"featured_image_urls":{"full":["https:\/\/infoecos.com.ar\/wp-content\/uploads\/2023\/10\/image-170.png",471,533,false],"thumbnail":["https:\/\/infoecos.com.ar\/wp-content\/uploads\/2023\/10\/image-170-300x150.png",300,150,true],"medium":["https:\/\/infoecos.com.ar\/wp-content\/uploads\/2023\/10\/image-170.png",471,533,false],"medium_large":["https:\/\/infoecos.com.ar\/wp-content\/uploads\/2023\/10\/image-170.png",471,533,false],"large":["https:\/\/infoecos.com.ar\/wp-content\/uploads\/2023\/10\/image-170.png",471,533,false],"1536x1536":["https:\/\/infoecos.com.ar\/wp-content\/uploads\/2023\/10\/image-170.png",471,533,false],"2048x2048":["https:\/\/infoecos.com.ar\/wp-content\/uploads\/2023\/10\/image-170.png",471,533,false],"covernews-slider-full":["https:\/\/infoecos.com.ar\/wp-content\/uploads\/2023\/10\/image-170.png",471,533,false],"covernews-slider-center":["https:\/\/infoecos.com.ar\/wp-content\/uploads\/2023\/10\/image-170.png",442,500,false],"covernews-featured":["https:\/\/infoecos.com.ar\/wp-content\/uploads\/2023\/10\/image-170.png",471,533,false],"covernews-medium":["https:\/\/infoecos.com.ar\/wp-content\/uploads\/2023\/10\/image-170-471x380.png",421,340,true],"covernews-medium-square":["https:\/\/infoecos.com.ar\/wp-content\/uploads\/2023\/10\/image-170-471x450.png",262,250,true]},"author_info":{"info":["Jorge Matheus"]},"category_info":"<a href=\"https:\/\/infoecos.com.ar\/index.php\/category\/inferior9\/\" rel=\"category tag\">Bloque inferior - 9<\/a>","tag_info":"Bloque inferior - 9","comment_count":"0","_links":{"self":[{"href":"https:\/\/infoecos.com.ar\/index.php\/wp-json\/wp\/v2\/posts\/114583"}],"collection":[{"href":"https:\/\/infoecos.com.ar\/index.php\/wp-json\/wp\/v2\/posts"}],"about":[{"href":"https:\/\/infoecos.com.ar\/index.php\/wp-json\/wp\/v2\/types\/post"}],"author":[{"embeddable":true,"href":"https:\/\/infoecos.com.ar\/index.php\/wp-json\/wp\/v2\/users\/2"}],"replies":[{"embeddable":true,"href":"https:\/\/infoecos.com.ar\/index.php\/wp-json\/wp\/v2\/comments?post=114583"}],"version-history":[{"count":1,"href":"https:\/\/infoecos.com.ar\/index.php\/wp-json\/wp\/v2\/posts\/114583\/revisions"}],"predecessor-version":[{"id":114585,"href":"https:\/\/infoecos.com.ar\/index.php\/wp-json\/wp\/v2\/posts\/114583\/revisions\/114585"}],"wp:featuredmedia":[{"embeddable":true,"href":"https:\/\/infoecos.com.ar\/index.php\/wp-json\/wp\/v2\/media\/114584"}],"wp:attachment":[{"href":"https:\/\/infoecos.com.ar\/index.php\/wp-json\/wp\/v2\/media?parent=114583"}],"wp:term":[{"taxonomy":"category","embeddable":true,"href":"https:\/\/infoecos.com.ar\/index.php\/wp-json\/wp\/v2\/categories?post=114583"},{"taxonomy":"post_tag","embeddable":true,"href":"https:\/\/infoecos.com.ar\/index.php\/wp-json\/wp\/v2\/tags?post=114583"}],"curies":[{"name":"wp","href":"https:\/\/api.w.org\/{rel}","templated":true}]}}