{"id":114590,"date":"2023-10-25T04:15:26","date_gmt":"2023-10-25T07:15:26","guid":{"rendered":"https:\/\/infoecos.com.ar\/?p=114590"},"modified":"2023-10-25T04:15:27","modified_gmt":"2023-10-25T07:15:27","slug":"pehuajo-pareciera-que-pablo-zurro-se-calmo-y-garaventa-dio-muestras-de-madurez-politica","status":"publish","type":"post","link":"https:\/\/infoecos.com.ar\/index.php\/pehuajo-pareciera-que-pablo-zurro-se-calmo-y-garaventa-dio-muestras-de-madurez-politica\/","title":{"rendered":"Pehuaj\u00f3: pareciera que Pablo Zurro \u00abse calm\u00f3\u00bb y Garaventa dio muestras de madurez pol\u00edtica"},"content":{"rendered":"\n<p>El Jefe Comunal, ya reelecto agradeci\u00f3 a \u201ctodo el pueblo de Pehuaj\u00f3\u201d y afirm\u00f3 que \u201csoy el Intendente de todos y todas. Ustedes hicieron que nunca pierda, pero para mi lo m\u00e1s importante es que no pierda el partido de Pehuaj\u00f3\u201d.<\/p>\n\n\n\n<figure class=\"wp-block-image aligncenter size-full is-resized\"><img loading=\"lazy\" decoding=\"async\" src=\"https:\/\/infoecos.com.ar\/wp-content\/uploads\/2023\/10\/image-171.png\" alt=\"\" class=\"wp-image-114591\" width=\"473\" height=\"315\" srcset=\"https:\/\/infoecos.com.ar\/wp-content\/uploads\/2023\/10\/image-171.png 1024w, https:\/\/infoecos.com.ar\/wp-content\/uploads\/2023\/10\/image-171-800x534.png 800w, https:\/\/infoecos.com.ar\/wp-content\/uploads\/2023\/10\/image-171-768x512.png 768w, https:\/\/infoecos.com.ar\/wp-content\/uploads\/2023\/10\/image-171-675x450.png 675w\" sizes=\"(max-width: 473px) 100vw, 473px\" \/><\/figure>\n\n\n\n<p>\u00abYo no le voy a preguntar a alguien que viene a verme a qui\u00e9n vot\u00f3, yo le voy a resolver el problema\u201d, manifest\u00f3 el mandatario comunal.<\/p>\n\n\n\n<p>Zurro expres\u00f3 que \u00abtengo que ir por m\u00e1s, siempre defendiendo la ideolog\u00eda\u201d. \u201cAlgunas cosas no las puedo conseguir, pero siempre voy a poner las ganas\u201d. Les pidi\u00f3 a sus funcionarios que redoblen la apuesta y que festejen sin agravios.<\/p>\n\n\n\n<p>El mandatario expres\u00f3 que \u201cvamos por un Pehuaj\u00f3 mejor y unido. Vamos por todo\u201d, y cerr\u00f3 tir\u00e1ndose agua con una botella y agregando \u201cagua para Pehuaj\u00f3\u201d, en clara alusi\u00f3n al acueducto desde Mones Caz\u00f3n.<\/p>\n\n\n\n<figure class=\"wp-block-image aligncenter size-full is-resized\"><img loading=\"lazy\" decoding=\"async\" src=\"https:\/\/infoecos.com.ar\/wp-content\/uploads\/2023\/10\/image-172.png\" alt=\"\" class=\"wp-image-114592\" width=\"450\" height=\"293\" srcset=\"https:\/\/infoecos.com.ar\/wp-content\/uploads\/2023\/10\/image-172.png 875w, https:\/\/infoecos.com.ar\/wp-content\/uploads\/2023\/10\/image-172-800x520.png 800w, https:\/\/infoecos.com.ar\/wp-content\/uploads\/2023\/10\/image-172-768x499.png 768w\" sizes=\"(max-width: 450px) 100vw, 450px\" \/><\/figure>\n\n\n\n<p>El candidato a intendente de Juntos, Juan Garaventa, seg\u00fan se\u00f1alan los medios en un hecho que no se produc\u00eda desde hace 16 a\u00f1os, reconoci\u00f3 la derrota en rueda de prensa, y luego se acerc\u00f3 al local partidario de Uni\u00f3n por la Patria, para felicitarlo por el triunfo.<\/p>\n\n\n\n<figure class=\"wp-block-image aligncenter size-full is-resized\"><img loading=\"lazy\" decoding=\"async\" src=\"https:\/\/infoecos.com.ar\/wp-content\/uploads\/2023\/10\/image-173.png\" alt=\"\" class=\"wp-image-114593\" width=\"437\" height=\"291\" srcset=\"https:\/\/infoecos.com.ar\/wp-content\/uploads\/2023\/10\/image-173.png 1024w, https:\/\/infoecos.com.ar\/wp-content\/uploads\/2023\/10\/image-173-800x534.png 800w, https:\/\/infoecos.com.ar\/wp-content\/uploads\/2023\/10\/image-173-768x512.png 768w, https:\/\/infoecos.com.ar\/wp-content\/uploads\/2023\/10\/image-173-675x450.png 675w\" sizes=\"(max-width: 437px) 100vw, 437px\" \/><\/figure>\n","protected":false},"excerpt":{"rendered":"<p>El mandatario expres\u00f3 que \u201cvamos por un Pehuaj\u00f3 mejor y unido. Vamos por todo\u201d, y cerr\u00f3 tir\u00e1ndose agua con una botella y agregando \u201cagua para Pehuaj\u00f3\u201d, en clara alusi\u00f3n al acueducto desde Mones Caz\u00f3n<\/p>\n","protected":false},"author":2,"featured_media":114593,"comment_status":"closed","ping_status":"open","sticky":false,"template":"","format":"standard","meta":{"footnotes":""},"categories":[49],"tags":[8732],"class_list":["post-114590","post","type-post","status-publish","format-standard","has-post-thumbnail","hentry","category-c3nota3","tag-los-efectos-de-la-eleccion"],"yoast_head":"<!-- This site is optimized with the Yoast SEO plugin v23.4 - https:\/\/yoast.com\/wordpress\/plugins\/seo\/ -->\n<title>Pehuaj\u00f3: pareciera que Pablo Zurro &quot;se calm\u00f3&quot; y Garaventa dio muestras de madurez pol\u00edtica - Infoecos<\/title>\n<meta name=\"robots\" content=\"index, follow, max-snippet:-1, max-image-preview:large, max-video-preview:-1\" \/>\n<link rel=\"canonical\" href=\"https:\/\/infoecos.com.ar\/index.php\/pehuajo-pareciera-que-pablo-zurro-se-calmo-y-garaventa-dio-muestras-de-madurez-politica\/\" \/>\n<meta property=\"og:locale\" content=\"es_ES\" \/>\n<meta property=\"og:type\" content=\"article\" \/>\n<meta property=\"og:title\" content=\"Pehuaj\u00f3: pareciera que Pablo Zurro &quot;se calm\u00f3&quot; y Garaventa dio muestras de madurez pol\u00edtica - Infoecos\" \/>\n<meta property=\"og:description\" content=\"El mandatario expres\u00f3 que \u201cvamos por un Pehuaj\u00f3 mejor y unido. Vamos por todo\u201d, y cerr\u00f3 tir\u00e1ndose agua con una botella y agregando \u201cagua para Pehuaj\u00f3\u201d, en clara alusi\u00f3n al acueducto desde Mones Caz\u00f3n\" \/>\n<meta property=\"og:url\" content=\"https:\/\/infoecos.com.ar\/index.php\/pehuajo-pareciera-que-pablo-zurro-se-calmo-y-garaventa-dio-muestras-de-madurez-politica\/\" \/>\n<meta property=\"og:site_name\" content=\"Infoecos\" \/>\n<meta property=\"article:publisher\" content=\"https:\/\/www.facebook.com\/profile.php?id=100063200290284\" \/>\n<meta property=\"article:published_time\" content=\"2023-10-25T07:15:26+00:00\" \/>\n<meta property=\"article:modified_time\" content=\"2023-10-25T07:15:27+00:00\" \/>\n<meta property=\"og:image\" content=\"https:\/\/infoecos.com.ar\/wp-content\/uploads\/2023\/10\/image-173.png\" \/>\n\t<meta property=\"og:image:width\" content=\"1024\" \/>\n\t<meta property=\"og:image:height\" content=\"683\" \/>\n\t<meta property=\"og:image:type\" content=\"image\/png\" \/>\n<meta name=\"author\" content=\"Jorge Matheus\" \/>\n<meta name=\"twitter:card\" content=\"summary_large_image\" \/>\n<meta name=\"twitter:creator\" content=\"@infoecos\" \/>\n<meta name=\"twitter:site\" content=\"@infoecos\" \/>\n<meta name=\"twitter:label1\" content=\"Escrito por\" \/>\n\t<meta name=\"twitter:data1\" content=\"Jorge Matheus\" \/>\n\t<meta name=\"twitter:label2\" content=\"Tiempo de lectura\" \/>\n\t<meta name=\"twitter:data2\" content=\"2 minutos\" \/>\n<script type=\"application\/ld+json\" class=\"yoast-schema-graph\">{\"@context\":\"https:\/\/schema.org\",\"@graph\":[{\"@type\":\"Article\",\"@id\":\"https:\/\/infoecos.com.ar\/index.php\/pehuajo-pareciera-que-pablo-zurro-se-calmo-y-garaventa-dio-muestras-de-madurez-politica\/#article\",\"isPartOf\":{\"@id\":\"https:\/\/infoecos.com.ar\/index.php\/pehuajo-pareciera-que-pablo-zurro-se-calmo-y-garaventa-dio-muestras-de-madurez-politica\/\"},\"author\":{\"name\":\"Jorge Matheus\",\"@id\":\"https:\/\/infoecos.com.ar\/#\/schema\/person\/8f5ace5ce73b4b4aac4b7245aee6f191\"},\"headline\":\"Pehuaj\u00f3: pareciera que Pablo Zurro \u00abse calm\u00f3\u00bb y Garaventa dio muestras de madurez pol\u00edtica\",\"datePublished\":\"2023-10-25T07:15:26+00:00\",\"dateModified\":\"2023-10-25T07:15:27+00:00\",\"mainEntityOfPage\":{\"@id\":\"https:\/\/infoecos.com.ar\/index.php\/pehuajo-pareciera-que-pablo-zurro-se-calmo-y-garaventa-dio-muestras-de-madurez-politica\/\"},\"wordCount\":213,\"publisher\":{\"@id\":\"https:\/\/infoecos.com.ar\/#organization\"},\"image\":{\"@id\":\"https:\/\/infoecos.com.ar\/index.php\/pehuajo-pareciera-que-pablo-zurro-se-calmo-y-garaventa-dio-muestras-de-madurez-politica\/#primaryimage\"},\"thumbnailUrl\":\"https:\/\/infoecos.com.ar\/wp-content\/uploads\/2023\/10\/image-173.png\",\"keywords\":[\"LOS EFECTOS DE LA ELECCI\u00d3N\"],\"articleSection\":[\"C3 N3\"],\"inLanguage\":\"es\"},{\"@type\":\"WebPage\",\"@id\":\"https:\/\/infoecos.com.ar\/index.php\/pehuajo-pareciera-que-pablo-zurro-se-calmo-y-garaventa-dio-muestras-de-madurez-politica\/\",\"url\":\"https:\/\/infoecos.com.ar\/index.php\/pehuajo-pareciera-que-pablo-zurro-se-calmo-y-garaventa-dio-muestras-de-madurez-politica\/\",\"name\":\"Pehuaj\u00f3: pareciera que Pablo Zurro \\\"se calm\u00f3\\\" y Garaventa dio muestras de madurez pol\u00edtica - Infoecos\",\"isPartOf\":{\"@id\":\"https:\/\/infoecos.com.ar\/#website\"},\"primaryImageOfPage\":{\"@id\":\"https:\/\/infoecos.com.ar\/index.php\/pehuajo-pareciera-que-pablo-zurro-se-calmo-y-garaventa-dio-muestras-de-madurez-politica\/#primaryimage\"},\"image\":{\"@id\":\"https:\/\/infoecos.com.ar\/index.php\/pehuajo-pareciera-que-pablo-zurro-se-calmo-y-garaventa-dio-muestras-de-madurez-politica\/#primaryimage\"},\"thumbnailUrl\":\"https:\/\/infoecos.com.ar\/wp-content\/uploads\/2023\/10\/image-173.png\",\"datePublished\":\"2023-10-25T07:15:26+00:00\",\"dateModified\":\"2023-10-25T07:15:27+00:00\",\"breadcrumb\":{\"@id\":\"https:\/\/infoecos.com.ar\/index.php\/pehuajo-pareciera-que-pablo-zurro-se-calmo-y-garaventa-dio-muestras-de-madurez-politica\/#breadcrumb\"},\"inLanguage\":\"es\",\"potentialAction\":[{\"@type\":\"ReadAction\",\"target\":[\"https:\/\/infoecos.com.ar\/index.php\/pehuajo-pareciera-que-pablo-zurro-se-calmo-y-garaventa-dio-muestras-de-madurez-politica\/\"]}]},{\"@type\":\"ImageObject\",\"inLanguage\":\"es\",\"@id\":\"https:\/\/infoecos.com.ar\/index.php\/pehuajo-pareciera-que-pablo-zurro-se-calmo-y-garaventa-dio-muestras-de-madurez-politica\/#primaryimage\",\"url\":\"https:\/\/infoecos.com.ar\/wp-content\/uploads\/2023\/10\/image-173.png\",\"contentUrl\":\"https:\/\/infoecos.com.ar\/wp-content\/uploads\/2023\/10\/image-173.png\",\"width\":1024,\"height\":683},{\"@type\":\"BreadcrumbList\",\"@id\":\"https:\/\/infoecos.com.ar\/index.php\/pehuajo-pareciera-que-pablo-zurro-se-calmo-y-garaventa-dio-muestras-de-madurez-politica\/#breadcrumb\",\"itemListElement\":[{\"@type\":\"ListItem\",\"position\":1,\"name\":\"Portada\",\"item\":\"https:\/\/infoecos.com.ar\/\"},{\"@type\":\"ListItem\",\"position\":2,\"name\":\"Pehuaj\u00f3: pareciera que Pablo Zurro \u00abse calm\u00f3\u00bb y Garaventa dio muestras de madurez pol\u00edtica\"}]},{\"@type\":\"WebSite\",\"@id\":\"https:\/\/infoecos.com.ar\/#website\",\"url\":\"https:\/\/infoecos.com.ar\/\",\"name\":\"Infoecos\",\"description\":\"Noticias de trenque lauquen y la zona\",\"publisher\":{\"@id\":\"https:\/\/infoecos.com.ar\/#organization\"},\"alternateName\":\"Noticias\",\"potentialAction\":[{\"@type\":\"SearchAction\",\"target\":{\"@type\":\"EntryPoint\",\"urlTemplate\":\"https:\/\/infoecos.com.ar\/?s={search_term_string}\"},\"query-input\":{\"@type\":\"PropertyValueSpecification\",\"valueRequired\":true,\"valueName\":\"search_term_string\"}}],\"inLanguage\":\"es\"},{\"@type\":\"Organization\",\"@id\":\"https:\/\/infoecos.com.ar\/#organization\",\"name\":\"Infoecos\",\"alternateName\":\"Noticias\",\"url\":\"https:\/\/infoecos.com.ar\/\",\"logo\":{\"@type\":\"ImageObject\",\"inLanguage\":\"es\",\"@id\":\"https:\/\/infoecos.com.ar\/#\/schema\/logo\/image\/\",\"url\":\"https:\/\/infoecos.com.ar\/wp-content\/uploads\/2024\/03\/cropped-logo.png\",\"contentUrl\":\"https:\/\/infoecos.com.ar\/wp-content\/uploads\/2024\/03\/cropped-logo.png\",\"width\":374,\"height\":90,\"caption\":\"Infoecos\"},\"image\":{\"@id\":\"https:\/\/infoecos.com.ar\/#\/schema\/logo\/image\/\"},\"sameAs\":[\"https:\/\/www.facebook.com\/profile.php?id=100063200290284\",\"https:\/\/x.com\/infoecos\"]},{\"@type\":\"Person\",\"@id\":\"https:\/\/infoecos.com.ar\/#\/schema\/person\/8f5ace5ce73b4b4aac4b7245aee6f191\",\"name\":\"Jorge Matheus\",\"url\":\"https:\/\/infoecos.com.ar\/index.php\/author\/jomatheus\/\"}]}<\/script>\n<!-- \/ Yoast SEO plugin. -->","yoast_head_json":{"title":"Pehuaj\u00f3: pareciera que Pablo Zurro \"se calm\u00f3\" y Garaventa dio muestras de madurez pol\u00edtica - Infoecos","robots":{"index":"index","follow":"follow","max-snippet":"max-snippet:-1","max-image-preview":"max-image-preview:large","max-video-preview":"max-video-preview:-1"},"canonical":"https:\/\/infoecos.com.ar\/index.php\/pehuajo-pareciera-que-pablo-zurro-se-calmo-y-garaventa-dio-muestras-de-madurez-politica\/","og_locale":"es_ES","og_type":"article","og_title":"Pehuaj\u00f3: pareciera que Pablo Zurro \"se calm\u00f3\" y Garaventa dio muestras de madurez pol\u00edtica - Infoecos","og_description":"El mandatario expres\u00f3 que \u201cvamos por un Pehuaj\u00f3 mejor y unido. Vamos por todo\u201d, y cerr\u00f3 tir\u00e1ndose agua con una botella y agregando \u201cagua para Pehuaj\u00f3\u201d, en clara alusi\u00f3n al acueducto desde Mones Caz\u00f3n","og_url":"https:\/\/infoecos.com.ar\/index.php\/pehuajo-pareciera-que-pablo-zurro-se-calmo-y-garaventa-dio-muestras-de-madurez-politica\/","og_site_name":"Infoecos","article_publisher":"https:\/\/www.facebook.com\/profile.php?id=100063200290284","article_published_time":"2023-10-25T07:15:26+00:00","article_modified_time":"2023-10-25T07:15:27+00:00","og_image":[{"width":1024,"height":683,"url":"https:\/\/infoecos.com.ar\/wp-content\/uploads\/2023\/10\/image-173.png","type":"image\/png"}],"author":"Jorge Matheus","twitter_card":"summary_large_image","twitter_creator":"@infoecos","twitter_site":"@infoecos","twitter_misc":{"Escrito por":"Jorge Matheus","Tiempo de lectura":"2 minutos"},"schema":{"@context":"https:\/\/schema.org","@graph":[{"@type":"Article","@id":"https:\/\/infoecos.com.ar\/index.php\/pehuajo-pareciera-que-pablo-zurro-se-calmo-y-garaventa-dio-muestras-de-madurez-politica\/#article","isPartOf":{"@id":"https:\/\/infoecos.com.ar\/index.php\/pehuajo-pareciera-que-pablo-zurro-se-calmo-y-garaventa-dio-muestras-de-madurez-politica\/"},"author":{"name":"Jorge Matheus","@id":"https:\/\/infoecos.com.ar\/#\/schema\/person\/8f5ace5ce73b4b4aac4b7245aee6f191"},"headline":"Pehuaj\u00f3: pareciera que Pablo Zurro \u00abse calm\u00f3\u00bb y Garaventa dio muestras de madurez pol\u00edtica","datePublished":"2023-10-25T07:15:26+00:00","dateModified":"2023-10-25T07:15:27+00:00","mainEntityOfPage":{"@id":"https:\/\/infoecos.com.ar\/index.php\/pehuajo-pareciera-que-pablo-zurro-se-calmo-y-garaventa-dio-muestras-de-madurez-politica\/"},"wordCount":213,"publisher":{"@id":"https:\/\/infoecos.com.ar\/#organization"},"image":{"@id":"https:\/\/infoecos.com.ar\/index.php\/pehuajo-pareciera-que-pablo-zurro-se-calmo-y-garaventa-dio-muestras-de-madurez-politica\/#primaryimage"},"thumbnailUrl":"https:\/\/infoecos.com.ar\/wp-content\/uploads\/2023\/10\/image-173.png","keywords":["LOS EFECTOS DE LA ELECCI\u00d3N"],"articleSection":["C3 N3"],"inLanguage":"es"},{"@type":"WebPage","@id":"https:\/\/infoecos.com.ar\/index.php\/pehuajo-pareciera-que-pablo-zurro-se-calmo-y-garaventa-dio-muestras-de-madurez-politica\/","url":"https:\/\/infoecos.com.ar\/index.php\/pehuajo-pareciera-que-pablo-zurro-se-calmo-y-garaventa-dio-muestras-de-madurez-politica\/","name":"Pehuaj\u00f3: pareciera que Pablo Zurro \"se calm\u00f3\" y Garaventa dio muestras de madurez pol\u00edtica - Infoecos","isPartOf":{"@id":"https:\/\/infoecos.com.ar\/#website"},"primaryImageOfPage":{"@id":"https:\/\/infoecos.com.ar\/index.php\/pehuajo-pareciera-que-pablo-zurro-se-calmo-y-garaventa-dio-muestras-de-madurez-politica\/#primaryimage"},"image":{"@id":"https:\/\/infoecos.com.ar\/index.php\/pehuajo-pareciera-que-pablo-zurro-se-calmo-y-garaventa-dio-muestras-de-madurez-politica\/#primaryimage"},"thumbnailUrl":"https:\/\/infoecos.com.ar\/wp-content\/uploads\/2023\/10\/image-173.png","datePublished":"2023-10-25T07:15:26+00:00","dateModified":"2023-10-25T07:15:27+00:00","breadcrumb":{"@id":"https:\/\/infoecos.com.ar\/index.php\/pehuajo-pareciera-que-pablo-zurro-se-calmo-y-garaventa-dio-muestras-de-madurez-politica\/#breadcrumb"},"inLanguage":"es","potentialAction":[{"@type":"ReadAction","target":["https:\/\/infoecos.com.ar\/index.php\/pehuajo-pareciera-que-pablo-zurro-se-calmo-y-garaventa-dio-muestras-de-madurez-politica\/"]}]},{"@type":"ImageObject","inLanguage":"es","@id":"https:\/\/infoecos.com.ar\/index.php\/pehuajo-pareciera-que-pablo-zurro-se-calmo-y-garaventa-dio-muestras-de-madurez-politica\/#primaryimage","url":"https:\/\/infoecos.com.ar\/wp-content\/uploads\/2023\/10\/image-173.png","contentUrl":"https:\/\/infoecos.com.ar\/wp-content\/uploads\/2023\/10\/image-173.png","width":1024,"height":683},{"@type":"BreadcrumbList","@id":"https:\/\/infoecos.com.ar\/index.php\/pehuajo-pareciera-que-pablo-zurro-se-calmo-y-garaventa-dio-muestras-de-madurez-politica\/#breadcrumb","itemListElement":[{"@type":"ListItem","position":1,"name":"Portada","item":"https:\/\/infoecos.com.ar\/"},{"@type":"ListItem","position":2,"name":"Pehuaj\u00f3: pareciera que Pablo Zurro \u00abse calm\u00f3\u00bb y Garaventa dio muestras de madurez pol\u00edtica"}]},{"@type":"WebSite","@id":"https:\/\/infoecos.com.ar\/#website","url":"https:\/\/infoecos.com.ar\/","name":"Infoecos","description":"Noticias de trenque lauquen y la zona","publisher":{"@id":"https:\/\/infoecos.com.ar\/#organization"},"alternateName":"Noticias","potentialAction":[{"@type":"SearchAction","target":{"@type":"EntryPoint","urlTemplate":"https:\/\/infoecos.com.ar\/?s={search_term_string}"},"query-input":{"@type":"PropertyValueSpecification","valueRequired":true,"valueName":"search_term_string"}}],"inLanguage":"es"},{"@type":"Organization","@id":"https:\/\/infoecos.com.ar\/#organization","name":"Infoecos","alternateName":"Noticias","url":"https:\/\/infoecos.com.ar\/","logo":{"@type":"ImageObject","inLanguage":"es","@id":"https:\/\/infoecos.com.ar\/#\/schema\/logo\/image\/","url":"https:\/\/infoecos.com.ar\/wp-content\/uploads\/2024\/03\/cropped-logo.png","contentUrl":"https:\/\/infoecos.com.ar\/wp-content\/uploads\/2024\/03\/cropped-logo.png","width":374,"height":90,"caption":"Infoecos"},"image":{"@id":"https:\/\/infoecos.com.ar\/#\/schema\/logo\/image\/"},"sameAs":["https:\/\/www.facebook.com\/profile.php?id=100063200290284","https:\/\/x.com\/infoecos"]},{"@type":"Person","@id":"https:\/\/infoecos.com.ar\/#\/schema\/person\/8f5ace5ce73b4b4aac4b7245aee6f191","name":"Jorge Matheus","url":"https:\/\/infoecos.com.ar\/index.php\/author\/jomatheus\/"}]}},"featured_image_urls":{"full":["https:\/\/infoecos.com.ar\/wp-content\/uploads\/2023\/10\/image-173.png",1024,683,false],"thumbnail":["https:\/\/infoecos.com.ar\/wp-content\/uploads\/2023\/10\/image-173-300x150.png",300,150,true],"medium":["https:\/\/infoecos.com.ar\/wp-content\/uploads\/2023\/10\/image-173-800x534.png",800,534,true],"medium_large":["https:\/\/infoecos.com.ar\/wp-content\/uploads\/2023\/10\/image-173-768x512.png",640,427,true],"large":["https:\/\/infoecos.com.ar\/wp-content\/uploads\/2023\/10\/image-173.png",640,427,false],"1536x1536":["https:\/\/infoecos.com.ar\/wp-content\/uploads\/2023\/10\/image-173.png",1024,683,false],"2048x2048":["https:\/\/infoecos.com.ar\/wp-content\/uploads\/2023\/10\/image-173.png",1024,683,false],"covernews-slider-full":["https:\/\/infoecos.com.ar\/wp-content\/uploads\/2023\/10\/image-173.png",1024,683,false],"covernews-slider-center":["https:\/\/infoecos.com.ar\/wp-content\/uploads\/2023\/10\/image-173-936x683.png",685,500,true],"covernews-featured":["https:\/\/infoecos.com.ar\/wp-content\/uploads\/2023\/10\/image-173.png",1024,683,false],"covernews-medium":["https:\/\/infoecos.com.ar\/wp-content\/uploads\/2023\/10\/image-173-720x380.png",540,285,true],"covernews-medium-square":["https:\/\/infoecos.com.ar\/wp-content\/uploads\/2023\/10\/image-173-675x450.png",375,250,true]},"author_info":{"info":["Jorge Matheus"]},"category_info":"<a href=\"https:\/\/infoecos.com.ar\/index.php\/category\/c3nota3\/\" rel=\"category tag\">C3 N3<\/a>","tag_info":"C3 N3","comment_count":"0","_links":{"self":[{"href":"https:\/\/infoecos.com.ar\/index.php\/wp-json\/wp\/v2\/posts\/114590"}],"collection":[{"href":"https:\/\/infoecos.com.ar\/index.php\/wp-json\/wp\/v2\/posts"}],"about":[{"href":"https:\/\/infoecos.com.ar\/index.php\/wp-json\/wp\/v2\/types\/post"}],"author":[{"embeddable":true,"href":"https:\/\/infoecos.com.ar\/index.php\/wp-json\/wp\/v2\/users\/2"}],"replies":[{"embeddable":true,"href":"https:\/\/infoecos.com.ar\/index.php\/wp-json\/wp\/v2\/comments?post=114590"}],"version-history":[{"count":1,"href":"https:\/\/infoecos.com.ar\/index.php\/wp-json\/wp\/v2\/posts\/114590\/revisions"}],"predecessor-version":[{"id":114594,"href":"https:\/\/infoecos.com.ar\/index.php\/wp-json\/wp\/v2\/posts\/114590\/revisions\/114594"}],"wp:featuredmedia":[{"embeddable":true,"href":"https:\/\/infoecos.com.ar\/index.php\/wp-json\/wp\/v2\/media\/114593"}],"wp:attachment":[{"href":"https:\/\/infoecos.com.ar\/index.php\/wp-json\/wp\/v2\/media?parent=114590"}],"wp:term":[{"taxonomy":"category","embeddable":true,"href":"https:\/\/infoecos.com.ar\/index.php\/wp-json\/wp\/v2\/categories?post=114590"},{"taxonomy":"post_tag","embeddable":true,"href":"https:\/\/infoecos.com.ar\/index.php\/wp-json\/wp\/v2\/tags?post=114590"}],"curies":[{"name":"wp","href":"https:\/\/api.w.org\/{rel}","templated":true}]}}